{"id":55839,"date":"2022-07-14T21:17:15","date_gmt":"2022-07-15T00:17:15","guid":{"rendered":"https:\/\/radiolifefm.com.br\/noticias\/?p=55839"},"modified":"2026-04-10T06:57:43","modified_gmt":"2026-04-10T09:57:43","slug":"iama-e-santa-casa-de-misericordia-de-adamantina-estarao-presentes-na-30a-expoverde","status":"publish","type":"post","link":"https:\/\/radiolifefm.com.br\/noticias\/iama-e-santa-casa-de-misericordia-de-adamantina-estarao-presentes-na-30a-expoverde\/","title":{"rendered":"IAMA e Santa Casa de Miseric\u00f3rdia de Adamantina estar\u00e3o presentes na 30\u00aa ExpoVerde"},"content":{"rendered":"<div id=\"fb-root\"><\/div>\n<p>Ap\u00f3s reuni\u00e3o realizada com as entidades com objetivo de saber quais delas teriam interesse em comercializar itens aliment\u00edcios durante a ExpoVerde 2022 que acontece de 31 de agosto a 4 de setembro no Recinto Poliesportivo com entrada franca todos os dias, o Instituto Assist\u00eancia Ao Menor Adamantina Santo Cheraria (IAMA) e a Santa Casa de Miseric\u00f3rdia de Adamantina confirmaram a participa\u00e7\u00e3o.<\/p>\n<p>De acordo com o presidente do IAMA, Dorival Manfrinato, a institui\u00e7\u00e3o servir\u00e1 o espeto\u00a0duplo\u00a0e o costel\u00e3o, al\u00e9m de diversos tipos de bebidas. \u201cVoltar a ter a feira do verde dois anos depois, \u00e9 muito importante, pois as pessoas est\u00e3o ansiosas para participarem de eventos\u201d, assegura.<\/p>\n<p>Para ele, ter o IAMA presente vai auxiliar na arrecada\u00e7\u00e3o de recursos para pagar os sal\u00e1rios dos funcion\u00e1rios. \u201cVamos conseguir a nossa meta com a festa depois de dois anos de preju\u00edzos\u201d, assegura.<\/p>\n<p style=\"font-weight: 400\">Renato Sobral, gerente administrativo da Santa Casa, explica que a entidade comercializar\u00e1 batata recheada, sorvete e bebidas. Na barraca o visitante tamb\u00e9m vai encontrar o pr\u00f3polis e o caf\u00e9 do Frei.<\/p>\n<p>\u201cVamos participar da ExpoVerde 2022 para arrecadar recurso financeiro para auxiliar na manuten\u00e7\u00e3o da entidade, al\u00e9m de se aproximar da comunidade durante do evento\u201d, comenta.<\/p>\n<p>Conforme Sobral, a entidade sempre busca usar esse tipo de recurso na melhoria estrutural da institui\u00e7\u00e3o tendo como foco aumentar a qualidade dos atendimentos prestados aos pacientes de Adamantina e regi\u00e3o.<\/p>\n<p>\u201cA participa\u00e7\u00e3o da comunidade nas a\u00e7\u00f5es desenvolvidas pela Santa Casa \u00e9 fundamental para continuidade dos atendimentos que prestamos. Convidamos todos para nossa barraca que ser\u00e1 instalada na ExpoVerde, que al\u00e9m de experimentar uma excelente Batata, estar\u00e1 contribuindo para a manuten\u00e7\u00e3o da nossa institui\u00e7\u00e3o\u201d, convida.<\/p>\n<p>&nbsp;<\/p>\n<p>Fonte: Assessoria de Imprensa<\/p>\n","protected":false},"excerpt":{"rendered":"<p>Ap\u00f3s reuni\u00e3o realizada com as entidades com objetivo de saber quais delas teriam interesse em comercializar itens aliment\u00edcios durante a ExpoVerde 2022 que acontece de 31 de agosto a 4 de setembro no Recinto Poliesportivo com entrada franca todos os dias, o Instituto Assist\u00eancia Ao Menor Adamantina Santo Cheraria (IAMA) e a Santa Casa de [&hellip;]<\/p>\n","protected":false},"author":13,"featured_media":55840,"comment_status":"closed","ping_status":"open","sticky":false,"template":"","format":"standard","meta":{"_acf_changed":false,"_exactmetrics_skip_tracking":false,"_exactmetrics_sitenote_active":false,"_exactmetrics_sitenote_note":"","_exactmetrics_sitenote_category":0,"footnotes":""},"categories":[21],"tags":[],"class_list":["post-55839","post","type-post","status-publish","format-standard","has-post-thumbnail","hentry","category-adamantina"],"acf":[],"yoast_head":"<!-- This site is optimized with the Yoast SEO plugin v27.2 - https:\/\/yoast.com\/product\/yoast-seo-wordpress\/ -->\n<title>IAMA e Santa Casa de Miseric\u00f3rdia de Adamantina estar\u00e3o presentes na 30\u00aa ExpoVerde - R\u00e1dio Life FM<\/title>\n<meta name=\"robots\" content=\"index, follow, max-snippet:-1, max-image-preview:large, max-video-preview:-1\" \/>\n<link rel=\"canonical\" href=\"https:\/\/radiolifefm.com.br\/noticias\/iama-e-santa-casa-de-misericordia-de-adamantina-estarao-presentes-na-30a-expoverde\/\" \/>\n<meta property=\"og:locale\" content=\"pt_BR\" \/>\n<meta property=\"og:type\" content=\"article\" \/>\n<meta property=\"og:title\" content=\"IAMA e Santa Casa de Miseric\u00f3rdia de Adamantina estar\u00e3o presentes na 30\u00aa ExpoVerde - R\u00e1dio Life FM\" \/>\n<meta property=\"og:description\" content=\"Ap\u00f3s reuni\u00e3o realizada com as entidades com objetivo de saber quais delas teriam interesse em comercializar itens aliment\u00edcios durante a ExpoVerde 2022 que acontece de 31 de agosto a 4 de setembro no Recinto Poliesportivo com entrada franca todos os dias, o Instituto Assist\u00eancia Ao Menor Adamantina Santo Cheraria (IAMA) e a Santa Casa de [&hellip;]\" \/>\n<meta property=\"og:url\" content=\"https:\/\/radiolifefm.com.br\/noticias\/iama-e-santa-casa-de-misericordia-de-adamantina-estarao-presentes-na-30a-expoverde\/\" \/>\n<meta property=\"og:site_name\" content=\"R\u00e1dio Life FM\" \/>\n<meta property=\"article:publisher\" content=\"https:\/\/www.facebook.com\/radiolifefm\/\" \/>\n<meta property=\"article:published_time\" content=\"2022-07-15T00:17:15+00:00\" \/>\n<meta property=\"article:modified_time\" content=\"2026-04-10T09:57:43+00:00\" \/>\n<meta property=\"og:image\" content=\"https:\/\/radiolifefm.com.br\/noticias\/wp-content\/uploads\/2022\/07\/e138be9c5511db5fc459acf471dede15.jpg\" \/>\n\t<meta property=\"og:image:width\" content=\"848\" \/>\n\t<meta property=\"og:image:height\" content=\"312\" \/>\n\t<meta property=\"og:image:type\" content=\"image\/jpeg\" \/>\n<meta name=\"author\" content=\"ritanery\" \/>\n<meta name=\"twitter:card\" content=\"summary_large_image\" \/>\n<meta name=\"twitter:label1\" content=\"Escrito por\" \/>\n\t<meta name=\"twitter:data1\" content=\"ritanery\" \/>\n\t<meta name=\"twitter:label2\" content=\"Est. tempo de leitura\" \/>\n\t<meta name=\"twitter:data2\" content=\"2 minutos\" \/>\n<script type=\"application\/ld+json\" class=\"yoast-schema-graph\">{\"@context\":\"https:\/\/schema.org\",\"@graph\":[{\"@type\":\"Article\",\"@id\":\"https:\/\/radiolifefm.com.br\/noticias\/iama-e-santa-casa-de-misericordia-de-adamantina-estarao-presentes-na-30a-expoverde\/#article\",\"isPartOf\":{\"@id\":\"https:\/\/radiolifefm.com.br\/noticias\/iama-e-santa-casa-de-misericordia-de-adamantina-estarao-presentes-na-30a-expoverde\/\"},\"author\":{\"name\":\"ritanery\",\"@id\":\"https:\/\/radiolifefm.com.br\/noticias\/#\/schema\/person\/6339b9fac59d12b071dec680d7375d87\"},\"headline\":\"IAMA e Santa Casa de Miseric\u00f3rdia de Adamantina estar\u00e3o presentes na 30\u00aa ExpoVerde\",\"datePublished\":\"2022-07-15T00:17:15+00:00\",\"dateModified\":\"2026-04-10T09:57:43+00:00\",\"mainEntityOfPage\":{\"@id\":\"https:\/\/radiolifefm.com.br\/noticias\/iama-e-santa-casa-de-misericordia-de-adamantina-estarao-presentes-na-30a-expoverde\/\"},\"wordCount\":310,\"publisher\":{\"@id\":\"https:\/\/radiolifefm.com.br\/noticias\/#organization\"},\"image\":{\"@id\":\"https:\/\/radiolifefm.com.br\/noticias\/iama-e-santa-casa-de-misericordia-de-adamantina-estarao-presentes-na-30a-expoverde\/#primaryimage\"},\"thumbnailUrl\":\"https:\/\/radiolifefm.com.br\/noticias\/wp-content\/uploads\/2022\/07\/e138be9c5511db5fc459acf471dede15.jpg\",\"articleSection\":[\"Adamantina\"],\"inLanguage\":\"pt-BR\"},{\"@type\":\"WebPage\",\"@id\":\"https:\/\/radiolifefm.com.br\/noticias\/iama-e-santa-casa-de-misericordia-de-adamantina-estarao-presentes-na-30a-expoverde\/\",\"url\":\"https:\/\/radiolifefm.com.br\/noticias\/iama-e-santa-casa-de-misericordia-de-adamantina-estarao-presentes-na-30a-expoverde\/\",\"name\":\"IAMA e Santa Casa de Miseric\u00f3rdia de Adamantina estar\u00e3o presentes na 30\u00aa ExpoVerde - R\u00e1dio Life FM\",\"isPartOf\":{\"@id\":\"https:\/\/radiolifefm.com.br\/noticias\/#website\"},\"primaryImageOfPage\":{\"@id\":\"https:\/\/radiolifefm.com.br\/noticias\/iama-e-santa-casa-de-misericordia-de-adamantina-estarao-presentes-na-30a-expoverde\/#primaryimage\"},\"image\":{\"@id\":\"https:\/\/radiolifefm.com.br\/noticias\/iama-e-santa-casa-de-misericordia-de-adamantina-estarao-presentes-na-30a-expoverde\/#primaryimage\"},\"thumbnailUrl\":\"https:\/\/radiolifefm.com.br\/noticias\/wp-content\/uploads\/2022\/07\/e138be9c5511db5fc459acf471dede15.jpg\",\"datePublished\":\"2022-07-15T00:17:15+00:00\",\"dateModified\":\"2026-04-10T09:57:43+00:00\",\"breadcrumb\":{\"@id\":\"https:\/\/radiolifefm.com.br\/noticias\/iama-e-santa-casa-de-misericordia-de-adamantina-estarao-presentes-na-30a-expoverde\/#breadcrumb\"},\"inLanguage\":\"pt-BR\",\"potentialAction\":[{\"@type\":\"ReadAction\",\"target\":[\"https:\/\/radiolifefm.com.br\/noticias\/iama-e-santa-casa-de-misericordia-de-adamantina-estarao-presentes-na-30a-expoverde\/\"]}]},{\"@type\":\"ImageObject\",\"inLanguage\":\"pt-BR\",\"@id\":\"https:\/\/radiolifefm.com.br\/noticias\/iama-e-santa-casa-de-misericordia-de-adamantina-estarao-presentes-na-30a-expoverde\/#primaryimage\",\"url\":\"https:\/\/radiolifefm.com.br\/noticias\/wp-content\/uploads\/2022\/07\/e138be9c5511db5fc459acf471dede15.jpg\",\"contentUrl\":\"https:\/\/radiolifefm.com.br\/noticias\/wp-content\/uploads\/2022\/07\/e138be9c5511db5fc459acf471dede15.jpg\",\"width\":848,\"height\":312,\"caption\":\"Os expositores trar\u00e3o esp\u00e9cies de pequeno, m\u00e9dio e grande porte\"},{\"@type\":\"BreadcrumbList\",\"@id\":\"https:\/\/radiolifefm.com.br\/noticias\/iama-e-santa-casa-de-misericordia-de-adamantina-estarao-presentes-na-30a-expoverde\/#breadcrumb\",\"itemListElement\":[{\"@type\":\"ListItem\",\"position\":1,\"name\":\"In\u00edcio\",\"item\":\"https:\/\/radiolifefm.com.br\/noticias\/\"},{\"@type\":\"ListItem\",\"position\":2,\"name\":\"IAMA e Santa Casa de Miseric\u00f3rdia de Adamantina estar\u00e3o presentes na 30\u00aa ExpoVerde\"}]},{\"@type\":\"WebSite\",\"@id\":\"https:\/\/radiolifefm.com.br\/noticias\/#website\",\"url\":\"https:\/\/radiolifefm.com.br\/noticias\/\",\"name\":\"R\u00e1dio Life FM\",\"description\":\"O Portal de Not\u00edcias de Adamantina\",\"publisher\":{\"@id\":\"https:\/\/radiolifefm.com.br\/noticias\/#organization\"},\"alternateName\":\"Life FM\",\"potentialAction\":[{\"@type\":\"SearchAction\",\"target\":{\"@type\":\"EntryPoint\",\"urlTemplate\":\"https:\/\/radiolifefm.com.br\/noticias\/?s={search_term_string}\"},\"query-input\":{\"@type\":\"PropertyValueSpecification\",\"valueRequired\":true,\"valueName\":\"search_term_string\"}}],\"inLanguage\":\"pt-BR\"},{\"@type\":\"Organization\",\"@id\":\"https:\/\/radiolifefm.com.br\/noticias\/#organization\",\"name\":\"R\u00e1dio Life FM\",\"alternateName\":\"Life FM\",\"url\":\"https:\/\/radiolifefm.com.br\/noticias\/\",\"logo\":{\"@type\":\"ImageObject\",\"inLanguage\":\"pt-BR\",\"@id\":\"https:\/\/radiolifefm.com.br\/noticias\/#\/schema\/logo\/image\/\",\"url\":\"https:\/\/static.radiolifefm.com.br\/noticias\/wp-content\/uploads\/2019\/10\/logo-lifefm.png\",\"contentUrl\":\"https:\/\/static.radiolifefm.com.br\/noticias\/wp-content\/uploads\/2019\/10\/logo-lifefm.png\",\"width\":196,\"height\":47,\"caption\":\"R\u00e1dio Life FM\"},\"image\":{\"@id\":\"https:\/\/radiolifefm.com.br\/noticias\/#\/schema\/logo\/image\/\"},\"sameAs\":[\"https:\/\/www.facebook.com\/radiolifefm\/\",\"https:\/\/www.instagram.com\/life1079fm\/\"]},{\"@type\":\"Person\",\"@id\":\"https:\/\/radiolifefm.com.br\/noticias\/#\/schema\/person\/6339b9fac59d12b071dec680d7375d87\",\"name\":\"ritanery\",\"image\":{\"@type\":\"ImageObject\",\"inLanguage\":\"pt-BR\",\"@id\":\"https:\/\/secure.gravatar.com\/avatar\/0e37bb19071f47c0b8a23f62a903df117c5a0e75f65a0c2901562f97cd41cf86?s=96&d=mm&r=g\",\"url\":\"https:\/\/secure.gravatar.com\/avatar\/0e37bb19071f47c0b8a23f62a903df117c5a0e75f65a0c2901562f97cd41cf86?s=96&d=mm&r=g\",\"contentUrl\":\"https:\/\/secure.gravatar.com\/avatar\/0e37bb19071f47c0b8a23f62a903df117c5a0e75f65a0c2901562f97cd41cf86?s=96&d=mm&r=g\",\"caption\":\"ritanery\"}}]}<\/script>\n<!-- \/ Yoast SEO plugin. -->","yoast_head_json":{"title":"IAMA e Santa Casa de Miseric\u00f3rdia de Adamantina estar\u00e3o presentes na 30\u00aa ExpoVerde - R\u00e1dio Life FM","robots":{"index":"index","follow":"follow","max-snippet":"max-snippet:-1","max-image-preview":"max-image-preview:large","max-video-preview":"max-video-preview:-1"},"canonical":"https:\/\/radiolifefm.com.br\/noticias\/iama-e-santa-casa-de-misericordia-de-adamantina-estarao-presentes-na-30a-expoverde\/","og_locale":"pt_BR","og_type":"article","og_title":"IAMA e Santa Casa de Miseric\u00f3rdia de Adamantina estar\u00e3o presentes na 30\u00aa ExpoVerde - R\u00e1dio Life FM","og_description":"Ap\u00f3s reuni\u00e3o realizada com as entidades com objetivo de saber quais delas teriam interesse em comercializar itens aliment\u00edcios durante a ExpoVerde 2022 que acontece de 31 de agosto a 4 de setembro no Recinto Poliesportivo com entrada franca todos os dias, o Instituto Assist\u00eancia Ao Menor Adamantina Santo Cheraria (IAMA) e a Santa Casa de [&hellip;]","og_url":"https:\/\/radiolifefm.com.br\/noticias\/iama-e-santa-casa-de-misericordia-de-adamantina-estarao-presentes-na-30a-expoverde\/","og_site_name":"R\u00e1dio Life FM","article_publisher":"https:\/\/www.facebook.com\/radiolifefm\/","article_published_time":"2022-07-15T00:17:15+00:00","article_modified_time":"2026-04-10T09:57:43+00:00","og_image":[{"width":848,"height":312,"url":"https:\/\/radiolifefm.com.br\/noticias\/wp-content\/uploads\/2022\/07\/e138be9c5511db5fc459acf471dede15.jpg","type":"image\/jpeg"}],"author":"ritanery","twitter_card":"summary_large_image","twitter_misc":{"Escrito por":"ritanery","Est. tempo de leitura":"2 minutos"},"schema":{"@context":"https:\/\/schema.org","@graph":[{"@type":"Article","@id":"https:\/\/radiolifefm.com.br\/noticias\/iama-e-santa-casa-de-misericordia-de-adamantina-estarao-presentes-na-30a-expoverde\/#article","isPartOf":{"@id":"https:\/\/radiolifefm.com.br\/noticias\/iama-e-santa-casa-de-misericordia-de-adamantina-estarao-presentes-na-30a-expoverde\/"},"author":{"name":"ritanery","@id":"https:\/\/radiolifefm.com.br\/noticias\/#\/schema\/person\/6339b9fac59d12b071dec680d7375d87"},"headline":"IAMA e Santa Casa de Miseric\u00f3rdia de Adamantina estar\u00e3o presentes na 30\u00aa ExpoVerde","datePublished":"2022-07-15T00:17:15+00:00","dateModified":"2026-04-10T09:57:43+00:00","mainEntityOfPage":{"@id":"https:\/\/radiolifefm.com.br\/noticias\/iama-e-santa-casa-de-misericordia-de-adamantina-estarao-presentes-na-30a-expoverde\/"},"wordCount":310,"publisher":{"@id":"https:\/\/radiolifefm.com.br\/noticias\/#organization"},"image":{"@id":"https:\/\/radiolifefm.com.br\/noticias\/iama-e-santa-casa-de-misericordia-de-adamantina-estarao-presentes-na-30a-expoverde\/#primaryimage"},"thumbnailUrl":"https:\/\/radiolifefm.com.br\/noticias\/wp-content\/uploads\/2022\/07\/e138be9c5511db5fc459acf471dede15.jpg","articleSection":["Adamantina"],"inLanguage":"pt-BR"},{"@type":"WebPage","@id":"https:\/\/radiolifefm.com.br\/noticias\/iama-e-santa-casa-de-misericordia-de-adamantina-estarao-presentes-na-30a-expoverde\/","url":"https:\/\/radiolifefm.com.br\/noticias\/iama-e-santa-casa-de-misericordia-de-adamantina-estarao-presentes-na-30a-expoverde\/","name":"IAMA e Santa Casa de Miseric\u00f3rdia de Adamantina estar\u00e3o presentes na 30\u00aa ExpoVerde - R\u00e1dio Life FM","isPartOf":{"@id":"https:\/\/radiolifefm.com.br\/noticias\/#website"},"primaryImageOfPage":{"@id":"https:\/\/radiolifefm.com.br\/noticias\/iama-e-santa-casa-de-misericordia-de-adamantina-estarao-presentes-na-30a-expoverde\/#primaryimage"},"image":{"@id":"https:\/\/radiolifefm.com.br\/noticias\/iama-e-santa-casa-de-misericordia-de-adamantina-estarao-presentes-na-30a-expoverde\/#primaryimage"},"thumbnailUrl":"https:\/\/radiolifefm.com.br\/noticias\/wp-content\/uploads\/2022\/07\/e138be9c5511db5fc459acf471dede15.jpg","datePublished":"2022-07-15T00:17:15+00:00","dateModified":"2026-04-10T09:57:43+00:00","breadcrumb":{"@id":"https:\/\/radiolifefm.com.br\/noticias\/iama-e-santa-casa-de-misericordia-de-adamantina-estarao-presentes-na-30a-expoverde\/#breadcrumb"},"inLanguage":"pt-BR","potentialAction":[{"@type":"ReadAction","target":["https:\/\/radiolifefm.com.br\/noticias\/iama-e-santa-casa-de-misericordia-de-adamantina-estarao-presentes-na-30a-expoverde\/"]}]},{"@type":"ImageObject","inLanguage":"pt-BR","@id":"https:\/\/radiolifefm.com.br\/noticias\/iama-e-santa-casa-de-misericordia-de-adamantina-estarao-presentes-na-30a-expoverde\/#primaryimage","url":"https:\/\/radiolifefm.com.br\/noticias\/wp-content\/uploads\/2022\/07\/e138be9c5511db5fc459acf471dede15.jpg","contentUrl":"https:\/\/radiolifefm.com.br\/noticias\/wp-content\/uploads\/2022\/07\/e138be9c5511db5fc459acf471dede15.jpg","width":848,"height":312,"caption":"Os expositores trar\u00e3o esp\u00e9cies de pequeno, m\u00e9dio e grande porte"},{"@type":"BreadcrumbList","@id":"https:\/\/radiolifefm.com.br\/noticias\/iama-e-santa-casa-de-misericordia-de-adamantina-estarao-presentes-na-30a-expoverde\/#breadcrumb","itemListElement":[{"@type":"ListItem","position":1,"name":"In\u00edcio","item":"https:\/\/radiolifefm.com.br\/noticias\/"},{"@type":"ListItem","position":2,"name":"IAMA e Santa Casa de Miseric\u00f3rdia de Adamantina estar\u00e3o presentes na 30\u00aa ExpoVerde"}]},{"@type":"WebSite","@id":"https:\/\/radiolifefm.com.br\/noticias\/#website","url":"https:\/\/radiolifefm.com.br\/noticias\/","name":"R\u00e1dio Life FM","description":"O Portal de Not\u00edcias de Adamantina","publisher":{"@id":"https:\/\/radiolifefm.com.br\/noticias\/#organization"},"alternateName":"Life FM","potentialAction":[{"@type":"SearchAction","target":{"@type":"EntryPoint","urlTemplate":"https:\/\/radiolifefm.com.br\/noticias\/?s={search_term_string}"},"query-input":{"@type":"PropertyValueSpecification","valueRequired":true,"valueName":"search_term_string"}}],"inLanguage":"pt-BR"},{"@type":"Organization","@id":"https:\/\/radiolifefm.com.br\/noticias\/#organization","name":"R\u00e1dio Life FM","alternateName":"Life FM","url":"https:\/\/radiolifefm.com.br\/noticias\/","logo":{"@type":"ImageObject","inLanguage":"pt-BR","@id":"https:\/\/radiolifefm.com.br\/noticias\/#\/schema\/logo\/image\/","url":"https:\/\/static.radiolifefm.com.br\/noticias\/wp-content\/uploads\/2019\/10\/logo-lifefm.png","contentUrl":"https:\/\/static.radiolifefm.com.br\/noticias\/wp-content\/uploads\/2019\/10\/logo-lifefm.png","width":196,"height":47,"caption":"R\u00e1dio Life FM"},"image":{"@id":"https:\/\/radiolifefm.com.br\/noticias\/#\/schema\/logo\/image\/"},"sameAs":["https:\/\/www.facebook.com\/radiolifefm\/","https:\/\/www.instagram.com\/life1079fm\/"]},{"@type":"Person","@id":"https:\/\/radiolifefm.com.br\/noticias\/#\/schema\/person\/6339b9fac59d12b071dec680d7375d87","name":"ritanery","image":{"@type":"ImageObject","inLanguage":"pt-BR","@id":"https:\/\/secure.gravatar.com\/avatar\/0e37bb19071f47c0b8a23f62a903df117c5a0e75f65a0c2901562f97cd41cf86?s=96&d=mm&r=g","url":"https:\/\/secure.gravatar.com\/avatar\/0e37bb19071f47c0b8a23f62a903df117c5a0e75f65a0c2901562f97cd41cf86?s=96&d=mm&r=g","contentUrl":"https:\/\/secure.gravatar.com\/avatar\/0e37bb19071f47c0b8a23f62a903df117c5a0e75f65a0c2901562f97cd41cf86?s=96&d=mm&r=g","caption":"ritanery"}}]}},"amp_enabled":true,"_links":{"self":[{"href":"https:\/\/radiolifefm.com.br\/noticias\/wp-json\/wp\/v2\/posts\/55839","targetHints":{"allow":["GET"]}}],"collection":[{"href":"https:\/\/radiolifefm.com.br\/noticias\/wp-json\/wp\/v2\/posts"}],"about":[{"href":"https:\/\/radiolifefm.com.br\/noticias\/wp-json\/wp\/v2\/types\/post"}],"author":[{"embeddable":true,"href":"https:\/\/radiolifefm.com.br\/noticias\/wp-json\/wp\/v2\/users\/13"}],"replies":[{"embeddable":true,"href":"https:\/\/radiolifefm.com.br\/noticias\/wp-json\/wp\/v2\/comments?post=55839"}],"version-history":[{"count":4,"href":"https:\/\/radiolifefm.com.br\/noticias\/wp-json\/wp\/v2\/posts\/55839\/revisions"}],"predecessor-version":[{"id":55844,"href":"https:\/\/radiolifefm.com.br\/noticias\/wp-json\/wp\/v2\/posts\/55839\/revisions\/55844"}],"wp:featuredmedia":[{"embeddable":true,"href":"https:\/\/radiolifefm.com.br\/noticias\/wp-json\/wp\/v2\/media\/55840"}],"wp:attachment":[{"href":"https:\/\/radiolifefm.com.br\/noticias\/wp-json\/wp\/v2\/media?parent=55839"}],"wp:term":[{"taxonomy":"category","embeddable":true,"href":"https:\/\/radiolifefm.com.br\/noticias\/wp-json\/wp\/v2\/categories?post=55839"},{"taxonomy":"post_tag","embeddable":true,"href":"https:\/\/radiolifefm.com.br\/noticias\/wp-json\/wp\/v2\/tags?post=55839"}],"curies":[{"name":"wp","href":"https:\/\/api.w.org\/{rel}","templated":true}]}}