{"id":55833,"date":"2022-07-14T21:15:06","date_gmt":"2022-07-15T00:15:06","guid":{"rendered":"https:\/\/radiolifefm.com.br\/noticias\/?p=55833"},"modified":"2026-04-03T01:39:24","modified_gmt":"2026-04-03T04:39:24","slug":"feira-camaleao-acontece-sabado16-no-parque-caldeira","status":"publish","type":"post","link":"https:\/\/radiolifefm.com.br\/noticias\/feira-camaleao-acontece-sabado16-no-parque-caldeira\/","title":{"rendered":"Feira Camale\u00e3o acontece s\u00e1bado(16) no Parque Caldeira"},"content":{"rendered":"<div id=\"fb-root\"><\/div>\n<p>S\u00e1bado, 16 de julho, a partir das 15h ser\u00e1 realizada a 9\u00aa edi\u00e7\u00e3o da Feira Camale\u00e3o no Parque Caldeira. O Coletivo Camale\u00e3o realiza a a\u00e7\u00e3o que conta com o apoio da Prefeitura de Adamantina, por meio da Secretaria de Cultura e Turismo e integra a Agenda Cultural do m\u00eas de julho.<\/p>\n<p>Ao todo, 42 expositores divididos em 8 setores:\u00a0Food Trucks, Moda, Gastronomia, Artesanato, Decora\u00e7\u00e3o e Utilidades, Bem Estar, Kids, Acess\u00f3rios estar\u00e3o presentes no evento.<\/p>\n<p style=\"font-weight: 400\">Al\u00e9m da exposi\u00e7\u00e3o, haver\u00e1 ainda quatro atra\u00e7\u00f5es municipais e mais duas apresenta\u00e7\u00f5es: Dan\u00e7as Urbanas e Capoeira Estrela da Barra.<\/p>\n<p><strong>Atra\u00e7\u00f5es da Agenda Cultural do M\u00eas de Julho<\/strong><\/p>\n<p>A Agenda Cultural do m\u00eas de julho ainda traz a realiza\u00e7\u00e3o do Meu Bairro em A\u00e7\u00e3o no Centro Comunit\u00e1rio do Conjunto M\u00e1rio Covas no dia 30 de julho a partir das 9h.<\/p>\n<p>Desta vez, a iniciativa contempla o setor verde que conta com os bairros M\u00e1rio Covas, Parque Itapu\u00e3, Jardim Alamandas, Jardim das Ac\u00e1cias, Residencial San Miguel, Parque dos P\u00e1ssaros, Residencial Barcelona, Residencial Calif\u00f3rnia, Eldorado I e II, Monte Alegre, Portugal I e II, Vila Joaquina e Residencial Juliano.<\/p>\n<p>Ainda no dia 30, o Anfiteatro Fernando Paloni recebe a Mostra de Teatro: Cenas Curtas \u2013 CIA. Multiverso Teatral de Adamantina a partir das 19h. Encerrando o m\u00eas de julho.\u00a0No domingo (31), ocorre o Projeto Feira Livre de M\u00fasica Sertaneja, a partir das 9h30 na Esta\u00e7\u00e3o Recreio.<\/p>\n<p>Para agosto, a Agenda Cultural j\u00e1 conta com a realiza\u00e7\u00e3o da Virada Cultural no dia 13 e o Circuito Sesc de Artes, no dia 21.<\/p>\n<p>&nbsp;<\/p>\n<p>Fonte: Assessoria de Imprensa<\/p>\n","protected":false},"excerpt":{"rendered":"<p>S\u00e1bado, 16 de julho, a partir das 15h ser\u00e1 realizada a 9\u00aa edi\u00e7\u00e3o da Feira Camale\u00e3o no Parque Caldeira. O Coletivo Camale\u00e3o realiza a a\u00e7\u00e3o que conta com o apoio da Prefeitura de Adamantina, por meio da Secretaria de Cultura e Turismo e integra a Agenda Cultural do m\u00eas de julho. Ao todo, 42 expositores [&hellip;]<\/p>\n","protected":false},"author":13,"featured_media":55834,"comment_status":"closed","ping_status":"open","sticky":false,"template":"","format":"standard","meta":{"_acf_changed":false,"_exactmetrics_skip_tracking":false,"_exactmetrics_sitenote_active":false,"_exactmetrics_sitenote_note":"","_exactmetrics_sitenote_category":0,"footnotes":""},"categories":[21],"tags":[],"class_list":["post-55833","post","type-post","status-publish","format-standard","has-post-thumbnail","hentry","category-adamantina"],"acf":[],"yoast_head":"<!-- This site is optimized with the Yoast SEO plugin v27.2 - https:\/\/yoast.com\/product\/yoast-seo-wordpress\/ -->\n<title>Feira Camale\u00e3o acontece s\u00e1bado(16) no Parque Caldeira - R\u00e1dio Life FM<\/title>\n<meta name=\"robots\" content=\"index, follow, max-snippet:-1, max-image-preview:large, max-video-preview:-1\" \/>\n<link rel=\"canonical\" href=\"https:\/\/radiolifefm.com.br\/noticias\/feira-camaleao-acontece-sabado16-no-parque-caldeira\/\" \/>\n<meta property=\"og:locale\" content=\"pt_BR\" \/>\n<meta property=\"og:type\" content=\"article\" \/>\n<meta property=\"og:title\" content=\"Feira Camale\u00e3o acontece s\u00e1bado(16) no Parque Caldeira - R\u00e1dio Life FM\" \/>\n<meta property=\"og:description\" content=\"S\u00e1bado, 16 de julho, a partir das 15h ser\u00e1 realizada a 9\u00aa edi\u00e7\u00e3o da Feira Camale\u00e3o no Parque Caldeira. O Coletivo Camale\u00e3o realiza a a\u00e7\u00e3o que conta com o apoio da Prefeitura de Adamantina, por meio da Secretaria de Cultura e Turismo e integra a Agenda Cultural do m\u00eas de julho. Ao todo, 42 expositores [&hellip;]\" \/>\n<meta property=\"og:url\" content=\"https:\/\/radiolifefm.com.br\/noticias\/feira-camaleao-acontece-sabado16-no-parque-caldeira\/\" \/>\n<meta property=\"og:site_name\" content=\"R\u00e1dio Life FM\" \/>\n<meta property=\"article:publisher\" content=\"https:\/\/www.facebook.com\/radiolifefm\/\" \/>\n<meta property=\"article:published_time\" content=\"2022-07-15T00:15:06+00:00\" \/>\n<meta property=\"article:modified_time\" content=\"2026-04-03T04:39:24+00:00\" \/>\n<meta property=\"og:image\" content=\"https:\/\/radiolifefm.com.br\/noticias\/wp-content\/uploads\/2022\/07\/5506e6f1c36d4a7a5003710459af3112.jpg\" \/>\n\t<meta property=\"og:image:width\" content=\"848\" \/>\n\t<meta property=\"og:image:height\" content=\"443\" \/>\n\t<meta property=\"og:image:type\" content=\"image\/jpeg\" \/>\n<meta name=\"author\" content=\"ritanery\" \/>\n<meta name=\"twitter:card\" content=\"summary_large_image\" \/>\n<meta name=\"twitter:label1\" content=\"Escrito por\" \/>\n\t<meta name=\"twitter:data1\" content=\"ritanery\" \/>\n\t<meta name=\"twitter:label2\" content=\"Est. tempo de leitura\" \/>\n\t<meta name=\"twitter:data2\" content=\"2 minutos\" \/>\n<script type=\"application\/ld+json\" class=\"yoast-schema-graph\">{\"@context\":\"https:\/\/schema.org\",\"@graph\":[{\"@type\":\"Article\",\"@id\":\"https:\/\/radiolifefm.com.br\/noticias\/feira-camaleao-acontece-sabado16-no-parque-caldeira\/#article\",\"isPartOf\":{\"@id\":\"https:\/\/radiolifefm.com.br\/noticias\/feira-camaleao-acontece-sabado16-no-parque-caldeira\/\"},\"author\":{\"name\":\"ritanery\",\"@id\":\"https:\/\/radiolifefm.com.br\/noticias\/#\/schema\/person\/6339b9fac59d12b071dec680d7375d87\"},\"headline\":\"Feira Camale\u00e3o acontece s\u00e1bado(16) no Parque Caldeira\",\"datePublished\":\"2022-07-15T00:15:06+00:00\",\"dateModified\":\"2026-04-03T04:39:24+00:00\",\"mainEntityOfPage\":{\"@id\":\"https:\/\/radiolifefm.com.br\/noticias\/feira-camaleao-acontece-sabado16-no-parque-caldeira\/\"},\"wordCount\":287,\"publisher\":{\"@id\":\"https:\/\/radiolifefm.com.br\/noticias\/#organization\"},\"image\":{\"@id\":\"https:\/\/radiolifefm.com.br\/noticias\/feira-camaleao-acontece-sabado16-no-parque-caldeira\/#primaryimage\"},\"thumbnailUrl\":\"https:\/\/radiolifefm.com.br\/noticias\/wp-content\/uploads\/2022\/07\/5506e6f1c36d4a7a5003710459af3112.jpg\",\"articleSection\":[\"Adamantina\"],\"inLanguage\":\"pt-BR\"},{\"@type\":\"WebPage\",\"@id\":\"https:\/\/radiolifefm.com.br\/noticias\/feira-camaleao-acontece-sabado16-no-parque-caldeira\/\",\"url\":\"https:\/\/radiolifefm.com.br\/noticias\/feira-camaleao-acontece-sabado16-no-parque-caldeira\/\",\"name\":\"Feira Camale\u00e3o acontece s\u00e1bado(16) no Parque Caldeira - R\u00e1dio Life FM\",\"isPartOf\":{\"@id\":\"https:\/\/radiolifefm.com.br\/noticias\/#website\"},\"primaryImageOfPage\":{\"@id\":\"https:\/\/radiolifefm.com.br\/noticias\/feira-camaleao-acontece-sabado16-no-parque-caldeira\/#primaryimage\"},\"image\":{\"@id\":\"https:\/\/radiolifefm.com.br\/noticias\/feira-camaleao-acontece-sabado16-no-parque-caldeira\/#primaryimage\"},\"thumbnailUrl\":\"https:\/\/radiolifefm.com.br\/noticias\/wp-content\/uploads\/2022\/07\/5506e6f1c36d4a7a5003710459af3112.jpg\",\"datePublished\":\"2022-07-15T00:15:06+00:00\",\"dateModified\":\"2026-04-03T04:39:24+00:00\",\"breadcrumb\":{\"@id\":\"https:\/\/radiolifefm.com.br\/noticias\/feira-camaleao-acontece-sabado16-no-parque-caldeira\/#breadcrumb\"},\"inLanguage\":\"pt-BR\",\"potentialAction\":[{\"@type\":\"ReadAction\",\"target\":[\"https:\/\/radiolifefm.com.br\/noticias\/feira-camaleao-acontece-sabado16-no-parque-caldeira\/\"]}]},{\"@type\":\"ImageObject\",\"inLanguage\":\"pt-BR\",\"@id\":\"https:\/\/radiolifefm.com.br\/noticias\/feira-camaleao-acontece-sabado16-no-parque-caldeira\/#primaryimage\",\"url\":\"https:\/\/radiolifefm.com.br\/noticias\/wp-content\/uploads\/2022\/07\/5506e6f1c36d4a7a5003710459af3112.jpg\",\"contentUrl\":\"https:\/\/radiolifefm.com.br\/noticias\/wp-content\/uploads\/2022\/07\/5506e6f1c36d4a7a5003710459af3112.jpg\",\"width\":848,\"height\":443},{\"@type\":\"BreadcrumbList\",\"@id\":\"https:\/\/radiolifefm.com.br\/noticias\/feira-camaleao-acontece-sabado16-no-parque-caldeira\/#breadcrumb\",\"itemListElement\":[{\"@type\":\"ListItem\",\"position\":1,\"name\":\"In\u00edcio\",\"item\":\"https:\/\/radiolifefm.com.br\/noticias\/\"},{\"@type\":\"ListItem\",\"position\":2,\"name\":\"Feira Camale\u00e3o acontece s\u00e1bado(16) no Parque Caldeira\"}]},{\"@type\":\"WebSite\",\"@id\":\"https:\/\/radiolifefm.com.br\/noticias\/#website\",\"url\":\"https:\/\/radiolifefm.com.br\/noticias\/\",\"name\":\"R\u00e1dio Life FM\",\"description\":\"O Portal de Not\u00edcias de Adamantina\",\"publisher\":{\"@id\":\"https:\/\/radiolifefm.com.br\/noticias\/#organization\"},\"alternateName\":\"Life FM\",\"potentialAction\":[{\"@type\":\"SearchAction\",\"target\":{\"@type\":\"EntryPoint\",\"urlTemplate\":\"https:\/\/radiolifefm.com.br\/noticias\/?s={search_term_string}\"},\"query-input\":{\"@type\":\"PropertyValueSpecification\",\"valueRequired\":true,\"valueName\":\"search_term_string\"}}],\"inLanguage\":\"pt-BR\"},{\"@type\":\"Organization\",\"@id\":\"https:\/\/radiolifefm.com.br\/noticias\/#organization\",\"name\":\"R\u00e1dio Life FM\",\"alternateName\":\"Life FM\",\"url\":\"https:\/\/radiolifefm.com.br\/noticias\/\",\"logo\":{\"@type\":\"ImageObject\",\"inLanguage\":\"pt-BR\",\"@id\":\"https:\/\/radiolifefm.com.br\/noticias\/#\/schema\/logo\/image\/\",\"url\":\"https:\/\/static.radiolifefm.com.br\/noticias\/wp-content\/uploads\/2019\/10\/logo-lifefm.png\",\"contentUrl\":\"https:\/\/static.radiolifefm.com.br\/noticias\/wp-content\/uploads\/2019\/10\/logo-lifefm.png\",\"width\":196,\"height\":47,\"caption\":\"R\u00e1dio Life FM\"},\"image\":{\"@id\":\"https:\/\/radiolifefm.com.br\/noticias\/#\/schema\/logo\/image\/\"},\"sameAs\":[\"https:\/\/www.facebook.com\/radiolifefm\/\",\"https:\/\/www.instagram.com\/life1079fm\/\"]},{\"@type\":\"Person\",\"@id\":\"https:\/\/radiolifefm.com.br\/noticias\/#\/schema\/person\/6339b9fac59d12b071dec680d7375d87\",\"name\":\"ritanery\",\"image\":{\"@type\":\"ImageObject\",\"inLanguage\":\"pt-BR\",\"@id\":\"https:\/\/secure.gravatar.com\/avatar\/0e37bb19071f47c0b8a23f62a903df117c5a0e75f65a0c2901562f97cd41cf86?s=96&d=mm&r=g\",\"url\":\"https:\/\/secure.gravatar.com\/avatar\/0e37bb19071f47c0b8a23f62a903df117c5a0e75f65a0c2901562f97cd41cf86?s=96&d=mm&r=g\",\"contentUrl\":\"https:\/\/secure.gravatar.com\/avatar\/0e37bb19071f47c0b8a23f62a903df117c5a0e75f65a0c2901562f97cd41cf86?s=96&d=mm&r=g\",\"caption\":\"ritanery\"}}]}<\/script>\n<!-- \/ Yoast SEO plugin. -->","yoast_head_json":{"title":"Feira Camale\u00e3o acontece s\u00e1bado(16) no Parque Caldeira - R\u00e1dio Life FM","robots":{"index":"index","follow":"follow","max-snippet":"max-snippet:-1","max-image-preview":"max-image-preview:large","max-video-preview":"max-video-preview:-1"},"canonical":"https:\/\/radiolifefm.com.br\/noticias\/feira-camaleao-acontece-sabado16-no-parque-caldeira\/","og_locale":"pt_BR","og_type":"article","og_title":"Feira Camale\u00e3o acontece s\u00e1bado(16) no Parque Caldeira - R\u00e1dio Life FM","og_description":"S\u00e1bado, 16 de julho, a partir das 15h ser\u00e1 realizada a 9\u00aa edi\u00e7\u00e3o da Feira Camale\u00e3o no Parque Caldeira. O Coletivo Camale\u00e3o realiza a a\u00e7\u00e3o que conta com o apoio da Prefeitura de Adamantina, por meio da Secretaria de Cultura e Turismo e integra a Agenda Cultural do m\u00eas de julho. Ao todo, 42 expositores [&hellip;]","og_url":"https:\/\/radiolifefm.com.br\/noticias\/feira-camaleao-acontece-sabado16-no-parque-caldeira\/","og_site_name":"R\u00e1dio Life FM","article_publisher":"https:\/\/www.facebook.com\/radiolifefm\/","article_published_time":"2022-07-15T00:15:06+00:00","article_modified_time":"2026-04-03T04:39:24+00:00","og_image":[{"width":848,"height":443,"url":"https:\/\/radiolifefm.com.br\/noticias\/wp-content\/uploads\/2022\/07\/5506e6f1c36d4a7a5003710459af3112.jpg","type":"image\/jpeg"}],"author":"ritanery","twitter_card":"summary_large_image","twitter_misc":{"Escrito por":"ritanery","Est. tempo de leitura":"2 minutos"},"schema":{"@context":"https:\/\/schema.org","@graph":[{"@type":"Article","@id":"https:\/\/radiolifefm.com.br\/noticias\/feira-camaleao-acontece-sabado16-no-parque-caldeira\/#article","isPartOf":{"@id":"https:\/\/radiolifefm.com.br\/noticias\/feira-camaleao-acontece-sabado16-no-parque-caldeira\/"},"author":{"name":"ritanery","@id":"https:\/\/radiolifefm.com.br\/noticias\/#\/schema\/person\/6339b9fac59d12b071dec680d7375d87"},"headline":"Feira Camale\u00e3o acontece s\u00e1bado(16) no Parque Caldeira","datePublished":"2022-07-15T00:15:06+00:00","dateModified":"2026-04-03T04:39:24+00:00","mainEntityOfPage":{"@id":"https:\/\/radiolifefm.com.br\/noticias\/feira-camaleao-acontece-sabado16-no-parque-caldeira\/"},"wordCount":287,"publisher":{"@id":"https:\/\/radiolifefm.com.br\/noticias\/#organization"},"image":{"@id":"https:\/\/radiolifefm.com.br\/noticias\/feira-camaleao-acontece-sabado16-no-parque-caldeira\/#primaryimage"},"thumbnailUrl":"https:\/\/radiolifefm.com.br\/noticias\/wp-content\/uploads\/2022\/07\/5506e6f1c36d4a7a5003710459af3112.jpg","articleSection":["Adamantina"],"inLanguage":"pt-BR"},{"@type":"WebPage","@id":"https:\/\/radiolifefm.com.br\/noticias\/feira-camaleao-acontece-sabado16-no-parque-caldeira\/","url":"https:\/\/radiolifefm.com.br\/noticias\/feira-camaleao-acontece-sabado16-no-parque-caldeira\/","name":"Feira Camale\u00e3o acontece s\u00e1bado(16) no Parque Caldeira - R\u00e1dio Life FM","isPartOf":{"@id":"https:\/\/radiolifefm.com.br\/noticias\/#website"},"primaryImageOfPage":{"@id":"https:\/\/radiolifefm.com.br\/noticias\/feira-camaleao-acontece-sabado16-no-parque-caldeira\/#primaryimage"},"image":{"@id":"https:\/\/radiolifefm.com.br\/noticias\/feira-camaleao-acontece-sabado16-no-parque-caldeira\/#primaryimage"},"thumbnailUrl":"https:\/\/radiolifefm.com.br\/noticias\/wp-content\/uploads\/2022\/07\/5506e6f1c36d4a7a5003710459af3112.jpg","datePublished":"2022-07-15T00:15:06+00:00","dateModified":"2026-04-03T04:39:24+00:00","breadcrumb":{"@id":"https:\/\/radiolifefm.com.br\/noticias\/feira-camaleao-acontece-sabado16-no-parque-caldeira\/#breadcrumb"},"inLanguage":"pt-BR","potentialAction":[{"@type":"ReadAction","target":["https:\/\/radiolifefm.com.br\/noticias\/feira-camaleao-acontece-sabado16-no-parque-caldeira\/"]}]},{"@type":"ImageObject","inLanguage":"pt-BR","@id":"https:\/\/radiolifefm.com.br\/noticias\/feira-camaleao-acontece-sabado16-no-parque-caldeira\/#primaryimage","url":"https:\/\/radiolifefm.com.br\/noticias\/wp-content\/uploads\/2022\/07\/5506e6f1c36d4a7a5003710459af3112.jpg","contentUrl":"https:\/\/radiolifefm.com.br\/noticias\/wp-content\/uploads\/2022\/07\/5506e6f1c36d4a7a5003710459af3112.jpg","width":848,"height":443},{"@type":"BreadcrumbList","@id":"https:\/\/radiolifefm.com.br\/noticias\/feira-camaleao-acontece-sabado16-no-parque-caldeira\/#breadcrumb","itemListElement":[{"@type":"ListItem","position":1,"name":"In\u00edcio","item":"https:\/\/radiolifefm.com.br\/noticias\/"},{"@type":"ListItem","position":2,"name":"Feira Camale\u00e3o acontece s\u00e1bado(16) no Parque Caldeira"}]},{"@type":"WebSite","@id":"https:\/\/radiolifefm.com.br\/noticias\/#website","url":"https:\/\/radiolifefm.com.br\/noticias\/","name":"R\u00e1dio Life FM","description":"O Portal de Not\u00edcias de Adamantina","publisher":{"@id":"https:\/\/radiolifefm.com.br\/noticias\/#organization"},"alternateName":"Life FM","potentialAction":[{"@type":"SearchAction","target":{"@type":"EntryPoint","urlTemplate":"https:\/\/radiolifefm.com.br\/noticias\/?s={search_term_string}"},"query-input":{"@type":"PropertyValueSpecification","valueRequired":true,"valueName":"search_term_string"}}],"inLanguage":"pt-BR"},{"@type":"Organization","@id":"https:\/\/radiolifefm.com.br\/noticias\/#organization","name":"R\u00e1dio Life FM","alternateName":"Life FM","url":"https:\/\/radiolifefm.com.br\/noticias\/","logo":{"@type":"ImageObject","inLanguage":"pt-BR","@id":"https:\/\/radiolifefm.com.br\/noticias\/#\/schema\/logo\/image\/","url":"https:\/\/static.radiolifefm.com.br\/noticias\/wp-content\/uploads\/2019\/10\/logo-lifefm.png","contentUrl":"https:\/\/static.radiolifefm.com.br\/noticias\/wp-content\/uploads\/2019\/10\/logo-lifefm.png","width":196,"height":47,"caption":"R\u00e1dio Life FM"},"image":{"@id":"https:\/\/radiolifefm.com.br\/noticias\/#\/schema\/logo\/image\/"},"sameAs":["https:\/\/www.facebook.com\/radiolifefm\/","https:\/\/www.instagram.com\/life1079fm\/"]},{"@type":"Person","@id":"https:\/\/radiolifefm.com.br\/noticias\/#\/schema\/person\/6339b9fac59d12b071dec680d7375d87","name":"ritanery","image":{"@type":"ImageObject","inLanguage":"pt-BR","@id":"https:\/\/secure.gravatar.com\/avatar\/0e37bb19071f47c0b8a23f62a903df117c5a0e75f65a0c2901562f97cd41cf86?s=96&d=mm&r=g","url":"https:\/\/secure.gravatar.com\/avatar\/0e37bb19071f47c0b8a23f62a903df117c5a0e75f65a0c2901562f97cd41cf86?s=96&d=mm&r=g","contentUrl":"https:\/\/secure.gravatar.com\/avatar\/0e37bb19071f47c0b8a23f62a903df117c5a0e75f65a0c2901562f97cd41cf86?s=96&d=mm&r=g","caption":"ritanery"}}]}},"amp_enabled":true,"_links":{"self":[{"href":"https:\/\/radiolifefm.com.br\/noticias\/wp-json\/wp\/v2\/posts\/55833","targetHints":{"allow":["GET"]}}],"collection":[{"href":"https:\/\/radiolifefm.com.br\/noticias\/wp-json\/wp\/v2\/posts"}],"about":[{"href":"https:\/\/radiolifefm.com.br\/noticias\/wp-json\/wp\/v2\/types\/post"}],"author":[{"embeddable":true,"href":"https:\/\/radiolifefm.com.br\/noticias\/wp-json\/wp\/v2\/users\/13"}],"replies":[{"embeddable":true,"href":"https:\/\/radiolifefm.com.br\/noticias\/wp-json\/wp\/v2\/comments?post=55833"}],"version-history":[{"count":4,"href":"https:\/\/radiolifefm.com.br\/noticias\/wp-json\/wp\/v2\/posts\/55833\/revisions"}],"predecessor-version":[{"id":55838,"href":"https:\/\/radiolifefm.com.br\/noticias\/wp-json\/wp\/v2\/posts\/55833\/revisions\/55838"}],"wp:featuredmedia":[{"embeddable":true,"href":"https:\/\/radiolifefm.com.br\/noticias\/wp-json\/wp\/v2\/media\/55834"}],"wp:attachment":[{"href":"https:\/\/radiolifefm.com.br\/noticias\/wp-json\/wp\/v2\/media?parent=55833"}],"wp:term":[{"taxonomy":"category","embeddable":true,"href":"https:\/\/radiolifefm.com.br\/noticias\/wp-json\/wp\/v2\/categories?post=55833"},{"taxonomy":"post_tag","embeddable":true,"href":"https:\/\/radiolifefm.com.br\/noticias\/wp-json\/wp\/v2\/tags?post=55833"}],"curies":[{"name":"wp","href":"https:\/\/api.w.org\/{rel}","templated":true}]}}