{"id":55796,"date":"2022-07-13T08:07:18","date_gmt":"2022-07-13T11:07:18","guid":{"rendered":"https:\/\/radiolifefm.com.br\/noticias\/?p=55796"},"modified":"2026-04-07T01:52:52","modified_gmt":"2026-04-07T04:52:52","slug":"adamantinense-morre-em-acidente-na-br-262-em-tres-lagoas-ms","status":"publish","type":"post","link":"https:\/\/radiolifefm.com.br\/noticias\/adamantinense-morre-em-acidente-na-br-262-em-tres-lagoas-ms\/","title":{"rendered":"Adamantinense morre em acidente na BR-262 em Tr\u00eas Lagoas (MS)"},"content":{"rendered":"<div id=\"fb-root\"><\/div>\n<p>O adamantinense Adriano Machert, de 35 anos, morreu nesta ter\u00e7a-feira (12) em um acidente na Rodovia BR-262, altura do km 62, regi\u00e3o do Distrito de Garcias, em Tr\u00eas Lagoas (MS). Ele dirigia um caminh\u00e3o que carregava um trator na carroceria. N\u00e3o foi poss\u00edvel detalhar, com fonte oficial, as circunst\u00e2ncias do acidente.<\/p>\n<p>&nbsp;<\/p>\n<p><img loading=\"lazy\" decoding=\"async\" class=\"\" src=\"https:\/\/www.sigamais.com\/arquivo\/uploads\/regiaopng165767461962ce1b7bc55fd.png\" alt=\"\" width=\"540\" height=\"304\" \/><br \/>\n<em>Regi\u00e3o do acidente (Imagem: Google).<\/em><\/p>\n<p>Segundo apurou o SIGA MAIS junto ao Corpo de Bombeiros de Tr\u00eas Lagoas, o chamado \u00e0 equipe de socorro foi por volta das 11h30 da manh\u00e3, quando designou viaturas e pessoal ao local. Junto \u00e0 Pol\u00edcia Rodovi\u00e1ria Federal (PRF) de Tr\u00eas Lagoas, a reportagem confirmou as informa\u00e7\u00f5es.<\/p>\n<p>Por volta das 20h30 (hor\u00e1rio de Bras\u00edlia) equipes da PRF e dos Bombeiros ainda estavam pelo local do acidente, envolvidos no atendimento \u00e0 ocorr\u00eancia. A PRF informou que a regi\u00e3o do acidente \u00e9 de dif\u00edcil comunica\u00e7\u00e3o (sem sinais de r\u00e1dio e internet), e pelo fato das equipes n\u00e3o terem retornado \u00e0 base, n\u00e3o foram disponibilizadas as informa\u00e7\u00f5es detalhadas da ocorr\u00eancia.<\/p>\n<p>&nbsp;<\/p>\n<p><strong>VEL\u00d3RIO E SEPULTAMENTO<\/strong><\/p>\n<p>Segundo divulgou Haddad Organiza\u00e7\u00e3o Social, o vel\u00f3rio ser\u00e1 realizado \u00e0 partir das 7h desta quarta-feira (13), na Sala Tulipa do Jardim da Saudade. O sepultamento est\u00e1 marcado para \u00e0s 10h30 no Cemit\u00e9rio Municipal.<\/p>\n<p>&nbsp;<\/p>\n<p>Fonte: Siga Mais<\/p>\n<p>&nbsp;<\/p>\n","protected":false},"excerpt":{"rendered":"<p>O adamantinense Adriano Machert, de 35 anos, morreu nesta ter\u00e7a-feira (12) em um acidente na Rodovia BR-262, altura do km 62, regi\u00e3o do Distrito de Garcias, em Tr\u00eas Lagoas (MS). Ele dirigia um caminh\u00e3o que carregava um trator na carroceria. N\u00e3o foi poss\u00edvel detalhar, com fonte oficial, as circunst\u00e2ncias do acidente. &nbsp; Regi\u00e3o do acidente [&hellip;]<\/p>\n","protected":false},"author":13,"featured_media":55797,"comment_status":"closed","ping_status":"open","sticky":false,"template":"","format":"standard","meta":{"_acf_changed":false,"_exactmetrics_skip_tracking":false,"_exactmetrics_sitenote_active":false,"_exactmetrics_sitenote_note":"","_exactmetrics_sitenote_category":0,"footnotes":""},"categories":[21],"tags":[],"class_list":["post-55796","post","type-post","status-publish","format-standard","has-post-thumbnail","hentry","category-adamantina"],"acf":[],"yoast_head":"<!-- This site is optimized with the Yoast SEO plugin v27.2 - https:\/\/yoast.com\/product\/yoast-seo-wordpress\/ -->\n<title>Adamantinense morre em acidente na BR-262 em Tr\u00eas Lagoas (MS) - R\u00e1dio Life FM<\/title>\n<meta name=\"robots\" content=\"index, follow, max-snippet:-1, max-image-preview:large, max-video-preview:-1\" \/>\n<link rel=\"canonical\" href=\"https:\/\/radiolifefm.com.br\/noticias\/adamantinense-morre-em-acidente-na-br-262-em-tres-lagoas-ms\/\" \/>\n<meta property=\"og:locale\" content=\"pt_BR\" \/>\n<meta property=\"og:type\" content=\"article\" \/>\n<meta property=\"og:title\" content=\"Adamantinense morre em acidente na BR-262 em Tr\u00eas Lagoas (MS) - R\u00e1dio Life FM\" \/>\n<meta property=\"og:description\" content=\"O adamantinense Adriano Machert, de 35 anos, morreu nesta ter\u00e7a-feira (12) em um acidente na Rodovia BR-262, altura do km 62, regi\u00e3o do Distrito de Garcias, em Tr\u00eas Lagoas (MS). Ele dirigia um caminh\u00e3o que carregava um trator na carroceria. N\u00e3o foi poss\u00edvel detalhar, com fonte oficial, as circunst\u00e2ncias do acidente. &nbsp; Regi\u00e3o do acidente [&hellip;]\" \/>\n<meta property=\"og:url\" content=\"https:\/\/radiolifefm.com.br\/noticias\/adamantinense-morre-em-acidente-na-br-262-em-tres-lagoas-ms\/\" \/>\n<meta property=\"og:site_name\" content=\"R\u00e1dio Life FM\" \/>\n<meta property=\"article:publisher\" content=\"https:\/\/www.facebook.com\/radiolifefm\/\" \/>\n<meta property=\"article:published_time\" content=\"2022-07-13T11:07:18+00:00\" \/>\n<meta property=\"article:modified_time\" content=\"2026-04-07T04:52:52+00:00\" \/>\n<meta property=\"og:image\" content=\"https:\/\/radiolifefm.com.br\/noticias\/wp-content\/uploads\/2022\/07\/3459646415467001154594072052117657288704000n333jpg165767292662ce14deb4e8f.jpg\" \/>\n\t<meta property=\"og:image:width\" content=\"600\" \/>\n\t<meta property=\"og:image:height\" content=\"337\" \/>\n\t<meta property=\"og:image:type\" content=\"image\/jpeg\" \/>\n<meta name=\"author\" content=\"ritanery\" \/>\n<meta name=\"twitter:card\" content=\"summary_large_image\" \/>\n<meta name=\"twitter:label1\" content=\"Escrito por\" \/>\n\t<meta name=\"twitter:data1\" content=\"ritanery\" \/>\n\t<meta name=\"twitter:label2\" content=\"Est. tempo de leitura\" \/>\n\t<meta name=\"twitter:data2\" content=\"2 minutos\" \/>\n<script type=\"application\/ld+json\" class=\"yoast-schema-graph\">{\"@context\":\"https:\/\/schema.org\",\"@graph\":[{\"@type\":\"Article\",\"@id\":\"https:\/\/radiolifefm.com.br\/noticias\/adamantinense-morre-em-acidente-na-br-262-em-tres-lagoas-ms\/#article\",\"isPartOf\":{\"@id\":\"https:\/\/radiolifefm.com.br\/noticias\/adamantinense-morre-em-acidente-na-br-262-em-tres-lagoas-ms\/\"},\"author\":{\"name\":\"ritanery\",\"@id\":\"https:\/\/radiolifefm.com.br\/noticias\/#\/schema\/person\/6339b9fac59d12b071dec680d7375d87\"},\"headline\":\"Adamantinense morre em acidente na BR-262 em Tr\u00eas Lagoas (MS)\",\"datePublished\":\"2022-07-13T11:07:18+00:00\",\"dateModified\":\"2026-04-07T04:52:52+00:00\",\"mainEntityOfPage\":{\"@id\":\"https:\/\/radiolifefm.com.br\/noticias\/adamantinense-morre-em-acidente-na-br-262-em-tres-lagoas-ms\/\"},\"wordCount\":235,\"publisher\":{\"@id\":\"https:\/\/radiolifefm.com.br\/noticias\/#organization\"},\"image\":{\"@id\":\"https:\/\/radiolifefm.com.br\/noticias\/adamantinense-morre-em-acidente-na-br-262-em-tres-lagoas-ms\/#primaryimage\"},\"thumbnailUrl\":\"https:\/\/radiolifefm.com.br\/noticias\/wp-content\/uploads\/2022\/07\/3459646415467001154594072052117657288704000n333jpg165767292662ce14deb4e8f.jpg\",\"articleSection\":[\"Adamantina\"],\"inLanguage\":\"pt-BR\"},{\"@type\":\"WebPage\",\"@id\":\"https:\/\/radiolifefm.com.br\/noticias\/adamantinense-morre-em-acidente-na-br-262-em-tres-lagoas-ms\/\",\"url\":\"https:\/\/radiolifefm.com.br\/noticias\/adamantinense-morre-em-acidente-na-br-262-em-tres-lagoas-ms\/\",\"name\":\"Adamantinense morre em acidente na BR-262 em Tr\u00eas Lagoas (MS) - R\u00e1dio Life FM\",\"isPartOf\":{\"@id\":\"https:\/\/radiolifefm.com.br\/noticias\/#website\"},\"primaryImageOfPage\":{\"@id\":\"https:\/\/radiolifefm.com.br\/noticias\/adamantinense-morre-em-acidente-na-br-262-em-tres-lagoas-ms\/#primaryimage\"},\"image\":{\"@id\":\"https:\/\/radiolifefm.com.br\/noticias\/adamantinense-morre-em-acidente-na-br-262-em-tres-lagoas-ms\/#primaryimage\"},\"thumbnailUrl\":\"https:\/\/radiolifefm.com.br\/noticias\/wp-content\/uploads\/2022\/07\/3459646415467001154594072052117657288704000n333jpg165767292662ce14deb4e8f.jpg\",\"datePublished\":\"2022-07-13T11:07:18+00:00\",\"dateModified\":\"2026-04-07T04:52:52+00:00\",\"breadcrumb\":{\"@id\":\"https:\/\/radiolifefm.com.br\/noticias\/adamantinense-morre-em-acidente-na-br-262-em-tres-lagoas-ms\/#breadcrumb\"},\"inLanguage\":\"pt-BR\",\"potentialAction\":[{\"@type\":\"ReadAction\",\"target\":[\"https:\/\/radiolifefm.com.br\/noticias\/adamantinense-morre-em-acidente-na-br-262-em-tres-lagoas-ms\/\"]}]},{\"@type\":\"ImageObject\",\"inLanguage\":\"pt-BR\",\"@id\":\"https:\/\/radiolifefm.com.br\/noticias\/adamantinense-morre-em-acidente-na-br-262-em-tres-lagoas-ms\/#primaryimage\",\"url\":\"https:\/\/radiolifefm.com.br\/noticias\/wp-content\/uploads\/2022\/07\/3459646415467001154594072052117657288704000n333jpg165767292662ce14deb4e8f.jpg\",\"contentUrl\":\"https:\/\/radiolifefm.com.br\/noticias\/wp-content\/uploads\/2022\/07\/3459646415467001154594072052117657288704000n333jpg165767292662ce14deb4e8f.jpg\",\"width\":600,\"height\":337,\"caption\":\"Adriano Machert, v\u00edtima fatal do acidente (Redes Sociais).\"},{\"@type\":\"BreadcrumbList\",\"@id\":\"https:\/\/radiolifefm.com.br\/noticias\/adamantinense-morre-em-acidente-na-br-262-em-tres-lagoas-ms\/#breadcrumb\",\"itemListElement\":[{\"@type\":\"ListItem\",\"position\":1,\"name\":\"In\u00edcio\",\"item\":\"https:\/\/radiolifefm.com.br\/noticias\/\"},{\"@type\":\"ListItem\",\"position\":2,\"name\":\"Adamantinense morre em acidente na BR-262 em Tr\u00eas Lagoas (MS)\"}]},{\"@type\":\"WebSite\",\"@id\":\"https:\/\/radiolifefm.com.br\/noticias\/#website\",\"url\":\"https:\/\/radiolifefm.com.br\/noticias\/\",\"name\":\"R\u00e1dio Life FM\",\"description\":\"O Portal de Not\u00edcias de Adamantina\",\"publisher\":{\"@id\":\"https:\/\/radiolifefm.com.br\/noticias\/#organization\"},\"alternateName\":\"Life FM\",\"potentialAction\":[{\"@type\":\"SearchAction\",\"target\":{\"@type\":\"EntryPoint\",\"urlTemplate\":\"https:\/\/radiolifefm.com.br\/noticias\/?s={search_term_string}\"},\"query-input\":{\"@type\":\"PropertyValueSpecification\",\"valueRequired\":true,\"valueName\":\"search_term_string\"}}],\"inLanguage\":\"pt-BR\"},{\"@type\":\"Organization\",\"@id\":\"https:\/\/radiolifefm.com.br\/noticias\/#organization\",\"name\":\"R\u00e1dio Life FM\",\"alternateName\":\"Life FM\",\"url\":\"https:\/\/radiolifefm.com.br\/noticias\/\",\"logo\":{\"@type\":\"ImageObject\",\"inLanguage\":\"pt-BR\",\"@id\":\"https:\/\/radiolifefm.com.br\/noticias\/#\/schema\/logo\/image\/\",\"url\":\"https:\/\/static.radiolifefm.com.br\/noticias\/wp-content\/uploads\/2019\/10\/logo-lifefm.png\",\"contentUrl\":\"https:\/\/static.radiolifefm.com.br\/noticias\/wp-content\/uploads\/2019\/10\/logo-lifefm.png\",\"width\":196,\"height\":47,\"caption\":\"R\u00e1dio Life FM\"},\"image\":{\"@id\":\"https:\/\/radiolifefm.com.br\/noticias\/#\/schema\/logo\/image\/\"},\"sameAs\":[\"https:\/\/www.facebook.com\/radiolifefm\/\",\"https:\/\/www.instagram.com\/life1079fm\/\"]},{\"@type\":\"Person\",\"@id\":\"https:\/\/radiolifefm.com.br\/noticias\/#\/schema\/person\/6339b9fac59d12b071dec680d7375d87\",\"name\":\"ritanery\",\"image\":{\"@type\":\"ImageObject\",\"inLanguage\":\"pt-BR\",\"@id\":\"https:\/\/secure.gravatar.com\/avatar\/0e37bb19071f47c0b8a23f62a903df117c5a0e75f65a0c2901562f97cd41cf86?s=96&d=mm&r=g\",\"url\":\"https:\/\/secure.gravatar.com\/avatar\/0e37bb19071f47c0b8a23f62a903df117c5a0e75f65a0c2901562f97cd41cf86?s=96&d=mm&r=g\",\"contentUrl\":\"https:\/\/secure.gravatar.com\/avatar\/0e37bb19071f47c0b8a23f62a903df117c5a0e75f65a0c2901562f97cd41cf86?s=96&d=mm&r=g\",\"caption\":\"ritanery\"}}]}<\/script>\n<!-- \/ Yoast SEO plugin. -->","yoast_head_json":{"title":"Adamantinense morre em acidente na BR-262 em Tr\u00eas Lagoas (MS) - R\u00e1dio Life FM","robots":{"index":"index","follow":"follow","max-snippet":"max-snippet:-1","max-image-preview":"max-image-preview:large","max-video-preview":"max-video-preview:-1"},"canonical":"https:\/\/radiolifefm.com.br\/noticias\/adamantinense-morre-em-acidente-na-br-262-em-tres-lagoas-ms\/","og_locale":"pt_BR","og_type":"article","og_title":"Adamantinense morre em acidente na BR-262 em Tr\u00eas Lagoas (MS) - R\u00e1dio Life FM","og_description":"O adamantinense Adriano Machert, de 35 anos, morreu nesta ter\u00e7a-feira (12) em um acidente na Rodovia BR-262, altura do km 62, regi\u00e3o do Distrito de Garcias, em Tr\u00eas Lagoas (MS). Ele dirigia um caminh\u00e3o que carregava um trator na carroceria. N\u00e3o foi poss\u00edvel detalhar, com fonte oficial, as circunst\u00e2ncias do acidente. &nbsp; Regi\u00e3o do acidente [&hellip;]","og_url":"https:\/\/radiolifefm.com.br\/noticias\/adamantinense-morre-em-acidente-na-br-262-em-tres-lagoas-ms\/","og_site_name":"R\u00e1dio Life FM","article_publisher":"https:\/\/www.facebook.com\/radiolifefm\/","article_published_time":"2022-07-13T11:07:18+00:00","article_modified_time":"2026-04-07T04:52:52+00:00","og_image":[{"width":600,"height":337,"url":"https:\/\/radiolifefm.com.br\/noticias\/wp-content\/uploads\/2022\/07\/3459646415467001154594072052117657288704000n333jpg165767292662ce14deb4e8f.jpg","type":"image\/jpeg"}],"author":"ritanery","twitter_card":"summary_large_image","twitter_misc":{"Escrito por":"ritanery","Est. tempo de leitura":"2 minutos"},"schema":{"@context":"https:\/\/schema.org","@graph":[{"@type":"Article","@id":"https:\/\/radiolifefm.com.br\/noticias\/adamantinense-morre-em-acidente-na-br-262-em-tres-lagoas-ms\/#article","isPartOf":{"@id":"https:\/\/radiolifefm.com.br\/noticias\/adamantinense-morre-em-acidente-na-br-262-em-tres-lagoas-ms\/"},"author":{"name":"ritanery","@id":"https:\/\/radiolifefm.com.br\/noticias\/#\/schema\/person\/6339b9fac59d12b071dec680d7375d87"},"headline":"Adamantinense morre em acidente na BR-262 em Tr\u00eas Lagoas (MS)","datePublished":"2022-07-13T11:07:18+00:00","dateModified":"2026-04-07T04:52:52+00:00","mainEntityOfPage":{"@id":"https:\/\/radiolifefm.com.br\/noticias\/adamantinense-morre-em-acidente-na-br-262-em-tres-lagoas-ms\/"},"wordCount":235,"publisher":{"@id":"https:\/\/radiolifefm.com.br\/noticias\/#organization"},"image":{"@id":"https:\/\/radiolifefm.com.br\/noticias\/adamantinense-morre-em-acidente-na-br-262-em-tres-lagoas-ms\/#primaryimage"},"thumbnailUrl":"https:\/\/radiolifefm.com.br\/noticias\/wp-content\/uploads\/2022\/07\/3459646415467001154594072052117657288704000n333jpg165767292662ce14deb4e8f.jpg","articleSection":["Adamantina"],"inLanguage":"pt-BR"},{"@type":"WebPage","@id":"https:\/\/radiolifefm.com.br\/noticias\/adamantinense-morre-em-acidente-na-br-262-em-tres-lagoas-ms\/","url":"https:\/\/radiolifefm.com.br\/noticias\/adamantinense-morre-em-acidente-na-br-262-em-tres-lagoas-ms\/","name":"Adamantinense morre em acidente na BR-262 em Tr\u00eas Lagoas (MS) - R\u00e1dio Life FM","isPartOf":{"@id":"https:\/\/radiolifefm.com.br\/noticias\/#website"},"primaryImageOfPage":{"@id":"https:\/\/radiolifefm.com.br\/noticias\/adamantinense-morre-em-acidente-na-br-262-em-tres-lagoas-ms\/#primaryimage"},"image":{"@id":"https:\/\/radiolifefm.com.br\/noticias\/adamantinense-morre-em-acidente-na-br-262-em-tres-lagoas-ms\/#primaryimage"},"thumbnailUrl":"https:\/\/radiolifefm.com.br\/noticias\/wp-content\/uploads\/2022\/07\/3459646415467001154594072052117657288704000n333jpg165767292662ce14deb4e8f.jpg","datePublished":"2022-07-13T11:07:18+00:00","dateModified":"2026-04-07T04:52:52+00:00","breadcrumb":{"@id":"https:\/\/radiolifefm.com.br\/noticias\/adamantinense-morre-em-acidente-na-br-262-em-tres-lagoas-ms\/#breadcrumb"},"inLanguage":"pt-BR","potentialAction":[{"@type":"ReadAction","target":["https:\/\/radiolifefm.com.br\/noticias\/adamantinense-morre-em-acidente-na-br-262-em-tres-lagoas-ms\/"]}]},{"@type":"ImageObject","inLanguage":"pt-BR","@id":"https:\/\/radiolifefm.com.br\/noticias\/adamantinense-morre-em-acidente-na-br-262-em-tres-lagoas-ms\/#primaryimage","url":"https:\/\/radiolifefm.com.br\/noticias\/wp-content\/uploads\/2022\/07\/3459646415467001154594072052117657288704000n333jpg165767292662ce14deb4e8f.jpg","contentUrl":"https:\/\/radiolifefm.com.br\/noticias\/wp-content\/uploads\/2022\/07\/3459646415467001154594072052117657288704000n333jpg165767292662ce14deb4e8f.jpg","width":600,"height":337,"caption":"Adriano Machert, v\u00edtima fatal do acidente (Redes Sociais)."},{"@type":"BreadcrumbList","@id":"https:\/\/radiolifefm.com.br\/noticias\/adamantinense-morre-em-acidente-na-br-262-em-tres-lagoas-ms\/#breadcrumb","itemListElement":[{"@type":"ListItem","position":1,"name":"In\u00edcio","item":"https:\/\/radiolifefm.com.br\/noticias\/"},{"@type":"ListItem","position":2,"name":"Adamantinense morre em acidente na BR-262 em Tr\u00eas Lagoas (MS)"}]},{"@type":"WebSite","@id":"https:\/\/radiolifefm.com.br\/noticias\/#website","url":"https:\/\/radiolifefm.com.br\/noticias\/","name":"R\u00e1dio Life FM","description":"O Portal de Not\u00edcias de Adamantina","publisher":{"@id":"https:\/\/radiolifefm.com.br\/noticias\/#organization"},"alternateName":"Life FM","potentialAction":[{"@type":"SearchAction","target":{"@type":"EntryPoint","urlTemplate":"https:\/\/radiolifefm.com.br\/noticias\/?s={search_term_string}"},"query-input":{"@type":"PropertyValueSpecification","valueRequired":true,"valueName":"search_term_string"}}],"inLanguage":"pt-BR"},{"@type":"Organization","@id":"https:\/\/radiolifefm.com.br\/noticias\/#organization","name":"R\u00e1dio Life FM","alternateName":"Life FM","url":"https:\/\/radiolifefm.com.br\/noticias\/","logo":{"@type":"ImageObject","inLanguage":"pt-BR","@id":"https:\/\/radiolifefm.com.br\/noticias\/#\/schema\/logo\/image\/","url":"https:\/\/static.radiolifefm.com.br\/noticias\/wp-content\/uploads\/2019\/10\/logo-lifefm.png","contentUrl":"https:\/\/static.radiolifefm.com.br\/noticias\/wp-content\/uploads\/2019\/10\/logo-lifefm.png","width":196,"height":47,"caption":"R\u00e1dio Life FM"},"image":{"@id":"https:\/\/radiolifefm.com.br\/noticias\/#\/schema\/logo\/image\/"},"sameAs":["https:\/\/www.facebook.com\/radiolifefm\/","https:\/\/www.instagram.com\/life1079fm\/"]},{"@type":"Person","@id":"https:\/\/radiolifefm.com.br\/noticias\/#\/schema\/person\/6339b9fac59d12b071dec680d7375d87","name":"ritanery","image":{"@type":"ImageObject","inLanguage":"pt-BR","@id":"https:\/\/secure.gravatar.com\/avatar\/0e37bb19071f47c0b8a23f62a903df117c5a0e75f65a0c2901562f97cd41cf86?s=96&d=mm&r=g","url":"https:\/\/secure.gravatar.com\/avatar\/0e37bb19071f47c0b8a23f62a903df117c5a0e75f65a0c2901562f97cd41cf86?s=96&d=mm&r=g","contentUrl":"https:\/\/secure.gravatar.com\/avatar\/0e37bb19071f47c0b8a23f62a903df117c5a0e75f65a0c2901562f97cd41cf86?s=96&d=mm&r=g","caption":"ritanery"}}]}},"amp_enabled":true,"_links":{"self":[{"href":"https:\/\/radiolifefm.com.br\/noticias\/wp-json\/wp\/v2\/posts\/55796","targetHints":{"allow":["GET"]}}],"collection":[{"href":"https:\/\/radiolifefm.com.br\/noticias\/wp-json\/wp\/v2\/posts"}],"about":[{"href":"https:\/\/radiolifefm.com.br\/noticias\/wp-json\/wp\/v2\/types\/post"}],"author":[{"embeddable":true,"href":"https:\/\/radiolifefm.com.br\/noticias\/wp-json\/wp\/v2\/users\/13"}],"replies":[{"embeddable":true,"href":"https:\/\/radiolifefm.com.br\/noticias\/wp-json\/wp\/v2\/comments?post=55796"}],"version-history":[{"count":3,"href":"https:\/\/radiolifefm.com.br\/noticias\/wp-json\/wp\/v2\/posts\/55796\/revisions"}],"predecessor-version":[{"id":55800,"href":"https:\/\/radiolifefm.com.br\/noticias\/wp-json\/wp\/v2\/posts\/55796\/revisions\/55800"}],"wp:featuredmedia":[{"embeddable":true,"href":"https:\/\/radiolifefm.com.br\/noticias\/wp-json\/wp\/v2\/media\/55797"}],"wp:attachment":[{"href":"https:\/\/radiolifefm.com.br\/noticias\/wp-json\/wp\/v2\/media?parent=55796"}],"wp:term":[{"taxonomy":"category","embeddable":true,"href":"https:\/\/radiolifefm.com.br\/noticias\/wp-json\/wp\/v2\/categories?post=55796"},{"taxonomy":"post_tag","embeddable":true,"href":"https:\/\/radiolifefm.com.br\/noticias\/wp-json\/wp\/v2\/tags?post=55796"}],"curies":[{"name":"wp","href":"https:\/\/api.w.org\/{rel}","templated":true}]}}