{"id":55754,"date":"2022-07-11T15:18:25","date_gmt":"2022-07-11T18:18:25","guid":{"rendered":"https:\/\/radiolifefm.com.br\/noticias\/?p=55754"},"modified":"2026-04-02T00:00:27","modified_gmt":"2026-04-02T03:00:27","slug":"programa-crianca-feliz-comemora-dois-anos-de-execucao-em-adamantina","status":"publish","type":"post","link":"https:\/\/radiolifefm.com.br\/noticias\/programa-crianca-feliz-comemora-dois-anos-de-execucao-em-adamantina\/","title":{"rendered":"Programa Crian\u00e7a Feliz comemora dois anos de execu\u00e7\u00e3o em Adamantina"},"content":{"rendered":"<div id=\"fb-root\"><\/div>\n<p style=\"font-weight: 400\">O Programa Crian\u00e7a Feliz (PCF) completou ontem (10) dois anos de execu\u00e7\u00e3o em Adamantina. Durante esses 24 meses foram atendidas 262 fam\u00edlias, 329 pessoas visitadas e 18 visitadores passaram pelo programa.<\/p>\n<p style=\"font-weight: 400\">\n<p style=\"font-weight: 400\">A a\u00e7\u00e3o atualmente conta com 142 atendidos, sendo 136 crian\u00e7as de 0 a 3 anos, uma crian\u00e7a acima de tr\u00eas anos que \u00e9 benefici\u00e1ria do Benef\u00edcio de Presta\u00e7\u00e3o Continuada (BPC) e cinco gestantes.<\/p>\n<p style=\"font-weight: 400\">\n<p style=\"font-weight: 400\">De acordo com a coordenadora do PCF, Rosana Tur\u00edbio, as crian\u00e7as apresentam uma melhora significativa no desenvolvimento (fala, coordena\u00e7\u00e3o motora, cognitiva) os v\u00ednculos familiares est\u00e3o mais fortalecidos.<\/p>\n<p style=\"font-weight: 400\">\n<p style=\"font-weight: 400\">\u201cO visitador social tem o papel importante de levar \u00e0s fam\u00edlias orienta\u00e7\u00f5es e atividades que estimulem as habilidades (coordena\u00e7\u00e3o motora, cognitiva, lingu\u00edstica, socioafetividade) promovendo o desenvolvimento integral das crian\u00e7as na primeira inf\u00e2ncia\u201d, afirma.<\/p>\n<p style=\"font-weight: 400\">\n<p style=\"font-weight: 400\">A meta do munic\u00edpio atualmente \u00e9 de 150 pessoas atendidas entre crian\u00e7as e gestantes, mas isso pode ser ampliado de acordo com a demanda e o p\u00fablico inserido no Cadastro \u00danico.<\/p>\n<p style=\"font-weight: 400\">\n<p style=\"font-weight: 400\">\u201cToda equipe agradece, pois o PCF \u00e9 uma realidade devido a confian\u00e7a, aten\u00e7\u00e3o e o retorno das fam\u00edlias que fazem parte. Nosso muito obrigada ao respons\u00e1vel que nos acolhe e concede a honra de acompanharmos seu filho durante essa fase t\u00e3o importante que \u00e9 a primeira inf\u00e2ncia\u201d, finaliza.<\/p>\n<p style=\"font-weight: 400\">\n<p style=\"font-weight: 400\"><strong>O que \u00e9 o Programa Crian\u00e7a Feliz?<\/strong><\/p>\n<p style=\"font-weight: 400\">O Programa Crian\u00e7a Feliz \u00e9 uma a\u00e7\u00e3o do Governo Federal que foi institu\u00eddo pelo Decreto n\u00ba 8.869\/2016, com finalidade de promover o desenvolvimento integral das crian\u00e7as na primeira inf\u00e2ncia, considerando sua fam\u00edlia e seu contexto de vida.<\/p>\n<p style=\"font-weight: 400\">\n<p style=\"font-weight: 400\"><strong>Quem pode fazer parte do Programa Crian\u00e7a Feliz?<\/strong><\/p>\n<p style=\"font-weight: 400\">Gestantes de qualquer idade inseridas no Cad\u00danico, e crian\u00e7as que tenham idade de at\u00e9 36 meses cadastradas no Cad\u00danico e crian\u00e7as de at\u00e9 72 meses BPC, ou afastada do conv\u00edvio familiar.<\/p>\n<p style=\"font-weight: 400\">\n<p style=\"font-weight: 400\">Mais informa\u00e7\u00f5es podem ser obtidas na sede do Programa Crian\u00e7a Feliz situada junto \u00e0 Secretaria Municipal de Assist\u00eancia Social na Alameda Armando Sales de Oliveira n\u00ba 367, Centro. Mais informa\u00e7\u00f5es podem ser obtidas pelo telefone (18)3521-1900 ou (18) 99144-2034.<\/p>\n<p>&nbsp;<\/p>\n<p>&nbsp;<\/p>\n<p>Fonte: Assessoria de Imprensa<\/p>\n","protected":false},"excerpt":{"rendered":"<p>O Programa Crian\u00e7a Feliz (PCF) completou ontem (10) dois anos de execu\u00e7\u00e3o em Adamantina. Durante esses 24 meses foram atendidas 262 fam\u00edlias, 329 pessoas visitadas e 18 visitadores passaram pelo programa. A a\u00e7\u00e3o atualmente conta com 142 atendidos, sendo 136 crian\u00e7as de 0 a 3 anos, uma crian\u00e7a acima de tr\u00eas anos que \u00e9 benefici\u00e1ria [&hellip;]<\/p>\n","protected":false},"author":13,"featured_media":55755,"comment_status":"closed","ping_status":"open","sticky":false,"template":"","format":"standard","meta":{"_acf_changed":false,"_exactmetrics_skip_tracking":false,"_exactmetrics_sitenote_active":false,"_exactmetrics_sitenote_note":"","_exactmetrics_sitenote_category":0,"footnotes":""},"categories":[21],"tags":[],"class_list":["post-55754","post","type-post","status-publish","format-standard","has-post-thumbnail","hentry","category-adamantina"],"acf":[],"yoast_head":"<!-- This site is optimized with the Yoast SEO plugin v27.2 - https:\/\/yoast.com\/product\/yoast-seo-wordpress\/ -->\n<title>Programa Crian\u00e7a Feliz comemora dois anos de execu\u00e7\u00e3o em Adamantina - R\u00e1dio Life FM<\/title>\n<meta name=\"robots\" content=\"index, follow, max-snippet:-1, max-image-preview:large, max-video-preview:-1\" \/>\n<link rel=\"canonical\" href=\"https:\/\/radiolifefm.com.br\/noticias\/programa-crianca-feliz-comemora-dois-anos-de-execucao-em-adamantina\/\" \/>\n<meta property=\"og:locale\" content=\"pt_BR\" \/>\n<meta property=\"og:type\" content=\"article\" \/>\n<meta property=\"og:title\" content=\"Programa Crian\u00e7a Feliz comemora dois anos de execu\u00e7\u00e3o em Adamantina - R\u00e1dio Life FM\" \/>\n<meta property=\"og:description\" content=\"O Programa Crian\u00e7a Feliz (PCF) completou ontem (10) dois anos de execu\u00e7\u00e3o em Adamantina. Durante esses 24 meses foram atendidas 262 fam\u00edlias, 329 pessoas visitadas e 18 visitadores passaram pelo programa. A a\u00e7\u00e3o atualmente conta com 142 atendidos, sendo 136 crian\u00e7as de 0 a 3 anos, uma crian\u00e7a acima de tr\u00eas anos que \u00e9 benefici\u00e1ria [&hellip;]\" \/>\n<meta property=\"og:url\" content=\"https:\/\/radiolifefm.com.br\/noticias\/programa-crianca-feliz-comemora-dois-anos-de-execucao-em-adamantina\/\" \/>\n<meta property=\"og:site_name\" content=\"R\u00e1dio Life FM\" \/>\n<meta property=\"article:publisher\" content=\"https:\/\/www.facebook.com\/radiolifefm\/\" \/>\n<meta property=\"article:published_time\" content=\"2022-07-11T18:18:25+00:00\" \/>\n<meta property=\"article:modified_time\" content=\"2026-04-02T03:00:27+00:00\" \/>\n<meta property=\"og:image\" content=\"https:\/\/radiolifefm.com.br\/noticias\/wp-content\/uploads\/2022\/07\/download-4.jpg\" \/>\n\t<meta property=\"og:image:width\" content=\"286\" \/>\n\t<meta property=\"og:image:height\" content=\"176\" \/>\n\t<meta property=\"og:image:type\" content=\"image\/jpeg\" \/>\n<meta name=\"author\" content=\"ritanery\" \/>\n<meta name=\"twitter:card\" content=\"summary_large_image\" \/>\n<meta name=\"twitter:label1\" content=\"Escrito por\" \/>\n\t<meta name=\"twitter:data1\" content=\"ritanery\" \/>\n\t<meta name=\"twitter:label2\" content=\"Est. tempo de leitura\" \/>\n\t<meta name=\"twitter:data2\" content=\"2 minutos\" \/>\n<script type=\"application\/ld+json\" class=\"yoast-schema-graph\">{\"@context\":\"https:\/\/schema.org\",\"@graph\":[{\"@type\":\"Article\",\"@id\":\"https:\/\/radiolifefm.com.br\/noticias\/programa-crianca-feliz-comemora-dois-anos-de-execucao-em-adamantina\/#article\",\"isPartOf\":{\"@id\":\"https:\/\/radiolifefm.com.br\/noticias\/programa-crianca-feliz-comemora-dois-anos-de-execucao-em-adamantina\/\"},\"author\":{\"name\":\"ritanery\",\"@id\":\"https:\/\/radiolifefm.com.br\/noticias\/#\/schema\/person\/6339b9fac59d12b071dec680d7375d87\"},\"headline\":\"Programa Crian\u00e7a Feliz comemora dois anos de execu\u00e7\u00e3o em Adamantina\",\"datePublished\":\"2022-07-11T18:18:25+00:00\",\"dateModified\":\"2026-04-02T03:00:27+00:00\",\"mainEntityOfPage\":{\"@id\":\"https:\/\/radiolifefm.com.br\/noticias\/programa-crianca-feliz-comemora-dois-anos-de-execucao-em-adamantina\/\"},\"wordCount\":368,\"publisher\":{\"@id\":\"https:\/\/radiolifefm.com.br\/noticias\/#organization\"},\"image\":{\"@id\":\"https:\/\/radiolifefm.com.br\/noticias\/programa-crianca-feliz-comemora-dois-anos-de-execucao-em-adamantina\/#primaryimage\"},\"thumbnailUrl\":\"https:\/\/radiolifefm.com.br\/noticias\/wp-content\/uploads\/2022\/07\/download-4.jpg\",\"articleSection\":[\"Adamantina\"],\"inLanguage\":\"pt-BR\"},{\"@type\":\"WebPage\",\"@id\":\"https:\/\/radiolifefm.com.br\/noticias\/programa-crianca-feliz-comemora-dois-anos-de-execucao-em-adamantina\/\",\"url\":\"https:\/\/radiolifefm.com.br\/noticias\/programa-crianca-feliz-comemora-dois-anos-de-execucao-em-adamantina\/\",\"name\":\"Programa Crian\u00e7a Feliz comemora dois anos de execu\u00e7\u00e3o em Adamantina - R\u00e1dio Life FM\",\"isPartOf\":{\"@id\":\"https:\/\/radiolifefm.com.br\/noticias\/#website\"},\"primaryImageOfPage\":{\"@id\":\"https:\/\/radiolifefm.com.br\/noticias\/programa-crianca-feliz-comemora-dois-anos-de-execucao-em-adamantina\/#primaryimage\"},\"image\":{\"@id\":\"https:\/\/radiolifefm.com.br\/noticias\/programa-crianca-feliz-comemora-dois-anos-de-execucao-em-adamantina\/#primaryimage\"},\"thumbnailUrl\":\"https:\/\/radiolifefm.com.br\/noticias\/wp-content\/uploads\/2022\/07\/download-4.jpg\",\"datePublished\":\"2022-07-11T18:18:25+00:00\",\"dateModified\":\"2026-04-02T03:00:27+00:00\",\"breadcrumb\":{\"@id\":\"https:\/\/radiolifefm.com.br\/noticias\/programa-crianca-feliz-comemora-dois-anos-de-execucao-em-adamantina\/#breadcrumb\"},\"inLanguage\":\"pt-BR\",\"potentialAction\":[{\"@type\":\"ReadAction\",\"target\":[\"https:\/\/radiolifefm.com.br\/noticias\/programa-crianca-feliz-comemora-dois-anos-de-execucao-em-adamantina\/\"]}]},{\"@type\":\"ImageObject\",\"inLanguage\":\"pt-BR\",\"@id\":\"https:\/\/radiolifefm.com.br\/noticias\/programa-crianca-feliz-comemora-dois-anos-de-execucao-em-adamantina\/#primaryimage\",\"url\":\"https:\/\/radiolifefm.com.br\/noticias\/wp-content\/uploads\/2022\/07\/download-4.jpg\",\"contentUrl\":\"https:\/\/radiolifefm.com.br\/noticias\/wp-content\/uploads\/2022\/07\/download-4.jpg\",\"width\":286,\"height\":176},{\"@type\":\"BreadcrumbList\",\"@id\":\"https:\/\/radiolifefm.com.br\/noticias\/programa-crianca-feliz-comemora-dois-anos-de-execucao-em-adamantina\/#breadcrumb\",\"itemListElement\":[{\"@type\":\"ListItem\",\"position\":1,\"name\":\"In\u00edcio\",\"item\":\"https:\/\/radiolifefm.com.br\/noticias\/\"},{\"@type\":\"ListItem\",\"position\":2,\"name\":\"Programa Crian\u00e7a Feliz comemora dois anos de execu\u00e7\u00e3o em Adamantina\"}]},{\"@type\":\"WebSite\",\"@id\":\"https:\/\/radiolifefm.com.br\/noticias\/#website\",\"url\":\"https:\/\/radiolifefm.com.br\/noticias\/\",\"name\":\"R\u00e1dio Life FM\",\"description\":\"O Portal de Not\u00edcias de Adamantina\",\"publisher\":{\"@id\":\"https:\/\/radiolifefm.com.br\/noticias\/#organization\"},\"alternateName\":\"Life FM\",\"potentialAction\":[{\"@type\":\"SearchAction\",\"target\":{\"@type\":\"EntryPoint\",\"urlTemplate\":\"https:\/\/radiolifefm.com.br\/noticias\/?s={search_term_string}\"},\"query-input\":{\"@type\":\"PropertyValueSpecification\",\"valueRequired\":true,\"valueName\":\"search_term_string\"}}],\"inLanguage\":\"pt-BR\"},{\"@type\":\"Organization\",\"@id\":\"https:\/\/radiolifefm.com.br\/noticias\/#organization\",\"name\":\"R\u00e1dio Life FM\",\"alternateName\":\"Life FM\",\"url\":\"https:\/\/radiolifefm.com.br\/noticias\/\",\"logo\":{\"@type\":\"ImageObject\",\"inLanguage\":\"pt-BR\",\"@id\":\"https:\/\/radiolifefm.com.br\/noticias\/#\/schema\/logo\/image\/\",\"url\":\"https:\/\/static.radiolifefm.com.br\/noticias\/wp-content\/uploads\/2019\/10\/logo-lifefm.png\",\"contentUrl\":\"https:\/\/static.radiolifefm.com.br\/noticias\/wp-content\/uploads\/2019\/10\/logo-lifefm.png\",\"width\":196,\"height\":47,\"caption\":\"R\u00e1dio Life FM\"},\"image\":{\"@id\":\"https:\/\/radiolifefm.com.br\/noticias\/#\/schema\/logo\/image\/\"},\"sameAs\":[\"https:\/\/www.facebook.com\/radiolifefm\/\",\"https:\/\/www.instagram.com\/life1079fm\/\"]},{\"@type\":\"Person\",\"@id\":\"https:\/\/radiolifefm.com.br\/noticias\/#\/schema\/person\/6339b9fac59d12b071dec680d7375d87\",\"name\":\"ritanery\",\"image\":{\"@type\":\"ImageObject\",\"inLanguage\":\"pt-BR\",\"@id\":\"https:\/\/secure.gravatar.com\/avatar\/0e37bb19071f47c0b8a23f62a903df117c5a0e75f65a0c2901562f97cd41cf86?s=96&d=mm&r=g\",\"url\":\"https:\/\/secure.gravatar.com\/avatar\/0e37bb19071f47c0b8a23f62a903df117c5a0e75f65a0c2901562f97cd41cf86?s=96&d=mm&r=g\",\"contentUrl\":\"https:\/\/secure.gravatar.com\/avatar\/0e37bb19071f47c0b8a23f62a903df117c5a0e75f65a0c2901562f97cd41cf86?s=96&d=mm&r=g\",\"caption\":\"ritanery\"}}]}<\/script>\n<!-- \/ Yoast SEO plugin. -->","yoast_head_json":{"title":"Programa Crian\u00e7a Feliz comemora dois anos de execu\u00e7\u00e3o em Adamantina - R\u00e1dio Life FM","robots":{"index":"index","follow":"follow","max-snippet":"max-snippet:-1","max-image-preview":"max-image-preview:large","max-video-preview":"max-video-preview:-1"},"canonical":"https:\/\/radiolifefm.com.br\/noticias\/programa-crianca-feliz-comemora-dois-anos-de-execucao-em-adamantina\/","og_locale":"pt_BR","og_type":"article","og_title":"Programa Crian\u00e7a Feliz comemora dois anos de execu\u00e7\u00e3o em Adamantina - R\u00e1dio Life FM","og_description":"O Programa Crian\u00e7a Feliz (PCF) completou ontem (10) dois anos de execu\u00e7\u00e3o em Adamantina. Durante esses 24 meses foram atendidas 262 fam\u00edlias, 329 pessoas visitadas e 18 visitadores passaram pelo programa. A a\u00e7\u00e3o atualmente conta com 142 atendidos, sendo 136 crian\u00e7as de 0 a 3 anos, uma crian\u00e7a acima de tr\u00eas anos que \u00e9 benefici\u00e1ria [&hellip;]","og_url":"https:\/\/radiolifefm.com.br\/noticias\/programa-crianca-feliz-comemora-dois-anos-de-execucao-em-adamantina\/","og_site_name":"R\u00e1dio Life FM","article_publisher":"https:\/\/www.facebook.com\/radiolifefm\/","article_published_time":"2022-07-11T18:18:25+00:00","article_modified_time":"2026-04-02T03:00:27+00:00","og_image":[{"width":286,"height":176,"url":"https:\/\/radiolifefm.com.br\/noticias\/wp-content\/uploads\/2022\/07\/download-4.jpg","type":"image\/jpeg"}],"author":"ritanery","twitter_card":"summary_large_image","twitter_misc":{"Escrito por":"ritanery","Est. tempo de leitura":"2 minutos"},"schema":{"@context":"https:\/\/schema.org","@graph":[{"@type":"Article","@id":"https:\/\/radiolifefm.com.br\/noticias\/programa-crianca-feliz-comemora-dois-anos-de-execucao-em-adamantina\/#article","isPartOf":{"@id":"https:\/\/radiolifefm.com.br\/noticias\/programa-crianca-feliz-comemora-dois-anos-de-execucao-em-adamantina\/"},"author":{"name":"ritanery","@id":"https:\/\/radiolifefm.com.br\/noticias\/#\/schema\/person\/6339b9fac59d12b071dec680d7375d87"},"headline":"Programa Crian\u00e7a Feliz comemora dois anos de execu\u00e7\u00e3o em Adamantina","datePublished":"2022-07-11T18:18:25+00:00","dateModified":"2026-04-02T03:00:27+00:00","mainEntityOfPage":{"@id":"https:\/\/radiolifefm.com.br\/noticias\/programa-crianca-feliz-comemora-dois-anos-de-execucao-em-adamantina\/"},"wordCount":368,"publisher":{"@id":"https:\/\/radiolifefm.com.br\/noticias\/#organization"},"image":{"@id":"https:\/\/radiolifefm.com.br\/noticias\/programa-crianca-feliz-comemora-dois-anos-de-execucao-em-adamantina\/#primaryimage"},"thumbnailUrl":"https:\/\/radiolifefm.com.br\/noticias\/wp-content\/uploads\/2022\/07\/download-4.jpg","articleSection":["Adamantina"],"inLanguage":"pt-BR"},{"@type":"WebPage","@id":"https:\/\/radiolifefm.com.br\/noticias\/programa-crianca-feliz-comemora-dois-anos-de-execucao-em-adamantina\/","url":"https:\/\/radiolifefm.com.br\/noticias\/programa-crianca-feliz-comemora-dois-anos-de-execucao-em-adamantina\/","name":"Programa Crian\u00e7a Feliz comemora dois anos de execu\u00e7\u00e3o em Adamantina - R\u00e1dio Life FM","isPartOf":{"@id":"https:\/\/radiolifefm.com.br\/noticias\/#website"},"primaryImageOfPage":{"@id":"https:\/\/radiolifefm.com.br\/noticias\/programa-crianca-feliz-comemora-dois-anos-de-execucao-em-adamantina\/#primaryimage"},"image":{"@id":"https:\/\/radiolifefm.com.br\/noticias\/programa-crianca-feliz-comemora-dois-anos-de-execucao-em-adamantina\/#primaryimage"},"thumbnailUrl":"https:\/\/radiolifefm.com.br\/noticias\/wp-content\/uploads\/2022\/07\/download-4.jpg","datePublished":"2022-07-11T18:18:25+00:00","dateModified":"2026-04-02T03:00:27+00:00","breadcrumb":{"@id":"https:\/\/radiolifefm.com.br\/noticias\/programa-crianca-feliz-comemora-dois-anos-de-execucao-em-adamantina\/#breadcrumb"},"inLanguage":"pt-BR","potentialAction":[{"@type":"ReadAction","target":["https:\/\/radiolifefm.com.br\/noticias\/programa-crianca-feliz-comemora-dois-anos-de-execucao-em-adamantina\/"]}]},{"@type":"ImageObject","inLanguage":"pt-BR","@id":"https:\/\/radiolifefm.com.br\/noticias\/programa-crianca-feliz-comemora-dois-anos-de-execucao-em-adamantina\/#primaryimage","url":"https:\/\/radiolifefm.com.br\/noticias\/wp-content\/uploads\/2022\/07\/download-4.jpg","contentUrl":"https:\/\/radiolifefm.com.br\/noticias\/wp-content\/uploads\/2022\/07\/download-4.jpg","width":286,"height":176},{"@type":"BreadcrumbList","@id":"https:\/\/radiolifefm.com.br\/noticias\/programa-crianca-feliz-comemora-dois-anos-de-execucao-em-adamantina\/#breadcrumb","itemListElement":[{"@type":"ListItem","position":1,"name":"In\u00edcio","item":"https:\/\/radiolifefm.com.br\/noticias\/"},{"@type":"ListItem","position":2,"name":"Programa Crian\u00e7a Feliz comemora dois anos de execu\u00e7\u00e3o em Adamantina"}]},{"@type":"WebSite","@id":"https:\/\/radiolifefm.com.br\/noticias\/#website","url":"https:\/\/radiolifefm.com.br\/noticias\/","name":"R\u00e1dio Life FM","description":"O Portal de Not\u00edcias de Adamantina","publisher":{"@id":"https:\/\/radiolifefm.com.br\/noticias\/#organization"},"alternateName":"Life FM","potentialAction":[{"@type":"SearchAction","target":{"@type":"EntryPoint","urlTemplate":"https:\/\/radiolifefm.com.br\/noticias\/?s={search_term_string}"},"query-input":{"@type":"PropertyValueSpecification","valueRequired":true,"valueName":"search_term_string"}}],"inLanguage":"pt-BR"},{"@type":"Organization","@id":"https:\/\/radiolifefm.com.br\/noticias\/#organization","name":"R\u00e1dio Life FM","alternateName":"Life FM","url":"https:\/\/radiolifefm.com.br\/noticias\/","logo":{"@type":"ImageObject","inLanguage":"pt-BR","@id":"https:\/\/radiolifefm.com.br\/noticias\/#\/schema\/logo\/image\/","url":"https:\/\/static.radiolifefm.com.br\/noticias\/wp-content\/uploads\/2019\/10\/logo-lifefm.png","contentUrl":"https:\/\/static.radiolifefm.com.br\/noticias\/wp-content\/uploads\/2019\/10\/logo-lifefm.png","width":196,"height":47,"caption":"R\u00e1dio Life FM"},"image":{"@id":"https:\/\/radiolifefm.com.br\/noticias\/#\/schema\/logo\/image\/"},"sameAs":["https:\/\/www.facebook.com\/radiolifefm\/","https:\/\/www.instagram.com\/life1079fm\/"]},{"@type":"Person","@id":"https:\/\/radiolifefm.com.br\/noticias\/#\/schema\/person\/6339b9fac59d12b071dec680d7375d87","name":"ritanery","image":{"@type":"ImageObject","inLanguage":"pt-BR","@id":"https:\/\/secure.gravatar.com\/avatar\/0e37bb19071f47c0b8a23f62a903df117c5a0e75f65a0c2901562f97cd41cf86?s=96&d=mm&r=g","url":"https:\/\/secure.gravatar.com\/avatar\/0e37bb19071f47c0b8a23f62a903df117c5a0e75f65a0c2901562f97cd41cf86?s=96&d=mm&r=g","contentUrl":"https:\/\/secure.gravatar.com\/avatar\/0e37bb19071f47c0b8a23f62a903df117c5a0e75f65a0c2901562f97cd41cf86?s=96&d=mm&r=g","caption":"ritanery"}}]}},"amp_enabled":true,"_links":{"self":[{"href":"https:\/\/radiolifefm.com.br\/noticias\/wp-json\/wp\/v2\/posts\/55754","targetHints":{"allow":["GET"]}}],"collection":[{"href":"https:\/\/radiolifefm.com.br\/noticias\/wp-json\/wp\/v2\/posts"}],"about":[{"href":"https:\/\/radiolifefm.com.br\/noticias\/wp-json\/wp\/v2\/types\/post"}],"author":[{"embeddable":true,"href":"https:\/\/radiolifefm.com.br\/noticias\/wp-json\/wp\/v2\/users\/13"}],"replies":[{"embeddable":true,"href":"https:\/\/radiolifefm.com.br\/noticias\/wp-json\/wp\/v2\/comments?post=55754"}],"version-history":[{"count":2,"href":"https:\/\/radiolifefm.com.br\/noticias\/wp-json\/wp\/v2\/posts\/55754\/revisions"}],"predecessor-version":[{"id":55757,"href":"https:\/\/radiolifefm.com.br\/noticias\/wp-json\/wp\/v2\/posts\/55754\/revisions\/55757"}],"wp:featuredmedia":[{"embeddable":true,"href":"https:\/\/radiolifefm.com.br\/noticias\/wp-json\/wp\/v2\/media\/55755"}],"wp:attachment":[{"href":"https:\/\/radiolifefm.com.br\/noticias\/wp-json\/wp\/v2\/media?parent=55754"}],"wp:term":[{"taxonomy":"category","embeddable":true,"href":"https:\/\/radiolifefm.com.br\/noticias\/wp-json\/wp\/v2\/categories?post=55754"},{"taxonomy":"post_tag","embeddable":true,"href":"https:\/\/radiolifefm.com.br\/noticias\/wp-json\/wp\/v2\/tags?post=55754"}],"curies":[{"name":"wp","href":"https:\/\/api.w.org\/{rel}","templated":true}]}}