{"id":55746,"date":"2022-07-11T14:11:30","date_gmt":"2022-07-11T17:11:30","guid":{"rendered":"https:\/\/radiolifefm.com.br\/noticias\/?p=55746"},"modified":"2026-04-13T00:02:23","modified_gmt":"2026-04-13T03:02:23","slug":"cavalgada-do-bem-dia-28-de-agosto-abre-programacao-da-expoverde-2022","status":"publish","type":"post","link":"https:\/\/radiolifefm.com.br\/noticias\/cavalgada-do-bem-dia-28-de-agosto-abre-programacao-da-expoverde-2022\/","title":{"rendered":"Cavalgada do Bem, dia 28 de agosto, abre programa\u00e7\u00e3o da Expoverde 2022"},"content":{"rendered":"<div id=\"fb-root\"><\/div>\n<p>&nbsp;<\/p>\n<p>A Cavalgada do Bem, com renda beneficente a duas institui\u00e7\u00f5es assistenciais de Adamantina e programada para o dia 28 de agosto, abre a programa\u00e7\u00e3o da Expoverde 2022. Ap\u00f3s o trajeto, ser\u00e1 servido almo\u00e7o. A renda da Cavalgada ser\u00e1 destinada \u00e0 Sociedade de S\u00e3o Vicente de Paulo e Casa da Sopa \u201cJoanna de Angelis\u201d.<\/p>\n<p>Conforme divulgou o jornal Di\u00e1rio do Oeste, o ponto de partida da Cavalgada do Bem ser\u00e1 no Campus III do Centro Universit\u00e1rio de Adamantina (UniFAI), com previs\u00e3o de sa\u00edda para as 10h. O percurso atravessa a cidade e termina na sede da Associa\u00e7\u00e3o dos Servidores P\u00fablicos de Adamantina (Aspuma), onde ser\u00e1 servido o almo\u00e7o, das 12h \u00e0s 15h30. O evento segue at\u00e9 \u00e0s 18h, com m\u00fasica ao vivo.<\/p>\n<p>O almo\u00e7o ter\u00e1 o valor de R$ 30 para cavaleiros montados (1 por cavalo e dois por charrete) e R$ 40 para o p\u00fablico em geral. Crian\u00e7as at\u00e9 10 anos acompanhadas dos participantes n\u00e3o pagam, mas \u00e9 preciso apresentar documento comprovando a idade.<\/p>\n<p>No card\u00e1pio do almo\u00e7o, preparado por volunt\u00e1rios, ser\u00e3o servidos arroz, feij\u00e3o gordo, carne bovina, su\u00edna e lingui\u00e7a, mandioca, salada e farofa. Durante o evento ser\u00e3o comercializadas ainda bebidas (cerveja, refrigerante e \u00e1gua mineral).<\/p>\n<p>Mais informa\u00e7\u00f5es sobre a cavalgada podem ser obtidas com os representantes da comiss\u00e3o organizadora: Matheus Campos Garcia Parra (18) 98135-2410, Gustavo Mitsuaki Namba (18) 99678- 9852 e Rafael Marcos Dalbelo (18) 99792-9195.<\/p>\n<p>A Expoverde acontece de 31 de agosto a 4 de setembro, no Recinto Poliesportivo de Adamantina.<\/p>\n<p>&nbsp;<\/p>\n<p>Fonte: Siga Mais<\/p>\n","protected":false},"excerpt":{"rendered":"<p>&nbsp; A Cavalgada do Bem, com renda beneficente a duas institui\u00e7\u00f5es assistenciais de Adamantina e programada para o dia 28 de agosto, abre a programa\u00e7\u00e3o da Expoverde 2022. Ap\u00f3s o trajeto, ser\u00e1 servido almo\u00e7o. A renda da Cavalgada ser\u00e1 destinada \u00e0 Sociedade de S\u00e3o Vicente de Paulo e Casa da Sopa \u201cJoanna de Angelis\u201d. Conforme [&hellip;]<\/p>\n","protected":false},"author":13,"featured_media":55747,"comment_status":"closed","ping_status":"open","sticky":false,"template":"","format":"standard","meta":{"_acf_changed":false,"_exactmetrics_skip_tracking":false,"_exactmetrics_sitenote_active":false,"_exactmetrics_sitenote_note":"","_exactmetrics_sitenote_category":0,"footnotes":""},"categories":[21],"tags":[],"class_list":["post-55746","post","type-post","status-publish","format-standard","has-post-thumbnail","hentry","category-adamantina"],"acf":[],"yoast_head":"<!-- This site is optimized with the Yoast SEO plugin v27.2 - https:\/\/yoast.com\/product\/yoast-seo-wordpress\/ -->\n<title>Cavalgada do Bem, dia 28 de agosto, abre programa\u00e7\u00e3o da Expoverde 2022 - R\u00e1dio Life FM<\/title>\n<meta name=\"robots\" content=\"index, follow, max-snippet:-1, max-image-preview:large, max-video-preview:-1\" \/>\n<link rel=\"canonical\" href=\"https:\/\/radiolifefm.com.br\/noticias\/cavalgada-do-bem-dia-28-de-agosto-abre-programacao-da-expoverde-2022\/\" \/>\n<meta property=\"og:locale\" content=\"pt_BR\" \/>\n<meta property=\"og:type\" content=\"article\" \/>\n<meta property=\"og:title\" content=\"Cavalgada do Bem, dia 28 de agosto, abre programa\u00e7\u00e3o da Expoverde 2022 - R\u00e1dio Life FM\" \/>\n<meta property=\"og:description\" content=\"&nbsp; A Cavalgada do Bem, com renda beneficente a duas institui\u00e7\u00f5es assistenciais de Adamantina e programada para o dia 28 de agosto, abre a programa\u00e7\u00e3o da Expoverde 2022. Ap\u00f3s o trajeto, ser\u00e1 servido almo\u00e7o. A renda da Cavalgada ser\u00e1 destinada \u00e0 Sociedade de S\u00e3o Vicente de Paulo e Casa da Sopa \u201cJoanna de Angelis\u201d. Conforme [&hellip;]\" \/>\n<meta property=\"og:url\" content=\"https:\/\/radiolifefm.com.br\/noticias\/cavalgada-do-bem-dia-28-de-agosto-abre-programacao-da-expoverde-2022\/\" \/>\n<meta property=\"og:site_name\" content=\"R\u00e1dio Life FM\" \/>\n<meta property=\"article:publisher\" content=\"https:\/\/www.facebook.com\/radiolifefm\/\" \/>\n<meta property=\"article:published_time\" content=\"2022-07-11T17:11:30+00:00\" \/>\n<meta property=\"article:modified_time\" content=\"2026-04-13T03:02:23+00:00\" \/>\n<meta property=\"og:image\" content=\"https:\/\/radiolifefm.com.br\/noticias\/wp-content\/uploads\/2022\/07\/cavalgadapng165755182762cc3bd3ddd16.jpg\" \/>\n\t<meta property=\"og:image:width\" content=\"600\" \/>\n\t<meta property=\"og:image:height\" content=\"337\" \/>\n\t<meta property=\"og:image:type\" content=\"image\/jpeg\" \/>\n<meta name=\"author\" content=\"ritanery\" \/>\n<meta name=\"twitter:card\" content=\"summary_large_image\" \/>\n<meta name=\"twitter:label1\" content=\"Escrito por\" \/>\n\t<meta name=\"twitter:data1\" content=\"ritanery\" \/>\n\t<meta name=\"twitter:label2\" content=\"Est. tempo de leitura\" \/>\n\t<meta name=\"twitter:data2\" content=\"1 minuto\" \/>\n<script type=\"application\/ld+json\" class=\"yoast-schema-graph\">{\"@context\":\"https:\/\/schema.org\",\"@graph\":[{\"@type\":\"Article\",\"@id\":\"https:\/\/radiolifefm.com.br\/noticias\/cavalgada-do-bem-dia-28-de-agosto-abre-programacao-da-expoverde-2022\/#article\",\"isPartOf\":{\"@id\":\"https:\/\/radiolifefm.com.br\/noticias\/cavalgada-do-bem-dia-28-de-agosto-abre-programacao-da-expoverde-2022\/\"},\"author\":{\"name\":\"ritanery\",\"@id\":\"https:\/\/radiolifefm.com.br\/noticias\/#\/schema\/person\/6339b9fac59d12b071dec680d7375d87\"},\"headline\":\"Cavalgada do Bem, dia 28 de agosto, abre programa\u00e7\u00e3o da Expoverde 2022\",\"datePublished\":\"2022-07-11T17:11:30+00:00\",\"dateModified\":\"2026-04-13T03:02:23+00:00\",\"mainEntityOfPage\":{\"@id\":\"https:\/\/radiolifefm.com.br\/noticias\/cavalgada-do-bem-dia-28-de-agosto-abre-programacao-da-expoverde-2022\/\"},\"wordCount\":274,\"publisher\":{\"@id\":\"https:\/\/radiolifefm.com.br\/noticias\/#organization\"},\"image\":{\"@id\":\"https:\/\/radiolifefm.com.br\/noticias\/cavalgada-do-bem-dia-28-de-agosto-abre-programacao-da-expoverde-2022\/#primaryimage\"},\"thumbnailUrl\":\"https:\/\/radiolifefm.com.br\/noticias\/wp-content\/uploads\/2022\/07\/cavalgadapng165755182762cc3bd3ddd16.jpg\",\"articleSection\":[\"Adamantina\"],\"inLanguage\":\"pt-BR\"},{\"@type\":\"WebPage\",\"@id\":\"https:\/\/radiolifefm.com.br\/noticias\/cavalgada-do-bem-dia-28-de-agosto-abre-programacao-da-expoverde-2022\/\",\"url\":\"https:\/\/radiolifefm.com.br\/noticias\/cavalgada-do-bem-dia-28-de-agosto-abre-programacao-da-expoverde-2022\/\",\"name\":\"Cavalgada do Bem, dia 28 de agosto, abre programa\u00e7\u00e3o da Expoverde 2022 - R\u00e1dio Life FM\",\"isPartOf\":{\"@id\":\"https:\/\/radiolifefm.com.br\/noticias\/#website\"},\"primaryImageOfPage\":{\"@id\":\"https:\/\/radiolifefm.com.br\/noticias\/cavalgada-do-bem-dia-28-de-agosto-abre-programacao-da-expoverde-2022\/#primaryimage\"},\"image\":{\"@id\":\"https:\/\/radiolifefm.com.br\/noticias\/cavalgada-do-bem-dia-28-de-agosto-abre-programacao-da-expoverde-2022\/#primaryimage\"},\"thumbnailUrl\":\"https:\/\/radiolifefm.com.br\/noticias\/wp-content\/uploads\/2022\/07\/cavalgadapng165755182762cc3bd3ddd16.jpg\",\"datePublished\":\"2022-07-11T17:11:30+00:00\",\"dateModified\":\"2026-04-13T03:02:23+00:00\",\"breadcrumb\":{\"@id\":\"https:\/\/radiolifefm.com.br\/noticias\/cavalgada-do-bem-dia-28-de-agosto-abre-programacao-da-expoverde-2022\/#breadcrumb\"},\"inLanguage\":\"pt-BR\",\"potentialAction\":[{\"@type\":\"ReadAction\",\"target\":[\"https:\/\/radiolifefm.com.br\/noticias\/cavalgada-do-bem-dia-28-de-agosto-abre-programacao-da-expoverde-2022\/\"]}]},{\"@type\":\"ImageObject\",\"inLanguage\":\"pt-BR\",\"@id\":\"https:\/\/radiolifefm.com.br\/noticias\/cavalgada-do-bem-dia-28-de-agosto-abre-programacao-da-expoverde-2022\/#primaryimage\",\"url\":\"https:\/\/radiolifefm.com.br\/noticias\/wp-content\/uploads\/2022\/07\/cavalgadapng165755182762cc3bd3ddd16.jpg\",\"contentUrl\":\"https:\/\/radiolifefm.com.br\/noticias\/wp-content\/uploads\/2022\/07\/cavalgadapng165755182762cc3bd3ddd16.jpg\",\"width\":600,\"height\":337,\"caption\":\"Cavalgada volta a ser realizada em Adamantina (Arquivo).\"},{\"@type\":\"BreadcrumbList\",\"@id\":\"https:\/\/radiolifefm.com.br\/noticias\/cavalgada-do-bem-dia-28-de-agosto-abre-programacao-da-expoverde-2022\/#breadcrumb\",\"itemListElement\":[{\"@type\":\"ListItem\",\"position\":1,\"name\":\"In\u00edcio\",\"item\":\"https:\/\/radiolifefm.com.br\/noticias\/\"},{\"@type\":\"ListItem\",\"position\":2,\"name\":\"Cavalgada do Bem, dia 28 de agosto, abre programa\u00e7\u00e3o da Expoverde 2022\"}]},{\"@type\":\"WebSite\",\"@id\":\"https:\/\/radiolifefm.com.br\/noticias\/#website\",\"url\":\"https:\/\/radiolifefm.com.br\/noticias\/\",\"name\":\"R\u00e1dio Life FM\",\"description\":\"O Portal de Not\u00edcias de Adamantina\",\"publisher\":{\"@id\":\"https:\/\/radiolifefm.com.br\/noticias\/#organization\"},\"alternateName\":\"Life FM\",\"potentialAction\":[{\"@type\":\"SearchAction\",\"target\":{\"@type\":\"EntryPoint\",\"urlTemplate\":\"https:\/\/radiolifefm.com.br\/noticias\/?s={search_term_string}\"},\"query-input\":{\"@type\":\"PropertyValueSpecification\",\"valueRequired\":true,\"valueName\":\"search_term_string\"}}],\"inLanguage\":\"pt-BR\"},{\"@type\":\"Organization\",\"@id\":\"https:\/\/radiolifefm.com.br\/noticias\/#organization\",\"name\":\"R\u00e1dio Life FM\",\"alternateName\":\"Life FM\",\"url\":\"https:\/\/radiolifefm.com.br\/noticias\/\",\"logo\":{\"@type\":\"ImageObject\",\"inLanguage\":\"pt-BR\",\"@id\":\"https:\/\/radiolifefm.com.br\/noticias\/#\/schema\/logo\/image\/\",\"url\":\"https:\/\/static.radiolifefm.com.br\/noticias\/wp-content\/uploads\/2019\/10\/logo-lifefm.png\",\"contentUrl\":\"https:\/\/static.radiolifefm.com.br\/noticias\/wp-content\/uploads\/2019\/10\/logo-lifefm.png\",\"width\":196,\"height\":47,\"caption\":\"R\u00e1dio Life FM\"},\"image\":{\"@id\":\"https:\/\/radiolifefm.com.br\/noticias\/#\/schema\/logo\/image\/\"},\"sameAs\":[\"https:\/\/www.facebook.com\/radiolifefm\/\",\"https:\/\/www.instagram.com\/life1079fm\/\"]},{\"@type\":\"Person\",\"@id\":\"https:\/\/radiolifefm.com.br\/noticias\/#\/schema\/person\/6339b9fac59d12b071dec680d7375d87\",\"name\":\"ritanery\",\"image\":{\"@type\":\"ImageObject\",\"inLanguage\":\"pt-BR\",\"@id\":\"https:\/\/secure.gravatar.com\/avatar\/0e37bb19071f47c0b8a23f62a903df117c5a0e75f65a0c2901562f97cd41cf86?s=96&d=mm&r=g\",\"url\":\"https:\/\/secure.gravatar.com\/avatar\/0e37bb19071f47c0b8a23f62a903df117c5a0e75f65a0c2901562f97cd41cf86?s=96&d=mm&r=g\",\"contentUrl\":\"https:\/\/secure.gravatar.com\/avatar\/0e37bb19071f47c0b8a23f62a903df117c5a0e75f65a0c2901562f97cd41cf86?s=96&d=mm&r=g\",\"caption\":\"ritanery\"}}]}<\/script>\n<!-- \/ Yoast SEO plugin. -->","yoast_head_json":{"title":"Cavalgada do Bem, dia 28 de agosto, abre programa\u00e7\u00e3o da Expoverde 2022 - R\u00e1dio Life FM","robots":{"index":"index","follow":"follow","max-snippet":"max-snippet:-1","max-image-preview":"max-image-preview:large","max-video-preview":"max-video-preview:-1"},"canonical":"https:\/\/radiolifefm.com.br\/noticias\/cavalgada-do-bem-dia-28-de-agosto-abre-programacao-da-expoverde-2022\/","og_locale":"pt_BR","og_type":"article","og_title":"Cavalgada do Bem, dia 28 de agosto, abre programa\u00e7\u00e3o da Expoverde 2022 - R\u00e1dio Life FM","og_description":"&nbsp; A Cavalgada do Bem, com renda beneficente a duas institui\u00e7\u00f5es assistenciais de Adamantina e programada para o dia 28 de agosto, abre a programa\u00e7\u00e3o da Expoverde 2022. Ap\u00f3s o trajeto, ser\u00e1 servido almo\u00e7o. A renda da Cavalgada ser\u00e1 destinada \u00e0 Sociedade de S\u00e3o Vicente de Paulo e Casa da Sopa \u201cJoanna de Angelis\u201d. Conforme [&hellip;]","og_url":"https:\/\/radiolifefm.com.br\/noticias\/cavalgada-do-bem-dia-28-de-agosto-abre-programacao-da-expoverde-2022\/","og_site_name":"R\u00e1dio Life FM","article_publisher":"https:\/\/www.facebook.com\/radiolifefm\/","article_published_time":"2022-07-11T17:11:30+00:00","article_modified_time":"2026-04-13T03:02:23+00:00","og_image":[{"width":600,"height":337,"url":"https:\/\/radiolifefm.com.br\/noticias\/wp-content\/uploads\/2022\/07\/cavalgadapng165755182762cc3bd3ddd16.jpg","type":"image\/jpeg"}],"author":"ritanery","twitter_card":"summary_large_image","twitter_misc":{"Escrito por":"ritanery","Est. tempo de leitura":"1 minuto"},"schema":{"@context":"https:\/\/schema.org","@graph":[{"@type":"Article","@id":"https:\/\/radiolifefm.com.br\/noticias\/cavalgada-do-bem-dia-28-de-agosto-abre-programacao-da-expoverde-2022\/#article","isPartOf":{"@id":"https:\/\/radiolifefm.com.br\/noticias\/cavalgada-do-bem-dia-28-de-agosto-abre-programacao-da-expoverde-2022\/"},"author":{"name":"ritanery","@id":"https:\/\/radiolifefm.com.br\/noticias\/#\/schema\/person\/6339b9fac59d12b071dec680d7375d87"},"headline":"Cavalgada do Bem, dia 28 de agosto, abre programa\u00e7\u00e3o da Expoverde 2022","datePublished":"2022-07-11T17:11:30+00:00","dateModified":"2026-04-13T03:02:23+00:00","mainEntityOfPage":{"@id":"https:\/\/radiolifefm.com.br\/noticias\/cavalgada-do-bem-dia-28-de-agosto-abre-programacao-da-expoverde-2022\/"},"wordCount":274,"publisher":{"@id":"https:\/\/radiolifefm.com.br\/noticias\/#organization"},"image":{"@id":"https:\/\/radiolifefm.com.br\/noticias\/cavalgada-do-bem-dia-28-de-agosto-abre-programacao-da-expoverde-2022\/#primaryimage"},"thumbnailUrl":"https:\/\/radiolifefm.com.br\/noticias\/wp-content\/uploads\/2022\/07\/cavalgadapng165755182762cc3bd3ddd16.jpg","articleSection":["Adamantina"],"inLanguage":"pt-BR"},{"@type":"WebPage","@id":"https:\/\/radiolifefm.com.br\/noticias\/cavalgada-do-bem-dia-28-de-agosto-abre-programacao-da-expoverde-2022\/","url":"https:\/\/radiolifefm.com.br\/noticias\/cavalgada-do-bem-dia-28-de-agosto-abre-programacao-da-expoverde-2022\/","name":"Cavalgada do Bem, dia 28 de agosto, abre programa\u00e7\u00e3o da Expoverde 2022 - R\u00e1dio Life FM","isPartOf":{"@id":"https:\/\/radiolifefm.com.br\/noticias\/#website"},"primaryImageOfPage":{"@id":"https:\/\/radiolifefm.com.br\/noticias\/cavalgada-do-bem-dia-28-de-agosto-abre-programacao-da-expoverde-2022\/#primaryimage"},"image":{"@id":"https:\/\/radiolifefm.com.br\/noticias\/cavalgada-do-bem-dia-28-de-agosto-abre-programacao-da-expoverde-2022\/#primaryimage"},"thumbnailUrl":"https:\/\/radiolifefm.com.br\/noticias\/wp-content\/uploads\/2022\/07\/cavalgadapng165755182762cc3bd3ddd16.jpg","datePublished":"2022-07-11T17:11:30+00:00","dateModified":"2026-04-13T03:02:23+00:00","breadcrumb":{"@id":"https:\/\/radiolifefm.com.br\/noticias\/cavalgada-do-bem-dia-28-de-agosto-abre-programacao-da-expoverde-2022\/#breadcrumb"},"inLanguage":"pt-BR","potentialAction":[{"@type":"ReadAction","target":["https:\/\/radiolifefm.com.br\/noticias\/cavalgada-do-bem-dia-28-de-agosto-abre-programacao-da-expoverde-2022\/"]}]},{"@type":"ImageObject","inLanguage":"pt-BR","@id":"https:\/\/radiolifefm.com.br\/noticias\/cavalgada-do-bem-dia-28-de-agosto-abre-programacao-da-expoverde-2022\/#primaryimage","url":"https:\/\/radiolifefm.com.br\/noticias\/wp-content\/uploads\/2022\/07\/cavalgadapng165755182762cc3bd3ddd16.jpg","contentUrl":"https:\/\/radiolifefm.com.br\/noticias\/wp-content\/uploads\/2022\/07\/cavalgadapng165755182762cc3bd3ddd16.jpg","width":600,"height":337,"caption":"Cavalgada volta a ser realizada em Adamantina (Arquivo)."},{"@type":"BreadcrumbList","@id":"https:\/\/radiolifefm.com.br\/noticias\/cavalgada-do-bem-dia-28-de-agosto-abre-programacao-da-expoverde-2022\/#breadcrumb","itemListElement":[{"@type":"ListItem","position":1,"name":"In\u00edcio","item":"https:\/\/radiolifefm.com.br\/noticias\/"},{"@type":"ListItem","position":2,"name":"Cavalgada do Bem, dia 28 de agosto, abre programa\u00e7\u00e3o da Expoverde 2022"}]},{"@type":"WebSite","@id":"https:\/\/radiolifefm.com.br\/noticias\/#website","url":"https:\/\/radiolifefm.com.br\/noticias\/","name":"R\u00e1dio Life FM","description":"O Portal de Not\u00edcias de Adamantina","publisher":{"@id":"https:\/\/radiolifefm.com.br\/noticias\/#organization"},"alternateName":"Life FM","potentialAction":[{"@type":"SearchAction","target":{"@type":"EntryPoint","urlTemplate":"https:\/\/radiolifefm.com.br\/noticias\/?s={search_term_string}"},"query-input":{"@type":"PropertyValueSpecification","valueRequired":true,"valueName":"search_term_string"}}],"inLanguage":"pt-BR"},{"@type":"Organization","@id":"https:\/\/radiolifefm.com.br\/noticias\/#organization","name":"R\u00e1dio Life FM","alternateName":"Life FM","url":"https:\/\/radiolifefm.com.br\/noticias\/","logo":{"@type":"ImageObject","inLanguage":"pt-BR","@id":"https:\/\/radiolifefm.com.br\/noticias\/#\/schema\/logo\/image\/","url":"https:\/\/static.radiolifefm.com.br\/noticias\/wp-content\/uploads\/2019\/10\/logo-lifefm.png","contentUrl":"https:\/\/static.radiolifefm.com.br\/noticias\/wp-content\/uploads\/2019\/10\/logo-lifefm.png","width":196,"height":47,"caption":"R\u00e1dio Life FM"},"image":{"@id":"https:\/\/radiolifefm.com.br\/noticias\/#\/schema\/logo\/image\/"},"sameAs":["https:\/\/www.facebook.com\/radiolifefm\/","https:\/\/www.instagram.com\/life1079fm\/"]},{"@type":"Person","@id":"https:\/\/radiolifefm.com.br\/noticias\/#\/schema\/person\/6339b9fac59d12b071dec680d7375d87","name":"ritanery","image":{"@type":"ImageObject","inLanguage":"pt-BR","@id":"https:\/\/secure.gravatar.com\/avatar\/0e37bb19071f47c0b8a23f62a903df117c5a0e75f65a0c2901562f97cd41cf86?s=96&d=mm&r=g","url":"https:\/\/secure.gravatar.com\/avatar\/0e37bb19071f47c0b8a23f62a903df117c5a0e75f65a0c2901562f97cd41cf86?s=96&d=mm&r=g","contentUrl":"https:\/\/secure.gravatar.com\/avatar\/0e37bb19071f47c0b8a23f62a903df117c5a0e75f65a0c2901562f97cd41cf86?s=96&d=mm&r=g","caption":"ritanery"}}]}},"amp_enabled":true,"_links":{"self":[{"href":"https:\/\/radiolifefm.com.br\/noticias\/wp-json\/wp\/v2\/posts\/55746","targetHints":{"allow":["GET"]}}],"collection":[{"href":"https:\/\/radiolifefm.com.br\/noticias\/wp-json\/wp\/v2\/posts"}],"about":[{"href":"https:\/\/radiolifefm.com.br\/noticias\/wp-json\/wp\/v2\/types\/post"}],"author":[{"embeddable":true,"href":"https:\/\/radiolifefm.com.br\/noticias\/wp-json\/wp\/v2\/users\/13"}],"replies":[{"embeddable":true,"href":"https:\/\/radiolifefm.com.br\/noticias\/wp-json\/wp\/v2\/comments?post=55746"}],"version-history":[{"count":2,"href":"https:\/\/radiolifefm.com.br\/noticias\/wp-json\/wp\/v2\/posts\/55746\/revisions"}],"predecessor-version":[{"id":55749,"href":"https:\/\/radiolifefm.com.br\/noticias\/wp-json\/wp\/v2\/posts\/55746\/revisions\/55749"}],"wp:featuredmedia":[{"embeddable":true,"href":"https:\/\/radiolifefm.com.br\/noticias\/wp-json\/wp\/v2\/media\/55747"}],"wp:attachment":[{"href":"https:\/\/radiolifefm.com.br\/noticias\/wp-json\/wp\/v2\/media?parent=55746"}],"wp:term":[{"taxonomy":"category","embeddable":true,"href":"https:\/\/radiolifefm.com.br\/noticias\/wp-json\/wp\/v2\/categories?post=55746"},{"taxonomy":"post_tag","embeddable":true,"href":"https:\/\/radiolifefm.com.br\/noticias\/wp-json\/wp\/v2\/tags?post=55746"}],"curies":[{"name":"wp","href":"https:\/\/api.w.org\/{rel}","templated":true}]}}