{"id":55603,"date":"2022-07-08T22:32:25","date_gmt":"2022-07-09T01:32:25","guid":{"rendered":"https:\/\/radiolifefm.com.br\/noticias\/?p=55603"},"modified":"2026-04-26T14:27:28","modified_gmt":"2026-04-26T17:27:28","slug":"villa-anna-residencial-de-idosos-completa-10-anos-de-dedicacao-e-amor-as-pessoas-da-melhor-idade","status":"publish","type":"post","link":"https:\/\/radiolifefm.com.br\/noticias\/villa-anna-residencial-de-idosos-completa-10-anos-de-dedicacao-e-amor-as-pessoas-da-melhor-idade\/","title":{"rendered":"Villa Anna residencial de idosos completa 10 anos de dedica\u00e7\u00e3o e amor as pessoas da melhor idade"},"content":{"rendered":"<div id=\"fb-root\"><\/div>\n<p>As comemora\u00e7\u00f5es pelos 10 anos do residencial de idosos Villa Anna foram marcadas por muita emo\u00e7\u00e3o, com programa\u00e7\u00e3o especial realizada pela propriet\u00e1ria Ana Karina Romanini Figueiredo e a gerente geral Renata Silva Morais, nesta quinta-feira (07), envolvendo hospedes e funcion\u00e1rios.<\/p>\n<div class='flex flex-wrap items-center -mx-1'>\r\n<a class='thumbnail gallery p-1 w-1\/2 md:w-1\/4' href='https:\/\/radiolifefm.com.br\/noticias\/wp-content\/uploads\/2022\/07\/WhatsApp-Image-2022-07-08-at-22.26.27-1.jpeg'><img class='border border-white' src='https:\/\/radiolifefm.com.br\/noticias\/wp-content\/uploads\/2022\/07\/WhatsApp-Image-2022-07-08-at-22.26.27-1-200x200.jpeg' alt='WhatsApp Image 2022 07 08 At 22.26.27 (1)' \/><\/a><a class='thumbnail gallery p-1 w-1\/2 md:w-1\/4' href='https:\/\/radiolifefm.com.br\/noticias\/wp-content\/uploads\/2022\/07\/WhatsApp-Image-2022-07-08-at-22.26.28.jpeg'><img class='border border-white' src='https:\/\/radiolifefm.com.br\/noticias\/wp-content\/uploads\/2022\/07\/WhatsApp-Image-2022-07-08-at-22.26.28-200x200.jpeg' alt='WhatsApp Image 2022 07 08 At 22.26.28' \/><\/a><a class='thumbnail gallery p-1 w-1\/2 md:w-1\/4' href='https:\/\/radiolifefm.com.br\/noticias\/wp-content\/uploads\/2022\/07\/WhatsApp-Image-2022-07-08-at-22.26.22.jpeg'><img class='border border-white' src='https:\/\/radiolifefm.com.br\/noticias\/wp-content\/uploads\/2022\/07\/WhatsApp-Image-2022-07-08-at-22.26.22-200x200.jpeg' alt='WhatsApp Image 2022 07 08 At 22.26.22' \/><\/a><\/div>\n<p>No per\u00edodo da manh\u00e3 o \u201cpassarinho\u201d contou hist\u00f3rias e a tarde a Banda Marcial fez uma linda apresenta\u00e7\u00e3o alegrando e emocionando a todos.<\/p>\n<p><img loading=\"lazy\" decoding=\"async\" class=\"size-medium wp-image-55605 aligncenter\" src=\"https:\/\/static.radiolifefm.com.br\/wp-content\/uploads\/sites\/2\/2022\/07\/WhatsApp-Image-2022-07-08-at-22.26.28-1-300x225.jpeg\" alt=\"\" width=\"300\" height=\"225\" srcset=\"https:\/\/radiolifefm.com.br\/noticias\/wp-content\/uploads\/2022\/07\/WhatsApp-Image-2022-07-08-at-22.26.28-1-300x225.jpeg 300w, https:\/\/radiolifefm.com.br\/noticias\/wp-content\/uploads\/2022\/07\/WhatsApp-Image-2022-07-08-at-22.26.28-1-1024x768.jpeg 1024w, https:\/\/radiolifefm.com.br\/noticias\/wp-content\/uploads\/2022\/07\/WhatsApp-Image-2022-07-08-at-22.26.28-1-768x576.jpeg 768w, https:\/\/radiolifefm.com.br\/noticias\/wp-content\/uploads\/2022\/07\/WhatsApp-Image-2022-07-08-at-22.26.28-1-1536x1152.jpeg 1536w, https:\/\/radiolifefm.com.br\/noticias\/wp-content\/uploads\/2022\/07\/WhatsApp-Image-2022-07-08-at-22.26.28-1.jpeg 1600w\" sizes=\"auto, (max-width: 300px) 100vw, 300px\" \/><\/p>\n<p>O residencial de idosos Villa Anna ao longo desses 10 anos de hist\u00f3ria se destaca na regi\u00e3o de Adamantina por oferecer \u00e0s pessoas de melhor idade hospedagem completa com servi\u00e7os de enfermagem 24 horas.<\/p>\n<p>A miss\u00e3o principal \u00e9 garantir a sa\u00fade integral do idoso e bem-estar atrav\u00e9s de cuidados essenciais que as pessoas da melhor idade precisam, prevalecendo o amor, respeito e acolhimento.<\/p>\n<p>O Villa Anna oferece hospedagem, avalia\u00e7\u00e3o e acompanhamento m\u00e9dico, 6 refei\u00e7\u00f5es di\u00e1rias balanceadas por nutricionista e servi\u00e7os de hotelaria completo, com a realiza\u00e7\u00e3o de atividades interdisciplinares e integra\u00e7\u00e3o social.<\/p>\n<p>O residencial entende que o acesso da fam\u00edlia aos h\u00f3spedes \u00e9 fundamental para que tenham a tranquilidade e a certeza de que seu familiar est\u00e1 sendo cuidado por profissionais qualificados, da melhor maneira poss\u00edvel. Al\u00e9m disso, para que desfrutem ao m\u00e1ximo do prazer da conviv\u00eancia familiar.<\/p>\n<p>O Villa Anna foi projetado para que os h\u00f3spedes sintam \u2013 se em casa tem sala de tv, quartos aconchegantes, \u00e1rea externa com mesa, bancos, cadeiras de \u00e1rea, muito verde, horta, piscina, banheiros toda estrutura foi adaptada para preven\u00e7\u00e3o de acidentes dom\u00e9sticos, garantindo acessibilidade e seguran\u00e7a sem perder a ess\u00eancia do ambiente acolhedor tudo para que eles sintam \u2013 se em casa e posam receber seus familiares com muito conforto.<\/p>\n<p>Durante entrevista \u00e0 Lucia Prado, rep\u00f3rter da Life FM Ana Karina, propriet\u00e1ria disse: \u201c\u00e9 um problema cultural e regional, achar que hospedar o familiar \u00e9 sin\u00f4nimo de abandono, na verdade o verdadeiro abandono \u00e9 quando o idoso fica em casa sozinho, sem cuidados e ningu\u00e9m para conversar ou na casa de algu\u00e9m que n\u00e3o tem tempo devido as correrias da vida n\u00e3o tem os cuidados essenciais, rem\u00e9dios na hora certa, refei\u00e7\u00f5es balanceada nos hor\u00e1rios adequados, \u00e9 preciso repensar e mudar o conceito sobre cuidados, respeito e amor oferecido as pessoas de melhor idade\u201d, finaliza.<\/p>\n<div class='flex flex-wrap items-center -mx-1'>\r\n<a class='thumbnail gallery p-1 w-1\/2 md:w-1\/4' href='https:\/\/radiolifefm.com.br\/noticias\/wp-content\/uploads\/2022\/07\/WhatsApp-Image-2022-07-08-at-22.26.25-1.jpeg'><img class='border border-white' src='https:\/\/radiolifefm.com.br\/noticias\/wp-content\/uploads\/2022\/07\/WhatsApp-Image-2022-07-08-at-22.26.25-1-200x200.jpeg' alt='WhatsApp Image 2022 07 08 At 22.26.25 (1)' \/><\/a><a class='thumbnail gallery p-1 w-1\/2 md:w-1\/4' href='https:\/\/radiolifefm.com.br\/noticias\/wp-content\/uploads\/2022\/07\/WhatsApp-Image-2022-07-08-at-22.26.25.jpeg'><img class='border border-white' src='https:\/\/radiolifefm.com.br\/noticias\/wp-content\/uploads\/2022\/07\/WhatsApp-Image-2022-07-08-at-22.26.25-200x200.jpeg' alt='WhatsApp Image 2022 07 08 At 22.26.25' \/><\/a><a class='thumbnail gallery p-1 w-1\/2 md:w-1\/4' href='https:\/\/radiolifefm.com.br\/noticias\/wp-content\/uploads\/2022\/07\/WhatsApp-Image-2022-07-08-at-22.26.22-1.jpeg'><img class='border border-white' src='https:\/\/radiolifefm.com.br\/noticias\/wp-content\/uploads\/2022\/07\/WhatsApp-Image-2022-07-08-at-22.26.22-1-200x200.jpeg' alt='WhatsApp Image 2022 07 08 At 22.26.22 (1)' \/><\/a><\/div>\n<p>Quanto aos servi\u00e7os e planos oferecidos no residencial de idosos Villa Anna a gerente geral Renata destaca: &#8220;s\u00e3o planos flex\u00edveis de hospedagem, que se adaptam \u00e0s necessidades de cada h\u00f3spede\u201d.<\/p>\n<p>&nbsp;<\/p>\n<div class='flex flex-wrap items-center -mx-1'>\r\n<a class='thumbnail gallery p-1 w-1\/2 md:w-1\/4' href='https:\/\/radiolifefm.com.br\/noticias\/wp-content\/uploads\/2022\/07\/WhatsApp-Image-2022-07-08-at-22.26.27.jpeg'><img class='border border-white' src='https:\/\/radiolifefm.com.br\/noticias\/wp-content\/uploads\/2022\/07\/WhatsApp-Image-2022-07-08-at-22.26.27-200x200.jpeg' alt='WhatsApp Image 2022 07 08 At 22.26.27' \/><\/a><a class='thumbnail gallery p-1 w-1\/2 md:w-1\/4' href='https:\/\/radiolifefm.com.br\/noticias\/wp-content\/uploads\/2022\/07\/WhatsApp-Image-2022-07-08-at-22.26.26-2.jpeg'><img class='border border-white' src='https:\/\/radiolifefm.com.br\/noticias\/wp-content\/uploads\/2022\/07\/WhatsApp-Image-2022-07-08-at-22.26.26-2-200x200.jpeg' alt='WhatsApp Image 2022 07 08 At 22.26.26 (2)' \/><\/a><a class='thumbnail gallery p-1 w-1\/2 md:w-1\/4' href='https:\/\/radiolifefm.com.br\/noticias\/wp-content\/uploads\/2022\/07\/WhatsApp-Image-2022-07-08-at-22.26.26-1.jpeg'><img class='border border-white' src='https:\/\/radiolifefm.com.br\/noticias\/wp-content\/uploads\/2022\/07\/WhatsApp-Image-2022-07-08-at-22.26.26-1-200x200.jpeg' alt='WhatsApp Image 2022 07 08 At 22.26.26 (1)' \/><\/a><a class='thumbnail gallery p-1 w-1\/2 md:w-1\/4' href='https:\/\/radiolifefm.com.br\/noticias\/wp-content\/uploads\/2022\/07\/WhatsApp-Image-2022-07-08-at-22.26.26.jpeg'><img class='border border-white' src='https:\/\/radiolifefm.com.br\/noticias\/wp-content\/uploads\/2022\/07\/WhatsApp-Image-2022-07-08-at-22.26.26-200x200.jpeg' alt='WhatsApp Image 2022 07 08 At 22.26.26' \/><\/a><\/div>\n<p>CONHE\u00c7A OS PLANOS ABAIXO:<\/p>\n<p>HOME CARE<br \/>\nA aten\u00e7\u00e3o e os cuidados de enfermagem oferecidos na resid\u00eancia com profissionais capacitados de extrema confian\u00e7a, orientados a cuidar dos idosos como se estivesse dentro do residencial Villa Anna<\/p>\n<p>CENTRO DIA<br \/>\nO h\u00f3spede passa o dia usufruindo de toda a infraestrutura e cuidado, retornando para sua casa ao final do dia.<\/p>\n<p>TEMPOR\u00c1RIO<br \/>\nO h\u00f3spede permanece no residencial por um per\u00edodo pr\u00e9-determinado. Indicado para per\u00edodos de aus\u00eancia de familiares ou convalescen\u00e7a.<br \/>\nO h\u00f3spede tem aten\u00e7\u00e3o e cuidados permanentes com tempo de resid\u00eancia indeterminado.<\/p>\n<p>O REDIDENCIAL DE IDOSOS VILLA ANNA RECEBE VISITAS DE FAMILIARES QUE QUEIRA CONHECER O AMBINETE, CONVERSAR E ESCLARECER QUALQUER DUVIDA.<\/p>\n<p>Villa Anna residencial de idosos<br \/>\nRua Santos Dumont, 200 | Vila Industrial<br \/>\nAdamantina-SP | CEP 17800 -000<br \/>\nFone: 18 3522 1282 \/ 18 99632 3520<br \/>\ncontato@villanna.com.br<\/p>\n<p>&nbsp;<\/p>\n","protected":false},"excerpt":{"rendered":"<p>As comemora\u00e7\u00f5es pelos 10 anos do residencial de idosos Villa Anna foram marcadas por muita emo\u00e7\u00e3o, com programa\u00e7\u00e3o especial realizada pela propriet\u00e1ria Ana Karina Romanini Figueiredo e a gerente geral Renata Silva Morais, nesta quinta-feira (07), envolvendo hospedes e funcion\u00e1rios. No per\u00edodo da manh\u00e3 o \u201cpassarinho\u201d contou hist\u00f3rias e a tarde a Banda Marcial fez [&hellip;]<\/p>\n","protected":false},"author":13,"featured_media":55604,"comment_status":"closed","ping_status":"open","sticky":false,"template":"","format":"standard","meta":{"_acf_changed":false,"_exactmetrics_skip_tracking":false,"_exactmetrics_sitenote_active":false,"_exactmetrics_sitenote_note":"","_exactmetrics_sitenote_category":0,"footnotes":""},"categories":[21],"tags":[],"class_list":["post-55603","post","type-post","status-publish","format-standard","has-post-thumbnail","hentry","category-adamantina"],"acf":[],"yoast_head":"<!-- This site is optimized with the Yoast SEO plugin v27.2 - https:\/\/yoast.com\/product\/yoast-seo-wordpress\/ -->\n<title>Villa Anna residencial de idosos completa 10 anos de dedica\u00e7\u00e3o e amor as pessoas da melhor idade - R\u00e1dio Life FM<\/title>\n<meta name=\"robots\" content=\"index, follow, max-snippet:-1, max-image-preview:large, max-video-preview:-1\" \/>\n<link rel=\"canonical\" href=\"https:\/\/radiolifefm.com.br\/noticias\/villa-anna-residencial-de-idosos-completa-10-anos-de-dedicacao-e-amor-as-pessoas-da-melhor-idade\/\" \/>\n<meta property=\"og:locale\" content=\"pt_BR\" \/>\n<meta property=\"og:type\" content=\"article\" \/>\n<meta property=\"og:title\" content=\"Villa Anna residencial de idosos completa 10 anos de dedica\u00e7\u00e3o e amor as pessoas da melhor idade - R\u00e1dio Life FM\" \/>\n<meta property=\"og:description\" content=\"As comemora\u00e7\u00f5es pelos 10 anos do residencial de idosos Villa Anna foram marcadas por muita emo\u00e7\u00e3o, com programa\u00e7\u00e3o especial realizada pela propriet\u00e1ria Ana Karina Romanini Figueiredo e a gerente geral Renata Silva Morais, nesta quinta-feira (07), envolvendo hospedes e funcion\u00e1rios. No per\u00edodo da manh\u00e3 o \u201cpassarinho\u201d contou hist\u00f3rias e a tarde a Banda Marcial fez [&hellip;]\" \/>\n<meta property=\"og:url\" content=\"https:\/\/radiolifefm.com.br\/noticias\/villa-anna-residencial-de-idosos-completa-10-anos-de-dedicacao-e-amor-as-pessoas-da-melhor-idade\/\" \/>\n<meta property=\"og:site_name\" content=\"R\u00e1dio Life FM\" \/>\n<meta property=\"article:publisher\" content=\"https:\/\/www.facebook.com\/radiolifefm\/\" \/>\n<meta property=\"article:published_time\" content=\"2022-07-09T01:32:25+00:00\" \/>\n<meta property=\"article:modified_time\" content=\"2026-04-26T17:27:28+00:00\" \/>\n<meta property=\"og:image\" content=\"https:\/\/radiolifefm.com.br\/noticias\/wp-content\/uploads\/2022\/07\/WhatsApp-Image-2022-07-08-at-18.31.12.jpeg\" \/>\n\t<meta property=\"og:image:width\" content=\"998\" \/>\n\t<meta property=\"og:image:height\" content=\"933\" \/>\n\t<meta property=\"og:image:type\" content=\"image\/jpeg\" \/>\n<meta name=\"author\" content=\"ritanery\" \/>\n<meta name=\"twitter:card\" content=\"summary_large_image\" \/>\n<meta name=\"twitter:label1\" content=\"Escrito por\" \/>\n\t<meta name=\"twitter:data1\" content=\"ritanery\" \/>\n\t<meta name=\"twitter:label2\" content=\"Est. tempo de leitura\" \/>\n\t<meta name=\"twitter:data2\" content=\"4 minutos\" \/>\n<script type=\"application\/ld+json\" class=\"yoast-schema-graph\">{\"@context\":\"https:\/\/schema.org\",\"@graph\":[{\"@type\":\"Article\",\"@id\":\"https:\/\/radiolifefm.com.br\/noticias\/villa-anna-residencial-de-idosos-completa-10-anos-de-dedicacao-e-amor-as-pessoas-da-melhor-idade\/#article\",\"isPartOf\":{\"@id\":\"https:\/\/radiolifefm.com.br\/noticias\/villa-anna-residencial-de-idosos-completa-10-anos-de-dedicacao-e-amor-as-pessoas-da-melhor-idade\/\"},\"author\":{\"name\":\"ritanery\",\"@id\":\"https:\/\/radiolifefm.com.br\/noticias\/#\/schema\/person\/6339b9fac59d12b071dec680d7375d87\"},\"headline\":\"Villa Anna residencial de idosos completa 10 anos de dedica\u00e7\u00e3o e amor as pessoas da melhor idade\",\"datePublished\":\"2022-07-09T01:32:25+00:00\",\"dateModified\":\"2026-04-26T17:27:28+00:00\",\"mainEntityOfPage\":{\"@id\":\"https:\/\/radiolifefm.com.br\/noticias\/villa-anna-residencial-de-idosos-completa-10-anos-de-dedicacao-e-amor-as-pessoas-da-melhor-idade\/\"},\"wordCount\":600,\"publisher\":{\"@id\":\"https:\/\/radiolifefm.com.br\/noticias\/#organization\"},\"image\":{\"@id\":\"https:\/\/radiolifefm.com.br\/noticias\/villa-anna-residencial-de-idosos-completa-10-anos-de-dedicacao-e-amor-as-pessoas-da-melhor-idade\/#primaryimage\"},\"thumbnailUrl\":\"https:\/\/radiolifefm.com.br\/noticias\/wp-content\/uploads\/2022\/07\/WhatsApp-Image-2022-07-08-at-18.31.12.jpeg\",\"articleSection\":[\"Adamantina\"],\"inLanguage\":\"pt-BR\"},{\"@type\":\"WebPage\",\"@id\":\"https:\/\/radiolifefm.com.br\/noticias\/villa-anna-residencial-de-idosos-completa-10-anos-de-dedicacao-e-amor-as-pessoas-da-melhor-idade\/\",\"url\":\"https:\/\/radiolifefm.com.br\/noticias\/villa-anna-residencial-de-idosos-completa-10-anos-de-dedicacao-e-amor-as-pessoas-da-melhor-idade\/\",\"name\":\"Villa Anna residencial de idosos completa 10 anos de dedica\u00e7\u00e3o e amor as pessoas da melhor idade - R\u00e1dio Life FM\",\"isPartOf\":{\"@id\":\"https:\/\/radiolifefm.com.br\/noticias\/#website\"},\"primaryImageOfPage\":{\"@id\":\"https:\/\/radiolifefm.com.br\/noticias\/villa-anna-residencial-de-idosos-completa-10-anos-de-dedicacao-e-amor-as-pessoas-da-melhor-idade\/#primaryimage\"},\"image\":{\"@id\":\"https:\/\/radiolifefm.com.br\/noticias\/villa-anna-residencial-de-idosos-completa-10-anos-de-dedicacao-e-amor-as-pessoas-da-melhor-idade\/#primaryimage\"},\"thumbnailUrl\":\"https:\/\/radiolifefm.com.br\/noticias\/wp-content\/uploads\/2022\/07\/WhatsApp-Image-2022-07-08-at-18.31.12.jpeg\",\"datePublished\":\"2022-07-09T01:32:25+00:00\",\"dateModified\":\"2026-04-26T17:27:28+00:00\",\"breadcrumb\":{\"@id\":\"https:\/\/radiolifefm.com.br\/noticias\/villa-anna-residencial-de-idosos-completa-10-anos-de-dedicacao-e-amor-as-pessoas-da-melhor-idade\/#breadcrumb\"},\"inLanguage\":\"pt-BR\",\"potentialAction\":[{\"@type\":\"ReadAction\",\"target\":[\"https:\/\/radiolifefm.com.br\/noticias\/villa-anna-residencial-de-idosos-completa-10-anos-de-dedicacao-e-amor-as-pessoas-da-melhor-idade\/\"]}]},{\"@type\":\"ImageObject\",\"inLanguage\":\"pt-BR\",\"@id\":\"https:\/\/radiolifefm.com.br\/noticias\/villa-anna-residencial-de-idosos-completa-10-anos-de-dedicacao-e-amor-as-pessoas-da-melhor-idade\/#primaryimage\",\"url\":\"https:\/\/radiolifefm.com.br\/noticias\/wp-content\/uploads\/2022\/07\/WhatsApp-Image-2022-07-08-at-18.31.12.jpeg\",\"contentUrl\":\"https:\/\/radiolifefm.com.br\/noticias\/wp-content\/uploads\/2022\/07\/WhatsApp-Image-2022-07-08-at-18.31.12.jpeg\",\"width\":998,\"height\":933},{\"@type\":\"BreadcrumbList\",\"@id\":\"https:\/\/radiolifefm.com.br\/noticias\/villa-anna-residencial-de-idosos-completa-10-anos-de-dedicacao-e-amor-as-pessoas-da-melhor-idade\/#breadcrumb\",\"itemListElement\":[{\"@type\":\"ListItem\",\"position\":1,\"name\":\"In\u00edcio\",\"item\":\"https:\/\/radiolifefm.com.br\/noticias\/\"},{\"@type\":\"ListItem\",\"position\":2,\"name\":\"Villa Anna residencial de idosos completa 10 anos de dedica\u00e7\u00e3o e amor as pessoas da melhor idade\"}]},{\"@type\":\"WebSite\",\"@id\":\"https:\/\/radiolifefm.com.br\/noticias\/#website\",\"url\":\"https:\/\/radiolifefm.com.br\/noticias\/\",\"name\":\"R\u00e1dio Life FM\",\"description\":\"O Portal de Not\u00edcias de Adamantina\",\"publisher\":{\"@id\":\"https:\/\/radiolifefm.com.br\/noticias\/#organization\"},\"alternateName\":\"Life FM\",\"potentialAction\":[{\"@type\":\"SearchAction\",\"target\":{\"@type\":\"EntryPoint\",\"urlTemplate\":\"https:\/\/radiolifefm.com.br\/noticias\/?s={search_term_string}\"},\"query-input\":{\"@type\":\"PropertyValueSpecification\",\"valueRequired\":true,\"valueName\":\"search_term_string\"}}],\"inLanguage\":\"pt-BR\"},{\"@type\":\"Organization\",\"@id\":\"https:\/\/radiolifefm.com.br\/noticias\/#organization\",\"name\":\"R\u00e1dio Life FM\",\"alternateName\":\"Life FM\",\"url\":\"https:\/\/radiolifefm.com.br\/noticias\/\",\"logo\":{\"@type\":\"ImageObject\",\"inLanguage\":\"pt-BR\",\"@id\":\"https:\/\/radiolifefm.com.br\/noticias\/#\/schema\/logo\/image\/\",\"url\":\"https:\/\/static.radiolifefm.com.br\/noticias\/wp-content\/uploads\/2019\/10\/logo-lifefm.png\",\"contentUrl\":\"https:\/\/static.radiolifefm.com.br\/noticias\/wp-content\/uploads\/2019\/10\/logo-lifefm.png\",\"width\":196,\"height\":47,\"caption\":\"R\u00e1dio Life FM\"},\"image\":{\"@id\":\"https:\/\/radiolifefm.com.br\/noticias\/#\/schema\/logo\/image\/\"},\"sameAs\":[\"https:\/\/www.facebook.com\/radiolifefm\/\",\"https:\/\/www.instagram.com\/life1079fm\/\"]},{\"@type\":\"Person\",\"@id\":\"https:\/\/radiolifefm.com.br\/noticias\/#\/schema\/person\/6339b9fac59d12b071dec680d7375d87\",\"name\":\"ritanery\",\"image\":{\"@type\":\"ImageObject\",\"inLanguage\":\"pt-BR\",\"@id\":\"https:\/\/secure.gravatar.com\/avatar\/0e37bb19071f47c0b8a23f62a903df117c5a0e75f65a0c2901562f97cd41cf86?s=96&d=mm&r=g\",\"url\":\"https:\/\/secure.gravatar.com\/avatar\/0e37bb19071f47c0b8a23f62a903df117c5a0e75f65a0c2901562f97cd41cf86?s=96&d=mm&r=g\",\"contentUrl\":\"https:\/\/secure.gravatar.com\/avatar\/0e37bb19071f47c0b8a23f62a903df117c5a0e75f65a0c2901562f97cd41cf86?s=96&d=mm&r=g\",\"caption\":\"ritanery\"}}]}<\/script>\n<!-- \/ Yoast SEO plugin. -->","yoast_head_json":{"title":"Villa Anna residencial de idosos completa 10 anos de dedica\u00e7\u00e3o e amor as pessoas da melhor idade - R\u00e1dio Life FM","robots":{"index":"index","follow":"follow","max-snippet":"max-snippet:-1","max-image-preview":"max-image-preview:large","max-video-preview":"max-video-preview:-1"},"canonical":"https:\/\/radiolifefm.com.br\/noticias\/villa-anna-residencial-de-idosos-completa-10-anos-de-dedicacao-e-amor-as-pessoas-da-melhor-idade\/","og_locale":"pt_BR","og_type":"article","og_title":"Villa Anna residencial de idosos completa 10 anos de dedica\u00e7\u00e3o e amor as pessoas da melhor idade - R\u00e1dio Life FM","og_description":"As comemora\u00e7\u00f5es pelos 10 anos do residencial de idosos Villa Anna foram marcadas por muita emo\u00e7\u00e3o, com programa\u00e7\u00e3o especial realizada pela propriet\u00e1ria Ana Karina Romanini Figueiredo e a gerente geral Renata Silva Morais, nesta quinta-feira (07), envolvendo hospedes e funcion\u00e1rios. No per\u00edodo da manh\u00e3 o \u201cpassarinho\u201d contou hist\u00f3rias e a tarde a Banda Marcial fez [&hellip;]","og_url":"https:\/\/radiolifefm.com.br\/noticias\/villa-anna-residencial-de-idosos-completa-10-anos-de-dedicacao-e-amor-as-pessoas-da-melhor-idade\/","og_site_name":"R\u00e1dio Life FM","article_publisher":"https:\/\/www.facebook.com\/radiolifefm\/","article_published_time":"2022-07-09T01:32:25+00:00","article_modified_time":"2026-04-26T17:27:28+00:00","og_image":[{"width":998,"height":933,"url":"https:\/\/radiolifefm.com.br\/noticias\/wp-content\/uploads\/2022\/07\/WhatsApp-Image-2022-07-08-at-18.31.12.jpeg","type":"image\/jpeg"}],"author":"ritanery","twitter_card":"summary_large_image","twitter_misc":{"Escrito por":"ritanery","Est. tempo de leitura":"4 minutos"},"schema":{"@context":"https:\/\/schema.org","@graph":[{"@type":"Article","@id":"https:\/\/radiolifefm.com.br\/noticias\/villa-anna-residencial-de-idosos-completa-10-anos-de-dedicacao-e-amor-as-pessoas-da-melhor-idade\/#article","isPartOf":{"@id":"https:\/\/radiolifefm.com.br\/noticias\/villa-anna-residencial-de-idosos-completa-10-anos-de-dedicacao-e-amor-as-pessoas-da-melhor-idade\/"},"author":{"name":"ritanery","@id":"https:\/\/radiolifefm.com.br\/noticias\/#\/schema\/person\/6339b9fac59d12b071dec680d7375d87"},"headline":"Villa Anna residencial de idosos completa 10 anos de dedica\u00e7\u00e3o e amor as pessoas da melhor idade","datePublished":"2022-07-09T01:32:25+00:00","dateModified":"2026-04-26T17:27:28+00:00","mainEntityOfPage":{"@id":"https:\/\/radiolifefm.com.br\/noticias\/villa-anna-residencial-de-idosos-completa-10-anos-de-dedicacao-e-amor-as-pessoas-da-melhor-idade\/"},"wordCount":600,"publisher":{"@id":"https:\/\/radiolifefm.com.br\/noticias\/#organization"},"image":{"@id":"https:\/\/radiolifefm.com.br\/noticias\/villa-anna-residencial-de-idosos-completa-10-anos-de-dedicacao-e-amor-as-pessoas-da-melhor-idade\/#primaryimage"},"thumbnailUrl":"https:\/\/radiolifefm.com.br\/noticias\/wp-content\/uploads\/2022\/07\/WhatsApp-Image-2022-07-08-at-18.31.12.jpeg","articleSection":["Adamantina"],"inLanguage":"pt-BR"},{"@type":"WebPage","@id":"https:\/\/radiolifefm.com.br\/noticias\/villa-anna-residencial-de-idosos-completa-10-anos-de-dedicacao-e-amor-as-pessoas-da-melhor-idade\/","url":"https:\/\/radiolifefm.com.br\/noticias\/villa-anna-residencial-de-idosos-completa-10-anos-de-dedicacao-e-amor-as-pessoas-da-melhor-idade\/","name":"Villa Anna residencial de idosos completa 10 anos de dedica\u00e7\u00e3o e amor as pessoas da melhor idade - R\u00e1dio Life FM","isPartOf":{"@id":"https:\/\/radiolifefm.com.br\/noticias\/#website"},"primaryImageOfPage":{"@id":"https:\/\/radiolifefm.com.br\/noticias\/villa-anna-residencial-de-idosos-completa-10-anos-de-dedicacao-e-amor-as-pessoas-da-melhor-idade\/#primaryimage"},"image":{"@id":"https:\/\/radiolifefm.com.br\/noticias\/villa-anna-residencial-de-idosos-completa-10-anos-de-dedicacao-e-amor-as-pessoas-da-melhor-idade\/#primaryimage"},"thumbnailUrl":"https:\/\/radiolifefm.com.br\/noticias\/wp-content\/uploads\/2022\/07\/WhatsApp-Image-2022-07-08-at-18.31.12.jpeg","datePublished":"2022-07-09T01:32:25+00:00","dateModified":"2026-04-26T17:27:28+00:00","breadcrumb":{"@id":"https:\/\/radiolifefm.com.br\/noticias\/villa-anna-residencial-de-idosos-completa-10-anos-de-dedicacao-e-amor-as-pessoas-da-melhor-idade\/#breadcrumb"},"inLanguage":"pt-BR","potentialAction":[{"@type":"ReadAction","target":["https:\/\/radiolifefm.com.br\/noticias\/villa-anna-residencial-de-idosos-completa-10-anos-de-dedicacao-e-amor-as-pessoas-da-melhor-idade\/"]}]},{"@type":"ImageObject","inLanguage":"pt-BR","@id":"https:\/\/radiolifefm.com.br\/noticias\/villa-anna-residencial-de-idosos-completa-10-anos-de-dedicacao-e-amor-as-pessoas-da-melhor-idade\/#primaryimage","url":"https:\/\/radiolifefm.com.br\/noticias\/wp-content\/uploads\/2022\/07\/WhatsApp-Image-2022-07-08-at-18.31.12.jpeg","contentUrl":"https:\/\/radiolifefm.com.br\/noticias\/wp-content\/uploads\/2022\/07\/WhatsApp-Image-2022-07-08-at-18.31.12.jpeg","width":998,"height":933},{"@type":"BreadcrumbList","@id":"https:\/\/radiolifefm.com.br\/noticias\/villa-anna-residencial-de-idosos-completa-10-anos-de-dedicacao-e-amor-as-pessoas-da-melhor-idade\/#breadcrumb","itemListElement":[{"@type":"ListItem","position":1,"name":"In\u00edcio","item":"https:\/\/radiolifefm.com.br\/noticias\/"},{"@type":"ListItem","position":2,"name":"Villa Anna residencial de idosos completa 10 anos de dedica\u00e7\u00e3o e amor as pessoas da melhor idade"}]},{"@type":"WebSite","@id":"https:\/\/radiolifefm.com.br\/noticias\/#website","url":"https:\/\/radiolifefm.com.br\/noticias\/","name":"R\u00e1dio Life FM","description":"O Portal de Not\u00edcias de Adamantina","publisher":{"@id":"https:\/\/radiolifefm.com.br\/noticias\/#organization"},"alternateName":"Life FM","potentialAction":[{"@type":"SearchAction","target":{"@type":"EntryPoint","urlTemplate":"https:\/\/radiolifefm.com.br\/noticias\/?s={search_term_string}"},"query-input":{"@type":"PropertyValueSpecification","valueRequired":true,"valueName":"search_term_string"}}],"inLanguage":"pt-BR"},{"@type":"Organization","@id":"https:\/\/radiolifefm.com.br\/noticias\/#organization","name":"R\u00e1dio Life FM","alternateName":"Life FM","url":"https:\/\/radiolifefm.com.br\/noticias\/","logo":{"@type":"ImageObject","inLanguage":"pt-BR","@id":"https:\/\/radiolifefm.com.br\/noticias\/#\/schema\/logo\/image\/","url":"https:\/\/static.radiolifefm.com.br\/noticias\/wp-content\/uploads\/2019\/10\/logo-lifefm.png","contentUrl":"https:\/\/static.radiolifefm.com.br\/noticias\/wp-content\/uploads\/2019\/10\/logo-lifefm.png","width":196,"height":47,"caption":"R\u00e1dio Life FM"},"image":{"@id":"https:\/\/radiolifefm.com.br\/noticias\/#\/schema\/logo\/image\/"},"sameAs":["https:\/\/www.facebook.com\/radiolifefm\/","https:\/\/www.instagram.com\/life1079fm\/"]},{"@type":"Person","@id":"https:\/\/radiolifefm.com.br\/noticias\/#\/schema\/person\/6339b9fac59d12b071dec680d7375d87","name":"ritanery","image":{"@type":"ImageObject","inLanguage":"pt-BR","@id":"https:\/\/secure.gravatar.com\/avatar\/0e37bb19071f47c0b8a23f62a903df117c5a0e75f65a0c2901562f97cd41cf86?s=96&d=mm&r=g","url":"https:\/\/secure.gravatar.com\/avatar\/0e37bb19071f47c0b8a23f62a903df117c5a0e75f65a0c2901562f97cd41cf86?s=96&d=mm&r=g","contentUrl":"https:\/\/secure.gravatar.com\/avatar\/0e37bb19071f47c0b8a23f62a903df117c5a0e75f65a0c2901562f97cd41cf86?s=96&d=mm&r=g","caption":"ritanery"}}]}},"amp_enabled":true,"_links":{"self":[{"href":"https:\/\/radiolifefm.com.br\/noticias\/wp-json\/wp\/v2\/posts\/55603","targetHints":{"allow":["GET"]}}],"collection":[{"href":"https:\/\/radiolifefm.com.br\/noticias\/wp-json\/wp\/v2\/posts"}],"about":[{"href":"https:\/\/radiolifefm.com.br\/noticias\/wp-json\/wp\/v2\/types\/post"}],"author":[{"embeddable":true,"href":"https:\/\/radiolifefm.com.br\/noticias\/wp-json\/wp\/v2\/users\/13"}],"replies":[{"embeddable":true,"href":"https:\/\/radiolifefm.com.br\/noticias\/wp-json\/wp\/v2\/comments?post=55603"}],"version-history":[{"count":5,"href":"https:\/\/radiolifefm.com.br\/noticias\/wp-json\/wp\/v2\/posts\/55603\/revisions"}],"predecessor-version":[{"id":55638,"href":"https:\/\/radiolifefm.com.br\/noticias\/wp-json\/wp\/v2\/posts\/55603\/revisions\/55638"}],"wp:featuredmedia":[{"embeddable":true,"href":"https:\/\/radiolifefm.com.br\/noticias\/wp-json\/wp\/v2\/media\/55604"}],"wp:attachment":[{"href":"https:\/\/radiolifefm.com.br\/noticias\/wp-json\/wp\/v2\/media?parent=55603"}],"wp:term":[{"taxonomy":"category","embeddable":true,"href":"https:\/\/radiolifefm.com.br\/noticias\/wp-json\/wp\/v2\/categories?post=55603"},{"taxonomy":"post_tag","embeddable":true,"href":"https:\/\/radiolifefm.com.br\/noticias\/wp-json\/wp\/v2\/tags?post=55603"}],"curies":[{"name":"wp","href":"https:\/\/api.w.org\/{rel}","templated":true}]}}