{"id":55515,"date":"2022-07-06T07:59:08","date_gmt":"2022-07-06T10:59:08","guid":{"rendered":"https:\/\/radiolifefm.com.br\/noticias\/?p=55515"},"modified":"2026-04-07T06:43:24","modified_gmt":"2026-04-07T09:43:24","slug":"condicoes-para-uma-analise-de-conjuntura-na-provincia-com-pauta-do-pais-do-faz-de-conta","status":"publish","type":"post","link":"https:\/\/radiolifefm.com.br\/noticias\/condicoes-para-uma-analise-de-conjuntura-na-provincia-com-pauta-do-pais-do-faz-de-conta\/","title":{"rendered":"CONDI\u00c7\u00d5ES PARA UMA AN\u00c1LISE DE CONJUNTURA NA PROV\u00cdNCIA COM PAUTA DO &#8220;PA\u00cdS DO FAZ DE CONTA&#8221;!"},"content":{"rendered":"<div id=\"fb-root\"><\/div>\n<p>&nbsp;<\/p>\n<p><em>\u00a0\u201cN\u00e3o devemos ter ilus\u00f5es. Os europeus, incluindo os alem\u00e3es t\u00eam muitas limita\u00e7\u00f5es para influenciar as decis\u00f5es dos americanos\u201d.<\/em><em>(Gerhard Schroeder \u201cin jornal O ESTADO DE S.PAULO, s\u00e1bado, 15\/9\/01, Internacional\/Especial, p\u00e1gina H3)\u201d.<\/em><\/p>\n<p>&nbsp;<\/p>\n<p><em>S\u00e9rgio Barbosa (*) <\/em><\/p>\n<p>&nbsp;<\/p>\n<p>&nbsp;<\/p>\n<p>As mudan\u00e7as nestes \u00faltimos dias, ainda, em fun\u00e7\u00e3o do cen\u00e1rio mundial t\u00eam proporcionado poucas alternativas para pa\u00edses como o <em>pa\u00eds do faz de conta<\/em>, assim, faz-se necess\u00e1rio repensar as estrat\u00e9gias utilizadas at\u00e9 o momento para controlar \u00e1reas de interesse comum ao poder tupiniquim&#8230;<\/p>\n<p>Nada temos a perder dizem pelas esquinas de uma rua qualquer neste novo tempo novo por meio da p\u00f3s-globaliza\u00e7\u00e3o midi\u00e1tica, por\u00e9m, os resultados desta apatia em geral, est\u00e3o proporcionando consequ\u00eancias dr\u00e1sticas para o <em>pa\u00eds do faz de conta<\/em>&#8230;<\/p>\n<p>O conceito de p\u00f3s-globaliza\u00e7\u00e3o, ainda, est\u00e1 aqu\u00e9m das interpreta\u00e7\u00f5es sobre o tema em discuss\u00e3o, pois, depende da conjuntura em n\u00edvel internacional, ou seja, de uma forma ou de outra, apresentarem propostas que possam servir aos interesses da comunidade em n\u00edvel glocal, ou seja, do global para o local&#8230;<\/p>\n<p>Para um bom entendedor, meia palavra basta, afirma um dito popular, neste caso espec\u00edfico, quando as tem\u00e1ticas est\u00e3o relacionadas com a p\u00f3s-globaliza\u00e7\u00e3o, o entendimento pode sofrer rev\u00e9s em meio \u00e0s turbul\u00eancias da pol\u00edtica s\u00f3cio-econ\u00f4mica internacional&#8230;<\/p>\n<p>\u00c9 preciso estar atento ao cen\u00e1rio glocal, isso \u00e9, tamb\u00e9m, de fora para dentro, s\u00f3 assim poder\u00e1 se ter uma ideia sobre algum ou mais acontecimentos nesta nova ordem mundial&#8230;<\/p>\n<p>A \u201cvida n\u00e3o \u00e9 mais bela\u201d, ainda, segundo analistas e poetas contempor\u00e2neos deste novo s\u00e9culo, desta forma, tudo \u00e9 poss\u00edvel neste contexto diversificado pelo padr\u00e3o global, ou seja, pela padroniza\u00e7\u00e3o cultural em meio ao caos do apocalipse b\u00edblico&#8230;<\/p>\n<p>Muitos acontecimentos dependem de uma mesma conjuntura para conquistarem objetivos previamente tra\u00e7ados, tais considera\u00e7\u00f5es podem, de um jeito ou de outro, controlar de forma efetiva ou ent\u00e3o, manipular pelos meios afins, a mensagem do processo comunicacional por meio dos diversos processos midi\u00e1ticos&#8230;<\/p>\n<p>Em muitos casos \u00e9 preciso estar \u00e0 frente do acontecimento em pauta, nada \u00e9 para sempre, afirma o poeta do s\u00e9culo passado, mesmo assim, \u00e9 fundamental estar em conex\u00e3o com o presente em \u00e1reas priorit\u00e1rias para o mercado neste s\u00e9culo, possibilitando neste cen\u00e1rio, condi\u00e7\u00f5es para diversas an\u00e1lises de conjuntura em tempo de p\u00f3s-globaliza\u00e7\u00e3o midi\u00e1tica em terras provincianas&#8230;<\/p>\n<p>QUEM SOBREVIVER VAI SABER&#8230;<\/p>\n<p><strong><em>_______________________________<\/em><\/strong><\/p>\n<p><strong><em>(*) jornalista diplomado e professor universit\u00e1rio.<\/em><\/strong><\/p>\n<p><strong><em>e-mail: <\/em><\/strong><a href=\"mailto:barbosa.sebar@gmail.com\"><strong><em>barbosa.sebar@gmail.com<\/em><\/strong><\/a><\/p>\n","protected":false},"excerpt":{"rendered":"<p>&nbsp; \u00a0\u201cN\u00e3o devemos ter ilus\u00f5es. Os europeus, incluindo os alem\u00e3es t\u00eam muitas limita\u00e7\u00f5es para influenciar as decis\u00f5es dos americanos\u201d.(Gerhard Schroeder \u201cin jornal O ESTADO DE S.PAULO, s\u00e1bado, 15\/9\/01, Internacional\/Especial, p\u00e1gina H3)\u201d. &nbsp; S\u00e9rgio Barbosa (*) &nbsp; &nbsp; As mudan\u00e7as nestes \u00faltimos dias, ainda, em fun\u00e7\u00e3o do cen\u00e1rio mundial t\u00eam proporcionado poucas alternativas para pa\u00edses como [&hellip;]<\/p>\n","protected":false},"author":13,"featured_media":51988,"comment_status":"closed","ping_status":"open","sticky":false,"template":"","format":"standard","meta":{"_acf_changed":false,"_exactmetrics_skip_tracking":false,"_exactmetrics_sitenote_active":false,"_exactmetrics_sitenote_note":"","_exactmetrics_sitenote_category":0,"footnotes":""},"categories":[59],"tags":[],"class_list":["post-55515","post","type-post","status-publish","format-standard","has-post-thumbnail","hentry","category-opiniao"],"acf":[],"yoast_head":"<!-- This site is optimized with the Yoast SEO plugin v27.2 - https:\/\/yoast.com\/product\/yoast-seo-wordpress\/ -->\n<title>CONDI\u00c7\u00d5ES PARA UMA AN\u00c1LISE DE CONJUNTURA NA PROV\u00cdNCIA COM PAUTA DO &quot;PA\u00cdS DO FAZ DE CONTA&quot;! - R\u00e1dio Life FM<\/title>\n<meta name=\"robots\" content=\"index, follow, max-snippet:-1, max-image-preview:large, max-video-preview:-1\" \/>\n<link rel=\"canonical\" href=\"https:\/\/radiolifefm.com.br\/noticias\/condicoes-para-uma-analise-de-conjuntura-na-provincia-com-pauta-do-pais-do-faz-de-conta\/\" \/>\n<meta property=\"og:locale\" content=\"pt_BR\" \/>\n<meta property=\"og:type\" content=\"article\" \/>\n<meta property=\"og:title\" content=\"CONDI\u00c7\u00d5ES PARA UMA AN\u00c1LISE DE CONJUNTURA NA PROV\u00cdNCIA COM PAUTA DO &quot;PA\u00cdS DO FAZ DE CONTA&quot;! - R\u00e1dio Life FM\" \/>\n<meta property=\"og:description\" content=\"&nbsp; \u00a0\u201cN\u00e3o devemos ter ilus\u00f5es. Os europeus, incluindo os alem\u00e3es t\u00eam muitas limita\u00e7\u00f5es para influenciar as decis\u00f5es dos americanos\u201d.(Gerhard Schroeder \u201cin jornal O ESTADO DE S.PAULO, s\u00e1bado, 15\/9\/01, Internacional\/Especial, p\u00e1gina H3)\u201d. &nbsp; S\u00e9rgio Barbosa (*) &nbsp; &nbsp; As mudan\u00e7as nestes \u00faltimos dias, ainda, em fun\u00e7\u00e3o do cen\u00e1rio mundial t\u00eam proporcionado poucas alternativas para pa\u00edses como [&hellip;]\" \/>\n<meta property=\"og:url\" content=\"https:\/\/radiolifefm.com.br\/noticias\/condicoes-para-uma-analise-de-conjuntura-na-provincia-com-pauta-do-pais-do-faz-de-conta\/\" \/>\n<meta property=\"og:site_name\" content=\"R\u00e1dio Life FM\" \/>\n<meta property=\"article:publisher\" content=\"https:\/\/www.facebook.com\/radiolifefm\/\" \/>\n<meta property=\"article:published_time\" content=\"2022-07-06T10:59:08+00:00\" \/>\n<meta property=\"article:modified_time\" content=\"2026-04-07T09:43:24+00:00\" \/>\n<meta property=\"og:image\" content=\"https:\/\/radiolifefm.com.br\/noticias\/wp-content\/uploads\/2022\/04\/WhatsApp-Image-2022-04-10-at-18.43.02.jpeg\" \/>\n\t<meta property=\"og:image:width\" content=\"972\" \/>\n\t<meta property=\"og:image:height\" content=\"1296\" \/>\n\t<meta property=\"og:image:type\" content=\"image\/jpeg\" \/>\n<meta name=\"author\" content=\"ritanery\" \/>\n<meta name=\"twitter:card\" content=\"summary_large_image\" \/>\n<meta name=\"twitter:label1\" content=\"Escrito por\" \/>\n\t<meta name=\"twitter:data1\" content=\"ritanery\" \/>\n\t<meta name=\"twitter:label2\" content=\"Est. tempo de leitura\" \/>\n\t<meta name=\"twitter:data2\" content=\"3 minutos\" \/>\n<script type=\"application\/ld+json\" class=\"yoast-schema-graph\">{\"@context\":\"https:\/\/schema.org\",\"@graph\":[{\"@type\":\"Article\",\"@id\":\"https:\/\/radiolifefm.com.br\/noticias\/condicoes-para-uma-analise-de-conjuntura-na-provincia-com-pauta-do-pais-do-faz-de-conta\/#article\",\"isPartOf\":{\"@id\":\"https:\/\/radiolifefm.com.br\/noticias\/condicoes-para-uma-analise-de-conjuntura-na-provincia-com-pauta-do-pais-do-faz-de-conta\/\"},\"author\":{\"name\":\"ritanery\",\"@id\":\"https:\/\/radiolifefm.com.br\/noticias\/#\/schema\/person\/6339b9fac59d12b071dec680d7375d87\"},\"headline\":\"CONDI\u00c7\u00d5ES PARA UMA AN\u00c1LISE DE CONJUNTURA NA PROV\u00cdNCIA COM PAUTA DO &#8220;PA\u00cdS DO FAZ DE CONTA&#8221;!\",\"datePublished\":\"2022-07-06T10:59:08+00:00\",\"dateModified\":\"2026-04-07T09:43:24+00:00\",\"mainEntityOfPage\":{\"@id\":\"https:\/\/radiolifefm.com.br\/noticias\/condicoes-para-uma-analise-de-conjuntura-na-provincia-com-pauta-do-pais-do-faz-de-conta\/\"},\"wordCount\":461,\"publisher\":{\"@id\":\"https:\/\/radiolifefm.com.br\/noticias\/#organization\"},\"image\":{\"@id\":\"https:\/\/radiolifefm.com.br\/noticias\/condicoes-para-uma-analise-de-conjuntura-na-provincia-com-pauta-do-pais-do-faz-de-conta\/#primaryimage\"},\"thumbnailUrl\":\"https:\/\/radiolifefm.com.br\/noticias\/wp-content\/uploads\/2022\/04\/WhatsApp-Image-2022-04-10-at-18.43.02.jpeg\",\"articleSection\":[\"Opini\u00e3o\"],\"inLanguage\":\"pt-BR\"},{\"@type\":\"WebPage\",\"@id\":\"https:\/\/radiolifefm.com.br\/noticias\/condicoes-para-uma-analise-de-conjuntura-na-provincia-com-pauta-do-pais-do-faz-de-conta\/\",\"url\":\"https:\/\/radiolifefm.com.br\/noticias\/condicoes-para-uma-analise-de-conjuntura-na-provincia-com-pauta-do-pais-do-faz-de-conta\/\",\"name\":\"CONDI\u00c7\u00d5ES PARA UMA AN\u00c1LISE DE CONJUNTURA NA PROV\u00cdNCIA COM PAUTA DO \\\"PA\u00cdS DO FAZ DE CONTA\\\"! - R\u00e1dio Life FM\",\"isPartOf\":{\"@id\":\"https:\/\/radiolifefm.com.br\/noticias\/#website\"},\"primaryImageOfPage\":{\"@id\":\"https:\/\/radiolifefm.com.br\/noticias\/condicoes-para-uma-analise-de-conjuntura-na-provincia-com-pauta-do-pais-do-faz-de-conta\/#primaryimage\"},\"image\":{\"@id\":\"https:\/\/radiolifefm.com.br\/noticias\/condicoes-para-uma-analise-de-conjuntura-na-provincia-com-pauta-do-pais-do-faz-de-conta\/#primaryimage\"},\"thumbnailUrl\":\"https:\/\/radiolifefm.com.br\/noticias\/wp-content\/uploads\/2022\/04\/WhatsApp-Image-2022-04-10-at-18.43.02.jpeg\",\"datePublished\":\"2022-07-06T10:59:08+00:00\",\"dateModified\":\"2026-04-07T09:43:24+00:00\",\"breadcrumb\":{\"@id\":\"https:\/\/radiolifefm.com.br\/noticias\/condicoes-para-uma-analise-de-conjuntura-na-provincia-com-pauta-do-pais-do-faz-de-conta\/#breadcrumb\"},\"inLanguage\":\"pt-BR\",\"potentialAction\":[{\"@type\":\"ReadAction\",\"target\":[\"https:\/\/radiolifefm.com.br\/noticias\/condicoes-para-uma-analise-de-conjuntura-na-provincia-com-pauta-do-pais-do-faz-de-conta\/\"]}]},{\"@type\":\"ImageObject\",\"inLanguage\":\"pt-BR\",\"@id\":\"https:\/\/radiolifefm.com.br\/noticias\/condicoes-para-uma-analise-de-conjuntura-na-provincia-com-pauta-do-pais-do-faz-de-conta\/#primaryimage\",\"url\":\"https:\/\/radiolifefm.com.br\/noticias\/wp-content\/uploads\/2022\/04\/WhatsApp-Image-2022-04-10-at-18.43.02.jpeg\",\"contentUrl\":\"https:\/\/radiolifefm.com.br\/noticias\/wp-content\/uploads\/2022\/04\/WhatsApp-Image-2022-04-10-at-18.43.02.jpeg\",\"width\":972,\"height\":1296,\"caption\":\"S\u00e9rgio Barbosa\"},{\"@type\":\"BreadcrumbList\",\"@id\":\"https:\/\/radiolifefm.com.br\/noticias\/condicoes-para-uma-analise-de-conjuntura-na-provincia-com-pauta-do-pais-do-faz-de-conta\/#breadcrumb\",\"itemListElement\":[{\"@type\":\"ListItem\",\"position\":1,\"name\":\"In\u00edcio\",\"item\":\"https:\/\/radiolifefm.com.br\/noticias\/\"},{\"@type\":\"ListItem\",\"position\":2,\"name\":\"CONDI\u00c7\u00d5ES PARA UMA AN\u00c1LISE DE CONJUNTURA NA PROV\u00cdNCIA COM PAUTA DO &#8220;PA\u00cdS DO FAZ DE CONTA&#8221;!\"}]},{\"@type\":\"WebSite\",\"@id\":\"https:\/\/radiolifefm.com.br\/noticias\/#website\",\"url\":\"https:\/\/radiolifefm.com.br\/noticias\/\",\"name\":\"R\u00e1dio Life FM\",\"description\":\"O Portal de Not\u00edcias de Adamantina\",\"publisher\":{\"@id\":\"https:\/\/radiolifefm.com.br\/noticias\/#organization\"},\"alternateName\":\"Life FM\",\"potentialAction\":[{\"@type\":\"SearchAction\",\"target\":{\"@type\":\"EntryPoint\",\"urlTemplate\":\"https:\/\/radiolifefm.com.br\/noticias\/?s={search_term_string}\"},\"query-input\":{\"@type\":\"PropertyValueSpecification\",\"valueRequired\":true,\"valueName\":\"search_term_string\"}}],\"inLanguage\":\"pt-BR\"},{\"@type\":\"Organization\",\"@id\":\"https:\/\/radiolifefm.com.br\/noticias\/#organization\",\"name\":\"R\u00e1dio Life FM\",\"alternateName\":\"Life FM\",\"url\":\"https:\/\/radiolifefm.com.br\/noticias\/\",\"logo\":{\"@type\":\"ImageObject\",\"inLanguage\":\"pt-BR\",\"@id\":\"https:\/\/radiolifefm.com.br\/noticias\/#\/schema\/logo\/image\/\",\"url\":\"https:\/\/static.radiolifefm.com.br\/noticias\/wp-content\/uploads\/2019\/10\/logo-lifefm.png\",\"contentUrl\":\"https:\/\/static.radiolifefm.com.br\/noticias\/wp-content\/uploads\/2019\/10\/logo-lifefm.png\",\"width\":196,\"height\":47,\"caption\":\"R\u00e1dio Life FM\"},\"image\":{\"@id\":\"https:\/\/radiolifefm.com.br\/noticias\/#\/schema\/logo\/image\/\"},\"sameAs\":[\"https:\/\/www.facebook.com\/radiolifefm\/\",\"https:\/\/www.instagram.com\/life1079fm\/\"]},{\"@type\":\"Person\",\"@id\":\"https:\/\/radiolifefm.com.br\/noticias\/#\/schema\/person\/6339b9fac59d12b071dec680d7375d87\",\"name\":\"ritanery\",\"image\":{\"@type\":\"ImageObject\",\"inLanguage\":\"pt-BR\",\"@id\":\"https:\/\/secure.gravatar.com\/avatar\/0e37bb19071f47c0b8a23f62a903df117c5a0e75f65a0c2901562f97cd41cf86?s=96&d=mm&r=g\",\"url\":\"https:\/\/secure.gravatar.com\/avatar\/0e37bb19071f47c0b8a23f62a903df117c5a0e75f65a0c2901562f97cd41cf86?s=96&d=mm&r=g\",\"contentUrl\":\"https:\/\/secure.gravatar.com\/avatar\/0e37bb19071f47c0b8a23f62a903df117c5a0e75f65a0c2901562f97cd41cf86?s=96&d=mm&r=g\",\"caption\":\"ritanery\"}}]}<\/script>\n<!-- \/ Yoast SEO plugin. -->","yoast_head_json":{"title":"CONDI\u00c7\u00d5ES PARA UMA AN\u00c1LISE DE CONJUNTURA NA PROV\u00cdNCIA COM PAUTA DO \"PA\u00cdS DO FAZ DE CONTA\"! - R\u00e1dio Life FM","robots":{"index":"index","follow":"follow","max-snippet":"max-snippet:-1","max-image-preview":"max-image-preview:large","max-video-preview":"max-video-preview:-1"},"canonical":"https:\/\/radiolifefm.com.br\/noticias\/condicoes-para-uma-analise-de-conjuntura-na-provincia-com-pauta-do-pais-do-faz-de-conta\/","og_locale":"pt_BR","og_type":"article","og_title":"CONDI\u00c7\u00d5ES PARA UMA AN\u00c1LISE DE CONJUNTURA NA PROV\u00cdNCIA COM PAUTA DO \"PA\u00cdS DO FAZ DE CONTA\"! - R\u00e1dio Life FM","og_description":"&nbsp; \u00a0\u201cN\u00e3o devemos ter ilus\u00f5es. Os europeus, incluindo os alem\u00e3es t\u00eam muitas limita\u00e7\u00f5es para influenciar as decis\u00f5es dos americanos\u201d.(Gerhard Schroeder \u201cin jornal O ESTADO DE S.PAULO, s\u00e1bado, 15\/9\/01, Internacional\/Especial, p\u00e1gina H3)\u201d. &nbsp; S\u00e9rgio Barbosa (*) &nbsp; &nbsp; As mudan\u00e7as nestes \u00faltimos dias, ainda, em fun\u00e7\u00e3o do cen\u00e1rio mundial t\u00eam proporcionado poucas alternativas para pa\u00edses como [&hellip;]","og_url":"https:\/\/radiolifefm.com.br\/noticias\/condicoes-para-uma-analise-de-conjuntura-na-provincia-com-pauta-do-pais-do-faz-de-conta\/","og_site_name":"R\u00e1dio Life FM","article_publisher":"https:\/\/www.facebook.com\/radiolifefm\/","article_published_time":"2022-07-06T10:59:08+00:00","article_modified_time":"2026-04-07T09:43:24+00:00","og_image":[{"width":972,"height":1296,"url":"https:\/\/radiolifefm.com.br\/noticias\/wp-content\/uploads\/2022\/04\/WhatsApp-Image-2022-04-10-at-18.43.02.jpeg","type":"image\/jpeg"}],"author":"ritanery","twitter_card":"summary_large_image","twitter_misc":{"Escrito por":"ritanery","Est. tempo de leitura":"3 minutos"},"schema":{"@context":"https:\/\/schema.org","@graph":[{"@type":"Article","@id":"https:\/\/radiolifefm.com.br\/noticias\/condicoes-para-uma-analise-de-conjuntura-na-provincia-com-pauta-do-pais-do-faz-de-conta\/#article","isPartOf":{"@id":"https:\/\/radiolifefm.com.br\/noticias\/condicoes-para-uma-analise-de-conjuntura-na-provincia-com-pauta-do-pais-do-faz-de-conta\/"},"author":{"name":"ritanery","@id":"https:\/\/radiolifefm.com.br\/noticias\/#\/schema\/person\/6339b9fac59d12b071dec680d7375d87"},"headline":"CONDI\u00c7\u00d5ES PARA UMA AN\u00c1LISE DE CONJUNTURA NA PROV\u00cdNCIA COM PAUTA DO &#8220;PA\u00cdS DO FAZ DE CONTA&#8221;!","datePublished":"2022-07-06T10:59:08+00:00","dateModified":"2026-04-07T09:43:24+00:00","mainEntityOfPage":{"@id":"https:\/\/radiolifefm.com.br\/noticias\/condicoes-para-uma-analise-de-conjuntura-na-provincia-com-pauta-do-pais-do-faz-de-conta\/"},"wordCount":461,"publisher":{"@id":"https:\/\/radiolifefm.com.br\/noticias\/#organization"},"image":{"@id":"https:\/\/radiolifefm.com.br\/noticias\/condicoes-para-uma-analise-de-conjuntura-na-provincia-com-pauta-do-pais-do-faz-de-conta\/#primaryimage"},"thumbnailUrl":"https:\/\/radiolifefm.com.br\/noticias\/wp-content\/uploads\/2022\/04\/WhatsApp-Image-2022-04-10-at-18.43.02.jpeg","articleSection":["Opini\u00e3o"],"inLanguage":"pt-BR"},{"@type":"WebPage","@id":"https:\/\/radiolifefm.com.br\/noticias\/condicoes-para-uma-analise-de-conjuntura-na-provincia-com-pauta-do-pais-do-faz-de-conta\/","url":"https:\/\/radiolifefm.com.br\/noticias\/condicoes-para-uma-analise-de-conjuntura-na-provincia-com-pauta-do-pais-do-faz-de-conta\/","name":"CONDI\u00c7\u00d5ES PARA UMA AN\u00c1LISE DE CONJUNTURA NA PROV\u00cdNCIA COM PAUTA DO \"PA\u00cdS DO FAZ DE CONTA\"! - R\u00e1dio Life FM","isPartOf":{"@id":"https:\/\/radiolifefm.com.br\/noticias\/#website"},"primaryImageOfPage":{"@id":"https:\/\/radiolifefm.com.br\/noticias\/condicoes-para-uma-analise-de-conjuntura-na-provincia-com-pauta-do-pais-do-faz-de-conta\/#primaryimage"},"image":{"@id":"https:\/\/radiolifefm.com.br\/noticias\/condicoes-para-uma-analise-de-conjuntura-na-provincia-com-pauta-do-pais-do-faz-de-conta\/#primaryimage"},"thumbnailUrl":"https:\/\/radiolifefm.com.br\/noticias\/wp-content\/uploads\/2022\/04\/WhatsApp-Image-2022-04-10-at-18.43.02.jpeg","datePublished":"2022-07-06T10:59:08+00:00","dateModified":"2026-04-07T09:43:24+00:00","breadcrumb":{"@id":"https:\/\/radiolifefm.com.br\/noticias\/condicoes-para-uma-analise-de-conjuntura-na-provincia-com-pauta-do-pais-do-faz-de-conta\/#breadcrumb"},"inLanguage":"pt-BR","potentialAction":[{"@type":"ReadAction","target":["https:\/\/radiolifefm.com.br\/noticias\/condicoes-para-uma-analise-de-conjuntura-na-provincia-com-pauta-do-pais-do-faz-de-conta\/"]}]},{"@type":"ImageObject","inLanguage":"pt-BR","@id":"https:\/\/radiolifefm.com.br\/noticias\/condicoes-para-uma-analise-de-conjuntura-na-provincia-com-pauta-do-pais-do-faz-de-conta\/#primaryimage","url":"https:\/\/radiolifefm.com.br\/noticias\/wp-content\/uploads\/2022\/04\/WhatsApp-Image-2022-04-10-at-18.43.02.jpeg","contentUrl":"https:\/\/radiolifefm.com.br\/noticias\/wp-content\/uploads\/2022\/04\/WhatsApp-Image-2022-04-10-at-18.43.02.jpeg","width":972,"height":1296,"caption":"S\u00e9rgio Barbosa"},{"@type":"BreadcrumbList","@id":"https:\/\/radiolifefm.com.br\/noticias\/condicoes-para-uma-analise-de-conjuntura-na-provincia-com-pauta-do-pais-do-faz-de-conta\/#breadcrumb","itemListElement":[{"@type":"ListItem","position":1,"name":"In\u00edcio","item":"https:\/\/radiolifefm.com.br\/noticias\/"},{"@type":"ListItem","position":2,"name":"CONDI\u00c7\u00d5ES PARA UMA AN\u00c1LISE DE CONJUNTURA NA PROV\u00cdNCIA COM PAUTA DO &#8220;PA\u00cdS DO FAZ DE CONTA&#8221;!"}]},{"@type":"WebSite","@id":"https:\/\/radiolifefm.com.br\/noticias\/#website","url":"https:\/\/radiolifefm.com.br\/noticias\/","name":"R\u00e1dio Life FM","description":"O Portal de Not\u00edcias de Adamantina","publisher":{"@id":"https:\/\/radiolifefm.com.br\/noticias\/#organization"},"alternateName":"Life FM","potentialAction":[{"@type":"SearchAction","target":{"@type":"EntryPoint","urlTemplate":"https:\/\/radiolifefm.com.br\/noticias\/?s={search_term_string}"},"query-input":{"@type":"PropertyValueSpecification","valueRequired":true,"valueName":"search_term_string"}}],"inLanguage":"pt-BR"},{"@type":"Organization","@id":"https:\/\/radiolifefm.com.br\/noticias\/#organization","name":"R\u00e1dio Life FM","alternateName":"Life FM","url":"https:\/\/radiolifefm.com.br\/noticias\/","logo":{"@type":"ImageObject","inLanguage":"pt-BR","@id":"https:\/\/radiolifefm.com.br\/noticias\/#\/schema\/logo\/image\/","url":"https:\/\/static.radiolifefm.com.br\/noticias\/wp-content\/uploads\/2019\/10\/logo-lifefm.png","contentUrl":"https:\/\/static.radiolifefm.com.br\/noticias\/wp-content\/uploads\/2019\/10\/logo-lifefm.png","width":196,"height":47,"caption":"R\u00e1dio Life FM"},"image":{"@id":"https:\/\/radiolifefm.com.br\/noticias\/#\/schema\/logo\/image\/"},"sameAs":["https:\/\/www.facebook.com\/radiolifefm\/","https:\/\/www.instagram.com\/life1079fm\/"]},{"@type":"Person","@id":"https:\/\/radiolifefm.com.br\/noticias\/#\/schema\/person\/6339b9fac59d12b071dec680d7375d87","name":"ritanery","image":{"@type":"ImageObject","inLanguage":"pt-BR","@id":"https:\/\/secure.gravatar.com\/avatar\/0e37bb19071f47c0b8a23f62a903df117c5a0e75f65a0c2901562f97cd41cf86?s=96&d=mm&r=g","url":"https:\/\/secure.gravatar.com\/avatar\/0e37bb19071f47c0b8a23f62a903df117c5a0e75f65a0c2901562f97cd41cf86?s=96&d=mm&r=g","contentUrl":"https:\/\/secure.gravatar.com\/avatar\/0e37bb19071f47c0b8a23f62a903df117c5a0e75f65a0c2901562f97cd41cf86?s=96&d=mm&r=g","caption":"ritanery"}}]}},"amp_enabled":true,"_links":{"self":[{"href":"https:\/\/radiolifefm.com.br\/noticias\/wp-json\/wp\/v2\/posts\/55515","targetHints":{"allow":["GET"]}}],"collection":[{"href":"https:\/\/radiolifefm.com.br\/noticias\/wp-json\/wp\/v2\/posts"}],"about":[{"href":"https:\/\/radiolifefm.com.br\/noticias\/wp-json\/wp\/v2\/types\/post"}],"author":[{"embeddable":true,"href":"https:\/\/radiolifefm.com.br\/noticias\/wp-json\/wp\/v2\/users\/13"}],"replies":[{"embeddable":true,"href":"https:\/\/radiolifefm.com.br\/noticias\/wp-json\/wp\/v2\/comments?post=55515"}],"version-history":[{"count":1,"href":"https:\/\/radiolifefm.com.br\/noticias\/wp-json\/wp\/v2\/posts\/55515\/revisions"}],"predecessor-version":[{"id":55516,"href":"https:\/\/radiolifefm.com.br\/noticias\/wp-json\/wp\/v2\/posts\/55515\/revisions\/55516"}],"wp:featuredmedia":[{"embeddable":true,"href":"https:\/\/radiolifefm.com.br\/noticias\/wp-json\/wp\/v2\/media\/51988"}],"wp:attachment":[{"href":"https:\/\/radiolifefm.com.br\/noticias\/wp-json\/wp\/v2\/media?parent=55515"}],"wp:term":[{"taxonomy":"category","embeddable":true,"href":"https:\/\/radiolifefm.com.br\/noticias\/wp-json\/wp\/v2\/categories?post=55515"},{"taxonomy":"post_tag","embeddable":true,"href":"https:\/\/radiolifefm.com.br\/noticias\/wp-json\/wp\/v2\/tags?post=55515"}],"curies":[{"name":"wp","href":"https:\/\/api.w.org\/{rel}","templated":true}]}}