{"id":55484,"date":"2022-07-05T14:03:36","date_gmt":"2022-07-05T17:03:36","guid":{"rendered":"https:\/\/radiolifefm.com.br\/noticias\/?p=55484"},"modified":"2026-03-29T09:11:36","modified_gmt":"2026-03-29T12:11:36","slug":"economia-criativa-gera-331-mil-novos-postos-de-trabalho-no-estado-de-sao-paulo-comemora-secretario-de-cultura-e-turismo","status":"publish","type":"post","link":"https:\/\/radiolifefm.com.br\/noticias\/economia-criativa-gera-331-mil-novos-postos-de-trabalho-no-estado-de-sao-paulo-comemora-secretario-de-cultura-e-turismo\/","title":{"rendered":"Economia Criativa gera 331 mil novos postos de trabalho no Estado de S\u00e3o Paulo\u201d, comemora secret\u00e1rio de cultura e turismo"},"content":{"rendered":"<div id=\"fb-root\"><\/div>\n<p>A economia criativa \u00e9 o setor econ\u00f4mico formado pelas ind\u00fastrias criativas. Artesanato, moda, arquitetura, museus, designer, eventos, arte e cultura. Estima-se que a economia criativa represente entre 1,2% a 2% da massa salarial formal, al\u00e9m de gerar in\u00fameros empregos informais e indiretos.<\/p>\n<p>Um setor atingido dr\u00e1stica e negativamente em 2020 e 2021 por conta da pandemia, mas que volta a se aquecer. Ele fecha o primeiro trimestre deste ano no estado de S\u00e3o Paulo com 331 mil novos postos de trabalho, 16% a mais em rela\u00e7\u00e3o a 2021.<\/p>\n<p>Para o secret\u00e1rio de cultura e turismo de Adamantina, S\u00e9rgio Vanderlei, a reabertura de parques, museus, teatros e a realiza\u00e7\u00e3o de eventos t\u00eam contribu\u00eddo para o bom resultado. \u201cOs artistas voltam a ter rendimentos garantidos com o pagamento de cach\u00eas e, atr\u00e1s deles, profissionais que v\u00e3o desde os t\u00e9cnicos de som e ilumina\u00e7\u00e3o e seguran\u00e7as, aos pipoqueiros e ambulantes dos parques\u201d.<\/p>\n<p>S\u00e9rgio, tamb\u00e9m conselheiro do SESC-SP, mostra que a cultura junta pessoas e cria v\u00ednculos. \u201c\u00c9 um conjunto de trabalhadores beneficiado, al\u00e9m de empresas de com\u00e9rcio e servi\u00e7os ganhando com o giro da economia. Por conta disto, torna-se dever do Poder P\u00fablico incentivar e promover eventos que tamb\u00e9m possam levar alegria e entretenimento a uma popula\u00e7\u00e3o igualmente prejudicada com a pandemia e o isolamento social\u201d.<br \/>\nEm Adamantina o setor cultural tem vivido intensa programa\u00e7\u00e3o atingindo p\u00fablicos e estilos diferentes. Sertanejo raiz, hip-hop, samba, MPB, dramaturgia, feiras e outros tem sido o foco da Secretaria de Cultura e Turismo. Recentemente a cidade recebeu apresenta\u00e7\u00f5es de jazz, bandas e de artistas renomados como Jay Bergamini. Em agosto acontecer\u00e1 a Virada Cultural e o Circuito Sesc de Artes.<\/p>\n<p>As a\u00e7\u00f5es j\u00e1 refletem nos empregos. Adamantina fechou o primeiro trimestre de 2022 com saldo de 469 vagas formais, ou seja, com carteira assinada. E justamente o setor de servi\u00e7os, intrinsecamente ligado \u00e0 Economia Criativa, foi o que mais gerou postos de trabalho. \u201cO que mostra que estamos no caminho certo\u201d, ressalta S\u00e9rgio Vanderlei. \u201cCultura e Turismo como gerador de emprego e renda, \u00e9 o foco\u201d.<\/p>\n<p>&nbsp;<\/p>\n<p>Fonte: Assessoria de Imprensa<\/p>\n","protected":false},"excerpt":{"rendered":"<p>A economia criativa \u00e9 o setor econ\u00f4mico formado pelas ind\u00fastrias criativas. Artesanato, moda, arquitetura, museus, designer, eventos, arte e cultura. Estima-se que a economia criativa represente entre 1,2% a 2% da massa salarial formal, al\u00e9m de gerar in\u00fameros empregos informais e indiretos. Um setor atingido dr\u00e1stica e negativamente em 2020 e 2021 por conta da [&hellip;]<\/p>\n","protected":false},"author":13,"featured_media":55485,"comment_status":"closed","ping_status":"open","sticky":false,"template":"","format":"standard","meta":{"_acf_changed":false,"_exactmetrics_skip_tracking":false,"_exactmetrics_sitenote_active":false,"_exactmetrics_sitenote_note":"","_exactmetrics_sitenote_category":0,"footnotes":""},"categories":[21],"tags":[],"class_list":["post-55484","post","type-post","status-publish","format-standard","has-post-thumbnail","hentry","category-adamantina"],"acf":[],"yoast_head":"<!-- This site is optimized with the Yoast SEO plugin v27.2 - https:\/\/yoast.com\/product\/yoast-seo-wordpress\/ -->\n<title>Economia Criativa gera 331 mil novos postos de trabalho no Estado de S\u00e3o Paulo\u201d, comemora secret\u00e1rio de cultura e turismo - R\u00e1dio Life FM<\/title>\n<meta name=\"robots\" content=\"index, follow, max-snippet:-1, max-image-preview:large, max-video-preview:-1\" \/>\n<link rel=\"canonical\" href=\"https:\/\/radiolifefm.com.br\/noticias\/economia-criativa-gera-331-mil-novos-postos-de-trabalho-no-estado-de-sao-paulo-comemora-secretario-de-cultura-e-turismo\/\" \/>\n<meta property=\"og:locale\" content=\"pt_BR\" \/>\n<meta property=\"og:type\" content=\"article\" \/>\n<meta property=\"og:title\" content=\"Economia Criativa gera 331 mil novos postos de trabalho no Estado de S\u00e3o Paulo\u201d, comemora secret\u00e1rio de cultura e turismo - R\u00e1dio Life FM\" \/>\n<meta property=\"og:description\" content=\"A economia criativa \u00e9 o setor econ\u00f4mico formado pelas ind\u00fastrias criativas. Artesanato, moda, arquitetura, museus, designer, eventos, arte e cultura. Estima-se que a economia criativa represente entre 1,2% a 2% da massa salarial formal, al\u00e9m de gerar in\u00fameros empregos informais e indiretos. Um setor atingido dr\u00e1stica e negativamente em 2020 e 2021 por conta da [&hellip;]\" \/>\n<meta property=\"og:url\" content=\"https:\/\/radiolifefm.com.br\/noticias\/economia-criativa-gera-331-mil-novos-postos-de-trabalho-no-estado-de-sao-paulo-comemora-secretario-de-cultura-e-turismo\/\" \/>\n<meta property=\"og:site_name\" content=\"R\u00e1dio Life FM\" \/>\n<meta property=\"article:publisher\" content=\"https:\/\/www.facebook.com\/radiolifefm\/\" \/>\n<meta property=\"article:published_time\" content=\"2022-07-05T17:03:36+00:00\" \/>\n<meta property=\"article:modified_time\" content=\"2026-03-29T12:11:36+00:00\" \/>\n<meta property=\"og:image\" content=\"https:\/\/radiolifefm.com.br\/noticias\/wp-content\/uploads\/2022\/07\/WhatsApp-Image-2022-07-05-at-14.01.55.jpeg\" \/>\n\t<meta property=\"og:image:width\" content=\"1600\" \/>\n\t<meta property=\"og:image:height\" content=\"1066\" \/>\n\t<meta property=\"og:image:type\" content=\"image\/jpeg\" \/>\n<meta name=\"author\" content=\"ritanery\" \/>\n<meta name=\"twitter:card\" content=\"summary_large_image\" \/>\n<meta name=\"twitter:label1\" content=\"Escrito por\" \/>\n\t<meta name=\"twitter:data1\" content=\"ritanery\" \/>\n\t<meta name=\"twitter:label2\" content=\"Est. tempo de leitura\" \/>\n\t<meta name=\"twitter:data2\" content=\"2 minutos\" \/>\n<script type=\"application\/ld+json\" class=\"yoast-schema-graph\">{\"@context\":\"https:\/\/schema.org\",\"@graph\":[{\"@type\":\"Article\",\"@id\":\"https:\/\/radiolifefm.com.br\/noticias\/economia-criativa-gera-331-mil-novos-postos-de-trabalho-no-estado-de-sao-paulo-comemora-secretario-de-cultura-e-turismo\/#article\",\"isPartOf\":{\"@id\":\"https:\/\/radiolifefm.com.br\/noticias\/economia-criativa-gera-331-mil-novos-postos-de-trabalho-no-estado-de-sao-paulo-comemora-secretario-de-cultura-e-turismo\/\"},\"author\":{\"name\":\"ritanery\",\"@id\":\"https:\/\/radiolifefm.com.br\/noticias\/#\/schema\/person\/6339b9fac59d12b071dec680d7375d87\"},\"headline\":\"Economia Criativa gera 331 mil novos postos de trabalho no Estado de S\u00e3o Paulo\u201d, comemora secret\u00e1rio de cultura e turismo\",\"datePublished\":\"2022-07-05T17:03:36+00:00\",\"dateModified\":\"2026-03-29T12:11:36+00:00\",\"mainEntityOfPage\":{\"@id\":\"https:\/\/radiolifefm.com.br\/noticias\/economia-criativa-gera-331-mil-novos-postos-de-trabalho-no-estado-de-sao-paulo-comemora-secretario-de-cultura-e-turismo\/\"},\"wordCount\":385,\"publisher\":{\"@id\":\"https:\/\/radiolifefm.com.br\/noticias\/#organization\"},\"image\":{\"@id\":\"https:\/\/radiolifefm.com.br\/noticias\/economia-criativa-gera-331-mil-novos-postos-de-trabalho-no-estado-de-sao-paulo-comemora-secretario-de-cultura-e-turismo\/#primaryimage\"},\"thumbnailUrl\":\"https:\/\/radiolifefm.com.br\/noticias\/wp-content\/uploads\/2022\/07\/WhatsApp-Image-2022-07-05-at-14.01.55.jpeg\",\"articleSection\":[\"Adamantina\"],\"inLanguage\":\"pt-BR\"},{\"@type\":\"WebPage\",\"@id\":\"https:\/\/radiolifefm.com.br\/noticias\/economia-criativa-gera-331-mil-novos-postos-de-trabalho-no-estado-de-sao-paulo-comemora-secretario-de-cultura-e-turismo\/\",\"url\":\"https:\/\/radiolifefm.com.br\/noticias\/economia-criativa-gera-331-mil-novos-postos-de-trabalho-no-estado-de-sao-paulo-comemora-secretario-de-cultura-e-turismo\/\",\"name\":\"Economia Criativa gera 331 mil novos postos de trabalho no Estado de S\u00e3o Paulo\u201d, comemora secret\u00e1rio de cultura e turismo - R\u00e1dio Life FM\",\"isPartOf\":{\"@id\":\"https:\/\/radiolifefm.com.br\/noticias\/#website\"},\"primaryImageOfPage\":{\"@id\":\"https:\/\/radiolifefm.com.br\/noticias\/economia-criativa-gera-331-mil-novos-postos-de-trabalho-no-estado-de-sao-paulo-comemora-secretario-de-cultura-e-turismo\/#primaryimage\"},\"image\":{\"@id\":\"https:\/\/radiolifefm.com.br\/noticias\/economia-criativa-gera-331-mil-novos-postos-de-trabalho-no-estado-de-sao-paulo-comemora-secretario-de-cultura-e-turismo\/#primaryimage\"},\"thumbnailUrl\":\"https:\/\/radiolifefm.com.br\/noticias\/wp-content\/uploads\/2022\/07\/WhatsApp-Image-2022-07-05-at-14.01.55.jpeg\",\"datePublished\":\"2022-07-05T17:03:36+00:00\",\"dateModified\":\"2026-03-29T12:11:36+00:00\",\"breadcrumb\":{\"@id\":\"https:\/\/radiolifefm.com.br\/noticias\/economia-criativa-gera-331-mil-novos-postos-de-trabalho-no-estado-de-sao-paulo-comemora-secretario-de-cultura-e-turismo\/#breadcrumb\"},\"inLanguage\":\"pt-BR\",\"potentialAction\":[{\"@type\":\"ReadAction\",\"target\":[\"https:\/\/radiolifefm.com.br\/noticias\/economia-criativa-gera-331-mil-novos-postos-de-trabalho-no-estado-de-sao-paulo-comemora-secretario-de-cultura-e-turismo\/\"]}]},{\"@type\":\"ImageObject\",\"inLanguage\":\"pt-BR\",\"@id\":\"https:\/\/radiolifefm.com.br\/noticias\/economia-criativa-gera-331-mil-novos-postos-de-trabalho-no-estado-de-sao-paulo-comemora-secretario-de-cultura-e-turismo\/#primaryimage\",\"url\":\"https:\/\/radiolifefm.com.br\/noticias\/wp-content\/uploads\/2022\/07\/WhatsApp-Image-2022-07-05-at-14.01.55.jpeg\",\"contentUrl\":\"https:\/\/radiolifefm.com.br\/noticias\/wp-content\/uploads\/2022\/07\/WhatsApp-Image-2022-07-05-at-14.01.55.jpeg\",\"width\":1600,\"height\":1066},{\"@type\":\"BreadcrumbList\",\"@id\":\"https:\/\/radiolifefm.com.br\/noticias\/economia-criativa-gera-331-mil-novos-postos-de-trabalho-no-estado-de-sao-paulo-comemora-secretario-de-cultura-e-turismo\/#breadcrumb\",\"itemListElement\":[{\"@type\":\"ListItem\",\"position\":1,\"name\":\"In\u00edcio\",\"item\":\"https:\/\/radiolifefm.com.br\/noticias\/\"},{\"@type\":\"ListItem\",\"position\":2,\"name\":\"Economia Criativa gera 331 mil novos postos de trabalho no Estado de S\u00e3o Paulo\u201d, comemora secret\u00e1rio de cultura e turismo\"}]},{\"@type\":\"WebSite\",\"@id\":\"https:\/\/radiolifefm.com.br\/noticias\/#website\",\"url\":\"https:\/\/radiolifefm.com.br\/noticias\/\",\"name\":\"R\u00e1dio Life FM\",\"description\":\"O Portal de Not\u00edcias de Adamantina\",\"publisher\":{\"@id\":\"https:\/\/radiolifefm.com.br\/noticias\/#organization\"},\"alternateName\":\"Life FM\",\"potentialAction\":[{\"@type\":\"SearchAction\",\"target\":{\"@type\":\"EntryPoint\",\"urlTemplate\":\"https:\/\/radiolifefm.com.br\/noticias\/?s={search_term_string}\"},\"query-input\":{\"@type\":\"PropertyValueSpecification\",\"valueRequired\":true,\"valueName\":\"search_term_string\"}}],\"inLanguage\":\"pt-BR\"},{\"@type\":\"Organization\",\"@id\":\"https:\/\/radiolifefm.com.br\/noticias\/#organization\",\"name\":\"R\u00e1dio Life FM\",\"alternateName\":\"Life FM\",\"url\":\"https:\/\/radiolifefm.com.br\/noticias\/\",\"logo\":{\"@type\":\"ImageObject\",\"inLanguage\":\"pt-BR\",\"@id\":\"https:\/\/radiolifefm.com.br\/noticias\/#\/schema\/logo\/image\/\",\"url\":\"https:\/\/static.radiolifefm.com.br\/noticias\/wp-content\/uploads\/2019\/10\/logo-lifefm.png\",\"contentUrl\":\"https:\/\/static.radiolifefm.com.br\/noticias\/wp-content\/uploads\/2019\/10\/logo-lifefm.png\",\"width\":196,\"height\":47,\"caption\":\"R\u00e1dio Life FM\"},\"image\":{\"@id\":\"https:\/\/radiolifefm.com.br\/noticias\/#\/schema\/logo\/image\/\"},\"sameAs\":[\"https:\/\/www.facebook.com\/radiolifefm\/\",\"https:\/\/www.instagram.com\/life1079fm\/\"]},{\"@type\":\"Person\",\"@id\":\"https:\/\/radiolifefm.com.br\/noticias\/#\/schema\/person\/6339b9fac59d12b071dec680d7375d87\",\"name\":\"ritanery\",\"image\":{\"@type\":\"ImageObject\",\"inLanguage\":\"pt-BR\",\"@id\":\"https:\/\/secure.gravatar.com\/avatar\/0e37bb19071f47c0b8a23f62a903df117c5a0e75f65a0c2901562f97cd41cf86?s=96&d=mm&r=g\",\"url\":\"https:\/\/secure.gravatar.com\/avatar\/0e37bb19071f47c0b8a23f62a903df117c5a0e75f65a0c2901562f97cd41cf86?s=96&d=mm&r=g\",\"contentUrl\":\"https:\/\/secure.gravatar.com\/avatar\/0e37bb19071f47c0b8a23f62a903df117c5a0e75f65a0c2901562f97cd41cf86?s=96&d=mm&r=g\",\"caption\":\"ritanery\"}}]}<\/script>\n<!-- \/ Yoast SEO plugin. -->","yoast_head_json":{"title":"Economia Criativa gera 331 mil novos postos de trabalho no Estado de S\u00e3o Paulo\u201d, comemora secret\u00e1rio de cultura e turismo - R\u00e1dio Life FM","robots":{"index":"index","follow":"follow","max-snippet":"max-snippet:-1","max-image-preview":"max-image-preview:large","max-video-preview":"max-video-preview:-1"},"canonical":"https:\/\/radiolifefm.com.br\/noticias\/economia-criativa-gera-331-mil-novos-postos-de-trabalho-no-estado-de-sao-paulo-comemora-secretario-de-cultura-e-turismo\/","og_locale":"pt_BR","og_type":"article","og_title":"Economia Criativa gera 331 mil novos postos de trabalho no Estado de S\u00e3o Paulo\u201d, comemora secret\u00e1rio de cultura e turismo - R\u00e1dio Life FM","og_description":"A economia criativa \u00e9 o setor econ\u00f4mico formado pelas ind\u00fastrias criativas. Artesanato, moda, arquitetura, museus, designer, eventos, arte e cultura. Estima-se que a economia criativa represente entre 1,2% a 2% da massa salarial formal, al\u00e9m de gerar in\u00fameros empregos informais e indiretos. Um setor atingido dr\u00e1stica e negativamente em 2020 e 2021 por conta da [&hellip;]","og_url":"https:\/\/radiolifefm.com.br\/noticias\/economia-criativa-gera-331-mil-novos-postos-de-trabalho-no-estado-de-sao-paulo-comemora-secretario-de-cultura-e-turismo\/","og_site_name":"R\u00e1dio Life FM","article_publisher":"https:\/\/www.facebook.com\/radiolifefm\/","article_published_time":"2022-07-05T17:03:36+00:00","article_modified_time":"2026-03-29T12:11:36+00:00","og_image":[{"width":1600,"height":1066,"url":"https:\/\/radiolifefm.com.br\/noticias\/wp-content\/uploads\/2022\/07\/WhatsApp-Image-2022-07-05-at-14.01.55.jpeg","type":"image\/jpeg"}],"author":"ritanery","twitter_card":"summary_large_image","twitter_misc":{"Escrito por":"ritanery","Est. tempo de leitura":"2 minutos"},"schema":{"@context":"https:\/\/schema.org","@graph":[{"@type":"Article","@id":"https:\/\/radiolifefm.com.br\/noticias\/economia-criativa-gera-331-mil-novos-postos-de-trabalho-no-estado-de-sao-paulo-comemora-secretario-de-cultura-e-turismo\/#article","isPartOf":{"@id":"https:\/\/radiolifefm.com.br\/noticias\/economia-criativa-gera-331-mil-novos-postos-de-trabalho-no-estado-de-sao-paulo-comemora-secretario-de-cultura-e-turismo\/"},"author":{"name":"ritanery","@id":"https:\/\/radiolifefm.com.br\/noticias\/#\/schema\/person\/6339b9fac59d12b071dec680d7375d87"},"headline":"Economia Criativa gera 331 mil novos postos de trabalho no Estado de S\u00e3o Paulo\u201d, comemora secret\u00e1rio de cultura e turismo","datePublished":"2022-07-05T17:03:36+00:00","dateModified":"2026-03-29T12:11:36+00:00","mainEntityOfPage":{"@id":"https:\/\/radiolifefm.com.br\/noticias\/economia-criativa-gera-331-mil-novos-postos-de-trabalho-no-estado-de-sao-paulo-comemora-secretario-de-cultura-e-turismo\/"},"wordCount":385,"publisher":{"@id":"https:\/\/radiolifefm.com.br\/noticias\/#organization"},"image":{"@id":"https:\/\/radiolifefm.com.br\/noticias\/economia-criativa-gera-331-mil-novos-postos-de-trabalho-no-estado-de-sao-paulo-comemora-secretario-de-cultura-e-turismo\/#primaryimage"},"thumbnailUrl":"https:\/\/radiolifefm.com.br\/noticias\/wp-content\/uploads\/2022\/07\/WhatsApp-Image-2022-07-05-at-14.01.55.jpeg","articleSection":["Adamantina"],"inLanguage":"pt-BR"},{"@type":"WebPage","@id":"https:\/\/radiolifefm.com.br\/noticias\/economia-criativa-gera-331-mil-novos-postos-de-trabalho-no-estado-de-sao-paulo-comemora-secretario-de-cultura-e-turismo\/","url":"https:\/\/radiolifefm.com.br\/noticias\/economia-criativa-gera-331-mil-novos-postos-de-trabalho-no-estado-de-sao-paulo-comemora-secretario-de-cultura-e-turismo\/","name":"Economia Criativa gera 331 mil novos postos de trabalho no Estado de S\u00e3o Paulo\u201d, comemora secret\u00e1rio de cultura e turismo - R\u00e1dio Life FM","isPartOf":{"@id":"https:\/\/radiolifefm.com.br\/noticias\/#website"},"primaryImageOfPage":{"@id":"https:\/\/radiolifefm.com.br\/noticias\/economia-criativa-gera-331-mil-novos-postos-de-trabalho-no-estado-de-sao-paulo-comemora-secretario-de-cultura-e-turismo\/#primaryimage"},"image":{"@id":"https:\/\/radiolifefm.com.br\/noticias\/economia-criativa-gera-331-mil-novos-postos-de-trabalho-no-estado-de-sao-paulo-comemora-secretario-de-cultura-e-turismo\/#primaryimage"},"thumbnailUrl":"https:\/\/radiolifefm.com.br\/noticias\/wp-content\/uploads\/2022\/07\/WhatsApp-Image-2022-07-05-at-14.01.55.jpeg","datePublished":"2022-07-05T17:03:36+00:00","dateModified":"2026-03-29T12:11:36+00:00","breadcrumb":{"@id":"https:\/\/radiolifefm.com.br\/noticias\/economia-criativa-gera-331-mil-novos-postos-de-trabalho-no-estado-de-sao-paulo-comemora-secretario-de-cultura-e-turismo\/#breadcrumb"},"inLanguage":"pt-BR","potentialAction":[{"@type":"ReadAction","target":["https:\/\/radiolifefm.com.br\/noticias\/economia-criativa-gera-331-mil-novos-postos-de-trabalho-no-estado-de-sao-paulo-comemora-secretario-de-cultura-e-turismo\/"]}]},{"@type":"ImageObject","inLanguage":"pt-BR","@id":"https:\/\/radiolifefm.com.br\/noticias\/economia-criativa-gera-331-mil-novos-postos-de-trabalho-no-estado-de-sao-paulo-comemora-secretario-de-cultura-e-turismo\/#primaryimage","url":"https:\/\/radiolifefm.com.br\/noticias\/wp-content\/uploads\/2022\/07\/WhatsApp-Image-2022-07-05-at-14.01.55.jpeg","contentUrl":"https:\/\/radiolifefm.com.br\/noticias\/wp-content\/uploads\/2022\/07\/WhatsApp-Image-2022-07-05-at-14.01.55.jpeg","width":1600,"height":1066},{"@type":"BreadcrumbList","@id":"https:\/\/radiolifefm.com.br\/noticias\/economia-criativa-gera-331-mil-novos-postos-de-trabalho-no-estado-de-sao-paulo-comemora-secretario-de-cultura-e-turismo\/#breadcrumb","itemListElement":[{"@type":"ListItem","position":1,"name":"In\u00edcio","item":"https:\/\/radiolifefm.com.br\/noticias\/"},{"@type":"ListItem","position":2,"name":"Economia Criativa gera 331 mil novos postos de trabalho no Estado de S\u00e3o Paulo\u201d, comemora secret\u00e1rio de cultura e turismo"}]},{"@type":"WebSite","@id":"https:\/\/radiolifefm.com.br\/noticias\/#website","url":"https:\/\/radiolifefm.com.br\/noticias\/","name":"R\u00e1dio Life FM","description":"O Portal de Not\u00edcias de Adamantina","publisher":{"@id":"https:\/\/radiolifefm.com.br\/noticias\/#organization"},"alternateName":"Life FM","potentialAction":[{"@type":"SearchAction","target":{"@type":"EntryPoint","urlTemplate":"https:\/\/radiolifefm.com.br\/noticias\/?s={search_term_string}"},"query-input":{"@type":"PropertyValueSpecification","valueRequired":true,"valueName":"search_term_string"}}],"inLanguage":"pt-BR"},{"@type":"Organization","@id":"https:\/\/radiolifefm.com.br\/noticias\/#organization","name":"R\u00e1dio Life FM","alternateName":"Life FM","url":"https:\/\/radiolifefm.com.br\/noticias\/","logo":{"@type":"ImageObject","inLanguage":"pt-BR","@id":"https:\/\/radiolifefm.com.br\/noticias\/#\/schema\/logo\/image\/","url":"https:\/\/static.radiolifefm.com.br\/noticias\/wp-content\/uploads\/2019\/10\/logo-lifefm.png","contentUrl":"https:\/\/static.radiolifefm.com.br\/noticias\/wp-content\/uploads\/2019\/10\/logo-lifefm.png","width":196,"height":47,"caption":"R\u00e1dio Life FM"},"image":{"@id":"https:\/\/radiolifefm.com.br\/noticias\/#\/schema\/logo\/image\/"},"sameAs":["https:\/\/www.facebook.com\/radiolifefm\/","https:\/\/www.instagram.com\/life1079fm\/"]},{"@type":"Person","@id":"https:\/\/radiolifefm.com.br\/noticias\/#\/schema\/person\/6339b9fac59d12b071dec680d7375d87","name":"ritanery","image":{"@type":"ImageObject","inLanguage":"pt-BR","@id":"https:\/\/secure.gravatar.com\/avatar\/0e37bb19071f47c0b8a23f62a903df117c5a0e75f65a0c2901562f97cd41cf86?s=96&d=mm&r=g","url":"https:\/\/secure.gravatar.com\/avatar\/0e37bb19071f47c0b8a23f62a903df117c5a0e75f65a0c2901562f97cd41cf86?s=96&d=mm&r=g","contentUrl":"https:\/\/secure.gravatar.com\/avatar\/0e37bb19071f47c0b8a23f62a903df117c5a0e75f65a0c2901562f97cd41cf86?s=96&d=mm&r=g","caption":"ritanery"}}]}},"amp_enabled":true,"_links":{"self":[{"href":"https:\/\/radiolifefm.com.br\/noticias\/wp-json\/wp\/v2\/posts\/55484","targetHints":{"allow":["GET"]}}],"collection":[{"href":"https:\/\/radiolifefm.com.br\/noticias\/wp-json\/wp\/v2\/posts"}],"about":[{"href":"https:\/\/radiolifefm.com.br\/noticias\/wp-json\/wp\/v2\/types\/post"}],"author":[{"embeddable":true,"href":"https:\/\/radiolifefm.com.br\/noticias\/wp-json\/wp\/v2\/users\/13"}],"replies":[{"embeddable":true,"href":"https:\/\/radiolifefm.com.br\/noticias\/wp-json\/wp\/v2\/comments?post=55484"}],"version-history":[{"count":2,"href":"https:\/\/radiolifefm.com.br\/noticias\/wp-json\/wp\/v2\/posts\/55484\/revisions"}],"predecessor-version":[{"id":55487,"href":"https:\/\/radiolifefm.com.br\/noticias\/wp-json\/wp\/v2\/posts\/55484\/revisions\/55487"}],"wp:featuredmedia":[{"embeddable":true,"href":"https:\/\/radiolifefm.com.br\/noticias\/wp-json\/wp\/v2\/media\/55485"}],"wp:attachment":[{"href":"https:\/\/radiolifefm.com.br\/noticias\/wp-json\/wp\/v2\/media?parent=55484"}],"wp:term":[{"taxonomy":"category","embeddable":true,"href":"https:\/\/radiolifefm.com.br\/noticias\/wp-json\/wp\/v2\/categories?post=55484"},{"taxonomy":"post_tag","embeddable":true,"href":"https:\/\/radiolifefm.com.br\/noticias\/wp-json\/wp\/v2\/tags?post=55484"}],"curies":[{"name":"wp","href":"https:\/\/api.w.org\/{rel}","templated":true}]}}