{"id":55479,"date":"2022-07-05T07:58:56","date_gmt":"2022-07-05T10:58:56","guid":{"rendered":"https:\/\/radiolifefm.com.br\/noticias\/?p=55479"},"modified":"2026-04-08T10:45:09","modified_gmt":"2026-04-08T13:45:09","slug":"prefeitura-de-adamantina-anuncia-data-para-realizacao-da-expoverde-2022","status":"publish","type":"post","link":"https:\/\/radiolifefm.com.br\/noticias\/prefeitura-de-adamantina-anuncia-data-para-realizacao-da-expoverde-2022\/","title":{"rendered":"Prefeitura de Adamantina anuncia data para realiza\u00e7\u00e3o da ExpoVerde 2022"},"content":{"rendered":"<div id=\"fb-root\"><\/div>\n<p>Depois de dois anos de pandemia, a ExpoVerde 2022 ser\u00e1 realizada e comemorar\u00e1 os seus 30 anos. Ap\u00f3s encontro com todos os membros que integram a Comiss\u00e3o Organizadora e, posteriormente, reuni\u00e3o com as submiss\u00f5es, a Prefeitura de Adamantina anuncia que a festa acontecer\u00e1 de 31 de agosto a 04 de setembro no Recinto Poliesportivo com entrada franca todos os dias.<\/p>\n<p>&nbsp;<\/p>\n<div>De acordo com a comiss\u00e3o organizadora, novas ideias ser\u00e3o implantadas como meio de tornar a festa mais atrativa n\u00e3o s\u00f3 para os adamantinenses como para as pessoas da regi\u00e3o que vem para participar da ExpoVerde 2022, bem como fomento aos expositores que apostam na festa como potencial de neg\u00f3cios.<\/div>\n<div>\n<p>&nbsp;<\/p>\n<p>&#8220;A realiza\u00e7\u00e3o da ExpoVerde \u00e9 mais uma forma de fomentar o turismo de neg\u00f3cios, pois somos Munic\u00edpio de Interesse Tur\u00edstico (MIT) e o evento movimenta e muito a economia\u201d afirma o prefeito M\u00e1rcio Cardim.<\/p>\n<p>&nbsp;<\/p>\n<p>De acordo com o presidente da festa, Gustavo Taniguchi Rufino, as subcomiss\u00f5es j\u00e1 est\u00e3o trabalhando bastante e a expectativa \u00e9 que nossas a\u00e7\u00f5es integrem a festa.<\/p>\n<p>&nbsp;<\/p>\n<p>\u201cEstamos trabalhando para fazer um grande evento assim como as outras edi\u00e7\u00f5es da ExpoVerde. Os expositores j\u00e1 tem nos procurado para promover a loca\u00e7\u00e3o dos espa\u00e7os e isso mostra a import\u00e2ncia da nossa festa n\u00e3o s\u00f3 para a nossa cidade como tamb\u00e9m para as empresas que v\u00eam de outras cidades comercializar os seus produtos durante os cinco dias\u201d, assegura.<\/p>\n<p>&nbsp;<\/p>\n<p>Nos pr\u00f3ximos dias, a Prefeitura de Adamantina anunciar\u00e1 o tema da ExpoVerde 2022, a grade de shows e demais atividades que ser\u00e3o desenvolvidas durante os cinco dias de festa.<\/p>\n<p>&nbsp;<\/p>\n<p>Os interessados em tirar d\u00favidas sobre a festa podem entrar em contato por meio da Central Expoverde: (18) 99145-5208.<\/p>\n<\/div>\n<div><\/div>\n<div><\/div>\n<div><\/div>\n<div><\/div>\n<div>Fonte: Assessoria de Imprensa<\/div>\n","protected":false},"excerpt":{"rendered":"<p>Depois de dois anos de pandemia, a ExpoVerde 2022 ser\u00e1 realizada e comemorar\u00e1 os seus 30 anos. Ap\u00f3s encontro com todos os membros que integram a Comiss\u00e3o Organizadora e, posteriormente, reuni\u00e3o com as submiss\u00f5es, a Prefeitura de Adamantina anuncia que a festa acontecer\u00e1 de 31 de agosto a 04 de setembro no Recinto Poliesportivo com [&hellip;]<\/p>\n","protected":false},"author":13,"featured_media":55480,"comment_status":"closed","ping_status":"open","sticky":false,"template":"","format":"standard","meta":{"_acf_changed":false,"_exactmetrics_skip_tracking":false,"_exactmetrics_sitenote_active":false,"_exactmetrics_sitenote_note":"","_exactmetrics_sitenote_category":0,"footnotes":""},"categories":[21],"tags":[],"class_list":["post-55479","post","type-post","status-publish","format-standard","has-post-thumbnail","hentry","category-adamantina"],"acf":[],"yoast_head":"<!-- This site is optimized with the Yoast SEO plugin v27.2 - https:\/\/yoast.com\/product\/yoast-seo-wordpress\/ -->\n<title>Prefeitura de Adamantina anuncia data para realiza\u00e7\u00e3o da ExpoVerde 2022 - R\u00e1dio Life FM<\/title>\n<meta name=\"robots\" content=\"index, follow, max-snippet:-1, max-image-preview:large, max-video-preview:-1\" \/>\n<link rel=\"canonical\" href=\"https:\/\/radiolifefm.com.br\/noticias\/prefeitura-de-adamantina-anuncia-data-para-realizacao-da-expoverde-2022\/\" \/>\n<meta property=\"og:locale\" content=\"pt_BR\" \/>\n<meta property=\"og:type\" content=\"article\" \/>\n<meta property=\"og:title\" content=\"Prefeitura de Adamantina anuncia data para realiza\u00e7\u00e3o da ExpoVerde 2022 - R\u00e1dio Life FM\" \/>\n<meta property=\"og:description\" content=\"Depois de dois anos de pandemia, a ExpoVerde 2022 ser\u00e1 realizada e comemorar\u00e1 os seus 30 anos. Ap\u00f3s encontro com todos os membros que integram a Comiss\u00e3o Organizadora e, posteriormente, reuni\u00e3o com as submiss\u00f5es, a Prefeitura de Adamantina anuncia que a festa acontecer\u00e1 de 31 de agosto a 04 de setembro no Recinto Poliesportivo com [&hellip;]\" \/>\n<meta property=\"og:url\" content=\"https:\/\/radiolifefm.com.br\/noticias\/prefeitura-de-adamantina-anuncia-data-para-realizacao-da-expoverde-2022\/\" \/>\n<meta property=\"og:site_name\" content=\"R\u00e1dio Life FM\" \/>\n<meta property=\"article:publisher\" content=\"https:\/\/www.facebook.com\/radiolifefm\/\" \/>\n<meta property=\"article:published_time\" content=\"2022-07-05T10:58:56+00:00\" \/>\n<meta property=\"article:modified_time\" content=\"2026-04-08T13:45:09+00:00\" \/>\n<meta property=\"og:image\" content=\"https:\/\/radiolifefm.com.br\/noticias\/wp-content\/uploads\/2022\/07\/cdcdcf9399aa30cef49fe1cdf830dea8.jpg\" \/>\n\t<meta property=\"og:image:width\" content=\"848\" \/>\n\t<meta property=\"og:image:height\" content=\"312\" \/>\n\t<meta property=\"og:image:type\" content=\"image\/jpeg\" \/>\n<meta name=\"author\" content=\"ritanery\" \/>\n<meta name=\"twitter:card\" content=\"summary_large_image\" \/>\n<meta name=\"twitter:label1\" content=\"Escrito por\" \/>\n\t<meta name=\"twitter:data1\" content=\"ritanery\" \/>\n\t<meta name=\"twitter:label2\" content=\"Est. tempo de leitura\" \/>\n\t<meta name=\"twitter:data2\" content=\"2 minutos\" \/>\n<script type=\"application\/ld+json\" class=\"yoast-schema-graph\">{\"@context\":\"https:\/\/schema.org\",\"@graph\":[{\"@type\":\"Article\",\"@id\":\"https:\/\/radiolifefm.com.br\/noticias\/prefeitura-de-adamantina-anuncia-data-para-realizacao-da-expoverde-2022\/#article\",\"isPartOf\":{\"@id\":\"https:\/\/radiolifefm.com.br\/noticias\/prefeitura-de-adamantina-anuncia-data-para-realizacao-da-expoverde-2022\/\"},\"author\":{\"name\":\"ritanery\",\"@id\":\"https:\/\/radiolifefm.com.br\/noticias\/#\/schema\/person\/6339b9fac59d12b071dec680d7375d87\"},\"headline\":\"Prefeitura de Adamantina anuncia data para realiza\u00e7\u00e3o da ExpoVerde 2022\",\"datePublished\":\"2022-07-05T10:58:56+00:00\",\"dateModified\":\"2026-04-08T13:45:09+00:00\",\"mainEntityOfPage\":{\"@id\":\"https:\/\/radiolifefm.com.br\/noticias\/prefeitura-de-adamantina-anuncia-data-para-realizacao-da-expoverde-2022\/\"},\"wordCount\":314,\"publisher\":{\"@id\":\"https:\/\/radiolifefm.com.br\/noticias\/#organization\"},\"image\":{\"@id\":\"https:\/\/radiolifefm.com.br\/noticias\/prefeitura-de-adamantina-anuncia-data-para-realizacao-da-expoverde-2022\/#primaryimage\"},\"thumbnailUrl\":\"https:\/\/radiolifefm.com.br\/noticias\/wp-content\/uploads\/2022\/07\/cdcdcf9399aa30cef49fe1cdf830dea8.jpg\",\"articleSection\":[\"Adamantina\"],\"inLanguage\":\"pt-BR\"},{\"@type\":\"WebPage\",\"@id\":\"https:\/\/radiolifefm.com.br\/noticias\/prefeitura-de-adamantina-anuncia-data-para-realizacao-da-expoverde-2022\/\",\"url\":\"https:\/\/radiolifefm.com.br\/noticias\/prefeitura-de-adamantina-anuncia-data-para-realizacao-da-expoverde-2022\/\",\"name\":\"Prefeitura de Adamantina anuncia data para realiza\u00e7\u00e3o da ExpoVerde 2022 - R\u00e1dio Life FM\",\"isPartOf\":{\"@id\":\"https:\/\/radiolifefm.com.br\/noticias\/#website\"},\"primaryImageOfPage\":{\"@id\":\"https:\/\/radiolifefm.com.br\/noticias\/prefeitura-de-adamantina-anuncia-data-para-realizacao-da-expoverde-2022\/#primaryimage\"},\"image\":{\"@id\":\"https:\/\/radiolifefm.com.br\/noticias\/prefeitura-de-adamantina-anuncia-data-para-realizacao-da-expoverde-2022\/#primaryimage\"},\"thumbnailUrl\":\"https:\/\/radiolifefm.com.br\/noticias\/wp-content\/uploads\/2022\/07\/cdcdcf9399aa30cef49fe1cdf830dea8.jpg\",\"datePublished\":\"2022-07-05T10:58:56+00:00\",\"dateModified\":\"2026-04-08T13:45:09+00:00\",\"breadcrumb\":{\"@id\":\"https:\/\/radiolifefm.com.br\/noticias\/prefeitura-de-adamantina-anuncia-data-para-realizacao-da-expoverde-2022\/#breadcrumb\"},\"inLanguage\":\"pt-BR\",\"potentialAction\":[{\"@type\":\"ReadAction\",\"target\":[\"https:\/\/radiolifefm.com.br\/noticias\/prefeitura-de-adamantina-anuncia-data-para-realizacao-da-expoverde-2022\/\"]}]},{\"@type\":\"ImageObject\",\"inLanguage\":\"pt-BR\",\"@id\":\"https:\/\/radiolifefm.com.br\/noticias\/prefeitura-de-adamantina-anuncia-data-para-realizacao-da-expoverde-2022\/#primaryimage\",\"url\":\"https:\/\/radiolifefm.com.br\/noticias\/wp-content\/uploads\/2022\/07\/cdcdcf9399aa30cef49fe1cdf830dea8.jpg\",\"contentUrl\":\"https:\/\/radiolifefm.com.br\/noticias\/wp-content\/uploads\/2022\/07\/cdcdcf9399aa30cef49fe1cdf830dea8.jpg\",\"width\":848,\"height\":312,\"caption\":\"Prefeitura de Adamantina divulga chamamento p\u00fablico a partir de amanh\u00e3(12)\"},{\"@type\":\"BreadcrumbList\",\"@id\":\"https:\/\/radiolifefm.com.br\/noticias\/prefeitura-de-adamantina-anuncia-data-para-realizacao-da-expoverde-2022\/#breadcrumb\",\"itemListElement\":[{\"@type\":\"ListItem\",\"position\":1,\"name\":\"In\u00edcio\",\"item\":\"https:\/\/radiolifefm.com.br\/noticias\/\"},{\"@type\":\"ListItem\",\"position\":2,\"name\":\"Prefeitura de Adamantina anuncia data para realiza\u00e7\u00e3o da ExpoVerde 2022\"}]},{\"@type\":\"WebSite\",\"@id\":\"https:\/\/radiolifefm.com.br\/noticias\/#website\",\"url\":\"https:\/\/radiolifefm.com.br\/noticias\/\",\"name\":\"R\u00e1dio Life FM\",\"description\":\"O Portal de Not\u00edcias de Adamantina\",\"publisher\":{\"@id\":\"https:\/\/radiolifefm.com.br\/noticias\/#organization\"},\"alternateName\":\"Life FM\",\"potentialAction\":[{\"@type\":\"SearchAction\",\"target\":{\"@type\":\"EntryPoint\",\"urlTemplate\":\"https:\/\/radiolifefm.com.br\/noticias\/?s={search_term_string}\"},\"query-input\":{\"@type\":\"PropertyValueSpecification\",\"valueRequired\":true,\"valueName\":\"search_term_string\"}}],\"inLanguage\":\"pt-BR\"},{\"@type\":\"Organization\",\"@id\":\"https:\/\/radiolifefm.com.br\/noticias\/#organization\",\"name\":\"R\u00e1dio Life FM\",\"alternateName\":\"Life FM\",\"url\":\"https:\/\/radiolifefm.com.br\/noticias\/\",\"logo\":{\"@type\":\"ImageObject\",\"inLanguage\":\"pt-BR\",\"@id\":\"https:\/\/radiolifefm.com.br\/noticias\/#\/schema\/logo\/image\/\",\"url\":\"https:\/\/static.radiolifefm.com.br\/noticias\/wp-content\/uploads\/2019\/10\/logo-lifefm.png\",\"contentUrl\":\"https:\/\/static.radiolifefm.com.br\/noticias\/wp-content\/uploads\/2019\/10\/logo-lifefm.png\",\"width\":196,\"height\":47,\"caption\":\"R\u00e1dio Life FM\"},\"image\":{\"@id\":\"https:\/\/radiolifefm.com.br\/noticias\/#\/schema\/logo\/image\/\"},\"sameAs\":[\"https:\/\/www.facebook.com\/radiolifefm\/\",\"https:\/\/www.instagram.com\/life1079fm\/\"]},{\"@type\":\"Person\",\"@id\":\"https:\/\/radiolifefm.com.br\/noticias\/#\/schema\/person\/6339b9fac59d12b071dec680d7375d87\",\"name\":\"ritanery\",\"image\":{\"@type\":\"ImageObject\",\"inLanguage\":\"pt-BR\",\"@id\":\"https:\/\/secure.gravatar.com\/avatar\/0e37bb19071f47c0b8a23f62a903df117c5a0e75f65a0c2901562f97cd41cf86?s=96&d=mm&r=g\",\"url\":\"https:\/\/secure.gravatar.com\/avatar\/0e37bb19071f47c0b8a23f62a903df117c5a0e75f65a0c2901562f97cd41cf86?s=96&d=mm&r=g\",\"contentUrl\":\"https:\/\/secure.gravatar.com\/avatar\/0e37bb19071f47c0b8a23f62a903df117c5a0e75f65a0c2901562f97cd41cf86?s=96&d=mm&r=g\",\"caption\":\"ritanery\"}}]}<\/script>\n<!-- \/ Yoast SEO plugin. -->","yoast_head_json":{"title":"Prefeitura de Adamantina anuncia data para realiza\u00e7\u00e3o da ExpoVerde 2022 - R\u00e1dio Life FM","robots":{"index":"index","follow":"follow","max-snippet":"max-snippet:-1","max-image-preview":"max-image-preview:large","max-video-preview":"max-video-preview:-1"},"canonical":"https:\/\/radiolifefm.com.br\/noticias\/prefeitura-de-adamantina-anuncia-data-para-realizacao-da-expoverde-2022\/","og_locale":"pt_BR","og_type":"article","og_title":"Prefeitura de Adamantina anuncia data para realiza\u00e7\u00e3o da ExpoVerde 2022 - R\u00e1dio Life FM","og_description":"Depois de dois anos de pandemia, a ExpoVerde 2022 ser\u00e1 realizada e comemorar\u00e1 os seus 30 anos. Ap\u00f3s encontro com todos os membros que integram a Comiss\u00e3o Organizadora e, posteriormente, reuni\u00e3o com as submiss\u00f5es, a Prefeitura de Adamantina anuncia que a festa acontecer\u00e1 de 31 de agosto a 04 de setembro no Recinto Poliesportivo com [&hellip;]","og_url":"https:\/\/radiolifefm.com.br\/noticias\/prefeitura-de-adamantina-anuncia-data-para-realizacao-da-expoverde-2022\/","og_site_name":"R\u00e1dio Life FM","article_publisher":"https:\/\/www.facebook.com\/radiolifefm\/","article_published_time":"2022-07-05T10:58:56+00:00","article_modified_time":"2026-04-08T13:45:09+00:00","og_image":[{"width":848,"height":312,"url":"https:\/\/radiolifefm.com.br\/noticias\/wp-content\/uploads\/2022\/07\/cdcdcf9399aa30cef49fe1cdf830dea8.jpg","type":"image\/jpeg"}],"author":"ritanery","twitter_card":"summary_large_image","twitter_misc":{"Escrito por":"ritanery","Est. tempo de leitura":"2 minutos"},"schema":{"@context":"https:\/\/schema.org","@graph":[{"@type":"Article","@id":"https:\/\/radiolifefm.com.br\/noticias\/prefeitura-de-adamantina-anuncia-data-para-realizacao-da-expoverde-2022\/#article","isPartOf":{"@id":"https:\/\/radiolifefm.com.br\/noticias\/prefeitura-de-adamantina-anuncia-data-para-realizacao-da-expoverde-2022\/"},"author":{"name":"ritanery","@id":"https:\/\/radiolifefm.com.br\/noticias\/#\/schema\/person\/6339b9fac59d12b071dec680d7375d87"},"headline":"Prefeitura de Adamantina anuncia data para realiza\u00e7\u00e3o da ExpoVerde 2022","datePublished":"2022-07-05T10:58:56+00:00","dateModified":"2026-04-08T13:45:09+00:00","mainEntityOfPage":{"@id":"https:\/\/radiolifefm.com.br\/noticias\/prefeitura-de-adamantina-anuncia-data-para-realizacao-da-expoverde-2022\/"},"wordCount":314,"publisher":{"@id":"https:\/\/radiolifefm.com.br\/noticias\/#organization"},"image":{"@id":"https:\/\/radiolifefm.com.br\/noticias\/prefeitura-de-adamantina-anuncia-data-para-realizacao-da-expoverde-2022\/#primaryimage"},"thumbnailUrl":"https:\/\/radiolifefm.com.br\/noticias\/wp-content\/uploads\/2022\/07\/cdcdcf9399aa30cef49fe1cdf830dea8.jpg","articleSection":["Adamantina"],"inLanguage":"pt-BR"},{"@type":"WebPage","@id":"https:\/\/radiolifefm.com.br\/noticias\/prefeitura-de-adamantina-anuncia-data-para-realizacao-da-expoverde-2022\/","url":"https:\/\/radiolifefm.com.br\/noticias\/prefeitura-de-adamantina-anuncia-data-para-realizacao-da-expoverde-2022\/","name":"Prefeitura de Adamantina anuncia data para realiza\u00e7\u00e3o da ExpoVerde 2022 - R\u00e1dio Life FM","isPartOf":{"@id":"https:\/\/radiolifefm.com.br\/noticias\/#website"},"primaryImageOfPage":{"@id":"https:\/\/radiolifefm.com.br\/noticias\/prefeitura-de-adamantina-anuncia-data-para-realizacao-da-expoverde-2022\/#primaryimage"},"image":{"@id":"https:\/\/radiolifefm.com.br\/noticias\/prefeitura-de-adamantina-anuncia-data-para-realizacao-da-expoverde-2022\/#primaryimage"},"thumbnailUrl":"https:\/\/radiolifefm.com.br\/noticias\/wp-content\/uploads\/2022\/07\/cdcdcf9399aa30cef49fe1cdf830dea8.jpg","datePublished":"2022-07-05T10:58:56+00:00","dateModified":"2026-04-08T13:45:09+00:00","breadcrumb":{"@id":"https:\/\/radiolifefm.com.br\/noticias\/prefeitura-de-adamantina-anuncia-data-para-realizacao-da-expoverde-2022\/#breadcrumb"},"inLanguage":"pt-BR","potentialAction":[{"@type":"ReadAction","target":["https:\/\/radiolifefm.com.br\/noticias\/prefeitura-de-adamantina-anuncia-data-para-realizacao-da-expoverde-2022\/"]}]},{"@type":"ImageObject","inLanguage":"pt-BR","@id":"https:\/\/radiolifefm.com.br\/noticias\/prefeitura-de-adamantina-anuncia-data-para-realizacao-da-expoverde-2022\/#primaryimage","url":"https:\/\/radiolifefm.com.br\/noticias\/wp-content\/uploads\/2022\/07\/cdcdcf9399aa30cef49fe1cdf830dea8.jpg","contentUrl":"https:\/\/radiolifefm.com.br\/noticias\/wp-content\/uploads\/2022\/07\/cdcdcf9399aa30cef49fe1cdf830dea8.jpg","width":848,"height":312,"caption":"Prefeitura de Adamantina divulga chamamento p\u00fablico a partir de amanh\u00e3(12)"},{"@type":"BreadcrumbList","@id":"https:\/\/radiolifefm.com.br\/noticias\/prefeitura-de-adamantina-anuncia-data-para-realizacao-da-expoverde-2022\/#breadcrumb","itemListElement":[{"@type":"ListItem","position":1,"name":"In\u00edcio","item":"https:\/\/radiolifefm.com.br\/noticias\/"},{"@type":"ListItem","position":2,"name":"Prefeitura de Adamantina anuncia data para realiza\u00e7\u00e3o da ExpoVerde 2022"}]},{"@type":"WebSite","@id":"https:\/\/radiolifefm.com.br\/noticias\/#website","url":"https:\/\/radiolifefm.com.br\/noticias\/","name":"R\u00e1dio Life FM","description":"O Portal de Not\u00edcias de Adamantina","publisher":{"@id":"https:\/\/radiolifefm.com.br\/noticias\/#organization"},"alternateName":"Life FM","potentialAction":[{"@type":"SearchAction","target":{"@type":"EntryPoint","urlTemplate":"https:\/\/radiolifefm.com.br\/noticias\/?s={search_term_string}"},"query-input":{"@type":"PropertyValueSpecification","valueRequired":true,"valueName":"search_term_string"}}],"inLanguage":"pt-BR"},{"@type":"Organization","@id":"https:\/\/radiolifefm.com.br\/noticias\/#organization","name":"R\u00e1dio Life FM","alternateName":"Life FM","url":"https:\/\/radiolifefm.com.br\/noticias\/","logo":{"@type":"ImageObject","inLanguage":"pt-BR","@id":"https:\/\/radiolifefm.com.br\/noticias\/#\/schema\/logo\/image\/","url":"https:\/\/static.radiolifefm.com.br\/noticias\/wp-content\/uploads\/2019\/10\/logo-lifefm.png","contentUrl":"https:\/\/static.radiolifefm.com.br\/noticias\/wp-content\/uploads\/2019\/10\/logo-lifefm.png","width":196,"height":47,"caption":"R\u00e1dio Life FM"},"image":{"@id":"https:\/\/radiolifefm.com.br\/noticias\/#\/schema\/logo\/image\/"},"sameAs":["https:\/\/www.facebook.com\/radiolifefm\/","https:\/\/www.instagram.com\/life1079fm\/"]},{"@type":"Person","@id":"https:\/\/radiolifefm.com.br\/noticias\/#\/schema\/person\/6339b9fac59d12b071dec680d7375d87","name":"ritanery","image":{"@type":"ImageObject","inLanguage":"pt-BR","@id":"https:\/\/secure.gravatar.com\/avatar\/0e37bb19071f47c0b8a23f62a903df117c5a0e75f65a0c2901562f97cd41cf86?s=96&d=mm&r=g","url":"https:\/\/secure.gravatar.com\/avatar\/0e37bb19071f47c0b8a23f62a903df117c5a0e75f65a0c2901562f97cd41cf86?s=96&d=mm&r=g","contentUrl":"https:\/\/secure.gravatar.com\/avatar\/0e37bb19071f47c0b8a23f62a903df117c5a0e75f65a0c2901562f97cd41cf86?s=96&d=mm&r=g","caption":"ritanery"}}]}},"amp_enabled":true,"_links":{"self":[{"href":"https:\/\/radiolifefm.com.br\/noticias\/wp-json\/wp\/v2\/posts\/55479","targetHints":{"allow":["GET"]}}],"collection":[{"href":"https:\/\/radiolifefm.com.br\/noticias\/wp-json\/wp\/v2\/posts"}],"about":[{"href":"https:\/\/radiolifefm.com.br\/noticias\/wp-json\/wp\/v2\/types\/post"}],"author":[{"embeddable":true,"href":"https:\/\/radiolifefm.com.br\/noticias\/wp-json\/wp\/v2\/users\/13"}],"replies":[{"embeddable":true,"href":"https:\/\/radiolifefm.com.br\/noticias\/wp-json\/wp\/v2\/comments?post=55479"}],"version-history":[{"count":4,"href":"https:\/\/radiolifefm.com.br\/noticias\/wp-json\/wp\/v2\/posts\/55479\/revisions"}],"predecessor-version":[{"id":55510,"href":"https:\/\/radiolifefm.com.br\/noticias\/wp-json\/wp\/v2\/posts\/55479\/revisions\/55510"}],"wp:featuredmedia":[{"embeddable":true,"href":"https:\/\/radiolifefm.com.br\/noticias\/wp-json\/wp\/v2\/media\/55480"}],"wp:attachment":[{"href":"https:\/\/radiolifefm.com.br\/noticias\/wp-json\/wp\/v2\/media?parent=55479"}],"wp:term":[{"taxonomy":"category","embeddable":true,"href":"https:\/\/radiolifefm.com.br\/noticias\/wp-json\/wp\/v2\/categories?post=55479"},{"taxonomy":"post_tag","embeddable":true,"href":"https:\/\/radiolifefm.com.br\/noticias\/wp-json\/wp\/v2\/tags?post=55479"}],"curies":[{"name":"wp","href":"https:\/\/api.w.org\/{rel}","templated":true}]}}