{"id":55442,"date":"2022-07-04T09:41:23","date_gmt":"2022-07-04T12:41:23","guid":{"rendered":"https:\/\/radiolifefm.com.br\/noticias\/?p=55442"},"modified":"2026-04-27T13:27:24","modified_gmt":"2026-04-27T16:27:24","slug":"adamantina-sedia-premiacao-regional-da-olimpiada-brasileira-de-matematica-das-escolas-publicas","status":"publish","type":"post","link":"https:\/\/radiolifefm.com.br\/noticias\/adamantina-sedia-premiacao-regional-da-olimpiada-brasileira-de-matematica-das-escolas-publicas\/","title":{"rendered":"Adamantina sedia premia\u00e7\u00e3o regional da Ol\u00edmpiada Brasileira de Matem\u00e1tica das Escolas P\u00fablicas"},"content":{"rendered":"<div id=\"fb-root\"><\/div>\n<p>Na quinta-feira (30) a Cidade Joia foi sede da Solenidade de Premia\u00e7\u00e3o Regional da 15\u00aa e da 16\u00aa Ol\u00edmpiada Brasileira de Matem\u00e1tica das Escolas P\u00fablicas, promovida pela coordena\u00e7\u00e3o regional da OBMEP com o apoio da Sociedade Brasileira de Matem\u00e1tica, do Instituto Brasileiro de Matem\u00e1tica Pura e Aplicada, dos Minist\u00e9rio da Educa\u00e7\u00e3o, do Minist\u00e9rio da Ci\u00eancia, Tecnologia e Inova\u00e7\u00f5es e da Diretoria de Ensino da Regi\u00e3o de Adamantina.<\/p>\n<p>Para conduzir os trabalhos, compuseram a mesa diretiva: a coordenadora regional da OBMEP, Prof\u00aa. Dr\u00aa. Cristiane Nespoli de Oliveira e as representantes da Diretoria de Ensino de Adamantina, a supervisora educacional Prof\u00aa. M\u00e1rcia H. M. Lopes dos Santos \u2013 que representou a dirigente regional de ensino Prof\u00aa. Irmes Mattara \u2013, a supervisora educacional Vilma Medeiros e a coordenadora de equipe curricular Prof\u00aa. Roseli Soares Jacomini.<\/p>\n<p>Estiveram tamb\u00e9m presentes no Anfiteatro da Biblioteca Municipal para prestigiarem a premia\u00e7\u00e3o os gestores e professores das escolas, bem como familiares dos estudantes, al\u00e9m de secret\u00e1rios municipais de educa\u00e7\u00e3o e membros da equipe t\u00e9cnica da DE.<\/p>\n<p>Confira a rela\u00e7\u00e3o dos alunos premiados na 15\u00aa edi\u00e7\u00e3o (2019): Maria Iolanda S. Feitosa \u2013 EE Prof\u00ba Idene Rodrigues dos Santos; Marcos Augusto Breda \u2013 ETEC Amin Jundi; Raquel Liberato \u2013 EMEFEI Armando L. Moreno; Rafael Kenzo O. Iwamoto \u2013 EE prof\u00ba Geraldo Pecorari; Marcos Antonio S. Feitosa \u2013 EE Prof\u00ba Idene R. dos Santos; Julio Cesar B. Mazarin \u2013 EMEFEI Prof\u00ba Leonidas R. de Oliveira; Arthur D. C. Martinez \u2013 EE Prof\u00aa Fleurides C. Menechino; Vitoria L. Senozien \u2013 EE Prof\u00aa Fleurides; Arthur G. A. Regiani \u2013 EE 9 de julho; Larissa C. F. Monteiro \u2013 EE Prof\u00ba Geraldo Pecorari; Gabriel B. Gonsales e Izaque Barbosa \u2013 ambos da \u2013 EE Prof\u00aa L\u00e9a Ap. V. Guedes.<\/p>\n<p><img decoding=\"async\" class=\"aligncenter size-full wp-image-101858 jetpack-lazy-image\" src=\"https:\/\/i0.wp.com\/adamantinanet.com.br\/wp-content\/uploads\/2022\/06\/Banner-Cabonet.jpg?resize=740%2C148&amp;is-pending-load=1#038;ssl=1\" alt=\"\" \/><\/p>\n<p>Agora a lista dos alunos premiados na 16\u00aa edi\u00e7\u00e3o (2021): Paulo F. S. Vieira \u2013 EE 9 de julho; Raquel Liberato; Julio Cesar B. Mazarin; Miguel Mantovaneli \u2013 EE 9 de julho; Arthur Gabriel A. Regiani; Vinicius C. Correa \u2013 EE Prof\u00ba Geraldo Pecorari; Breno Gabriel M. Mata \u2013 EE Dom Lucio Antunes; Rafael K. O. Iwamoto; Caio Bernatti Costa \u2013 EE Ferdinando Ienny; Giovani M. M. Nagamo \u2013 EE Joel Aguiar; Raphael M. da Silva E Lucas A. B. Castagna \u2013 ambos da \u2013 EMEFEI Prof\u00ba Leonidas R. de Oliveira.<\/p>\n<p>J\u00e1 os professores que receberam pr\u00eamio s\u00e3o: Edi\u00e7\u00e3o 2019 \u2013 Cristina S. Nunes \u2013 EE Prof\u00ba Idene R. dos Santos; Edi\u00e7\u00e3o 2021 \u2013 Deise M. M. Adami \u2013 EE 9 de julho, Elaine C. A. Barros E Leandro M. Gallette \u2013 ambos da EE Geraldo Pecorari, Fabricio G. da Silva \u2013 EE Dom L\u00facio e EMEF Prof\u00ba Nelson de Paula.<\/p>\n<p>Por fim as escolas premiadas foram: 2019 \u2013 EE 9 de julho de Dracena, EMEFEI Prof\u00ba Armando Lopes Moreno de Flora Rica; 2021 \u2013 Penitenciaria Compacta de Tupi Paulista \u2013 vinculada \u00e0 ee Prof\u00aa L\u00e9a Ap. V. Guedes e EE Prof\u00ba Idene R. dos Santos de Junqueir\u00f3polis.<\/p>\n<p>&nbsp;<\/p>\n<p>Fonte: Adamantina Net<\/p>\n","protected":false},"excerpt":{"rendered":"<p>Na quinta-feira (30) a Cidade Joia foi sede da Solenidade de Premia\u00e7\u00e3o Regional da 15\u00aa e da 16\u00aa Ol\u00edmpiada Brasileira de Matem\u00e1tica das Escolas P\u00fablicas, promovida pela coordena\u00e7\u00e3o regional da OBMEP com o apoio da Sociedade Brasileira de Matem\u00e1tica, do Instituto Brasileiro de Matem\u00e1tica Pura e Aplicada, dos Minist\u00e9rio da Educa\u00e7\u00e3o, do Minist\u00e9rio da Ci\u00eancia, [&hellip;]<\/p>\n","protected":false},"author":13,"featured_media":55443,"comment_status":"closed","ping_status":"open","sticky":false,"template":"","format":"standard","meta":{"_acf_changed":false,"_exactmetrics_skip_tracking":false,"_exactmetrics_sitenote_active":false,"_exactmetrics_sitenote_note":"","_exactmetrics_sitenote_category":0,"footnotes":""},"categories":[21],"tags":[],"class_list":["post-55442","post","type-post","status-publish","format-standard","has-post-thumbnail","hentry","category-adamantina"],"acf":[],"yoast_head":"<!-- This site is optimized with the Yoast SEO plugin v27.2 - https:\/\/yoast.com\/product\/yoast-seo-wordpress\/ -->\n<title>Adamantina sedia premia\u00e7\u00e3o regional da Ol\u00edmpiada Brasileira de Matem\u00e1tica das Escolas P\u00fablicas - R\u00e1dio Life FM<\/title>\n<meta name=\"robots\" content=\"index, follow, max-snippet:-1, max-image-preview:large, max-video-preview:-1\" \/>\n<link rel=\"canonical\" href=\"https:\/\/radiolifefm.com.br\/noticias\/adamantina-sedia-premiacao-regional-da-olimpiada-brasileira-de-matematica-das-escolas-publicas\/\" \/>\n<meta property=\"og:locale\" content=\"pt_BR\" \/>\n<meta property=\"og:type\" content=\"article\" \/>\n<meta property=\"og:title\" content=\"Adamantina sedia premia\u00e7\u00e3o regional da Ol\u00edmpiada Brasileira de Matem\u00e1tica das Escolas P\u00fablicas - R\u00e1dio Life FM\" \/>\n<meta property=\"og:description\" content=\"Na quinta-feira (30) a Cidade Joia foi sede da Solenidade de Premia\u00e7\u00e3o Regional da 15\u00aa e da 16\u00aa Ol\u00edmpiada Brasileira de Matem\u00e1tica das Escolas P\u00fablicas, promovida pela coordena\u00e7\u00e3o regional da OBMEP com o apoio da Sociedade Brasileira de Matem\u00e1tica, do Instituto Brasileiro de Matem\u00e1tica Pura e Aplicada, dos Minist\u00e9rio da Educa\u00e7\u00e3o, do Minist\u00e9rio da Ci\u00eancia, [&hellip;]\" \/>\n<meta property=\"og:url\" content=\"https:\/\/radiolifefm.com.br\/noticias\/adamantina-sedia-premiacao-regional-da-olimpiada-brasileira-de-matematica-das-escolas-publicas\/\" \/>\n<meta property=\"og:site_name\" content=\"R\u00e1dio Life FM\" \/>\n<meta property=\"article:publisher\" content=\"https:\/\/www.facebook.com\/radiolifefm\/\" \/>\n<meta property=\"article:published_time\" content=\"2022-07-04T12:41:23+00:00\" \/>\n<meta property=\"article:modified_time\" content=\"2026-04-27T16:27:24+00:00\" \/>\n<meta property=\"og:image\" content=\"https:\/\/radiolifefm.com.br\/noticias\/wp-content\/uploads\/2022\/07\/cats.jpg\" \/>\n\t<meta property=\"og:image:width\" content=\"1000\" \/>\n\t<meta property=\"og:image:height\" content=\"499\" \/>\n\t<meta property=\"og:image:type\" content=\"image\/jpeg\" \/>\n<meta name=\"author\" content=\"ritanery\" \/>\n<meta name=\"twitter:card\" content=\"summary_large_image\" \/>\n<meta name=\"twitter:label1\" content=\"Escrito por\" \/>\n\t<meta name=\"twitter:data1\" content=\"ritanery\" \/>\n\t<meta name=\"twitter:label2\" content=\"Est. tempo de leitura\" \/>\n\t<meta name=\"twitter:data2\" content=\"3 minutos\" \/>\n<script type=\"application\/ld+json\" class=\"yoast-schema-graph\">{\"@context\":\"https:\/\/schema.org\",\"@graph\":[{\"@type\":\"Article\",\"@id\":\"https:\/\/radiolifefm.com.br\/noticias\/adamantina-sedia-premiacao-regional-da-olimpiada-brasileira-de-matematica-das-escolas-publicas\/#article\",\"isPartOf\":{\"@id\":\"https:\/\/radiolifefm.com.br\/noticias\/adamantina-sedia-premiacao-regional-da-olimpiada-brasileira-de-matematica-das-escolas-publicas\/\"},\"author\":{\"name\":\"ritanery\",\"@id\":\"https:\/\/radiolifefm.com.br\/noticias\/#\/schema\/person\/6339b9fac59d12b071dec680d7375d87\"},\"headline\":\"Adamantina sedia premia\u00e7\u00e3o regional da Ol\u00edmpiada Brasileira de Matem\u00e1tica das Escolas P\u00fablicas\",\"datePublished\":\"2022-07-04T12:41:23+00:00\",\"dateModified\":\"2026-04-27T16:27:24+00:00\",\"mainEntityOfPage\":{\"@id\":\"https:\/\/radiolifefm.com.br\/noticias\/adamantina-sedia-premiacao-regional-da-olimpiada-brasileira-de-matematica-das-escolas-publicas\/\"},\"wordCount\":486,\"publisher\":{\"@id\":\"https:\/\/radiolifefm.com.br\/noticias\/#organization\"},\"image\":{\"@id\":\"https:\/\/radiolifefm.com.br\/noticias\/adamantina-sedia-premiacao-regional-da-olimpiada-brasileira-de-matematica-das-escolas-publicas\/#primaryimage\"},\"thumbnailUrl\":\"https:\/\/radiolifefm.com.br\/noticias\/wp-content\/uploads\/2022\/07\/cats.jpg\",\"articleSection\":[\"Adamantina\"],\"inLanguage\":\"pt-BR\"},{\"@type\":\"WebPage\",\"@id\":\"https:\/\/radiolifefm.com.br\/noticias\/adamantina-sedia-premiacao-regional-da-olimpiada-brasileira-de-matematica-das-escolas-publicas\/\",\"url\":\"https:\/\/radiolifefm.com.br\/noticias\/adamantina-sedia-premiacao-regional-da-olimpiada-brasileira-de-matematica-das-escolas-publicas\/\",\"name\":\"Adamantina sedia premia\u00e7\u00e3o regional da Ol\u00edmpiada Brasileira de Matem\u00e1tica das Escolas P\u00fablicas - R\u00e1dio Life FM\",\"isPartOf\":{\"@id\":\"https:\/\/radiolifefm.com.br\/noticias\/#website\"},\"primaryImageOfPage\":{\"@id\":\"https:\/\/radiolifefm.com.br\/noticias\/adamantina-sedia-premiacao-regional-da-olimpiada-brasileira-de-matematica-das-escolas-publicas\/#primaryimage\"},\"image\":{\"@id\":\"https:\/\/radiolifefm.com.br\/noticias\/adamantina-sedia-premiacao-regional-da-olimpiada-brasileira-de-matematica-das-escolas-publicas\/#primaryimage\"},\"thumbnailUrl\":\"https:\/\/radiolifefm.com.br\/noticias\/wp-content\/uploads\/2022\/07\/cats.jpg\",\"datePublished\":\"2022-07-04T12:41:23+00:00\",\"dateModified\":\"2026-04-27T16:27:24+00:00\",\"breadcrumb\":{\"@id\":\"https:\/\/radiolifefm.com.br\/noticias\/adamantina-sedia-premiacao-regional-da-olimpiada-brasileira-de-matematica-das-escolas-publicas\/#breadcrumb\"},\"inLanguage\":\"pt-BR\",\"potentialAction\":[{\"@type\":\"ReadAction\",\"target\":[\"https:\/\/radiolifefm.com.br\/noticias\/adamantina-sedia-premiacao-regional-da-olimpiada-brasileira-de-matematica-das-escolas-publicas\/\"]}]},{\"@type\":\"ImageObject\",\"inLanguage\":\"pt-BR\",\"@id\":\"https:\/\/radiolifefm.com.br\/noticias\/adamantina-sedia-premiacao-regional-da-olimpiada-brasileira-de-matematica-das-escolas-publicas\/#primaryimage\",\"url\":\"https:\/\/radiolifefm.com.br\/noticias\/wp-content\/uploads\/2022\/07\/cats.jpg\",\"contentUrl\":\"https:\/\/radiolifefm.com.br\/noticias\/wp-content\/uploads\/2022\/07\/cats.jpg\",\"width\":1000,\"height\":499},{\"@type\":\"BreadcrumbList\",\"@id\":\"https:\/\/radiolifefm.com.br\/noticias\/adamantina-sedia-premiacao-regional-da-olimpiada-brasileira-de-matematica-das-escolas-publicas\/#breadcrumb\",\"itemListElement\":[{\"@type\":\"ListItem\",\"position\":1,\"name\":\"In\u00edcio\",\"item\":\"https:\/\/radiolifefm.com.br\/noticias\/\"},{\"@type\":\"ListItem\",\"position\":2,\"name\":\"Adamantina sedia premia\u00e7\u00e3o regional da Ol\u00edmpiada Brasileira de Matem\u00e1tica das Escolas P\u00fablicas\"}]},{\"@type\":\"WebSite\",\"@id\":\"https:\/\/radiolifefm.com.br\/noticias\/#website\",\"url\":\"https:\/\/radiolifefm.com.br\/noticias\/\",\"name\":\"R\u00e1dio Life FM\",\"description\":\"O Portal de Not\u00edcias de Adamantina\",\"publisher\":{\"@id\":\"https:\/\/radiolifefm.com.br\/noticias\/#organization\"},\"alternateName\":\"Life FM\",\"potentialAction\":[{\"@type\":\"SearchAction\",\"target\":{\"@type\":\"EntryPoint\",\"urlTemplate\":\"https:\/\/radiolifefm.com.br\/noticias\/?s={search_term_string}\"},\"query-input\":{\"@type\":\"PropertyValueSpecification\",\"valueRequired\":true,\"valueName\":\"search_term_string\"}}],\"inLanguage\":\"pt-BR\"},{\"@type\":\"Organization\",\"@id\":\"https:\/\/radiolifefm.com.br\/noticias\/#organization\",\"name\":\"R\u00e1dio Life FM\",\"alternateName\":\"Life FM\",\"url\":\"https:\/\/radiolifefm.com.br\/noticias\/\",\"logo\":{\"@type\":\"ImageObject\",\"inLanguage\":\"pt-BR\",\"@id\":\"https:\/\/radiolifefm.com.br\/noticias\/#\/schema\/logo\/image\/\",\"url\":\"https:\/\/static.radiolifefm.com.br\/noticias\/wp-content\/uploads\/2019\/10\/logo-lifefm.png\",\"contentUrl\":\"https:\/\/static.radiolifefm.com.br\/noticias\/wp-content\/uploads\/2019\/10\/logo-lifefm.png\",\"width\":196,\"height\":47,\"caption\":\"R\u00e1dio Life FM\"},\"image\":{\"@id\":\"https:\/\/radiolifefm.com.br\/noticias\/#\/schema\/logo\/image\/\"},\"sameAs\":[\"https:\/\/www.facebook.com\/radiolifefm\/\",\"https:\/\/www.instagram.com\/life1079fm\/\"]},{\"@type\":\"Person\",\"@id\":\"https:\/\/radiolifefm.com.br\/noticias\/#\/schema\/person\/6339b9fac59d12b071dec680d7375d87\",\"name\":\"ritanery\",\"image\":{\"@type\":\"ImageObject\",\"inLanguage\":\"pt-BR\",\"@id\":\"https:\/\/secure.gravatar.com\/avatar\/0e37bb19071f47c0b8a23f62a903df117c5a0e75f65a0c2901562f97cd41cf86?s=96&d=mm&r=g\",\"url\":\"https:\/\/secure.gravatar.com\/avatar\/0e37bb19071f47c0b8a23f62a903df117c5a0e75f65a0c2901562f97cd41cf86?s=96&d=mm&r=g\",\"contentUrl\":\"https:\/\/secure.gravatar.com\/avatar\/0e37bb19071f47c0b8a23f62a903df117c5a0e75f65a0c2901562f97cd41cf86?s=96&d=mm&r=g\",\"caption\":\"ritanery\"}}]}<\/script>\n<!-- \/ Yoast SEO plugin. -->","yoast_head_json":{"title":"Adamantina sedia premia\u00e7\u00e3o regional da Ol\u00edmpiada Brasileira de Matem\u00e1tica das Escolas P\u00fablicas - R\u00e1dio Life FM","robots":{"index":"index","follow":"follow","max-snippet":"max-snippet:-1","max-image-preview":"max-image-preview:large","max-video-preview":"max-video-preview:-1"},"canonical":"https:\/\/radiolifefm.com.br\/noticias\/adamantina-sedia-premiacao-regional-da-olimpiada-brasileira-de-matematica-das-escolas-publicas\/","og_locale":"pt_BR","og_type":"article","og_title":"Adamantina sedia premia\u00e7\u00e3o regional da Ol\u00edmpiada Brasileira de Matem\u00e1tica das Escolas P\u00fablicas - R\u00e1dio Life FM","og_description":"Na quinta-feira (30) a Cidade Joia foi sede da Solenidade de Premia\u00e7\u00e3o Regional da 15\u00aa e da 16\u00aa Ol\u00edmpiada Brasileira de Matem\u00e1tica das Escolas P\u00fablicas, promovida pela coordena\u00e7\u00e3o regional da OBMEP com o apoio da Sociedade Brasileira de Matem\u00e1tica, do Instituto Brasileiro de Matem\u00e1tica Pura e Aplicada, dos Minist\u00e9rio da Educa\u00e7\u00e3o, do Minist\u00e9rio da Ci\u00eancia, [&hellip;]","og_url":"https:\/\/radiolifefm.com.br\/noticias\/adamantina-sedia-premiacao-regional-da-olimpiada-brasileira-de-matematica-das-escolas-publicas\/","og_site_name":"R\u00e1dio Life FM","article_publisher":"https:\/\/www.facebook.com\/radiolifefm\/","article_published_time":"2022-07-04T12:41:23+00:00","article_modified_time":"2026-04-27T16:27:24+00:00","og_image":[{"width":1000,"height":499,"url":"https:\/\/radiolifefm.com.br\/noticias\/wp-content\/uploads\/2022\/07\/cats.jpg","type":"image\/jpeg"}],"author":"ritanery","twitter_card":"summary_large_image","twitter_misc":{"Escrito por":"ritanery","Est. tempo de leitura":"3 minutos"},"schema":{"@context":"https:\/\/schema.org","@graph":[{"@type":"Article","@id":"https:\/\/radiolifefm.com.br\/noticias\/adamantina-sedia-premiacao-regional-da-olimpiada-brasileira-de-matematica-das-escolas-publicas\/#article","isPartOf":{"@id":"https:\/\/radiolifefm.com.br\/noticias\/adamantina-sedia-premiacao-regional-da-olimpiada-brasileira-de-matematica-das-escolas-publicas\/"},"author":{"name":"ritanery","@id":"https:\/\/radiolifefm.com.br\/noticias\/#\/schema\/person\/6339b9fac59d12b071dec680d7375d87"},"headline":"Adamantina sedia premia\u00e7\u00e3o regional da Ol\u00edmpiada Brasileira de Matem\u00e1tica das Escolas P\u00fablicas","datePublished":"2022-07-04T12:41:23+00:00","dateModified":"2026-04-27T16:27:24+00:00","mainEntityOfPage":{"@id":"https:\/\/radiolifefm.com.br\/noticias\/adamantina-sedia-premiacao-regional-da-olimpiada-brasileira-de-matematica-das-escolas-publicas\/"},"wordCount":486,"publisher":{"@id":"https:\/\/radiolifefm.com.br\/noticias\/#organization"},"image":{"@id":"https:\/\/radiolifefm.com.br\/noticias\/adamantina-sedia-premiacao-regional-da-olimpiada-brasileira-de-matematica-das-escolas-publicas\/#primaryimage"},"thumbnailUrl":"https:\/\/radiolifefm.com.br\/noticias\/wp-content\/uploads\/2022\/07\/cats.jpg","articleSection":["Adamantina"],"inLanguage":"pt-BR"},{"@type":"WebPage","@id":"https:\/\/radiolifefm.com.br\/noticias\/adamantina-sedia-premiacao-regional-da-olimpiada-brasileira-de-matematica-das-escolas-publicas\/","url":"https:\/\/radiolifefm.com.br\/noticias\/adamantina-sedia-premiacao-regional-da-olimpiada-brasileira-de-matematica-das-escolas-publicas\/","name":"Adamantina sedia premia\u00e7\u00e3o regional da Ol\u00edmpiada Brasileira de Matem\u00e1tica das Escolas P\u00fablicas - R\u00e1dio Life FM","isPartOf":{"@id":"https:\/\/radiolifefm.com.br\/noticias\/#website"},"primaryImageOfPage":{"@id":"https:\/\/radiolifefm.com.br\/noticias\/adamantina-sedia-premiacao-regional-da-olimpiada-brasileira-de-matematica-das-escolas-publicas\/#primaryimage"},"image":{"@id":"https:\/\/radiolifefm.com.br\/noticias\/adamantina-sedia-premiacao-regional-da-olimpiada-brasileira-de-matematica-das-escolas-publicas\/#primaryimage"},"thumbnailUrl":"https:\/\/radiolifefm.com.br\/noticias\/wp-content\/uploads\/2022\/07\/cats.jpg","datePublished":"2022-07-04T12:41:23+00:00","dateModified":"2026-04-27T16:27:24+00:00","breadcrumb":{"@id":"https:\/\/radiolifefm.com.br\/noticias\/adamantina-sedia-premiacao-regional-da-olimpiada-brasileira-de-matematica-das-escolas-publicas\/#breadcrumb"},"inLanguage":"pt-BR","potentialAction":[{"@type":"ReadAction","target":["https:\/\/radiolifefm.com.br\/noticias\/adamantina-sedia-premiacao-regional-da-olimpiada-brasileira-de-matematica-das-escolas-publicas\/"]}]},{"@type":"ImageObject","inLanguage":"pt-BR","@id":"https:\/\/radiolifefm.com.br\/noticias\/adamantina-sedia-premiacao-regional-da-olimpiada-brasileira-de-matematica-das-escolas-publicas\/#primaryimage","url":"https:\/\/radiolifefm.com.br\/noticias\/wp-content\/uploads\/2022\/07\/cats.jpg","contentUrl":"https:\/\/radiolifefm.com.br\/noticias\/wp-content\/uploads\/2022\/07\/cats.jpg","width":1000,"height":499},{"@type":"BreadcrumbList","@id":"https:\/\/radiolifefm.com.br\/noticias\/adamantina-sedia-premiacao-regional-da-olimpiada-brasileira-de-matematica-das-escolas-publicas\/#breadcrumb","itemListElement":[{"@type":"ListItem","position":1,"name":"In\u00edcio","item":"https:\/\/radiolifefm.com.br\/noticias\/"},{"@type":"ListItem","position":2,"name":"Adamantina sedia premia\u00e7\u00e3o regional da Ol\u00edmpiada Brasileira de Matem\u00e1tica das Escolas P\u00fablicas"}]},{"@type":"WebSite","@id":"https:\/\/radiolifefm.com.br\/noticias\/#website","url":"https:\/\/radiolifefm.com.br\/noticias\/","name":"R\u00e1dio Life FM","description":"O Portal de Not\u00edcias de Adamantina","publisher":{"@id":"https:\/\/radiolifefm.com.br\/noticias\/#organization"},"alternateName":"Life FM","potentialAction":[{"@type":"SearchAction","target":{"@type":"EntryPoint","urlTemplate":"https:\/\/radiolifefm.com.br\/noticias\/?s={search_term_string}"},"query-input":{"@type":"PropertyValueSpecification","valueRequired":true,"valueName":"search_term_string"}}],"inLanguage":"pt-BR"},{"@type":"Organization","@id":"https:\/\/radiolifefm.com.br\/noticias\/#organization","name":"R\u00e1dio Life FM","alternateName":"Life FM","url":"https:\/\/radiolifefm.com.br\/noticias\/","logo":{"@type":"ImageObject","inLanguage":"pt-BR","@id":"https:\/\/radiolifefm.com.br\/noticias\/#\/schema\/logo\/image\/","url":"https:\/\/static.radiolifefm.com.br\/noticias\/wp-content\/uploads\/2019\/10\/logo-lifefm.png","contentUrl":"https:\/\/static.radiolifefm.com.br\/noticias\/wp-content\/uploads\/2019\/10\/logo-lifefm.png","width":196,"height":47,"caption":"R\u00e1dio Life FM"},"image":{"@id":"https:\/\/radiolifefm.com.br\/noticias\/#\/schema\/logo\/image\/"},"sameAs":["https:\/\/www.facebook.com\/radiolifefm\/","https:\/\/www.instagram.com\/life1079fm\/"]},{"@type":"Person","@id":"https:\/\/radiolifefm.com.br\/noticias\/#\/schema\/person\/6339b9fac59d12b071dec680d7375d87","name":"ritanery","image":{"@type":"ImageObject","inLanguage":"pt-BR","@id":"https:\/\/secure.gravatar.com\/avatar\/0e37bb19071f47c0b8a23f62a903df117c5a0e75f65a0c2901562f97cd41cf86?s=96&d=mm&r=g","url":"https:\/\/secure.gravatar.com\/avatar\/0e37bb19071f47c0b8a23f62a903df117c5a0e75f65a0c2901562f97cd41cf86?s=96&d=mm&r=g","contentUrl":"https:\/\/secure.gravatar.com\/avatar\/0e37bb19071f47c0b8a23f62a903df117c5a0e75f65a0c2901562f97cd41cf86?s=96&d=mm&r=g","caption":"ritanery"}}]}},"amp_enabled":true,"_links":{"self":[{"href":"https:\/\/radiolifefm.com.br\/noticias\/wp-json\/wp\/v2\/posts\/55442","targetHints":{"allow":["GET"]}}],"collection":[{"href":"https:\/\/radiolifefm.com.br\/noticias\/wp-json\/wp\/v2\/posts"}],"about":[{"href":"https:\/\/radiolifefm.com.br\/noticias\/wp-json\/wp\/v2\/types\/post"}],"author":[{"embeddable":true,"href":"https:\/\/radiolifefm.com.br\/noticias\/wp-json\/wp\/v2\/users\/13"}],"replies":[{"embeddable":true,"href":"https:\/\/radiolifefm.com.br\/noticias\/wp-json\/wp\/v2\/comments?post=55442"}],"version-history":[{"count":4,"href":"https:\/\/radiolifefm.com.br\/noticias\/wp-json\/wp\/v2\/posts\/55442\/revisions"}],"predecessor-version":[{"id":55447,"href":"https:\/\/radiolifefm.com.br\/noticias\/wp-json\/wp\/v2\/posts\/55442\/revisions\/55447"}],"wp:featuredmedia":[{"embeddable":true,"href":"https:\/\/radiolifefm.com.br\/noticias\/wp-json\/wp\/v2\/media\/55443"}],"wp:attachment":[{"href":"https:\/\/radiolifefm.com.br\/noticias\/wp-json\/wp\/v2\/media?parent=55442"}],"wp:term":[{"taxonomy":"category","embeddable":true,"href":"https:\/\/radiolifefm.com.br\/noticias\/wp-json\/wp\/v2\/categories?post=55442"},{"taxonomy":"post_tag","embeddable":true,"href":"https:\/\/radiolifefm.com.br\/noticias\/wp-json\/wp\/v2\/tags?post=55442"}],"curies":[{"name":"wp","href":"https:\/\/api.w.org\/{rel}","templated":true}]}}