{"id":55397,"date":"2022-07-02T19:04:49","date_gmt":"2022-07-02T22:04:49","guid":{"rendered":"https:\/\/radiolifefm.com.br\/noticias\/?p=55397"},"modified":"2026-04-05T03:36:26","modified_gmt":"2026-04-05T06:36:26","slug":"solenidade-com-a-presenca-de-autoridades-marca-a-comemoracao-dos-30-anos-da-ddm-de-adamantina","status":"publish","type":"post","link":"https:\/\/radiolifefm.com.br\/noticias\/solenidade-com-a-presenca-de-autoridades-marca-a-comemoracao-dos-30-anos-da-ddm-de-adamantina\/","title":{"rendered":"Solenidade com a presen\u00e7a de autoridades marca a comemora\u00e7\u00e3o dos 30 anos da DDM de Adamantina"},"content":{"rendered":"<div id=\"fb-root\"><\/div>\n<p>Para comemorar os 30 anos da Delegacia de Defesa da Mulher de Adamantina, instalada no munic\u00edpio no dia 9 de julho de 1992, a Prefeitura de Adamantina e a Pol\u00edcia Civil do Estado de S\u00e3o Paulo realizaram na noite da \u00faltima quinta-feira (30) uma solenidade especial de comemora\u00e7\u00e3o desta marca hist\u00f3rica.<\/p>\n<p>A ocasi\u00e3o especial reuniu autoridades civis, militares, judici\u00e1rias, executivas e legislativas, bem como membros de \u00f3rg\u00e3os e entidades constitu\u00eddos do munic\u00edpio e da comunidade adamantinense, representados pelo diretor do DEINTER-8 de Presidente Prudente, Walmir Geralde, pelo delegado seccional de Adamantina Carlos Vasconcelos, pelo presidente da C\u00e2mara Paulo Cervelheira e pelo prefeito M\u00e1rcio Cardim.<\/p>\n<p>Todos foram recepcionados com extremo carinho pela anfitri\u00e3 delegada de pol\u00edcia titular da DDM, Dra. Patr\u00edcia Tranche Vasques, que agradeceu aos presentes e, em um discurso emotivo, enfatizou a import\u00e2ncia da Delegacia de Defesa da Mulher.<\/p>\n<p>\u201cO nosso trabalho aqui vai al\u00e9m do papel. N\u00e3o \u00e9 s\u00f3 realizar os atos de Pol\u00edcia Judici\u00e1ria. N\u00f3s acolhemos as v\u00edtimas que as vezes chegam aqui em total desespero, em situa\u00e7\u00e3o de risco e i seguran\u00e7a com as emo\u00e7\u00f5es \u00e0 flor da pele, e precisamos minimizar esse sofrimento, essa dor. E quando se fala em DDM todos acham que \u00e9 apenas briga entre marido e mulher, mas n\u00e3o \u00e9. N\u00f3s investigamos v\u00e1rios tipos de viol\u00eancias (moral, sexual, f\u00edsica, psicol\u00f3gica) e crimes sibern\u00e9ticos, ent\u00e3o vai al\u00e9m, como uma escola. Eu digo para as mulheres: tem jeito sim, tem solu\u00e7\u00e3o, sim, porque a Pol\u00edcia Civil est\u00e1 aqui de portas abertas para te ajudar e proteger contra qualquer tipo de viol\u00eancia e amea\u00e7a, chantagem\u201d, enfatizou. E, emocionada, completou: \u201cA DDM \u00e9 o meu mundo e eu amo o que fa\u00e7o\u201d.<\/p>\n<p>Apesar de aposentada recentemente, foi destacado no evento o pioneirismo da Dra. Rita de C\u00e1ssia Gea Sanches, como a 1\u00aa delegada titular da DDM de Adamantina.<\/p>\n<p>O atendimento feito na DDM \u00e9 especializado e realizado por policiais mulheres. \u201cElas s\u00e3o devidamente capacitadas na quest\u00e3o de g\u00eanero. Ali h\u00e1 uma individualiza\u00e7\u00e3o do problema, que recebe toda aten\u00e7\u00e3o necess\u00e1ria. Quando necess\u00e1rio, as solicita\u00e7\u00f5es das reivindica\u00e7\u00f5es apresentadas pelas mulheres nesta Delegacia s\u00e3o encaminhadas no mesmo dia ao Poder Judici\u00e1rio\u201d, acrescentou Dra. Patr\u00edcia, destacando ainda que a den\u00fancia referente \u00e0s agress\u00f5es \u00e9 de suma import\u00e2ncia, pois a partir dela \u00e9 que s\u00e3o desencadeadas as dilig\u00eancias no intuito de apurar os fatos e autoria.<\/p>\n<p>\u201cGostaria de agradecer toda popula\u00e7\u00e3o adamantinense pelo apoio que sempre recebemos das mais variadas pessoas, operadores do Direito, empresas, e organiza\u00e7\u00f5es, al\u00e9m do Poder Judici\u00e1rio e Minist\u00e9rio P\u00fablico da cidade\u201d, finalizou a delegada.<\/p>\n<div class='flex flex-wrap items-center -mx-1'>\r\n<a class='thumbnail gallery p-1 w-1\/2 md:w-1\/4' href='https:\/\/radiolifefm.com.br\/noticias\/wp-content\/uploads\/2022\/07\/1-2.jpg'><img class='border border-white' src='https:\/\/radiolifefm.com.br\/noticias\/wp-content\/uploads\/2022\/07\/1-2-200x200.jpg' alt='1' \/><\/a><a class='thumbnail gallery p-1 w-1\/2 md:w-1\/4' href='https:\/\/radiolifefm.com.br\/noticias\/wp-content\/uploads\/2022\/07\/2.jpg'><img class='border border-white' src='https:\/\/radiolifefm.com.br\/noticias\/wp-content\/uploads\/2022\/07\/2-200x200.jpg' alt='2' \/><\/a><a class='thumbnail gallery p-1 w-1\/2 md:w-1\/4' href='https:\/\/radiolifefm.com.br\/noticias\/wp-content\/uploads\/2022\/07\/4.jpg'><img class='border border-white' src='https:\/\/radiolifefm.com.br\/noticias\/wp-content\/uploads\/2022\/07\/4-200x200.jpg' alt='4' \/><\/a><\/div>\n<p>Fonte: Adamantina Net<\/p>\n","protected":false},"excerpt":{"rendered":"<p>Para comemorar os 30 anos da Delegacia de Defesa da Mulher de Adamantina, instalada no munic\u00edpio no dia 9 de julho de 1992, a Prefeitura de Adamantina e a Pol\u00edcia Civil do Estado de S\u00e3o Paulo realizaram na noite da \u00faltima quinta-feira (30) uma solenidade especial de comemora\u00e7\u00e3o desta marca hist\u00f3rica. A ocasi\u00e3o especial reuniu [&hellip;]<\/p>\n","protected":false},"author":13,"featured_media":55398,"comment_status":"closed","ping_status":"open","sticky":false,"template":"","format":"standard","meta":{"_acf_changed":false,"_exactmetrics_skip_tracking":false,"_exactmetrics_sitenote_active":false,"_exactmetrics_sitenote_note":"","_exactmetrics_sitenote_category":0,"footnotes":""},"categories":[21],"tags":[],"class_list":["post-55397","post","type-post","status-publish","format-standard","has-post-thumbnail","hentry","category-adamantina"],"acf":[],"yoast_head":"<!-- This site is optimized with the Yoast SEO plugin v27.2 - https:\/\/yoast.com\/product\/yoast-seo-wordpress\/ -->\n<title>Solenidade com a presen\u00e7a de autoridades marca a comemora\u00e7\u00e3o dos 30 anos da DDM de Adamantina - R\u00e1dio Life FM<\/title>\n<meta name=\"robots\" content=\"index, follow, max-snippet:-1, max-image-preview:large, max-video-preview:-1\" \/>\n<link rel=\"canonical\" href=\"https:\/\/radiolifefm.com.br\/noticias\/solenidade-com-a-presenca-de-autoridades-marca-a-comemoracao-dos-30-anos-da-ddm-de-adamantina\/\" \/>\n<meta property=\"og:locale\" content=\"pt_BR\" \/>\n<meta property=\"og:type\" content=\"article\" \/>\n<meta property=\"og:title\" content=\"Solenidade com a presen\u00e7a de autoridades marca a comemora\u00e7\u00e3o dos 30 anos da DDM de Adamantina - R\u00e1dio Life FM\" \/>\n<meta property=\"og:description\" content=\"Para comemorar os 30 anos da Delegacia de Defesa da Mulher de Adamantina, instalada no munic\u00edpio no dia 9 de julho de 1992, a Prefeitura de Adamantina e a Pol\u00edcia Civil do Estado de S\u00e3o Paulo realizaram na noite da \u00faltima quinta-feira (30) uma solenidade especial de comemora\u00e7\u00e3o desta marca hist\u00f3rica. A ocasi\u00e3o especial reuniu [&hellip;]\" \/>\n<meta property=\"og:url\" content=\"https:\/\/radiolifefm.com.br\/noticias\/solenidade-com-a-presenca-de-autoridades-marca-a-comemoracao-dos-30-anos-da-ddm-de-adamantina\/\" \/>\n<meta property=\"og:site_name\" content=\"R\u00e1dio Life FM\" \/>\n<meta property=\"article:publisher\" content=\"https:\/\/www.facebook.com\/radiolifefm\/\" \/>\n<meta property=\"article:published_time\" content=\"2022-07-02T22:04:49+00:00\" \/>\n<meta property=\"article:modified_time\" content=\"2026-04-05T06:36:26+00:00\" \/>\n<meta property=\"og:image\" content=\"https:\/\/radiolifefm.com.br\/noticias\/wp-content\/uploads\/2022\/07\/3.jpg\" \/>\n\t<meta property=\"og:image:width\" content=\"2048\" \/>\n\t<meta property=\"og:image:height\" content=\"1151\" \/>\n\t<meta property=\"og:image:type\" content=\"image\/jpeg\" \/>\n<meta name=\"author\" content=\"ritanery\" \/>\n<meta name=\"twitter:card\" content=\"summary_large_image\" \/>\n<meta name=\"twitter:label1\" content=\"Escrito por\" \/>\n\t<meta name=\"twitter:data1\" content=\"ritanery\" \/>\n\t<meta name=\"twitter:label2\" content=\"Est. tempo de leitura\" \/>\n\t<meta name=\"twitter:data2\" content=\"3 minutos\" \/>\n<script type=\"application\/ld+json\" class=\"yoast-schema-graph\">{\"@context\":\"https:\/\/schema.org\",\"@graph\":[{\"@type\":\"Article\",\"@id\":\"https:\/\/radiolifefm.com.br\/noticias\/solenidade-com-a-presenca-de-autoridades-marca-a-comemoracao-dos-30-anos-da-ddm-de-adamantina\/#article\",\"isPartOf\":{\"@id\":\"https:\/\/radiolifefm.com.br\/noticias\/solenidade-com-a-presenca-de-autoridades-marca-a-comemoracao-dos-30-anos-da-ddm-de-adamantina\/\"},\"author\":{\"name\":\"ritanery\",\"@id\":\"https:\/\/radiolifefm.com.br\/noticias\/#\/schema\/person\/6339b9fac59d12b071dec680d7375d87\"},\"headline\":\"Solenidade com a presen\u00e7a de autoridades marca a comemora\u00e7\u00e3o dos 30 anos da DDM de Adamantina\",\"datePublished\":\"2022-07-02T22:04:49+00:00\",\"dateModified\":\"2026-04-05T06:36:26+00:00\",\"mainEntityOfPage\":{\"@id\":\"https:\/\/radiolifefm.com.br\/noticias\/solenidade-com-a-presenca-de-autoridades-marca-a-comemoracao-dos-30-anos-da-ddm-de-adamantina\/\"},\"wordCount\":492,\"publisher\":{\"@id\":\"https:\/\/radiolifefm.com.br\/noticias\/#organization\"},\"image\":{\"@id\":\"https:\/\/radiolifefm.com.br\/noticias\/solenidade-com-a-presenca-de-autoridades-marca-a-comemoracao-dos-30-anos-da-ddm-de-adamantina\/#primaryimage\"},\"thumbnailUrl\":\"https:\/\/radiolifefm.com.br\/noticias\/wp-content\/uploads\/2022\/07\/3.jpg\",\"articleSection\":[\"Adamantina\"],\"inLanguage\":\"pt-BR\"},{\"@type\":\"WebPage\",\"@id\":\"https:\/\/radiolifefm.com.br\/noticias\/solenidade-com-a-presenca-de-autoridades-marca-a-comemoracao-dos-30-anos-da-ddm-de-adamantina\/\",\"url\":\"https:\/\/radiolifefm.com.br\/noticias\/solenidade-com-a-presenca-de-autoridades-marca-a-comemoracao-dos-30-anos-da-ddm-de-adamantina\/\",\"name\":\"Solenidade com a presen\u00e7a de autoridades marca a comemora\u00e7\u00e3o dos 30 anos da DDM de Adamantina - R\u00e1dio Life FM\",\"isPartOf\":{\"@id\":\"https:\/\/radiolifefm.com.br\/noticias\/#website\"},\"primaryImageOfPage\":{\"@id\":\"https:\/\/radiolifefm.com.br\/noticias\/solenidade-com-a-presenca-de-autoridades-marca-a-comemoracao-dos-30-anos-da-ddm-de-adamantina\/#primaryimage\"},\"image\":{\"@id\":\"https:\/\/radiolifefm.com.br\/noticias\/solenidade-com-a-presenca-de-autoridades-marca-a-comemoracao-dos-30-anos-da-ddm-de-adamantina\/#primaryimage\"},\"thumbnailUrl\":\"https:\/\/radiolifefm.com.br\/noticias\/wp-content\/uploads\/2022\/07\/3.jpg\",\"datePublished\":\"2022-07-02T22:04:49+00:00\",\"dateModified\":\"2026-04-05T06:36:26+00:00\",\"breadcrumb\":{\"@id\":\"https:\/\/radiolifefm.com.br\/noticias\/solenidade-com-a-presenca-de-autoridades-marca-a-comemoracao-dos-30-anos-da-ddm-de-adamantina\/#breadcrumb\"},\"inLanguage\":\"pt-BR\",\"potentialAction\":[{\"@type\":\"ReadAction\",\"target\":[\"https:\/\/radiolifefm.com.br\/noticias\/solenidade-com-a-presenca-de-autoridades-marca-a-comemoracao-dos-30-anos-da-ddm-de-adamantina\/\"]}]},{\"@type\":\"ImageObject\",\"inLanguage\":\"pt-BR\",\"@id\":\"https:\/\/radiolifefm.com.br\/noticias\/solenidade-com-a-presenca-de-autoridades-marca-a-comemoracao-dos-30-anos-da-ddm-de-adamantina\/#primaryimage\",\"url\":\"https:\/\/radiolifefm.com.br\/noticias\/wp-content\/uploads\/2022\/07\/3.jpg\",\"contentUrl\":\"https:\/\/radiolifefm.com.br\/noticias\/wp-content\/uploads\/2022\/07\/3.jpg\",\"width\":2048,\"height\":1151},{\"@type\":\"BreadcrumbList\",\"@id\":\"https:\/\/radiolifefm.com.br\/noticias\/solenidade-com-a-presenca-de-autoridades-marca-a-comemoracao-dos-30-anos-da-ddm-de-adamantina\/#breadcrumb\",\"itemListElement\":[{\"@type\":\"ListItem\",\"position\":1,\"name\":\"In\u00edcio\",\"item\":\"https:\/\/radiolifefm.com.br\/noticias\/\"},{\"@type\":\"ListItem\",\"position\":2,\"name\":\"Solenidade com a presen\u00e7a de autoridades marca a comemora\u00e7\u00e3o dos 30 anos da DDM de Adamantina\"}]},{\"@type\":\"WebSite\",\"@id\":\"https:\/\/radiolifefm.com.br\/noticias\/#website\",\"url\":\"https:\/\/radiolifefm.com.br\/noticias\/\",\"name\":\"R\u00e1dio Life FM\",\"description\":\"O Portal de Not\u00edcias de Adamantina\",\"publisher\":{\"@id\":\"https:\/\/radiolifefm.com.br\/noticias\/#organization\"},\"alternateName\":\"Life FM\",\"potentialAction\":[{\"@type\":\"SearchAction\",\"target\":{\"@type\":\"EntryPoint\",\"urlTemplate\":\"https:\/\/radiolifefm.com.br\/noticias\/?s={search_term_string}\"},\"query-input\":{\"@type\":\"PropertyValueSpecification\",\"valueRequired\":true,\"valueName\":\"search_term_string\"}}],\"inLanguage\":\"pt-BR\"},{\"@type\":\"Organization\",\"@id\":\"https:\/\/radiolifefm.com.br\/noticias\/#organization\",\"name\":\"R\u00e1dio Life FM\",\"alternateName\":\"Life FM\",\"url\":\"https:\/\/radiolifefm.com.br\/noticias\/\",\"logo\":{\"@type\":\"ImageObject\",\"inLanguage\":\"pt-BR\",\"@id\":\"https:\/\/radiolifefm.com.br\/noticias\/#\/schema\/logo\/image\/\",\"url\":\"https:\/\/static.radiolifefm.com.br\/noticias\/wp-content\/uploads\/2019\/10\/logo-lifefm.png\",\"contentUrl\":\"https:\/\/static.radiolifefm.com.br\/noticias\/wp-content\/uploads\/2019\/10\/logo-lifefm.png\",\"width\":196,\"height\":47,\"caption\":\"R\u00e1dio Life FM\"},\"image\":{\"@id\":\"https:\/\/radiolifefm.com.br\/noticias\/#\/schema\/logo\/image\/\"},\"sameAs\":[\"https:\/\/www.facebook.com\/radiolifefm\/\",\"https:\/\/www.instagram.com\/life1079fm\/\"]},{\"@type\":\"Person\",\"@id\":\"https:\/\/radiolifefm.com.br\/noticias\/#\/schema\/person\/6339b9fac59d12b071dec680d7375d87\",\"name\":\"ritanery\",\"image\":{\"@type\":\"ImageObject\",\"inLanguage\":\"pt-BR\",\"@id\":\"https:\/\/secure.gravatar.com\/avatar\/0e37bb19071f47c0b8a23f62a903df117c5a0e75f65a0c2901562f97cd41cf86?s=96&d=mm&r=g\",\"url\":\"https:\/\/secure.gravatar.com\/avatar\/0e37bb19071f47c0b8a23f62a903df117c5a0e75f65a0c2901562f97cd41cf86?s=96&d=mm&r=g\",\"contentUrl\":\"https:\/\/secure.gravatar.com\/avatar\/0e37bb19071f47c0b8a23f62a903df117c5a0e75f65a0c2901562f97cd41cf86?s=96&d=mm&r=g\",\"caption\":\"ritanery\"}}]}<\/script>\n<!-- \/ Yoast SEO plugin. -->","yoast_head_json":{"title":"Solenidade com a presen\u00e7a de autoridades marca a comemora\u00e7\u00e3o dos 30 anos da DDM de Adamantina - R\u00e1dio Life FM","robots":{"index":"index","follow":"follow","max-snippet":"max-snippet:-1","max-image-preview":"max-image-preview:large","max-video-preview":"max-video-preview:-1"},"canonical":"https:\/\/radiolifefm.com.br\/noticias\/solenidade-com-a-presenca-de-autoridades-marca-a-comemoracao-dos-30-anos-da-ddm-de-adamantina\/","og_locale":"pt_BR","og_type":"article","og_title":"Solenidade com a presen\u00e7a de autoridades marca a comemora\u00e7\u00e3o dos 30 anos da DDM de Adamantina - R\u00e1dio Life FM","og_description":"Para comemorar os 30 anos da Delegacia de Defesa da Mulher de Adamantina, instalada no munic\u00edpio no dia 9 de julho de 1992, a Prefeitura de Adamantina e a Pol\u00edcia Civil do Estado de S\u00e3o Paulo realizaram na noite da \u00faltima quinta-feira (30) uma solenidade especial de comemora\u00e7\u00e3o desta marca hist\u00f3rica. A ocasi\u00e3o especial reuniu [&hellip;]","og_url":"https:\/\/radiolifefm.com.br\/noticias\/solenidade-com-a-presenca-de-autoridades-marca-a-comemoracao-dos-30-anos-da-ddm-de-adamantina\/","og_site_name":"R\u00e1dio Life FM","article_publisher":"https:\/\/www.facebook.com\/radiolifefm\/","article_published_time":"2022-07-02T22:04:49+00:00","article_modified_time":"2026-04-05T06:36:26+00:00","og_image":[{"width":2048,"height":1151,"url":"https:\/\/radiolifefm.com.br\/noticias\/wp-content\/uploads\/2022\/07\/3.jpg","type":"image\/jpeg"}],"author":"ritanery","twitter_card":"summary_large_image","twitter_misc":{"Escrito por":"ritanery","Est. tempo de leitura":"3 minutos"},"schema":{"@context":"https:\/\/schema.org","@graph":[{"@type":"Article","@id":"https:\/\/radiolifefm.com.br\/noticias\/solenidade-com-a-presenca-de-autoridades-marca-a-comemoracao-dos-30-anos-da-ddm-de-adamantina\/#article","isPartOf":{"@id":"https:\/\/radiolifefm.com.br\/noticias\/solenidade-com-a-presenca-de-autoridades-marca-a-comemoracao-dos-30-anos-da-ddm-de-adamantina\/"},"author":{"name":"ritanery","@id":"https:\/\/radiolifefm.com.br\/noticias\/#\/schema\/person\/6339b9fac59d12b071dec680d7375d87"},"headline":"Solenidade com a presen\u00e7a de autoridades marca a comemora\u00e7\u00e3o dos 30 anos da DDM de Adamantina","datePublished":"2022-07-02T22:04:49+00:00","dateModified":"2026-04-05T06:36:26+00:00","mainEntityOfPage":{"@id":"https:\/\/radiolifefm.com.br\/noticias\/solenidade-com-a-presenca-de-autoridades-marca-a-comemoracao-dos-30-anos-da-ddm-de-adamantina\/"},"wordCount":492,"publisher":{"@id":"https:\/\/radiolifefm.com.br\/noticias\/#organization"},"image":{"@id":"https:\/\/radiolifefm.com.br\/noticias\/solenidade-com-a-presenca-de-autoridades-marca-a-comemoracao-dos-30-anos-da-ddm-de-adamantina\/#primaryimage"},"thumbnailUrl":"https:\/\/radiolifefm.com.br\/noticias\/wp-content\/uploads\/2022\/07\/3.jpg","articleSection":["Adamantina"],"inLanguage":"pt-BR"},{"@type":"WebPage","@id":"https:\/\/radiolifefm.com.br\/noticias\/solenidade-com-a-presenca-de-autoridades-marca-a-comemoracao-dos-30-anos-da-ddm-de-adamantina\/","url":"https:\/\/radiolifefm.com.br\/noticias\/solenidade-com-a-presenca-de-autoridades-marca-a-comemoracao-dos-30-anos-da-ddm-de-adamantina\/","name":"Solenidade com a presen\u00e7a de autoridades marca a comemora\u00e7\u00e3o dos 30 anos da DDM de Adamantina - R\u00e1dio Life FM","isPartOf":{"@id":"https:\/\/radiolifefm.com.br\/noticias\/#website"},"primaryImageOfPage":{"@id":"https:\/\/radiolifefm.com.br\/noticias\/solenidade-com-a-presenca-de-autoridades-marca-a-comemoracao-dos-30-anos-da-ddm-de-adamantina\/#primaryimage"},"image":{"@id":"https:\/\/radiolifefm.com.br\/noticias\/solenidade-com-a-presenca-de-autoridades-marca-a-comemoracao-dos-30-anos-da-ddm-de-adamantina\/#primaryimage"},"thumbnailUrl":"https:\/\/radiolifefm.com.br\/noticias\/wp-content\/uploads\/2022\/07\/3.jpg","datePublished":"2022-07-02T22:04:49+00:00","dateModified":"2026-04-05T06:36:26+00:00","breadcrumb":{"@id":"https:\/\/radiolifefm.com.br\/noticias\/solenidade-com-a-presenca-de-autoridades-marca-a-comemoracao-dos-30-anos-da-ddm-de-adamantina\/#breadcrumb"},"inLanguage":"pt-BR","potentialAction":[{"@type":"ReadAction","target":["https:\/\/radiolifefm.com.br\/noticias\/solenidade-com-a-presenca-de-autoridades-marca-a-comemoracao-dos-30-anos-da-ddm-de-adamantina\/"]}]},{"@type":"ImageObject","inLanguage":"pt-BR","@id":"https:\/\/radiolifefm.com.br\/noticias\/solenidade-com-a-presenca-de-autoridades-marca-a-comemoracao-dos-30-anos-da-ddm-de-adamantina\/#primaryimage","url":"https:\/\/radiolifefm.com.br\/noticias\/wp-content\/uploads\/2022\/07\/3.jpg","contentUrl":"https:\/\/radiolifefm.com.br\/noticias\/wp-content\/uploads\/2022\/07\/3.jpg","width":2048,"height":1151},{"@type":"BreadcrumbList","@id":"https:\/\/radiolifefm.com.br\/noticias\/solenidade-com-a-presenca-de-autoridades-marca-a-comemoracao-dos-30-anos-da-ddm-de-adamantina\/#breadcrumb","itemListElement":[{"@type":"ListItem","position":1,"name":"In\u00edcio","item":"https:\/\/radiolifefm.com.br\/noticias\/"},{"@type":"ListItem","position":2,"name":"Solenidade com a presen\u00e7a de autoridades marca a comemora\u00e7\u00e3o dos 30 anos da DDM de Adamantina"}]},{"@type":"WebSite","@id":"https:\/\/radiolifefm.com.br\/noticias\/#website","url":"https:\/\/radiolifefm.com.br\/noticias\/","name":"R\u00e1dio Life FM","description":"O Portal de Not\u00edcias de Adamantina","publisher":{"@id":"https:\/\/radiolifefm.com.br\/noticias\/#organization"},"alternateName":"Life FM","potentialAction":[{"@type":"SearchAction","target":{"@type":"EntryPoint","urlTemplate":"https:\/\/radiolifefm.com.br\/noticias\/?s={search_term_string}"},"query-input":{"@type":"PropertyValueSpecification","valueRequired":true,"valueName":"search_term_string"}}],"inLanguage":"pt-BR"},{"@type":"Organization","@id":"https:\/\/radiolifefm.com.br\/noticias\/#organization","name":"R\u00e1dio Life FM","alternateName":"Life FM","url":"https:\/\/radiolifefm.com.br\/noticias\/","logo":{"@type":"ImageObject","inLanguage":"pt-BR","@id":"https:\/\/radiolifefm.com.br\/noticias\/#\/schema\/logo\/image\/","url":"https:\/\/static.radiolifefm.com.br\/noticias\/wp-content\/uploads\/2019\/10\/logo-lifefm.png","contentUrl":"https:\/\/static.radiolifefm.com.br\/noticias\/wp-content\/uploads\/2019\/10\/logo-lifefm.png","width":196,"height":47,"caption":"R\u00e1dio Life FM"},"image":{"@id":"https:\/\/radiolifefm.com.br\/noticias\/#\/schema\/logo\/image\/"},"sameAs":["https:\/\/www.facebook.com\/radiolifefm\/","https:\/\/www.instagram.com\/life1079fm\/"]},{"@type":"Person","@id":"https:\/\/radiolifefm.com.br\/noticias\/#\/schema\/person\/6339b9fac59d12b071dec680d7375d87","name":"ritanery","image":{"@type":"ImageObject","inLanguage":"pt-BR","@id":"https:\/\/secure.gravatar.com\/avatar\/0e37bb19071f47c0b8a23f62a903df117c5a0e75f65a0c2901562f97cd41cf86?s=96&d=mm&r=g","url":"https:\/\/secure.gravatar.com\/avatar\/0e37bb19071f47c0b8a23f62a903df117c5a0e75f65a0c2901562f97cd41cf86?s=96&d=mm&r=g","contentUrl":"https:\/\/secure.gravatar.com\/avatar\/0e37bb19071f47c0b8a23f62a903df117c5a0e75f65a0c2901562f97cd41cf86?s=96&d=mm&r=g","caption":"ritanery"}}]}},"amp_enabled":true,"_links":{"self":[{"href":"https:\/\/radiolifefm.com.br\/noticias\/wp-json\/wp\/v2\/posts\/55397","targetHints":{"allow":["GET"]}}],"collection":[{"href":"https:\/\/radiolifefm.com.br\/noticias\/wp-json\/wp\/v2\/posts"}],"about":[{"href":"https:\/\/radiolifefm.com.br\/noticias\/wp-json\/wp\/v2\/types\/post"}],"author":[{"embeddable":true,"href":"https:\/\/radiolifefm.com.br\/noticias\/wp-json\/wp\/v2\/users\/13"}],"replies":[{"embeddable":true,"href":"https:\/\/radiolifefm.com.br\/noticias\/wp-json\/wp\/v2\/comments?post=55397"}],"version-history":[{"count":2,"href":"https:\/\/radiolifefm.com.br\/noticias\/wp-json\/wp\/v2\/posts\/55397\/revisions"}],"predecessor-version":[{"id":55403,"href":"https:\/\/radiolifefm.com.br\/noticias\/wp-json\/wp\/v2\/posts\/55397\/revisions\/55403"}],"wp:featuredmedia":[{"embeddable":true,"href":"https:\/\/radiolifefm.com.br\/noticias\/wp-json\/wp\/v2\/media\/55398"}],"wp:attachment":[{"href":"https:\/\/radiolifefm.com.br\/noticias\/wp-json\/wp\/v2\/media?parent=55397"}],"wp:term":[{"taxonomy":"category","embeddable":true,"href":"https:\/\/radiolifefm.com.br\/noticias\/wp-json\/wp\/v2\/categories?post=55397"},{"taxonomy":"post_tag","embeddable":true,"href":"https:\/\/radiolifefm.com.br\/noticias\/wp-json\/wp\/v2\/tags?post=55397"}],"curies":[{"name":"wp","href":"https:\/\/api.w.org\/{rel}","templated":true}]}}