{"id":55364,"date":"2022-07-01T21:08:42","date_gmt":"2022-07-02T00:08:42","guid":{"rendered":"https:\/\/radiolifefm.com.br\/noticias\/?p=55364"},"modified":"2026-04-20T08:26:24","modified_gmt":"2026-04-20T11:26:24","slug":"cultura-fm-e-life-fm-parceria-no-programa-pauta-aberta","status":"publish","type":"post","link":"https:\/\/radiolifefm.com.br\/noticias\/cultura-fm-e-life-fm-parceria-no-programa-pauta-aberta\/","title":{"rendered":"Cultura FM e Life FM: parceria no Programa Pauta Aberta"},"content":{"rendered":"<div id=\"fb-root\"><\/div>\n<p><strong>Da reda\u00e7\u00e3o \/ UniFAI-Cultura FM<\/strong><\/p>\n<p>Em tempo de comemora\u00e7\u00e3o pelos \u201c100 anos do R\u00e1dio no Brasil\u201d, torna-se necess\u00e1rio estar em conex\u00e3o com as novas propostas mediadas pelo desenvolvimento das denominadas \u201cnovas tecnologias\u201d nas respectivas plataformas digitais.<\/p>\n<p>Neste cen\u00e1rio midi\u00e1tico patrocinado pelas Emissoras de R\u00e1dio, deve-se considerar as diversas op\u00e7\u00f5es quanto as propostas afins aos interesses da comunidade em n\u00edvel glocal, ou seja, do global para o local.<\/p>\n<p><strong>Parceria efetiva<\/strong><\/p>\n<p>Portanto, a partir deste s\u00e1bado, 2 de julho, a R\u00e1dio Cultura FM, 99,3 Mhz, \u201cuma op\u00e7\u00e3o diferente no ar\u201d, mantida e administrada pelo Centro Universit\u00e1rio de Adamantina-UniFAI, estar\u00e1 veiculando o Programa \u201cPauta Aberta\u201d.<\/p>\n<p>A produ\u00e7\u00e3o e apresenta\u00e7\u00e3o do programa \u00e9 do prof. Me. S\u00e9rgio Barbosa, professor da institui\u00e7\u00e3o, por\u00e9m, \u201cgravado\u201d e no Est\u00fadio da R\u00e1dio Comunit\u00e1ria Life FM, 107,9 MHz, ainda, est\u00e1 \u201cno ar\u201d todas as segundas-feiras, das 20h \u00e0s 21h (ao vivo) e nas plataformas, a saber: facebook e you tube.<\/p>\n<p>De acordo com Barbosa, \u201ctal iniciativa vem de encontro a proposta de revitaliza\u00e7\u00e3o e profissionaliza\u00e7\u00e3o da R\u00e1dio Cultura FM, assim, faz-se necess\u00e1rio estar desenvolvendo parcerias efetivas e afins aos interesses comuns das respectivas organiza\u00e7\u00f5es radiof\u00f4nicas\u201d.<\/p>\n<p>Tamb\u00e9m, destaca que \u201ctrata-se de uma parceria entre duas emissoras com propostas e objetivo direcionado para o cen\u00e1rio comunit\u00e1rio\u201d.<\/p>\n<p><strong>\u201cUma op\u00e7\u00e3o diferente no ar\u201d<\/strong><\/p>\n<p>No programa que estar\u00e1 sendo veiculado neste s\u00e1bado, 2, das 12h \u00e0s 13h, contou com a participa\u00e7\u00e3o da Fisioterapeuta e professora de Educa\u00e7\u00e3o F\u00edsica, Marina Emed Jacinto Micheloni (Academia Vip).<\/p>\n<p>Por ter uma proposta diferenciada no pr\u00f3prio nome do Programa, a saber: Pauta Aberta, as \u201cconversa\u00e7\u00f5es\u201d efetivadas foram diversas com temas e tem\u00e1ticas focadas nas a\u00e7\u00f5es profissional, acad\u00eamica e familiar da convidada.<\/p>\n<p>Desta forma, refor\u00e7a-se a proposta de sempre da R\u00e1dio Cultura FM por ser uma emissora educativa a servi\u00e7o da comunidade, ainda, \u201cuma op\u00e7\u00e3o diferente no ar\u201d.<\/p>\n<p><strong>Pr\u00f3ximas entrevistas<\/strong><\/p>\n<p>Neste m\u00eas de julho, est\u00e3o agendadas 4 entrevistas com os pr\u00e9-candidatos ao mandato de Deputado Estadual, ainda, como representantes de Adamantina, assim, no pr\u00f3ximo dia 4 de julho, estar\u00e1 marcando presen\u00e7a na R\u00e1dio Life FM, das 20h \u00e0s 21h, Programa Pauta Aberta, o Advogado H\u00e9lio Malheiros.<\/p>\n<p>Tamb\u00e9m, a entrevista estar\u00e1 sendo veiculada na R\u00e1dio Cultura FM, no s\u00e1bado, 9 de julho, das 12h \u00e0s 13h.<\/p>\n<p>R\u00e1dio Cultura FM e R\u00e1dio Life FM: Compromisso jornal\u00edstico em benef\u00edcio da comunidade adamantinense.<\/p>\n<p><img loading=\"lazy\" decoding=\"async\" class=\"alignnone size-medium wp-image-55366\" src=\"https:\/\/static.radiolifefm.com.br\/wp-content\/uploads\/sites\/2\/2022\/07\/WhatsApp-Image-2022-07-01-at-14.20.52-300x269.jpeg\" alt=\"\" width=\"300\" height=\"269\" srcset=\"https:\/\/radiolifefm.com.br\/noticias\/wp-content\/uploads\/2022\/07\/WhatsApp-Image-2022-07-01-at-14.20.52-300x269.jpeg 300w, https:\/\/radiolifefm.com.br\/noticias\/wp-content\/uploads\/2022\/07\/WhatsApp-Image-2022-07-01-at-14.20.52-1024x917.jpeg 1024w, https:\/\/radiolifefm.com.br\/noticias\/wp-content\/uploads\/2022\/07\/WhatsApp-Image-2022-07-01-at-14.20.52-768x688.jpeg 768w, https:\/\/radiolifefm.com.br\/noticias\/wp-content\/uploads\/2022\/07\/WhatsApp-Image-2022-07-01-at-14.20.52-1536x1376.jpeg 1536w, https:\/\/radiolifefm.com.br\/noticias\/wp-content\/uploads\/2022\/07\/WhatsApp-Image-2022-07-01-at-14.20.52.jpeg 1600w\" sizes=\"auto, (max-width: 300px) 100vw, 300px\" \/><\/p>\n<p>&nbsp;<\/p>\n","protected":false},"excerpt":{"rendered":"<p>Da reda\u00e7\u00e3o \/ UniFAI-Cultura FM Em tempo de comemora\u00e7\u00e3o pelos \u201c100 anos do R\u00e1dio no Brasil\u201d, torna-se necess\u00e1rio estar em conex\u00e3o com as novas propostas mediadas pelo desenvolvimento das denominadas \u201cnovas tecnologias\u201d nas respectivas plataformas digitais. Neste cen\u00e1rio midi\u00e1tico patrocinado pelas Emissoras de R\u00e1dio, deve-se considerar as diversas op\u00e7\u00f5es quanto as propostas afins aos interesses [&hellip;]<\/p>\n","protected":false},"author":13,"featured_media":55365,"comment_status":"closed","ping_status":"open","sticky":false,"template":"","format":"standard","meta":{"_acf_changed":false,"_exactmetrics_skip_tracking":false,"_exactmetrics_sitenote_active":false,"_exactmetrics_sitenote_note":"","_exactmetrics_sitenote_category":0,"footnotes":""},"categories":[21],"tags":[],"class_list":["post-55364","post","type-post","status-publish","format-standard","has-post-thumbnail","hentry","category-adamantina"],"acf":[],"yoast_head":"<!-- This site is optimized with the Yoast SEO plugin v27.2 - https:\/\/yoast.com\/product\/yoast-seo-wordpress\/ -->\n<title>Cultura FM e Life FM: parceria no Programa Pauta Aberta - R\u00e1dio Life FM<\/title>\n<meta name=\"robots\" content=\"index, follow, max-snippet:-1, max-image-preview:large, max-video-preview:-1\" \/>\n<link rel=\"canonical\" href=\"https:\/\/radiolifefm.com.br\/noticias\/cultura-fm-e-life-fm-parceria-no-programa-pauta-aberta\/\" \/>\n<meta property=\"og:locale\" content=\"pt_BR\" \/>\n<meta property=\"og:type\" content=\"article\" \/>\n<meta property=\"og:title\" content=\"Cultura FM e Life FM: parceria no Programa Pauta Aberta - R\u00e1dio Life FM\" \/>\n<meta property=\"og:description\" content=\"Da reda\u00e7\u00e3o \/ UniFAI-Cultura FM Em tempo de comemora\u00e7\u00e3o pelos \u201c100 anos do R\u00e1dio no Brasil\u201d, torna-se necess\u00e1rio estar em conex\u00e3o com as novas propostas mediadas pelo desenvolvimento das denominadas \u201cnovas tecnologias\u201d nas respectivas plataformas digitais. Neste cen\u00e1rio midi\u00e1tico patrocinado pelas Emissoras de R\u00e1dio, deve-se considerar as diversas op\u00e7\u00f5es quanto as propostas afins aos interesses [&hellip;]\" \/>\n<meta property=\"og:url\" content=\"https:\/\/radiolifefm.com.br\/noticias\/cultura-fm-e-life-fm-parceria-no-programa-pauta-aberta\/\" \/>\n<meta property=\"og:site_name\" content=\"R\u00e1dio Life FM\" \/>\n<meta property=\"article:publisher\" content=\"https:\/\/www.facebook.com\/radiolifefm\/\" \/>\n<meta property=\"article:published_time\" content=\"2022-07-02T00:08:42+00:00\" \/>\n<meta property=\"article:modified_time\" content=\"2026-04-20T11:26:24+00:00\" \/>\n<meta property=\"og:image\" content=\"https:\/\/radiolifefm.com.br\/noticias\/wp-content\/uploads\/2022\/07\/download.jpeg\" \/>\n\t<meta property=\"og:image:width\" content=\"200\" \/>\n\t<meta property=\"og:image:height\" content=\"200\" \/>\n\t<meta property=\"og:image:type\" content=\"image\/jpeg\" \/>\n<meta name=\"author\" content=\"ritanery\" \/>\n<meta name=\"twitter:card\" content=\"summary_large_image\" \/>\n<meta name=\"twitter:label1\" content=\"Escrito por\" \/>\n\t<meta name=\"twitter:data1\" content=\"ritanery\" \/>\n\t<meta name=\"twitter:label2\" content=\"Est. tempo de leitura\" \/>\n\t<meta name=\"twitter:data2\" content=\"3 minutos\" \/>\n<script type=\"application\/ld+json\" class=\"yoast-schema-graph\">{\"@context\":\"https:\/\/schema.org\",\"@graph\":[{\"@type\":\"Article\",\"@id\":\"https:\/\/radiolifefm.com.br\/noticias\/cultura-fm-e-life-fm-parceria-no-programa-pauta-aberta\/#article\",\"isPartOf\":{\"@id\":\"https:\/\/radiolifefm.com.br\/noticias\/cultura-fm-e-life-fm-parceria-no-programa-pauta-aberta\/\"},\"author\":{\"name\":\"ritanery\",\"@id\":\"https:\/\/radiolifefm.com.br\/noticias\/#\/schema\/person\/6339b9fac59d12b071dec680d7375d87\"},\"headline\":\"Cultura FM e Life FM: parceria no Programa Pauta Aberta\",\"datePublished\":\"2022-07-02T00:08:42+00:00\",\"dateModified\":\"2026-04-20T11:26:24+00:00\",\"mainEntityOfPage\":{\"@id\":\"https:\/\/radiolifefm.com.br\/noticias\/cultura-fm-e-life-fm-parceria-no-programa-pauta-aberta\/\"},\"wordCount\":440,\"publisher\":{\"@id\":\"https:\/\/radiolifefm.com.br\/noticias\/#organization\"},\"image\":{\"@id\":\"https:\/\/radiolifefm.com.br\/noticias\/cultura-fm-e-life-fm-parceria-no-programa-pauta-aberta\/#primaryimage\"},\"thumbnailUrl\":\"https:\/\/radiolifefm.com.br\/noticias\/wp-content\/uploads\/2022\/07\/download.jpeg\",\"articleSection\":[\"Adamantina\"],\"inLanguage\":\"pt-BR\"},{\"@type\":\"WebPage\",\"@id\":\"https:\/\/radiolifefm.com.br\/noticias\/cultura-fm-e-life-fm-parceria-no-programa-pauta-aberta\/\",\"url\":\"https:\/\/radiolifefm.com.br\/noticias\/cultura-fm-e-life-fm-parceria-no-programa-pauta-aberta\/\",\"name\":\"Cultura FM e Life FM: parceria no Programa Pauta Aberta - R\u00e1dio Life FM\",\"isPartOf\":{\"@id\":\"https:\/\/radiolifefm.com.br\/noticias\/#website\"},\"primaryImageOfPage\":{\"@id\":\"https:\/\/radiolifefm.com.br\/noticias\/cultura-fm-e-life-fm-parceria-no-programa-pauta-aberta\/#primaryimage\"},\"image\":{\"@id\":\"https:\/\/radiolifefm.com.br\/noticias\/cultura-fm-e-life-fm-parceria-no-programa-pauta-aberta\/#primaryimage\"},\"thumbnailUrl\":\"https:\/\/radiolifefm.com.br\/noticias\/wp-content\/uploads\/2022\/07\/download.jpeg\",\"datePublished\":\"2022-07-02T00:08:42+00:00\",\"dateModified\":\"2026-04-20T11:26:24+00:00\",\"breadcrumb\":{\"@id\":\"https:\/\/radiolifefm.com.br\/noticias\/cultura-fm-e-life-fm-parceria-no-programa-pauta-aberta\/#breadcrumb\"},\"inLanguage\":\"pt-BR\",\"potentialAction\":[{\"@type\":\"ReadAction\",\"target\":[\"https:\/\/radiolifefm.com.br\/noticias\/cultura-fm-e-life-fm-parceria-no-programa-pauta-aberta\/\"]}]},{\"@type\":\"ImageObject\",\"inLanguage\":\"pt-BR\",\"@id\":\"https:\/\/radiolifefm.com.br\/noticias\/cultura-fm-e-life-fm-parceria-no-programa-pauta-aberta\/#primaryimage\",\"url\":\"https:\/\/radiolifefm.com.br\/noticias\/wp-content\/uploads\/2022\/07\/download.jpeg\",\"contentUrl\":\"https:\/\/radiolifefm.com.br\/noticias\/wp-content\/uploads\/2022\/07\/download.jpeg\",\"width\":200,\"height\":200},{\"@type\":\"BreadcrumbList\",\"@id\":\"https:\/\/radiolifefm.com.br\/noticias\/cultura-fm-e-life-fm-parceria-no-programa-pauta-aberta\/#breadcrumb\",\"itemListElement\":[{\"@type\":\"ListItem\",\"position\":1,\"name\":\"In\u00edcio\",\"item\":\"https:\/\/radiolifefm.com.br\/noticias\/\"},{\"@type\":\"ListItem\",\"position\":2,\"name\":\"Cultura FM e Life FM: parceria no Programa Pauta Aberta\"}]},{\"@type\":\"WebSite\",\"@id\":\"https:\/\/radiolifefm.com.br\/noticias\/#website\",\"url\":\"https:\/\/radiolifefm.com.br\/noticias\/\",\"name\":\"R\u00e1dio Life FM\",\"description\":\"O Portal de Not\u00edcias de Adamantina\",\"publisher\":{\"@id\":\"https:\/\/radiolifefm.com.br\/noticias\/#organization\"},\"alternateName\":\"Life FM\",\"potentialAction\":[{\"@type\":\"SearchAction\",\"target\":{\"@type\":\"EntryPoint\",\"urlTemplate\":\"https:\/\/radiolifefm.com.br\/noticias\/?s={search_term_string}\"},\"query-input\":{\"@type\":\"PropertyValueSpecification\",\"valueRequired\":true,\"valueName\":\"search_term_string\"}}],\"inLanguage\":\"pt-BR\"},{\"@type\":\"Organization\",\"@id\":\"https:\/\/radiolifefm.com.br\/noticias\/#organization\",\"name\":\"R\u00e1dio Life FM\",\"alternateName\":\"Life FM\",\"url\":\"https:\/\/radiolifefm.com.br\/noticias\/\",\"logo\":{\"@type\":\"ImageObject\",\"inLanguage\":\"pt-BR\",\"@id\":\"https:\/\/radiolifefm.com.br\/noticias\/#\/schema\/logo\/image\/\",\"url\":\"https:\/\/static.radiolifefm.com.br\/noticias\/wp-content\/uploads\/2019\/10\/logo-lifefm.png\",\"contentUrl\":\"https:\/\/static.radiolifefm.com.br\/noticias\/wp-content\/uploads\/2019\/10\/logo-lifefm.png\",\"width\":196,\"height\":47,\"caption\":\"R\u00e1dio Life FM\"},\"image\":{\"@id\":\"https:\/\/radiolifefm.com.br\/noticias\/#\/schema\/logo\/image\/\"},\"sameAs\":[\"https:\/\/www.facebook.com\/radiolifefm\/\",\"https:\/\/www.instagram.com\/life1079fm\/\"]},{\"@type\":\"Person\",\"@id\":\"https:\/\/radiolifefm.com.br\/noticias\/#\/schema\/person\/6339b9fac59d12b071dec680d7375d87\",\"name\":\"ritanery\",\"image\":{\"@type\":\"ImageObject\",\"inLanguage\":\"pt-BR\",\"@id\":\"https:\/\/secure.gravatar.com\/avatar\/0e37bb19071f47c0b8a23f62a903df117c5a0e75f65a0c2901562f97cd41cf86?s=96&d=mm&r=g\",\"url\":\"https:\/\/secure.gravatar.com\/avatar\/0e37bb19071f47c0b8a23f62a903df117c5a0e75f65a0c2901562f97cd41cf86?s=96&d=mm&r=g\",\"contentUrl\":\"https:\/\/secure.gravatar.com\/avatar\/0e37bb19071f47c0b8a23f62a903df117c5a0e75f65a0c2901562f97cd41cf86?s=96&d=mm&r=g\",\"caption\":\"ritanery\"}}]}<\/script>\n<!-- \/ Yoast SEO plugin. -->","yoast_head_json":{"title":"Cultura FM e Life FM: parceria no Programa Pauta Aberta - R\u00e1dio Life FM","robots":{"index":"index","follow":"follow","max-snippet":"max-snippet:-1","max-image-preview":"max-image-preview:large","max-video-preview":"max-video-preview:-1"},"canonical":"https:\/\/radiolifefm.com.br\/noticias\/cultura-fm-e-life-fm-parceria-no-programa-pauta-aberta\/","og_locale":"pt_BR","og_type":"article","og_title":"Cultura FM e Life FM: parceria no Programa Pauta Aberta - R\u00e1dio Life FM","og_description":"Da reda\u00e7\u00e3o \/ UniFAI-Cultura FM Em tempo de comemora\u00e7\u00e3o pelos \u201c100 anos do R\u00e1dio no Brasil\u201d, torna-se necess\u00e1rio estar em conex\u00e3o com as novas propostas mediadas pelo desenvolvimento das denominadas \u201cnovas tecnologias\u201d nas respectivas plataformas digitais. Neste cen\u00e1rio midi\u00e1tico patrocinado pelas Emissoras de R\u00e1dio, deve-se considerar as diversas op\u00e7\u00f5es quanto as propostas afins aos interesses [&hellip;]","og_url":"https:\/\/radiolifefm.com.br\/noticias\/cultura-fm-e-life-fm-parceria-no-programa-pauta-aberta\/","og_site_name":"R\u00e1dio Life FM","article_publisher":"https:\/\/www.facebook.com\/radiolifefm\/","article_published_time":"2022-07-02T00:08:42+00:00","article_modified_time":"2026-04-20T11:26:24+00:00","og_image":[{"width":200,"height":200,"url":"https:\/\/radiolifefm.com.br\/noticias\/wp-content\/uploads\/2022\/07\/download.jpeg","type":"image\/jpeg"}],"author":"ritanery","twitter_card":"summary_large_image","twitter_misc":{"Escrito por":"ritanery","Est. tempo de leitura":"3 minutos"},"schema":{"@context":"https:\/\/schema.org","@graph":[{"@type":"Article","@id":"https:\/\/radiolifefm.com.br\/noticias\/cultura-fm-e-life-fm-parceria-no-programa-pauta-aberta\/#article","isPartOf":{"@id":"https:\/\/radiolifefm.com.br\/noticias\/cultura-fm-e-life-fm-parceria-no-programa-pauta-aberta\/"},"author":{"name":"ritanery","@id":"https:\/\/radiolifefm.com.br\/noticias\/#\/schema\/person\/6339b9fac59d12b071dec680d7375d87"},"headline":"Cultura FM e Life FM: parceria no Programa Pauta Aberta","datePublished":"2022-07-02T00:08:42+00:00","dateModified":"2026-04-20T11:26:24+00:00","mainEntityOfPage":{"@id":"https:\/\/radiolifefm.com.br\/noticias\/cultura-fm-e-life-fm-parceria-no-programa-pauta-aberta\/"},"wordCount":440,"publisher":{"@id":"https:\/\/radiolifefm.com.br\/noticias\/#organization"},"image":{"@id":"https:\/\/radiolifefm.com.br\/noticias\/cultura-fm-e-life-fm-parceria-no-programa-pauta-aberta\/#primaryimage"},"thumbnailUrl":"https:\/\/radiolifefm.com.br\/noticias\/wp-content\/uploads\/2022\/07\/download.jpeg","articleSection":["Adamantina"],"inLanguage":"pt-BR"},{"@type":"WebPage","@id":"https:\/\/radiolifefm.com.br\/noticias\/cultura-fm-e-life-fm-parceria-no-programa-pauta-aberta\/","url":"https:\/\/radiolifefm.com.br\/noticias\/cultura-fm-e-life-fm-parceria-no-programa-pauta-aberta\/","name":"Cultura FM e Life FM: parceria no Programa Pauta Aberta - R\u00e1dio Life FM","isPartOf":{"@id":"https:\/\/radiolifefm.com.br\/noticias\/#website"},"primaryImageOfPage":{"@id":"https:\/\/radiolifefm.com.br\/noticias\/cultura-fm-e-life-fm-parceria-no-programa-pauta-aberta\/#primaryimage"},"image":{"@id":"https:\/\/radiolifefm.com.br\/noticias\/cultura-fm-e-life-fm-parceria-no-programa-pauta-aberta\/#primaryimage"},"thumbnailUrl":"https:\/\/radiolifefm.com.br\/noticias\/wp-content\/uploads\/2022\/07\/download.jpeg","datePublished":"2022-07-02T00:08:42+00:00","dateModified":"2026-04-20T11:26:24+00:00","breadcrumb":{"@id":"https:\/\/radiolifefm.com.br\/noticias\/cultura-fm-e-life-fm-parceria-no-programa-pauta-aberta\/#breadcrumb"},"inLanguage":"pt-BR","potentialAction":[{"@type":"ReadAction","target":["https:\/\/radiolifefm.com.br\/noticias\/cultura-fm-e-life-fm-parceria-no-programa-pauta-aberta\/"]}]},{"@type":"ImageObject","inLanguage":"pt-BR","@id":"https:\/\/radiolifefm.com.br\/noticias\/cultura-fm-e-life-fm-parceria-no-programa-pauta-aberta\/#primaryimage","url":"https:\/\/radiolifefm.com.br\/noticias\/wp-content\/uploads\/2022\/07\/download.jpeg","contentUrl":"https:\/\/radiolifefm.com.br\/noticias\/wp-content\/uploads\/2022\/07\/download.jpeg","width":200,"height":200},{"@type":"BreadcrumbList","@id":"https:\/\/radiolifefm.com.br\/noticias\/cultura-fm-e-life-fm-parceria-no-programa-pauta-aberta\/#breadcrumb","itemListElement":[{"@type":"ListItem","position":1,"name":"In\u00edcio","item":"https:\/\/radiolifefm.com.br\/noticias\/"},{"@type":"ListItem","position":2,"name":"Cultura FM e Life FM: parceria no Programa Pauta Aberta"}]},{"@type":"WebSite","@id":"https:\/\/radiolifefm.com.br\/noticias\/#website","url":"https:\/\/radiolifefm.com.br\/noticias\/","name":"R\u00e1dio Life FM","description":"O Portal de Not\u00edcias de Adamantina","publisher":{"@id":"https:\/\/radiolifefm.com.br\/noticias\/#organization"},"alternateName":"Life FM","potentialAction":[{"@type":"SearchAction","target":{"@type":"EntryPoint","urlTemplate":"https:\/\/radiolifefm.com.br\/noticias\/?s={search_term_string}"},"query-input":{"@type":"PropertyValueSpecification","valueRequired":true,"valueName":"search_term_string"}}],"inLanguage":"pt-BR"},{"@type":"Organization","@id":"https:\/\/radiolifefm.com.br\/noticias\/#organization","name":"R\u00e1dio Life FM","alternateName":"Life FM","url":"https:\/\/radiolifefm.com.br\/noticias\/","logo":{"@type":"ImageObject","inLanguage":"pt-BR","@id":"https:\/\/radiolifefm.com.br\/noticias\/#\/schema\/logo\/image\/","url":"https:\/\/static.radiolifefm.com.br\/noticias\/wp-content\/uploads\/2019\/10\/logo-lifefm.png","contentUrl":"https:\/\/static.radiolifefm.com.br\/noticias\/wp-content\/uploads\/2019\/10\/logo-lifefm.png","width":196,"height":47,"caption":"R\u00e1dio Life FM"},"image":{"@id":"https:\/\/radiolifefm.com.br\/noticias\/#\/schema\/logo\/image\/"},"sameAs":["https:\/\/www.facebook.com\/radiolifefm\/","https:\/\/www.instagram.com\/life1079fm\/"]},{"@type":"Person","@id":"https:\/\/radiolifefm.com.br\/noticias\/#\/schema\/person\/6339b9fac59d12b071dec680d7375d87","name":"ritanery","image":{"@type":"ImageObject","inLanguage":"pt-BR","@id":"https:\/\/secure.gravatar.com\/avatar\/0e37bb19071f47c0b8a23f62a903df117c5a0e75f65a0c2901562f97cd41cf86?s=96&d=mm&r=g","url":"https:\/\/secure.gravatar.com\/avatar\/0e37bb19071f47c0b8a23f62a903df117c5a0e75f65a0c2901562f97cd41cf86?s=96&d=mm&r=g","contentUrl":"https:\/\/secure.gravatar.com\/avatar\/0e37bb19071f47c0b8a23f62a903df117c5a0e75f65a0c2901562f97cd41cf86?s=96&d=mm&r=g","caption":"ritanery"}}]}},"amp_enabled":true,"_links":{"self":[{"href":"https:\/\/radiolifefm.com.br\/noticias\/wp-json\/wp\/v2\/posts\/55364","targetHints":{"allow":["GET"]}}],"collection":[{"href":"https:\/\/radiolifefm.com.br\/noticias\/wp-json\/wp\/v2\/posts"}],"about":[{"href":"https:\/\/radiolifefm.com.br\/noticias\/wp-json\/wp\/v2\/types\/post"}],"author":[{"embeddable":true,"href":"https:\/\/radiolifefm.com.br\/noticias\/wp-json\/wp\/v2\/users\/13"}],"replies":[{"embeddable":true,"href":"https:\/\/radiolifefm.com.br\/noticias\/wp-json\/wp\/v2\/comments?post=55364"}],"version-history":[{"count":2,"href":"https:\/\/radiolifefm.com.br\/noticias\/wp-json\/wp\/v2\/posts\/55364\/revisions"}],"predecessor-version":[{"id":55368,"href":"https:\/\/radiolifefm.com.br\/noticias\/wp-json\/wp\/v2\/posts\/55364\/revisions\/55368"}],"wp:featuredmedia":[{"embeddable":true,"href":"https:\/\/radiolifefm.com.br\/noticias\/wp-json\/wp\/v2\/media\/55365"}],"wp:attachment":[{"href":"https:\/\/radiolifefm.com.br\/noticias\/wp-json\/wp\/v2\/media?parent=55364"}],"wp:term":[{"taxonomy":"category","embeddable":true,"href":"https:\/\/radiolifefm.com.br\/noticias\/wp-json\/wp\/v2\/categories?post=55364"},{"taxonomy":"post_tag","embeddable":true,"href":"https:\/\/radiolifefm.com.br\/noticias\/wp-json\/wp\/v2\/tags?post=55364"}],"curies":[{"name":"wp","href":"https:\/\/api.w.org\/{rel}","templated":true}]}}