{"id":55352,"date":"2022-07-01T17:52:49","date_gmt":"2022-07-01T20:52:49","guid":{"rendered":"https:\/\/radiolifefm.com.br\/noticias\/?p=55352"},"modified":"2026-04-13T00:02:02","modified_gmt":"2026-04-13T03:02:02","slug":"cirurgica-adamantina-completa-1-ano-convida-para-cafe-da-manha-no-sabado-2-07","status":"publish","type":"post","link":"https:\/\/radiolifefm.com.br\/noticias\/cirurgica-adamantina-completa-1-ano-convida-para-cafe-da-manha-no-sabado-2-07\/","title":{"rendered":"Cir\u00fargica Adamantina comemora 1 ano com caf\u00e9 da manh\u00e3 neste s\u00e1bado (2\/7)"},"content":{"rendered":"<div id=\"fb-root\"><\/div>\n<p>A comemora\u00e7\u00e3o da Cir\u00fargica Adamantina, tem sabor de supera\u00e7\u00e3o e gratid\u00e3o por todas as conquistas em 1 ano de loja.<\/p>\n<p>A loja foi inaugurada no dia 2 de julho de 2021 em local privilegiado, uma das esquinas mais movimentadas da cidade de Adamantina por ficar pr\u00f3ximo ao supermercado tradicional na cidade, na Capit\u00e3o Jos\u00e9 Ant\u00f4nio de Oliveira 240.<\/p>\n<p>O empres\u00e1rio F\u00e1bio Dias e Andreliza Vasque empreenderam no momento dif\u00edcil da economia em plena pandemia, os desafios, medos e inseguran\u00e7as foram vencidos com trabalho, dedica\u00e7\u00e3o e atendimento humanizado, equipe preparada e focada.<\/p>\n<p>A loja durante seu primeiro ano ampliou o estoque, trouxe muitas op\u00e7\u00f5es em aparelhos m\u00e9dicos, hospitalares e ortop\u00e9dicos em geral, os produtos de qualidade com as melhores marcas do mercado.<\/p>\n<p>Um dos diferenciais da Cir\u00fargica Adamantina \u00e9 as parcerias com as atl\u00e9ticas estudantis da UNIFAI, oferecendo aos alunos descontos especiais, a vis\u00e3o diferenciada do casal permitiu que eles participassem do evento dentro da unifai, evidenciando sua marca e colocando \u00e0 disposi\u00e7\u00e3o os cart\u00f5es da loja, fazendo network necess\u00e1rio para capta\u00e7\u00e3o, atingindo o p\u00fablico alvo, estudantes na \u00e1rea da sa\u00fade.<\/p>\n<p>A cir\u00fargica Adamantina vive cada dia superando n\u00e3o apenas os desafios do mercado, mas principalmente se tornando uma empresa com responsabilidade social, entendendo que a pr\u00e1tica de pre\u00e7os justos faz parte das condi\u00e7\u00f5es de compra para todos os n\u00edveis sociais.<\/p>\n<p>&#8220;Chegamos ao primeiro ano e uma palavra que resume esse momento e gratid\u00e3o, estamos muito felizes e para agradecer nossos clientes que muitos viraram amigos, convidamos a todos para saborear um delicioso caf\u00e9 da manh\u00e3 no s\u00e1bado 2 de julho a partir das 9h na loja com toda nossa equipe\u201d convida F\u00e1bio Dias.<br \/>\nEndere\u00e7o: av. Capit\u00e3o Jos\u00e9 Ant\u00f4nio de Oliveira 240.<br \/>\nO hor\u00e1rio de atendimento: segunda \u00e0 sexta-feira das 8h \u00e0s 18h e aos s\u00e1bados das 8h \u00e0s 13h.<br \/>\nFones:(18):3880-0155 ou (18):99772-7271<\/p>\n<p>&nbsp;<\/p>\n<p><img loading=\"lazy\" decoding=\"async\" class=\"alignnone size-medium wp-image-55353\" src=\"https:\/\/static.radiolifefm.com.br\/wp-content\/uploads\/sites\/2\/2022\/07\/IMG-20220701-WA0050-300x225.jpg\" alt=\"\" width=\"300\" height=\"225\" srcset=\"https:\/\/radiolifefm.com.br\/noticias\/wp-content\/uploads\/2022\/07\/IMG-20220701-WA0050-300x225.jpg 300w, https:\/\/radiolifefm.com.br\/noticias\/wp-content\/uploads\/2022\/07\/IMG-20220701-WA0050-1024x768.jpg 1024w, https:\/\/radiolifefm.com.br\/noticias\/wp-content\/uploads\/2022\/07\/IMG-20220701-WA0050-768x576.jpg 768w, https:\/\/radiolifefm.com.br\/noticias\/wp-content\/uploads\/2022\/07\/IMG-20220701-WA0050-1536x1152.jpg 1536w, https:\/\/radiolifefm.com.br\/noticias\/wp-content\/uploads\/2022\/07\/IMG-20220701-WA0050.jpg 1600w\" sizes=\"auto, (max-width: 300px) 100vw, 300px\" \/> <img loading=\"lazy\" decoding=\"async\" class=\"alignnone size-medium wp-image-55354\" src=\"https:\/\/static.radiolifefm.com.br\/wp-content\/uploads\/sites\/2\/2022\/07\/IMG-20220701-WA0049-300x300.jpg\" alt=\"\" width=\"300\" height=\"300\" srcset=\"https:\/\/radiolifefm.com.br\/noticias\/wp-content\/uploads\/2022\/07\/IMG-20220701-WA0049-300x300.jpg 300w, https:\/\/radiolifefm.com.br\/noticias\/wp-content\/uploads\/2022\/07\/IMG-20220701-WA0049-1024x1024.jpg 1024w, https:\/\/radiolifefm.com.br\/noticias\/wp-content\/uploads\/2022\/07\/IMG-20220701-WA0049-150x150.jpg 150w, https:\/\/radiolifefm.com.br\/noticias\/wp-content\/uploads\/2022\/07\/IMG-20220701-WA0049-768x768.jpg 768w, https:\/\/radiolifefm.com.br\/noticias\/wp-content\/uploads\/2022\/07\/IMG-20220701-WA0049-200x200.jpg 200w, https:\/\/radiolifefm.com.br\/noticias\/wp-content\/uploads\/2022\/07\/IMG-20220701-WA0049-250x250.jpg 250w, https:\/\/radiolifefm.com.br\/noticias\/wp-content\/uploads\/2022\/07\/IMG-20220701-WA0049-500x500.jpg 500w, https:\/\/radiolifefm.com.br\/noticias\/wp-content\/uploads\/2022\/07\/IMG-20220701-WA0049-700x700.jpg 700w, https:\/\/radiolifefm.com.br\/noticias\/wp-content\/uploads\/2022\/07\/IMG-20220701-WA0049.jpg 1275w\" sizes=\"auto, (max-width: 300px) 100vw, 300px\" \/> <img loading=\"lazy\" decoding=\"async\" class=\"alignnone size-medium wp-image-55355\" src=\"https:\/\/static.radiolifefm.com.br\/wp-content\/uploads\/sites\/2\/2022\/07\/IMG-20220701-WA0051-300x225.jpg\" alt=\"\" width=\"300\" height=\"225\" srcset=\"https:\/\/radiolifefm.com.br\/noticias\/wp-content\/uploads\/2022\/07\/IMG-20220701-WA0051-300x225.jpg 300w, https:\/\/radiolifefm.com.br\/noticias\/wp-content\/uploads\/2022\/07\/IMG-20220701-WA0051-1024x768.jpg 1024w, https:\/\/radiolifefm.com.br\/noticias\/wp-content\/uploads\/2022\/07\/IMG-20220701-WA0051-768x576.jpg 768w, https:\/\/radiolifefm.com.br\/noticias\/wp-content\/uploads\/2022\/07\/IMG-20220701-WA0051-1536x1152.jpg 1536w, https:\/\/radiolifefm.com.br\/noticias\/wp-content\/uploads\/2022\/07\/IMG-20220701-WA0051.jpg 1600w\" sizes=\"auto, (max-width: 300px) 100vw, 300px\" \/> <img loading=\"lazy\" decoding=\"async\" class=\"alignnone size-medium wp-image-55356\" src=\"https:\/\/static.radiolifefm.com.br\/wp-content\/uploads\/sites\/2\/2022\/07\/IMG-20220701-WA0047-300x225.jpg\" alt=\"\" width=\"300\" height=\"225\" srcset=\"https:\/\/radiolifefm.com.br\/noticias\/wp-content\/uploads\/2022\/07\/IMG-20220701-WA0047-300x225.jpg 300w, https:\/\/radiolifefm.com.br\/noticias\/wp-content\/uploads\/2022\/07\/IMG-20220701-WA0047-1024x768.jpg 1024w, https:\/\/radiolifefm.com.br\/noticias\/wp-content\/uploads\/2022\/07\/IMG-20220701-WA0047-768x576.jpg 768w, https:\/\/radiolifefm.com.br\/noticias\/wp-content\/uploads\/2022\/07\/IMG-20220701-WA0047-1536x1152.jpg 1536w, https:\/\/radiolifefm.com.br\/noticias\/wp-content\/uploads\/2022\/07\/IMG-20220701-WA0047.jpg 1600w\" sizes=\"auto, (max-width: 300px) 100vw, 300px\" \/> <img loading=\"lazy\" decoding=\"async\" class=\"alignnone size-medium wp-image-55357\" src=\"https:\/\/static.radiolifefm.com.br\/wp-content\/uploads\/sites\/2\/2022\/07\/IMG-20220701-WA0048-300x225.jpg\" alt=\"\" width=\"300\" height=\"225\" srcset=\"https:\/\/radiolifefm.com.br\/noticias\/wp-content\/uploads\/2022\/07\/IMG-20220701-WA0048-300x225.jpg 300w, https:\/\/radiolifefm.com.br\/noticias\/wp-content\/uploads\/2022\/07\/IMG-20220701-WA0048-768x576.jpg 768w, https:\/\/radiolifefm.com.br\/noticias\/wp-content\/uploads\/2022\/07\/IMG-20220701-WA0048.jpg 1024w\" sizes=\"auto, (max-width: 300px) 100vw, 300px\" \/><\/p>\n","protected":false},"excerpt":{"rendered":"<p>A comemora\u00e7\u00e3o da Cir\u00fargica Adamantina, tem sabor de supera\u00e7\u00e3o e gratid\u00e3o por todas as conquistas em 1 ano de loja. A loja foi inaugurada no dia 2 de julho de 2021 em local privilegiado, uma das esquinas mais movimentadas da cidade de Adamantina por ficar pr\u00f3ximo ao supermercado tradicional na cidade, na Capit\u00e3o Jos\u00e9 Ant\u00f4nio [&hellip;]<\/p>\n","protected":false},"author":13,"featured_media":55358,"comment_status":"closed","ping_status":"open","sticky":false,"template":"","format":"standard","meta":{"_acf_changed":false,"_exactmetrics_skip_tracking":false,"_exactmetrics_sitenote_active":false,"_exactmetrics_sitenote_note":"","_exactmetrics_sitenote_category":0,"footnotes":""},"categories":[21],"tags":[],"class_list":["post-55352","post","type-post","status-publish","format-standard","has-post-thumbnail","hentry","category-adamantina"],"acf":[],"yoast_head":"<!-- This site is optimized with the Yoast SEO plugin v27.2 - https:\/\/yoast.com\/product\/yoast-seo-wordpress\/ -->\n<title>Cir\u00fargica Adamantina comemora 1 ano com caf\u00e9 da manh\u00e3 neste s\u00e1bado (2\/7) - R\u00e1dio Life FM<\/title>\n<meta name=\"robots\" content=\"index, follow, max-snippet:-1, max-image-preview:large, max-video-preview:-1\" \/>\n<link rel=\"canonical\" href=\"https:\/\/radiolifefm.com.br\/noticias\/cirurgica-adamantina-completa-1-ano-convida-para-cafe-da-manha-no-sabado-2-07\/\" \/>\n<meta property=\"og:locale\" content=\"pt_BR\" \/>\n<meta property=\"og:type\" content=\"article\" \/>\n<meta property=\"og:title\" content=\"Cir\u00fargica Adamantina comemora 1 ano com caf\u00e9 da manh\u00e3 neste s\u00e1bado (2\/7) - R\u00e1dio Life FM\" \/>\n<meta property=\"og:description\" content=\"A comemora\u00e7\u00e3o da Cir\u00fargica Adamantina, tem sabor de supera\u00e7\u00e3o e gratid\u00e3o por todas as conquistas em 1 ano de loja. A loja foi inaugurada no dia 2 de julho de 2021 em local privilegiado, uma das esquinas mais movimentadas da cidade de Adamantina por ficar pr\u00f3ximo ao supermercado tradicional na cidade, na Capit\u00e3o Jos\u00e9 Ant\u00f4nio [&hellip;]\" \/>\n<meta property=\"og:url\" content=\"https:\/\/radiolifefm.com.br\/noticias\/cirurgica-adamantina-completa-1-ano-convida-para-cafe-da-manha-no-sabado-2-07\/\" \/>\n<meta property=\"og:site_name\" content=\"R\u00e1dio Life FM\" \/>\n<meta property=\"article:publisher\" content=\"https:\/\/www.facebook.com\/radiolifefm\/\" \/>\n<meta property=\"article:published_time\" content=\"2022-07-01T20:52:49+00:00\" \/>\n<meta property=\"article:modified_time\" content=\"2026-04-13T03:02:02+00:00\" \/>\n<meta property=\"og:image\" content=\"https:\/\/radiolifefm.com.br\/noticias\/wp-content\/uploads\/2022\/07\/IMG-20220701-WA0046.jpg\" \/>\n\t<meta property=\"og:image:width\" content=\"1280\" \/>\n\t<meta property=\"og:image:height\" content=\"960\" \/>\n\t<meta property=\"og:image:type\" content=\"image\/jpeg\" \/>\n<meta name=\"author\" content=\"ritanery\" \/>\n<meta name=\"twitter:card\" content=\"summary_large_image\" \/>\n<meta name=\"twitter:label1\" content=\"Escrito por\" \/>\n\t<meta name=\"twitter:data1\" content=\"ritanery\" \/>\n\t<meta name=\"twitter:label2\" content=\"Est. tempo de leitura\" \/>\n\t<meta name=\"twitter:data2\" content=\"3 minutos\" \/>\n<script type=\"application\/ld+json\" class=\"yoast-schema-graph\">{\"@context\":\"https:\/\/schema.org\",\"@graph\":[{\"@type\":\"Article\",\"@id\":\"https:\/\/radiolifefm.com.br\/noticias\/cirurgica-adamantina-completa-1-ano-convida-para-cafe-da-manha-no-sabado-2-07\/#article\",\"isPartOf\":{\"@id\":\"https:\/\/radiolifefm.com.br\/noticias\/cirurgica-adamantina-completa-1-ano-convida-para-cafe-da-manha-no-sabado-2-07\/\"},\"author\":{\"name\":\"ritanery\",\"@id\":\"https:\/\/radiolifefm.com.br\/noticias\/#\/schema\/person\/6339b9fac59d12b071dec680d7375d87\"},\"headline\":\"Cir\u00fargica Adamantina comemora 1 ano com caf\u00e9 da manh\u00e3 neste s\u00e1bado (2\/7)\",\"datePublished\":\"2022-07-01T20:52:49+00:00\",\"dateModified\":\"2026-04-13T03:02:02+00:00\",\"mainEntityOfPage\":{\"@id\":\"https:\/\/radiolifefm.com.br\/noticias\/cirurgica-adamantina-completa-1-ano-convida-para-cafe-da-manha-no-sabado-2-07\/\"},\"wordCount\":345,\"publisher\":{\"@id\":\"https:\/\/radiolifefm.com.br\/noticias\/#organization\"},\"image\":{\"@id\":\"https:\/\/radiolifefm.com.br\/noticias\/cirurgica-adamantina-completa-1-ano-convida-para-cafe-da-manha-no-sabado-2-07\/#primaryimage\"},\"thumbnailUrl\":\"https:\/\/radiolifefm.com.br\/noticias\/wp-content\/uploads\/2022\/07\/IMG-20220701-WA0046.jpg\",\"articleSection\":[\"Adamantina\"],\"inLanguage\":\"pt-BR\"},{\"@type\":\"WebPage\",\"@id\":\"https:\/\/radiolifefm.com.br\/noticias\/cirurgica-adamantina-completa-1-ano-convida-para-cafe-da-manha-no-sabado-2-07\/\",\"url\":\"https:\/\/radiolifefm.com.br\/noticias\/cirurgica-adamantina-completa-1-ano-convida-para-cafe-da-manha-no-sabado-2-07\/\",\"name\":\"Cir\u00fargica Adamantina comemora 1 ano com caf\u00e9 da manh\u00e3 neste s\u00e1bado (2\/7) - R\u00e1dio Life FM\",\"isPartOf\":{\"@id\":\"https:\/\/radiolifefm.com.br\/noticias\/#website\"},\"primaryImageOfPage\":{\"@id\":\"https:\/\/radiolifefm.com.br\/noticias\/cirurgica-adamantina-completa-1-ano-convida-para-cafe-da-manha-no-sabado-2-07\/#primaryimage\"},\"image\":{\"@id\":\"https:\/\/radiolifefm.com.br\/noticias\/cirurgica-adamantina-completa-1-ano-convida-para-cafe-da-manha-no-sabado-2-07\/#primaryimage\"},\"thumbnailUrl\":\"https:\/\/radiolifefm.com.br\/noticias\/wp-content\/uploads\/2022\/07\/IMG-20220701-WA0046.jpg\",\"datePublished\":\"2022-07-01T20:52:49+00:00\",\"dateModified\":\"2026-04-13T03:02:02+00:00\",\"breadcrumb\":{\"@id\":\"https:\/\/radiolifefm.com.br\/noticias\/cirurgica-adamantina-completa-1-ano-convida-para-cafe-da-manha-no-sabado-2-07\/#breadcrumb\"},\"inLanguage\":\"pt-BR\",\"potentialAction\":[{\"@type\":\"ReadAction\",\"target\":[\"https:\/\/radiolifefm.com.br\/noticias\/cirurgica-adamantina-completa-1-ano-convida-para-cafe-da-manha-no-sabado-2-07\/\"]}]},{\"@type\":\"ImageObject\",\"inLanguage\":\"pt-BR\",\"@id\":\"https:\/\/radiolifefm.com.br\/noticias\/cirurgica-adamantina-completa-1-ano-convida-para-cafe-da-manha-no-sabado-2-07\/#primaryimage\",\"url\":\"https:\/\/radiolifefm.com.br\/noticias\/wp-content\/uploads\/2022\/07\/IMG-20220701-WA0046.jpg\",\"contentUrl\":\"https:\/\/radiolifefm.com.br\/noticias\/wp-content\/uploads\/2022\/07\/IMG-20220701-WA0046.jpg\",\"width\":1280,\"height\":960},{\"@type\":\"BreadcrumbList\",\"@id\":\"https:\/\/radiolifefm.com.br\/noticias\/cirurgica-adamantina-completa-1-ano-convida-para-cafe-da-manha-no-sabado-2-07\/#breadcrumb\",\"itemListElement\":[{\"@type\":\"ListItem\",\"position\":1,\"name\":\"In\u00edcio\",\"item\":\"https:\/\/radiolifefm.com.br\/noticias\/\"},{\"@type\":\"ListItem\",\"position\":2,\"name\":\"Cir\u00fargica Adamantina comemora 1 ano com caf\u00e9 da manh\u00e3 neste s\u00e1bado (2\/7)\"}]},{\"@type\":\"WebSite\",\"@id\":\"https:\/\/radiolifefm.com.br\/noticias\/#website\",\"url\":\"https:\/\/radiolifefm.com.br\/noticias\/\",\"name\":\"R\u00e1dio Life FM\",\"description\":\"O Portal de Not\u00edcias de Adamantina\",\"publisher\":{\"@id\":\"https:\/\/radiolifefm.com.br\/noticias\/#organization\"},\"alternateName\":\"Life FM\",\"potentialAction\":[{\"@type\":\"SearchAction\",\"target\":{\"@type\":\"EntryPoint\",\"urlTemplate\":\"https:\/\/radiolifefm.com.br\/noticias\/?s={search_term_string}\"},\"query-input\":{\"@type\":\"PropertyValueSpecification\",\"valueRequired\":true,\"valueName\":\"search_term_string\"}}],\"inLanguage\":\"pt-BR\"},{\"@type\":\"Organization\",\"@id\":\"https:\/\/radiolifefm.com.br\/noticias\/#organization\",\"name\":\"R\u00e1dio Life FM\",\"alternateName\":\"Life FM\",\"url\":\"https:\/\/radiolifefm.com.br\/noticias\/\",\"logo\":{\"@type\":\"ImageObject\",\"inLanguage\":\"pt-BR\",\"@id\":\"https:\/\/radiolifefm.com.br\/noticias\/#\/schema\/logo\/image\/\",\"url\":\"https:\/\/static.radiolifefm.com.br\/noticias\/wp-content\/uploads\/2019\/10\/logo-lifefm.png\",\"contentUrl\":\"https:\/\/static.radiolifefm.com.br\/noticias\/wp-content\/uploads\/2019\/10\/logo-lifefm.png\",\"width\":196,\"height\":47,\"caption\":\"R\u00e1dio Life FM\"},\"image\":{\"@id\":\"https:\/\/radiolifefm.com.br\/noticias\/#\/schema\/logo\/image\/\"},\"sameAs\":[\"https:\/\/www.facebook.com\/radiolifefm\/\",\"https:\/\/www.instagram.com\/life1079fm\/\"]},{\"@type\":\"Person\",\"@id\":\"https:\/\/radiolifefm.com.br\/noticias\/#\/schema\/person\/6339b9fac59d12b071dec680d7375d87\",\"name\":\"ritanery\",\"image\":{\"@type\":\"ImageObject\",\"inLanguage\":\"pt-BR\",\"@id\":\"https:\/\/secure.gravatar.com\/avatar\/0e37bb19071f47c0b8a23f62a903df117c5a0e75f65a0c2901562f97cd41cf86?s=96&d=mm&r=g\",\"url\":\"https:\/\/secure.gravatar.com\/avatar\/0e37bb19071f47c0b8a23f62a903df117c5a0e75f65a0c2901562f97cd41cf86?s=96&d=mm&r=g\",\"contentUrl\":\"https:\/\/secure.gravatar.com\/avatar\/0e37bb19071f47c0b8a23f62a903df117c5a0e75f65a0c2901562f97cd41cf86?s=96&d=mm&r=g\",\"caption\":\"ritanery\"}}]}<\/script>\n<!-- \/ Yoast SEO plugin. -->","yoast_head_json":{"title":"Cir\u00fargica Adamantina comemora 1 ano com caf\u00e9 da manh\u00e3 neste s\u00e1bado (2\/7) - R\u00e1dio Life FM","robots":{"index":"index","follow":"follow","max-snippet":"max-snippet:-1","max-image-preview":"max-image-preview:large","max-video-preview":"max-video-preview:-1"},"canonical":"https:\/\/radiolifefm.com.br\/noticias\/cirurgica-adamantina-completa-1-ano-convida-para-cafe-da-manha-no-sabado-2-07\/","og_locale":"pt_BR","og_type":"article","og_title":"Cir\u00fargica Adamantina comemora 1 ano com caf\u00e9 da manh\u00e3 neste s\u00e1bado (2\/7) - R\u00e1dio Life FM","og_description":"A comemora\u00e7\u00e3o da Cir\u00fargica Adamantina, tem sabor de supera\u00e7\u00e3o e gratid\u00e3o por todas as conquistas em 1 ano de loja. A loja foi inaugurada no dia 2 de julho de 2021 em local privilegiado, uma das esquinas mais movimentadas da cidade de Adamantina por ficar pr\u00f3ximo ao supermercado tradicional na cidade, na Capit\u00e3o Jos\u00e9 Ant\u00f4nio [&hellip;]","og_url":"https:\/\/radiolifefm.com.br\/noticias\/cirurgica-adamantina-completa-1-ano-convida-para-cafe-da-manha-no-sabado-2-07\/","og_site_name":"R\u00e1dio Life FM","article_publisher":"https:\/\/www.facebook.com\/radiolifefm\/","article_published_time":"2022-07-01T20:52:49+00:00","article_modified_time":"2026-04-13T03:02:02+00:00","og_image":[{"width":1280,"height":960,"url":"https:\/\/radiolifefm.com.br\/noticias\/wp-content\/uploads\/2022\/07\/IMG-20220701-WA0046.jpg","type":"image\/jpeg"}],"author":"ritanery","twitter_card":"summary_large_image","twitter_misc":{"Escrito por":"ritanery","Est. tempo de leitura":"3 minutos"},"schema":{"@context":"https:\/\/schema.org","@graph":[{"@type":"Article","@id":"https:\/\/radiolifefm.com.br\/noticias\/cirurgica-adamantina-completa-1-ano-convida-para-cafe-da-manha-no-sabado-2-07\/#article","isPartOf":{"@id":"https:\/\/radiolifefm.com.br\/noticias\/cirurgica-adamantina-completa-1-ano-convida-para-cafe-da-manha-no-sabado-2-07\/"},"author":{"name":"ritanery","@id":"https:\/\/radiolifefm.com.br\/noticias\/#\/schema\/person\/6339b9fac59d12b071dec680d7375d87"},"headline":"Cir\u00fargica Adamantina comemora 1 ano com caf\u00e9 da manh\u00e3 neste s\u00e1bado (2\/7)","datePublished":"2022-07-01T20:52:49+00:00","dateModified":"2026-04-13T03:02:02+00:00","mainEntityOfPage":{"@id":"https:\/\/radiolifefm.com.br\/noticias\/cirurgica-adamantina-completa-1-ano-convida-para-cafe-da-manha-no-sabado-2-07\/"},"wordCount":345,"publisher":{"@id":"https:\/\/radiolifefm.com.br\/noticias\/#organization"},"image":{"@id":"https:\/\/radiolifefm.com.br\/noticias\/cirurgica-adamantina-completa-1-ano-convida-para-cafe-da-manha-no-sabado-2-07\/#primaryimage"},"thumbnailUrl":"https:\/\/radiolifefm.com.br\/noticias\/wp-content\/uploads\/2022\/07\/IMG-20220701-WA0046.jpg","articleSection":["Adamantina"],"inLanguage":"pt-BR"},{"@type":"WebPage","@id":"https:\/\/radiolifefm.com.br\/noticias\/cirurgica-adamantina-completa-1-ano-convida-para-cafe-da-manha-no-sabado-2-07\/","url":"https:\/\/radiolifefm.com.br\/noticias\/cirurgica-adamantina-completa-1-ano-convida-para-cafe-da-manha-no-sabado-2-07\/","name":"Cir\u00fargica Adamantina comemora 1 ano com caf\u00e9 da manh\u00e3 neste s\u00e1bado (2\/7) - R\u00e1dio Life FM","isPartOf":{"@id":"https:\/\/radiolifefm.com.br\/noticias\/#website"},"primaryImageOfPage":{"@id":"https:\/\/radiolifefm.com.br\/noticias\/cirurgica-adamantina-completa-1-ano-convida-para-cafe-da-manha-no-sabado-2-07\/#primaryimage"},"image":{"@id":"https:\/\/radiolifefm.com.br\/noticias\/cirurgica-adamantina-completa-1-ano-convida-para-cafe-da-manha-no-sabado-2-07\/#primaryimage"},"thumbnailUrl":"https:\/\/radiolifefm.com.br\/noticias\/wp-content\/uploads\/2022\/07\/IMG-20220701-WA0046.jpg","datePublished":"2022-07-01T20:52:49+00:00","dateModified":"2026-04-13T03:02:02+00:00","breadcrumb":{"@id":"https:\/\/radiolifefm.com.br\/noticias\/cirurgica-adamantina-completa-1-ano-convida-para-cafe-da-manha-no-sabado-2-07\/#breadcrumb"},"inLanguage":"pt-BR","potentialAction":[{"@type":"ReadAction","target":["https:\/\/radiolifefm.com.br\/noticias\/cirurgica-adamantina-completa-1-ano-convida-para-cafe-da-manha-no-sabado-2-07\/"]}]},{"@type":"ImageObject","inLanguage":"pt-BR","@id":"https:\/\/radiolifefm.com.br\/noticias\/cirurgica-adamantina-completa-1-ano-convida-para-cafe-da-manha-no-sabado-2-07\/#primaryimage","url":"https:\/\/radiolifefm.com.br\/noticias\/wp-content\/uploads\/2022\/07\/IMG-20220701-WA0046.jpg","contentUrl":"https:\/\/radiolifefm.com.br\/noticias\/wp-content\/uploads\/2022\/07\/IMG-20220701-WA0046.jpg","width":1280,"height":960},{"@type":"BreadcrumbList","@id":"https:\/\/radiolifefm.com.br\/noticias\/cirurgica-adamantina-completa-1-ano-convida-para-cafe-da-manha-no-sabado-2-07\/#breadcrumb","itemListElement":[{"@type":"ListItem","position":1,"name":"In\u00edcio","item":"https:\/\/radiolifefm.com.br\/noticias\/"},{"@type":"ListItem","position":2,"name":"Cir\u00fargica Adamantina comemora 1 ano com caf\u00e9 da manh\u00e3 neste s\u00e1bado (2\/7)"}]},{"@type":"WebSite","@id":"https:\/\/radiolifefm.com.br\/noticias\/#website","url":"https:\/\/radiolifefm.com.br\/noticias\/","name":"R\u00e1dio Life FM","description":"O Portal de Not\u00edcias de Adamantina","publisher":{"@id":"https:\/\/radiolifefm.com.br\/noticias\/#organization"},"alternateName":"Life FM","potentialAction":[{"@type":"SearchAction","target":{"@type":"EntryPoint","urlTemplate":"https:\/\/radiolifefm.com.br\/noticias\/?s={search_term_string}"},"query-input":{"@type":"PropertyValueSpecification","valueRequired":true,"valueName":"search_term_string"}}],"inLanguage":"pt-BR"},{"@type":"Organization","@id":"https:\/\/radiolifefm.com.br\/noticias\/#organization","name":"R\u00e1dio Life FM","alternateName":"Life FM","url":"https:\/\/radiolifefm.com.br\/noticias\/","logo":{"@type":"ImageObject","inLanguage":"pt-BR","@id":"https:\/\/radiolifefm.com.br\/noticias\/#\/schema\/logo\/image\/","url":"https:\/\/static.radiolifefm.com.br\/noticias\/wp-content\/uploads\/2019\/10\/logo-lifefm.png","contentUrl":"https:\/\/static.radiolifefm.com.br\/noticias\/wp-content\/uploads\/2019\/10\/logo-lifefm.png","width":196,"height":47,"caption":"R\u00e1dio Life FM"},"image":{"@id":"https:\/\/radiolifefm.com.br\/noticias\/#\/schema\/logo\/image\/"},"sameAs":["https:\/\/www.facebook.com\/radiolifefm\/","https:\/\/www.instagram.com\/life1079fm\/"]},{"@type":"Person","@id":"https:\/\/radiolifefm.com.br\/noticias\/#\/schema\/person\/6339b9fac59d12b071dec680d7375d87","name":"ritanery","image":{"@type":"ImageObject","inLanguage":"pt-BR","@id":"https:\/\/secure.gravatar.com\/avatar\/0e37bb19071f47c0b8a23f62a903df117c5a0e75f65a0c2901562f97cd41cf86?s=96&d=mm&r=g","url":"https:\/\/secure.gravatar.com\/avatar\/0e37bb19071f47c0b8a23f62a903df117c5a0e75f65a0c2901562f97cd41cf86?s=96&d=mm&r=g","contentUrl":"https:\/\/secure.gravatar.com\/avatar\/0e37bb19071f47c0b8a23f62a903df117c5a0e75f65a0c2901562f97cd41cf86?s=96&d=mm&r=g","caption":"ritanery"}}]}},"amp_enabled":true,"_links":{"self":[{"href":"https:\/\/radiolifefm.com.br\/noticias\/wp-json\/wp\/v2\/posts\/55352","targetHints":{"allow":["GET"]}}],"collection":[{"href":"https:\/\/radiolifefm.com.br\/noticias\/wp-json\/wp\/v2\/posts"}],"about":[{"href":"https:\/\/radiolifefm.com.br\/noticias\/wp-json\/wp\/v2\/types\/post"}],"author":[{"embeddable":true,"href":"https:\/\/radiolifefm.com.br\/noticias\/wp-json\/wp\/v2\/users\/13"}],"replies":[{"embeddable":true,"href":"https:\/\/radiolifefm.com.br\/noticias\/wp-json\/wp\/v2\/comments?post=55352"}],"version-history":[{"count":5,"href":"https:\/\/radiolifefm.com.br\/noticias\/wp-json\/wp\/v2\/posts\/55352\/revisions"}],"predecessor-version":[{"id":55363,"href":"https:\/\/radiolifefm.com.br\/noticias\/wp-json\/wp\/v2\/posts\/55352\/revisions\/55363"}],"wp:featuredmedia":[{"embeddable":true,"href":"https:\/\/radiolifefm.com.br\/noticias\/wp-json\/wp\/v2\/media\/55358"}],"wp:attachment":[{"href":"https:\/\/radiolifefm.com.br\/noticias\/wp-json\/wp\/v2\/media?parent=55352"}],"wp:term":[{"taxonomy":"category","embeddable":true,"href":"https:\/\/radiolifefm.com.br\/noticias\/wp-json\/wp\/v2\/categories?post=55352"},{"taxonomy":"post_tag","embeddable":true,"href":"https:\/\/radiolifefm.com.br\/noticias\/wp-json\/wp\/v2\/tags?post=55352"}],"curies":[{"name":"wp","href":"https:\/\/api.w.org\/{rel}","templated":true}]}}