{"id":55347,"date":"2022-07-01T15:17:40","date_gmt":"2022-07-01T18:17:40","guid":{"rendered":"https:\/\/radiolifefm.com.br\/noticias\/?p=55347"},"modified":"2026-04-23T21:07:19","modified_gmt":"2026-04-24T00:07:19","slug":"de-adamantina-rafael-galvao-e-aprovado-em-concurso-publico-para-promotor-no-mp-do-ceara","status":"publish","type":"post","link":"https:\/\/radiolifefm.com.br\/noticias\/de-adamantina-rafael-galvao-e-aprovado-em-concurso-publico-para-promotor-no-mp-do-ceara\/","title":{"rendered":"De Adamantina, Rafael Galv\u00e3o \u00e9 aprovado em concurso p\u00fablico para promotor no MP do Cear\u00e1"},"content":{"rendered":"<div id=\"fb-root\"><\/div>\n<h2 class=\"subtitulo\">Adamantinense \u00e9 delegado na Pol\u00edcia Civil de SP e agora vivencia nova oportunidade profissional.<\/h2>\n<p style=\"font-weight: 400\">Aos 32 anos, o adamantinense Rafael Guerreiro Galv\u00e3o, delegado da Pol\u00edcia Civil do Estado de S\u00e3o Paulo, lotado em Pirapozinho, foi aprovado em concurso p\u00fablico para promotor de justi\u00e7a no Minist\u00e9rio P\u00fablico do Cear\u00e1. A divulga\u00e7\u00e3o do resultado final do concurso ocorreu na \u00faltima ter\u00e7a-feira (28) no di\u00e1rio oficial cearense. Agora, aguarda futura convoca\u00e7\u00e3o para decidir se assume a nova oportunidade profissional.<\/p>\n<p style=\"font-weight: 400\">Rafael \u00e9 filho do vereador Aguinaldo Galv\u00e3o e da professora Leninha Guerreiro Galv\u00e3o. \u00c9 graduado em direito pelo Centro Universit\u00e1rio Toledo, de Presidente Prudente e cursou p\u00f3s gradua\u00e7\u00e3o em ci\u00eancias criminais pela Universidade Anhanguera.<\/p>\n<p style=\"font-weight: 400\">O adamantinense iIngressou na Pol\u00edcia Civil em 2016, como delegado de pol\u00edcia, atualmente lotado em Pirapozinho, com destacada atua\u00e7\u00e3o na \u00e1rea do Departamento de Pol\u00edcia Judici\u00e1ria de S\u00e3o Paulo Interior (Deinter 8) de Presidente Prudente. Tamb\u00e9m \u00e9 professor na Academia de Pol\u00edcia Civil de S\u00e3o Paulo (Acadepol), na \u00e1rea de criminologia.<\/p>\n<p style=\"font-weight: 400\">Sua atua\u00e7\u00e3o profissional tem sido reconhecida regionalmente pela sociedade civil e institui\u00e7\u00f5es p\u00fablicas. Em agosto do ano passado recebeu o t\u00edtulo de \u201cCidad\u00e3o Pirapozense\u201d e em dezembro o t\u00edtulo de \u201cCidad\u00e3o Tarabaiense\u201d, ambos conferidos pela C\u00e2mara Municipal das duas cidades.<\/p>\n<p>&nbsp;<\/p>\n<p>Fonte: Siga Mais<\/p>\n","protected":false},"excerpt":{"rendered":"<p>Adamantinense \u00e9 delegado na Pol\u00edcia Civil de SP e agora vivencia nova oportunidade profissional. Aos 32 anos, o adamantinense Rafael Guerreiro Galv\u00e3o, delegado da Pol\u00edcia Civil do Estado de S\u00e3o Paulo, lotado em Pirapozinho, foi aprovado em concurso p\u00fablico para promotor de justi\u00e7a no Minist\u00e9rio P\u00fablico do Cear\u00e1. A divulga\u00e7\u00e3o do resultado final do concurso [&hellip;]<\/p>\n","protected":false},"author":13,"featured_media":55348,"comment_status":"closed","ping_status":"open","sticky":false,"template":"","format":"standard","meta":{"_acf_changed":false,"_exactmetrics_skip_tracking":false,"_exactmetrics_sitenote_active":false,"_exactmetrics_sitenote_note":"","_exactmetrics_sitenote_category":0,"footnotes":""},"categories":[21],"tags":[],"class_list":["post-55347","post","type-post","status-publish","format-standard","has-post-thumbnail","hentry","category-adamantina"],"acf":[],"yoast_head":"<!-- This site is optimized with the Yoast SEO plugin v27.2 - https:\/\/yoast.com\/product\/yoast-seo-wordpress\/ -->\n<title>De Adamantina, Rafael Galv\u00e3o \u00e9 aprovado em concurso p\u00fablico para promotor no MP do Cear\u00e1 - R\u00e1dio Life FM<\/title>\n<meta name=\"robots\" content=\"index, follow, max-snippet:-1, max-image-preview:large, max-video-preview:-1\" \/>\n<link rel=\"canonical\" href=\"https:\/\/radiolifefm.com.br\/noticias\/de-adamantina-rafael-galvao-e-aprovado-em-concurso-publico-para-promotor-no-mp-do-ceara\/\" \/>\n<meta property=\"og:locale\" content=\"pt_BR\" \/>\n<meta property=\"og:type\" content=\"article\" \/>\n<meta property=\"og:title\" content=\"De Adamantina, Rafael Galv\u00e3o \u00e9 aprovado em concurso p\u00fablico para promotor no MP do Cear\u00e1 - R\u00e1dio Life FM\" \/>\n<meta property=\"og:description\" content=\"Adamantinense \u00e9 delegado na Pol\u00edcia Civil de SP e agora vivencia nova oportunidade profissional. Aos 32 anos, o adamantinense Rafael Guerreiro Galv\u00e3o, delegado da Pol\u00edcia Civil do Estado de S\u00e3o Paulo, lotado em Pirapozinho, foi aprovado em concurso p\u00fablico para promotor de justi\u00e7a no Minist\u00e9rio P\u00fablico do Cear\u00e1. A divulga\u00e7\u00e3o do resultado final do concurso [&hellip;]\" \/>\n<meta property=\"og:url\" content=\"https:\/\/radiolifefm.com.br\/noticias\/de-adamantina-rafael-galvao-e-aprovado-em-concurso-publico-para-promotor-no-mp-do-ceara\/\" \/>\n<meta property=\"og:site_name\" content=\"R\u00e1dio Life FM\" \/>\n<meta property=\"article:publisher\" content=\"https:\/\/www.facebook.com\/radiolifefm\/\" \/>\n<meta property=\"article:published_time\" content=\"2022-07-01T18:17:40+00:00\" \/>\n<meta property=\"article:modified_time\" content=\"2026-04-24T00:07:19+00:00\" \/>\n<meta property=\"og:image\" content=\"https:\/\/radiolifefm.com.br\/noticias\/wp-content\/uploads\/2022\/07\/1200190263338365679502282231229815805430237njpg165668382862befd34caa44.jpg\" \/>\n\t<meta property=\"og:image:width\" content=\"600\" \/>\n\t<meta property=\"og:image:height\" content=\"337\" \/>\n\t<meta property=\"og:image:type\" content=\"image\/jpeg\" \/>\n<meta name=\"author\" content=\"ritanery\" \/>\n<meta name=\"twitter:card\" content=\"summary_large_image\" \/>\n<meta name=\"twitter:label1\" content=\"Escrito por\" \/>\n\t<meta name=\"twitter:data1\" content=\"ritanery\" \/>\n\t<meta name=\"twitter:label2\" content=\"Est. tempo de leitura\" \/>\n\t<meta name=\"twitter:data2\" content=\"2 minutos\" \/>\n<script type=\"application\/ld+json\" class=\"yoast-schema-graph\">{\"@context\":\"https:\/\/schema.org\",\"@graph\":[{\"@type\":\"Article\",\"@id\":\"https:\/\/radiolifefm.com.br\/noticias\/de-adamantina-rafael-galvao-e-aprovado-em-concurso-publico-para-promotor-no-mp-do-ceara\/#article\",\"isPartOf\":{\"@id\":\"https:\/\/radiolifefm.com.br\/noticias\/de-adamantina-rafael-galvao-e-aprovado-em-concurso-publico-para-promotor-no-mp-do-ceara\/\"},\"author\":{\"name\":\"ritanery\",\"@id\":\"https:\/\/radiolifefm.com.br\/noticias\/#\/schema\/person\/6339b9fac59d12b071dec680d7375d87\"},\"headline\":\"De Adamantina, Rafael Galv\u00e3o \u00e9 aprovado em concurso p\u00fablico para promotor no MP do Cear\u00e1\",\"datePublished\":\"2022-07-01T18:17:40+00:00\",\"dateModified\":\"2026-04-24T00:07:19+00:00\",\"mainEntityOfPage\":{\"@id\":\"https:\/\/radiolifefm.com.br\/noticias\/de-adamantina-rafael-galvao-e-aprovado-em-concurso-publico-para-promotor-no-mp-do-ceara\/\"},\"wordCount\":248,\"publisher\":{\"@id\":\"https:\/\/radiolifefm.com.br\/noticias\/#organization\"},\"image\":{\"@id\":\"https:\/\/radiolifefm.com.br\/noticias\/de-adamantina-rafael-galvao-e-aprovado-em-concurso-publico-para-promotor-no-mp-do-ceara\/#primaryimage\"},\"thumbnailUrl\":\"https:\/\/radiolifefm.com.br\/noticias\/wp-content\/uploads\/2022\/07\/1200190263338365679502282231229815805430237njpg165668382862befd34caa44.jpg\",\"articleSection\":[\"Adamantina\"],\"inLanguage\":\"pt-BR\"},{\"@type\":\"WebPage\",\"@id\":\"https:\/\/radiolifefm.com.br\/noticias\/de-adamantina-rafael-galvao-e-aprovado-em-concurso-publico-para-promotor-no-mp-do-ceara\/\",\"url\":\"https:\/\/radiolifefm.com.br\/noticias\/de-adamantina-rafael-galvao-e-aprovado-em-concurso-publico-para-promotor-no-mp-do-ceara\/\",\"name\":\"De Adamantina, Rafael Galv\u00e3o \u00e9 aprovado em concurso p\u00fablico para promotor no MP do Cear\u00e1 - R\u00e1dio Life FM\",\"isPartOf\":{\"@id\":\"https:\/\/radiolifefm.com.br\/noticias\/#website\"},\"primaryImageOfPage\":{\"@id\":\"https:\/\/radiolifefm.com.br\/noticias\/de-adamantina-rafael-galvao-e-aprovado-em-concurso-publico-para-promotor-no-mp-do-ceara\/#primaryimage\"},\"image\":{\"@id\":\"https:\/\/radiolifefm.com.br\/noticias\/de-adamantina-rafael-galvao-e-aprovado-em-concurso-publico-para-promotor-no-mp-do-ceara\/#primaryimage\"},\"thumbnailUrl\":\"https:\/\/radiolifefm.com.br\/noticias\/wp-content\/uploads\/2022\/07\/1200190263338365679502282231229815805430237njpg165668382862befd34caa44.jpg\",\"datePublished\":\"2022-07-01T18:17:40+00:00\",\"dateModified\":\"2026-04-24T00:07:19+00:00\",\"breadcrumb\":{\"@id\":\"https:\/\/radiolifefm.com.br\/noticias\/de-adamantina-rafael-galvao-e-aprovado-em-concurso-publico-para-promotor-no-mp-do-ceara\/#breadcrumb\"},\"inLanguage\":\"pt-BR\",\"potentialAction\":[{\"@type\":\"ReadAction\",\"target\":[\"https:\/\/radiolifefm.com.br\/noticias\/de-adamantina-rafael-galvao-e-aprovado-em-concurso-publico-para-promotor-no-mp-do-ceara\/\"]}]},{\"@type\":\"ImageObject\",\"inLanguage\":\"pt-BR\",\"@id\":\"https:\/\/radiolifefm.com.br\/noticias\/de-adamantina-rafael-galvao-e-aprovado-em-concurso-publico-para-promotor-no-mp-do-ceara\/#primaryimage\",\"url\":\"https:\/\/radiolifefm.com.br\/noticias\/wp-content\/uploads\/2022\/07\/1200190263338365679502282231229815805430237njpg165668382862befd34caa44.jpg\",\"contentUrl\":\"https:\/\/radiolifefm.com.br\/noticias\/wp-content\/uploads\/2022\/07\/1200190263338365679502282231229815805430237njpg165668382862befd34caa44.jpg\",\"width\":600,\"height\":337,\"caption\":\"O delegado de pol\u00edcia Rafael Galv\u00e3o \u00e9 aprovado em concurso para promotor de justi\u00e7a no Cear\u00e1\"},{\"@type\":\"BreadcrumbList\",\"@id\":\"https:\/\/radiolifefm.com.br\/noticias\/de-adamantina-rafael-galvao-e-aprovado-em-concurso-publico-para-promotor-no-mp-do-ceara\/#breadcrumb\",\"itemListElement\":[{\"@type\":\"ListItem\",\"position\":1,\"name\":\"In\u00edcio\",\"item\":\"https:\/\/radiolifefm.com.br\/noticias\/\"},{\"@type\":\"ListItem\",\"position\":2,\"name\":\"De Adamantina, Rafael Galv\u00e3o \u00e9 aprovado em concurso p\u00fablico para promotor no MP do Cear\u00e1\"}]},{\"@type\":\"WebSite\",\"@id\":\"https:\/\/radiolifefm.com.br\/noticias\/#website\",\"url\":\"https:\/\/radiolifefm.com.br\/noticias\/\",\"name\":\"R\u00e1dio Life FM\",\"description\":\"O Portal de Not\u00edcias de Adamantina\",\"publisher\":{\"@id\":\"https:\/\/radiolifefm.com.br\/noticias\/#organization\"},\"alternateName\":\"Life FM\",\"potentialAction\":[{\"@type\":\"SearchAction\",\"target\":{\"@type\":\"EntryPoint\",\"urlTemplate\":\"https:\/\/radiolifefm.com.br\/noticias\/?s={search_term_string}\"},\"query-input\":{\"@type\":\"PropertyValueSpecification\",\"valueRequired\":true,\"valueName\":\"search_term_string\"}}],\"inLanguage\":\"pt-BR\"},{\"@type\":\"Organization\",\"@id\":\"https:\/\/radiolifefm.com.br\/noticias\/#organization\",\"name\":\"R\u00e1dio Life FM\",\"alternateName\":\"Life FM\",\"url\":\"https:\/\/radiolifefm.com.br\/noticias\/\",\"logo\":{\"@type\":\"ImageObject\",\"inLanguage\":\"pt-BR\",\"@id\":\"https:\/\/radiolifefm.com.br\/noticias\/#\/schema\/logo\/image\/\",\"url\":\"https:\/\/static.radiolifefm.com.br\/noticias\/wp-content\/uploads\/2019\/10\/logo-lifefm.png\",\"contentUrl\":\"https:\/\/static.radiolifefm.com.br\/noticias\/wp-content\/uploads\/2019\/10\/logo-lifefm.png\",\"width\":196,\"height\":47,\"caption\":\"R\u00e1dio Life FM\"},\"image\":{\"@id\":\"https:\/\/radiolifefm.com.br\/noticias\/#\/schema\/logo\/image\/\"},\"sameAs\":[\"https:\/\/www.facebook.com\/radiolifefm\/\",\"https:\/\/www.instagram.com\/life1079fm\/\"]},{\"@type\":\"Person\",\"@id\":\"https:\/\/radiolifefm.com.br\/noticias\/#\/schema\/person\/6339b9fac59d12b071dec680d7375d87\",\"name\":\"ritanery\",\"image\":{\"@type\":\"ImageObject\",\"inLanguage\":\"pt-BR\",\"@id\":\"https:\/\/secure.gravatar.com\/avatar\/0e37bb19071f47c0b8a23f62a903df117c5a0e75f65a0c2901562f97cd41cf86?s=96&d=mm&r=g\",\"url\":\"https:\/\/secure.gravatar.com\/avatar\/0e37bb19071f47c0b8a23f62a903df117c5a0e75f65a0c2901562f97cd41cf86?s=96&d=mm&r=g\",\"contentUrl\":\"https:\/\/secure.gravatar.com\/avatar\/0e37bb19071f47c0b8a23f62a903df117c5a0e75f65a0c2901562f97cd41cf86?s=96&d=mm&r=g\",\"caption\":\"ritanery\"}}]}<\/script>\n<!-- \/ Yoast SEO plugin. -->","yoast_head_json":{"title":"De Adamantina, Rafael Galv\u00e3o \u00e9 aprovado em concurso p\u00fablico para promotor no MP do Cear\u00e1 - R\u00e1dio Life FM","robots":{"index":"index","follow":"follow","max-snippet":"max-snippet:-1","max-image-preview":"max-image-preview:large","max-video-preview":"max-video-preview:-1"},"canonical":"https:\/\/radiolifefm.com.br\/noticias\/de-adamantina-rafael-galvao-e-aprovado-em-concurso-publico-para-promotor-no-mp-do-ceara\/","og_locale":"pt_BR","og_type":"article","og_title":"De Adamantina, Rafael Galv\u00e3o \u00e9 aprovado em concurso p\u00fablico para promotor no MP do Cear\u00e1 - R\u00e1dio Life FM","og_description":"Adamantinense \u00e9 delegado na Pol\u00edcia Civil de SP e agora vivencia nova oportunidade profissional. Aos 32 anos, o adamantinense Rafael Guerreiro Galv\u00e3o, delegado da Pol\u00edcia Civil do Estado de S\u00e3o Paulo, lotado em Pirapozinho, foi aprovado em concurso p\u00fablico para promotor de justi\u00e7a no Minist\u00e9rio P\u00fablico do Cear\u00e1. A divulga\u00e7\u00e3o do resultado final do concurso [&hellip;]","og_url":"https:\/\/radiolifefm.com.br\/noticias\/de-adamantina-rafael-galvao-e-aprovado-em-concurso-publico-para-promotor-no-mp-do-ceara\/","og_site_name":"R\u00e1dio Life FM","article_publisher":"https:\/\/www.facebook.com\/radiolifefm\/","article_published_time":"2022-07-01T18:17:40+00:00","article_modified_time":"2026-04-24T00:07:19+00:00","og_image":[{"width":600,"height":337,"url":"https:\/\/radiolifefm.com.br\/noticias\/wp-content\/uploads\/2022\/07\/1200190263338365679502282231229815805430237njpg165668382862befd34caa44.jpg","type":"image\/jpeg"}],"author":"ritanery","twitter_card":"summary_large_image","twitter_misc":{"Escrito por":"ritanery","Est. tempo de leitura":"2 minutos"},"schema":{"@context":"https:\/\/schema.org","@graph":[{"@type":"Article","@id":"https:\/\/radiolifefm.com.br\/noticias\/de-adamantina-rafael-galvao-e-aprovado-em-concurso-publico-para-promotor-no-mp-do-ceara\/#article","isPartOf":{"@id":"https:\/\/radiolifefm.com.br\/noticias\/de-adamantina-rafael-galvao-e-aprovado-em-concurso-publico-para-promotor-no-mp-do-ceara\/"},"author":{"name":"ritanery","@id":"https:\/\/radiolifefm.com.br\/noticias\/#\/schema\/person\/6339b9fac59d12b071dec680d7375d87"},"headline":"De Adamantina, Rafael Galv\u00e3o \u00e9 aprovado em concurso p\u00fablico para promotor no MP do Cear\u00e1","datePublished":"2022-07-01T18:17:40+00:00","dateModified":"2026-04-24T00:07:19+00:00","mainEntityOfPage":{"@id":"https:\/\/radiolifefm.com.br\/noticias\/de-adamantina-rafael-galvao-e-aprovado-em-concurso-publico-para-promotor-no-mp-do-ceara\/"},"wordCount":248,"publisher":{"@id":"https:\/\/radiolifefm.com.br\/noticias\/#organization"},"image":{"@id":"https:\/\/radiolifefm.com.br\/noticias\/de-adamantina-rafael-galvao-e-aprovado-em-concurso-publico-para-promotor-no-mp-do-ceara\/#primaryimage"},"thumbnailUrl":"https:\/\/radiolifefm.com.br\/noticias\/wp-content\/uploads\/2022\/07\/1200190263338365679502282231229815805430237njpg165668382862befd34caa44.jpg","articleSection":["Adamantina"],"inLanguage":"pt-BR"},{"@type":"WebPage","@id":"https:\/\/radiolifefm.com.br\/noticias\/de-adamantina-rafael-galvao-e-aprovado-em-concurso-publico-para-promotor-no-mp-do-ceara\/","url":"https:\/\/radiolifefm.com.br\/noticias\/de-adamantina-rafael-galvao-e-aprovado-em-concurso-publico-para-promotor-no-mp-do-ceara\/","name":"De Adamantina, Rafael Galv\u00e3o \u00e9 aprovado em concurso p\u00fablico para promotor no MP do Cear\u00e1 - R\u00e1dio Life FM","isPartOf":{"@id":"https:\/\/radiolifefm.com.br\/noticias\/#website"},"primaryImageOfPage":{"@id":"https:\/\/radiolifefm.com.br\/noticias\/de-adamantina-rafael-galvao-e-aprovado-em-concurso-publico-para-promotor-no-mp-do-ceara\/#primaryimage"},"image":{"@id":"https:\/\/radiolifefm.com.br\/noticias\/de-adamantina-rafael-galvao-e-aprovado-em-concurso-publico-para-promotor-no-mp-do-ceara\/#primaryimage"},"thumbnailUrl":"https:\/\/radiolifefm.com.br\/noticias\/wp-content\/uploads\/2022\/07\/1200190263338365679502282231229815805430237njpg165668382862befd34caa44.jpg","datePublished":"2022-07-01T18:17:40+00:00","dateModified":"2026-04-24T00:07:19+00:00","breadcrumb":{"@id":"https:\/\/radiolifefm.com.br\/noticias\/de-adamantina-rafael-galvao-e-aprovado-em-concurso-publico-para-promotor-no-mp-do-ceara\/#breadcrumb"},"inLanguage":"pt-BR","potentialAction":[{"@type":"ReadAction","target":["https:\/\/radiolifefm.com.br\/noticias\/de-adamantina-rafael-galvao-e-aprovado-em-concurso-publico-para-promotor-no-mp-do-ceara\/"]}]},{"@type":"ImageObject","inLanguage":"pt-BR","@id":"https:\/\/radiolifefm.com.br\/noticias\/de-adamantina-rafael-galvao-e-aprovado-em-concurso-publico-para-promotor-no-mp-do-ceara\/#primaryimage","url":"https:\/\/radiolifefm.com.br\/noticias\/wp-content\/uploads\/2022\/07\/1200190263338365679502282231229815805430237njpg165668382862befd34caa44.jpg","contentUrl":"https:\/\/radiolifefm.com.br\/noticias\/wp-content\/uploads\/2022\/07\/1200190263338365679502282231229815805430237njpg165668382862befd34caa44.jpg","width":600,"height":337,"caption":"O delegado de pol\u00edcia Rafael Galv\u00e3o \u00e9 aprovado em concurso para promotor de justi\u00e7a no Cear\u00e1"},{"@type":"BreadcrumbList","@id":"https:\/\/radiolifefm.com.br\/noticias\/de-adamantina-rafael-galvao-e-aprovado-em-concurso-publico-para-promotor-no-mp-do-ceara\/#breadcrumb","itemListElement":[{"@type":"ListItem","position":1,"name":"In\u00edcio","item":"https:\/\/radiolifefm.com.br\/noticias\/"},{"@type":"ListItem","position":2,"name":"De Adamantina, Rafael Galv\u00e3o \u00e9 aprovado em concurso p\u00fablico para promotor no MP do Cear\u00e1"}]},{"@type":"WebSite","@id":"https:\/\/radiolifefm.com.br\/noticias\/#website","url":"https:\/\/radiolifefm.com.br\/noticias\/","name":"R\u00e1dio Life FM","description":"O Portal de Not\u00edcias de Adamantina","publisher":{"@id":"https:\/\/radiolifefm.com.br\/noticias\/#organization"},"alternateName":"Life FM","potentialAction":[{"@type":"SearchAction","target":{"@type":"EntryPoint","urlTemplate":"https:\/\/radiolifefm.com.br\/noticias\/?s={search_term_string}"},"query-input":{"@type":"PropertyValueSpecification","valueRequired":true,"valueName":"search_term_string"}}],"inLanguage":"pt-BR"},{"@type":"Organization","@id":"https:\/\/radiolifefm.com.br\/noticias\/#organization","name":"R\u00e1dio Life FM","alternateName":"Life FM","url":"https:\/\/radiolifefm.com.br\/noticias\/","logo":{"@type":"ImageObject","inLanguage":"pt-BR","@id":"https:\/\/radiolifefm.com.br\/noticias\/#\/schema\/logo\/image\/","url":"https:\/\/static.radiolifefm.com.br\/noticias\/wp-content\/uploads\/2019\/10\/logo-lifefm.png","contentUrl":"https:\/\/static.radiolifefm.com.br\/noticias\/wp-content\/uploads\/2019\/10\/logo-lifefm.png","width":196,"height":47,"caption":"R\u00e1dio Life FM"},"image":{"@id":"https:\/\/radiolifefm.com.br\/noticias\/#\/schema\/logo\/image\/"},"sameAs":["https:\/\/www.facebook.com\/radiolifefm\/","https:\/\/www.instagram.com\/life1079fm\/"]},{"@type":"Person","@id":"https:\/\/radiolifefm.com.br\/noticias\/#\/schema\/person\/6339b9fac59d12b071dec680d7375d87","name":"ritanery","image":{"@type":"ImageObject","inLanguage":"pt-BR","@id":"https:\/\/secure.gravatar.com\/avatar\/0e37bb19071f47c0b8a23f62a903df117c5a0e75f65a0c2901562f97cd41cf86?s=96&d=mm&r=g","url":"https:\/\/secure.gravatar.com\/avatar\/0e37bb19071f47c0b8a23f62a903df117c5a0e75f65a0c2901562f97cd41cf86?s=96&d=mm&r=g","contentUrl":"https:\/\/secure.gravatar.com\/avatar\/0e37bb19071f47c0b8a23f62a903df117c5a0e75f65a0c2901562f97cd41cf86?s=96&d=mm&r=g","caption":"ritanery"}}]}},"amp_enabled":true,"_links":{"self":[{"href":"https:\/\/radiolifefm.com.br\/noticias\/wp-json\/wp\/v2\/posts\/55347","targetHints":{"allow":["GET"]}}],"collection":[{"href":"https:\/\/radiolifefm.com.br\/noticias\/wp-json\/wp\/v2\/posts"}],"about":[{"href":"https:\/\/radiolifefm.com.br\/noticias\/wp-json\/wp\/v2\/types\/post"}],"author":[{"embeddable":true,"href":"https:\/\/radiolifefm.com.br\/noticias\/wp-json\/wp\/v2\/users\/13"}],"replies":[{"embeddable":true,"href":"https:\/\/radiolifefm.com.br\/noticias\/wp-json\/wp\/v2\/comments?post=55347"}],"version-history":[{"count":3,"href":"https:\/\/radiolifefm.com.br\/noticias\/wp-json\/wp\/v2\/posts\/55347\/revisions"}],"predecessor-version":[{"id":55351,"href":"https:\/\/radiolifefm.com.br\/noticias\/wp-json\/wp\/v2\/posts\/55347\/revisions\/55351"}],"wp:featuredmedia":[{"embeddable":true,"href":"https:\/\/radiolifefm.com.br\/noticias\/wp-json\/wp\/v2\/media\/55348"}],"wp:attachment":[{"href":"https:\/\/radiolifefm.com.br\/noticias\/wp-json\/wp\/v2\/media?parent=55347"}],"wp:term":[{"taxonomy":"category","embeddable":true,"href":"https:\/\/radiolifefm.com.br\/noticias\/wp-json\/wp\/v2\/categories?post=55347"},{"taxonomy":"post_tag","embeddable":true,"href":"https:\/\/radiolifefm.com.br\/noticias\/wp-json\/wp\/v2\/tags?post=55347"}],"curies":[{"name":"wp","href":"https:\/\/api.w.org\/{rel}","templated":true}]}}