{"id":55323,"date":"2022-07-01T10:43:07","date_gmt":"2022-07-01T13:43:07","guid":{"rendered":"https:\/\/radiolifefm.com.br\/noticias\/?p=55323"},"modified":"2025-11-16T07:31:35","modified_gmt":"2025-11-16T10:31:35","slug":"prefeitura-de-adamantina-divulga-selecionados-para-o-programa-bolsa-trabalho-2","status":"publish","type":"post","link":"https:\/\/radiolifefm.com.br\/noticias\/prefeitura-de-adamantina-divulga-selecionados-para-o-programa-bolsa-trabalho-2\/","title":{"rendered":"Prefeitura de Adamantina divulga selecionados para o Programa Bolsa Trabalho"},"content":{"rendered":"<div id=\"fb-root\"><\/div>\n<p style=\"font-weight: 400\">Vencido o per\u00edodo de inscri\u00e7\u00f5es, a Prefeitura de Adamantina, por meio da Secretaria de Desenvolvimento Econ\u00f4mico, informa que foram selecionadas pelo Governo do Estado de S\u00e3o Paulo, 80 pessoas, por meio do Programa Bolsa Trabalho, que \u00e9 uma iniciativa que consiste na destina\u00e7\u00e3o de bolsas para a popula\u00e7\u00e3o desempregada.<\/p>\n<p style=\"font-weight: 400\">Os selecionados devem comparecer na Secretaria de Assist\u00eancia Social para assinar o termo de ades\u00e3o munidos de documentos pessoais e c\u00f3pia, comprovante de endere\u00e7o original e c\u00f3pia e ainda, carteira de trabalho at\u00e9 o dia 07 de julho \u00e0s 11h.<\/p>\n<p style=\"font-weight: 400\">A Secretaria de Assist\u00eancia Social funciona na Alameda Armando Salles de Oliveira, 367. Centro.<\/p>\n<p style=\"font-weight: 400\"><strong>Sobre o Programa<\/strong><\/p>\n<p style=\"font-weight: 400\">O mun\u00edcipe selecionado receber\u00e1 R$540,00 por cinco meses para desempenhar atividades de trabalho por 4 horas di\u00e1rias, 5 dias por semana e ainda, participar\u00e3o de curso de qualifica\u00e7\u00e3o profissional e apoio \u00e0 empregabilidade.<\/p>\n<p style=\"font-weight: 400\">Al\u00e9m de trabalhar, o cidad\u00e3o ter\u00e1 cursos dispon\u00edveis nas \u00e1reas de Auxiliar de Controle de Produ\u00e7\u00e3o e Estoque; Gest\u00e3o Administrativa; Gest\u00e3o de Pessoas; Organiza\u00e7\u00e3o de Eventos; Rotinas, Servi\u00e7os Administrativos e Secretariado e Recep\u00e7\u00e3o.<\/p>\n<p style=\"font-weight: 400\">A lista com os selecionados est\u00e1 dispon\u00edvel em\u00a0<a href=\"http:\/\/www.adamantina.sp.gov.br\/\" data-saferedirecturl=\"https:\/\/www.google.com\/url?q=http:\/\/www.adamantina.sp.gov.br&amp;source=gmail&amp;ust=1656769328707000&amp;usg=AOvVaw2LBxIs1GH0pfew54JBHRwe\">www.adamantina.sp.gov.br<\/a><\/p>\n<p>&nbsp;<\/p>\n<p>Fonte: Assessoria de Imprensa<\/p>\n","protected":false},"excerpt":{"rendered":"<p>Vencido o per\u00edodo de inscri\u00e7\u00f5es, a Prefeitura de Adamantina, por meio da Secretaria de Desenvolvimento Econ\u00f4mico, informa que foram selecionadas pelo Governo do Estado de S\u00e3o Paulo, 80 pessoas, por meio do Programa Bolsa Trabalho, que \u00e9 uma iniciativa que consiste na destina\u00e7\u00e3o de bolsas para a popula\u00e7\u00e3o desempregada. Os selecionados devem comparecer na Secretaria [&hellip;]<\/p>\n","protected":false},"author":13,"featured_media":54295,"comment_status":"closed","ping_status":"open","sticky":false,"template":"","format":"standard","meta":{"_acf_changed":false,"_exactmetrics_skip_tracking":false,"_exactmetrics_sitenote_active":false,"_exactmetrics_sitenote_note":"","_exactmetrics_sitenote_category":0,"footnotes":""},"categories":[21],"tags":[],"class_list":["post-55323","post","type-post","status-publish","format-standard","has-post-thumbnail","hentry","category-adamantina"],"acf":[],"yoast_head":"<!-- This site is optimized with the Yoast SEO plugin v27.2 - https:\/\/yoast.com\/product\/yoast-seo-wordpress\/ -->\n<title>Prefeitura de Adamantina divulga selecionados para o Programa Bolsa Trabalho - R\u00e1dio Life FM<\/title>\n<meta name=\"robots\" content=\"index, follow, max-snippet:-1, max-image-preview:large, max-video-preview:-1\" \/>\n<link rel=\"canonical\" href=\"https:\/\/radiolifefm.com.br\/noticias\/prefeitura-de-adamantina-divulga-selecionados-para-o-programa-bolsa-trabalho-2\/\" \/>\n<meta property=\"og:locale\" content=\"pt_BR\" \/>\n<meta property=\"og:type\" content=\"article\" \/>\n<meta property=\"og:title\" content=\"Prefeitura de Adamantina divulga selecionados para o Programa Bolsa Trabalho - R\u00e1dio Life FM\" \/>\n<meta property=\"og:description\" content=\"Vencido o per\u00edodo de inscri\u00e7\u00f5es, a Prefeitura de Adamantina, por meio da Secretaria de Desenvolvimento Econ\u00f4mico, informa que foram selecionadas pelo Governo do Estado de S\u00e3o Paulo, 80 pessoas, por meio do Programa Bolsa Trabalho, que \u00e9 uma iniciativa que consiste na destina\u00e7\u00e3o de bolsas para a popula\u00e7\u00e3o desempregada. Os selecionados devem comparecer na Secretaria [&hellip;]\" \/>\n<meta property=\"og:url\" content=\"https:\/\/radiolifefm.com.br\/noticias\/prefeitura-de-adamantina-divulga-selecionados-para-o-programa-bolsa-trabalho-2\/\" \/>\n<meta property=\"og:site_name\" content=\"R\u00e1dio Life FM\" \/>\n<meta property=\"article:publisher\" content=\"https:\/\/www.facebook.com\/radiolifefm\/\" \/>\n<meta property=\"article:published_time\" content=\"2022-07-01T13:43:07+00:00\" \/>\n<meta property=\"article:modified_time\" content=\"2025-11-16T10:31:35+00:00\" \/>\n<meta property=\"og:image\" content=\"https:\/\/static.radiolifefm.com.br\/noticias\/wp-content\/uploads\/2022\/06\/download.jpg\" \/>\n\t<meta property=\"og:image:width\" content=\"275\" \/>\n\t<meta property=\"og:image:height\" content=\"183\" \/>\n\t<meta property=\"og:image:type\" content=\"image\/jpeg\" \/>\n<meta name=\"author\" content=\"ritanery\" \/>\n<meta name=\"twitter:card\" content=\"summary_large_image\" \/>\n<meta name=\"twitter:label1\" content=\"Escrito por\" \/>\n\t<meta name=\"twitter:data1\" content=\"ritanery\" \/>\n\t<meta name=\"twitter:label2\" content=\"Est. tempo de leitura\" \/>\n\t<meta name=\"twitter:data2\" content=\"2 minutos\" \/>\n<script type=\"application\/ld+json\" class=\"yoast-schema-graph\">{\"@context\":\"https:\/\/schema.org\",\"@graph\":[{\"@type\":\"Article\",\"@id\":\"https:\/\/radiolifefm.com.br\/noticias\/prefeitura-de-adamantina-divulga-selecionados-para-o-programa-bolsa-trabalho-2\/#article\",\"isPartOf\":{\"@id\":\"https:\/\/radiolifefm.com.br\/noticias\/prefeitura-de-adamantina-divulga-selecionados-para-o-programa-bolsa-trabalho-2\/\"},\"author\":{\"name\":\"ritanery\",\"@id\":\"https:\/\/radiolifefm.com.br\/noticias\/#\/schema\/person\/6339b9fac59d12b071dec680d7375d87\"},\"headline\":\"Prefeitura de Adamantina divulga selecionados para o Programa Bolsa Trabalho\",\"datePublished\":\"2022-07-01T13:43:07+00:00\",\"dateModified\":\"2025-11-16T10:31:35+00:00\",\"mainEntityOfPage\":{\"@id\":\"https:\/\/radiolifefm.com.br\/noticias\/prefeitura-de-adamantina-divulga-selecionados-para-o-programa-bolsa-trabalho-2\/\"},\"wordCount\":219,\"publisher\":{\"@id\":\"https:\/\/radiolifefm.com.br\/noticias\/#organization\"},\"image\":{\"@id\":\"https:\/\/radiolifefm.com.br\/noticias\/prefeitura-de-adamantina-divulga-selecionados-para-o-programa-bolsa-trabalho-2\/#primaryimage\"},\"thumbnailUrl\":\"https:\/\/radiolifefm.com.br\/noticias\/wp-content\/uploads\/2022\/06\/download.jpg\",\"articleSection\":[\"Adamantina\"],\"inLanguage\":\"pt-BR\"},{\"@type\":\"WebPage\",\"@id\":\"https:\/\/radiolifefm.com.br\/noticias\/prefeitura-de-adamantina-divulga-selecionados-para-o-programa-bolsa-trabalho-2\/\",\"url\":\"https:\/\/radiolifefm.com.br\/noticias\/prefeitura-de-adamantina-divulga-selecionados-para-o-programa-bolsa-trabalho-2\/\",\"name\":\"Prefeitura de Adamantina divulga selecionados para o Programa Bolsa Trabalho - R\u00e1dio Life FM\",\"isPartOf\":{\"@id\":\"https:\/\/radiolifefm.com.br\/noticias\/#website\"},\"primaryImageOfPage\":{\"@id\":\"https:\/\/radiolifefm.com.br\/noticias\/prefeitura-de-adamantina-divulga-selecionados-para-o-programa-bolsa-trabalho-2\/#primaryimage\"},\"image\":{\"@id\":\"https:\/\/radiolifefm.com.br\/noticias\/prefeitura-de-adamantina-divulga-selecionados-para-o-programa-bolsa-trabalho-2\/#primaryimage\"},\"thumbnailUrl\":\"https:\/\/radiolifefm.com.br\/noticias\/wp-content\/uploads\/2022\/06\/download.jpg\",\"datePublished\":\"2022-07-01T13:43:07+00:00\",\"dateModified\":\"2025-11-16T10:31:35+00:00\",\"breadcrumb\":{\"@id\":\"https:\/\/radiolifefm.com.br\/noticias\/prefeitura-de-adamantina-divulga-selecionados-para-o-programa-bolsa-trabalho-2\/#breadcrumb\"},\"inLanguage\":\"pt-BR\",\"potentialAction\":[{\"@type\":\"ReadAction\",\"target\":[\"https:\/\/radiolifefm.com.br\/noticias\/prefeitura-de-adamantina-divulga-selecionados-para-o-programa-bolsa-trabalho-2\/\"]}]},{\"@type\":\"ImageObject\",\"inLanguage\":\"pt-BR\",\"@id\":\"https:\/\/radiolifefm.com.br\/noticias\/prefeitura-de-adamantina-divulga-selecionados-para-o-programa-bolsa-trabalho-2\/#primaryimage\",\"url\":\"https:\/\/radiolifefm.com.br\/noticias\/wp-content\/uploads\/2022\/06\/download.jpg\",\"contentUrl\":\"https:\/\/radiolifefm.com.br\/noticias\/wp-content\/uploads\/2022\/06\/download.jpg\",\"width\":275,\"height\":183},{\"@type\":\"BreadcrumbList\",\"@id\":\"https:\/\/radiolifefm.com.br\/noticias\/prefeitura-de-adamantina-divulga-selecionados-para-o-programa-bolsa-trabalho-2\/#breadcrumb\",\"itemListElement\":[{\"@type\":\"ListItem\",\"position\":1,\"name\":\"In\u00edcio\",\"item\":\"https:\/\/radiolifefm.com.br\/noticias\/\"},{\"@type\":\"ListItem\",\"position\":2,\"name\":\"Prefeitura de Adamantina divulga selecionados para o Programa Bolsa Trabalho\"}]},{\"@type\":\"WebSite\",\"@id\":\"https:\/\/radiolifefm.com.br\/noticias\/#website\",\"url\":\"https:\/\/radiolifefm.com.br\/noticias\/\",\"name\":\"R\u00e1dio Life FM\",\"description\":\"O Portal de Not\u00edcias de Adamantina\",\"publisher\":{\"@id\":\"https:\/\/radiolifefm.com.br\/noticias\/#organization\"},\"alternateName\":\"Life FM\",\"potentialAction\":[{\"@type\":\"SearchAction\",\"target\":{\"@type\":\"EntryPoint\",\"urlTemplate\":\"https:\/\/radiolifefm.com.br\/noticias\/?s={search_term_string}\"},\"query-input\":{\"@type\":\"PropertyValueSpecification\",\"valueRequired\":true,\"valueName\":\"search_term_string\"}}],\"inLanguage\":\"pt-BR\"},{\"@type\":\"Organization\",\"@id\":\"https:\/\/radiolifefm.com.br\/noticias\/#organization\",\"name\":\"R\u00e1dio Life FM\",\"alternateName\":\"Life FM\",\"url\":\"https:\/\/radiolifefm.com.br\/noticias\/\",\"logo\":{\"@type\":\"ImageObject\",\"inLanguage\":\"pt-BR\",\"@id\":\"https:\/\/radiolifefm.com.br\/noticias\/#\/schema\/logo\/image\/\",\"url\":\"https:\/\/static.radiolifefm.com.br\/noticias\/wp-content\/uploads\/2019\/10\/logo-lifefm.png\",\"contentUrl\":\"https:\/\/static.radiolifefm.com.br\/noticias\/wp-content\/uploads\/2019\/10\/logo-lifefm.png\",\"width\":196,\"height\":47,\"caption\":\"R\u00e1dio Life FM\"},\"image\":{\"@id\":\"https:\/\/radiolifefm.com.br\/noticias\/#\/schema\/logo\/image\/\"},\"sameAs\":[\"https:\/\/www.facebook.com\/radiolifefm\/\",\"https:\/\/www.instagram.com\/life1079fm\/\"]},{\"@type\":\"Person\",\"@id\":\"https:\/\/radiolifefm.com.br\/noticias\/#\/schema\/person\/6339b9fac59d12b071dec680d7375d87\",\"name\":\"ritanery\",\"image\":{\"@type\":\"ImageObject\",\"inLanguage\":\"pt-BR\",\"@id\":\"https:\/\/secure.gravatar.com\/avatar\/0e37bb19071f47c0b8a23f62a903df117c5a0e75f65a0c2901562f97cd41cf86?s=96&d=mm&r=g\",\"url\":\"https:\/\/secure.gravatar.com\/avatar\/0e37bb19071f47c0b8a23f62a903df117c5a0e75f65a0c2901562f97cd41cf86?s=96&d=mm&r=g\",\"contentUrl\":\"https:\/\/secure.gravatar.com\/avatar\/0e37bb19071f47c0b8a23f62a903df117c5a0e75f65a0c2901562f97cd41cf86?s=96&d=mm&r=g\",\"caption\":\"ritanery\"}}]}<\/script>\n<!-- \/ Yoast SEO plugin. -->","yoast_head_json":{"title":"Prefeitura de Adamantina divulga selecionados para o Programa Bolsa Trabalho - R\u00e1dio Life FM","robots":{"index":"index","follow":"follow","max-snippet":"max-snippet:-1","max-image-preview":"max-image-preview:large","max-video-preview":"max-video-preview:-1"},"canonical":"https:\/\/radiolifefm.com.br\/noticias\/prefeitura-de-adamantina-divulga-selecionados-para-o-programa-bolsa-trabalho-2\/","og_locale":"pt_BR","og_type":"article","og_title":"Prefeitura de Adamantina divulga selecionados para o Programa Bolsa Trabalho - R\u00e1dio Life FM","og_description":"Vencido o per\u00edodo de inscri\u00e7\u00f5es, a Prefeitura de Adamantina, por meio da Secretaria de Desenvolvimento Econ\u00f4mico, informa que foram selecionadas pelo Governo do Estado de S\u00e3o Paulo, 80 pessoas, por meio do Programa Bolsa Trabalho, que \u00e9 uma iniciativa que consiste na destina\u00e7\u00e3o de bolsas para a popula\u00e7\u00e3o desempregada. Os selecionados devem comparecer na Secretaria [&hellip;]","og_url":"https:\/\/radiolifefm.com.br\/noticias\/prefeitura-de-adamantina-divulga-selecionados-para-o-programa-bolsa-trabalho-2\/","og_site_name":"R\u00e1dio Life FM","article_publisher":"https:\/\/www.facebook.com\/radiolifefm\/","article_published_time":"2022-07-01T13:43:07+00:00","article_modified_time":"2025-11-16T10:31:35+00:00","og_image":[{"width":275,"height":183,"url":"https:\/\/static.radiolifefm.com.br\/noticias\/wp-content\/uploads\/2022\/06\/download.jpg","type":"image\/jpeg"}],"author":"ritanery","twitter_card":"summary_large_image","twitter_misc":{"Escrito por":"ritanery","Est. tempo de leitura":"2 minutos"},"schema":{"@context":"https:\/\/schema.org","@graph":[{"@type":"Article","@id":"https:\/\/radiolifefm.com.br\/noticias\/prefeitura-de-adamantina-divulga-selecionados-para-o-programa-bolsa-trabalho-2\/#article","isPartOf":{"@id":"https:\/\/radiolifefm.com.br\/noticias\/prefeitura-de-adamantina-divulga-selecionados-para-o-programa-bolsa-trabalho-2\/"},"author":{"name":"ritanery","@id":"https:\/\/radiolifefm.com.br\/noticias\/#\/schema\/person\/6339b9fac59d12b071dec680d7375d87"},"headline":"Prefeitura de Adamantina divulga selecionados para o Programa Bolsa Trabalho","datePublished":"2022-07-01T13:43:07+00:00","dateModified":"2025-11-16T10:31:35+00:00","mainEntityOfPage":{"@id":"https:\/\/radiolifefm.com.br\/noticias\/prefeitura-de-adamantina-divulga-selecionados-para-o-programa-bolsa-trabalho-2\/"},"wordCount":219,"publisher":{"@id":"https:\/\/radiolifefm.com.br\/noticias\/#organization"},"image":{"@id":"https:\/\/radiolifefm.com.br\/noticias\/prefeitura-de-adamantina-divulga-selecionados-para-o-programa-bolsa-trabalho-2\/#primaryimage"},"thumbnailUrl":"https:\/\/radiolifefm.com.br\/noticias\/wp-content\/uploads\/2022\/06\/download.jpg","articleSection":["Adamantina"],"inLanguage":"pt-BR"},{"@type":"WebPage","@id":"https:\/\/radiolifefm.com.br\/noticias\/prefeitura-de-adamantina-divulga-selecionados-para-o-programa-bolsa-trabalho-2\/","url":"https:\/\/radiolifefm.com.br\/noticias\/prefeitura-de-adamantina-divulga-selecionados-para-o-programa-bolsa-trabalho-2\/","name":"Prefeitura de Adamantina divulga selecionados para o Programa Bolsa Trabalho - R\u00e1dio Life FM","isPartOf":{"@id":"https:\/\/radiolifefm.com.br\/noticias\/#website"},"primaryImageOfPage":{"@id":"https:\/\/radiolifefm.com.br\/noticias\/prefeitura-de-adamantina-divulga-selecionados-para-o-programa-bolsa-trabalho-2\/#primaryimage"},"image":{"@id":"https:\/\/radiolifefm.com.br\/noticias\/prefeitura-de-adamantina-divulga-selecionados-para-o-programa-bolsa-trabalho-2\/#primaryimage"},"thumbnailUrl":"https:\/\/radiolifefm.com.br\/noticias\/wp-content\/uploads\/2022\/06\/download.jpg","datePublished":"2022-07-01T13:43:07+00:00","dateModified":"2025-11-16T10:31:35+00:00","breadcrumb":{"@id":"https:\/\/radiolifefm.com.br\/noticias\/prefeitura-de-adamantina-divulga-selecionados-para-o-programa-bolsa-trabalho-2\/#breadcrumb"},"inLanguage":"pt-BR","potentialAction":[{"@type":"ReadAction","target":["https:\/\/radiolifefm.com.br\/noticias\/prefeitura-de-adamantina-divulga-selecionados-para-o-programa-bolsa-trabalho-2\/"]}]},{"@type":"ImageObject","inLanguage":"pt-BR","@id":"https:\/\/radiolifefm.com.br\/noticias\/prefeitura-de-adamantina-divulga-selecionados-para-o-programa-bolsa-trabalho-2\/#primaryimage","url":"https:\/\/radiolifefm.com.br\/noticias\/wp-content\/uploads\/2022\/06\/download.jpg","contentUrl":"https:\/\/radiolifefm.com.br\/noticias\/wp-content\/uploads\/2022\/06\/download.jpg","width":275,"height":183},{"@type":"BreadcrumbList","@id":"https:\/\/radiolifefm.com.br\/noticias\/prefeitura-de-adamantina-divulga-selecionados-para-o-programa-bolsa-trabalho-2\/#breadcrumb","itemListElement":[{"@type":"ListItem","position":1,"name":"In\u00edcio","item":"https:\/\/radiolifefm.com.br\/noticias\/"},{"@type":"ListItem","position":2,"name":"Prefeitura de Adamantina divulga selecionados para o Programa Bolsa Trabalho"}]},{"@type":"WebSite","@id":"https:\/\/radiolifefm.com.br\/noticias\/#website","url":"https:\/\/radiolifefm.com.br\/noticias\/","name":"R\u00e1dio Life FM","description":"O Portal de Not\u00edcias de Adamantina","publisher":{"@id":"https:\/\/radiolifefm.com.br\/noticias\/#organization"},"alternateName":"Life FM","potentialAction":[{"@type":"SearchAction","target":{"@type":"EntryPoint","urlTemplate":"https:\/\/radiolifefm.com.br\/noticias\/?s={search_term_string}"},"query-input":{"@type":"PropertyValueSpecification","valueRequired":true,"valueName":"search_term_string"}}],"inLanguage":"pt-BR"},{"@type":"Organization","@id":"https:\/\/radiolifefm.com.br\/noticias\/#organization","name":"R\u00e1dio Life FM","alternateName":"Life FM","url":"https:\/\/radiolifefm.com.br\/noticias\/","logo":{"@type":"ImageObject","inLanguage":"pt-BR","@id":"https:\/\/radiolifefm.com.br\/noticias\/#\/schema\/logo\/image\/","url":"https:\/\/static.radiolifefm.com.br\/noticias\/wp-content\/uploads\/2019\/10\/logo-lifefm.png","contentUrl":"https:\/\/static.radiolifefm.com.br\/noticias\/wp-content\/uploads\/2019\/10\/logo-lifefm.png","width":196,"height":47,"caption":"R\u00e1dio Life FM"},"image":{"@id":"https:\/\/radiolifefm.com.br\/noticias\/#\/schema\/logo\/image\/"},"sameAs":["https:\/\/www.facebook.com\/radiolifefm\/","https:\/\/www.instagram.com\/life1079fm\/"]},{"@type":"Person","@id":"https:\/\/radiolifefm.com.br\/noticias\/#\/schema\/person\/6339b9fac59d12b071dec680d7375d87","name":"ritanery","image":{"@type":"ImageObject","inLanguage":"pt-BR","@id":"https:\/\/secure.gravatar.com\/avatar\/0e37bb19071f47c0b8a23f62a903df117c5a0e75f65a0c2901562f97cd41cf86?s=96&d=mm&r=g","url":"https:\/\/secure.gravatar.com\/avatar\/0e37bb19071f47c0b8a23f62a903df117c5a0e75f65a0c2901562f97cd41cf86?s=96&d=mm&r=g","contentUrl":"https:\/\/secure.gravatar.com\/avatar\/0e37bb19071f47c0b8a23f62a903df117c5a0e75f65a0c2901562f97cd41cf86?s=96&d=mm&r=g","caption":"ritanery"}}]}},"amp_enabled":true,"_links":{"self":[{"href":"https:\/\/radiolifefm.com.br\/noticias\/wp-json\/wp\/v2\/posts\/55323","targetHints":{"allow":["GET"]}}],"collection":[{"href":"https:\/\/radiolifefm.com.br\/noticias\/wp-json\/wp\/v2\/posts"}],"about":[{"href":"https:\/\/radiolifefm.com.br\/noticias\/wp-json\/wp\/v2\/types\/post"}],"author":[{"embeddable":true,"href":"https:\/\/radiolifefm.com.br\/noticias\/wp-json\/wp\/v2\/users\/13"}],"replies":[{"embeddable":true,"href":"https:\/\/radiolifefm.com.br\/noticias\/wp-json\/wp\/v2\/comments?post=55323"}],"version-history":[{"count":4,"href":"https:\/\/radiolifefm.com.br\/noticias\/wp-json\/wp\/v2\/posts\/55323\/revisions"}],"predecessor-version":[{"id":55327,"href":"https:\/\/radiolifefm.com.br\/noticias\/wp-json\/wp\/v2\/posts\/55323\/revisions\/55327"}],"wp:featuredmedia":[{"embeddable":true,"href":"https:\/\/radiolifefm.com.br\/noticias\/wp-json\/wp\/v2\/media\/54295"}],"wp:attachment":[{"href":"https:\/\/radiolifefm.com.br\/noticias\/wp-json\/wp\/v2\/media?parent=55323"}],"wp:term":[{"taxonomy":"category","embeddable":true,"href":"https:\/\/radiolifefm.com.br\/noticias\/wp-json\/wp\/v2\/categories?post=55323"},{"taxonomy":"post_tag","embeddable":true,"href":"https:\/\/radiolifefm.com.br\/noticias\/wp-json\/wp\/v2\/tags?post=55323"}],"curies":[{"name":"wp","href":"https:\/\/api.w.org\/{rel}","templated":true}]}}