{"id":55317,"date":"2022-07-01T09:10:37","date_gmt":"2022-07-01T12:10:37","guid":{"rendered":"https:\/\/radiolifefm.com.br\/noticias\/?p=55317"},"modified":"2026-04-27T19:53:10","modified_gmt":"2026-04-27T22:53:10","slug":"vereadores-pedem-instalacao-de-pontos-de-onibus-em-bairros-da-cidade","status":"publish","type":"post","link":"https:\/\/radiolifefm.com.br\/noticias\/vereadores-pedem-instalacao-de-pontos-de-onibus-em-bairros-da-cidade\/","title":{"rendered":"Vereadores pedem instala\u00e7\u00e3o de pontos de \u00f4nibus em bairros da cidade"},"content":{"rendered":"<div id=\"fb-root\"><\/div>\n<p>Ap\u00f3s serem procurados por moradores, os vereadores Alcio Ikeda J\u00fanior (Podemos) e Cid Santos (Uni\u00e3o Brasil) apresentaram na \u00faltima sess\u00e3o da C\u00e2mara Municipal a Indica\u00e7\u00e3o n\u00ba 260\/22, que pleiteia a instala\u00e7\u00e3o de pontos de \u00f4nibus em dois bairros de Adamantina.<\/p>\n<p>Com base no documento, os legisladores apontam haver a necessidade no Residencial Alian\u00e7a, de prefer\u00eancia, no centro do bairro. \u201cSegundo respons\u00e1veis pela empresa de transporte p\u00fablico, instalando um ponto de \u00f4nibus no bairro, a empresa come\u00e7ar\u00e1 a fazer a linha no local. A comunidade dos bairros adjacentes est\u00e1 com dificuldades de ter acesso ao transporte p\u00fablico por este motivo\u201d.<\/p>\n<p>&nbsp;<\/p>\n<p>Os vereadores tamb\u00e9m indicam a provid\u00eancia para atender o M\u00e1rio Covas, mais especificamente na Rua Santa Catarina. \u201cO ponto de \u00f4nibus foi retirado pela Prefeitura. Ent\u00e3o, moradores solicitam a reinstala\u00e7\u00e3o para atender os moradores do bairro\u201d.<\/p>\n<p>A Indica\u00e7\u00e3o passou pelo plen\u00e1rio da C\u00e2mara e j\u00e1 encontra-se na Prefeitura para estudo e poss\u00edvel atendimento.<\/p>\n<p>&nbsp;<\/p>\n<p>Fonte: Adamantina Net<\/p>\n","protected":false},"excerpt":{"rendered":"<p>Ap\u00f3s serem procurados por moradores, os vereadores Alcio Ikeda J\u00fanior (Podemos) e Cid Santos (Uni\u00e3o Brasil) apresentaram na \u00faltima sess\u00e3o da C\u00e2mara Municipal a Indica\u00e7\u00e3o n\u00ba 260\/22, que pleiteia a instala\u00e7\u00e3o de pontos de \u00f4nibus em dois bairros de Adamantina. Com base no documento, os legisladores apontam haver a necessidade no Residencial Alian\u00e7a, de prefer\u00eancia, [&hellip;]<\/p>\n","protected":false},"author":13,"featured_media":55318,"comment_status":"closed","ping_status":"open","sticky":false,"template":"","format":"standard","meta":{"_acf_changed":false,"_exactmetrics_skip_tracking":false,"_exactmetrics_sitenote_active":false,"_exactmetrics_sitenote_note":"","_exactmetrics_sitenote_category":0,"footnotes":""},"categories":[21],"tags":[],"class_list":["post-55317","post","type-post","status-publish","format-standard","has-post-thumbnail","hentry","category-adamantina"],"acf":[],"yoast_head":"<!-- This site is optimized with the Yoast SEO plugin v27.2 - https:\/\/yoast.com\/product\/yoast-seo-wordpress\/ -->\n<title>Vereadores pedem instala\u00e7\u00e3o de pontos de \u00f4nibus em bairros da cidade - R\u00e1dio Life FM<\/title>\n<meta name=\"robots\" content=\"index, follow, max-snippet:-1, max-image-preview:large, max-video-preview:-1\" \/>\n<link rel=\"canonical\" href=\"https:\/\/radiolifefm.com.br\/noticias\/vereadores-pedem-instalacao-de-pontos-de-onibus-em-bairros-da-cidade\/\" \/>\n<meta property=\"og:locale\" content=\"pt_BR\" \/>\n<meta property=\"og:type\" content=\"article\" \/>\n<meta property=\"og:title\" content=\"Vereadores pedem instala\u00e7\u00e3o de pontos de \u00f4nibus em bairros da cidade - R\u00e1dio Life FM\" \/>\n<meta property=\"og:description\" content=\"Ap\u00f3s serem procurados por moradores, os vereadores Alcio Ikeda J\u00fanior (Podemos) e Cid Santos (Uni\u00e3o Brasil) apresentaram na \u00faltima sess\u00e3o da C\u00e2mara Municipal a Indica\u00e7\u00e3o n\u00ba 260\/22, que pleiteia a instala\u00e7\u00e3o de pontos de \u00f4nibus em dois bairros de Adamantina. Com base no documento, os legisladores apontam haver a necessidade no Residencial Alian\u00e7a, de prefer\u00eancia, [&hellip;]\" \/>\n<meta property=\"og:url\" content=\"https:\/\/radiolifefm.com.br\/noticias\/vereadores-pedem-instalacao-de-pontos-de-onibus-em-bairros-da-cidade\/\" \/>\n<meta property=\"og:site_name\" content=\"R\u00e1dio Life FM\" \/>\n<meta property=\"article:publisher\" content=\"https:\/\/www.facebook.com\/radiolifefm\/\" \/>\n<meta property=\"article:published_time\" content=\"2022-07-01T12:10:37+00:00\" \/>\n<meta property=\"article:modified_time\" content=\"2026-04-27T22:53:10+00:00\" \/>\n<meta property=\"og:image\" content=\"https:\/\/radiolifefm.com.br\/noticias\/wp-content\/uploads\/2022\/07\/1.jpg\" \/>\n\t<meta property=\"og:image:width\" content=\"806\" \/>\n\t<meta property=\"og:image:height\" content=\"469\" \/>\n\t<meta property=\"og:image:type\" content=\"image\/jpeg\" \/>\n<meta name=\"author\" content=\"ritanery\" \/>\n<meta name=\"twitter:card\" content=\"summary_large_image\" \/>\n<meta name=\"twitter:label1\" content=\"Escrito por\" \/>\n\t<meta name=\"twitter:data1\" content=\"ritanery\" \/>\n\t<meta name=\"twitter:label2\" content=\"Est. tempo de leitura\" \/>\n\t<meta name=\"twitter:data2\" content=\"1 minuto\" \/>\n<script type=\"application\/ld+json\" class=\"yoast-schema-graph\">{\"@context\":\"https:\/\/schema.org\",\"@graph\":[{\"@type\":\"Article\",\"@id\":\"https:\/\/radiolifefm.com.br\/noticias\/vereadores-pedem-instalacao-de-pontos-de-onibus-em-bairros-da-cidade\/#article\",\"isPartOf\":{\"@id\":\"https:\/\/radiolifefm.com.br\/noticias\/vereadores-pedem-instalacao-de-pontos-de-onibus-em-bairros-da-cidade\/\"},\"author\":{\"name\":\"ritanery\",\"@id\":\"https:\/\/radiolifefm.com.br\/noticias\/#\/schema\/person\/6339b9fac59d12b071dec680d7375d87\"},\"headline\":\"Vereadores pedem instala\u00e7\u00e3o de pontos de \u00f4nibus em bairros da cidade\",\"datePublished\":\"2022-07-01T12:10:37+00:00\",\"dateModified\":\"2026-04-27T22:53:10+00:00\",\"mainEntityOfPage\":{\"@id\":\"https:\/\/radiolifefm.com.br\/noticias\/vereadores-pedem-instalacao-de-pontos-de-onibus-em-bairros-da-cidade\/\"},\"wordCount\":190,\"publisher\":{\"@id\":\"https:\/\/radiolifefm.com.br\/noticias\/#organization\"},\"image\":{\"@id\":\"https:\/\/radiolifefm.com.br\/noticias\/vereadores-pedem-instalacao-de-pontos-de-onibus-em-bairros-da-cidade\/#primaryimage\"},\"thumbnailUrl\":\"https:\/\/radiolifefm.com.br\/noticias\/wp-content\/uploads\/2022\/07\/1.jpg\",\"articleSection\":[\"Adamantina\"],\"inLanguage\":\"pt-BR\"},{\"@type\":\"WebPage\",\"@id\":\"https:\/\/radiolifefm.com.br\/noticias\/vereadores-pedem-instalacao-de-pontos-de-onibus-em-bairros-da-cidade\/\",\"url\":\"https:\/\/radiolifefm.com.br\/noticias\/vereadores-pedem-instalacao-de-pontos-de-onibus-em-bairros-da-cidade\/\",\"name\":\"Vereadores pedem instala\u00e7\u00e3o de pontos de \u00f4nibus em bairros da cidade - R\u00e1dio Life FM\",\"isPartOf\":{\"@id\":\"https:\/\/radiolifefm.com.br\/noticias\/#website\"},\"primaryImageOfPage\":{\"@id\":\"https:\/\/radiolifefm.com.br\/noticias\/vereadores-pedem-instalacao-de-pontos-de-onibus-em-bairros-da-cidade\/#primaryimage\"},\"image\":{\"@id\":\"https:\/\/radiolifefm.com.br\/noticias\/vereadores-pedem-instalacao-de-pontos-de-onibus-em-bairros-da-cidade\/#primaryimage\"},\"thumbnailUrl\":\"https:\/\/radiolifefm.com.br\/noticias\/wp-content\/uploads\/2022\/07\/1.jpg\",\"datePublished\":\"2022-07-01T12:10:37+00:00\",\"dateModified\":\"2026-04-27T22:53:10+00:00\",\"breadcrumb\":{\"@id\":\"https:\/\/radiolifefm.com.br\/noticias\/vereadores-pedem-instalacao-de-pontos-de-onibus-em-bairros-da-cidade\/#breadcrumb\"},\"inLanguage\":\"pt-BR\",\"potentialAction\":[{\"@type\":\"ReadAction\",\"target\":[\"https:\/\/radiolifefm.com.br\/noticias\/vereadores-pedem-instalacao-de-pontos-de-onibus-em-bairros-da-cidade\/\"]}]},{\"@type\":\"ImageObject\",\"inLanguage\":\"pt-BR\",\"@id\":\"https:\/\/radiolifefm.com.br\/noticias\/vereadores-pedem-instalacao-de-pontos-de-onibus-em-bairros-da-cidade\/#primaryimage\",\"url\":\"https:\/\/radiolifefm.com.br\/noticias\/wp-content\/uploads\/2022\/07\/1.jpg\",\"contentUrl\":\"https:\/\/radiolifefm.com.br\/noticias\/wp-content\/uploads\/2022\/07\/1.jpg\",\"width\":806,\"height\":469},{\"@type\":\"BreadcrumbList\",\"@id\":\"https:\/\/radiolifefm.com.br\/noticias\/vereadores-pedem-instalacao-de-pontos-de-onibus-em-bairros-da-cidade\/#breadcrumb\",\"itemListElement\":[{\"@type\":\"ListItem\",\"position\":1,\"name\":\"In\u00edcio\",\"item\":\"https:\/\/radiolifefm.com.br\/noticias\/\"},{\"@type\":\"ListItem\",\"position\":2,\"name\":\"Vereadores pedem instala\u00e7\u00e3o de pontos de \u00f4nibus em bairros da cidade\"}]},{\"@type\":\"WebSite\",\"@id\":\"https:\/\/radiolifefm.com.br\/noticias\/#website\",\"url\":\"https:\/\/radiolifefm.com.br\/noticias\/\",\"name\":\"R\u00e1dio Life FM\",\"description\":\"O Portal de Not\u00edcias de Adamantina\",\"publisher\":{\"@id\":\"https:\/\/radiolifefm.com.br\/noticias\/#organization\"},\"alternateName\":\"Life FM\",\"potentialAction\":[{\"@type\":\"SearchAction\",\"target\":{\"@type\":\"EntryPoint\",\"urlTemplate\":\"https:\/\/radiolifefm.com.br\/noticias\/?s={search_term_string}\"},\"query-input\":{\"@type\":\"PropertyValueSpecification\",\"valueRequired\":true,\"valueName\":\"search_term_string\"}}],\"inLanguage\":\"pt-BR\"},{\"@type\":\"Organization\",\"@id\":\"https:\/\/radiolifefm.com.br\/noticias\/#organization\",\"name\":\"R\u00e1dio Life FM\",\"alternateName\":\"Life FM\",\"url\":\"https:\/\/radiolifefm.com.br\/noticias\/\",\"logo\":{\"@type\":\"ImageObject\",\"inLanguage\":\"pt-BR\",\"@id\":\"https:\/\/radiolifefm.com.br\/noticias\/#\/schema\/logo\/image\/\",\"url\":\"https:\/\/static.radiolifefm.com.br\/noticias\/wp-content\/uploads\/2019\/10\/logo-lifefm.png\",\"contentUrl\":\"https:\/\/static.radiolifefm.com.br\/noticias\/wp-content\/uploads\/2019\/10\/logo-lifefm.png\",\"width\":196,\"height\":47,\"caption\":\"R\u00e1dio Life FM\"},\"image\":{\"@id\":\"https:\/\/radiolifefm.com.br\/noticias\/#\/schema\/logo\/image\/\"},\"sameAs\":[\"https:\/\/www.facebook.com\/radiolifefm\/\",\"https:\/\/www.instagram.com\/life1079fm\/\"]},{\"@type\":\"Person\",\"@id\":\"https:\/\/radiolifefm.com.br\/noticias\/#\/schema\/person\/6339b9fac59d12b071dec680d7375d87\",\"name\":\"ritanery\",\"image\":{\"@type\":\"ImageObject\",\"inLanguage\":\"pt-BR\",\"@id\":\"https:\/\/secure.gravatar.com\/avatar\/0e37bb19071f47c0b8a23f62a903df117c5a0e75f65a0c2901562f97cd41cf86?s=96&d=mm&r=g\",\"url\":\"https:\/\/secure.gravatar.com\/avatar\/0e37bb19071f47c0b8a23f62a903df117c5a0e75f65a0c2901562f97cd41cf86?s=96&d=mm&r=g\",\"contentUrl\":\"https:\/\/secure.gravatar.com\/avatar\/0e37bb19071f47c0b8a23f62a903df117c5a0e75f65a0c2901562f97cd41cf86?s=96&d=mm&r=g\",\"caption\":\"ritanery\"}}]}<\/script>\n<!-- \/ Yoast SEO plugin. -->","yoast_head_json":{"title":"Vereadores pedem instala\u00e7\u00e3o de pontos de \u00f4nibus em bairros da cidade - R\u00e1dio Life FM","robots":{"index":"index","follow":"follow","max-snippet":"max-snippet:-1","max-image-preview":"max-image-preview:large","max-video-preview":"max-video-preview:-1"},"canonical":"https:\/\/radiolifefm.com.br\/noticias\/vereadores-pedem-instalacao-de-pontos-de-onibus-em-bairros-da-cidade\/","og_locale":"pt_BR","og_type":"article","og_title":"Vereadores pedem instala\u00e7\u00e3o de pontos de \u00f4nibus em bairros da cidade - R\u00e1dio Life FM","og_description":"Ap\u00f3s serem procurados por moradores, os vereadores Alcio Ikeda J\u00fanior (Podemos) e Cid Santos (Uni\u00e3o Brasil) apresentaram na \u00faltima sess\u00e3o da C\u00e2mara Municipal a Indica\u00e7\u00e3o n\u00ba 260\/22, que pleiteia a instala\u00e7\u00e3o de pontos de \u00f4nibus em dois bairros de Adamantina. Com base no documento, os legisladores apontam haver a necessidade no Residencial Alian\u00e7a, de prefer\u00eancia, [&hellip;]","og_url":"https:\/\/radiolifefm.com.br\/noticias\/vereadores-pedem-instalacao-de-pontos-de-onibus-em-bairros-da-cidade\/","og_site_name":"R\u00e1dio Life FM","article_publisher":"https:\/\/www.facebook.com\/radiolifefm\/","article_published_time":"2022-07-01T12:10:37+00:00","article_modified_time":"2026-04-27T22:53:10+00:00","og_image":[{"width":806,"height":469,"url":"https:\/\/radiolifefm.com.br\/noticias\/wp-content\/uploads\/2022\/07\/1.jpg","type":"image\/jpeg"}],"author":"ritanery","twitter_card":"summary_large_image","twitter_misc":{"Escrito por":"ritanery","Est. tempo de leitura":"1 minuto"},"schema":{"@context":"https:\/\/schema.org","@graph":[{"@type":"Article","@id":"https:\/\/radiolifefm.com.br\/noticias\/vereadores-pedem-instalacao-de-pontos-de-onibus-em-bairros-da-cidade\/#article","isPartOf":{"@id":"https:\/\/radiolifefm.com.br\/noticias\/vereadores-pedem-instalacao-de-pontos-de-onibus-em-bairros-da-cidade\/"},"author":{"name":"ritanery","@id":"https:\/\/radiolifefm.com.br\/noticias\/#\/schema\/person\/6339b9fac59d12b071dec680d7375d87"},"headline":"Vereadores pedem instala\u00e7\u00e3o de pontos de \u00f4nibus em bairros da cidade","datePublished":"2022-07-01T12:10:37+00:00","dateModified":"2026-04-27T22:53:10+00:00","mainEntityOfPage":{"@id":"https:\/\/radiolifefm.com.br\/noticias\/vereadores-pedem-instalacao-de-pontos-de-onibus-em-bairros-da-cidade\/"},"wordCount":190,"publisher":{"@id":"https:\/\/radiolifefm.com.br\/noticias\/#organization"},"image":{"@id":"https:\/\/radiolifefm.com.br\/noticias\/vereadores-pedem-instalacao-de-pontos-de-onibus-em-bairros-da-cidade\/#primaryimage"},"thumbnailUrl":"https:\/\/radiolifefm.com.br\/noticias\/wp-content\/uploads\/2022\/07\/1.jpg","articleSection":["Adamantina"],"inLanguage":"pt-BR"},{"@type":"WebPage","@id":"https:\/\/radiolifefm.com.br\/noticias\/vereadores-pedem-instalacao-de-pontos-de-onibus-em-bairros-da-cidade\/","url":"https:\/\/radiolifefm.com.br\/noticias\/vereadores-pedem-instalacao-de-pontos-de-onibus-em-bairros-da-cidade\/","name":"Vereadores pedem instala\u00e7\u00e3o de pontos de \u00f4nibus em bairros da cidade - R\u00e1dio Life FM","isPartOf":{"@id":"https:\/\/radiolifefm.com.br\/noticias\/#website"},"primaryImageOfPage":{"@id":"https:\/\/radiolifefm.com.br\/noticias\/vereadores-pedem-instalacao-de-pontos-de-onibus-em-bairros-da-cidade\/#primaryimage"},"image":{"@id":"https:\/\/radiolifefm.com.br\/noticias\/vereadores-pedem-instalacao-de-pontos-de-onibus-em-bairros-da-cidade\/#primaryimage"},"thumbnailUrl":"https:\/\/radiolifefm.com.br\/noticias\/wp-content\/uploads\/2022\/07\/1.jpg","datePublished":"2022-07-01T12:10:37+00:00","dateModified":"2026-04-27T22:53:10+00:00","breadcrumb":{"@id":"https:\/\/radiolifefm.com.br\/noticias\/vereadores-pedem-instalacao-de-pontos-de-onibus-em-bairros-da-cidade\/#breadcrumb"},"inLanguage":"pt-BR","potentialAction":[{"@type":"ReadAction","target":["https:\/\/radiolifefm.com.br\/noticias\/vereadores-pedem-instalacao-de-pontos-de-onibus-em-bairros-da-cidade\/"]}]},{"@type":"ImageObject","inLanguage":"pt-BR","@id":"https:\/\/radiolifefm.com.br\/noticias\/vereadores-pedem-instalacao-de-pontos-de-onibus-em-bairros-da-cidade\/#primaryimage","url":"https:\/\/radiolifefm.com.br\/noticias\/wp-content\/uploads\/2022\/07\/1.jpg","contentUrl":"https:\/\/radiolifefm.com.br\/noticias\/wp-content\/uploads\/2022\/07\/1.jpg","width":806,"height":469},{"@type":"BreadcrumbList","@id":"https:\/\/radiolifefm.com.br\/noticias\/vereadores-pedem-instalacao-de-pontos-de-onibus-em-bairros-da-cidade\/#breadcrumb","itemListElement":[{"@type":"ListItem","position":1,"name":"In\u00edcio","item":"https:\/\/radiolifefm.com.br\/noticias\/"},{"@type":"ListItem","position":2,"name":"Vereadores pedem instala\u00e7\u00e3o de pontos de \u00f4nibus em bairros da cidade"}]},{"@type":"WebSite","@id":"https:\/\/radiolifefm.com.br\/noticias\/#website","url":"https:\/\/radiolifefm.com.br\/noticias\/","name":"R\u00e1dio Life FM","description":"O Portal de Not\u00edcias de Adamantina","publisher":{"@id":"https:\/\/radiolifefm.com.br\/noticias\/#organization"},"alternateName":"Life FM","potentialAction":[{"@type":"SearchAction","target":{"@type":"EntryPoint","urlTemplate":"https:\/\/radiolifefm.com.br\/noticias\/?s={search_term_string}"},"query-input":{"@type":"PropertyValueSpecification","valueRequired":true,"valueName":"search_term_string"}}],"inLanguage":"pt-BR"},{"@type":"Organization","@id":"https:\/\/radiolifefm.com.br\/noticias\/#organization","name":"R\u00e1dio Life FM","alternateName":"Life FM","url":"https:\/\/radiolifefm.com.br\/noticias\/","logo":{"@type":"ImageObject","inLanguage":"pt-BR","@id":"https:\/\/radiolifefm.com.br\/noticias\/#\/schema\/logo\/image\/","url":"https:\/\/static.radiolifefm.com.br\/noticias\/wp-content\/uploads\/2019\/10\/logo-lifefm.png","contentUrl":"https:\/\/static.radiolifefm.com.br\/noticias\/wp-content\/uploads\/2019\/10\/logo-lifefm.png","width":196,"height":47,"caption":"R\u00e1dio Life FM"},"image":{"@id":"https:\/\/radiolifefm.com.br\/noticias\/#\/schema\/logo\/image\/"},"sameAs":["https:\/\/www.facebook.com\/radiolifefm\/","https:\/\/www.instagram.com\/life1079fm\/"]},{"@type":"Person","@id":"https:\/\/radiolifefm.com.br\/noticias\/#\/schema\/person\/6339b9fac59d12b071dec680d7375d87","name":"ritanery","image":{"@type":"ImageObject","inLanguage":"pt-BR","@id":"https:\/\/secure.gravatar.com\/avatar\/0e37bb19071f47c0b8a23f62a903df117c5a0e75f65a0c2901562f97cd41cf86?s=96&d=mm&r=g","url":"https:\/\/secure.gravatar.com\/avatar\/0e37bb19071f47c0b8a23f62a903df117c5a0e75f65a0c2901562f97cd41cf86?s=96&d=mm&r=g","contentUrl":"https:\/\/secure.gravatar.com\/avatar\/0e37bb19071f47c0b8a23f62a903df117c5a0e75f65a0c2901562f97cd41cf86?s=96&d=mm&r=g","caption":"ritanery"}}]}},"amp_enabled":true,"_links":{"self":[{"href":"https:\/\/radiolifefm.com.br\/noticias\/wp-json\/wp\/v2\/posts\/55317","targetHints":{"allow":["GET"]}}],"collection":[{"href":"https:\/\/radiolifefm.com.br\/noticias\/wp-json\/wp\/v2\/posts"}],"about":[{"href":"https:\/\/radiolifefm.com.br\/noticias\/wp-json\/wp\/v2\/types\/post"}],"author":[{"embeddable":true,"href":"https:\/\/radiolifefm.com.br\/noticias\/wp-json\/wp\/v2\/users\/13"}],"replies":[{"embeddable":true,"href":"https:\/\/radiolifefm.com.br\/noticias\/wp-json\/wp\/v2\/comments?post=55317"}],"version-history":[{"count":3,"href":"https:\/\/radiolifefm.com.br\/noticias\/wp-json\/wp\/v2\/posts\/55317\/revisions"}],"predecessor-version":[{"id":55321,"href":"https:\/\/radiolifefm.com.br\/noticias\/wp-json\/wp\/v2\/posts\/55317\/revisions\/55321"}],"wp:featuredmedia":[{"embeddable":true,"href":"https:\/\/radiolifefm.com.br\/noticias\/wp-json\/wp\/v2\/media\/55318"}],"wp:attachment":[{"href":"https:\/\/radiolifefm.com.br\/noticias\/wp-json\/wp\/v2\/media?parent=55317"}],"wp:term":[{"taxonomy":"category","embeddable":true,"href":"https:\/\/radiolifefm.com.br\/noticias\/wp-json\/wp\/v2\/categories?post=55317"},{"taxonomy":"post_tag","embeddable":true,"href":"https:\/\/radiolifefm.com.br\/noticias\/wp-json\/wp\/v2\/tags?post=55317"}],"curies":[{"name":"wp","href":"https:\/\/api.w.org\/{rel}","templated":true}]}}