{"id":55307,"date":"2022-07-01T08:03:27","date_gmt":"2022-07-01T11:03:27","guid":{"rendered":"https:\/\/radiolifefm.com.br\/noticias\/?p=55307"},"modified":"2026-03-16T21:12:06","modified_gmt":"2026-03-17T00:12:06","slug":"o-vigilante-provinciano","status":"publish","type":"post","link":"https:\/\/radiolifefm.com.br\/noticias\/o-vigilante-provinciano\/","title":{"rendered":"O VIGILANTE PROVINCIANO&#8230;"},"content":{"rendered":"<div id=\"fb-root\"><\/div>\n<p><em>\u201c&#8230; eu prefiro ser, aquela metamorfose ambulante, do que ter aquela opini\u00e3o formada sobre tudo&#8230;\u201d (Raul Seixas)<\/em><\/p>\n<p>&nbsp;<\/p>\n<p><strong><em>S\u00e9rgio Barbosa (*)<\/em><\/strong><\/p>\n<p>&nbsp;<\/p>\n<p>&nbsp;<\/p>\n<p>A prov\u00edncia, de uns tempos para c\u00e1, deu pra ter um pouco de tudo em suas ruas e esquinas escusas para um desencontro a mais na vida daquelas pessoas que passam as suas preciosas horas falando isto e aquilo das outras e assim por diante&#8230;<\/p>\n<p>Neste caso em especial, pelo jeito, ressuscitaram o antigo personagem tupiniquim para vigiar e delatar, o que \u00e9 pior, as pessoas que buscam estar em conex\u00e3o com este tempo, tendo em vista, os compromisso com o futuro da prov\u00edncia&#8230;<\/p>\n<p>Em muitos casos, permanece sempre a d\u00favida de sempre, ou seja, seria inveja, dor de cotovelo ou falta do que fazer em casa?<\/p>\n<p>Oras bolas, cada qual sabe das suas responsabilidades frente aos cargos e fun\u00e7\u00f5es que ocupa aqui ou ali, para isso ser comprovado, basta manter o di\u00e1logo com o outro lado envolvido na quest\u00e3o e ponto quase final&#8230;<\/p>\n<p>Entretanto, perde-se um tempo precioso levantando falsos testemunhos sobre as demais pessoas que o tal \u201cvigilante provinciano\u201d se perde em suas pr\u00f3prias contradi\u00e7\u00f5es, neste caso, pergunta-se, o que o talzinho fez de bom para a prov\u00edncia nos \u00faltimos tempos?<\/p>\n<p>At\u00e9 onde se sabe, nada que justifique a sua preocupa\u00e7\u00e3o com a vida alheia, ainda mais quando se trata de profissionais com experi\u00eancia de mercado, bem como, titula\u00e7\u00e3o acad\u00eamica em tempo de p\u00f3s-globaliza\u00e7\u00e3o midi\u00e1tica&#8230;<\/p>\n<p>Entende-se que as cr\u00edticas s\u00e3o mais do que necess\u00e1rias, al\u00e9m do mais, j\u00e1 dizia o escritor do outro tempo, a saber: \u201ctoda unanimidade \u00e9 burra\u201d, portanto, o individual nunca deve prevalecer sobre os interesses do coletivo&#8230;<\/p>\n<p>A busca pelas informa\u00e7\u00f5es sem crit\u00e9rios pode levar ao desencontro destas pessoas frente \u00e0s necessidades da pauta em cima da mesa do tal \u201cvigilante provinciano\u201d, mas, como sempre, pode ser, todavia, talvez etc&#8230;<\/p>\n<p>Dialogar com as palavras \u00e9 uma virtude para os profissionais e curiosos de plant\u00e3o em terras provincianas, todavia, faz-se necess\u00e1rio, estar sempre no compasso do descompasso para um olhar ou at\u00e9 mesmo, uma leitura sobre os acontecimentos neste novo tempo que se chama hoje&#8230;<\/p>\n<p>N\u00e3o se pode permitir a volta desta vigil\u00e2ncia em nome de uma pseuda-moral provinciana, ainda, quando as institui\u00e7\u00f5es est\u00e3o buscando o aperfei\u00e7oamento num mercado qualificado e exigente com as normas estipuladas pelo poder\u00a0 central de um planalto qualquer do \u201cPa\u00eds do faz de conta\u201d&#8230;<\/p>\n<p>Portanto, buscar a perfei\u00e7\u00e3o por meio da tese foulcaltiana do \u201cvigiai e punir\u201d pode resultar no dito popular tupiniquim: \u201co tiro pode sair pela culatra\u201d, ainda, depois pode ficar com a outra resposta: \u201cneste caso, In\u00eas \u00e9 morta\u201d e assim por diante para n\u00e3o esquecer de uma tal disserta\u00e7\u00e3o de mestrado perdida em alguma estante de biblioteca&#8230;<\/p>\n<p><em>___________________________________________<\/em><\/p>\n<p><em>(*) Jornalista profissional diplomado e professor universit\u00e1rio.<\/em><\/p>\n<p><em>e-mail: <a href=\"mailto:barbosa.sebar@gmail.com\">barbosa.sebar@gmail.com<\/a><\/em><\/p>\n<p><em>\u00a0<\/em><\/p>\n","protected":false},"excerpt":{"rendered":"<p>\u201c&#8230; eu prefiro ser, aquela metamorfose ambulante, do que ter aquela opini\u00e3o formada sobre tudo&#8230;\u201d (Raul Seixas) &nbsp; S\u00e9rgio Barbosa (*) &nbsp; &nbsp; A prov\u00edncia, de uns tempos para c\u00e1, deu pra ter um pouco de tudo em suas ruas e esquinas escusas para um desencontro a mais na vida daquelas pessoas que passam as [&hellip;]<\/p>\n","protected":false},"author":13,"featured_media":51988,"comment_status":"closed","ping_status":"open","sticky":false,"template":"","format":"standard","meta":{"_acf_changed":false,"_exactmetrics_skip_tracking":false,"_exactmetrics_sitenote_active":false,"_exactmetrics_sitenote_note":"","_exactmetrics_sitenote_category":0,"footnotes":""},"categories":[59],"tags":[],"class_list":["post-55307","post","type-post","status-publish","format-standard","has-post-thumbnail","hentry","category-opiniao"],"acf":[],"yoast_head":"<!-- This site is optimized with the Yoast SEO plugin v27.2 - https:\/\/yoast.com\/product\/yoast-seo-wordpress\/ -->\n<title>O VIGILANTE PROVINCIANO... - R\u00e1dio Life FM<\/title>\n<meta name=\"robots\" content=\"index, follow, max-snippet:-1, max-image-preview:large, max-video-preview:-1\" \/>\n<link rel=\"canonical\" href=\"https:\/\/radiolifefm.com.br\/noticias\/o-vigilante-provinciano\/\" \/>\n<meta property=\"og:locale\" content=\"pt_BR\" \/>\n<meta property=\"og:type\" content=\"article\" \/>\n<meta property=\"og:title\" content=\"O VIGILANTE PROVINCIANO... - R\u00e1dio Life FM\" \/>\n<meta property=\"og:description\" content=\"\u201c&#8230; eu prefiro ser, aquela metamorfose ambulante, do que ter aquela opini\u00e3o formada sobre tudo&#8230;\u201d (Raul Seixas) &nbsp; S\u00e9rgio Barbosa (*) &nbsp; &nbsp; A prov\u00edncia, de uns tempos para c\u00e1, deu pra ter um pouco de tudo em suas ruas e esquinas escusas para um desencontro a mais na vida daquelas pessoas que passam as [&hellip;]\" \/>\n<meta property=\"og:url\" content=\"https:\/\/radiolifefm.com.br\/noticias\/o-vigilante-provinciano\/\" \/>\n<meta property=\"og:site_name\" content=\"R\u00e1dio Life FM\" \/>\n<meta property=\"article:publisher\" content=\"https:\/\/www.facebook.com\/radiolifefm\/\" \/>\n<meta property=\"article:published_time\" content=\"2022-07-01T11:03:27+00:00\" \/>\n<meta property=\"article:modified_time\" content=\"2026-03-17T00:12:06+00:00\" \/>\n<meta property=\"og:image\" content=\"https:\/\/radiolifefm.com.br\/noticias\/wp-content\/uploads\/2022\/04\/WhatsApp-Image-2022-04-10-at-18.43.02.jpeg\" \/>\n\t<meta property=\"og:image:width\" content=\"972\" \/>\n\t<meta property=\"og:image:height\" content=\"1296\" \/>\n\t<meta property=\"og:image:type\" content=\"image\/jpeg\" \/>\n<meta name=\"author\" content=\"ritanery\" \/>\n<meta name=\"twitter:card\" content=\"summary_large_image\" \/>\n<meta name=\"twitter:label1\" content=\"Escrito por\" \/>\n\t<meta name=\"twitter:data1\" content=\"ritanery\" \/>\n\t<meta name=\"twitter:label2\" content=\"Est. tempo de leitura\" \/>\n\t<meta name=\"twitter:data2\" content=\"3 minutos\" \/>\n<script type=\"application\/ld+json\" class=\"yoast-schema-graph\">{\"@context\":\"https:\/\/schema.org\",\"@graph\":[{\"@type\":\"Article\",\"@id\":\"https:\/\/radiolifefm.com.br\/noticias\/o-vigilante-provinciano\/#article\",\"isPartOf\":{\"@id\":\"https:\/\/radiolifefm.com.br\/noticias\/o-vigilante-provinciano\/\"},\"author\":{\"name\":\"ritanery\",\"@id\":\"https:\/\/radiolifefm.com.br\/noticias\/#\/schema\/person\/6339b9fac59d12b071dec680d7375d87\"},\"headline\":\"O VIGILANTE PROVINCIANO&#8230;\",\"datePublished\":\"2022-07-01T11:03:27+00:00\",\"dateModified\":\"2026-03-17T00:12:06+00:00\",\"mainEntityOfPage\":{\"@id\":\"https:\/\/radiolifefm.com.br\/noticias\/o-vigilante-provinciano\/\"},\"wordCount\":500,\"publisher\":{\"@id\":\"https:\/\/radiolifefm.com.br\/noticias\/#organization\"},\"image\":{\"@id\":\"https:\/\/radiolifefm.com.br\/noticias\/o-vigilante-provinciano\/#primaryimage\"},\"thumbnailUrl\":\"https:\/\/radiolifefm.com.br\/noticias\/wp-content\/uploads\/2022\/04\/WhatsApp-Image-2022-04-10-at-18.43.02.jpeg\",\"articleSection\":[\"Opini\u00e3o\"],\"inLanguage\":\"pt-BR\"},{\"@type\":\"WebPage\",\"@id\":\"https:\/\/radiolifefm.com.br\/noticias\/o-vigilante-provinciano\/\",\"url\":\"https:\/\/radiolifefm.com.br\/noticias\/o-vigilante-provinciano\/\",\"name\":\"O VIGILANTE PROVINCIANO... - R\u00e1dio Life FM\",\"isPartOf\":{\"@id\":\"https:\/\/radiolifefm.com.br\/noticias\/#website\"},\"primaryImageOfPage\":{\"@id\":\"https:\/\/radiolifefm.com.br\/noticias\/o-vigilante-provinciano\/#primaryimage\"},\"image\":{\"@id\":\"https:\/\/radiolifefm.com.br\/noticias\/o-vigilante-provinciano\/#primaryimage\"},\"thumbnailUrl\":\"https:\/\/radiolifefm.com.br\/noticias\/wp-content\/uploads\/2022\/04\/WhatsApp-Image-2022-04-10-at-18.43.02.jpeg\",\"datePublished\":\"2022-07-01T11:03:27+00:00\",\"dateModified\":\"2026-03-17T00:12:06+00:00\",\"breadcrumb\":{\"@id\":\"https:\/\/radiolifefm.com.br\/noticias\/o-vigilante-provinciano\/#breadcrumb\"},\"inLanguage\":\"pt-BR\",\"potentialAction\":[{\"@type\":\"ReadAction\",\"target\":[\"https:\/\/radiolifefm.com.br\/noticias\/o-vigilante-provinciano\/\"]}]},{\"@type\":\"ImageObject\",\"inLanguage\":\"pt-BR\",\"@id\":\"https:\/\/radiolifefm.com.br\/noticias\/o-vigilante-provinciano\/#primaryimage\",\"url\":\"https:\/\/radiolifefm.com.br\/noticias\/wp-content\/uploads\/2022\/04\/WhatsApp-Image-2022-04-10-at-18.43.02.jpeg\",\"contentUrl\":\"https:\/\/radiolifefm.com.br\/noticias\/wp-content\/uploads\/2022\/04\/WhatsApp-Image-2022-04-10-at-18.43.02.jpeg\",\"width\":972,\"height\":1296,\"caption\":\"S\u00e9rgio Barbosa\"},{\"@type\":\"BreadcrumbList\",\"@id\":\"https:\/\/radiolifefm.com.br\/noticias\/o-vigilante-provinciano\/#breadcrumb\",\"itemListElement\":[{\"@type\":\"ListItem\",\"position\":1,\"name\":\"In\u00edcio\",\"item\":\"https:\/\/radiolifefm.com.br\/noticias\/\"},{\"@type\":\"ListItem\",\"position\":2,\"name\":\"O VIGILANTE PROVINCIANO&#8230;\"}]},{\"@type\":\"WebSite\",\"@id\":\"https:\/\/radiolifefm.com.br\/noticias\/#website\",\"url\":\"https:\/\/radiolifefm.com.br\/noticias\/\",\"name\":\"R\u00e1dio Life FM\",\"description\":\"O Portal de Not\u00edcias de Adamantina\",\"publisher\":{\"@id\":\"https:\/\/radiolifefm.com.br\/noticias\/#organization\"},\"alternateName\":\"Life FM\",\"potentialAction\":[{\"@type\":\"SearchAction\",\"target\":{\"@type\":\"EntryPoint\",\"urlTemplate\":\"https:\/\/radiolifefm.com.br\/noticias\/?s={search_term_string}\"},\"query-input\":{\"@type\":\"PropertyValueSpecification\",\"valueRequired\":true,\"valueName\":\"search_term_string\"}}],\"inLanguage\":\"pt-BR\"},{\"@type\":\"Organization\",\"@id\":\"https:\/\/radiolifefm.com.br\/noticias\/#organization\",\"name\":\"R\u00e1dio Life FM\",\"alternateName\":\"Life FM\",\"url\":\"https:\/\/radiolifefm.com.br\/noticias\/\",\"logo\":{\"@type\":\"ImageObject\",\"inLanguage\":\"pt-BR\",\"@id\":\"https:\/\/radiolifefm.com.br\/noticias\/#\/schema\/logo\/image\/\",\"url\":\"https:\/\/static.radiolifefm.com.br\/noticias\/wp-content\/uploads\/2019\/10\/logo-lifefm.png\",\"contentUrl\":\"https:\/\/static.radiolifefm.com.br\/noticias\/wp-content\/uploads\/2019\/10\/logo-lifefm.png\",\"width\":196,\"height\":47,\"caption\":\"R\u00e1dio Life FM\"},\"image\":{\"@id\":\"https:\/\/radiolifefm.com.br\/noticias\/#\/schema\/logo\/image\/\"},\"sameAs\":[\"https:\/\/www.facebook.com\/radiolifefm\/\",\"https:\/\/www.instagram.com\/life1079fm\/\"]},{\"@type\":\"Person\",\"@id\":\"https:\/\/radiolifefm.com.br\/noticias\/#\/schema\/person\/6339b9fac59d12b071dec680d7375d87\",\"name\":\"ritanery\",\"image\":{\"@type\":\"ImageObject\",\"inLanguage\":\"pt-BR\",\"@id\":\"https:\/\/secure.gravatar.com\/avatar\/0e37bb19071f47c0b8a23f62a903df117c5a0e75f65a0c2901562f97cd41cf86?s=96&d=mm&r=g\",\"url\":\"https:\/\/secure.gravatar.com\/avatar\/0e37bb19071f47c0b8a23f62a903df117c5a0e75f65a0c2901562f97cd41cf86?s=96&d=mm&r=g\",\"contentUrl\":\"https:\/\/secure.gravatar.com\/avatar\/0e37bb19071f47c0b8a23f62a903df117c5a0e75f65a0c2901562f97cd41cf86?s=96&d=mm&r=g\",\"caption\":\"ritanery\"}}]}<\/script>\n<!-- \/ Yoast SEO plugin. -->","yoast_head_json":{"title":"O VIGILANTE PROVINCIANO... - R\u00e1dio Life FM","robots":{"index":"index","follow":"follow","max-snippet":"max-snippet:-1","max-image-preview":"max-image-preview:large","max-video-preview":"max-video-preview:-1"},"canonical":"https:\/\/radiolifefm.com.br\/noticias\/o-vigilante-provinciano\/","og_locale":"pt_BR","og_type":"article","og_title":"O VIGILANTE PROVINCIANO... - R\u00e1dio Life FM","og_description":"\u201c&#8230; eu prefiro ser, aquela metamorfose ambulante, do que ter aquela opini\u00e3o formada sobre tudo&#8230;\u201d (Raul Seixas) &nbsp; S\u00e9rgio Barbosa (*) &nbsp; &nbsp; A prov\u00edncia, de uns tempos para c\u00e1, deu pra ter um pouco de tudo em suas ruas e esquinas escusas para um desencontro a mais na vida daquelas pessoas que passam as [&hellip;]","og_url":"https:\/\/radiolifefm.com.br\/noticias\/o-vigilante-provinciano\/","og_site_name":"R\u00e1dio Life FM","article_publisher":"https:\/\/www.facebook.com\/radiolifefm\/","article_published_time":"2022-07-01T11:03:27+00:00","article_modified_time":"2026-03-17T00:12:06+00:00","og_image":[{"width":972,"height":1296,"url":"https:\/\/radiolifefm.com.br\/noticias\/wp-content\/uploads\/2022\/04\/WhatsApp-Image-2022-04-10-at-18.43.02.jpeg","type":"image\/jpeg"}],"author":"ritanery","twitter_card":"summary_large_image","twitter_misc":{"Escrito por":"ritanery","Est. tempo de leitura":"3 minutos"},"schema":{"@context":"https:\/\/schema.org","@graph":[{"@type":"Article","@id":"https:\/\/radiolifefm.com.br\/noticias\/o-vigilante-provinciano\/#article","isPartOf":{"@id":"https:\/\/radiolifefm.com.br\/noticias\/o-vigilante-provinciano\/"},"author":{"name":"ritanery","@id":"https:\/\/radiolifefm.com.br\/noticias\/#\/schema\/person\/6339b9fac59d12b071dec680d7375d87"},"headline":"O VIGILANTE PROVINCIANO&#8230;","datePublished":"2022-07-01T11:03:27+00:00","dateModified":"2026-03-17T00:12:06+00:00","mainEntityOfPage":{"@id":"https:\/\/radiolifefm.com.br\/noticias\/o-vigilante-provinciano\/"},"wordCount":500,"publisher":{"@id":"https:\/\/radiolifefm.com.br\/noticias\/#organization"},"image":{"@id":"https:\/\/radiolifefm.com.br\/noticias\/o-vigilante-provinciano\/#primaryimage"},"thumbnailUrl":"https:\/\/radiolifefm.com.br\/noticias\/wp-content\/uploads\/2022\/04\/WhatsApp-Image-2022-04-10-at-18.43.02.jpeg","articleSection":["Opini\u00e3o"],"inLanguage":"pt-BR"},{"@type":"WebPage","@id":"https:\/\/radiolifefm.com.br\/noticias\/o-vigilante-provinciano\/","url":"https:\/\/radiolifefm.com.br\/noticias\/o-vigilante-provinciano\/","name":"O VIGILANTE PROVINCIANO... - R\u00e1dio Life FM","isPartOf":{"@id":"https:\/\/radiolifefm.com.br\/noticias\/#website"},"primaryImageOfPage":{"@id":"https:\/\/radiolifefm.com.br\/noticias\/o-vigilante-provinciano\/#primaryimage"},"image":{"@id":"https:\/\/radiolifefm.com.br\/noticias\/o-vigilante-provinciano\/#primaryimage"},"thumbnailUrl":"https:\/\/radiolifefm.com.br\/noticias\/wp-content\/uploads\/2022\/04\/WhatsApp-Image-2022-04-10-at-18.43.02.jpeg","datePublished":"2022-07-01T11:03:27+00:00","dateModified":"2026-03-17T00:12:06+00:00","breadcrumb":{"@id":"https:\/\/radiolifefm.com.br\/noticias\/o-vigilante-provinciano\/#breadcrumb"},"inLanguage":"pt-BR","potentialAction":[{"@type":"ReadAction","target":["https:\/\/radiolifefm.com.br\/noticias\/o-vigilante-provinciano\/"]}]},{"@type":"ImageObject","inLanguage":"pt-BR","@id":"https:\/\/radiolifefm.com.br\/noticias\/o-vigilante-provinciano\/#primaryimage","url":"https:\/\/radiolifefm.com.br\/noticias\/wp-content\/uploads\/2022\/04\/WhatsApp-Image-2022-04-10-at-18.43.02.jpeg","contentUrl":"https:\/\/radiolifefm.com.br\/noticias\/wp-content\/uploads\/2022\/04\/WhatsApp-Image-2022-04-10-at-18.43.02.jpeg","width":972,"height":1296,"caption":"S\u00e9rgio Barbosa"},{"@type":"BreadcrumbList","@id":"https:\/\/radiolifefm.com.br\/noticias\/o-vigilante-provinciano\/#breadcrumb","itemListElement":[{"@type":"ListItem","position":1,"name":"In\u00edcio","item":"https:\/\/radiolifefm.com.br\/noticias\/"},{"@type":"ListItem","position":2,"name":"O VIGILANTE PROVINCIANO&#8230;"}]},{"@type":"WebSite","@id":"https:\/\/radiolifefm.com.br\/noticias\/#website","url":"https:\/\/radiolifefm.com.br\/noticias\/","name":"R\u00e1dio Life FM","description":"O Portal de Not\u00edcias de Adamantina","publisher":{"@id":"https:\/\/radiolifefm.com.br\/noticias\/#organization"},"alternateName":"Life FM","potentialAction":[{"@type":"SearchAction","target":{"@type":"EntryPoint","urlTemplate":"https:\/\/radiolifefm.com.br\/noticias\/?s={search_term_string}"},"query-input":{"@type":"PropertyValueSpecification","valueRequired":true,"valueName":"search_term_string"}}],"inLanguage":"pt-BR"},{"@type":"Organization","@id":"https:\/\/radiolifefm.com.br\/noticias\/#organization","name":"R\u00e1dio Life FM","alternateName":"Life FM","url":"https:\/\/radiolifefm.com.br\/noticias\/","logo":{"@type":"ImageObject","inLanguage":"pt-BR","@id":"https:\/\/radiolifefm.com.br\/noticias\/#\/schema\/logo\/image\/","url":"https:\/\/static.radiolifefm.com.br\/noticias\/wp-content\/uploads\/2019\/10\/logo-lifefm.png","contentUrl":"https:\/\/static.radiolifefm.com.br\/noticias\/wp-content\/uploads\/2019\/10\/logo-lifefm.png","width":196,"height":47,"caption":"R\u00e1dio Life FM"},"image":{"@id":"https:\/\/radiolifefm.com.br\/noticias\/#\/schema\/logo\/image\/"},"sameAs":["https:\/\/www.facebook.com\/radiolifefm\/","https:\/\/www.instagram.com\/life1079fm\/"]},{"@type":"Person","@id":"https:\/\/radiolifefm.com.br\/noticias\/#\/schema\/person\/6339b9fac59d12b071dec680d7375d87","name":"ritanery","image":{"@type":"ImageObject","inLanguage":"pt-BR","@id":"https:\/\/secure.gravatar.com\/avatar\/0e37bb19071f47c0b8a23f62a903df117c5a0e75f65a0c2901562f97cd41cf86?s=96&d=mm&r=g","url":"https:\/\/secure.gravatar.com\/avatar\/0e37bb19071f47c0b8a23f62a903df117c5a0e75f65a0c2901562f97cd41cf86?s=96&d=mm&r=g","contentUrl":"https:\/\/secure.gravatar.com\/avatar\/0e37bb19071f47c0b8a23f62a903df117c5a0e75f65a0c2901562f97cd41cf86?s=96&d=mm&r=g","caption":"ritanery"}}]}},"amp_enabled":true,"_links":{"self":[{"href":"https:\/\/radiolifefm.com.br\/noticias\/wp-json\/wp\/v2\/posts\/55307","targetHints":{"allow":["GET"]}}],"collection":[{"href":"https:\/\/radiolifefm.com.br\/noticias\/wp-json\/wp\/v2\/posts"}],"about":[{"href":"https:\/\/radiolifefm.com.br\/noticias\/wp-json\/wp\/v2\/types\/post"}],"author":[{"embeddable":true,"href":"https:\/\/radiolifefm.com.br\/noticias\/wp-json\/wp\/v2\/users\/13"}],"replies":[{"embeddable":true,"href":"https:\/\/radiolifefm.com.br\/noticias\/wp-json\/wp\/v2\/comments?post=55307"}],"version-history":[{"count":1,"href":"https:\/\/radiolifefm.com.br\/noticias\/wp-json\/wp\/v2\/posts\/55307\/revisions"}],"predecessor-version":[{"id":55308,"href":"https:\/\/radiolifefm.com.br\/noticias\/wp-json\/wp\/v2\/posts\/55307\/revisions\/55308"}],"wp:featuredmedia":[{"embeddable":true,"href":"https:\/\/radiolifefm.com.br\/noticias\/wp-json\/wp\/v2\/media\/51988"}],"wp:attachment":[{"href":"https:\/\/radiolifefm.com.br\/noticias\/wp-json\/wp\/v2\/media?parent=55307"}],"wp:term":[{"taxonomy":"category","embeddable":true,"href":"https:\/\/radiolifefm.com.br\/noticias\/wp-json\/wp\/v2\/categories?post=55307"},{"taxonomy":"post_tag","embeddable":true,"href":"https:\/\/radiolifefm.com.br\/noticias\/wp-json\/wp\/v2\/tags?post=55307"}],"curies":[{"name":"wp","href":"https:\/\/api.w.org\/{rel}","templated":true}]}}