{"id":55286,"date":"2022-06-30T09:58:47","date_gmt":"2022-06-30T12:58:47","guid":{"rendered":"https:\/\/radiolifefm.com.br\/noticias\/?p=55286"},"modified":"2026-04-09T06:59:42","modified_gmt":"2026-04-09T09:59:42","slug":"hoje-ocorre-a-solenidade-de-comemoracao-dos-30-anos-da-delegacia-de-defesa-da-mulher-de-adamantina","status":"publish","type":"post","link":"https:\/\/radiolifefm.com.br\/noticias\/hoje-ocorre-a-solenidade-de-comemoracao-dos-30-anos-da-delegacia-de-defesa-da-mulher-de-adamantina\/","title":{"rendered":"Hoje ocorre a solenidade de comemora\u00e7\u00e3o dos 30 anos da Delegacia de Defesa da Mulher de Adamantina"},"content":{"rendered":"<div id=\"fb-root\"><\/div>\n<p>A Delegacia de Defesa da Mulher de Adamantina completar\u00e1 30 anos, uma vez que foi instalada no munic\u00edpio no dia 9 de julho de 1992. E na noite desta quinta-feira (30) a Prefeitura de Adamantina e a Pol\u00edcia Civil do Estado de S\u00e3o Paulo realizam a solenidade especial de comemora\u00e7\u00e3o desta marca hist\u00f3rica.<\/p>\n<p>\u201cAp\u00f3s sete anos da inaugura\u00e7\u00e3o da 1\u00aa Delegacia de Defesa da Mulher em S\u00e3o Paulo, conquistamos algo que faria diferen\u00e7a nos dias atuais. Foi um esfor\u00e7o muito grande de algumas mulheres, que se organizaram dentro da sociedade, para que a mulher tivesse esse espa\u00e7o diferenciado a fim de fazer den\u00fancias das viol\u00eancias que sofriam\u201d, relatou ao Adamantina Net a atual delegada titular da DDM, Dra. Patr\u00edcia Tranche Vasques.<\/p>\n<p>O evento de hoje tem in\u00edcio previsto para as 19h30 e contar\u00e1 com a presen\u00e7a de convidados \u2013 desde autoridades dos mais distintos segmentos da sociedade at\u00e9 representantes da comunidade \u2013 na sede da Delegacia de Defesa da Mulher de Adamantina.<\/p>\n<p>Tamb\u00e9m como registro hist\u00f3rico, vale recordar que a 1\u00aa delegada titular foi a Dra. Rita de C\u00e1ssia Gea Sanches, que se aposentou recentemente.<\/p>\n<p>O atendimento feito na DDM \u00e9 especializado e realizado por pessoas mulheres. \u201cElas s\u00e3o devidamente capacitadas na quest\u00e3o de g\u00eanero. Ali h\u00e1 uma individualiza\u00e7\u00e3o do problema, que recebe toda aten\u00e7\u00e3o necess\u00e1ria. Quando necess\u00e1rio, as solicita\u00e7\u00f5es das reivindica\u00e7\u00f5es apresentadas pelas mulheres nesta Delegacia s\u00e3o encaminhadas no mesmo dia ao Poder Judici\u00e1rio\u201d, ressaltou a Dra. Patr\u00edcia. E completou: \u201c\u00c9 importante frisar que a den\u00fancia referente \u00e0s agress\u00f5es \u00e9 de suma import\u00e2ncia, pois a partir dela \u00e9 que s\u00e3o desencadeadas as dilig\u00eancias no intuito de apurar os fatos e autoria\u201d.<\/p>\n<p>&nbsp;<\/p>\n<p>Fonte: Adamantina Net<\/p>\n","protected":false},"excerpt":{"rendered":"<p>A Delegacia de Defesa da Mulher de Adamantina completar\u00e1 30 anos, uma vez que foi instalada no munic\u00edpio no dia 9 de julho de 1992. E na noite desta quinta-feira (30) a Prefeitura de Adamantina e a Pol\u00edcia Civil do Estado de S\u00e3o Paulo realizam a solenidade especial de comemora\u00e7\u00e3o desta marca hist\u00f3rica. \u201cAp\u00f3s sete [&hellip;]<\/p>\n","protected":false},"author":13,"featured_media":55287,"comment_status":"closed","ping_status":"open","sticky":false,"template":"","format":"standard","meta":{"_acf_changed":false,"_exactmetrics_skip_tracking":false,"_exactmetrics_sitenote_active":false,"_exactmetrics_sitenote_note":"","_exactmetrics_sitenote_category":0,"footnotes":""},"categories":[21],"tags":[],"class_list":["post-55286","post","type-post","status-publish","format-standard","has-post-thumbnail","hentry","category-adamantina"],"acf":[],"yoast_head":"<!-- This site is optimized with the Yoast SEO plugin v27.2 - https:\/\/yoast.com\/product\/yoast-seo-wordpress\/ -->\n<title>Hoje ocorre a solenidade de comemora\u00e7\u00e3o dos 30 anos da Delegacia de Defesa da Mulher de Adamantina - R\u00e1dio Life FM<\/title>\n<meta name=\"robots\" content=\"index, follow, max-snippet:-1, max-image-preview:large, max-video-preview:-1\" \/>\n<link rel=\"canonical\" href=\"https:\/\/radiolifefm.com.br\/noticias\/hoje-ocorre-a-solenidade-de-comemoracao-dos-30-anos-da-delegacia-de-defesa-da-mulher-de-adamantina\/\" \/>\n<meta property=\"og:locale\" content=\"pt_BR\" \/>\n<meta property=\"og:type\" content=\"article\" \/>\n<meta property=\"og:title\" content=\"Hoje ocorre a solenidade de comemora\u00e7\u00e3o dos 30 anos da Delegacia de Defesa da Mulher de Adamantina - R\u00e1dio Life FM\" \/>\n<meta property=\"og:description\" content=\"A Delegacia de Defesa da Mulher de Adamantina completar\u00e1 30 anos, uma vez que foi instalada no munic\u00edpio no dia 9 de julho de 1992. E na noite desta quinta-feira (30) a Prefeitura de Adamantina e a Pol\u00edcia Civil do Estado de S\u00e3o Paulo realizam a solenidade especial de comemora\u00e7\u00e3o desta marca hist\u00f3rica. \u201cAp\u00f3s sete [&hellip;]\" \/>\n<meta property=\"og:url\" content=\"https:\/\/radiolifefm.com.br\/noticias\/hoje-ocorre-a-solenidade-de-comemoracao-dos-30-anos-da-delegacia-de-defesa-da-mulher-de-adamantina\/\" \/>\n<meta property=\"og:site_name\" content=\"R\u00e1dio Life FM\" \/>\n<meta property=\"article:publisher\" content=\"https:\/\/www.facebook.com\/radiolifefm\/\" \/>\n<meta property=\"article:published_time\" content=\"2022-06-30T12:58:47+00:00\" \/>\n<meta property=\"article:modified_time\" content=\"2026-04-09T09:59:42+00:00\" \/>\n<meta property=\"og:image\" content=\"https:\/\/radiolifefm.com.br\/noticias\/wp-content\/uploads\/2022\/06\/DDM-Adamantina-30-anos-800x445-1.jpg\" \/>\n\t<meta property=\"og:image:width\" content=\"800\" \/>\n\t<meta property=\"og:image:height\" content=\"445\" \/>\n\t<meta property=\"og:image:type\" content=\"image\/jpeg\" \/>\n<meta name=\"author\" content=\"ritanery\" \/>\n<meta name=\"twitter:card\" content=\"summary_large_image\" \/>\n<meta name=\"twitter:label1\" content=\"Escrito por\" \/>\n\t<meta name=\"twitter:data1\" content=\"ritanery\" \/>\n\t<meta name=\"twitter:label2\" content=\"Est. tempo de leitura\" \/>\n\t<meta name=\"twitter:data2\" content=\"2 minutos\" \/>\n<script type=\"application\/ld+json\" class=\"yoast-schema-graph\">{\"@context\":\"https:\/\/schema.org\",\"@graph\":[{\"@type\":\"Article\",\"@id\":\"https:\/\/radiolifefm.com.br\/noticias\/hoje-ocorre-a-solenidade-de-comemoracao-dos-30-anos-da-delegacia-de-defesa-da-mulher-de-adamantina\/#article\",\"isPartOf\":{\"@id\":\"https:\/\/radiolifefm.com.br\/noticias\/hoje-ocorre-a-solenidade-de-comemoracao-dos-30-anos-da-delegacia-de-defesa-da-mulher-de-adamantina\/\"},\"author\":{\"name\":\"ritanery\",\"@id\":\"https:\/\/radiolifefm.com.br\/noticias\/#\/schema\/person\/6339b9fac59d12b071dec680d7375d87\"},\"headline\":\"Hoje ocorre a solenidade de comemora\u00e7\u00e3o dos 30 anos da Delegacia de Defesa da Mulher de Adamantina\",\"datePublished\":\"2022-06-30T12:58:47+00:00\",\"dateModified\":\"2026-04-09T09:59:42+00:00\",\"mainEntityOfPage\":{\"@id\":\"https:\/\/radiolifefm.com.br\/noticias\/hoje-ocorre-a-solenidade-de-comemoracao-dos-30-anos-da-delegacia-de-defesa-da-mulher-de-adamantina\/\"},\"wordCount\":317,\"publisher\":{\"@id\":\"https:\/\/radiolifefm.com.br\/noticias\/#organization\"},\"image\":{\"@id\":\"https:\/\/radiolifefm.com.br\/noticias\/hoje-ocorre-a-solenidade-de-comemoracao-dos-30-anos-da-delegacia-de-defesa-da-mulher-de-adamantina\/#primaryimage\"},\"thumbnailUrl\":\"https:\/\/radiolifefm.com.br\/noticias\/wp-content\/uploads\/2022\/06\/DDM-Adamantina-30-anos-800x445-1.jpg\",\"articleSection\":[\"Adamantina\"],\"inLanguage\":\"pt-BR\"},{\"@type\":\"WebPage\",\"@id\":\"https:\/\/radiolifefm.com.br\/noticias\/hoje-ocorre-a-solenidade-de-comemoracao-dos-30-anos-da-delegacia-de-defesa-da-mulher-de-adamantina\/\",\"url\":\"https:\/\/radiolifefm.com.br\/noticias\/hoje-ocorre-a-solenidade-de-comemoracao-dos-30-anos-da-delegacia-de-defesa-da-mulher-de-adamantina\/\",\"name\":\"Hoje ocorre a solenidade de comemora\u00e7\u00e3o dos 30 anos da Delegacia de Defesa da Mulher de Adamantina - R\u00e1dio Life FM\",\"isPartOf\":{\"@id\":\"https:\/\/radiolifefm.com.br\/noticias\/#website\"},\"primaryImageOfPage\":{\"@id\":\"https:\/\/radiolifefm.com.br\/noticias\/hoje-ocorre-a-solenidade-de-comemoracao-dos-30-anos-da-delegacia-de-defesa-da-mulher-de-adamantina\/#primaryimage\"},\"image\":{\"@id\":\"https:\/\/radiolifefm.com.br\/noticias\/hoje-ocorre-a-solenidade-de-comemoracao-dos-30-anos-da-delegacia-de-defesa-da-mulher-de-adamantina\/#primaryimage\"},\"thumbnailUrl\":\"https:\/\/radiolifefm.com.br\/noticias\/wp-content\/uploads\/2022\/06\/DDM-Adamantina-30-anos-800x445-1.jpg\",\"datePublished\":\"2022-06-30T12:58:47+00:00\",\"dateModified\":\"2026-04-09T09:59:42+00:00\",\"breadcrumb\":{\"@id\":\"https:\/\/radiolifefm.com.br\/noticias\/hoje-ocorre-a-solenidade-de-comemoracao-dos-30-anos-da-delegacia-de-defesa-da-mulher-de-adamantina\/#breadcrumb\"},\"inLanguage\":\"pt-BR\",\"potentialAction\":[{\"@type\":\"ReadAction\",\"target\":[\"https:\/\/radiolifefm.com.br\/noticias\/hoje-ocorre-a-solenidade-de-comemoracao-dos-30-anos-da-delegacia-de-defesa-da-mulher-de-adamantina\/\"]}]},{\"@type\":\"ImageObject\",\"inLanguage\":\"pt-BR\",\"@id\":\"https:\/\/radiolifefm.com.br\/noticias\/hoje-ocorre-a-solenidade-de-comemoracao-dos-30-anos-da-delegacia-de-defesa-da-mulher-de-adamantina\/#primaryimage\",\"url\":\"https:\/\/radiolifefm.com.br\/noticias\/wp-content\/uploads\/2022\/06\/DDM-Adamantina-30-anos-800x445-1.jpg\",\"contentUrl\":\"https:\/\/radiolifefm.com.br\/noticias\/wp-content\/uploads\/2022\/06\/DDM-Adamantina-30-anos-800x445-1.jpg\",\"width\":800,\"height\":445},{\"@type\":\"BreadcrumbList\",\"@id\":\"https:\/\/radiolifefm.com.br\/noticias\/hoje-ocorre-a-solenidade-de-comemoracao-dos-30-anos-da-delegacia-de-defesa-da-mulher-de-adamantina\/#breadcrumb\",\"itemListElement\":[{\"@type\":\"ListItem\",\"position\":1,\"name\":\"In\u00edcio\",\"item\":\"https:\/\/radiolifefm.com.br\/noticias\/\"},{\"@type\":\"ListItem\",\"position\":2,\"name\":\"Hoje ocorre a solenidade de comemora\u00e7\u00e3o dos 30 anos da Delegacia de Defesa da Mulher de Adamantina\"}]},{\"@type\":\"WebSite\",\"@id\":\"https:\/\/radiolifefm.com.br\/noticias\/#website\",\"url\":\"https:\/\/radiolifefm.com.br\/noticias\/\",\"name\":\"R\u00e1dio Life FM\",\"description\":\"O Portal de Not\u00edcias de Adamantina\",\"publisher\":{\"@id\":\"https:\/\/radiolifefm.com.br\/noticias\/#organization\"},\"alternateName\":\"Life FM\",\"potentialAction\":[{\"@type\":\"SearchAction\",\"target\":{\"@type\":\"EntryPoint\",\"urlTemplate\":\"https:\/\/radiolifefm.com.br\/noticias\/?s={search_term_string}\"},\"query-input\":{\"@type\":\"PropertyValueSpecification\",\"valueRequired\":true,\"valueName\":\"search_term_string\"}}],\"inLanguage\":\"pt-BR\"},{\"@type\":\"Organization\",\"@id\":\"https:\/\/radiolifefm.com.br\/noticias\/#organization\",\"name\":\"R\u00e1dio Life FM\",\"alternateName\":\"Life FM\",\"url\":\"https:\/\/radiolifefm.com.br\/noticias\/\",\"logo\":{\"@type\":\"ImageObject\",\"inLanguage\":\"pt-BR\",\"@id\":\"https:\/\/radiolifefm.com.br\/noticias\/#\/schema\/logo\/image\/\",\"url\":\"https:\/\/static.radiolifefm.com.br\/noticias\/wp-content\/uploads\/2019\/10\/logo-lifefm.png\",\"contentUrl\":\"https:\/\/static.radiolifefm.com.br\/noticias\/wp-content\/uploads\/2019\/10\/logo-lifefm.png\",\"width\":196,\"height\":47,\"caption\":\"R\u00e1dio Life FM\"},\"image\":{\"@id\":\"https:\/\/radiolifefm.com.br\/noticias\/#\/schema\/logo\/image\/\"},\"sameAs\":[\"https:\/\/www.facebook.com\/radiolifefm\/\",\"https:\/\/www.instagram.com\/life1079fm\/\"]},{\"@type\":\"Person\",\"@id\":\"https:\/\/radiolifefm.com.br\/noticias\/#\/schema\/person\/6339b9fac59d12b071dec680d7375d87\",\"name\":\"ritanery\",\"image\":{\"@type\":\"ImageObject\",\"inLanguage\":\"pt-BR\",\"@id\":\"https:\/\/secure.gravatar.com\/avatar\/0e37bb19071f47c0b8a23f62a903df117c5a0e75f65a0c2901562f97cd41cf86?s=96&d=mm&r=g\",\"url\":\"https:\/\/secure.gravatar.com\/avatar\/0e37bb19071f47c0b8a23f62a903df117c5a0e75f65a0c2901562f97cd41cf86?s=96&d=mm&r=g\",\"contentUrl\":\"https:\/\/secure.gravatar.com\/avatar\/0e37bb19071f47c0b8a23f62a903df117c5a0e75f65a0c2901562f97cd41cf86?s=96&d=mm&r=g\",\"caption\":\"ritanery\"}}]}<\/script>\n<!-- \/ Yoast SEO plugin. -->","yoast_head_json":{"title":"Hoje ocorre a solenidade de comemora\u00e7\u00e3o dos 30 anos da Delegacia de Defesa da Mulher de Adamantina - R\u00e1dio Life FM","robots":{"index":"index","follow":"follow","max-snippet":"max-snippet:-1","max-image-preview":"max-image-preview:large","max-video-preview":"max-video-preview:-1"},"canonical":"https:\/\/radiolifefm.com.br\/noticias\/hoje-ocorre-a-solenidade-de-comemoracao-dos-30-anos-da-delegacia-de-defesa-da-mulher-de-adamantina\/","og_locale":"pt_BR","og_type":"article","og_title":"Hoje ocorre a solenidade de comemora\u00e7\u00e3o dos 30 anos da Delegacia de Defesa da Mulher de Adamantina - R\u00e1dio Life FM","og_description":"A Delegacia de Defesa da Mulher de Adamantina completar\u00e1 30 anos, uma vez que foi instalada no munic\u00edpio no dia 9 de julho de 1992. E na noite desta quinta-feira (30) a Prefeitura de Adamantina e a Pol\u00edcia Civil do Estado de S\u00e3o Paulo realizam a solenidade especial de comemora\u00e7\u00e3o desta marca hist\u00f3rica. \u201cAp\u00f3s sete [&hellip;]","og_url":"https:\/\/radiolifefm.com.br\/noticias\/hoje-ocorre-a-solenidade-de-comemoracao-dos-30-anos-da-delegacia-de-defesa-da-mulher-de-adamantina\/","og_site_name":"R\u00e1dio Life FM","article_publisher":"https:\/\/www.facebook.com\/radiolifefm\/","article_published_time":"2022-06-30T12:58:47+00:00","article_modified_time":"2026-04-09T09:59:42+00:00","og_image":[{"width":800,"height":445,"url":"https:\/\/radiolifefm.com.br\/noticias\/wp-content\/uploads\/2022\/06\/DDM-Adamantina-30-anos-800x445-1.jpg","type":"image\/jpeg"}],"author":"ritanery","twitter_card":"summary_large_image","twitter_misc":{"Escrito por":"ritanery","Est. tempo de leitura":"2 minutos"},"schema":{"@context":"https:\/\/schema.org","@graph":[{"@type":"Article","@id":"https:\/\/radiolifefm.com.br\/noticias\/hoje-ocorre-a-solenidade-de-comemoracao-dos-30-anos-da-delegacia-de-defesa-da-mulher-de-adamantina\/#article","isPartOf":{"@id":"https:\/\/radiolifefm.com.br\/noticias\/hoje-ocorre-a-solenidade-de-comemoracao-dos-30-anos-da-delegacia-de-defesa-da-mulher-de-adamantina\/"},"author":{"name":"ritanery","@id":"https:\/\/radiolifefm.com.br\/noticias\/#\/schema\/person\/6339b9fac59d12b071dec680d7375d87"},"headline":"Hoje ocorre a solenidade de comemora\u00e7\u00e3o dos 30 anos da Delegacia de Defesa da Mulher de Adamantina","datePublished":"2022-06-30T12:58:47+00:00","dateModified":"2026-04-09T09:59:42+00:00","mainEntityOfPage":{"@id":"https:\/\/radiolifefm.com.br\/noticias\/hoje-ocorre-a-solenidade-de-comemoracao-dos-30-anos-da-delegacia-de-defesa-da-mulher-de-adamantina\/"},"wordCount":317,"publisher":{"@id":"https:\/\/radiolifefm.com.br\/noticias\/#organization"},"image":{"@id":"https:\/\/radiolifefm.com.br\/noticias\/hoje-ocorre-a-solenidade-de-comemoracao-dos-30-anos-da-delegacia-de-defesa-da-mulher-de-adamantina\/#primaryimage"},"thumbnailUrl":"https:\/\/radiolifefm.com.br\/noticias\/wp-content\/uploads\/2022\/06\/DDM-Adamantina-30-anos-800x445-1.jpg","articleSection":["Adamantina"],"inLanguage":"pt-BR"},{"@type":"WebPage","@id":"https:\/\/radiolifefm.com.br\/noticias\/hoje-ocorre-a-solenidade-de-comemoracao-dos-30-anos-da-delegacia-de-defesa-da-mulher-de-adamantina\/","url":"https:\/\/radiolifefm.com.br\/noticias\/hoje-ocorre-a-solenidade-de-comemoracao-dos-30-anos-da-delegacia-de-defesa-da-mulher-de-adamantina\/","name":"Hoje ocorre a solenidade de comemora\u00e7\u00e3o dos 30 anos da Delegacia de Defesa da Mulher de Adamantina - R\u00e1dio Life FM","isPartOf":{"@id":"https:\/\/radiolifefm.com.br\/noticias\/#website"},"primaryImageOfPage":{"@id":"https:\/\/radiolifefm.com.br\/noticias\/hoje-ocorre-a-solenidade-de-comemoracao-dos-30-anos-da-delegacia-de-defesa-da-mulher-de-adamantina\/#primaryimage"},"image":{"@id":"https:\/\/radiolifefm.com.br\/noticias\/hoje-ocorre-a-solenidade-de-comemoracao-dos-30-anos-da-delegacia-de-defesa-da-mulher-de-adamantina\/#primaryimage"},"thumbnailUrl":"https:\/\/radiolifefm.com.br\/noticias\/wp-content\/uploads\/2022\/06\/DDM-Adamantina-30-anos-800x445-1.jpg","datePublished":"2022-06-30T12:58:47+00:00","dateModified":"2026-04-09T09:59:42+00:00","breadcrumb":{"@id":"https:\/\/radiolifefm.com.br\/noticias\/hoje-ocorre-a-solenidade-de-comemoracao-dos-30-anos-da-delegacia-de-defesa-da-mulher-de-adamantina\/#breadcrumb"},"inLanguage":"pt-BR","potentialAction":[{"@type":"ReadAction","target":["https:\/\/radiolifefm.com.br\/noticias\/hoje-ocorre-a-solenidade-de-comemoracao-dos-30-anos-da-delegacia-de-defesa-da-mulher-de-adamantina\/"]}]},{"@type":"ImageObject","inLanguage":"pt-BR","@id":"https:\/\/radiolifefm.com.br\/noticias\/hoje-ocorre-a-solenidade-de-comemoracao-dos-30-anos-da-delegacia-de-defesa-da-mulher-de-adamantina\/#primaryimage","url":"https:\/\/radiolifefm.com.br\/noticias\/wp-content\/uploads\/2022\/06\/DDM-Adamantina-30-anos-800x445-1.jpg","contentUrl":"https:\/\/radiolifefm.com.br\/noticias\/wp-content\/uploads\/2022\/06\/DDM-Adamantina-30-anos-800x445-1.jpg","width":800,"height":445},{"@type":"BreadcrumbList","@id":"https:\/\/radiolifefm.com.br\/noticias\/hoje-ocorre-a-solenidade-de-comemoracao-dos-30-anos-da-delegacia-de-defesa-da-mulher-de-adamantina\/#breadcrumb","itemListElement":[{"@type":"ListItem","position":1,"name":"In\u00edcio","item":"https:\/\/radiolifefm.com.br\/noticias\/"},{"@type":"ListItem","position":2,"name":"Hoje ocorre a solenidade de comemora\u00e7\u00e3o dos 30 anos da Delegacia de Defesa da Mulher de Adamantina"}]},{"@type":"WebSite","@id":"https:\/\/radiolifefm.com.br\/noticias\/#website","url":"https:\/\/radiolifefm.com.br\/noticias\/","name":"R\u00e1dio Life FM","description":"O Portal de Not\u00edcias de Adamantina","publisher":{"@id":"https:\/\/radiolifefm.com.br\/noticias\/#organization"},"alternateName":"Life FM","potentialAction":[{"@type":"SearchAction","target":{"@type":"EntryPoint","urlTemplate":"https:\/\/radiolifefm.com.br\/noticias\/?s={search_term_string}"},"query-input":{"@type":"PropertyValueSpecification","valueRequired":true,"valueName":"search_term_string"}}],"inLanguage":"pt-BR"},{"@type":"Organization","@id":"https:\/\/radiolifefm.com.br\/noticias\/#organization","name":"R\u00e1dio Life FM","alternateName":"Life FM","url":"https:\/\/radiolifefm.com.br\/noticias\/","logo":{"@type":"ImageObject","inLanguage":"pt-BR","@id":"https:\/\/radiolifefm.com.br\/noticias\/#\/schema\/logo\/image\/","url":"https:\/\/static.radiolifefm.com.br\/noticias\/wp-content\/uploads\/2019\/10\/logo-lifefm.png","contentUrl":"https:\/\/static.radiolifefm.com.br\/noticias\/wp-content\/uploads\/2019\/10\/logo-lifefm.png","width":196,"height":47,"caption":"R\u00e1dio Life FM"},"image":{"@id":"https:\/\/radiolifefm.com.br\/noticias\/#\/schema\/logo\/image\/"},"sameAs":["https:\/\/www.facebook.com\/radiolifefm\/","https:\/\/www.instagram.com\/life1079fm\/"]},{"@type":"Person","@id":"https:\/\/radiolifefm.com.br\/noticias\/#\/schema\/person\/6339b9fac59d12b071dec680d7375d87","name":"ritanery","image":{"@type":"ImageObject","inLanguage":"pt-BR","@id":"https:\/\/secure.gravatar.com\/avatar\/0e37bb19071f47c0b8a23f62a903df117c5a0e75f65a0c2901562f97cd41cf86?s=96&d=mm&r=g","url":"https:\/\/secure.gravatar.com\/avatar\/0e37bb19071f47c0b8a23f62a903df117c5a0e75f65a0c2901562f97cd41cf86?s=96&d=mm&r=g","contentUrl":"https:\/\/secure.gravatar.com\/avatar\/0e37bb19071f47c0b8a23f62a903df117c5a0e75f65a0c2901562f97cd41cf86?s=96&d=mm&r=g","caption":"ritanery"}}]}},"amp_enabled":true,"_links":{"self":[{"href":"https:\/\/radiolifefm.com.br\/noticias\/wp-json\/wp\/v2\/posts\/55286","targetHints":{"allow":["GET"]}}],"collection":[{"href":"https:\/\/radiolifefm.com.br\/noticias\/wp-json\/wp\/v2\/posts"}],"about":[{"href":"https:\/\/radiolifefm.com.br\/noticias\/wp-json\/wp\/v2\/types\/post"}],"author":[{"embeddable":true,"href":"https:\/\/radiolifefm.com.br\/noticias\/wp-json\/wp\/v2\/users\/13"}],"replies":[{"embeddable":true,"href":"https:\/\/radiolifefm.com.br\/noticias\/wp-json\/wp\/v2\/comments?post=55286"}],"version-history":[{"count":2,"href":"https:\/\/radiolifefm.com.br\/noticias\/wp-json\/wp\/v2\/posts\/55286\/revisions"}],"predecessor-version":[{"id":55289,"href":"https:\/\/radiolifefm.com.br\/noticias\/wp-json\/wp\/v2\/posts\/55286\/revisions\/55289"}],"wp:featuredmedia":[{"embeddable":true,"href":"https:\/\/radiolifefm.com.br\/noticias\/wp-json\/wp\/v2\/media\/55287"}],"wp:attachment":[{"href":"https:\/\/radiolifefm.com.br\/noticias\/wp-json\/wp\/v2\/media?parent=55286"}],"wp:term":[{"taxonomy":"category","embeddable":true,"href":"https:\/\/radiolifefm.com.br\/noticias\/wp-json\/wp\/v2\/categories?post=55286"},{"taxonomy":"post_tag","embeddable":true,"href":"https:\/\/radiolifefm.com.br\/noticias\/wp-json\/wp\/v2\/tags?post=55286"}],"curies":[{"name":"wp","href":"https:\/\/api.w.org\/{rel}","templated":true}]}}