{"id":55261,"date":"2022-06-29T09:43:44","date_gmt":"2022-06-29T12:43:44","guid":{"rendered":"https:\/\/radiolifefm.com.br\/noticias\/?p=55261"},"modified":"2025-12-15T20:48:07","modified_gmt":"2025-12-15T23:48:07","slug":"pl-que-da-o-nome-de-tuika-yamamoto-ao-polo-de-capacitacao-da-de-ja-pode-ser-votado-na-alesp","status":"publish","type":"post","link":"https:\/\/radiolifefm.com.br\/noticias\/pl-que-da-o-nome-de-tuika-yamamoto-ao-polo-de-capacitacao-da-de-ja-pode-ser-votado-na-alesp\/","title":{"rendered":"PL que d\u00e1 o nome de Tuika Yamamoto ao Polo de Capacita\u00e7\u00e3o da DE j\u00e1 pode ser votado na Alesp"},"content":{"rendered":"<div id=\"fb-root\"><\/div>\n<p>O Polo de Capacita\u00e7\u00e3o \u2013 Rede do Saber da Diretoria de Ensino da Regi\u00e3o de Adamantina deve ganhar o nome de \u2018Tuika Yamamoto de Oliveira Lima\u2019.<\/p>\n<p>Uma justa homenagem \u00e0 dedicada professora e combativa ex-vereadora adamantinense proposta no Projeto de lei 425\/2020, de autoria do Deputado Andr\u00e9 do Prado (PL), e que recebeu aprova\u00e7\u00e3o conclusiva publicada no dia 15 de junho Di\u00e1rio Oficial do Estado de S\u00e3o Paulo.<\/p>\n<p>De acordo com informa\u00e7\u00f5es veiculadas nesta semana pelo Jornal Di\u00e1rio do Oeste, a aprova\u00e7\u00e3o ocorreu durante a 4\u00aa Reuni\u00e3o Extraordin\u00e1ria da Assembleia Legislativa do Estado de S\u00e3o Paulo (Alesp). Com isso o PL 425\/2020 est\u00e1 apto a ser inclu\u00eddo na pauta de vota\u00e7\u00f5es.<\/p>\n<p>Professora Tuika, como era chamada, faleceu em julho de 2019, aos 89 anos. Mas tem sua hist\u00f3ria marcada em Adamantina. Al\u00e9m de educadora e diretora de escola por 35 anos, ocupou uma cadeira no Legislativo nos mandatos de 1997\/2000 e 2000\/2004 e foi uma das fundadoras do grupo de apoio a dependentes qu\u00edmicos \u2018Amor Exigente\u2019, bem como integrou a Rede Feminina de Combate ao C\u00e2ncer, o Lar Crist\u00e3o, o Lar dos Velhos, pastorais na Igreja Cat\u00f3lica e grupos ligados \u00e0 comunidade local.<\/p>\n<p>A homenagem \u00e9 fruto de indica\u00e7\u00e3o do vereador H\u00e9lio Santos (Progressistas) e tramita na Alesp desde julho de 2020, com parecer favor\u00e1vel emitido pela Comiss\u00e3o de Constitui\u00e7\u00e3o, Justi\u00e7a e Reda\u00e7\u00e3o, segundo o Di\u00e1rio.<\/p>\n<p>Agora resta apenas a vota\u00e7\u00e3o do Projeto de Lei pela Assembleia em S\u00e3o Paulo para o nome de Tuika ficar eternizado no Polo de Capacita\u00e7\u00e3o da DE, localizado na Rua Arno Kieffer, n\u00ba 45, anexo a EE. Prof\u00aa Fleurides Cavallini Menechino.<\/p>\n<p>&nbsp;<\/p>\n<p>Fonte: Adamantina Net<\/p>\n","protected":false},"excerpt":{"rendered":"<p>O Polo de Capacita\u00e7\u00e3o \u2013 Rede do Saber da Diretoria de Ensino da Regi\u00e3o de Adamantina deve ganhar o nome de \u2018Tuika Yamamoto de Oliveira Lima\u2019. Uma justa homenagem \u00e0 dedicada professora e combativa ex-vereadora adamantinense proposta no Projeto de lei 425\/2020, de autoria do Deputado Andr\u00e9 do Prado (PL), e que recebeu aprova\u00e7\u00e3o conclusiva [&hellip;]<\/p>\n","protected":false},"author":13,"featured_media":55262,"comment_status":"closed","ping_status":"open","sticky":false,"template":"","format":"standard","meta":{"_acf_changed":false,"_exactmetrics_skip_tracking":false,"_exactmetrics_sitenote_active":false,"_exactmetrics_sitenote_note":"","_exactmetrics_sitenote_category":0,"footnotes":""},"categories":[21],"tags":[],"class_list":["post-55261","post","type-post","status-publish","format-standard","has-post-thumbnail","hentry","category-adamantina"],"acf":[],"yoast_head":"<!-- This site is optimized with the Yoast SEO plugin v27.2 - https:\/\/yoast.com\/product\/yoast-seo-wordpress\/ -->\n<title>PL que d\u00e1 o nome de Tuika Yamamoto ao Polo de Capacita\u00e7\u00e3o da DE j\u00e1 pode ser votado na Alesp - R\u00e1dio Life FM<\/title>\n<meta name=\"robots\" content=\"index, follow, max-snippet:-1, max-image-preview:large, max-video-preview:-1\" \/>\n<link rel=\"canonical\" href=\"https:\/\/radiolifefm.com.br\/noticias\/pl-que-da-o-nome-de-tuika-yamamoto-ao-polo-de-capacitacao-da-de-ja-pode-ser-votado-na-alesp\/\" \/>\n<meta property=\"og:locale\" content=\"pt_BR\" \/>\n<meta property=\"og:type\" content=\"article\" \/>\n<meta property=\"og:title\" content=\"PL que d\u00e1 o nome de Tuika Yamamoto ao Polo de Capacita\u00e7\u00e3o da DE j\u00e1 pode ser votado na Alesp - R\u00e1dio Life FM\" \/>\n<meta property=\"og:description\" content=\"O Polo de Capacita\u00e7\u00e3o \u2013 Rede do Saber da Diretoria de Ensino da Regi\u00e3o de Adamantina deve ganhar o nome de \u2018Tuika Yamamoto de Oliveira Lima\u2019. Uma justa homenagem \u00e0 dedicada professora e combativa ex-vereadora adamantinense proposta no Projeto de lei 425\/2020, de autoria do Deputado Andr\u00e9 do Prado (PL), e que recebeu aprova\u00e7\u00e3o conclusiva [&hellip;]\" \/>\n<meta property=\"og:url\" content=\"https:\/\/radiolifefm.com.br\/noticias\/pl-que-da-o-nome-de-tuika-yamamoto-ao-polo-de-capacitacao-da-de-ja-pode-ser-votado-na-alesp\/\" \/>\n<meta property=\"og:site_name\" content=\"R\u00e1dio Life FM\" \/>\n<meta property=\"article:publisher\" content=\"https:\/\/www.facebook.com\/radiolifefm\/\" \/>\n<meta property=\"article:published_time\" content=\"2022-06-29T12:43:44+00:00\" \/>\n<meta property=\"article:modified_time\" content=\"2025-12-15T23:48:07+00:00\" \/>\n<meta property=\"og:image\" content=\"https:\/\/radiolifefm.com.br\/noticias\/wp-content\/uploads\/2022\/06\/Tuika-Yamamoto.jpg\" \/>\n\t<meta property=\"og:image:width\" content=\"800\" \/>\n\t<meta property=\"og:image:height\" content=\"522\" \/>\n\t<meta property=\"og:image:type\" content=\"image\/jpeg\" \/>\n<meta name=\"author\" content=\"ritanery\" \/>\n<meta name=\"twitter:card\" content=\"summary_large_image\" \/>\n<meta name=\"twitter:label1\" content=\"Escrito por\" \/>\n\t<meta name=\"twitter:data1\" content=\"ritanery\" \/>\n\t<meta name=\"twitter:label2\" content=\"Est. tempo de leitura\" \/>\n\t<meta name=\"twitter:data2\" content=\"2 minutos\" \/>\n<script type=\"application\/ld+json\" class=\"yoast-schema-graph\">{\"@context\":\"https:\/\/schema.org\",\"@graph\":[{\"@type\":\"Article\",\"@id\":\"https:\/\/radiolifefm.com.br\/noticias\/pl-que-da-o-nome-de-tuika-yamamoto-ao-polo-de-capacitacao-da-de-ja-pode-ser-votado-na-alesp\/#article\",\"isPartOf\":{\"@id\":\"https:\/\/radiolifefm.com.br\/noticias\/pl-que-da-o-nome-de-tuika-yamamoto-ao-polo-de-capacitacao-da-de-ja-pode-ser-votado-na-alesp\/\"},\"author\":{\"name\":\"ritanery\",\"@id\":\"https:\/\/radiolifefm.com.br\/noticias\/#\/schema\/person\/6339b9fac59d12b071dec680d7375d87\"},\"headline\":\"PL que d\u00e1 o nome de Tuika Yamamoto ao Polo de Capacita\u00e7\u00e3o da DE j\u00e1 pode ser votado na Alesp\",\"datePublished\":\"2022-06-29T12:43:44+00:00\",\"dateModified\":\"2025-12-15T23:48:07+00:00\",\"mainEntityOfPage\":{\"@id\":\"https:\/\/radiolifefm.com.br\/noticias\/pl-que-da-o-nome-de-tuika-yamamoto-ao-polo-de-capacitacao-da-de-ja-pode-ser-votado-na-alesp\/\"},\"wordCount\":307,\"publisher\":{\"@id\":\"https:\/\/radiolifefm.com.br\/noticias\/#organization\"},\"image\":{\"@id\":\"https:\/\/radiolifefm.com.br\/noticias\/pl-que-da-o-nome-de-tuika-yamamoto-ao-polo-de-capacitacao-da-de-ja-pode-ser-votado-na-alesp\/#primaryimage\"},\"thumbnailUrl\":\"https:\/\/radiolifefm.com.br\/noticias\/wp-content\/uploads\/2022\/06\/Tuika-Yamamoto.jpg\",\"articleSection\":[\"Adamantina\"],\"inLanguage\":\"pt-BR\"},{\"@type\":\"WebPage\",\"@id\":\"https:\/\/radiolifefm.com.br\/noticias\/pl-que-da-o-nome-de-tuika-yamamoto-ao-polo-de-capacitacao-da-de-ja-pode-ser-votado-na-alesp\/\",\"url\":\"https:\/\/radiolifefm.com.br\/noticias\/pl-que-da-o-nome-de-tuika-yamamoto-ao-polo-de-capacitacao-da-de-ja-pode-ser-votado-na-alesp\/\",\"name\":\"PL que d\u00e1 o nome de Tuika Yamamoto ao Polo de Capacita\u00e7\u00e3o da DE j\u00e1 pode ser votado na Alesp - R\u00e1dio Life FM\",\"isPartOf\":{\"@id\":\"https:\/\/radiolifefm.com.br\/noticias\/#website\"},\"primaryImageOfPage\":{\"@id\":\"https:\/\/radiolifefm.com.br\/noticias\/pl-que-da-o-nome-de-tuika-yamamoto-ao-polo-de-capacitacao-da-de-ja-pode-ser-votado-na-alesp\/#primaryimage\"},\"image\":{\"@id\":\"https:\/\/radiolifefm.com.br\/noticias\/pl-que-da-o-nome-de-tuika-yamamoto-ao-polo-de-capacitacao-da-de-ja-pode-ser-votado-na-alesp\/#primaryimage\"},\"thumbnailUrl\":\"https:\/\/radiolifefm.com.br\/noticias\/wp-content\/uploads\/2022\/06\/Tuika-Yamamoto.jpg\",\"datePublished\":\"2022-06-29T12:43:44+00:00\",\"dateModified\":\"2025-12-15T23:48:07+00:00\",\"breadcrumb\":{\"@id\":\"https:\/\/radiolifefm.com.br\/noticias\/pl-que-da-o-nome-de-tuika-yamamoto-ao-polo-de-capacitacao-da-de-ja-pode-ser-votado-na-alesp\/#breadcrumb\"},\"inLanguage\":\"pt-BR\",\"potentialAction\":[{\"@type\":\"ReadAction\",\"target\":[\"https:\/\/radiolifefm.com.br\/noticias\/pl-que-da-o-nome-de-tuika-yamamoto-ao-polo-de-capacitacao-da-de-ja-pode-ser-votado-na-alesp\/\"]}]},{\"@type\":\"ImageObject\",\"inLanguage\":\"pt-BR\",\"@id\":\"https:\/\/radiolifefm.com.br\/noticias\/pl-que-da-o-nome-de-tuika-yamamoto-ao-polo-de-capacitacao-da-de-ja-pode-ser-votado-na-alesp\/#primaryimage\",\"url\":\"https:\/\/radiolifefm.com.br\/noticias\/wp-content\/uploads\/2022\/06\/Tuika-Yamamoto.jpg\",\"contentUrl\":\"https:\/\/radiolifefm.com.br\/noticias\/wp-content\/uploads\/2022\/06\/Tuika-Yamamoto.jpg\",\"width\":800,\"height\":522},{\"@type\":\"BreadcrumbList\",\"@id\":\"https:\/\/radiolifefm.com.br\/noticias\/pl-que-da-o-nome-de-tuika-yamamoto-ao-polo-de-capacitacao-da-de-ja-pode-ser-votado-na-alesp\/#breadcrumb\",\"itemListElement\":[{\"@type\":\"ListItem\",\"position\":1,\"name\":\"In\u00edcio\",\"item\":\"https:\/\/radiolifefm.com.br\/noticias\/\"},{\"@type\":\"ListItem\",\"position\":2,\"name\":\"PL que d\u00e1 o nome de Tuika Yamamoto ao Polo de Capacita\u00e7\u00e3o da DE j\u00e1 pode ser votado na Alesp\"}]},{\"@type\":\"WebSite\",\"@id\":\"https:\/\/radiolifefm.com.br\/noticias\/#website\",\"url\":\"https:\/\/radiolifefm.com.br\/noticias\/\",\"name\":\"R\u00e1dio Life FM\",\"description\":\"O Portal de Not\u00edcias de Adamantina\",\"publisher\":{\"@id\":\"https:\/\/radiolifefm.com.br\/noticias\/#organization\"},\"alternateName\":\"Life FM\",\"potentialAction\":[{\"@type\":\"SearchAction\",\"target\":{\"@type\":\"EntryPoint\",\"urlTemplate\":\"https:\/\/radiolifefm.com.br\/noticias\/?s={search_term_string}\"},\"query-input\":{\"@type\":\"PropertyValueSpecification\",\"valueRequired\":true,\"valueName\":\"search_term_string\"}}],\"inLanguage\":\"pt-BR\"},{\"@type\":\"Organization\",\"@id\":\"https:\/\/radiolifefm.com.br\/noticias\/#organization\",\"name\":\"R\u00e1dio Life FM\",\"alternateName\":\"Life FM\",\"url\":\"https:\/\/radiolifefm.com.br\/noticias\/\",\"logo\":{\"@type\":\"ImageObject\",\"inLanguage\":\"pt-BR\",\"@id\":\"https:\/\/radiolifefm.com.br\/noticias\/#\/schema\/logo\/image\/\",\"url\":\"https:\/\/static.radiolifefm.com.br\/noticias\/wp-content\/uploads\/2019\/10\/logo-lifefm.png\",\"contentUrl\":\"https:\/\/static.radiolifefm.com.br\/noticias\/wp-content\/uploads\/2019\/10\/logo-lifefm.png\",\"width\":196,\"height\":47,\"caption\":\"R\u00e1dio Life FM\"},\"image\":{\"@id\":\"https:\/\/radiolifefm.com.br\/noticias\/#\/schema\/logo\/image\/\"},\"sameAs\":[\"https:\/\/www.facebook.com\/radiolifefm\/\",\"https:\/\/www.instagram.com\/life1079fm\/\"]},{\"@type\":\"Person\",\"@id\":\"https:\/\/radiolifefm.com.br\/noticias\/#\/schema\/person\/6339b9fac59d12b071dec680d7375d87\",\"name\":\"ritanery\",\"image\":{\"@type\":\"ImageObject\",\"inLanguage\":\"pt-BR\",\"@id\":\"https:\/\/secure.gravatar.com\/avatar\/0e37bb19071f47c0b8a23f62a903df117c5a0e75f65a0c2901562f97cd41cf86?s=96&d=mm&r=g\",\"url\":\"https:\/\/secure.gravatar.com\/avatar\/0e37bb19071f47c0b8a23f62a903df117c5a0e75f65a0c2901562f97cd41cf86?s=96&d=mm&r=g\",\"contentUrl\":\"https:\/\/secure.gravatar.com\/avatar\/0e37bb19071f47c0b8a23f62a903df117c5a0e75f65a0c2901562f97cd41cf86?s=96&d=mm&r=g\",\"caption\":\"ritanery\"}}]}<\/script>\n<!-- \/ Yoast SEO plugin. -->","yoast_head_json":{"title":"PL que d\u00e1 o nome de Tuika Yamamoto ao Polo de Capacita\u00e7\u00e3o da DE j\u00e1 pode ser votado na Alesp - R\u00e1dio Life FM","robots":{"index":"index","follow":"follow","max-snippet":"max-snippet:-1","max-image-preview":"max-image-preview:large","max-video-preview":"max-video-preview:-1"},"canonical":"https:\/\/radiolifefm.com.br\/noticias\/pl-que-da-o-nome-de-tuika-yamamoto-ao-polo-de-capacitacao-da-de-ja-pode-ser-votado-na-alesp\/","og_locale":"pt_BR","og_type":"article","og_title":"PL que d\u00e1 o nome de Tuika Yamamoto ao Polo de Capacita\u00e7\u00e3o da DE j\u00e1 pode ser votado na Alesp - R\u00e1dio Life FM","og_description":"O Polo de Capacita\u00e7\u00e3o \u2013 Rede do Saber da Diretoria de Ensino da Regi\u00e3o de Adamantina deve ganhar o nome de \u2018Tuika Yamamoto de Oliveira Lima\u2019. Uma justa homenagem \u00e0 dedicada professora e combativa ex-vereadora adamantinense proposta no Projeto de lei 425\/2020, de autoria do Deputado Andr\u00e9 do Prado (PL), e que recebeu aprova\u00e7\u00e3o conclusiva [&hellip;]","og_url":"https:\/\/radiolifefm.com.br\/noticias\/pl-que-da-o-nome-de-tuika-yamamoto-ao-polo-de-capacitacao-da-de-ja-pode-ser-votado-na-alesp\/","og_site_name":"R\u00e1dio Life FM","article_publisher":"https:\/\/www.facebook.com\/radiolifefm\/","article_published_time":"2022-06-29T12:43:44+00:00","article_modified_time":"2025-12-15T23:48:07+00:00","og_image":[{"width":800,"height":522,"url":"https:\/\/radiolifefm.com.br\/noticias\/wp-content\/uploads\/2022\/06\/Tuika-Yamamoto.jpg","type":"image\/jpeg"}],"author":"ritanery","twitter_card":"summary_large_image","twitter_misc":{"Escrito por":"ritanery","Est. tempo de leitura":"2 minutos"},"schema":{"@context":"https:\/\/schema.org","@graph":[{"@type":"Article","@id":"https:\/\/radiolifefm.com.br\/noticias\/pl-que-da-o-nome-de-tuika-yamamoto-ao-polo-de-capacitacao-da-de-ja-pode-ser-votado-na-alesp\/#article","isPartOf":{"@id":"https:\/\/radiolifefm.com.br\/noticias\/pl-que-da-o-nome-de-tuika-yamamoto-ao-polo-de-capacitacao-da-de-ja-pode-ser-votado-na-alesp\/"},"author":{"name":"ritanery","@id":"https:\/\/radiolifefm.com.br\/noticias\/#\/schema\/person\/6339b9fac59d12b071dec680d7375d87"},"headline":"PL que d\u00e1 o nome de Tuika Yamamoto ao Polo de Capacita\u00e7\u00e3o da DE j\u00e1 pode ser votado na Alesp","datePublished":"2022-06-29T12:43:44+00:00","dateModified":"2025-12-15T23:48:07+00:00","mainEntityOfPage":{"@id":"https:\/\/radiolifefm.com.br\/noticias\/pl-que-da-o-nome-de-tuika-yamamoto-ao-polo-de-capacitacao-da-de-ja-pode-ser-votado-na-alesp\/"},"wordCount":307,"publisher":{"@id":"https:\/\/radiolifefm.com.br\/noticias\/#organization"},"image":{"@id":"https:\/\/radiolifefm.com.br\/noticias\/pl-que-da-o-nome-de-tuika-yamamoto-ao-polo-de-capacitacao-da-de-ja-pode-ser-votado-na-alesp\/#primaryimage"},"thumbnailUrl":"https:\/\/radiolifefm.com.br\/noticias\/wp-content\/uploads\/2022\/06\/Tuika-Yamamoto.jpg","articleSection":["Adamantina"],"inLanguage":"pt-BR"},{"@type":"WebPage","@id":"https:\/\/radiolifefm.com.br\/noticias\/pl-que-da-o-nome-de-tuika-yamamoto-ao-polo-de-capacitacao-da-de-ja-pode-ser-votado-na-alesp\/","url":"https:\/\/radiolifefm.com.br\/noticias\/pl-que-da-o-nome-de-tuika-yamamoto-ao-polo-de-capacitacao-da-de-ja-pode-ser-votado-na-alesp\/","name":"PL que d\u00e1 o nome de Tuika Yamamoto ao Polo de Capacita\u00e7\u00e3o da DE j\u00e1 pode ser votado na Alesp - R\u00e1dio Life FM","isPartOf":{"@id":"https:\/\/radiolifefm.com.br\/noticias\/#website"},"primaryImageOfPage":{"@id":"https:\/\/radiolifefm.com.br\/noticias\/pl-que-da-o-nome-de-tuika-yamamoto-ao-polo-de-capacitacao-da-de-ja-pode-ser-votado-na-alesp\/#primaryimage"},"image":{"@id":"https:\/\/radiolifefm.com.br\/noticias\/pl-que-da-o-nome-de-tuika-yamamoto-ao-polo-de-capacitacao-da-de-ja-pode-ser-votado-na-alesp\/#primaryimage"},"thumbnailUrl":"https:\/\/radiolifefm.com.br\/noticias\/wp-content\/uploads\/2022\/06\/Tuika-Yamamoto.jpg","datePublished":"2022-06-29T12:43:44+00:00","dateModified":"2025-12-15T23:48:07+00:00","breadcrumb":{"@id":"https:\/\/radiolifefm.com.br\/noticias\/pl-que-da-o-nome-de-tuika-yamamoto-ao-polo-de-capacitacao-da-de-ja-pode-ser-votado-na-alesp\/#breadcrumb"},"inLanguage":"pt-BR","potentialAction":[{"@type":"ReadAction","target":["https:\/\/radiolifefm.com.br\/noticias\/pl-que-da-o-nome-de-tuika-yamamoto-ao-polo-de-capacitacao-da-de-ja-pode-ser-votado-na-alesp\/"]}]},{"@type":"ImageObject","inLanguage":"pt-BR","@id":"https:\/\/radiolifefm.com.br\/noticias\/pl-que-da-o-nome-de-tuika-yamamoto-ao-polo-de-capacitacao-da-de-ja-pode-ser-votado-na-alesp\/#primaryimage","url":"https:\/\/radiolifefm.com.br\/noticias\/wp-content\/uploads\/2022\/06\/Tuika-Yamamoto.jpg","contentUrl":"https:\/\/radiolifefm.com.br\/noticias\/wp-content\/uploads\/2022\/06\/Tuika-Yamamoto.jpg","width":800,"height":522},{"@type":"BreadcrumbList","@id":"https:\/\/radiolifefm.com.br\/noticias\/pl-que-da-o-nome-de-tuika-yamamoto-ao-polo-de-capacitacao-da-de-ja-pode-ser-votado-na-alesp\/#breadcrumb","itemListElement":[{"@type":"ListItem","position":1,"name":"In\u00edcio","item":"https:\/\/radiolifefm.com.br\/noticias\/"},{"@type":"ListItem","position":2,"name":"PL que d\u00e1 o nome de Tuika Yamamoto ao Polo de Capacita\u00e7\u00e3o da DE j\u00e1 pode ser votado na Alesp"}]},{"@type":"WebSite","@id":"https:\/\/radiolifefm.com.br\/noticias\/#website","url":"https:\/\/radiolifefm.com.br\/noticias\/","name":"R\u00e1dio Life FM","description":"O Portal de Not\u00edcias de Adamantina","publisher":{"@id":"https:\/\/radiolifefm.com.br\/noticias\/#organization"},"alternateName":"Life FM","potentialAction":[{"@type":"SearchAction","target":{"@type":"EntryPoint","urlTemplate":"https:\/\/radiolifefm.com.br\/noticias\/?s={search_term_string}"},"query-input":{"@type":"PropertyValueSpecification","valueRequired":true,"valueName":"search_term_string"}}],"inLanguage":"pt-BR"},{"@type":"Organization","@id":"https:\/\/radiolifefm.com.br\/noticias\/#organization","name":"R\u00e1dio Life FM","alternateName":"Life FM","url":"https:\/\/radiolifefm.com.br\/noticias\/","logo":{"@type":"ImageObject","inLanguage":"pt-BR","@id":"https:\/\/radiolifefm.com.br\/noticias\/#\/schema\/logo\/image\/","url":"https:\/\/static.radiolifefm.com.br\/noticias\/wp-content\/uploads\/2019\/10\/logo-lifefm.png","contentUrl":"https:\/\/static.radiolifefm.com.br\/noticias\/wp-content\/uploads\/2019\/10\/logo-lifefm.png","width":196,"height":47,"caption":"R\u00e1dio Life FM"},"image":{"@id":"https:\/\/radiolifefm.com.br\/noticias\/#\/schema\/logo\/image\/"},"sameAs":["https:\/\/www.facebook.com\/radiolifefm\/","https:\/\/www.instagram.com\/life1079fm\/"]},{"@type":"Person","@id":"https:\/\/radiolifefm.com.br\/noticias\/#\/schema\/person\/6339b9fac59d12b071dec680d7375d87","name":"ritanery","image":{"@type":"ImageObject","inLanguage":"pt-BR","@id":"https:\/\/secure.gravatar.com\/avatar\/0e37bb19071f47c0b8a23f62a903df117c5a0e75f65a0c2901562f97cd41cf86?s=96&d=mm&r=g","url":"https:\/\/secure.gravatar.com\/avatar\/0e37bb19071f47c0b8a23f62a903df117c5a0e75f65a0c2901562f97cd41cf86?s=96&d=mm&r=g","contentUrl":"https:\/\/secure.gravatar.com\/avatar\/0e37bb19071f47c0b8a23f62a903df117c5a0e75f65a0c2901562f97cd41cf86?s=96&d=mm&r=g","caption":"ritanery"}}]}},"amp_enabled":true,"_links":{"self":[{"href":"https:\/\/radiolifefm.com.br\/noticias\/wp-json\/wp\/v2\/posts\/55261","targetHints":{"allow":["GET"]}}],"collection":[{"href":"https:\/\/radiolifefm.com.br\/noticias\/wp-json\/wp\/v2\/posts"}],"about":[{"href":"https:\/\/radiolifefm.com.br\/noticias\/wp-json\/wp\/v2\/types\/post"}],"author":[{"embeddable":true,"href":"https:\/\/radiolifefm.com.br\/noticias\/wp-json\/wp\/v2\/users\/13"}],"replies":[{"embeddable":true,"href":"https:\/\/radiolifefm.com.br\/noticias\/wp-json\/wp\/v2\/comments?post=55261"}],"version-history":[{"count":2,"href":"https:\/\/radiolifefm.com.br\/noticias\/wp-json\/wp\/v2\/posts\/55261\/revisions"}],"predecessor-version":[{"id":55264,"href":"https:\/\/radiolifefm.com.br\/noticias\/wp-json\/wp\/v2\/posts\/55261\/revisions\/55264"}],"wp:featuredmedia":[{"embeddable":true,"href":"https:\/\/radiolifefm.com.br\/noticias\/wp-json\/wp\/v2\/media\/55262"}],"wp:attachment":[{"href":"https:\/\/radiolifefm.com.br\/noticias\/wp-json\/wp\/v2\/media?parent=55261"}],"wp:term":[{"taxonomy":"category","embeddable":true,"href":"https:\/\/radiolifefm.com.br\/noticias\/wp-json\/wp\/v2\/categories?post=55261"},{"taxonomy":"post_tag","embeddable":true,"href":"https:\/\/radiolifefm.com.br\/noticias\/wp-json\/wp\/v2\/tags?post=55261"}],"curies":[{"name":"wp","href":"https:\/\/api.w.org\/{rel}","templated":true}]}}