{"id":55220,"date":"2022-06-27T22:11:29","date_gmt":"2022-06-28T01:11:29","guid":{"rendered":"https:\/\/radiolifefm.com.br\/noticias\/?p=55220"},"modified":"2026-03-23T07:24:16","modified_gmt":"2026-03-23T10:24:16","slug":"arquivado-camara-rejeita-denuncia-que-pedia-cassacao-do-mandato-do-vereador-bigode-da-capoeira","status":"publish","type":"post","link":"https:\/\/radiolifefm.com.br\/noticias\/arquivado-camara-rejeita-denuncia-que-pedia-cassacao-do-mandato-do-vereador-bigode-da-capoeira\/","title":{"rendered":"Arquivado: C\u00e2mara rejeita den\u00fancia que pedia cassa\u00e7\u00e3o do mandato do vereador Bigode da Capoeira"},"content":{"rendered":"<div id=\"fb-root\"><\/div>\n<p style=\"font-weight: 400\">Foi lida na 31\u00aa sess\u00e3o ordin\u00e1ria da C\u00e2mara Municipal de Adamantina na noite desta segunda-feira (27) uma den\u00fancia apresentada pelo morador Marcelo Evangelista da Silva, motorista, e residente no Parque Universit\u00e1rio, contra o vereador Bigode da Capoeira, alegando quebra de decoro parlamentar pelos fatos que levaram \u00e0 sua\u00a0<strong><a href=\"https:\/\/www.sigamais.com\/noticias\/policia\/vereador-bigode-da-capoeira-e-preso-em-adamantina\/\">pris\u00e3o cautelar no dia 17 de maio \u00faltimo<\/a><\/strong>.<\/p>\n<p style=\"font-weight: 400\">A den\u00fancia foi protocolada na C\u00e2mara no dia 7 de junho, e conforme seu Regimento Interno, a leitura p\u00fablica deve ser feita em Plen\u00e1rio na primeira sess\u00e3o ordin\u00e1ria seguinte ao seu recebimento, o que ocorreu hoje. O denunciante narra que no contexto da pris\u00e3o cautelar do vereador ele teria cometido, em tese, infra\u00e7\u00e3o pol\u00edtico administrativa nos termos do Inciso IV do Artigo 46 da Lei Org\u00e2nica do Munic\u00edpio de Adamantina (LOMA).<\/p>\n<p style=\"font-weight: 400\">Com esse argumento, o morador requereu \u00e0 C\u00e2mara Municipal que proceda a instala\u00e7\u00e3o de comiss\u00e3o processante com a finalidade de apurar a eventual falta de decoro parlamentar e assim proceder a cassa\u00e7\u00e3o do mandato do vereador.<\/p>\n<p style=\"font-weight: 400\">A medida cautelar judicial contra o vereador no m\u00eas passado ocorreu por conduta pessoal externa \u00e0 atividade legislativa, em den\u00fancia de amea\u00e7a. Tr\u00eas dias depois, em 20 de maio,\u00a0<strong><a href=\"https:\/\/www.sigamais.com\/noticias\/cidades\/vereador-bigode-da-capoeira-consegue-na-justica-a-revogacao-da-prisao-preventiva\/\">seus advogados obtiveram na Justi\u00e7a o alvar\u00e1 de soltura<\/a><\/strong>, acompanhado de medidas cautelares. Em\u00a0<strong><a href=\"https:\/\/www.sigamais.com\/noticias\/cidades\/advogados-do-vereador-bigode-da-capoeira-divulgam-nota-a-imprensa\/\">nota publicada \u00e0 \u00e9poca<\/a><\/strong>, sobre a soltura, a defesa de Bigode afirmou estar confiante e que \u201coportunamente ser\u00e1 comprovada e reconhecida a inoc\u00eancia\u201d [do vereador].<\/p>\n<p style=\"font-weight: 400\"><strong>Den\u00fancia foi rejeitada e arquivada<\/strong><\/p>\n<p style=\"font-weight: 400\">Os temas ligados \u00e0s condutas dos agentes pol\u00edticos, como vereadores, prefeito e vice-prefeito, s\u00e3o disciplinados pela LOMA. Na C\u00e2mara, o processo legislativo \u00e9 orientado pelo Regimento Interno (RI) da Casa.<\/p>\n<p style=\"font-weight: 400\">Assim, como disciplina a legisla\u00e7\u00e3o municipal, a den\u00fancia teve leitura p\u00fablica no plen\u00e1rio, e foi inclu\u00edda na ordem do dia da sess\u00e3o, para ser apreciada pelos vereadores, com oportunidade de livres manifesta\u00e7\u00f5es sobre o tema, seguida de vota\u00e7\u00e3o.<\/p>\n<p style=\"font-weight: 400\">Na abertura da ordem do dia, o vereador H\u00e9lio Santos solicitou a suspens\u00e3o da sess\u00e3o por dez minutos, para reuni\u00e3o reservada, diante da leitura de um novo documento ocorrido no in\u00edcio dos trabalhos legislativos, que tem rela\u00e7\u00e3o com o tema da den\u00fancia. Depois da reuni\u00e3o fechada, os vereadores voltaram ao Plen\u00e1rio e retomaram a sess\u00e3o, com a leitura integral da den\u00fancia.<\/p>\n<p style=\"font-weight: 400\">O acolhimento da den\u00fancia, todavia, depende de aprova\u00e7\u00e3o pela maioria dos vereadores. Antes, o espa\u00e7o foi usado para discuss\u00f5es sobre o documento protocolado pelo morador. Depois, foi realizada a vota\u00e7\u00e3o, com empate.<\/p>\n<p style=\"font-weight: 400\">Os vereadores Alcio Ikeda, Aguinaldo Galv\u00e3o, Rafael Pacheco e o pr\u00f3prio Bigode da Capoeira voltaram para que a den\u00fancia fosse rejeitada e arquivada. J\u00e1 os vereadores H\u00e9lio Santos, Riquinha do Bar, Noriko Saito e Cid Santos\u00a0\u00a0votaram para que a den\u00fancia fosse acolhida e tivesse encaminhamento, ficando o placar empatado em 4 x 4.<\/p>\n<p style=\"font-weight: 400\">O desempate foi feito pelo vereador Paulo Cervelheira, presidente da C\u00e2mara, que votou pela rejei\u00e7\u00e3o ao acolhimento da den\u00fancia. No placar final, em 5 x 4, a maioria n\u00e3o foi alcan\u00e7ada. Sem maioria, a den\u00fancia foi arquivada.<\/p>\n<p style=\"font-weight: 400\"><strong>Em 2013 vereador teve mandato cassado<\/strong><\/p>\n<p style=\"font-weight: 400\">O caso mais recente envolvendo cassa\u00e7\u00e3o de mandato de vereador, em Adamantina, foi em agosto de 2013, quando Luiz Carlos Galv\u00e3o, \u00e0 \u00e9poca no PSDB, teve o mandato cassado pelo argumento da quebra de decoro.<\/p>\n<p style=\"font-weight: 400\">O processo ocorreu ap\u00f3s o Legislativo aceitar den\u00fancia protocolada no dia 9 de maio daquele ano pelo advogado Moys\u00e9s Carlos dos Santos Neto, na qual diz ter sido caluniado, injuriado e difamado pelo vereador tucano dias antes, na sess\u00e3o do dia 6 de maio. A abertura da CIP foi no dia 3 de junho e dois meses depois ocorreu a sess\u00e3o que levou \u00e0 cassa\u00e7\u00e3o do mandato.<\/p>\n<p style=\"font-weight: 400\">Depois, na Justi\u00e7a, o vereador recorreu. Ele conseguiu retomar o trabalho legislativo por for\u00e7a de liminar em agravo de instrumento no mandado de seguran\u00e7a, e no final de 2015 obteve<\/p>\n<p style=\"font-weight: 400\">junto \u00e0 4\u00aa C\u00e2mara de Direito P\u00fablico do Tribunal de Justi\u00e7a do Estado de S\u00e3o Paulo (TJ\/SP) decis\u00e3o que\u00a0<strong><a href=\"https:\/\/www.sigamais.com\/noticias\/politica\/decisao-do-tribunal-de-justica-anula-processo-que-cassou-mandato-do-vereador-galvao\/\">anulou em definitivo o processo que resultou na cassa\u00e7\u00e3o do seu mandato<\/a><\/strong>\u00a0dois anos antes.<\/p>\n<p>&nbsp;<\/p>\n<p>Fonte: Siga Mais<\/p>\n","protected":false},"excerpt":{"rendered":"<p>Foi lida na 31\u00aa sess\u00e3o ordin\u00e1ria da C\u00e2mara Municipal de Adamantina na noite desta segunda-feira (27) uma den\u00fancia apresentada pelo morador Marcelo Evangelista da Silva, motorista, e residente no Parque Universit\u00e1rio, contra o vereador Bigode da Capoeira, alegando quebra de decoro parlamentar pelos fatos que levaram \u00e0 sua\u00a0pris\u00e3o cautelar no dia 17 de maio \u00faltimo. [&hellip;]<\/p>\n","protected":false},"author":13,"featured_media":55221,"comment_status":"closed","ping_status":"open","sticky":false,"template":"","format":"standard","meta":{"_acf_changed":false,"_exactmetrics_skip_tracking":false,"_exactmetrics_sitenote_active":false,"_exactmetrics_sitenote_note":"","_exactmetrics_sitenote_category":0,"footnotes":""},"categories":[21],"tags":[],"class_list":["post-55220","post","type-post","status-publish","format-standard","has-post-thumbnail","hentry","category-adamantina"],"acf":[],"yoast_head":"<!-- This site is optimized with the Yoast SEO plugin v27.2 - https:\/\/yoast.com\/product\/yoast-seo-wordpress\/ -->\n<title>Arquivado: C\u00e2mara rejeita den\u00fancia que pedia cassa\u00e7\u00e3o do mandato do vereador Bigode da Capoeira - R\u00e1dio Life FM<\/title>\n<meta name=\"robots\" content=\"index, follow, max-snippet:-1, max-image-preview:large, max-video-preview:-1\" \/>\n<link rel=\"canonical\" href=\"https:\/\/radiolifefm.com.br\/noticias\/arquivado-camara-rejeita-denuncia-que-pedia-cassacao-do-mandato-do-vereador-bigode-da-capoeira\/\" \/>\n<meta property=\"og:locale\" content=\"pt_BR\" \/>\n<meta property=\"og:type\" content=\"article\" \/>\n<meta property=\"og:title\" content=\"Arquivado: C\u00e2mara rejeita den\u00fancia que pedia cassa\u00e7\u00e3o do mandato do vereador Bigode da Capoeira - R\u00e1dio Life FM\" \/>\n<meta property=\"og:description\" content=\"Foi lida na 31\u00aa sess\u00e3o ordin\u00e1ria da C\u00e2mara Municipal de Adamantina na noite desta segunda-feira (27) uma den\u00fancia apresentada pelo morador Marcelo Evangelista da Silva, motorista, e residente no Parque Universit\u00e1rio, contra o vereador Bigode da Capoeira, alegando quebra de decoro parlamentar pelos fatos que levaram \u00e0 sua\u00a0pris\u00e3o cautelar no dia 17 de maio \u00faltimo. [&hellip;]\" \/>\n<meta property=\"og:url\" content=\"https:\/\/radiolifefm.com.br\/noticias\/arquivado-camara-rejeita-denuncia-que-pedia-cassacao-do-mandato-do-vereador-bigode-da-capoeira\/\" \/>\n<meta property=\"og:site_name\" content=\"R\u00e1dio Life FM\" \/>\n<meta property=\"article:publisher\" content=\"https:\/\/www.facebook.com\/radiolifefm\/\" \/>\n<meta property=\"article:published_time\" content=\"2022-06-28T01:11:29+00:00\" \/>\n<meta property=\"article:modified_time\" content=\"2026-03-23T10:24:16+00:00\" \/>\n<meta property=\"og:image\" content=\"https:\/\/radiolifefm.com.br\/noticias\/wp-content\/uploads\/2022\/06\/bigode-da-capoeira-1png165637603662ba4ae47f12f.jpg\" \/>\n\t<meta property=\"og:image:width\" content=\"600\" \/>\n\t<meta property=\"og:image:height\" content=\"337\" \/>\n\t<meta property=\"og:image:type\" content=\"image\/jpeg\" \/>\n<meta name=\"author\" content=\"ritanery\" \/>\n<meta name=\"twitter:card\" content=\"summary_large_image\" \/>\n<meta name=\"twitter:label1\" content=\"Escrito por\" \/>\n\t<meta name=\"twitter:data1\" content=\"ritanery\" \/>\n\t<meta name=\"twitter:label2\" content=\"Est. tempo de leitura\" \/>\n\t<meta name=\"twitter:data2\" content=\"4 minutos\" \/>\n<script type=\"application\/ld+json\" class=\"yoast-schema-graph\">{\"@context\":\"https:\/\/schema.org\",\"@graph\":[{\"@type\":\"Article\",\"@id\":\"https:\/\/radiolifefm.com.br\/noticias\/arquivado-camara-rejeita-denuncia-que-pedia-cassacao-do-mandato-do-vereador-bigode-da-capoeira\/#article\",\"isPartOf\":{\"@id\":\"https:\/\/radiolifefm.com.br\/noticias\/arquivado-camara-rejeita-denuncia-que-pedia-cassacao-do-mandato-do-vereador-bigode-da-capoeira\/\"},\"author\":{\"name\":\"ritanery\",\"@id\":\"https:\/\/radiolifefm.com.br\/noticias\/#\/schema\/person\/6339b9fac59d12b071dec680d7375d87\"},\"headline\":\"Arquivado: C\u00e2mara rejeita den\u00fancia que pedia cassa\u00e7\u00e3o do mandato do vereador Bigode da Capoeira\",\"datePublished\":\"2022-06-28T01:11:29+00:00\",\"dateModified\":\"2026-03-23T10:24:16+00:00\",\"mainEntityOfPage\":{\"@id\":\"https:\/\/radiolifefm.com.br\/noticias\/arquivado-camara-rejeita-denuncia-que-pedia-cassacao-do-mandato-do-vereador-bigode-da-capoeira\/\"},\"wordCount\":740,\"publisher\":{\"@id\":\"https:\/\/radiolifefm.com.br\/noticias\/#organization\"},\"image\":{\"@id\":\"https:\/\/radiolifefm.com.br\/noticias\/arquivado-camara-rejeita-denuncia-que-pedia-cassacao-do-mandato-do-vereador-bigode-da-capoeira\/#primaryimage\"},\"thumbnailUrl\":\"https:\/\/radiolifefm.com.br\/noticias\/wp-content\/uploads\/2022\/06\/bigode-da-capoeira-1png165637603662ba4ae47f12f.jpg\",\"articleSection\":[\"Adamantina\"],\"inLanguage\":\"pt-BR\"},{\"@type\":\"WebPage\",\"@id\":\"https:\/\/radiolifefm.com.br\/noticias\/arquivado-camara-rejeita-denuncia-que-pedia-cassacao-do-mandato-do-vereador-bigode-da-capoeira\/\",\"url\":\"https:\/\/radiolifefm.com.br\/noticias\/arquivado-camara-rejeita-denuncia-que-pedia-cassacao-do-mandato-do-vereador-bigode-da-capoeira\/\",\"name\":\"Arquivado: C\u00e2mara rejeita den\u00fancia que pedia cassa\u00e7\u00e3o do mandato do vereador Bigode da Capoeira - R\u00e1dio Life FM\",\"isPartOf\":{\"@id\":\"https:\/\/radiolifefm.com.br\/noticias\/#website\"},\"primaryImageOfPage\":{\"@id\":\"https:\/\/radiolifefm.com.br\/noticias\/arquivado-camara-rejeita-denuncia-que-pedia-cassacao-do-mandato-do-vereador-bigode-da-capoeira\/#primaryimage\"},\"image\":{\"@id\":\"https:\/\/radiolifefm.com.br\/noticias\/arquivado-camara-rejeita-denuncia-que-pedia-cassacao-do-mandato-do-vereador-bigode-da-capoeira\/#primaryimage\"},\"thumbnailUrl\":\"https:\/\/radiolifefm.com.br\/noticias\/wp-content\/uploads\/2022\/06\/bigode-da-capoeira-1png165637603662ba4ae47f12f.jpg\",\"datePublished\":\"2022-06-28T01:11:29+00:00\",\"dateModified\":\"2026-03-23T10:24:16+00:00\",\"breadcrumb\":{\"@id\":\"https:\/\/radiolifefm.com.br\/noticias\/arquivado-camara-rejeita-denuncia-que-pedia-cassacao-do-mandato-do-vereador-bigode-da-capoeira\/#breadcrumb\"},\"inLanguage\":\"pt-BR\",\"potentialAction\":[{\"@type\":\"ReadAction\",\"target\":[\"https:\/\/radiolifefm.com.br\/noticias\/arquivado-camara-rejeita-denuncia-que-pedia-cassacao-do-mandato-do-vereador-bigode-da-capoeira\/\"]}]},{\"@type\":\"ImageObject\",\"inLanguage\":\"pt-BR\",\"@id\":\"https:\/\/radiolifefm.com.br\/noticias\/arquivado-camara-rejeita-denuncia-que-pedia-cassacao-do-mandato-do-vereador-bigode-da-capoeira\/#primaryimage\",\"url\":\"https:\/\/radiolifefm.com.br\/noticias\/wp-content\/uploads\/2022\/06\/bigode-da-capoeira-1png165637603662ba4ae47f12f.jpg\",\"contentUrl\":\"https:\/\/radiolifefm.com.br\/noticias\/wp-content\/uploads\/2022\/06\/bigode-da-capoeira-1png165637603662ba4ae47f12f.jpg\",\"width\":600,\"height\":337,\"caption\":\"Vereador Bigode da Capoeira na sess\u00e3o desta segunda-feira, 27.\"},{\"@type\":\"BreadcrumbList\",\"@id\":\"https:\/\/radiolifefm.com.br\/noticias\/arquivado-camara-rejeita-denuncia-que-pedia-cassacao-do-mandato-do-vereador-bigode-da-capoeira\/#breadcrumb\",\"itemListElement\":[{\"@type\":\"ListItem\",\"position\":1,\"name\":\"In\u00edcio\",\"item\":\"https:\/\/radiolifefm.com.br\/noticias\/\"},{\"@type\":\"ListItem\",\"position\":2,\"name\":\"Arquivado: C\u00e2mara rejeita den\u00fancia que pedia cassa\u00e7\u00e3o do mandato do vereador Bigode da Capoeira\"}]},{\"@type\":\"WebSite\",\"@id\":\"https:\/\/radiolifefm.com.br\/noticias\/#website\",\"url\":\"https:\/\/radiolifefm.com.br\/noticias\/\",\"name\":\"R\u00e1dio Life FM\",\"description\":\"O Portal de Not\u00edcias de Adamantina\",\"publisher\":{\"@id\":\"https:\/\/radiolifefm.com.br\/noticias\/#organization\"},\"alternateName\":\"Life FM\",\"potentialAction\":[{\"@type\":\"SearchAction\",\"target\":{\"@type\":\"EntryPoint\",\"urlTemplate\":\"https:\/\/radiolifefm.com.br\/noticias\/?s={search_term_string}\"},\"query-input\":{\"@type\":\"PropertyValueSpecification\",\"valueRequired\":true,\"valueName\":\"search_term_string\"}}],\"inLanguage\":\"pt-BR\"},{\"@type\":\"Organization\",\"@id\":\"https:\/\/radiolifefm.com.br\/noticias\/#organization\",\"name\":\"R\u00e1dio Life FM\",\"alternateName\":\"Life FM\",\"url\":\"https:\/\/radiolifefm.com.br\/noticias\/\",\"logo\":{\"@type\":\"ImageObject\",\"inLanguage\":\"pt-BR\",\"@id\":\"https:\/\/radiolifefm.com.br\/noticias\/#\/schema\/logo\/image\/\",\"url\":\"https:\/\/static.radiolifefm.com.br\/noticias\/wp-content\/uploads\/2019\/10\/logo-lifefm.png\",\"contentUrl\":\"https:\/\/static.radiolifefm.com.br\/noticias\/wp-content\/uploads\/2019\/10\/logo-lifefm.png\",\"width\":196,\"height\":47,\"caption\":\"R\u00e1dio Life FM\"},\"image\":{\"@id\":\"https:\/\/radiolifefm.com.br\/noticias\/#\/schema\/logo\/image\/\"},\"sameAs\":[\"https:\/\/www.facebook.com\/radiolifefm\/\",\"https:\/\/www.instagram.com\/life1079fm\/\"]},{\"@type\":\"Person\",\"@id\":\"https:\/\/radiolifefm.com.br\/noticias\/#\/schema\/person\/6339b9fac59d12b071dec680d7375d87\",\"name\":\"ritanery\",\"image\":{\"@type\":\"ImageObject\",\"inLanguage\":\"pt-BR\",\"@id\":\"https:\/\/secure.gravatar.com\/avatar\/0e37bb19071f47c0b8a23f62a903df117c5a0e75f65a0c2901562f97cd41cf86?s=96&d=mm&r=g\",\"url\":\"https:\/\/secure.gravatar.com\/avatar\/0e37bb19071f47c0b8a23f62a903df117c5a0e75f65a0c2901562f97cd41cf86?s=96&d=mm&r=g\",\"contentUrl\":\"https:\/\/secure.gravatar.com\/avatar\/0e37bb19071f47c0b8a23f62a903df117c5a0e75f65a0c2901562f97cd41cf86?s=96&d=mm&r=g\",\"caption\":\"ritanery\"}}]}<\/script>\n<!-- \/ Yoast SEO plugin. -->","yoast_head_json":{"title":"Arquivado: C\u00e2mara rejeita den\u00fancia que pedia cassa\u00e7\u00e3o do mandato do vereador Bigode da Capoeira - R\u00e1dio Life FM","robots":{"index":"index","follow":"follow","max-snippet":"max-snippet:-1","max-image-preview":"max-image-preview:large","max-video-preview":"max-video-preview:-1"},"canonical":"https:\/\/radiolifefm.com.br\/noticias\/arquivado-camara-rejeita-denuncia-que-pedia-cassacao-do-mandato-do-vereador-bigode-da-capoeira\/","og_locale":"pt_BR","og_type":"article","og_title":"Arquivado: C\u00e2mara rejeita den\u00fancia que pedia cassa\u00e7\u00e3o do mandato do vereador Bigode da Capoeira - R\u00e1dio Life FM","og_description":"Foi lida na 31\u00aa sess\u00e3o ordin\u00e1ria da C\u00e2mara Municipal de Adamantina na noite desta segunda-feira (27) uma den\u00fancia apresentada pelo morador Marcelo Evangelista da Silva, motorista, e residente no Parque Universit\u00e1rio, contra o vereador Bigode da Capoeira, alegando quebra de decoro parlamentar pelos fatos que levaram \u00e0 sua\u00a0pris\u00e3o cautelar no dia 17 de maio \u00faltimo. [&hellip;]","og_url":"https:\/\/radiolifefm.com.br\/noticias\/arquivado-camara-rejeita-denuncia-que-pedia-cassacao-do-mandato-do-vereador-bigode-da-capoeira\/","og_site_name":"R\u00e1dio Life FM","article_publisher":"https:\/\/www.facebook.com\/radiolifefm\/","article_published_time":"2022-06-28T01:11:29+00:00","article_modified_time":"2026-03-23T10:24:16+00:00","og_image":[{"width":600,"height":337,"url":"https:\/\/radiolifefm.com.br\/noticias\/wp-content\/uploads\/2022\/06\/bigode-da-capoeira-1png165637603662ba4ae47f12f.jpg","type":"image\/jpeg"}],"author":"ritanery","twitter_card":"summary_large_image","twitter_misc":{"Escrito por":"ritanery","Est. tempo de leitura":"4 minutos"},"schema":{"@context":"https:\/\/schema.org","@graph":[{"@type":"Article","@id":"https:\/\/radiolifefm.com.br\/noticias\/arquivado-camara-rejeita-denuncia-que-pedia-cassacao-do-mandato-do-vereador-bigode-da-capoeira\/#article","isPartOf":{"@id":"https:\/\/radiolifefm.com.br\/noticias\/arquivado-camara-rejeita-denuncia-que-pedia-cassacao-do-mandato-do-vereador-bigode-da-capoeira\/"},"author":{"name":"ritanery","@id":"https:\/\/radiolifefm.com.br\/noticias\/#\/schema\/person\/6339b9fac59d12b071dec680d7375d87"},"headline":"Arquivado: C\u00e2mara rejeita den\u00fancia que pedia cassa\u00e7\u00e3o do mandato do vereador Bigode da Capoeira","datePublished":"2022-06-28T01:11:29+00:00","dateModified":"2026-03-23T10:24:16+00:00","mainEntityOfPage":{"@id":"https:\/\/radiolifefm.com.br\/noticias\/arquivado-camara-rejeita-denuncia-que-pedia-cassacao-do-mandato-do-vereador-bigode-da-capoeira\/"},"wordCount":740,"publisher":{"@id":"https:\/\/radiolifefm.com.br\/noticias\/#organization"},"image":{"@id":"https:\/\/radiolifefm.com.br\/noticias\/arquivado-camara-rejeita-denuncia-que-pedia-cassacao-do-mandato-do-vereador-bigode-da-capoeira\/#primaryimage"},"thumbnailUrl":"https:\/\/radiolifefm.com.br\/noticias\/wp-content\/uploads\/2022\/06\/bigode-da-capoeira-1png165637603662ba4ae47f12f.jpg","articleSection":["Adamantina"],"inLanguage":"pt-BR"},{"@type":"WebPage","@id":"https:\/\/radiolifefm.com.br\/noticias\/arquivado-camara-rejeita-denuncia-que-pedia-cassacao-do-mandato-do-vereador-bigode-da-capoeira\/","url":"https:\/\/radiolifefm.com.br\/noticias\/arquivado-camara-rejeita-denuncia-que-pedia-cassacao-do-mandato-do-vereador-bigode-da-capoeira\/","name":"Arquivado: C\u00e2mara rejeita den\u00fancia que pedia cassa\u00e7\u00e3o do mandato do vereador Bigode da Capoeira - R\u00e1dio Life FM","isPartOf":{"@id":"https:\/\/radiolifefm.com.br\/noticias\/#website"},"primaryImageOfPage":{"@id":"https:\/\/radiolifefm.com.br\/noticias\/arquivado-camara-rejeita-denuncia-que-pedia-cassacao-do-mandato-do-vereador-bigode-da-capoeira\/#primaryimage"},"image":{"@id":"https:\/\/radiolifefm.com.br\/noticias\/arquivado-camara-rejeita-denuncia-que-pedia-cassacao-do-mandato-do-vereador-bigode-da-capoeira\/#primaryimage"},"thumbnailUrl":"https:\/\/radiolifefm.com.br\/noticias\/wp-content\/uploads\/2022\/06\/bigode-da-capoeira-1png165637603662ba4ae47f12f.jpg","datePublished":"2022-06-28T01:11:29+00:00","dateModified":"2026-03-23T10:24:16+00:00","breadcrumb":{"@id":"https:\/\/radiolifefm.com.br\/noticias\/arquivado-camara-rejeita-denuncia-que-pedia-cassacao-do-mandato-do-vereador-bigode-da-capoeira\/#breadcrumb"},"inLanguage":"pt-BR","potentialAction":[{"@type":"ReadAction","target":["https:\/\/radiolifefm.com.br\/noticias\/arquivado-camara-rejeita-denuncia-que-pedia-cassacao-do-mandato-do-vereador-bigode-da-capoeira\/"]}]},{"@type":"ImageObject","inLanguage":"pt-BR","@id":"https:\/\/radiolifefm.com.br\/noticias\/arquivado-camara-rejeita-denuncia-que-pedia-cassacao-do-mandato-do-vereador-bigode-da-capoeira\/#primaryimage","url":"https:\/\/radiolifefm.com.br\/noticias\/wp-content\/uploads\/2022\/06\/bigode-da-capoeira-1png165637603662ba4ae47f12f.jpg","contentUrl":"https:\/\/radiolifefm.com.br\/noticias\/wp-content\/uploads\/2022\/06\/bigode-da-capoeira-1png165637603662ba4ae47f12f.jpg","width":600,"height":337,"caption":"Vereador Bigode da Capoeira na sess\u00e3o desta segunda-feira, 27."},{"@type":"BreadcrumbList","@id":"https:\/\/radiolifefm.com.br\/noticias\/arquivado-camara-rejeita-denuncia-que-pedia-cassacao-do-mandato-do-vereador-bigode-da-capoeira\/#breadcrumb","itemListElement":[{"@type":"ListItem","position":1,"name":"In\u00edcio","item":"https:\/\/radiolifefm.com.br\/noticias\/"},{"@type":"ListItem","position":2,"name":"Arquivado: C\u00e2mara rejeita den\u00fancia que pedia cassa\u00e7\u00e3o do mandato do vereador Bigode da Capoeira"}]},{"@type":"WebSite","@id":"https:\/\/radiolifefm.com.br\/noticias\/#website","url":"https:\/\/radiolifefm.com.br\/noticias\/","name":"R\u00e1dio Life FM","description":"O Portal de Not\u00edcias de Adamantina","publisher":{"@id":"https:\/\/radiolifefm.com.br\/noticias\/#organization"},"alternateName":"Life FM","potentialAction":[{"@type":"SearchAction","target":{"@type":"EntryPoint","urlTemplate":"https:\/\/radiolifefm.com.br\/noticias\/?s={search_term_string}"},"query-input":{"@type":"PropertyValueSpecification","valueRequired":true,"valueName":"search_term_string"}}],"inLanguage":"pt-BR"},{"@type":"Organization","@id":"https:\/\/radiolifefm.com.br\/noticias\/#organization","name":"R\u00e1dio Life FM","alternateName":"Life FM","url":"https:\/\/radiolifefm.com.br\/noticias\/","logo":{"@type":"ImageObject","inLanguage":"pt-BR","@id":"https:\/\/radiolifefm.com.br\/noticias\/#\/schema\/logo\/image\/","url":"https:\/\/static.radiolifefm.com.br\/noticias\/wp-content\/uploads\/2019\/10\/logo-lifefm.png","contentUrl":"https:\/\/static.radiolifefm.com.br\/noticias\/wp-content\/uploads\/2019\/10\/logo-lifefm.png","width":196,"height":47,"caption":"R\u00e1dio Life FM"},"image":{"@id":"https:\/\/radiolifefm.com.br\/noticias\/#\/schema\/logo\/image\/"},"sameAs":["https:\/\/www.facebook.com\/radiolifefm\/","https:\/\/www.instagram.com\/life1079fm\/"]},{"@type":"Person","@id":"https:\/\/radiolifefm.com.br\/noticias\/#\/schema\/person\/6339b9fac59d12b071dec680d7375d87","name":"ritanery","image":{"@type":"ImageObject","inLanguage":"pt-BR","@id":"https:\/\/secure.gravatar.com\/avatar\/0e37bb19071f47c0b8a23f62a903df117c5a0e75f65a0c2901562f97cd41cf86?s=96&d=mm&r=g","url":"https:\/\/secure.gravatar.com\/avatar\/0e37bb19071f47c0b8a23f62a903df117c5a0e75f65a0c2901562f97cd41cf86?s=96&d=mm&r=g","contentUrl":"https:\/\/secure.gravatar.com\/avatar\/0e37bb19071f47c0b8a23f62a903df117c5a0e75f65a0c2901562f97cd41cf86?s=96&d=mm&r=g","caption":"ritanery"}}]}},"amp_enabled":true,"_links":{"self":[{"href":"https:\/\/radiolifefm.com.br\/noticias\/wp-json\/wp\/v2\/posts\/55220","targetHints":{"allow":["GET"]}}],"collection":[{"href":"https:\/\/radiolifefm.com.br\/noticias\/wp-json\/wp\/v2\/posts"}],"about":[{"href":"https:\/\/radiolifefm.com.br\/noticias\/wp-json\/wp\/v2\/types\/post"}],"author":[{"embeddable":true,"href":"https:\/\/radiolifefm.com.br\/noticias\/wp-json\/wp\/v2\/users\/13"}],"replies":[{"embeddable":true,"href":"https:\/\/radiolifefm.com.br\/noticias\/wp-json\/wp\/v2\/comments?post=55220"}],"version-history":[{"count":4,"href":"https:\/\/radiolifefm.com.br\/noticias\/wp-json\/wp\/v2\/posts\/55220\/revisions"}],"predecessor-version":[{"id":55225,"href":"https:\/\/radiolifefm.com.br\/noticias\/wp-json\/wp\/v2\/posts\/55220\/revisions\/55225"}],"wp:featuredmedia":[{"embeddable":true,"href":"https:\/\/radiolifefm.com.br\/noticias\/wp-json\/wp\/v2\/media\/55221"}],"wp:attachment":[{"href":"https:\/\/radiolifefm.com.br\/noticias\/wp-json\/wp\/v2\/media?parent=55220"}],"wp:term":[{"taxonomy":"category","embeddable":true,"href":"https:\/\/radiolifefm.com.br\/noticias\/wp-json\/wp\/v2\/categories?post=55220"},{"taxonomy":"post_tag","embeddable":true,"href":"https:\/\/radiolifefm.com.br\/noticias\/wp-json\/wp\/v2\/tags?post=55220"}],"curies":[{"name":"wp","href":"https:\/\/api.w.org\/{rel}","templated":true}]}}