{"id":55214,"date":"2022-06-27T16:55:36","date_gmt":"2022-06-27T19:55:36","guid":{"rendered":"https:\/\/radiolifefm.com.br\/noticias\/?p=55214"},"modified":"2026-04-17T16:46:58","modified_gmt":"2026-04-17T19:46:58","slug":"municipios-assinam-convenio-para-implantacao-do-servico-de-residencia-inclusiva","status":"publish","type":"post","link":"https:\/\/radiolifefm.com.br\/noticias\/municipios-assinam-convenio-para-implantacao-do-servico-de-residencia-inclusiva\/","title":{"rendered":"Munic\u00edpios assinam conv\u00eanio para implanta\u00e7\u00e3o do servi\u00e7o de resid\u00eancia inclusiva"},"content":{"rendered":"<div id=\"fb-root\"><\/div>\n<p style=\"font-weight: 400\">Tendo em vista a necessidade de oferecer um servi\u00e7o de acolhimento institucional para jovens com defici\u00eancia acima de 18 anos e cujos v\u00ednculos familiares est\u00e3o rompidos ou fragilizados e que n\u00e3o contam com condi\u00e7\u00f5es de auto sustentabilidade, Adamantina passar\u00e1 a oferecer o servi\u00e7o de resid\u00eancia inclusiva regional.<\/p>\n<p style=\"font-weight: 400\">A assinatura do conv\u00eanio para implanta\u00e7\u00e3o do servi\u00e7o de resid\u00eancia inclusiva entre munic\u00edpios de Adamantina, Mari\u00e1polis, Fl\u00f3rida Paulista, Dracena e Osvaldo Cruz foi realizada na manh\u00e3 de hoje (27).<\/p>\n<p style=\"font-weight: 400\">A solenidade contou com a presen\u00e7a dos prefeitos M\u00e1rcio Cardim; Andr\u00e9 Kozan Lemos; Wilson Fr\u00f3io J\u00fanior; Ricardo Mitsuro Watanabe e Vera Lucia Alves; o Presidente da C\u00e2mara Municipal Paulo Cervelheira; Juiz de Direito da 1\u00aa Vara, Carlos Gustavo Urquiza Scarazzato; Coordenador de A\u00e7\u00e3o Social das 26 DRADS da Secretaria de Assist\u00eancia e Desenvolvimento Social do Estado de S\u00e3o Paulo Edson Gon\u00e7alves Pelagalo Oliveira Silva; Diretora T\u00e9cnica da Diretoria Regional de Assist\u00eancia e Desenvolvimento Social de Dracena (DRADS) Rejane de Menezes Sanches e Presidente da Associa\u00e7\u00e3o de Pais e Amigos do Excepcional de Adamantina (APAE) Carlos Roberto Bocchi Pereira, secret\u00e1rios, representantes de conselhos e de institui\u00e7\u00f5es.<\/p>\n<p style=\"font-weight: 400\">Para a execu\u00e7\u00e3o, o munic\u00edpio receber\u00e1 R$180.038,40 do estado e mais R$180.038,40 cofinanciado pelos munic\u00edpios parceiros e mais 54 mil reais do estado para aquisi\u00e7\u00e3o de material permanente.<\/p>\n<p style=\"font-weight: 400\">\u201cEstamos trabalhando nisso h\u00e1 um ano e 9 meses e hoje estou feliz em firmar o conv\u00eanio. Aproveito ainda para agradecer o nosso chefe que tem esp\u00edrito inovador, alma sens\u00edvel. A APAE, agrade\u00e7o por ter aceitado o servi\u00e7o\u201d, agradece Andreia.<\/p>\n<p style=\"font-weight: 400\">De acordo com Rejane Menezes Sanches, diretora t\u00e9cnica da Diretoria Regional de Assist\u00eancia e Desenvolvimento Social de Dracena, afirma que a assinatura do conv\u00eanio \u00e9 a realiza\u00e7\u00e3o de um sonho.<\/p>\n<p style=\"font-weight: 400\">\u201cEssa era uma demanda silenciosa e hoje \u00e9 um marco para a Alta Paulista. Fizemos estudo de viabilidade e de demanda e vimos o quanto era necess\u00e1rio a implanta\u00e7\u00e3o desse servi\u00e7o. O Prefeito M\u00e1rcio Cardim colocou \u00e0 disposi\u00e7\u00e3o para que fosse aqui e temos certeza que ser\u00e1 um sucesso\u201d, comemora.<\/p>\n<p style=\"font-weight: 400\">Edson Gon\u00e7alves Pelagalo Oliveira Silva, coordenador de A\u00e7\u00e3o Social das 26 DRADS da Secretaria de Assist\u00eancia e Desenvolvimento Social do Estado de S\u00e3o Paulo, explicou que a resid\u00eancia inclusiva \u00e9 um ambiente pr\u00f3prio para a fam\u00edlia.<\/p>\n<p style=\"font-weight: 400\">\u201cTemos dado prioridade para os pequenos munic\u00edpios e o Estado acompanha o servi\u00e7o para que seja refer\u00eancia. Agora, vamos desafiar os munic\u00edpios para que implantem o servi\u00e7o de acolhimento para mulheres v\u00edtimas de viol\u00eancia, pois elas precisam de apoio do estado e dos munic\u00edpios para construir uma nova trajet\u00f3ria\u201d, comenta.<\/p>\n<p style=\"font-weight: 400\">Paulo Cervelheira, presidente da C\u00e2mara Municipal, lembrou que os olhos da secretaria Andreia brilhavam ao explicar para ele o desenvolvimento do projeto e o quanto ele \u00e9 importante para os munic\u00edpios.<\/p>\n<p style=\"font-weight: 400\">\u201cGostaria de agradecer ao Governo do Estado de S\u00e3o Paulo, pois tem dado o apoio para implanta\u00e7\u00e3o de mais esse servi\u00e7o em Adamantina. Tenho certeza que ser\u00e1 um sucesso\u201d, finaliza o prefeito M\u00e1rcio Cardim.<\/p>\n<p>&nbsp;<\/p>\n<p>Fonte: Assessoria de Imprensa<\/p>\n","protected":false},"excerpt":{"rendered":"<p>Tendo em vista a necessidade de oferecer um servi\u00e7o de acolhimento institucional para jovens com defici\u00eancia acima de 18 anos e cujos v\u00ednculos familiares est\u00e3o rompidos ou fragilizados e que n\u00e3o contam com condi\u00e7\u00f5es de auto sustentabilidade, Adamantina passar\u00e1 a oferecer o servi\u00e7o de resid\u00eancia inclusiva regional. A assinatura do conv\u00eanio para implanta\u00e7\u00e3o do servi\u00e7o [&hellip;]<\/p>\n","protected":false},"author":13,"featured_media":55215,"comment_status":"closed","ping_status":"open","sticky":false,"template":"","format":"standard","meta":{"_acf_changed":false,"_exactmetrics_skip_tracking":false,"_exactmetrics_sitenote_active":false,"_exactmetrics_sitenote_note":"","_exactmetrics_sitenote_category":0,"footnotes":""},"categories":[21],"tags":[],"class_list":["post-55214","post","type-post","status-publish","format-standard","has-post-thumbnail","hentry","category-adamantina"],"acf":[],"yoast_head":"<!-- This site is optimized with the Yoast SEO plugin v27.2 - https:\/\/yoast.com\/product\/yoast-seo-wordpress\/ -->\n<title>Munic\u00edpios assinam conv\u00eanio para implanta\u00e7\u00e3o do servi\u00e7o de resid\u00eancia inclusiva - R\u00e1dio Life FM<\/title>\n<meta name=\"robots\" content=\"index, follow, max-snippet:-1, max-image-preview:large, max-video-preview:-1\" \/>\n<link rel=\"canonical\" href=\"https:\/\/radiolifefm.com.br\/noticias\/municipios-assinam-convenio-para-implantacao-do-servico-de-residencia-inclusiva\/\" \/>\n<meta property=\"og:locale\" content=\"pt_BR\" \/>\n<meta property=\"og:type\" content=\"article\" \/>\n<meta property=\"og:title\" content=\"Munic\u00edpios assinam conv\u00eanio para implanta\u00e7\u00e3o do servi\u00e7o de resid\u00eancia inclusiva - R\u00e1dio Life FM\" \/>\n<meta property=\"og:description\" content=\"Tendo em vista a necessidade de oferecer um servi\u00e7o de acolhimento institucional para jovens com defici\u00eancia acima de 18 anos e cujos v\u00ednculos familiares est\u00e3o rompidos ou fragilizados e que n\u00e3o contam com condi\u00e7\u00f5es de auto sustentabilidade, Adamantina passar\u00e1 a oferecer o servi\u00e7o de resid\u00eancia inclusiva regional. A assinatura do conv\u00eanio para implanta\u00e7\u00e3o do servi\u00e7o [&hellip;]\" \/>\n<meta property=\"og:url\" content=\"https:\/\/radiolifefm.com.br\/noticias\/municipios-assinam-convenio-para-implantacao-do-servico-de-residencia-inclusiva\/\" \/>\n<meta property=\"og:site_name\" content=\"R\u00e1dio Life FM\" \/>\n<meta property=\"article:publisher\" content=\"https:\/\/www.facebook.com\/radiolifefm\/\" \/>\n<meta property=\"article:published_time\" content=\"2022-06-27T19:55:36+00:00\" \/>\n<meta property=\"article:modified_time\" content=\"2026-04-17T19:46:58+00:00\" \/>\n<meta property=\"og:image\" content=\"https:\/\/radiolifefm.com.br\/noticias\/wp-content\/uploads\/2022\/06\/DSC_0103-scaled.jpg\" \/>\n\t<meta property=\"og:image:width\" content=\"2560\" \/>\n\t<meta property=\"og:image:height\" content=\"1711\" \/>\n\t<meta property=\"og:image:type\" content=\"image\/jpeg\" \/>\n<meta name=\"author\" content=\"ritanery\" \/>\n<meta name=\"twitter:card\" content=\"summary_large_image\" \/>\n<meta name=\"twitter:label1\" content=\"Escrito por\" \/>\n\t<meta name=\"twitter:data1\" content=\"ritanery\" \/>\n\t<meta name=\"twitter:label2\" content=\"Est. tempo de leitura\" \/>\n\t<meta name=\"twitter:data2\" content=\"3 minutos\" \/>\n<script type=\"application\/ld+json\" class=\"yoast-schema-graph\">{\"@context\":\"https:\/\/schema.org\",\"@graph\":[{\"@type\":\"Article\",\"@id\":\"https:\/\/radiolifefm.com.br\/noticias\/municipios-assinam-convenio-para-implantacao-do-servico-de-residencia-inclusiva\/#article\",\"isPartOf\":{\"@id\":\"https:\/\/radiolifefm.com.br\/noticias\/municipios-assinam-convenio-para-implantacao-do-servico-de-residencia-inclusiva\/\"},\"author\":{\"name\":\"ritanery\",\"@id\":\"https:\/\/radiolifefm.com.br\/noticias\/#\/schema\/person\/6339b9fac59d12b071dec680d7375d87\"},\"headline\":\"Munic\u00edpios assinam conv\u00eanio para implanta\u00e7\u00e3o do servi\u00e7o de resid\u00eancia inclusiva\",\"datePublished\":\"2022-06-27T19:55:36+00:00\",\"dateModified\":\"2026-04-17T19:46:58+00:00\",\"mainEntityOfPage\":{\"@id\":\"https:\/\/radiolifefm.com.br\/noticias\/municipios-assinam-convenio-para-implantacao-do-servico-de-residencia-inclusiva\/\"},\"wordCount\":557,\"publisher\":{\"@id\":\"https:\/\/radiolifefm.com.br\/noticias\/#organization\"},\"image\":{\"@id\":\"https:\/\/radiolifefm.com.br\/noticias\/municipios-assinam-convenio-para-implantacao-do-servico-de-residencia-inclusiva\/#primaryimage\"},\"thumbnailUrl\":\"https:\/\/radiolifefm.com.br\/noticias\/wp-content\/uploads\/2022\/06\/DSC_0103-scaled.jpg\",\"articleSection\":[\"Adamantina\"],\"inLanguage\":\"pt-BR\"},{\"@type\":\"WebPage\",\"@id\":\"https:\/\/radiolifefm.com.br\/noticias\/municipios-assinam-convenio-para-implantacao-do-servico-de-residencia-inclusiva\/\",\"url\":\"https:\/\/radiolifefm.com.br\/noticias\/municipios-assinam-convenio-para-implantacao-do-servico-de-residencia-inclusiva\/\",\"name\":\"Munic\u00edpios assinam conv\u00eanio para implanta\u00e7\u00e3o do servi\u00e7o de resid\u00eancia inclusiva - R\u00e1dio Life FM\",\"isPartOf\":{\"@id\":\"https:\/\/radiolifefm.com.br\/noticias\/#website\"},\"primaryImageOfPage\":{\"@id\":\"https:\/\/radiolifefm.com.br\/noticias\/municipios-assinam-convenio-para-implantacao-do-servico-de-residencia-inclusiva\/#primaryimage\"},\"image\":{\"@id\":\"https:\/\/radiolifefm.com.br\/noticias\/municipios-assinam-convenio-para-implantacao-do-servico-de-residencia-inclusiva\/#primaryimage\"},\"thumbnailUrl\":\"https:\/\/radiolifefm.com.br\/noticias\/wp-content\/uploads\/2022\/06\/DSC_0103-scaled.jpg\",\"datePublished\":\"2022-06-27T19:55:36+00:00\",\"dateModified\":\"2026-04-17T19:46:58+00:00\",\"breadcrumb\":{\"@id\":\"https:\/\/radiolifefm.com.br\/noticias\/municipios-assinam-convenio-para-implantacao-do-servico-de-residencia-inclusiva\/#breadcrumb\"},\"inLanguage\":\"pt-BR\",\"potentialAction\":[{\"@type\":\"ReadAction\",\"target\":[\"https:\/\/radiolifefm.com.br\/noticias\/municipios-assinam-convenio-para-implantacao-do-servico-de-residencia-inclusiva\/\"]}]},{\"@type\":\"ImageObject\",\"inLanguage\":\"pt-BR\",\"@id\":\"https:\/\/radiolifefm.com.br\/noticias\/municipios-assinam-convenio-para-implantacao-do-servico-de-residencia-inclusiva\/#primaryimage\",\"url\":\"https:\/\/radiolifefm.com.br\/noticias\/wp-content\/uploads\/2022\/06\/DSC_0103-scaled.jpg\",\"contentUrl\":\"https:\/\/radiolifefm.com.br\/noticias\/wp-content\/uploads\/2022\/06\/DSC_0103-scaled.jpg\",\"width\":2560,\"height\":1711,\"caption\":\"Adamantina sediar\u00e1 o servi\u00e7o\"},{\"@type\":\"BreadcrumbList\",\"@id\":\"https:\/\/radiolifefm.com.br\/noticias\/municipios-assinam-convenio-para-implantacao-do-servico-de-residencia-inclusiva\/#breadcrumb\",\"itemListElement\":[{\"@type\":\"ListItem\",\"position\":1,\"name\":\"In\u00edcio\",\"item\":\"https:\/\/radiolifefm.com.br\/noticias\/\"},{\"@type\":\"ListItem\",\"position\":2,\"name\":\"Munic\u00edpios assinam conv\u00eanio para implanta\u00e7\u00e3o do servi\u00e7o de resid\u00eancia inclusiva\"}]},{\"@type\":\"WebSite\",\"@id\":\"https:\/\/radiolifefm.com.br\/noticias\/#website\",\"url\":\"https:\/\/radiolifefm.com.br\/noticias\/\",\"name\":\"R\u00e1dio Life FM\",\"description\":\"O Portal de Not\u00edcias de Adamantina\",\"publisher\":{\"@id\":\"https:\/\/radiolifefm.com.br\/noticias\/#organization\"},\"alternateName\":\"Life FM\",\"potentialAction\":[{\"@type\":\"SearchAction\",\"target\":{\"@type\":\"EntryPoint\",\"urlTemplate\":\"https:\/\/radiolifefm.com.br\/noticias\/?s={search_term_string}\"},\"query-input\":{\"@type\":\"PropertyValueSpecification\",\"valueRequired\":true,\"valueName\":\"search_term_string\"}}],\"inLanguage\":\"pt-BR\"},{\"@type\":\"Organization\",\"@id\":\"https:\/\/radiolifefm.com.br\/noticias\/#organization\",\"name\":\"R\u00e1dio Life FM\",\"alternateName\":\"Life FM\",\"url\":\"https:\/\/radiolifefm.com.br\/noticias\/\",\"logo\":{\"@type\":\"ImageObject\",\"inLanguage\":\"pt-BR\",\"@id\":\"https:\/\/radiolifefm.com.br\/noticias\/#\/schema\/logo\/image\/\",\"url\":\"https:\/\/static.radiolifefm.com.br\/noticias\/wp-content\/uploads\/2019\/10\/logo-lifefm.png\",\"contentUrl\":\"https:\/\/static.radiolifefm.com.br\/noticias\/wp-content\/uploads\/2019\/10\/logo-lifefm.png\",\"width\":196,\"height\":47,\"caption\":\"R\u00e1dio Life FM\"},\"image\":{\"@id\":\"https:\/\/radiolifefm.com.br\/noticias\/#\/schema\/logo\/image\/\"},\"sameAs\":[\"https:\/\/www.facebook.com\/radiolifefm\/\",\"https:\/\/www.instagram.com\/life1079fm\/\"]},{\"@type\":\"Person\",\"@id\":\"https:\/\/radiolifefm.com.br\/noticias\/#\/schema\/person\/6339b9fac59d12b071dec680d7375d87\",\"name\":\"ritanery\",\"image\":{\"@type\":\"ImageObject\",\"inLanguage\":\"pt-BR\",\"@id\":\"https:\/\/secure.gravatar.com\/avatar\/0e37bb19071f47c0b8a23f62a903df117c5a0e75f65a0c2901562f97cd41cf86?s=96&d=mm&r=g\",\"url\":\"https:\/\/secure.gravatar.com\/avatar\/0e37bb19071f47c0b8a23f62a903df117c5a0e75f65a0c2901562f97cd41cf86?s=96&d=mm&r=g\",\"contentUrl\":\"https:\/\/secure.gravatar.com\/avatar\/0e37bb19071f47c0b8a23f62a903df117c5a0e75f65a0c2901562f97cd41cf86?s=96&d=mm&r=g\",\"caption\":\"ritanery\"}}]}<\/script>\n<!-- \/ Yoast SEO plugin. -->","yoast_head_json":{"title":"Munic\u00edpios assinam conv\u00eanio para implanta\u00e7\u00e3o do servi\u00e7o de resid\u00eancia inclusiva - R\u00e1dio Life FM","robots":{"index":"index","follow":"follow","max-snippet":"max-snippet:-1","max-image-preview":"max-image-preview:large","max-video-preview":"max-video-preview:-1"},"canonical":"https:\/\/radiolifefm.com.br\/noticias\/municipios-assinam-convenio-para-implantacao-do-servico-de-residencia-inclusiva\/","og_locale":"pt_BR","og_type":"article","og_title":"Munic\u00edpios assinam conv\u00eanio para implanta\u00e7\u00e3o do servi\u00e7o de resid\u00eancia inclusiva - R\u00e1dio Life FM","og_description":"Tendo em vista a necessidade de oferecer um servi\u00e7o de acolhimento institucional para jovens com defici\u00eancia acima de 18 anos e cujos v\u00ednculos familiares est\u00e3o rompidos ou fragilizados e que n\u00e3o contam com condi\u00e7\u00f5es de auto sustentabilidade, Adamantina passar\u00e1 a oferecer o servi\u00e7o de resid\u00eancia inclusiva regional. A assinatura do conv\u00eanio para implanta\u00e7\u00e3o do servi\u00e7o [&hellip;]","og_url":"https:\/\/radiolifefm.com.br\/noticias\/municipios-assinam-convenio-para-implantacao-do-servico-de-residencia-inclusiva\/","og_site_name":"R\u00e1dio Life FM","article_publisher":"https:\/\/www.facebook.com\/radiolifefm\/","article_published_time":"2022-06-27T19:55:36+00:00","article_modified_time":"2026-04-17T19:46:58+00:00","og_image":[{"width":2560,"height":1711,"url":"https:\/\/radiolifefm.com.br\/noticias\/wp-content\/uploads\/2022\/06\/DSC_0103-scaled.jpg","type":"image\/jpeg"}],"author":"ritanery","twitter_card":"summary_large_image","twitter_misc":{"Escrito por":"ritanery","Est. tempo de leitura":"3 minutos"},"schema":{"@context":"https:\/\/schema.org","@graph":[{"@type":"Article","@id":"https:\/\/radiolifefm.com.br\/noticias\/municipios-assinam-convenio-para-implantacao-do-servico-de-residencia-inclusiva\/#article","isPartOf":{"@id":"https:\/\/radiolifefm.com.br\/noticias\/municipios-assinam-convenio-para-implantacao-do-servico-de-residencia-inclusiva\/"},"author":{"name":"ritanery","@id":"https:\/\/radiolifefm.com.br\/noticias\/#\/schema\/person\/6339b9fac59d12b071dec680d7375d87"},"headline":"Munic\u00edpios assinam conv\u00eanio para implanta\u00e7\u00e3o do servi\u00e7o de resid\u00eancia inclusiva","datePublished":"2022-06-27T19:55:36+00:00","dateModified":"2026-04-17T19:46:58+00:00","mainEntityOfPage":{"@id":"https:\/\/radiolifefm.com.br\/noticias\/municipios-assinam-convenio-para-implantacao-do-servico-de-residencia-inclusiva\/"},"wordCount":557,"publisher":{"@id":"https:\/\/radiolifefm.com.br\/noticias\/#organization"},"image":{"@id":"https:\/\/radiolifefm.com.br\/noticias\/municipios-assinam-convenio-para-implantacao-do-servico-de-residencia-inclusiva\/#primaryimage"},"thumbnailUrl":"https:\/\/radiolifefm.com.br\/noticias\/wp-content\/uploads\/2022\/06\/DSC_0103-scaled.jpg","articleSection":["Adamantina"],"inLanguage":"pt-BR"},{"@type":"WebPage","@id":"https:\/\/radiolifefm.com.br\/noticias\/municipios-assinam-convenio-para-implantacao-do-servico-de-residencia-inclusiva\/","url":"https:\/\/radiolifefm.com.br\/noticias\/municipios-assinam-convenio-para-implantacao-do-servico-de-residencia-inclusiva\/","name":"Munic\u00edpios assinam conv\u00eanio para implanta\u00e7\u00e3o do servi\u00e7o de resid\u00eancia inclusiva - R\u00e1dio Life FM","isPartOf":{"@id":"https:\/\/radiolifefm.com.br\/noticias\/#website"},"primaryImageOfPage":{"@id":"https:\/\/radiolifefm.com.br\/noticias\/municipios-assinam-convenio-para-implantacao-do-servico-de-residencia-inclusiva\/#primaryimage"},"image":{"@id":"https:\/\/radiolifefm.com.br\/noticias\/municipios-assinam-convenio-para-implantacao-do-servico-de-residencia-inclusiva\/#primaryimage"},"thumbnailUrl":"https:\/\/radiolifefm.com.br\/noticias\/wp-content\/uploads\/2022\/06\/DSC_0103-scaled.jpg","datePublished":"2022-06-27T19:55:36+00:00","dateModified":"2026-04-17T19:46:58+00:00","breadcrumb":{"@id":"https:\/\/radiolifefm.com.br\/noticias\/municipios-assinam-convenio-para-implantacao-do-servico-de-residencia-inclusiva\/#breadcrumb"},"inLanguage":"pt-BR","potentialAction":[{"@type":"ReadAction","target":["https:\/\/radiolifefm.com.br\/noticias\/municipios-assinam-convenio-para-implantacao-do-servico-de-residencia-inclusiva\/"]}]},{"@type":"ImageObject","inLanguage":"pt-BR","@id":"https:\/\/radiolifefm.com.br\/noticias\/municipios-assinam-convenio-para-implantacao-do-servico-de-residencia-inclusiva\/#primaryimage","url":"https:\/\/radiolifefm.com.br\/noticias\/wp-content\/uploads\/2022\/06\/DSC_0103-scaled.jpg","contentUrl":"https:\/\/radiolifefm.com.br\/noticias\/wp-content\/uploads\/2022\/06\/DSC_0103-scaled.jpg","width":2560,"height":1711,"caption":"Adamantina sediar\u00e1 o servi\u00e7o"},{"@type":"BreadcrumbList","@id":"https:\/\/radiolifefm.com.br\/noticias\/municipios-assinam-convenio-para-implantacao-do-servico-de-residencia-inclusiva\/#breadcrumb","itemListElement":[{"@type":"ListItem","position":1,"name":"In\u00edcio","item":"https:\/\/radiolifefm.com.br\/noticias\/"},{"@type":"ListItem","position":2,"name":"Munic\u00edpios assinam conv\u00eanio para implanta\u00e7\u00e3o do servi\u00e7o de resid\u00eancia inclusiva"}]},{"@type":"WebSite","@id":"https:\/\/radiolifefm.com.br\/noticias\/#website","url":"https:\/\/radiolifefm.com.br\/noticias\/","name":"R\u00e1dio Life FM","description":"O Portal de Not\u00edcias de Adamantina","publisher":{"@id":"https:\/\/radiolifefm.com.br\/noticias\/#organization"},"alternateName":"Life FM","potentialAction":[{"@type":"SearchAction","target":{"@type":"EntryPoint","urlTemplate":"https:\/\/radiolifefm.com.br\/noticias\/?s={search_term_string}"},"query-input":{"@type":"PropertyValueSpecification","valueRequired":true,"valueName":"search_term_string"}}],"inLanguage":"pt-BR"},{"@type":"Organization","@id":"https:\/\/radiolifefm.com.br\/noticias\/#organization","name":"R\u00e1dio Life FM","alternateName":"Life FM","url":"https:\/\/radiolifefm.com.br\/noticias\/","logo":{"@type":"ImageObject","inLanguage":"pt-BR","@id":"https:\/\/radiolifefm.com.br\/noticias\/#\/schema\/logo\/image\/","url":"https:\/\/static.radiolifefm.com.br\/noticias\/wp-content\/uploads\/2019\/10\/logo-lifefm.png","contentUrl":"https:\/\/static.radiolifefm.com.br\/noticias\/wp-content\/uploads\/2019\/10\/logo-lifefm.png","width":196,"height":47,"caption":"R\u00e1dio Life FM"},"image":{"@id":"https:\/\/radiolifefm.com.br\/noticias\/#\/schema\/logo\/image\/"},"sameAs":["https:\/\/www.facebook.com\/radiolifefm\/","https:\/\/www.instagram.com\/life1079fm\/"]},{"@type":"Person","@id":"https:\/\/radiolifefm.com.br\/noticias\/#\/schema\/person\/6339b9fac59d12b071dec680d7375d87","name":"ritanery","image":{"@type":"ImageObject","inLanguage":"pt-BR","@id":"https:\/\/secure.gravatar.com\/avatar\/0e37bb19071f47c0b8a23f62a903df117c5a0e75f65a0c2901562f97cd41cf86?s=96&d=mm&r=g","url":"https:\/\/secure.gravatar.com\/avatar\/0e37bb19071f47c0b8a23f62a903df117c5a0e75f65a0c2901562f97cd41cf86?s=96&d=mm&r=g","contentUrl":"https:\/\/secure.gravatar.com\/avatar\/0e37bb19071f47c0b8a23f62a903df117c5a0e75f65a0c2901562f97cd41cf86?s=96&d=mm&r=g","caption":"ritanery"}}]}},"amp_enabled":true,"_links":{"self":[{"href":"https:\/\/radiolifefm.com.br\/noticias\/wp-json\/wp\/v2\/posts\/55214","targetHints":{"allow":["GET"]}}],"collection":[{"href":"https:\/\/radiolifefm.com.br\/noticias\/wp-json\/wp\/v2\/posts"}],"about":[{"href":"https:\/\/radiolifefm.com.br\/noticias\/wp-json\/wp\/v2\/types\/post"}],"author":[{"embeddable":true,"href":"https:\/\/radiolifefm.com.br\/noticias\/wp-json\/wp\/v2\/users\/13"}],"replies":[{"embeddable":true,"href":"https:\/\/radiolifefm.com.br\/noticias\/wp-json\/wp\/v2\/comments?post=55214"}],"version-history":[{"count":4,"href":"https:\/\/radiolifefm.com.br\/noticias\/wp-json\/wp\/v2\/posts\/55214\/revisions"}],"predecessor-version":[{"id":55219,"href":"https:\/\/radiolifefm.com.br\/noticias\/wp-json\/wp\/v2\/posts\/55214\/revisions\/55219"}],"wp:featuredmedia":[{"embeddable":true,"href":"https:\/\/radiolifefm.com.br\/noticias\/wp-json\/wp\/v2\/media\/55215"}],"wp:attachment":[{"href":"https:\/\/radiolifefm.com.br\/noticias\/wp-json\/wp\/v2\/media?parent=55214"}],"wp:term":[{"taxonomy":"category","embeddable":true,"href":"https:\/\/radiolifefm.com.br\/noticias\/wp-json\/wp\/v2\/categories?post=55214"},{"taxonomy":"post_tag","embeddable":true,"href":"https:\/\/radiolifefm.com.br\/noticias\/wp-json\/wp\/v2\/tags?post=55214"}],"curies":[{"name":"wp","href":"https:\/\/api.w.org\/{rel}","templated":true}]}}