{"id":55207,"date":"2022-06-27T15:57:42","date_gmt":"2022-06-27T18:57:42","guid":{"rendered":"https:\/\/radiolifefm.com.br\/noticias\/?p=55207"},"modified":"2026-01-23T23:04:29","modified_gmt":"2026-01-24T02:04:29","slug":"pelotao-do-corpo-de-bombeiros-de-adamantina-recebe-unidade-de-resgate-2","status":"publish","type":"post","link":"https:\/\/radiolifefm.com.br\/noticias\/pelotao-do-corpo-de-bombeiros-de-adamantina-recebe-unidade-de-resgate-2\/","title":{"rendered":"Pelot\u00e3o do Corpo de Bombeiros de Adamantina recebe unidade de resgate"},"content":{"rendered":"<div id=\"fb-root\"><\/div>\n<p style=\"font-weight: 400\">Na manh\u00e3 de hoje (27), foi realizada uma cerim\u00f4nia para entrega da unidade de resgate para o Pelot\u00e3o do Corpo de Bombeiros de Adamantina.<\/p>\n<p style=\"font-weight: 400\">A solenidade contou com a presen\u00e7a do prefeito M\u00e1rcio Cardim, vereadores, secret\u00e1rios, Capit\u00e3o PM Diego Pecoraro \u2013 Comandante do 3\u00ba Subgrupamento de Bombeiros e 1\u00ba Tenente PM Tiago Cardoso Poli \u2013 Comandante do Pelot\u00e3o de Bombeiros Adamantina, demais integrantes da corpora\u00e7\u00e3o.<\/p>\n<p style=\"font-weight: 400\">A aquisi\u00e7\u00e3o da UR foi efetuada pelo Governo do Estado de S\u00e3o Paulo e o Comando do Corpo de Bombeiros est\u00e1 destinando para a cidade de Adamantina devido ao planejamento de renova\u00e7\u00e3o da frota bem como ao tempo de uso do ve\u00edculo em opera\u00e7\u00e3o no local.<\/p>\n<p style=\"font-weight: 400\">De acordo com o tenente Poli, a antiga unidade de resgate estava no munic\u00edpio desde 2013 e realizou 28880 atendimentos. \u201cQueremos agradecer o recebimento, pois o outro ve\u00edculo estava apresentando desgaste natural\u201d, afirma.<\/p>\n<p style=\"font-weight: 400\">Em sua fala, o capit\u00e3o PM Diego Pecoraro, comandante do 3\u00ba subgrupamento de Bombeiros, disse que \u00e9 um prazer estar aqui para essa solenidade e que devido ao uso da antiga, a nova viatura chega em um excelente momento.<\/p>\n<p style=\"font-weight: 400\">O prefeito M\u00e1rcio Cardim mais uma vez lembrou a import\u00e2ncia da corpora\u00e7\u00e3o e do investimento que o Governo do Estado vem fazendo em Adamantina. \u201cO Governo do Estado tem dado a sua contrapartida, pois tem visto que temos atuado com o objetivo de atender de maneira eficiente e humanizada\u201d, finaliza.<\/p>\n<p style=\"font-weight: 400\"><img loading=\"lazy\" decoding=\"async\" class=\"alignnone size-medium wp-image-55209\" src=\"https:\/\/static.radiolifefm.com.br\/wp-content\/uploads\/sites\/2\/2022\/06\/DSC_0150-300x201.jpg\" alt=\"\" width=\"300\" height=\"201\" srcset=\"https:\/\/radiolifefm.com.br\/noticias\/wp-content\/uploads\/2022\/06\/DSC_0150-300x201.jpg 300w, https:\/\/radiolifefm.com.br\/noticias\/wp-content\/uploads\/2022\/06\/DSC_0150-1024x684.jpg 1024w, https:\/\/radiolifefm.com.br\/noticias\/wp-content\/uploads\/2022\/06\/DSC_0150-768x513.jpg 768w, https:\/\/radiolifefm.com.br\/noticias\/wp-content\/uploads\/2022\/06\/DSC_0150-1536x1027.jpg 1536w, https:\/\/radiolifefm.com.br\/noticias\/wp-content\/uploads\/2022\/06\/DSC_0150-2048x1369.jpg 2048w\" sizes=\"auto, (max-width: 300px) 100vw, 300px\" \/><\/p>\n<p>Fonte: Assessoria de Imprensa<\/p>\n","protected":false},"excerpt":{"rendered":"<p>Na manh\u00e3 de hoje (27), foi realizada uma cerim\u00f4nia para entrega da unidade de resgate para o Pelot\u00e3o do Corpo de Bombeiros de Adamantina. A solenidade contou com a presen\u00e7a do prefeito M\u00e1rcio Cardim, vereadores, secret\u00e1rios, Capit\u00e3o PM Diego Pecoraro \u2013 Comandante do 3\u00ba Subgrupamento de Bombeiros e 1\u00ba Tenente PM Tiago Cardoso Poli \u2013 [&hellip;]<\/p>\n","protected":false},"author":13,"featured_media":55208,"comment_status":"closed","ping_status":"open","sticky":false,"template":"","format":"standard","meta":{"_acf_changed":false,"_exactmetrics_skip_tracking":false,"_exactmetrics_sitenote_active":false,"_exactmetrics_sitenote_note":"","_exactmetrics_sitenote_category":0,"footnotes":""},"categories":[21],"tags":[],"class_list":["post-55207","post","type-post","status-publish","format-standard","has-post-thumbnail","hentry","category-adamantina"],"acf":[],"yoast_head":"<!-- This site is optimized with the Yoast SEO plugin v27.2 - https:\/\/yoast.com\/product\/yoast-seo-wordpress\/ -->\n<title>Pelot\u00e3o do Corpo de Bombeiros de Adamantina recebe unidade de resgate - R\u00e1dio Life FM<\/title>\n<meta name=\"robots\" content=\"index, follow, max-snippet:-1, max-image-preview:large, max-video-preview:-1\" \/>\n<link rel=\"canonical\" href=\"https:\/\/radiolifefm.com.br\/noticias\/pelotao-do-corpo-de-bombeiros-de-adamantina-recebe-unidade-de-resgate-2\/\" \/>\n<meta property=\"og:locale\" content=\"pt_BR\" \/>\n<meta property=\"og:type\" content=\"article\" \/>\n<meta property=\"og:title\" content=\"Pelot\u00e3o do Corpo de Bombeiros de Adamantina recebe unidade de resgate - R\u00e1dio Life FM\" \/>\n<meta property=\"og:description\" content=\"Na manh\u00e3 de hoje (27), foi realizada uma cerim\u00f4nia para entrega da unidade de resgate para o Pelot\u00e3o do Corpo de Bombeiros de Adamantina. A solenidade contou com a presen\u00e7a do prefeito M\u00e1rcio Cardim, vereadores, secret\u00e1rios, Capit\u00e3o PM Diego Pecoraro \u2013 Comandante do 3\u00ba Subgrupamento de Bombeiros e 1\u00ba Tenente PM Tiago Cardoso Poli \u2013 [&hellip;]\" \/>\n<meta property=\"og:url\" content=\"https:\/\/radiolifefm.com.br\/noticias\/pelotao-do-corpo-de-bombeiros-de-adamantina-recebe-unidade-de-resgate-2\/\" \/>\n<meta property=\"og:site_name\" content=\"R\u00e1dio Life FM\" \/>\n<meta property=\"article:publisher\" content=\"https:\/\/www.facebook.com\/radiolifefm\/\" \/>\n<meta property=\"article:published_time\" content=\"2022-06-27T18:57:42+00:00\" \/>\n<meta property=\"article:modified_time\" content=\"2026-01-24T02:04:29+00:00\" \/>\n<meta property=\"og:image\" content=\"https:\/\/radiolifefm.com.br\/noticias\/wp-content\/uploads\/2022\/06\/DSC_0127-scaled.jpg\" \/>\n\t<meta property=\"og:image:width\" content=\"2560\" \/>\n\t<meta property=\"og:image:height\" content=\"1711\" \/>\n\t<meta property=\"og:image:type\" content=\"image\/jpeg\" \/>\n<meta name=\"author\" content=\"ritanery\" \/>\n<meta name=\"twitter:card\" content=\"summary_large_image\" \/>\n<meta name=\"twitter:label1\" content=\"Escrito por\" \/>\n\t<meta name=\"twitter:data1\" content=\"ritanery\" \/>\n\t<meta name=\"twitter:label2\" content=\"Est. tempo de leitura\" \/>\n\t<meta name=\"twitter:data2\" content=\"1 minuto\" \/>\n<script type=\"application\/ld+json\" class=\"yoast-schema-graph\">{\"@context\":\"https:\/\/schema.org\",\"@graph\":[{\"@type\":\"Article\",\"@id\":\"https:\/\/radiolifefm.com.br\/noticias\/pelotao-do-corpo-de-bombeiros-de-adamantina-recebe-unidade-de-resgate-2\/#article\",\"isPartOf\":{\"@id\":\"https:\/\/radiolifefm.com.br\/noticias\/pelotao-do-corpo-de-bombeiros-de-adamantina-recebe-unidade-de-resgate-2\/\"},\"author\":{\"name\":\"ritanery\",\"@id\":\"https:\/\/radiolifefm.com.br\/noticias\/#\/schema\/person\/6339b9fac59d12b071dec680d7375d87\"},\"headline\":\"Pelot\u00e3o do Corpo de Bombeiros de Adamantina recebe unidade de resgate\",\"datePublished\":\"2022-06-27T18:57:42+00:00\",\"dateModified\":\"2026-01-24T02:04:29+00:00\",\"mainEntityOfPage\":{\"@id\":\"https:\/\/radiolifefm.com.br\/noticias\/pelotao-do-corpo-de-bombeiros-de-adamantina-recebe-unidade-de-resgate-2\/\"},\"wordCount\":259,\"publisher\":{\"@id\":\"https:\/\/radiolifefm.com.br\/noticias\/#organization\"},\"image\":{\"@id\":\"https:\/\/radiolifefm.com.br\/noticias\/pelotao-do-corpo-de-bombeiros-de-adamantina-recebe-unidade-de-resgate-2\/#primaryimage\"},\"thumbnailUrl\":\"https:\/\/radiolifefm.com.br\/noticias\/wp-content\/uploads\/2022\/06\/DSC_0127-scaled.jpg\",\"articleSection\":[\"Adamantina\"],\"inLanguage\":\"pt-BR\"},{\"@type\":\"WebPage\",\"@id\":\"https:\/\/radiolifefm.com.br\/noticias\/pelotao-do-corpo-de-bombeiros-de-adamantina-recebe-unidade-de-resgate-2\/\",\"url\":\"https:\/\/radiolifefm.com.br\/noticias\/pelotao-do-corpo-de-bombeiros-de-adamantina-recebe-unidade-de-resgate-2\/\",\"name\":\"Pelot\u00e3o do Corpo de Bombeiros de Adamantina recebe unidade de resgate - R\u00e1dio Life FM\",\"isPartOf\":{\"@id\":\"https:\/\/radiolifefm.com.br\/noticias\/#website\"},\"primaryImageOfPage\":{\"@id\":\"https:\/\/radiolifefm.com.br\/noticias\/pelotao-do-corpo-de-bombeiros-de-adamantina-recebe-unidade-de-resgate-2\/#primaryimage\"},\"image\":{\"@id\":\"https:\/\/radiolifefm.com.br\/noticias\/pelotao-do-corpo-de-bombeiros-de-adamantina-recebe-unidade-de-resgate-2\/#primaryimage\"},\"thumbnailUrl\":\"https:\/\/radiolifefm.com.br\/noticias\/wp-content\/uploads\/2022\/06\/DSC_0127-scaled.jpg\",\"datePublished\":\"2022-06-27T18:57:42+00:00\",\"dateModified\":\"2026-01-24T02:04:29+00:00\",\"breadcrumb\":{\"@id\":\"https:\/\/radiolifefm.com.br\/noticias\/pelotao-do-corpo-de-bombeiros-de-adamantina-recebe-unidade-de-resgate-2\/#breadcrumb\"},\"inLanguage\":\"pt-BR\",\"potentialAction\":[{\"@type\":\"ReadAction\",\"target\":[\"https:\/\/radiolifefm.com.br\/noticias\/pelotao-do-corpo-de-bombeiros-de-adamantina-recebe-unidade-de-resgate-2\/\"]}]},{\"@type\":\"ImageObject\",\"inLanguage\":\"pt-BR\",\"@id\":\"https:\/\/radiolifefm.com.br\/noticias\/pelotao-do-corpo-de-bombeiros-de-adamantina-recebe-unidade-de-resgate-2\/#primaryimage\",\"url\":\"https:\/\/radiolifefm.com.br\/noticias\/wp-content\/uploads\/2022\/06\/DSC_0127-scaled.jpg\",\"contentUrl\":\"https:\/\/radiolifefm.com.br\/noticias\/wp-content\/uploads\/2022\/06\/DSC_0127-scaled.jpg\",\"width\":2560,\"height\":1711},{\"@type\":\"BreadcrumbList\",\"@id\":\"https:\/\/radiolifefm.com.br\/noticias\/pelotao-do-corpo-de-bombeiros-de-adamantina-recebe-unidade-de-resgate-2\/#breadcrumb\",\"itemListElement\":[{\"@type\":\"ListItem\",\"position\":1,\"name\":\"In\u00edcio\",\"item\":\"https:\/\/radiolifefm.com.br\/noticias\/\"},{\"@type\":\"ListItem\",\"position\":2,\"name\":\"Pelot\u00e3o do Corpo de Bombeiros de Adamantina recebe unidade de resgate\"}]},{\"@type\":\"WebSite\",\"@id\":\"https:\/\/radiolifefm.com.br\/noticias\/#website\",\"url\":\"https:\/\/radiolifefm.com.br\/noticias\/\",\"name\":\"R\u00e1dio Life FM\",\"description\":\"O Portal de Not\u00edcias de Adamantina\",\"publisher\":{\"@id\":\"https:\/\/radiolifefm.com.br\/noticias\/#organization\"},\"alternateName\":\"Life FM\",\"potentialAction\":[{\"@type\":\"SearchAction\",\"target\":{\"@type\":\"EntryPoint\",\"urlTemplate\":\"https:\/\/radiolifefm.com.br\/noticias\/?s={search_term_string}\"},\"query-input\":{\"@type\":\"PropertyValueSpecification\",\"valueRequired\":true,\"valueName\":\"search_term_string\"}}],\"inLanguage\":\"pt-BR\"},{\"@type\":\"Organization\",\"@id\":\"https:\/\/radiolifefm.com.br\/noticias\/#organization\",\"name\":\"R\u00e1dio Life FM\",\"alternateName\":\"Life FM\",\"url\":\"https:\/\/radiolifefm.com.br\/noticias\/\",\"logo\":{\"@type\":\"ImageObject\",\"inLanguage\":\"pt-BR\",\"@id\":\"https:\/\/radiolifefm.com.br\/noticias\/#\/schema\/logo\/image\/\",\"url\":\"https:\/\/static.radiolifefm.com.br\/noticias\/wp-content\/uploads\/2019\/10\/logo-lifefm.png\",\"contentUrl\":\"https:\/\/static.radiolifefm.com.br\/noticias\/wp-content\/uploads\/2019\/10\/logo-lifefm.png\",\"width\":196,\"height\":47,\"caption\":\"R\u00e1dio Life FM\"},\"image\":{\"@id\":\"https:\/\/radiolifefm.com.br\/noticias\/#\/schema\/logo\/image\/\"},\"sameAs\":[\"https:\/\/www.facebook.com\/radiolifefm\/\",\"https:\/\/www.instagram.com\/life1079fm\/\"]},{\"@type\":\"Person\",\"@id\":\"https:\/\/radiolifefm.com.br\/noticias\/#\/schema\/person\/6339b9fac59d12b071dec680d7375d87\",\"name\":\"ritanery\",\"image\":{\"@type\":\"ImageObject\",\"inLanguage\":\"pt-BR\",\"@id\":\"https:\/\/secure.gravatar.com\/avatar\/0e37bb19071f47c0b8a23f62a903df117c5a0e75f65a0c2901562f97cd41cf86?s=96&d=mm&r=g\",\"url\":\"https:\/\/secure.gravatar.com\/avatar\/0e37bb19071f47c0b8a23f62a903df117c5a0e75f65a0c2901562f97cd41cf86?s=96&d=mm&r=g\",\"contentUrl\":\"https:\/\/secure.gravatar.com\/avatar\/0e37bb19071f47c0b8a23f62a903df117c5a0e75f65a0c2901562f97cd41cf86?s=96&d=mm&r=g\",\"caption\":\"ritanery\"}}]}<\/script>\n<!-- \/ Yoast SEO plugin. -->","yoast_head_json":{"title":"Pelot\u00e3o do Corpo de Bombeiros de Adamantina recebe unidade de resgate - R\u00e1dio Life FM","robots":{"index":"index","follow":"follow","max-snippet":"max-snippet:-1","max-image-preview":"max-image-preview:large","max-video-preview":"max-video-preview:-1"},"canonical":"https:\/\/radiolifefm.com.br\/noticias\/pelotao-do-corpo-de-bombeiros-de-adamantina-recebe-unidade-de-resgate-2\/","og_locale":"pt_BR","og_type":"article","og_title":"Pelot\u00e3o do Corpo de Bombeiros de Adamantina recebe unidade de resgate - R\u00e1dio Life FM","og_description":"Na manh\u00e3 de hoje (27), foi realizada uma cerim\u00f4nia para entrega da unidade de resgate para o Pelot\u00e3o do Corpo de Bombeiros de Adamantina. A solenidade contou com a presen\u00e7a do prefeito M\u00e1rcio Cardim, vereadores, secret\u00e1rios, Capit\u00e3o PM Diego Pecoraro \u2013 Comandante do 3\u00ba Subgrupamento de Bombeiros e 1\u00ba Tenente PM Tiago Cardoso Poli \u2013 [&hellip;]","og_url":"https:\/\/radiolifefm.com.br\/noticias\/pelotao-do-corpo-de-bombeiros-de-adamantina-recebe-unidade-de-resgate-2\/","og_site_name":"R\u00e1dio Life FM","article_publisher":"https:\/\/www.facebook.com\/radiolifefm\/","article_published_time":"2022-06-27T18:57:42+00:00","article_modified_time":"2026-01-24T02:04:29+00:00","og_image":[{"width":2560,"height":1711,"url":"https:\/\/radiolifefm.com.br\/noticias\/wp-content\/uploads\/2022\/06\/DSC_0127-scaled.jpg","type":"image\/jpeg"}],"author":"ritanery","twitter_card":"summary_large_image","twitter_misc":{"Escrito por":"ritanery","Est. tempo de leitura":"1 minuto"},"schema":{"@context":"https:\/\/schema.org","@graph":[{"@type":"Article","@id":"https:\/\/radiolifefm.com.br\/noticias\/pelotao-do-corpo-de-bombeiros-de-adamantina-recebe-unidade-de-resgate-2\/#article","isPartOf":{"@id":"https:\/\/radiolifefm.com.br\/noticias\/pelotao-do-corpo-de-bombeiros-de-adamantina-recebe-unidade-de-resgate-2\/"},"author":{"name":"ritanery","@id":"https:\/\/radiolifefm.com.br\/noticias\/#\/schema\/person\/6339b9fac59d12b071dec680d7375d87"},"headline":"Pelot\u00e3o do Corpo de Bombeiros de Adamantina recebe unidade de resgate","datePublished":"2022-06-27T18:57:42+00:00","dateModified":"2026-01-24T02:04:29+00:00","mainEntityOfPage":{"@id":"https:\/\/radiolifefm.com.br\/noticias\/pelotao-do-corpo-de-bombeiros-de-adamantina-recebe-unidade-de-resgate-2\/"},"wordCount":259,"publisher":{"@id":"https:\/\/radiolifefm.com.br\/noticias\/#organization"},"image":{"@id":"https:\/\/radiolifefm.com.br\/noticias\/pelotao-do-corpo-de-bombeiros-de-adamantina-recebe-unidade-de-resgate-2\/#primaryimage"},"thumbnailUrl":"https:\/\/radiolifefm.com.br\/noticias\/wp-content\/uploads\/2022\/06\/DSC_0127-scaled.jpg","articleSection":["Adamantina"],"inLanguage":"pt-BR"},{"@type":"WebPage","@id":"https:\/\/radiolifefm.com.br\/noticias\/pelotao-do-corpo-de-bombeiros-de-adamantina-recebe-unidade-de-resgate-2\/","url":"https:\/\/radiolifefm.com.br\/noticias\/pelotao-do-corpo-de-bombeiros-de-adamantina-recebe-unidade-de-resgate-2\/","name":"Pelot\u00e3o do Corpo de Bombeiros de Adamantina recebe unidade de resgate - R\u00e1dio Life FM","isPartOf":{"@id":"https:\/\/radiolifefm.com.br\/noticias\/#website"},"primaryImageOfPage":{"@id":"https:\/\/radiolifefm.com.br\/noticias\/pelotao-do-corpo-de-bombeiros-de-adamantina-recebe-unidade-de-resgate-2\/#primaryimage"},"image":{"@id":"https:\/\/radiolifefm.com.br\/noticias\/pelotao-do-corpo-de-bombeiros-de-adamantina-recebe-unidade-de-resgate-2\/#primaryimage"},"thumbnailUrl":"https:\/\/radiolifefm.com.br\/noticias\/wp-content\/uploads\/2022\/06\/DSC_0127-scaled.jpg","datePublished":"2022-06-27T18:57:42+00:00","dateModified":"2026-01-24T02:04:29+00:00","breadcrumb":{"@id":"https:\/\/radiolifefm.com.br\/noticias\/pelotao-do-corpo-de-bombeiros-de-adamantina-recebe-unidade-de-resgate-2\/#breadcrumb"},"inLanguage":"pt-BR","potentialAction":[{"@type":"ReadAction","target":["https:\/\/radiolifefm.com.br\/noticias\/pelotao-do-corpo-de-bombeiros-de-adamantina-recebe-unidade-de-resgate-2\/"]}]},{"@type":"ImageObject","inLanguage":"pt-BR","@id":"https:\/\/radiolifefm.com.br\/noticias\/pelotao-do-corpo-de-bombeiros-de-adamantina-recebe-unidade-de-resgate-2\/#primaryimage","url":"https:\/\/radiolifefm.com.br\/noticias\/wp-content\/uploads\/2022\/06\/DSC_0127-scaled.jpg","contentUrl":"https:\/\/radiolifefm.com.br\/noticias\/wp-content\/uploads\/2022\/06\/DSC_0127-scaled.jpg","width":2560,"height":1711},{"@type":"BreadcrumbList","@id":"https:\/\/radiolifefm.com.br\/noticias\/pelotao-do-corpo-de-bombeiros-de-adamantina-recebe-unidade-de-resgate-2\/#breadcrumb","itemListElement":[{"@type":"ListItem","position":1,"name":"In\u00edcio","item":"https:\/\/radiolifefm.com.br\/noticias\/"},{"@type":"ListItem","position":2,"name":"Pelot\u00e3o do Corpo de Bombeiros de Adamantina recebe unidade de resgate"}]},{"@type":"WebSite","@id":"https:\/\/radiolifefm.com.br\/noticias\/#website","url":"https:\/\/radiolifefm.com.br\/noticias\/","name":"R\u00e1dio Life FM","description":"O Portal de Not\u00edcias de Adamantina","publisher":{"@id":"https:\/\/radiolifefm.com.br\/noticias\/#organization"},"alternateName":"Life FM","potentialAction":[{"@type":"SearchAction","target":{"@type":"EntryPoint","urlTemplate":"https:\/\/radiolifefm.com.br\/noticias\/?s={search_term_string}"},"query-input":{"@type":"PropertyValueSpecification","valueRequired":true,"valueName":"search_term_string"}}],"inLanguage":"pt-BR"},{"@type":"Organization","@id":"https:\/\/radiolifefm.com.br\/noticias\/#organization","name":"R\u00e1dio Life FM","alternateName":"Life FM","url":"https:\/\/radiolifefm.com.br\/noticias\/","logo":{"@type":"ImageObject","inLanguage":"pt-BR","@id":"https:\/\/radiolifefm.com.br\/noticias\/#\/schema\/logo\/image\/","url":"https:\/\/static.radiolifefm.com.br\/noticias\/wp-content\/uploads\/2019\/10\/logo-lifefm.png","contentUrl":"https:\/\/static.radiolifefm.com.br\/noticias\/wp-content\/uploads\/2019\/10\/logo-lifefm.png","width":196,"height":47,"caption":"R\u00e1dio Life FM"},"image":{"@id":"https:\/\/radiolifefm.com.br\/noticias\/#\/schema\/logo\/image\/"},"sameAs":["https:\/\/www.facebook.com\/radiolifefm\/","https:\/\/www.instagram.com\/life1079fm\/"]},{"@type":"Person","@id":"https:\/\/radiolifefm.com.br\/noticias\/#\/schema\/person\/6339b9fac59d12b071dec680d7375d87","name":"ritanery","image":{"@type":"ImageObject","inLanguage":"pt-BR","@id":"https:\/\/secure.gravatar.com\/avatar\/0e37bb19071f47c0b8a23f62a903df117c5a0e75f65a0c2901562f97cd41cf86?s=96&d=mm&r=g","url":"https:\/\/secure.gravatar.com\/avatar\/0e37bb19071f47c0b8a23f62a903df117c5a0e75f65a0c2901562f97cd41cf86?s=96&d=mm&r=g","contentUrl":"https:\/\/secure.gravatar.com\/avatar\/0e37bb19071f47c0b8a23f62a903df117c5a0e75f65a0c2901562f97cd41cf86?s=96&d=mm&r=g","caption":"ritanery"}}]}},"amp_enabled":true,"_links":{"self":[{"href":"https:\/\/radiolifefm.com.br\/noticias\/wp-json\/wp\/v2\/posts\/55207","targetHints":{"allow":["GET"]}}],"collection":[{"href":"https:\/\/radiolifefm.com.br\/noticias\/wp-json\/wp\/v2\/posts"}],"about":[{"href":"https:\/\/radiolifefm.com.br\/noticias\/wp-json\/wp\/v2\/types\/post"}],"author":[{"embeddable":true,"href":"https:\/\/radiolifefm.com.br\/noticias\/wp-json\/wp\/v2\/users\/13"}],"replies":[{"embeddable":true,"href":"https:\/\/radiolifefm.com.br\/noticias\/wp-json\/wp\/v2\/comments?post=55207"}],"version-history":[{"count":4,"href":"https:\/\/radiolifefm.com.br\/noticias\/wp-json\/wp\/v2\/posts\/55207\/revisions"}],"predecessor-version":[{"id":55213,"href":"https:\/\/radiolifefm.com.br\/noticias\/wp-json\/wp\/v2\/posts\/55207\/revisions\/55213"}],"wp:featuredmedia":[{"embeddable":true,"href":"https:\/\/radiolifefm.com.br\/noticias\/wp-json\/wp\/v2\/media\/55208"}],"wp:attachment":[{"href":"https:\/\/radiolifefm.com.br\/noticias\/wp-json\/wp\/v2\/media?parent=55207"}],"wp:term":[{"taxonomy":"category","embeddable":true,"href":"https:\/\/radiolifefm.com.br\/noticias\/wp-json\/wp\/v2\/categories?post=55207"},{"taxonomy":"post_tag","embeddable":true,"href":"https:\/\/radiolifefm.com.br\/noticias\/wp-json\/wp\/v2\/tags?post=55207"}],"curies":[{"name":"wp","href":"https:\/\/api.w.org\/{rel}","templated":true}]}}