{"id":55201,"date":"2022-06-27T10:13:28","date_gmt":"2022-06-27T13:13:28","guid":{"rendered":"https:\/\/radiolifefm.com.br\/noticias\/?p=55201"},"modified":"2026-04-22T05:28:01","modified_gmt":"2026-04-22T08:28:01","slug":"energisa-realiza-operacao-de-combate-a-furtos-de-energia-em-adamantina-e-municipios-da-alta-paulista","status":"publish","type":"post","link":"https:\/\/radiolifefm.com.br\/noticias\/energisa-realiza-operacao-de-combate-a-furtos-de-energia-em-adamantina-e-municipios-da-alta-paulista\/","title":{"rendered":"Energisa realiza opera\u00e7\u00e3o de combate a furtos de energia em Adamantina e munic\u00edpios da Alta Paulista"},"content":{"rendered":"<div id=\"fb-root\"><\/div>\n<p style=\"font-weight: 400\">A\u00a0Energisa\u00a0Sul-Sudeste realizou nas \u00faltimas semanas uma opera\u00e7\u00e3o especial de combate a\u00a0furto\u00a0e fraudes de energia nos munic\u00edpios de Adamantina, Luc\u00e9lia e Osvaldo Cruz. Durante as inspe\u00e7\u00f5es em im\u00f3veis residenciais e estabelecimentos comerciais, foram encontradas 14 irregularidades entre liga\u00e7\u00f5es clandestinas e interven\u00e7\u00f5es ilegais no sistema\u202fde\u202fdistribui\u00e7\u00e3o de energia, totalizando um desvio de 103.691 kWh de energia.<\/p>\n<p style=\"font-weight: 400\">\n<p style=\"font-weight: 400\">De acordo com o coordenador\u202fde\u202fMedi\u00e7\u00e3o e\u202fCombate\u202f\u00e0s Perdas\u202fde\u202fEnergia, Renan Felix Fernandes Souza, nessas inspe\u00e7\u00f5es, que fazem parte da rotina de atua\u00e7\u00e3o da\u00a0Energisa, o intuito \u00e9 zelar pela seguran\u00e7a do sistema el\u00e9trico e da comunidade, bem como garantir a qualidade da energia que chega aos clientes.<\/p>\n<p style=\"font-weight: 400\">\n<p style=\"font-weight: 400\">\u201cQuaisquer interven\u00e7\u00f5es na rede el\u00e9trica representam um risco\u202f\u00e0\u202fseguran\u00e7a, pois geralmente s\u00e3o feitas por quem n\u00e3o tem conhecimento t\u00e9cnico, podendo ocasionar um choque el\u00e9trico, um inc\u00eandio e at\u00e9 a morte do interventor ou de terceiros. No caso desses im\u00f3veis irregulares, o risco se estendia \u00e0 popula\u00e7\u00e3o circunvizinha, al\u00e9m de onerar os clientes que pagam a conta de energia em dia\u201d, destaca.<\/p>\n<p style=\"font-weight: 400\">\n<p style=\"font-weight: 400\">Conforme Renan, a\u00a0Energisa\u00a0conta com um sistema de intelig\u00eancia artificial capaz de acompanhar o comportamento de consumo de cada cliente. Em situa\u00e7\u00f5es suspeitas de anormalidade no consumo, \u00e9 realizada uma inspe\u00e7\u00e3o para constatar se h\u00e1, ou n\u00e3o, qualquer interven\u00e7\u00e3o na rede.<\/p>\n<p style=\"font-weight: 400\">\n<p style=\"font-weight: 400\">Na Alta Paulista as equipes realizaram 57 inspe\u00e7\u00f5es e as 14 irregularidades identificadas totalizaram 103.691 kWh de energia recuperados, o que seria suficiente para abastecer 518 resid\u00eancias com consumo m\u00e9dio de 200 kWh, durante um m\u00eas.<\/p>\n<p style=\"font-weight: 400\">\n<p style=\"font-weight: 400\">\u201c\u00c9 importante ressaltar que os\u00a0furtos e fraudes na rede impactam na qualidade do fornecimento de energia el\u00e9trica, na arrecada\u00e7\u00e3o de impostos e na receita da empresa, o que compromete os investimentos em melhorias e servi\u00e7os que beneficiam todos os clientes regularmente ligados ao sistema de distribui\u00e7\u00e3o de energia\u201d, acrescenta Renan.<\/p>\n<p>&nbsp;<\/p>\n<p>Fonte: Assessoria de Imprensa<\/p>\n","protected":false},"excerpt":{"rendered":"<p>A\u00a0Energisa\u00a0Sul-Sudeste realizou nas \u00faltimas semanas uma opera\u00e7\u00e3o especial de combate a\u00a0furto\u00a0e fraudes de energia nos munic\u00edpios de Adamantina, Luc\u00e9lia e Osvaldo Cruz. Durante as inspe\u00e7\u00f5es em im\u00f3veis residenciais e estabelecimentos comerciais, foram encontradas 14 irregularidades entre liga\u00e7\u00f5es clandestinas e interven\u00e7\u00f5es ilegais no sistema\u202fde\u202fdistribui\u00e7\u00e3o de energia, totalizando um desvio de 103.691 kWh de energia. De acordo [&hellip;]<\/p>\n","protected":false},"author":13,"featured_media":55202,"comment_status":"open","ping_status":"open","sticky":false,"template":"","format":"standard","meta":{"_acf_changed":false,"_exactmetrics_skip_tracking":false,"_exactmetrics_sitenote_active":false,"_exactmetrics_sitenote_note":"","_exactmetrics_sitenote_category":0,"footnotes":""},"categories":[21],"tags":[],"class_list":["post-55201","post","type-post","status-publish","format-standard","has-post-thumbnail","hentry","category-adamantina"],"acf":[],"yoast_head":"<!-- This site is optimized with the Yoast SEO plugin v27.2 - https:\/\/yoast.com\/product\/yoast-seo-wordpress\/ -->\n<title>Energisa realiza opera\u00e7\u00e3o de combate a furtos de energia em Adamantina e munic\u00edpios da Alta Paulista - R\u00e1dio Life FM<\/title>\n<meta name=\"robots\" content=\"index, follow, max-snippet:-1, max-image-preview:large, max-video-preview:-1\" \/>\n<link rel=\"canonical\" href=\"https:\/\/radiolifefm.com.br\/noticias\/energisa-realiza-operacao-de-combate-a-furtos-de-energia-em-adamantina-e-municipios-da-alta-paulista\/\" \/>\n<meta property=\"og:locale\" content=\"pt_BR\" \/>\n<meta property=\"og:type\" content=\"article\" \/>\n<meta property=\"og:title\" content=\"Energisa realiza opera\u00e7\u00e3o de combate a furtos de energia em Adamantina e munic\u00edpios da Alta Paulista - R\u00e1dio Life FM\" \/>\n<meta property=\"og:description\" content=\"A\u00a0Energisa\u00a0Sul-Sudeste realizou nas \u00faltimas semanas uma opera\u00e7\u00e3o especial de combate a\u00a0furto\u00a0e fraudes de energia nos munic\u00edpios de Adamantina, Luc\u00e9lia e Osvaldo Cruz. Durante as inspe\u00e7\u00f5es em im\u00f3veis residenciais e estabelecimentos comerciais, foram encontradas 14 irregularidades entre liga\u00e7\u00f5es clandestinas e interven\u00e7\u00f5es ilegais no sistema\u202fde\u202fdistribui\u00e7\u00e3o de energia, totalizando um desvio de 103.691 kWh de energia. De acordo [&hellip;]\" \/>\n<meta property=\"og:url\" content=\"https:\/\/radiolifefm.com.br\/noticias\/energisa-realiza-operacao-de-combate-a-furtos-de-energia-em-adamantina-e-municipios-da-alta-paulista\/\" \/>\n<meta property=\"og:site_name\" content=\"R\u00e1dio Life FM\" \/>\n<meta property=\"article:publisher\" content=\"https:\/\/www.facebook.com\/radiolifefm\/\" \/>\n<meta property=\"article:published_time\" content=\"2022-06-27T13:13:28+00:00\" \/>\n<meta property=\"article:modified_time\" content=\"2026-04-22T08:28:01+00:00\" \/>\n<meta property=\"og:image\" content=\"https:\/\/radiolifefm.com.br\/noticias\/wp-content\/uploads\/2022\/06\/Combate-a-furtos-de-energia-scaled.jpg\" \/>\n\t<meta property=\"og:image:width\" content=\"2240\" \/>\n\t<meta property=\"og:image:height\" content=\"2560\" \/>\n\t<meta property=\"og:image:type\" content=\"image\/jpeg\" \/>\n<meta name=\"author\" content=\"ritanery\" \/>\n<meta name=\"twitter:card\" content=\"summary_large_image\" \/>\n<meta name=\"twitter:label1\" content=\"Escrito por\" \/>\n\t<meta name=\"twitter:data1\" content=\"ritanery\" \/>\n\t<meta name=\"twitter:label2\" content=\"Est. tempo de leitura\" \/>\n\t<meta name=\"twitter:data2\" content=\"2 minutos\" \/>\n<script type=\"application\/ld+json\" class=\"yoast-schema-graph\">{\"@context\":\"https:\/\/schema.org\",\"@graph\":[{\"@type\":\"Article\",\"@id\":\"https:\/\/radiolifefm.com.br\/noticias\/energisa-realiza-operacao-de-combate-a-furtos-de-energia-em-adamantina-e-municipios-da-alta-paulista\/#article\",\"isPartOf\":{\"@id\":\"https:\/\/radiolifefm.com.br\/noticias\/energisa-realiza-operacao-de-combate-a-furtos-de-energia-em-adamantina-e-municipios-da-alta-paulista\/\"},\"author\":{\"name\":\"ritanery\",\"@id\":\"https:\/\/radiolifefm.com.br\/noticias\/#\/schema\/person\/6339b9fac59d12b071dec680d7375d87\"},\"headline\":\"Energisa realiza opera\u00e7\u00e3o de combate a furtos de energia em Adamantina e munic\u00edpios da Alta Paulista\",\"datePublished\":\"2022-06-27T13:13:28+00:00\",\"dateModified\":\"2026-04-22T08:28:01+00:00\",\"mainEntityOfPage\":{\"@id\":\"https:\/\/radiolifefm.com.br\/noticias\/energisa-realiza-operacao-de-combate-a-furtos-de-energia-em-adamantina-e-municipios-da-alta-paulista\/\"},\"wordCount\":349,\"commentCount\":0,\"publisher\":{\"@id\":\"https:\/\/radiolifefm.com.br\/noticias\/#organization\"},\"image\":{\"@id\":\"https:\/\/radiolifefm.com.br\/noticias\/energisa-realiza-operacao-de-combate-a-furtos-de-energia-em-adamantina-e-municipios-da-alta-paulista\/#primaryimage\"},\"thumbnailUrl\":\"https:\/\/radiolifefm.com.br\/noticias\/wp-content\/uploads\/2022\/06\/Combate-a-furtos-de-energia-scaled.jpg\",\"articleSection\":[\"Adamantina\"],\"inLanguage\":\"pt-BR\",\"potentialAction\":[{\"@type\":\"CommentAction\",\"name\":\"Comment\",\"target\":[\"https:\/\/radiolifefm.com.br\/noticias\/energisa-realiza-operacao-de-combate-a-furtos-de-energia-em-adamantina-e-municipios-da-alta-paulista\/#respond\"]}]},{\"@type\":\"WebPage\",\"@id\":\"https:\/\/radiolifefm.com.br\/noticias\/energisa-realiza-operacao-de-combate-a-furtos-de-energia-em-adamantina-e-municipios-da-alta-paulista\/\",\"url\":\"https:\/\/radiolifefm.com.br\/noticias\/energisa-realiza-operacao-de-combate-a-furtos-de-energia-em-adamantina-e-municipios-da-alta-paulista\/\",\"name\":\"Energisa realiza opera\u00e7\u00e3o de combate a furtos de energia em Adamantina e munic\u00edpios da Alta Paulista - R\u00e1dio Life FM\",\"isPartOf\":{\"@id\":\"https:\/\/radiolifefm.com.br\/noticias\/#website\"},\"primaryImageOfPage\":{\"@id\":\"https:\/\/radiolifefm.com.br\/noticias\/energisa-realiza-operacao-de-combate-a-furtos-de-energia-em-adamantina-e-municipios-da-alta-paulista\/#primaryimage\"},\"image\":{\"@id\":\"https:\/\/radiolifefm.com.br\/noticias\/energisa-realiza-operacao-de-combate-a-furtos-de-energia-em-adamantina-e-municipios-da-alta-paulista\/#primaryimage\"},\"thumbnailUrl\":\"https:\/\/radiolifefm.com.br\/noticias\/wp-content\/uploads\/2022\/06\/Combate-a-furtos-de-energia-scaled.jpg\",\"datePublished\":\"2022-06-27T13:13:28+00:00\",\"dateModified\":\"2026-04-22T08:28:01+00:00\",\"breadcrumb\":{\"@id\":\"https:\/\/radiolifefm.com.br\/noticias\/energisa-realiza-operacao-de-combate-a-furtos-de-energia-em-adamantina-e-municipios-da-alta-paulista\/#breadcrumb\"},\"inLanguage\":\"pt-BR\",\"potentialAction\":[{\"@type\":\"ReadAction\",\"target\":[\"https:\/\/radiolifefm.com.br\/noticias\/energisa-realiza-operacao-de-combate-a-furtos-de-energia-em-adamantina-e-municipios-da-alta-paulista\/\"]}]},{\"@type\":\"ImageObject\",\"inLanguage\":\"pt-BR\",\"@id\":\"https:\/\/radiolifefm.com.br\/noticias\/energisa-realiza-operacao-de-combate-a-furtos-de-energia-em-adamantina-e-municipios-da-alta-paulista\/#primaryimage\",\"url\":\"https:\/\/radiolifefm.com.br\/noticias\/wp-content\/uploads\/2022\/06\/Combate-a-furtos-de-energia-scaled.jpg\",\"contentUrl\":\"https:\/\/radiolifefm.com.br\/noticias\/wp-content\/uploads\/2022\/06\/Combate-a-furtos-de-energia-scaled.jpg\",\"width\":2240,\"height\":2560,\"caption\":\"Durante inspe\u00e7\u00f5es em resid\u00eancias e estabelecimentos comerciais foram encontradas irregularidades em medidores e liga\u00e7\u00f5es clandestinas que resultaram no desvio de 103.691 kWh de energia\"},{\"@type\":\"BreadcrumbList\",\"@id\":\"https:\/\/radiolifefm.com.br\/noticias\/energisa-realiza-operacao-de-combate-a-furtos-de-energia-em-adamantina-e-municipios-da-alta-paulista\/#breadcrumb\",\"itemListElement\":[{\"@type\":\"ListItem\",\"position\":1,\"name\":\"In\u00edcio\",\"item\":\"https:\/\/radiolifefm.com.br\/noticias\/\"},{\"@type\":\"ListItem\",\"position\":2,\"name\":\"Energisa realiza opera\u00e7\u00e3o de combate a furtos de energia em Adamantina e munic\u00edpios da Alta Paulista\"}]},{\"@type\":\"WebSite\",\"@id\":\"https:\/\/radiolifefm.com.br\/noticias\/#website\",\"url\":\"https:\/\/radiolifefm.com.br\/noticias\/\",\"name\":\"R\u00e1dio Life FM\",\"description\":\"O Portal de Not\u00edcias de Adamantina\",\"publisher\":{\"@id\":\"https:\/\/radiolifefm.com.br\/noticias\/#organization\"},\"alternateName\":\"Life FM\",\"potentialAction\":[{\"@type\":\"SearchAction\",\"target\":{\"@type\":\"EntryPoint\",\"urlTemplate\":\"https:\/\/radiolifefm.com.br\/noticias\/?s={search_term_string}\"},\"query-input\":{\"@type\":\"PropertyValueSpecification\",\"valueRequired\":true,\"valueName\":\"search_term_string\"}}],\"inLanguage\":\"pt-BR\"},{\"@type\":\"Organization\",\"@id\":\"https:\/\/radiolifefm.com.br\/noticias\/#organization\",\"name\":\"R\u00e1dio Life FM\",\"alternateName\":\"Life FM\",\"url\":\"https:\/\/radiolifefm.com.br\/noticias\/\",\"logo\":{\"@type\":\"ImageObject\",\"inLanguage\":\"pt-BR\",\"@id\":\"https:\/\/radiolifefm.com.br\/noticias\/#\/schema\/logo\/image\/\",\"url\":\"https:\/\/static.radiolifefm.com.br\/noticias\/wp-content\/uploads\/2019\/10\/logo-lifefm.png\",\"contentUrl\":\"https:\/\/static.radiolifefm.com.br\/noticias\/wp-content\/uploads\/2019\/10\/logo-lifefm.png\",\"width\":196,\"height\":47,\"caption\":\"R\u00e1dio Life FM\"},\"image\":{\"@id\":\"https:\/\/radiolifefm.com.br\/noticias\/#\/schema\/logo\/image\/\"},\"sameAs\":[\"https:\/\/www.facebook.com\/radiolifefm\/\",\"https:\/\/www.instagram.com\/life1079fm\/\"]},{\"@type\":\"Person\",\"@id\":\"https:\/\/radiolifefm.com.br\/noticias\/#\/schema\/person\/6339b9fac59d12b071dec680d7375d87\",\"name\":\"ritanery\",\"image\":{\"@type\":\"ImageObject\",\"inLanguage\":\"pt-BR\",\"@id\":\"https:\/\/secure.gravatar.com\/avatar\/0e37bb19071f47c0b8a23f62a903df117c5a0e75f65a0c2901562f97cd41cf86?s=96&d=mm&r=g\",\"url\":\"https:\/\/secure.gravatar.com\/avatar\/0e37bb19071f47c0b8a23f62a903df117c5a0e75f65a0c2901562f97cd41cf86?s=96&d=mm&r=g\",\"contentUrl\":\"https:\/\/secure.gravatar.com\/avatar\/0e37bb19071f47c0b8a23f62a903df117c5a0e75f65a0c2901562f97cd41cf86?s=96&d=mm&r=g\",\"caption\":\"ritanery\"}}]}<\/script>\n<!-- \/ Yoast SEO plugin. -->","yoast_head_json":{"title":"Energisa realiza opera\u00e7\u00e3o de combate a furtos de energia em Adamantina e munic\u00edpios da Alta Paulista - R\u00e1dio Life FM","robots":{"index":"index","follow":"follow","max-snippet":"max-snippet:-1","max-image-preview":"max-image-preview:large","max-video-preview":"max-video-preview:-1"},"canonical":"https:\/\/radiolifefm.com.br\/noticias\/energisa-realiza-operacao-de-combate-a-furtos-de-energia-em-adamantina-e-municipios-da-alta-paulista\/","og_locale":"pt_BR","og_type":"article","og_title":"Energisa realiza opera\u00e7\u00e3o de combate a furtos de energia em Adamantina e munic\u00edpios da Alta Paulista - R\u00e1dio Life FM","og_description":"A\u00a0Energisa\u00a0Sul-Sudeste realizou nas \u00faltimas semanas uma opera\u00e7\u00e3o especial de combate a\u00a0furto\u00a0e fraudes de energia nos munic\u00edpios de Adamantina, Luc\u00e9lia e Osvaldo Cruz. Durante as inspe\u00e7\u00f5es em im\u00f3veis residenciais e estabelecimentos comerciais, foram encontradas 14 irregularidades entre liga\u00e7\u00f5es clandestinas e interven\u00e7\u00f5es ilegais no sistema\u202fde\u202fdistribui\u00e7\u00e3o de energia, totalizando um desvio de 103.691 kWh de energia. De acordo [&hellip;]","og_url":"https:\/\/radiolifefm.com.br\/noticias\/energisa-realiza-operacao-de-combate-a-furtos-de-energia-em-adamantina-e-municipios-da-alta-paulista\/","og_site_name":"R\u00e1dio Life FM","article_publisher":"https:\/\/www.facebook.com\/radiolifefm\/","article_published_time":"2022-06-27T13:13:28+00:00","article_modified_time":"2026-04-22T08:28:01+00:00","og_image":[{"width":2240,"height":2560,"url":"https:\/\/radiolifefm.com.br\/noticias\/wp-content\/uploads\/2022\/06\/Combate-a-furtos-de-energia-scaled.jpg","type":"image\/jpeg"}],"author":"ritanery","twitter_card":"summary_large_image","twitter_misc":{"Escrito por":"ritanery","Est. tempo de leitura":"2 minutos"},"schema":{"@context":"https:\/\/schema.org","@graph":[{"@type":"Article","@id":"https:\/\/radiolifefm.com.br\/noticias\/energisa-realiza-operacao-de-combate-a-furtos-de-energia-em-adamantina-e-municipios-da-alta-paulista\/#article","isPartOf":{"@id":"https:\/\/radiolifefm.com.br\/noticias\/energisa-realiza-operacao-de-combate-a-furtos-de-energia-em-adamantina-e-municipios-da-alta-paulista\/"},"author":{"name":"ritanery","@id":"https:\/\/radiolifefm.com.br\/noticias\/#\/schema\/person\/6339b9fac59d12b071dec680d7375d87"},"headline":"Energisa realiza opera\u00e7\u00e3o de combate a furtos de energia em Adamantina e munic\u00edpios da Alta Paulista","datePublished":"2022-06-27T13:13:28+00:00","dateModified":"2026-04-22T08:28:01+00:00","mainEntityOfPage":{"@id":"https:\/\/radiolifefm.com.br\/noticias\/energisa-realiza-operacao-de-combate-a-furtos-de-energia-em-adamantina-e-municipios-da-alta-paulista\/"},"wordCount":349,"commentCount":0,"publisher":{"@id":"https:\/\/radiolifefm.com.br\/noticias\/#organization"},"image":{"@id":"https:\/\/radiolifefm.com.br\/noticias\/energisa-realiza-operacao-de-combate-a-furtos-de-energia-em-adamantina-e-municipios-da-alta-paulista\/#primaryimage"},"thumbnailUrl":"https:\/\/radiolifefm.com.br\/noticias\/wp-content\/uploads\/2022\/06\/Combate-a-furtos-de-energia-scaled.jpg","articleSection":["Adamantina"],"inLanguage":"pt-BR","potentialAction":[{"@type":"CommentAction","name":"Comment","target":["https:\/\/radiolifefm.com.br\/noticias\/energisa-realiza-operacao-de-combate-a-furtos-de-energia-em-adamantina-e-municipios-da-alta-paulista\/#respond"]}]},{"@type":"WebPage","@id":"https:\/\/radiolifefm.com.br\/noticias\/energisa-realiza-operacao-de-combate-a-furtos-de-energia-em-adamantina-e-municipios-da-alta-paulista\/","url":"https:\/\/radiolifefm.com.br\/noticias\/energisa-realiza-operacao-de-combate-a-furtos-de-energia-em-adamantina-e-municipios-da-alta-paulista\/","name":"Energisa realiza opera\u00e7\u00e3o de combate a furtos de energia em Adamantina e munic\u00edpios da Alta Paulista - R\u00e1dio Life FM","isPartOf":{"@id":"https:\/\/radiolifefm.com.br\/noticias\/#website"},"primaryImageOfPage":{"@id":"https:\/\/radiolifefm.com.br\/noticias\/energisa-realiza-operacao-de-combate-a-furtos-de-energia-em-adamantina-e-municipios-da-alta-paulista\/#primaryimage"},"image":{"@id":"https:\/\/radiolifefm.com.br\/noticias\/energisa-realiza-operacao-de-combate-a-furtos-de-energia-em-adamantina-e-municipios-da-alta-paulista\/#primaryimage"},"thumbnailUrl":"https:\/\/radiolifefm.com.br\/noticias\/wp-content\/uploads\/2022\/06\/Combate-a-furtos-de-energia-scaled.jpg","datePublished":"2022-06-27T13:13:28+00:00","dateModified":"2026-04-22T08:28:01+00:00","breadcrumb":{"@id":"https:\/\/radiolifefm.com.br\/noticias\/energisa-realiza-operacao-de-combate-a-furtos-de-energia-em-adamantina-e-municipios-da-alta-paulista\/#breadcrumb"},"inLanguage":"pt-BR","potentialAction":[{"@type":"ReadAction","target":["https:\/\/radiolifefm.com.br\/noticias\/energisa-realiza-operacao-de-combate-a-furtos-de-energia-em-adamantina-e-municipios-da-alta-paulista\/"]}]},{"@type":"ImageObject","inLanguage":"pt-BR","@id":"https:\/\/radiolifefm.com.br\/noticias\/energisa-realiza-operacao-de-combate-a-furtos-de-energia-em-adamantina-e-municipios-da-alta-paulista\/#primaryimage","url":"https:\/\/radiolifefm.com.br\/noticias\/wp-content\/uploads\/2022\/06\/Combate-a-furtos-de-energia-scaled.jpg","contentUrl":"https:\/\/radiolifefm.com.br\/noticias\/wp-content\/uploads\/2022\/06\/Combate-a-furtos-de-energia-scaled.jpg","width":2240,"height":2560,"caption":"Durante inspe\u00e7\u00f5es em resid\u00eancias e estabelecimentos comerciais foram encontradas irregularidades em medidores e liga\u00e7\u00f5es clandestinas que resultaram no desvio de 103.691 kWh de energia"},{"@type":"BreadcrumbList","@id":"https:\/\/radiolifefm.com.br\/noticias\/energisa-realiza-operacao-de-combate-a-furtos-de-energia-em-adamantina-e-municipios-da-alta-paulista\/#breadcrumb","itemListElement":[{"@type":"ListItem","position":1,"name":"In\u00edcio","item":"https:\/\/radiolifefm.com.br\/noticias\/"},{"@type":"ListItem","position":2,"name":"Energisa realiza opera\u00e7\u00e3o de combate a furtos de energia em Adamantina e munic\u00edpios da Alta Paulista"}]},{"@type":"WebSite","@id":"https:\/\/radiolifefm.com.br\/noticias\/#website","url":"https:\/\/radiolifefm.com.br\/noticias\/","name":"R\u00e1dio Life FM","description":"O Portal de Not\u00edcias de Adamantina","publisher":{"@id":"https:\/\/radiolifefm.com.br\/noticias\/#organization"},"alternateName":"Life FM","potentialAction":[{"@type":"SearchAction","target":{"@type":"EntryPoint","urlTemplate":"https:\/\/radiolifefm.com.br\/noticias\/?s={search_term_string}"},"query-input":{"@type":"PropertyValueSpecification","valueRequired":true,"valueName":"search_term_string"}}],"inLanguage":"pt-BR"},{"@type":"Organization","@id":"https:\/\/radiolifefm.com.br\/noticias\/#organization","name":"R\u00e1dio Life FM","alternateName":"Life FM","url":"https:\/\/radiolifefm.com.br\/noticias\/","logo":{"@type":"ImageObject","inLanguage":"pt-BR","@id":"https:\/\/radiolifefm.com.br\/noticias\/#\/schema\/logo\/image\/","url":"https:\/\/static.radiolifefm.com.br\/noticias\/wp-content\/uploads\/2019\/10\/logo-lifefm.png","contentUrl":"https:\/\/static.radiolifefm.com.br\/noticias\/wp-content\/uploads\/2019\/10\/logo-lifefm.png","width":196,"height":47,"caption":"R\u00e1dio Life FM"},"image":{"@id":"https:\/\/radiolifefm.com.br\/noticias\/#\/schema\/logo\/image\/"},"sameAs":["https:\/\/www.facebook.com\/radiolifefm\/","https:\/\/www.instagram.com\/life1079fm\/"]},{"@type":"Person","@id":"https:\/\/radiolifefm.com.br\/noticias\/#\/schema\/person\/6339b9fac59d12b071dec680d7375d87","name":"ritanery","image":{"@type":"ImageObject","inLanguage":"pt-BR","@id":"https:\/\/secure.gravatar.com\/avatar\/0e37bb19071f47c0b8a23f62a903df117c5a0e75f65a0c2901562f97cd41cf86?s=96&d=mm&r=g","url":"https:\/\/secure.gravatar.com\/avatar\/0e37bb19071f47c0b8a23f62a903df117c5a0e75f65a0c2901562f97cd41cf86?s=96&d=mm&r=g","contentUrl":"https:\/\/secure.gravatar.com\/avatar\/0e37bb19071f47c0b8a23f62a903df117c5a0e75f65a0c2901562f97cd41cf86?s=96&d=mm&r=g","caption":"ritanery"}}]}},"amp_enabled":true,"_links":{"self":[{"href":"https:\/\/radiolifefm.com.br\/noticias\/wp-json\/wp\/v2\/posts\/55201","targetHints":{"allow":["GET"]}}],"collection":[{"href":"https:\/\/radiolifefm.com.br\/noticias\/wp-json\/wp\/v2\/posts"}],"about":[{"href":"https:\/\/radiolifefm.com.br\/noticias\/wp-json\/wp\/v2\/types\/post"}],"author":[{"embeddable":true,"href":"https:\/\/radiolifefm.com.br\/noticias\/wp-json\/wp\/v2\/users\/13"}],"replies":[{"embeddable":true,"href":"https:\/\/radiolifefm.com.br\/noticias\/wp-json\/wp\/v2\/comments?post=55201"}],"version-history":[{"count":4,"href":"https:\/\/radiolifefm.com.br\/noticias\/wp-json\/wp\/v2\/posts\/55201\/revisions"}],"predecessor-version":[{"id":55206,"href":"https:\/\/radiolifefm.com.br\/noticias\/wp-json\/wp\/v2\/posts\/55201\/revisions\/55206"}],"wp:featuredmedia":[{"embeddable":true,"href":"https:\/\/radiolifefm.com.br\/noticias\/wp-json\/wp\/v2\/media\/55202"}],"wp:attachment":[{"href":"https:\/\/radiolifefm.com.br\/noticias\/wp-json\/wp\/v2\/media?parent=55201"}],"wp:term":[{"taxonomy":"category","embeddable":true,"href":"https:\/\/radiolifefm.com.br\/noticias\/wp-json\/wp\/v2\/categories?post=55201"},{"taxonomy":"post_tag","embeddable":true,"href":"https:\/\/radiolifefm.com.br\/noticias\/wp-json\/wp\/v2\/tags?post=55201"}],"curies":[{"name":"wp","href":"https:\/\/api.w.org\/{rel}","templated":true}]}}