{"id":55166,"date":"2022-06-27T07:57:12","date_gmt":"2022-06-27T10:57:12","guid":{"rendered":"https:\/\/radiolifefm.com.br\/noticias\/?p=55166"},"modified":"2025-10-09T21:19:50","modified_gmt":"2025-10-10T00:19:50","slug":"provincia-cultura-educacao-e-desencontros-aqui-e-ali","status":"publish","type":"post","link":"https:\/\/radiolifefm.com.br\/noticias\/provincia-cultura-educacao-e-desencontros-aqui-e-ali\/","title":{"rendered":"Prov\u00edncia, Cultura, Educa\u00e7\u00e3o e desencontros aqui e ali&#8230;"},"content":{"rendered":"<div id=\"fb-root\"><\/div>\n<p>Qualquer organiza\u00e7\u00e3o \u00e0 beira do precip\u00edcio s\u00f3 muda seu rumo com medidas duras, cortando na pr\u00f3pria carne.<\/p>\n<p><strong>S\u00e9rgio Barbosa (*)<\/strong><\/p>\n<p>Deve-se considerar que nestes \u00faltimos meses, ou seja, desde a posse do \u201csecret\u00e1rio de cultura e turismo de adamantina\u201d, ocorreram e continuam ocorrendo diversas ATIVIDADES afins a proposta da SMCTA&#8230;<\/p>\n<p>Portanto, A C\u00c9SAR O QUE \u00c9 DE C\u00c9SAR, ou seja, o SECRET\u00c1RIO e EQUIPE DE APOIO est\u00e3o mais do que empenhados na PROMO\u00c7\u00c3O e EXECU\u00c7\u00c3O dos eventos AGENDADOS de acordo com os PROJETOS APROVADOS&#8230;<\/p>\n<p>Por\u00e9m, como nem tudo s\u00e3o FLORES (sic) nesta PROV\u00cdNCIA DO FAZ DE CONTA, existem muitos desencontros patrocinados pelo PODER P\u00daBLICO nesta gest\u00e3o BODOQUIANA&#8230;<\/p>\n<p>N\u00e3o se pode deixar de lado como a PAX ROMANA desenvolvia o PROJETO POL\u00cdTICO naquele outro TEMPO DO TEMPO, ou seja, P\u00c3O E CIRCO, se bem que pode aqui o P\u00c3O nada escondido em nome do DESGOVERNO BOZZONARO&#8230;<\/p>\n<p>Entretanto, afirmou o poeta do outro tempo do tempo, ou seja, ASSIM CAMINHA A HUMANIDADE neste cen\u00e1rio PROVINCIANO e ponto quase final&#8230;<\/p>\n<p>Al\u00e9m do mais em meio ao tudo de menos, n\u00e3o tem como deixar de lado os BURROCRATAS DE PLANT\u00c3O que continuam circulando em nome dos ENTRAVES mediados pelo SENSO COMUM, assim, NADA SE RESOLVE e tudo ficar por isso mesmo&#8230;<\/p>\n<p>Do outro lado ORGANIZACIONAL, deve-se considerar que a BURROCRACIA ACAD\u00caMICA est\u00e1 cada vez mais\u00a0 evidente em nome disto ou daquilo, haja vista os interesses de sempre das AVES DE RAPINA&#8230;<\/p>\n<p>Mas, espera-se que os GESTORES escolhidos possam TOCAR O APITO em nome dos interesses da COMUNIDADE, todavia, TODO CUIDADO \u00c9 POUCO neste contexto plural mediado pela proposta da AUTONOMIA UNIVERSIT\u00c1RIA&#8230;<\/p>\n<p>Que a FOR\u00c7A possa estar do mesmo lado, assim, o TEMPO continua sendo o TEMPO DO TEMPO para todos\/as, entretanto, deve ser um TRABALHO EM EQUIPE para que o PLANEJAMENTO ESTRAT\u00c1GICO possa fazer a diferen\u00e7a em n\u00edvel de MARKETING ORGANIZACIONAL&#8230;<\/p>\n<p>Isso deve ser PAUTADO pelos interesses COMUNS para os\/as envolvidos\/as neste PROCESSO, por\u00e9m, NADA COMO UM DIA DEPOIS DO OUTRO e vamos que vamos, ainda, de um jeito ou de outro em tempo de P\u00d3S-GLOBALIZA\u00c7\u00c3O MIDI\u00c1TICA&#8230;<\/p>\n<p>O denominado CHOQUE DE GEST\u00c3O deve ser considerado em todas as \u00e1reas do PODER INSTITUCIONALIZADO, por isso e mais aquilo, faz-se necess\u00e1rio que o PROJETO possa ser conduzido com NEUTRALIDADE, isso \u00e9, sempre que poss\u00edvel, caso contr\u00e1rio, nada do PREVISTO vai ocorrer e registra-se outro dito popular, a saber: EU ERA FELIZ E N\u00c3O SABIA&#8230;<\/p>\n<p>QUEM SOBREVIVER VAI SABER&#8230;<\/p>\n<p><strong><em>____________________________<\/em><\/strong><\/p>\n<p><strong><em>(*) jornalista diplomado e professor universit\u00e1rio.<\/em><\/strong><\/p>\n<p><strong><em>e-mail: <\/em><\/strong><a href=\"mailto:barbosa.sebar@gmail.com\"><strong><em>barbosa.sebar@gmail.com<\/em><\/strong><\/a><\/p>\n","protected":false},"excerpt":{"rendered":"<p>Qualquer organiza\u00e7\u00e3o \u00e0 beira do precip\u00edcio s\u00f3 muda seu rumo com medidas duras, cortando na pr\u00f3pria carne. S\u00e9rgio Barbosa (*) Deve-se considerar que nestes \u00faltimos meses, ou seja, desde a posse do \u201csecret\u00e1rio de cultura e turismo de adamantina\u201d, ocorreram e continuam ocorrendo diversas ATIVIDADES afins a proposta da SMCTA&#8230; Portanto, A C\u00c9SAR O QUE [&hellip;]<\/p>\n","protected":false},"author":13,"featured_media":51988,"comment_status":"closed","ping_status":"open","sticky":false,"template":"","format":"standard","meta":{"_acf_changed":false,"_exactmetrics_skip_tracking":false,"_exactmetrics_sitenote_active":false,"_exactmetrics_sitenote_note":"","_exactmetrics_sitenote_category":0,"footnotes":""},"categories":[59],"tags":[],"class_list":["post-55166","post","type-post","status-publish","format-standard","has-post-thumbnail","hentry","category-opiniao"],"acf":[],"yoast_head":"<!-- This site is optimized with the Yoast SEO plugin v27.2 - https:\/\/yoast.com\/product\/yoast-seo-wordpress\/ -->\n<title>Prov\u00edncia, Cultura, Educa\u00e7\u00e3o e desencontros aqui e ali... - R\u00e1dio Life FM<\/title>\n<meta name=\"robots\" content=\"index, follow, max-snippet:-1, max-image-preview:large, max-video-preview:-1\" \/>\n<link rel=\"canonical\" href=\"https:\/\/radiolifefm.com.br\/noticias\/provincia-cultura-educacao-e-desencontros-aqui-e-ali\/\" \/>\n<meta property=\"og:locale\" content=\"pt_BR\" \/>\n<meta property=\"og:type\" content=\"article\" \/>\n<meta property=\"og:title\" content=\"Prov\u00edncia, Cultura, Educa\u00e7\u00e3o e desencontros aqui e ali... - R\u00e1dio Life FM\" \/>\n<meta property=\"og:description\" content=\"Qualquer organiza\u00e7\u00e3o \u00e0 beira do precip\u00edcio s\u00f3 muda seu rumo com medidas duras, cortando na pr\u00f3pria carne. S\u00e9rgio Barbosa (*) Deve-se considerar que nestes \u00faltimos meses, ou seja, desde a posse do \u201csecret\u00e1rio de cultura e turismo de adamantina\u201d, ocorreram e continuam ocorrendo diversas ATIVIDADES afins a proposta da SMCTA&#8230; Portanto, A C\u00c9SAR O QUE [&hellip;]\" \/>\n<meta property=\"og:url\" content=\"https:\/\/radiolifefm.com.br\/noticias\/provincia-cultura-educacao-e-desencontros-aqui-e-ali\/\" \/>\n<meta property=\"og:site_name\" content=\"R\u00e1dio Life FM\" \/>\n<meta property=\"article:publisher\" content=\"https:\/\/www.facebook.com\/radiolifefm\/\" \/>\n<meta property=\"article:published_time\" content=\"2022-06-27T10:57:12+00:00\" \/>\n<meta property=\"article:modified_time\" content=\"2025-10-10T00:19:50+00:00\" \/>\n<meta property=\"og:image\" content=\"https:\/\/static.radiolifefm.com.br\/noticias\/wp-content\/uploads\/2022\/04\/WhatsApp-Image-2022-04-10-at-18.43.02.jpeg\" \/>\n\t<meta property=\"og:image:width\" content=\"972\" \/>\n\t<meta property=\"og:image:height\" content=\"1296\" \/>\n\t<meta property=\"og:image:type\" content=\"image\/jpeg\" \/>\n<meta name=\"author\" content=\"ritanery\" \/>\n<meta name=\"twitter:card\" content=\"summary_large_image\" \/>\n<meta name=\"twitter:label1\" content=\"Escrito por\" \/>\n\t<meta name=\"twitter:data1\" content=\"ritanery\" \/>\n\t<meta name=\"twitter:label2\" content=\"Est. tempo de leitura\" \/>\n\t<meta name=\"twitter:data2\" content=\"2 minutos\" \/>\n<script type=\"application\/ld+json\" class=\"yoast-schema-graph\">{\"@context\":\"https:\/\/schema.org\",\"@graph\":[{\"@type\":\"Article\",\"@id\":\"https:\/\/radiolifefm.com.br\/noticias\/provincia-cultura-educacao-e-desencontros-aqui-e-ali\/#article\",\"isPartOf\":{\"@id\":\"https:\/\/radiolifefm.com.br\/noticias\/provincia-cultura-educacao-e-desencontros-aqui-e-ali\/\"},\"author\":{\"name\":\"ritanery\",\"@id\":\"https:\/\/radiolifefm.com.br\/noticias\/#\/schema\/person\/6339b9fac59d12b071dec680d7375d87\"},\"headline\":\"Prov\u00edncia, Cultura, Educa\u00e7\u00e3o e desencontros aqui e ali&#8230;\",\"datePublished\":\"2022-06-27T10:57:12+00:00\",\"dateModified\":\"2025-10-10T00:19:50+00:00\",\"mainEntityOfPage\":{\"@id\":\"https:\/\/radiolifefm.com.br\/noticias\/provincia-cultura-educacao-e-desencontros-aqui-e-ali\/\"},\"wordCount\":460,\"publisher\":{\"@id\":\"https:\/\/radiolifefm.com.br\/noticias\/#organization\"},\"image\":{\"@id\":\"https:\/\/radiolifefm.com.br\/noticias\/provincia-cultura-educacao-e-desencontros-aqui-e-ali\/#primaryimage\"},\"thumbnailUrl\":\"https:\/\/radiolifefm.com.br\/noticias\/wp-content\/uploads\/2022\/04\/WhatsApp-Image-2022-04-10-at-18.43.02.jpeg\",\"articleSection\":[\"Opini\u00e3o\"],\"inLanguage\":\"pt-BR\"},{\"@type\":\"WebPage\",\"@id\":\"https:\/\/radiolifefm.com.br\/noticias\/provincia-cultura-educacao-e-desencontros-aqui-e-ali\/\",\"url\":\"https:\/\/radiolifefm.com.br\/noticias\/provincia-cultura-educacao-e-desencontros-aqui-e-ali\/\",\"name\":\"Prov\u00edncia, Cultura, Educa\u00e7\u00e3o e desencontros aqui e ali... - R\u00e1dio Life FM\",\"isPartOf\":{\"@id\":\"https:\/\/radiolifefm.com.br\/noticias\/#website\"},\"primaryImageOfPage\":{\"@id\":\"https:\/\/radiolifefm.com.br\/noticias\/provincia-cultura-educacao-e-desencontros-aqui-e-ali\/#primaryimage\"},\"image\":{\"@id\":\"https:\/\/radiolifefm.com.br\/noticias\/provincia-cultura-educacao-e-desencontros-aqui-e-ali\/#primaryimage\"},\"thumbnailUrl\":\"https:\/\/radiolifefm.com.br\/noticias\/wp-content\/uploads\/2022\/04\/WhatsApp-Image-2022-04-10-at-18.43.02.jpeg\",\"datePublished\":\"2022-06-27T10:57:12+00:00\",\"dateModified\":\"2025-10-10T00:19:50+00:00\",\"breadcrumb\":{\"@id\":\"https:\/\/radiolifefm.com.br\/noticias\/provincia-cultura-educacao-e-desencontros-aqui-e-ali\/#breadcrumb\"},\"inLanguage\":\"pt-BR\",\"potentialAction\":[{\"@type\":\"ReadAction\",\"target\":[\"https:\/\/radiolifefm.com.br\/noticias\/provincia-cultura-educacao-e-desencontros-aqui-e-ali\/\"]}]},{\"@type\":\"ImageObject\",\"inLanguage\":\"pt-BR\",\"@id\":\"https:\/\/radiolifefm.com.br\/noticias\/provincia-cultura-educacao-e-desencontros-aqui-e-ali\/#primaryimage\",\"url\":\"https:\/\/radiolifefm.com.br\/noticias\/wp-content\/uploads\/2022\/04\/WhatsApp-Image-2022-04-10-at-18.43.02.jpeg\",\"contentUrl\":\"https:\/\/radiolifefm.com.br\/noticias\/wp-content\/uploads\/2022\/04\/WhatsApp-Image-2022-04-10-at-18.43.02.jpeg\",\"width\":972,\"height\":1296,\"caption\":\"S\u00e9rgio Barbosa\"},{\"@type\":\"BreadcrumbList\",\"@id\":\"https:\/\/radiolifefm.com.br\/noticias\/provincia-cultura-educacao-e-desencontros-aqui-e-ali\/#breadcrumb\",\"itemListElement\":[{\"@type\":\"ListItem\",\"position\":1,\"name\":\"In\u00edcio\",\"item\":\"https:\/\/radiolifefm.com.br\/noticias\/\"},{\"@type\":\"ListItem\",\"position\":2,\"name\":\"Prov\u00edncia, Cultura, Educa\u00e7\u00e3o e desencontros aqui e ali&#8230;\"}]},{\"@type\":\"WebSite\",\"@id\":\"https:\/\/radiolifefm.com.br\/noticias\/#website\",\"url\":\"https:\/\/radiolifefm.com.br\/noticias\/\",\"name\":\"R\u00e1dio Life FM\",\"description\":\"O Portal de Not\u00edcias de Adamantina\",\"publisher\":{\"@id\":\"https:\/\/radiolifefm.com.br\/noticias\/#organization\"},\"alternateName\":\"Life FM\",\"potentialAction\":[{\"@type\":\"SearchAction\",\"target\":{\"@type\":\"EntryPoint\",\"urlTemplate\":\"https:\/\/radiolifefm.com.br\/noticias\/?s={search_term_string}\"},\"query-input\":{\"@type\":\"PropertyValueSpecification\",\"valueRequired\":true,\"valueName\":\"search_term_string\"}}],\"inLanguage\":\"pt-BR\"},{\"@type\":\"Organization\",\"@id\":\"https:\/\/radiolifefm.com.br\/noticias\/#organization\",\"name\":\"R\u00e1dio Life FM\",\"alternateName\":\"Life FM\",\"url\":\"https:\/\/radiolifefm.com.br\/noticias\/\",\"logo\":{\"@type\":\"ImageObject\",\"inLanguage\":\"pt-BR\",\"@id\":\"https:\/\/radiolifefm.com.br\/noticias\/#\/schema\/logo\/image\/\",\"url\":\"https:\/\/static.radiolifefm.com.br\/noticias\/wp-content\/uploads\/2019\/10\/logo-lifefm.png\",\"contentUrl\":\"https:\/\/static.radiolifefm.com.br\/noticias\/wp-content\/uploads\/2019\/10\/logo-lifefm.png\",\"width\":196,\"height\":47,\"caption\":\"R\u00e1dio Life FM\"},\"image\":{\"@id\":\"https:\/\/radiolifefm.com.br\/noticias\/#\/schema\/logo\/image\/\"},\"sameAs\":[\"https:\/\/www.facebook.com\/radiolifefm\/\",\"https:\/\/www.instagram.com\/life1079fm\/\"]},{\"@type\":\"Person\",\"@id\":\"https:\/\/radiolifefm.com.br\/noticias\/#\/schema\/person\/6339b9fac59d12b071dec680d7375d87\",\"name\":\"ritanery\",\"image\":{\"@type\":\"ImageObject\",\"inLanguage\":\"pt-BR\",\"@id\":\"https:\/\/secure.gravatar.com\/avatar\/0e37bb19071f47c0b8a23f62a903df117c5a0e75f65a0c2901562f97cd41cf86?s=96&d=mm&r=g\",\"url\":\"https:\/\/secure.gravatar.com\/avatar\/0e37bb19071f47c0b8a23f62a903df117c5a0e75f65a0c2901562f97cd41cf86?s=96&d=mm&r=g\",\"contentUrl\":\"https:\/\/secure.gravatar.com\/avatar\/0e37bb19071f47c0b8a23f62a903df117c5a0e75f65a0c2901562f97cd41cf86?s=96&d=mm&r=g\",\"caption\":\"ritanery\"}}]}<\/script>\n<!-- \/ Yoast SEO plugin. -->","yoast_head_json":{"title":"Prov\u00edncia, Cultura, Educa\u00e7\u00e3o e desencontros aqui e ali... - R\u00e1dio Life FM","robots":{"index":"index","follow":"follow","max-snippet":"max-snippet:-1","max-image-preview":"max-image-preview:large","max-video-preview":"max-video-preview:-1"},"canonical":"https:\/\/radiolifefm.com.br\/noticias\/provincia-cultura-educacao-e-desencontros-aqui-e-ali\/","og_locale":"pt_BR","og_type":"article","og_title":"Prov\u00edncia, Cultura, Educa\u00e7\u00e3o e desencontros aqui e ali... - R\u00e1dio Life FM","og_description":"Qualquer organiza\u00e7\u00e3o \u00e0 beira do precip\u00edcio s\u00f3 muda seu rumo com medidas duras, cortando na pr\u00f3pria carne. S\u00e9rgio Barbosa (*) Deve-se considerar que nestes \u00faltimos meses, ou seja, desde a posse do \u201csecret\u00e1rio de cultura e turismo de adamantina\u201d, ocorreram e continuam ocorrendo diversas ATIVIDADES afins a proposta da SMCTA&#8230; Portanto, A C\u00c9SAR O QUE [&hellip;]","og_url":"https:\/\/radiolifefm.com.br\/noticias\/provincia-cultura-educacao-e-desencontros-aqui-e-ali\/","og_site_name":"R\u00e1dio Life FM","article_publisher":"https:\/\/www.facebook.com\/radiolifefm\/","article_published_time":"2022-06-27T10:57:12+00:00","article_modified_time":"2025-10-10T00:19:50+00:00","og_image":[{"width":972,"height":1296,"url":"https:\/\/static.radiolifefm.com.br\/noticias\/wp-content\/uploads\/2022\/04\/WhatsApp-Image-2022-04-10-at-18.43.02.jpeg","type":"image\/jpeg"}],"author":"ritanery","twitter_card":"summary_large_image","twitter_misc":{"Escrito por":"ritanery","Est. tempo de leitura":"2 minutos"},"schema":{"@context":"https:\/\/schema.org","@graph":[{"@type":"Article","@id":"https:\/\/radiolifefm.com.br\/noticias\/provincia-cultura-educacao-e-desencontros-aqui-e-ali\/#article","isPartOf":{"@id":"https:\/\/radiolifefm.com.br\/noticias\/provincia-cultura-educacao-e-desencontros-aqui-e-ali\/"},"author":{"name":"ritanery","@id":"https:\/\/radiolifefm.com.br\/noticias\/#\/schema\/person\/6339b9fac59d12b071dec680d7375d87"},"headline":"Prov\u00edncia, Cultura, Educa\u00e7\u00e3o e desencontros aqui e ali&#8230;","datePublished":"2022-06-27T10:57:12+00:00","dateModified":"2025-10-10T00:19:50+00:00","mainEntityOfPage":{"@id":"https:\/\/radiolifefm.com.br\/noticias\/provincia-cultura-educacao-e-desencontros-aqui-e-ali\/"},"wordCount":460,"publisher":{"@id":"https:\/\/radiolifefm.com.br\/noticias\/#organization"},"image":{"@id":"https:\/\/radiolifefm.com.br\/noticias\/provincia-cultura-educacao-e-desencontros-aqui-e-ali\/#primaryimage"},"thumbnailUrl":"https:\/\/radiolifefm.com.br\/noticias\/wp-content\/uploads\/2022\/04\/WhatsApp-Image-2022-04-10-at-18.43.02.jpeg","articleSection":["Opini\u00e3o"],"inLanguage":"pt-BR"},{"@type":"WebPage","@id":"https:\/\/radiolifefm.com.br\/noticias\/provincia-cultura-educacao-e-desencontros-aqui-e-ali\/","url":"https:\/\/radiolifefm.com.br\/noticias\/provincia-cultura-educacao-e-desencontros-aqui-e-ali\/","name":"Prov\u00edncia, Cultura, Educa\u00e7\u00e3o e desencontros aqui e ali... - R\u00e1dio Life FM","isPartOf":{"@id":"https:\/\/radiolifefm.com.br\/noticias\/#website"},"primaryImageOfPage":{"@id":"https:\/\/radiolifefm.com.br\/noticias\/provincia-cultura-educacao-e-desencontros-aqui-e-ali\/#primaryimage"},"image":{"@id":"https:\/\/radiolifefm.com.br\/noticias\/provincia-cultura-educacao-e-desencontros-aqui-e-ali\/#primaryimage"},"thumbnailUrl":"https:\/\/radiolifefm.com.br\/noticias\/wp-content\/uploads\/2022\/04\/WhatsApp-Image-2022-04-10-at-18.43.02.jpeg","datePublished":"2022-06-27T10:57:12+00:00","dateModified":"2025-10-10T00:19:50+00:00","breadcrumb":{"@id":"https:\/\/radiolifefm.com.br\/noticias\/provincia-cultura-educacao-e-desencontros-aqui-e-ali\/#breadcrumb"},"inLanguage":"pt-BR","potentialAction":[{"@type":"ReadAction","target":["https:\/\/radiolifefm.com.br\/noticias\/provincia-cultura-educacao-e-desencontros-aqui-e-ali\/"]}]},{"@type":"ImageObject","inLanguage":"pt-BR","@id":"https:\/\/radiolifefm.com.br\/noticias\/provincia-cultura-educacao-e-desencontros-aqui-e-ali\/#primaryimage","url":"https:\/\/radiolifefm.com.br\/noticias\/wp-content\/uploads\/2022\/04\/WhatsApp-Image-2022-04-10-at-18.43.02.jpeg","contentUrl":"https:\/\/radiolifefm.com.br\/noticias\/wp-content\/uploads\/2022\/04\/WhatsApp-Image-2022-04-10-at-18.43.02.jpeg","width":972,"height":1296,"caption":"S\u00e9rgio Barbosa"},{"@type":"BreadcrumbList","@id":"https:\/\/radiolifefm.com.br\/noticias\/provincia-cultura-educacao-e-desencontros-aqui-e-ali\/#breadcrumb","itemListElement":[{"@type":"ListItem","position":1,"name":"In\u00edcio","item":"https:\/\/radiolifefm.com.br\/noticias\/"},{"@type":"ListItem","position":2,"name":"Prov\u00edncia, Cultura, Educa\u00e7\u00e3o e desencontros aqui e ali&#8230;"}]},{"@type":"WebSite","@id":"https:\/\/radiolifefm.com.br\/noticias\/#website","url":"https:\/\/radiolifefm.com.br\/noticias\/","name":"R\u00e1dio Life FM","description":"O Portal de Not\u00edcias de Adamantina","publisher":{"@id":"https:\/\/radiolifefm.com.br\/noticias\/#organization"},"alternateName":"Life FM","potentialAction":[{"@type":"SearchAction","target":{"@type":"EntryPoint","urlTemplate":"https:\/\/radiolifefm.com.br\/noticias\/?s={search_term_string}"},"query-input":{"@type":"PropertyValueSpecification","valueRequired":true,"valueName":"search_term_string"}}],"inLanguage":"pt-BR"},{"@type":"Organization","@id":"https:\/\/radiolifefm.com.br\/noticias\/#organization","name":"R\u00e1dio Life FM","alternateName":"Life FM","url":"https:\/\/radiolifefm.com.br\/noticias\/","logo":{"@type":"ImageObject","inLanguage":"pt-BR","@id":"https:\/\/radiolifefm.com.br\/noticias\/#\/schema\/logo\/image\/","url":"https:\/\/static.radiolifefm.com.br\/noticias\/wp-content\/uploads\/2019\/10\/logo-lifefm.png","contentUrl":"https:\/\/static.radiolifefm.com.br\/noticias\/wp-content\/uploads\/2019\/10\/logo-lifefm.png","width":196,"height":47,"caption":"R\u00e1dio Life FM"},"image":{"@id":"https:\/\/radiolifefm.com.br\/noticias\/#\/schema\/logo\/image\/"},"sameAs":["https:\/\/www.facebook.com\/radiolifefm\/","https:\/\/www.instagram.com\/life1079fm\/"]},{"@type":"Person","@id":"https:\/\/radiolifefm.com.br\/noticias\/#\/schema\/person\/6339b9fac59d12b071dec680d7375d87","name":"ritanery","image":{"@type":"ImageObject","inLanguage":"pt-BR","@id":"https:\/\/secure.gravatar.com\/avatar\/0e37bb19071f47c0b8a23f62a903df117c5a0e75f65a0c2901562f97cd41cf86?s=96&d=mm&r=g","url":"https:\/\/secure.gravatar.com\/avatar\/0e37bb19071f47c0b8a23f62a903df117c5a0e75f65a0c2901562f97cd41cf86?s=96&d=mm&r=g","contentUrl":"https:\/\/secure.gravatar.com\/avatar\/0e37bb19071f47c0b8a23f62a903df117c5a0e75f65a0c2901562f97cd41cf86?s=96&d=mm&r=g","caption":"ritanery"}}]}},"amp_enabled":true,"_links":{"self":[{"href":"https:\/\/radiolifefm.com.br\/noticias\/wp-json\/wp\/v2\/posts\/55166","targetHints":{"allow":["GET"]}}],"collection":[{"href":"https:\/\/radiolifefm.com.br\/noticias\/wp-json\/wp\/v2\/posts"}],"about":[{"href":"https:\/\/radiolifefm.com.br\/noticias\/wp-json\/wp\/v2\/types\/post"}],"author":[{"embeddable":true,"href":"https:\/\/radiolifefm.com.br\/noticias\/wp-json\/wp\/v2\/users\/13"}],"replies":[{"embeddable":true,"href":"https:\/\/radiolifefm.com.br\/noticias\/wp-json\/wp\/v2\/comments?post=55166"}],"version-history":[{"count":1,"href":"https:\/\/radiolifefm.com.br\/noticias\/wp-json\/wp\/v2\/posts\/55166\/revisions"}],"predecessor-version":[{"id":55167,"href":"https:\/\/radiolifefm.com.br\/noticias\/wp-json\/wp\/v2\/posts\/55166\/revisions\/55167"}],"wp:featuredmedia":[{"embeddable":true,"href":"https:\/\/radiolifefm.com.br\/noticias\/wp-json\/wp\/v2\/media\/51988"}],"wp:attachment":[{"href":"https:\/\/radiolifefm.com.br\/noticias\/wp-json\/wp\/v2\/media?parent=55166"}],"wp:term":[{"taxonomy":"category","embeddable":true,"href":"https:\/\/radiolifefm.com.br\/noticias\/wp-json\/wp\/v2\/categories?post=55166"},{"taxonomy":"post_tag","embeddable":true,"href":"https:\/\/radiolifefm.com.br\/noticias\/wp-json\/wp\/v2\/tags?post=55166"}],"curies":[{"name":"wp","href":"https:\/\/api.w.org\/{rel}","templated":true}]}}