{"id":55104,"date":"2022-06-23T20:43:32","date_gmt":"2022-06-23T23:43:32","guid":{"rendered":"https:\/\/radiolifefm.com.br\/noticias\/?p=55104"},"modified":"2025-12-10T13:57:15","modified_gmt":"2025-12-10T16:57:15","slug":"secretario-executivo-do-centro-de-equidade-racial-para-o-desenvolvimento-socioeconomico-conhece-as-futuras-instalacoes-da-casa-afro-adamantina","status":"publish","type":"post","link":"https:\/\/radiolifefm.com.br\/noticias\/secretario-executivo-do-centro-de-equidade-racial-para-o-desenvolvimento-socioeconomico-conhece-as-futuras-instalacoes-da-casa-afro-adamantina\/","title":{"rendered":"Secret\u00e1rio executivo do Centro de Equidade Racial para o Desenvolvimento Socioecon\u00f4mico conhece as futuras instala\u00e7\u00f5es da \u201cCasa Afro Adamantina\u201d"},"content":{"rendered":"<div id=\"fb-root\"><\/div>\n<p>Alegria. Esse foi o sentimento exposto por todos os que fizeram uso da palavra durante a cerim\u00f4nia realizada para a visita do secret\u00e1rio executivo do Centro de Equidade Racial para o Desenvolvimento Socioecon\u00f4mico, Ivan Lima, nas futuras instala\u00e7\u00f5es da \u201cCasa Afro Adamantina\u201d, que ser\u00e1 implantada no Antigo Centro Comunit\u00e1rio do Jardim Primavera.<\/p>\n<p style=\"font-weight: 400\">A solenidade contou com a participa\u00e7\u00e3o do prefeito M\u00e1rcio Cardim, da vice-prefeita Maria de Lourdes Santos Gil, Francisco Torturello, diretor do Escrit\u00f3rio Regional da Secretaria de Desenvolvimento Regional, na oportunidade representando o secret\u00e1rio Rubens Cury, vereadores, a ju\u00edza Ruth Duarte Menegatti, a interlocutora da coordena\u00e7\u00e3o de Equidade Racial e Desenvolvimento Econ\u00f4mico, Maria Ang\u00e9lica Silva Bonfim, presidente do Conselho Municipal de Cultura e Associa\u00e7\u00e3o Gangazumba, Rosemeire dos Santos Cunha, secret\u00e1rios municipais, representantes da associa\u00e7\u00e3o de bairro do Jardim Primavera e autoridades de outros munic\u00edpios.<\/p>\n<p>O momento teve in\u00edcio com a leitura do decreto 6.556, de 21 de junho de 2022 que declarou Ivan Lima como h\u00f3spede oficial do munic\u00edpio de Adamantina. Depois disso, Clovis Donizete Fiorentim \u201cTerrinha\u201d, presidente do bairro fez uso da palavra e ressaltou a import\u00e2ncia de receber a \u201cCasa Afro\u201d.<\/p>\n<p>Rosemeire dos Santos Cunha, presidente do Conselho Municipal de Cultura e da Associa\u00e7\u00e3o Ganzabuma, tamb\u00e9m externou sua alegria com a visita do secret\u00e1rio e lembrou do encontro que eles tiveram em S\u00e3o Paulo, momento em que a \u201cCasa Afro Adamantina\u201d come\u00e7ou a ser concebida. Durante a sua fala, o Gangazumba prestou uma homenagem ao secret\u00e1rio.<\/p>\n<p>Maria Ang\u00e9lica Silva Bonfim,\u00a0interlocutora da Coordena\u00e7\u00e3o de Equidade Racial e Desenvolvimento Socioecon\u00f4mico do munic\u00edpio, ressaltou a import\u00e2ncia da conquista e de todo o apoio que o Poder Executivo vem dando \u00e0 implanta\u00e7\u00e3o do espa\u00e7o.<\/p>\n<p>Por sua vez, o secret\u00e1rio municipal de Cultura e Turismo, S\u00e9rgio Vanderlei da Silva, comentou que espera que esse local seja um ambiente em que muitas vit\u00f3rias sejam conquistadas.<\/p>\n<p>A representante do Poder Judici\u00e1rio, a ju\u00edza Ruth Duarte Menegathi, comentou o quanto a iniciativa \u00e9 importante e que ela espera que ali o racismo seja vencido. Aguinaldo Galv\u00e3o, representando o presidente da C\u00e2mara Municipal, ressaltou a parceria entre os tr\u00eas poderes.<\/p>\n<p>O prefeito M\u00e1rcio Cardim lembrou que o primeiro contato com Ivan aconteceu em uma palestra em S\u00e3o Paulo.<\/p>\n<p>\u201cNaquele momento, come\u00e7amos a estreitar os la\u00e7os a fim de trazer o projeto desenvolvido pelo Governo do Estado de S\u00e3o Paulo para o munic\u00edpio. Em outro encontro, perguntei para o Ivan quando as casas ficariam prontas e ele respondeu que demoraria uns dois anos, mas eu afirmei que a nossa estaria \u00e0 disposi\u00e7\u00e3o ainda esse ano, pois j\u00e1 t\u00ednhamos o espa\u00e7o e o que precis\u00e1vamos era do apoio para implanta\u00e7\u00e3o dos programas\u201d, assegura.<\/p>\n<p>O secret\u00e1rio executivo do Centro de Equidade Racial para o Desenvolvimento Socioecon\u00f4mico, Ivan Lima, abriu seu discurso afirmando a import\u00e2ncia da a\u00e7\u00e3o do prefeito M\u00e1rcio Cardim para a implanta\u00e7\u00e3o da Casa Afro Adamantina.<\/p>\n<p>\u201cFirmo aqui o meu compromisso com o Chic\u00e3o que juntos vamos solicitar um conv\u00eanio junto a Secretaria de Desenvolvimento Regional para pedir os recursos para construir o sal\u00e3o que voc\u00eas est\u00e3o precisando para completar o espa\u00e7o\u201d, garante.<\/p>\n<p><strong>Sobre a Casa Afro<\/strong><\/p>\n<p>De acordo com Lima, a \u201cCasa Afro\u201d tem o objetivo de levar desenvolvimento social e econ\u00f4mico, por meio de pol\u00edticas p\u00fablicas que levam qualifica\u00e7\u00e3o profissional para os jovens e para qualificar a beleza negra.<\/p>\n<p>O espa\u00e7o ainda deve ser usado para o desenvolvimento de oficinas de samba, capoeira e de todo cultura afro-brasileira para trabalhar a economia criativa e enfrentar o racismo.<\/p>\n<p>&nbsp;<\/p>\n<div class='flex flex-wrap items-center -mx-1'>\r\n<a class='thumbnail gallery p-1 w-1\/2 md:w-1\/4' href='https:\/\/radiolifefm.com.br\/noticias\/wp-content\/uploads\/2022\/06\/foto-5-1-scaled.jpg'><img class='border border-white' src='https:\/\/radiolifefm.com.br\/noticias\/wp-content\/uploads\/2022\/06\/foto-5-1-200x200.jpg' alt='Foto 5 (1)' \/><\/a><a class='thumbnail gallery p-1 w-1\/2 md:w-1\/4' href='https:\/\/radiolifefm.com.br\/noticias\/wp-content\/uploads\/2022\/06\/foto-3-scaled.jpg'><img class='border border-white' src='https:\/\/radiolifefm.com.br\/noticias\/wp-content\/uploads\/2022\/06\/foto-3-200x200.jpg' alt='Foto 3' \/><\/a><a class='thumbnail gallery p-1 w-1\/2 md:w-1\/4' href='https:\/\/radiolifefm.com.br\/noticias\/wp-content\/uploads\/2022\/06\/foto-5-scaled.jpg'><img class='border border-white' src='https:\/\/radiolifefm.com.br\/noticias\/wp-content\/uploads\/2022\/06\/foto-5-200x200.jpg' alt='Foto 5' \/><\/a><a class='thumbnail gallery p-1 w-1\/2 md:w-1\/4' href='https:\/\/radiolifefm.com.br\/noticias\/wp-content\/uploads\/2022\/06\/foto-2.jpg'><img class='border border-white' src='https:\/\/radiolifefm.com.br\/noticias\/wp-content\/uploads\/2022\/06\/foto-2-200x200.jpg' alt='Foto 2' \/><\/a><\/div>\n<p>Fonte: Assessoria de Imprensa<\/p>\n","protected":false},"excerpt":{"rendered":"<p>Alegria. Esse foi o sentimento exposto por todos os que fizeram uso da palavra durante a cerim\u00f4nia realizada para a visita do secret\u00e1rio executivo do Centro de Equidade Racial para o Desenvolvimento Socioecon\u00f4mico, Ivan Lima, nas futuras instala\u00e7\u00f5es da \u201cCasa Afro Adamantina\u201d, que ser\u00e1 implantada no Antigo Centro Comunit\u00e1rio do Jardim Primavera. A solenidade contou [&hellip;]<\/p>\n","protected":false},"author":13,"featured_media":55105,"comment_status":"closed","ping_status":"open","sticky":false,"template":"","format":"standard","meta":{"_acf_changed":false,"_exactmetrics_skip_tracking":false,"_exactmetrics_sitenote_active":false,"_exactmetrics_sitenote_note":"","_exactmetrics_sitenote_category":0,"footnotes":""},"categories":[21],"tags":[],"class_list":["post-55104","post","type-post","status-publish","format-standard","has-post-thumbnail","hentry","category-adamantina"],"acf":[],"yoast_head":"<!-- This site is optimized with the Yoast SEO plugin v27.2 - https:\/\/yoast.com\/product\/yoast-seo-wordpress\/ -->\n<title>Secret\u00e1rio executivo do Centro de Equidade Racial para o Desenvolvimento Socioecon\u00f4mico conhece as futuras instala\u00e7\u00f5es da \u201cCasa Afro Adamantina\u201d - R\u00e1dio Life FM<\/title>\n<meta name=\"robots\" content=\"index, follow, max-snippet:-1, max-image-preview:large, max-video-preview:-1\" \/>\n<link rel=\"canonical\" href=\"https:\/\/radiolifefm.com.br\/noticias\/secretario-executivo-do-centro-de-equidade-racial-para-o-desenvolvimento-socioeconomico-conhece-as-futuras-instalacoes-da-casa-afro-adamantina\/\" \/>\n<meta property=\"og:locale\" content=\"pt_BR\" \/>\n<meta property=\"og:type\" content=\"article\" \/>\n<meta property=\"og:title\" content=\"Secret\u00e1rio executivo do Centro de Equidade Racial para o Desenvolvimento Socioecon\u00f4mico conhece as futuras instala\u00e7\u00f5es da \u201cCasa Afro Adamantina\u201d - R\u00e1dio Life FM\" \/>\n<meta property=\"og:description\" content=\"Alegria. Esse foi o sentimento exposto por todos os que fizeram uso da palavra durante a cerim\u00f4nia realizada para a visita do secret\u00e1rio executivo do Centro de Equidade Racial para o Desenvolvimento Socioecon\u00f4mico, Ivan Lima, nas futuras instala\u00e7\u00f5es da \u201cCasa Afro Adamantina\u201d, que ser\u00e1 implantada no Antigo Centro Comunit\u00e1rio do Jardim Primavera. A solenidade contou [&hellip;]\" \/>\n<meta property=\"og:url\" content=\"https:\/\/radiolifefm.com.br\/noticias\/secretario-executivo-do-centro-de-equidade-racial-para-o-desenvolvimento-socioeconomico-conhece-as-futuras-instalacoes-da-casa-afro-adamantina\/\" \/>\n<meta property=\"og:site_name\" content=\"R\u00e1dio Life FM\" \/>\n<meta property=\"article:publisher\" content=\"https:\/\/www.facebook.com\/radiolifefm\/\" \/>\n<meta property=\"article:published_time\" content=\"2022-06-23T23:43:32+00:00\" \/>\n<meta property=\"article:modified_time\" content=\"2025-12-10T16:57:15+00:00\" \/>\n<meta property=\"og:image\" content=\"https:\/\/radiolifefm.com.br\/noticias\/wp-content\/uploads\/2022\/06\/foto-1-scaled.jpg\" \/>\n\t<meta property=\"og:image:width\" content=\"2560\" \/>\n\t<meta property=\"og:image:height\" content=\"1711\" \/>\n\t<meta property=\"og:image:type\" content=\"image\/jpeg\" \/>\n<meta name=\"author\" content=\"ritanery\" \/>\n<meta name=\"twitter:card\" content=\"summary_large_image\" \/>\n<meta name=\"twitter:label1\" content=\"Escrito por\" \/>\n\t<meta name=\"twitter:data1\" content=\"ritanery\" \/>\n\t<meta name=\"twitter:label2\" content=\"Est. tempo de leitura\" \/>\n\t<meta name=\"twitter:data2\" content=\"4 minutos\" \/>\n<script type=\"application\/ld+json\" class=\"yoast-schema-graph\">{\"@context\":\"https:\/\/schema.org\",\"@graph\":[{\"@type\":\"Article\",\"@id\":\"https:\/\/radiolifefm.com.br\/noticias\/secretario-executivo-do-centro-de-equidade-racial-para-o-desenvolvimento-socioeconomico-conhece-as-futuras-instalacoes-da-casa-afro-adamantina\/#article\",\"isPartOf\":{\"@id\":\"https:\/\/radiolifefm.com.br\/noticias\/secretario-executivo-do-centro-de-equidade-racial-para-o-desenvolvimento-socioeconomico-conhece-as-futuras-instalacoes-da-casa-afro-adamantina\/\"},\"author\":{\"name\":\"ritanery\",\"@id\":\"https:\/\/radiolifefm.com.br\/noticias\/#\/schema\/person\/6339b9fac59d12b071dec680d7375d87\"},\"headline\":\"Secret\u00e1rio executivo do Centro de Equidade Racial para o Desenvolvimento Socioecon\u00f4mico conhece as futuras instala\u00e7\u00f5es da \u201cCasa Afro Adamantina\u201d\",\"datePublished\":\"2022-06-23T23:43:32+00:00\",\"dateModified\":\"2025-12-10T16:57:15+00:00\",\"mainEntityOfPage\":{\"@id\":\"https:\/\/radiolifefm.com.br\/noticias\/secretario-executivo-do-centro-de-equidade-racial-para-o-desenvolvimento-socioeconomico-conhece-as-futuras-instalacoes-da-casa-afro-adamantina\/\"},\"wordCount\":668,\"publisher\":{\"@id\":\"https:\/\/radiolifefm.com.br\/noticias\/#organization\"},\"image\":{\"@id\":\"https:\/\/radiolifefm.com.br\/noticias\/secretario-executivo-do-centro-de-equidade-racial-para-o-desenvolvimento-socioeconomico-conhece-as-futuras-instalacoes-da-casa-afro-adamantina\/#primaryimage\"},\"thumbnailUrl\":\"https:\/\/radiolifefm.com.br\/noticias\/wp-content\/uploads\/2022\/06\/foto-1-scaled.jpg\",\"articleSection\":[\"Adamantina\"],\"inLanguage\":\"pt-BR\"},{\"@type\":\"WebPage\",\"@id\":\"https:\/\/radiolifefm.com.br\/noticias\/secretario-executivo-do-centro-de-equidade-racial-para-o-desenvolvimento-socioeconomico-conhece-as-futuras-instalacoes-da-casa-afro-adamantina\/\",\"url\":\"https:\/\/radiolifefm.com.br\/noticias\/secretario-executivo-do-centro-de-equidade-racial-para-o-desenvolvimento-socioeconomico-conhece-as-futuras-instalacoes-da-casa-afro-adamantina\/\",\"name\":\"Secret\u00e1rio executivo do Centro de Equidade Racial para o Desenvolvimento Socioecon\u00f4mico conhece as futuras instala\u00e7\u00f5es da \u201cCasa Afro Adamantina\u201d - R\u00e1dio Life FM\",\"isPartOf\":{\"@id\":\"https:\/\/radiolifefm.com.br\/noticias\/#website\"},\"primaryImageOfPage\":{\"@id\":\"https:\/\/radiolifefm.com.br\/noticias\/secretario-executivo-do-centro-de-equidade-racial-para-o-desenvolvimento-socioeconomico-conhece-as-futuras-instalacoes-da-casa-afro-adamantina\/#primaryimage\"},\"image\":{\"@id\":\"https:\/\/radiolifefm.com.br\/noticias\/secretario-executivo-do-centro-de-equidade-racial-para-o-desenvolvimento-socioeconomico-conhece-as-futuras-instalacoes-da-casa-afro-adamantina\/#primaryimage\"},\"thumbnailUrl\":\"https:\/\/radiolifefm.com.br\/noticias\/wp-content\/uploads\/2022\/06\/foto-1-scaled.jpg\",\"datePublished\":\"2022-06-23T23:43:32+00:00\",\"dateModified\":\"2025-12-10T16:57:15+00:00\",\"breadcrumb\":{\"@id\":\"https:\/\/radiolifefm.com.br\/noticias\/secretario-executivo-do-centro-de-equidade-racial-para-o-desenvolvimento-socioeconomico-conhece-as-futuras-instalacoes-da-casa-afro-adamantina\/#breadcrumb\"},\"inLanguage\":\"pt-BR\",\"potentialAction\":[{\"@type\":\"ReadAction\",\"target\":[\"https:\/\/radiolifefm.com.br\/noticias\/secretario-executivo-do-centro-de-equidade-racial-para-o-desenvolvimento-socioeconomico-conhece-as-futuras-instalacoes-da-casa-afro-adamantina\/\"]}]},{\"@type\":\"ImageObject\",\"inLanguage\":\"pt-BR\",\"@id\":\"https:\/\/radiolifefm.com.br\/noticias\/secretario-executivo-do-centro-de-equidade-racial-para-o-desenvolvimento-socioeconomico-conhece-as-futuras-instalacoes-da-casa-afro-adamantina\/#primaryimage\",\"url\":\"https:\/\/radiolifefm.com.br\/noticias\/wp-content\/uploads\/2022\/06\/foto-1-scaled.jpg\",\"contentUrl\":\"https:\/\/radiolifefm.com.br\/noticias\/wp-content\/uploads\/2022\/06\/foto-1-scaled.jpg\",\"width\":2560,\"height\":1711},{\"@type\":\"BreadcrumbList\",\"@id\":\"https:\/\/radiolifefm.com.br\/noticias\/secretario-executivo-do-centro-de-equidade-racial-para-o-desenvolvimento-socioeconomico-conhece-as-futuras-instalacoes-da-casa-afro-adamantina\/#breadcrumb\",\"itemListElement\":[{\"@type\":\"ListItem\",\"position\":1,\"name\":\"In\u00edcio\",\"item\":\"https:\/\/radiolifefm.com.br\/noticias\/\"},{\"@type\":\"ListItem\",\"position\":2,\"name\":\"Secret\u00e1rio executivo do Centro de Equidade Racial para o Desenvolvimento Socioecon\u00f4mico conhece as futuras instala\u00e7\u00f5es da \u201cCasa Afro Adamantina\u201d\"}]},{\"@type\":\"WebSite\",\"@id\":\"https:\/\/radiolifefm.com.br\/noticias\/#website\",\"url\":\"https:\/\/radiolifefm.com.br\/noticias\/\",\"name\":\"R\u00e1dio Life FM\",\"description\":\"O Portal de Not\u00edcias de Adamantina\",\"publisher\":{\"@id\":\"https:\/\/radiolifefm.com.br\/noticias\/#organization\"},\"alternateName\":\"Life FM\",\"potentialAction\":[{\"@type\":\"SearchAction\",\"target\":{\"@type\":\"EntryPoint\",\"urlTemplate\":\"https:\/\/radiolifefm.com.br\/noticias\/?s={search_term_string}\"},\"query-input\":{\"@type\":\"PropertyValueSpecification\",\"valueRequired\":true,\"valueName\":\"search_term_string\"}}],\"inLanguage\":\"pt-BR\"},{\"@type\":\"Organization\",\"@id\":\"https:\/\/radiolifefm.com.br\/noticias\/#organization\",\"name\":\"R\u00e1dio Life FM\",\"alternateName\":\"Life FM\",\"url\":\"https:\/\/radiolifefm.com.br\/noticias\/\",\"logo\":{\"@type\":\"ImageObject\",\"inLanguage\":\"pt-BR\",\"@id\":\"https:\/\/radiolifefm.com.br\/noticias\/#\/schema\/logo\/image\/\",\"url\":\"https:\/\/static.radiolifefm.com.br\/noticias\/wp-content\/uploads\/2019\/10\/logo-lifefm.png\",\"contentUrl\":\"https:\/\/static.radiolifefm.com.br\/noticias\/wp-content\/uploads\/2019\/10\/logo-lifefm.png\",\"width\":196,\"height\":47,\"caption\":\"R\u00e1dio Life FM\"},\"image\":{\"@id\":\"https:\/\/radiolifefm.com.br\/noticias\/#\/schema\/logo\/image\/\"},\"sameAs\":[\"https:\/\/www.facebook.com\/radiolifefm\/\",\"https:\/\/www.instagram.com\/life1079fm\/\"]},{\"@type\":\"Person\",\"@id\":\"https:\/\/radiolifefm.com.br\/noticias\/#\/schema\/person\/6339b9fac59d12b071dec680d7375d87\",\"name\":\"ritanery\",\"image\":{\"@type\":\"ImageObject\",\"inLanguage\":\"pt-BR\",\"@id\":\"https:\/\/secure.gravatar.com\/avatar\/0e37bb19071f47c0b8a23f62a903df117c5a0e75f65a0c2901562f97cd41cf86?s=96&d=mm&r=g\",\"url\":\"https:\/\/secure.gravatar.com\/avatar\/0e37bb19071f47c0b8a23f62a903df117c5a0e75f65a0c2901562f97cd41cf86?s=96&d=mm&r=g\",\"contentUrl\":\"https:\/\/secure.gravatar.com\/avatar\/0e37bb19071f47c0b8a23f62a903df117c5a0e75f65a0c2901562f97cd41cf86?s=96&d=mm&r=g\",\"caption\":\"ritanery\"}}]}<\/script>\n<!-- \/ Yoast SEO plugin. -->","yoast_head_json":{"title":"Secret\u00e1rio executivo do Centro de Equidade Racial para o Desenvolvimento Socioecon\u00f4mico conhece as futuras instala\u00e7\u00f5es da \u201cCasa Afro Adamantina\u201d - R\u00e1dio Life FM","robots":{"index":"index","follow":"follow","max-snippet":"max-snippet:-1","max-image-preview":"max-image-preview:large","max-video-preview":"max-video-preview:-1"},"canonical":"https:\/\/radiolifefm.com.br\/noticias\/secretario-executivo-do-centro-de-equidade-racial-para-o-desenvolvimento-socioeconomico-conhece-as-futuras-instalacoes-da-casa-afro-adamantina\/","og_locale":"pt_BR","og_type":"article","og_title":"Secret\u00e1rio executivo do Centro de Equidade Racial para o Desenvolvimento Socioecon\u00f4mico conhece as futuras instala\u00e7\u00f5es da \u201cCasa Afro Adamantina\u201d - R\u00e1dio Life FM","og_description":"Alegria. Esse foi o sentimento exposto por todos os que fizeram uso da palavra durante a cerim\u00f4nia realizada para a visita do secret\u00e1rio executivo do Centro de Equidade Racial para o Desenvolvimento Socioecon\u00f4mico, Ivan Lima, nas futuras instala\u00e7\u00f5es da \u201cCasa Afro Adamantina\u201d, que ser\u00e1 implantada no Antigo Centro Comunit\u00e1rio do Jardim Primavera. A solenidade contou [&hellip;]","og_url":"https:\/\/radiolifefm.com.br\/noticias\/secretario-executivo-do-centro-de-equidade-racial-para-o-desenvolvimento-socioeconomico-conhece-as-futuras-instalacoes-da-casa-afro-adamantina\/","og_site_name":"R\u00e1dio Life FM","article_publisher":"https:\/\/www.facebook.com\/radiolifefm\/","article_published_time":"2022-06-23T23:43:32+00:00","article_modified_time":"2025-12-10T16:57:15+00:00","og_image":[{"width":2560,"height":1711,"url":"https:\/\/radiolifefm.com.br\/noticias\/wp-content\/uploads\/2022\/06\/foto-1-scaled.jpg","type":"image\/jpeg"}],"author":"ritanery","twitter_card":"summary_large_image","twitter_misc":{"Escrito por":"ritanery","Est. tempo de leitura":"4 minutos"},"schema":{"@context":"https:\/\/schema.org","@graph":[{"@type":"Article","@id":"https:\/\/radiolifefm.com.br\/noticias\/secretario-executivo-do-centro-de-equidade-racial-para-o-desenvolvimento-socioeconomico-conhece-as-futuras-instalacoes-da-casa-afro-adamantina\/#article","isPartOf":{"@id":"https:\/\/radiolifefm.com.br\/noticias\/secretario-executivo-do-centro-de-equidade-racial-para-o-desenvolvimento-socioeconomico-conhece-as-futuras-instalacoes-da-casa-afro-adamantina\/"},"author":{"name":"ritanery","@id":"https:\/\/radiolifefm.com.br\/noticias\/#\/schema\/person\/6339b9fac59d12b071dec680d7375d87"},"headline":"Secret\u00e1rio executivo do Centro de Equidade Racial para o Desenvolvimento Socioecon\u00f4mico conhece as futuras instala\u00e7\u00f5es da \u201cCasa Afro Adamantina\u201d","datePublished":"2022-06-23T23:43:32+00:00","dateModified":"2025-12-10T16:57:15+00:00","mainEntityOfPage":{"@id":"https:\/\/radiolifefm.com.br\/noticias\/secretario-executivo-do-centro-de-equidade-racial-para-o-desenvolvimento-socioeconomico-conhece-as-futuras-instalacoes-da-casa-afro-adamantina\/"},"wordCount":668,"publisher":{"@id":"https:\/\/radiolifefm.com.br\/noticias\/#organization"},"image":{"@id":"https:\/\/radiolifefm.com.br\/noticias\/secretario-executivo-do-centro-de-equidade-racial-para-o-desenvolvimento-socioeconomico-conhece-as-futuras-instalacoes-da-casa-afro-adamantina\/#primaryimage"},"thumbnailUrl":"https:\/\/radiolifefm.com.br\/noticias\/wp-content\/uploads\/2022\/06\/foto-1-scaled.jpg","articleSection":["Adamantina"],"inLanguage":"pt-BR"},{"@type":"WebPage","@id":"https:\/\/radiolifefm.com.br\/noticias\/secretario-executivo-do-centro-de-equidade-racial-para-o-desenvolvimento-socioeconomico-conhece-as-futuras-instalacoes-da-casa-afro-adamantina\/","url":"https:\/\/radiolifefm.com.br\/noticias\/secretario-executivo-do-centro-de-equidade-racial-para-o-desenvolvimento-socioeconomico-conhece-as-futuras-instalacoes-da-casa-afro-adamantina\/","name":"Secret\u00e1rio executivo do Centro de Equidade Racial para o Desenvolvimento Socioecon\u00f4mico conhece as futuras instala\u00e7\u00f5es da \u201cCasa Afro Adamantina\u201d - R\u00e1dio Life FM","isPartOf":{"@id":"https:\/\/radiolifefm.com.br\/noticias\/#website"},"primaryImageOfPage":{"@id":"https:\/\/radiolifefm.com.br\/noticias\/secretario-executivo-do-centro-de-equidade-racial-para-o-desenvolvimento-socioeconomico-conhece-as-futuras-instalacoes-da-casa-afro-adamantina\/#primaryimage"},"image":{"@id":"https:\/\/radiolifefm.com.br\/noticias\/secretario-executivo-do-centro-de-equidade-racial-para-o-desenvolvimento-socioeconomico-conhece-as-futuras-instalacoes-da-casa-afro-adamantina\/#primaryimage"},"thumbnailUrl":"https:\/\/radiolifefm.com.br\/noticias\/wp-content\/uploads\/2022\/06\/foto-1-scaled.jpg","datePublished":"2022-06-23T23:43:32+00:00","dateModified":"2025-12-10T16:57:15+00:00","breadcrumb":{"@id":"https:\/\/radiolifefm.com.br\/noticias\/secretario-executivo-do-centro-de-equidade-racial-para-o-desenvolvimento-socioeconomico-conhece-as-futuras-instalacoes-da-casa-afro-adamantina\/#breadcrumb"},"inLanguage":"pt-BR","potentialAction":[{"@type":"ReadAction","target":["https:\/\/radiolifefm.com.br\/noticias\/secretario-executivo-do-centro-de-equidade-racial-para-o-desenvolvimento-socioeconomico-conhece-as-futuras-instalacoes-da-casa-afro-adamantina\/"]}]},{"@type":"ImageObject","inLanguage":"pt-BR","@id":"https:\/\/radiolifefm.com.br\/noticias\/secretario-executivo-do-centro-de-equidade-racial-para-o-desenvolvimento-socioeconomico-conhece-as-futuras-instalacoes-da-casa-afro-adamantina\/#primaryimage","url":"https:\/\/radiolifefm.com.br\/noticias\/wp-content\/uploads\/2022\/06\/foto-1-scaled.jpg","contentUrl":"https:\/\/radiolifefm.com.br\/noticias\/wp-content\/uploads\/2022\/06\/foto-1-scaled.jpg","width":2560,"height":1711},{"@type":"BreadcrumbList","@id":"https:\/\/radiolifefm.com.br\/noticias\/secretario-executivo-do-centro-de-equidade-racial-para-o-desenvolvimento-socioeconomico-conhece-as-futuras-instalacoes-da-casa-afro-adamantina\/#breadcrumb","itemListElement":[{"@type":"ListItem","position":1,"name":"In\u00edcio","item":"https:\/\/radiolifefm.com.br\/noticias\/"},{"@type":"ListItem","position":2,"name":"Secret\u00e1rio executivo do Centro de Equidade Racial para o Desenvolvimento Socioecon\u00f4mico conhece as futuras instala\u00e7\u00f5es da \u201cCasa Afro Adamantina\u201d"}]},{"@type":"WebSite","@id":"https:\/\/radiolifefm.com.br\/noticias\/#website","url":"https:\/\/radiolifefm.com.br\/noticias\/","name":"R\u00e1dio Life FM","description":"O Portal de Not\u00edcias de Adamantina","publisher":{"@id":"https:\/\/radiolifefm.com.br\/noticias\/#organization"},"alternateName":"Life FM","potentialAction":[{"@type":"SearchAction","target":{"@type":"EntryPoint","urlTemplate":"https:\/\/radiolifefm.com.br\/noticias\/?s={search_term_string}"},"query-input":{"@type":"PropertyValueSpecification","valueRequired":true,"valueName":"search_term_string"}}],"inLanguage":"pt-BR"},{"@type":"Organization","@id":"https:\/\/radiolifefm.com.br\/noticias\/#organization","name":"R\u00e1dio Life FM","alternateName":"Life FM","url":"https:\/\/radiolifefm.com.br\/noticias\/","logo":{"@type":"ImageObject","inLanguage":"pt-BR","@id":"https:\/\/radiolifefm.com.br\/noticias\/#\/schema\/logo\/image\/","url":"https:\/\/static.radiolifefm.com.br\/noticias\/wp-content\/uploads\/2019\/10\/logo-lifefm.png","contentUrl":"https:\/\/static.radiolifefm.com.br\/noticias\/wp-content\/uploads\/2019\/10\/logo-lifefm.png","width":196,"height":47,"caption":"R\u00e1dio Life FM"},"image":{"@id":"https:\/\/radiolifefm.com.br\/noticias\/#\/schema\/logo\/image\/"},"sameAs":["https:\/\/www.facebook.com\/radiolifefm\/","https:\/\/www.instagram.com\/life1079fm\/"]},{"@type":"Person","@id":"https:\/\/radiolifefm.com.br\/noticias\/#\/schema\/person\/6339b9fac59d12b071dec680d7375d87","name":"ritanery","image":{"@type":"ImageObject","inLanguage":"pt-BR","@id":"https:\/\/secure.gravatar.com\/avatar\/0e37bb19071f47c0b8a23f62a903df117c5a0e75f65a0c2901562f97cd41cf86?s=96&d=mm&r=g","url":"https:\/\/secure.gravatar.com\/avatar\/0e37bb19071f47c0b8a23f62a903df117c5a0e75f65a0c2901562f97cd41cf86?s=96&d=mm&r=g","contentUrl":"https:\/\/secure.gravatar.com\/avatar\/0e37bb19071f47c0b8a23f62a903df117c5a0e75f65a0c2901562f97cd41cf86?s=96&d=mm&r=g","caption":"ritanery"}}]}},"amp_enabled":true,"_links":{"self":[{"href":"https:\/\/radiolifefm.com.br\/noticias\/wp-json\/wp\/v2\/posts\/55104","targetHints":{"allow":["GET"]}}],"collection":[{"href":"https:\/\/radiolifefm.com.br\/noticias\/wp-json\/wp\/v2\/posts"}],"about":[{"href":"https:\/\/radiolifefm.com.br\/noticias\/wp-json\/wp\/v2\/types\/post"}],"author":[{"embeddable":true,"href":"https:\/\/radiolifefm.com.br\/noticias\/wp-json\/wp\/v2\/users\/13"}],"replies":[{"embeddable":true,"href":"https:\/\/radiolifefm.com.br\/noticias\/wp-json\/wp\/v2\/comments?post=55104"}],"version-history":[{"count":7,"href":"https:\/\/radiolifefm.com.br\/noticias\/wp-json\/wp\/v2\/posts\/55104\/revisions"}],"predecessor-version":[{"id":55120,"href":"https:\/\/radiolifefm.com.br\/noticias\/wp-json\/wp\/v2\/posts\/55104\/revisions\/55120"}],"wp:featuredmedia":[{"embeddable":true,"href":"https:\/\/radiolifefm.com.br\/noticias\/wp-json\/wp\/v2\/media\/55105"}],"wp:attachment":[{"href":"https:\/\/radiolifefm.com.br\/noticias\/wp-json\/wp\/v2\/media?parent=55104"}],"wp:term":[{"taxonomy":"category","embeddable":true,"href":"https:\/\/radiolifefm.com.br\/noticias\/wp-json\/wp\/v2\/categories?post=55104"},{"taxonomy":"post_tag","embeddable":true,"href":"https:\/\/radiolifefm.com.br\/noticias\/wp-json\/wp\/v2\/tags?post=55104"}],"curies":[{"name":"wp","href":"https:\/\/api.w.org\/{rel}","templated":true}]}}