{"id":54982,"date":"2022-06-21T20:20:55","date_gmt":"2022-06-21T23:20:55","guid":{"rendered":"https:\/\/radiolifefm.com.br\/noticias\/?p=54982"},"modified":"2026-04-27T15:00:11","modified_gmt":"2026-04-27T18:00:11","slug":"meu-bairro-em-acao-sera-realizado-no-centro-comunitario-do-jardim-adamantina-no-sabado-25","status":"publish","type":"post","link":"https:\/\/radiolifefm.com.br\/noticias\/meu-bairro-em-acao-sera-realizado-no-centro-comunitario-do-jardim-adamantina-no-sabado-25\/","title":{"rendered":"Meu Bairro em A\u00e7\u00e3o ser\u00e1 realizado no Centro Comunit\u00e1rio do Jardim Adamantina no s\u00e1bado (25)"},"content":{"rendered":"<div id=\"fb-root\"><\/div>\n<p>As programa\u00e7\u00f5es em alus\u00e3o aos 73 anos de Adamantina continuam!<\/p>\n<p>No s\u00e1bado, 25, a partir das 9h ser\u00e1 realizado o Projeto Meu Bairro em A\u00e7\u00e3o no Centro Comunit\u00e1rio do Jardim Adamantina. A cidade foi dividida em 7 setores, conforme as cores do arco-\u00edris e a iniciativa j\u00e1 foi realizada no Jardim Brasil e no Parque do Sol.<\/p>\n<p style=\"font-weight: 400\">A a\u00e7\u00e3o ser\u00e1 realizada no Setor Azul que contempla al\u00e9m do Jardim Adamantina os bairros: Parque Itaipus, Jardim Primavera, Residencial Rio Branco, Parque Universit\u00e1rio, Vila Industrial, Parque das Na\u00e7\u00f5es, Residencial Aguape\u00ed, Vila Freitas, Vila Jurema e Residencial Tangar\u00e1.<\/p>\n<p>O Projeto Meu Bairro em A\u00e7\u00e3o \u00e9 uma parceria entre as secretarias de Cultura e Turismo; Esportes, Lazer e Recrea\u00e7\u00e3o; Assist\u00eancia Social; Fundo Social de Solidariedade. A iniciativa visa levar a popula\u00e7\u00e3o intera\u00e7\u00e3o, esporte, lazer, cultura e cidadania.<\/p>\n<p>Entre as atividades que ser\u00e3o realizadas no Centro Comunit\u00e1rio do Jardim Brasil est\u00e3o: jogos de futebol e de basquete, brinquedos infl\u00e1veis para as crian\u00e7as, jogos de t\u00eanis de mesa e futebol de bot\u00e3o, al\u00e9m do \u00f4nibus Roda Cultura.<\/p>\n<p>O setor verde ser\u00e1 o pr\u00f3ximo contemplado com a a\u00e7\u00e3o no dia 30 de julho.<\/p>\n<p>As atividades ser\u00e3o promovidas no\u00a0Centro Comunit\u00e1rio do Conjunto M\u00e1rio Covas para os moradores do M\u00e1rio Covas, Parque Itapu\u00e3, Jardim Alamandas, Jardim das Ac\u00e1cias, Residencial San Miguel, Parque dos P\u00e1ssaros, Residencial Barcelona, Residencial Calif\u00f3rnia, Eldorado I e II, Monte Alegre, Portugal I e II, Vila Joaquina e Residencial Giuliano.<\/p>\n<p>&nbsp;<\/p>\n<p>Fonte: Assessoria de Imprensa<\/p>\n","protected":false},"excerpt":{"rendered":"<p>As programa\u00e7\u00f5es em alus\u00e3o aos 73 anos de Adamantina continuam! No s\u00e1bado, 25, a partir das 9h ser\u00e1 realizado o Projeto Meu Bairro em A\u00e7\u00e3o no Centro Comunit\u00e1rio do Jardim Adamantina. A cidade foi dividida em 7 setores, conforme as cores do arco-\u00edris e a iniciativa j\u00e1 foi realizada no Jardim Brasil e no Parque [&hellip;]<\/p>\n","protected":false},"author":13,"featured_media":54983,"comment_status":"closed","ping_status":"open","sticky":false,"template":"","format":"standard","meta":{"_acf_changed":false,"_exactmetrics_skip_tracking":false,"_exactmetrics_sitenote_active":false,"_exactmetrics_sitenote_note":"","_exactmetrics_sitenote_category":0,"footnotes":""},"categories":[21],"tags":[],"class_list":["post-54982","post","type-post","status-publish","format-standard","has-post-thumbnail","hentry","category-adamantina"],"acf":[],"yoast_head":"<!-- This site is optimized with the Yoast SEO plugin v27.2 - https:\/\/yoast.com\/product\/yoast-seo-wordpress\/ -->\n<title>Meu Bairro em A\u00e7\u00e3o ser\u00e1 realizado no Centro Comunit\u00e1rio do Jardim Adamantina no s\u00e1bado (25) - R\u00e1dio Life FM<\/title>\n<meta name=\"robots\" content=\"index, follow, max-snippet:-1, max-image-preview:large, max-video-preview:-1\" \/>\n<link rel=\"canonical\" href=\"https:\/\/radiolifefm.com.br\/noticias\/meu-bairro-em-acao-sera-realizado-no-centro-comunitario-do-jardim-adamantina-no-sabado-25\/\" \/>\n<meta property=\"og:locale\" content=\"pt_BR\" \/>\n<meta property=\"og:type\" content=\"article\" \/>\n<meta property=\"og:title\" content=\"Meu Bairro em A\u00e7\u00e3o ser\u00e1 realizado no Centro Comunit\u00e1rio do Jardim Adamantina no s\u00e1bado (25) - R\u00e1dio Life FM\" \/>\n<meta property=\"og:description\" content=\"As programa\u00e7\u00f5es em alus\u00e3o aos 73 anos de Adamantina continuam! No s\u00e1bado, 25, a partir das 9h ser\u00e1 realizado o Projeto Meu Bairro em A\u00e7\u00e3o no Centro Comunit\u00e1rio do Jardim Adamantina. A cidade foi dividida em 7 setores, conforme as cores do arco-\u00edris e a iniciativa j\u00e1 foi realizada no Jardim Brasil e no Parque [&hellip;]\" \/>\n<meta property=\"og:url\" content=\"https:\/\/radiolifefm.com.br\/noticias\/meu-bairro-em-acao-sera-realizado-no-centro-comunitario-do-jardim-adamantina-no-sabado-25\/\" \/>\n<meta property=\"og:site_name\" content=\"R\u00e1dio Life FM\" \/>\n<meta property=\"article:publisher\" content=\"https:\/\/www.facebook.com\/radiolifefm\/\" \/>\n<meta property=\"article:published_time\" content=\"2022-06-21T23:20:55+00:00\" \/>\n<meta property=\"article:modified_time\" content=\"2026-04-27T18:00:11+00:00\" \/>\n<meta property=\"og:image\" content=\"https:\/\/radiolifefm.com.br\/noticias\/wp-content\/uploads\/2022\/06\/cats-25.jpg\" \/>\n\t<meta property=\"og:image:width\" content=\"798\" \/>\n\t<meta property=\"og:image:height\" content=\"487\" \/>\n\t<meta property=\"og:image:type\" content=\"image\/jpeg\" \/>\n<meta name=\"author\" content=\"ritanery\" \/>\n<meta name=\"twitter:card\" content=\"summary_large_image\" \/>\n<meta name=\"twitter:label1\" content=\"Escrito por\" \/>\n\t<meta name=\"twitter:data1\" content=\"ritanery\" \/>\n\t<meta name=\"twitter:label2\" content=\"Est. tempo de leitura\" \/>\n\t<meta name=\"twitter:data2\" content=\"2 minutos\" \/>\n<script type=\"application\/ld+json\" class=\"yoast-schema-graph\">{\"@context\":\"https:\/\/schema.org\",\"@graph\":[{\"@type\":\"Article\",\"@id\":\"https:\/\/radiolifefm.com.br\/noticias\/meu-bairro-em-acao-sera-realizado-no-centro-comunitario-do-jardim-adamantina-no-sabado-25\/#article\",\"isPartOf\":{\"@id\":\"https:\/\/radiolifefm.com.br\/noticias\/meu-bairro-em-acao-sera-realizado-no-centro-comunitario-do-jardim-adamantina-no-sabado-25\/\"},\"author\":{\"name\":\"ritanery\",\"@id\":\"https:\/\/radiolifefm.com.br\/noticias\/#\/schema\/person\/6339b9fac59d12b071dec680d7375d87\"},\"headline\":\"Meu Bairro em A\u00e7\u00e3o ser\u00e1 realizado no Centro Comunit\u00e1rio do Jardim Adamantina no s\u00e1bado (25)\",\"datePublished\":\"2022-06-21T23:20:55+00:00\",\"dateModified\":\"2026-04-27T18:00:11+00:00\",\"mainEntityOfPage\":{\"@id\":\"https:\/\/radiolifefm.com.br\/noticias\/meu-bairro-em-acao-sera-realizado-no-centro-comunitario-do-jardim-adamantina-no-sabado-25\/\"},\"wordCount\":284,\"publisher\":{\"@id\":\"https:\/\/radiolifefm.com.br\/noticias\/#organization\"},\"image\":{\"@id\":\"https:\/\/radiolifefm.com.br\/noticias\/meu-bairro-em-acao-sera-realizado-no-centro-comunitario-do-jardim-adamantina-no-sabado-25\/#primaryimage\"},\"thumbnailUrl\":\"https:\/\/radiolifefm.com.br\/noticias\/wp-content\/uploads\/2022\/06\/cats-25.jpg\",\"articleSection\":[\"Adamantina\"],\"inLanguage\":\"pt-BR\"},{\"@type\":\"WebPage\",\"@id\":\"https:\/\/radiolifefm.com.br\/noticias\/meu-bairro-em-acao-sera-realizado-no-centro-comunitario-do-jardim-adamantina-no-sabado-25\/\",\"url\":\"https:\/\/radiolifefm.com.br\/noticias\/meu-bairro-em-acao-sera-realizado-no-centro-comunitario-do-jardim-adamantina-no-sabado-25\/\",\"name\":\"Meu Bairro em A\u00e7\u00e3o ser\u00e1 realizado no Centro Comunit\u00e1rio do Jardim Adamantina no s\u00e1bado (25) - R\u00e1dio Life FM\",\"isPartOf\":{\"@id\":\"https:\/\/radiolifefm.com.br\/noticias\/#website\"},\"primaryImageOfPage\":{\"@id\":\"https:\/\/radiolifefm.com.br\/noticias\/meu-bairro-em-acao-sera-realizado-no-centro-comunitario-do-jardim-adamantina-no-sabado-25\/#primaryimage\"},\"image\":{\"@id\":\"https:\/\/radiolifefm.com.br\/noticias\/meu-bairro-em-acao-sera-realizado-no-centro-comunitario-do-jardim-adamantina-no-sabado-25\/#primaryimage\"},\"thumbnailUrl\":\"https:\/\/radiolifefm.com.br\/noticias\/wp-content\/uploads\/2022\/06\/cats-25.jpg\",\"datePublished\":\"2022-06-21T23:20:55+00:00\",\"dateModified\":\"2026-04-27T18:00:11+00:00\",\"breadcrumb\":{\"@id\":\"https:\/\/radiolifefm.com.br\/noticias\/meu-bairro-em-acao-sera-realizado-no-centro-comunitario-do-jardim-adamantina-no-sabado-25\/#breadcrumb\"},\"inLanguage\":\"pt-BR\",\"potentialAction\":[{\"@type\":\"ReadAction\",\"target\":[\"https:\/\/radiolifefm.com.br\/noticias\/meu-bairro-em-acao-sera-realizado-no-centro-comunitario-do-jardim-adamantina-no-sabado-25\/\"]}]},{\"@type\":\"ImageObject\",\"inLanguage\":\"pt-BR\",\"@id\":\"https:\/\/radiolifefm.com.br\/noticias\/meu-bairro-em-acao-sera-realizado-no-centro-comunitario-do-jardim-adamantina-no-sabado-25\/#primaryimage\",\"url\":\"https:\/\/radiolifefm.com.br\/noticias\/wp-content\/uploads\/2022\/06\/cats-25.jpg\",\"contentUrl\":\"https:\/\/radiolifefm.com.br\/noticias\/wp-content\/uploads\/2022\/06\/cats-25.jpg\",\"width\":798,\"height\":487},{\"@type\":\"BreadcrumbList\",\"@id\":\"https:\/\/radiolifefm.com.br\/noticias\/meu-bairro-em-acao-sera-realizado-no-centro-comunitario-do-jardim-adamantina-no-sabado-25\/#breadcrumb\",\"itemListElement\":[{\"@type\":\"ListItem\",\"position\":1,\"name\":\"In\u00edcio\",\"item\":\"https:\/\/radiolifefm.com.br\/noticias\/\"},{\"@type\":\"ListItem\",\"position\":2,\"name\":\"Meu Bairro em A\u00e7\u00e3o ser\u00e1 realizado no Centro Comunit\u00e1rio do Jardim Adamantina no s\u00e1bado (25)\"}]},{\"@type\":\"WebSite\",\"@id\":\"https:\/\/radiolifefm.com.br\/noticias\/#website\",\"url\":\"https:\/\/radiolifefm.com.br\/noticias\/\",\"name\":\"R\u00e1dio Life FM\",\"description\":\"O Portal de Not\u00edcias de Adamantina\",\"publisher\":{\"@id\":\"https:\/\/radiolifefm.com.br\/noticias\/#organization\"},\"alternateName\":\"Life FM\",\"potentialAction\":[{\"@type\":\"SearchAction\",\"target\":{\"@type\":\"EntryPoint\",\"urlTemplate\":\"https:\/\/radiolifefm.com.br\/noticias\/?s={search_term_string}\"},\"query-input\":{\"@type\":\"PropertyValueSpecification\",\"valueRequired\":true,\"valueName\":\"search_term_string\"}}],\"inLanguage\":\"pt-BR\"},{\"@type\":\"Organization\",\"@id\":\"https:\/\/radiolifefm.com.br\/noticias\/#organization\",\"name\":\"R\u00e1dio Life FM\",\"alternateName\":\"Life FM\",\"url\":\"https:\/\/radiolifefm.com.br\/noticias\/\",\"logo\":{\"@type\":\"ImageObject\",\"inLanguage\":\"pt-BR\",\"@id\":\"https:\/\/radiolifefm.com.br\/noticias\/#\/schema\/logo\/image\/\",\"url\":\"https:\/\/static.radiolifefm.com.br\/noticias\/wp-content\/uploads\/2019\/10\/logo-lifefm.png\",\"contentUrl\":\"https:\/\/static.radiolifefm.com.br\/noticias\/wp-content\/uploads\/2019\/10\/logo-lifefm.png\",\"width\":196,\"height\":47,\"caption\":\"R\u00e1dio Life FM\"},\"image\":{\"@id\":\"https:\/\/radiolifefm.com.br\/noticias\/#\/schema\/logo\/image\/\"},\"sameAs\":[\"https:\/\/www.facebook.com\/radiolifefm\/\",\"https:\/\/www.instagram.com\/life1079fm\/\"]},{\"@type\":\"Person\",\"@id\":\"https:\/\/radiolifefm.com.br\/noticias\/#\/schema\/person\/6339b9fac59d12b071dec680d7375d87\",\"name\":\"ritanery\",\"image\":{\"@type\":\"ImageObject\",\"inLanguage\":\"pt-BR\",\"@id\":\"https:\/\/secure.gravatar.com\/avatar\/0e37bb19071f47c0b8a23f62a903df117c5a0e75f65a0c2901562f97cd41cf86?s=96&d=mm&r=g\",\"url\":\"https:\/\/secure.gravatar.com\/avatar\/0e37bb19071f47c0b8a23f62a903df117c5a0e75f65a0c2901562f97cd41cf86?s=96&d=mm&r=g\",\"contentUrl\":\"https:\/\/secure.gravatar.com\/avatar\/0e37bb19071f47c0b8a23f62a903df117c5a0e75f65a0c2901562f97cd41cf86?s=96&d=mm&r=g\",\"caption\":\"ritanery\"}}]}<\/script>\n<!-- \/ Yoast SEO plugin. -->","yoast_head_json":{"title":"Meu Bairro em A\u00e7\u00e3o ser\u00e1 realizado no Centro Comunit\u00e1rio do Jardim Adamantina no s\u00e1bado (25) - R\u00e1dio Life FM","robots":{"index":"index","follow":"follow","max-snippet":"max-snippet:-1","max-image-preview":"max-image-preview:large","max-video-preview":"max-video-preview:-1"},"canonical":"https:\/\/radiolifefm.com.br\/noticias\/meu-bairro-em-acao-sera-realizado-no-centro-comunitario-do-jardim-adamantina-no-sabado-25\/","og_locale":"pt_BR","og_type":"article","og_title":"Meu Bairro em A\u00e7\u00e3o ser\u00e1 realizado no Centro Comunit\u00e1rio do Jardim Adamantina no s\u00e1bado (25) - R\u00e1dio Life FM","og_description":"As programa\u00e7\u00f5es em alus\u00e3o aos 73 anos de Adamantina continuam! No s\u00e1bado, 25, a partir das 9h ser\u00e1 realizado o Projeto Meu Bairro em A\u00e7\u00e3o no Centro Comunit\u00e1rio do Jardim Adamantina. A cidade foi dividida em 7 setores, conforme as cores do arco-\u00edris e a iniciativa j\u00e1 foi realizada no Jardim Brasil e no Parque [&hellip;]","og_url":"https:\/\/radiolifefm.com.br\/noticias\/meu-bairro-em-acao-sera-realizado-no-centro-comunitario-do-jardim-adamantina-no-sabado-25\/","og_site_name":"R\u00e1dio Life FM","article_publisher":"https:\/\/www.facebook.com\/radiolifefm\/","article_published_time":"2022-06-21T23:20:55+00:00","article_modified_time":"2026-04-27T18:00:11+00:00","og_image":[{"width":798,"height":487,"url":"https:\/\/radiolifefm.com.br\/noticias\/wp-content\/uploads\/2022\/06\/cats-25.jpg","type":"image\/jpeg"}],"author":"ritanery","twitter_card":"summary_large_image","twitter_misc":{"Escrito por":"ritanery","Est. tempo de leitura":"2 minutos"},"schema":{"@context":"https:\/\/schema.org","@graph":[{"@type":"Article","@id":"https:\/\/radiolifefm.com.br\/noticias\/meu-bairro-em-acao-sera-realizado-no-centro-comunitario-do-jardim-adamantina-no-sabado-25\/#article","isPartOf":{"@id":"https:\/\/radiolifefm.com.br\/noticias\/meu-bairro-em-acao-sera-realizado-no-centro-comunitario-do-jardim-adamantina-no-sabado-25\/"},"author":{"name":"ritanery","@id":"https:\/\/radiolifefm.com.br\/noticias\/#\/schema\/person\/6339b9fac59d12b071dec680d7375d87"},"headline":"Meu Bairro em A\u00e7\u00e3o ser\u00e1 realizado no Centro Comunit\u00e1rio do Jardim Adamantina no s\u00e1bado (25)","datePublished":"2022-06-21T23:20:55+00:00","dateModified":"2026-04-27T18:00:11+00:00","mainEntityOfPage":{"@id":"https:\/\/radiolifefm.com.br\/noticias\/meu-bairro-em-acao-sera-realizado-no-centro-comunitario-do-jardim-adamantina-no-sabado-25\/"},"wordCount":284,"publisher":{"@id":"https:\/\/radiolifefm.com.br\/noticias\/#organization"},"image":{"@id":"https:\/\/radiolifefm.com.br\/noticias\/meu-bairro-em-acao-sera-realizado-no-centro-comunitario-do-jardim-adamantina-no-sabado-25\/#primaryimage"},"thumbnailUrl":"https:\/\/radiolifefm.com.br\/noticias\/wp-content\/uploads\/2022\/06\/cats-25.jpg","articleSection":["Adamantina"],"inLanguage":"pt-BR"},{"@type":"WebPage","@id":"https:\/\/radiolifefm.com.br\/noticias\/meu-bairro-em-acao-sera-realizado-no-centro-comunitario-do-jardim-adamantina-no-sabado-25\/","url":"https:\/\/radiolifefm.com.br\/noticias\/meu-bairro-em-acao-sera-realizado-no-centro-comunitario-do-jardim-adamantina-no-sabado-25\/","name":"Meu Bairro em A\u00e7\u00e3o ser\u00e1 realizado no Centro Comunit\u00e1rio do Jardim Adamantina no s\u00e1bado (25) - R\u00e1dio Life FM","isPartOf":{"@id":"https:\/\/radiolifefm.com.br\/noticias\/#website"},"primaryImageOfPage":{"@id":"https:\/\/radiolifefm.com.br\/noticias\/meu-bairro-em-acao-sera-realizado-no-centro-comunitario-do-jardim-adamantina-no-sabado-25\/#primaryimage"},"image":{"@id":"https:\/\/radiolifefm.com.br\/noticias\/meu-bairro-em-acao-sera-realizado-no-centro-comunitario-do-jardim-adamantina-no-sabado-25\/#primaryimage"},"thumbnailUrl":"https:\/\/radiolifefm.com.br\/noticias\/wp-content\/uploads\/2022\/06\/cats-25.jpg","datePublished":"2022-06-21T23:20:55+00:00","dateModified":"2026-04-27T18:00:11+00:00","breadcrumb":{"@id":"https:\/\/radiolifefm.com.br\/noticias\/meu-bairro-em-acao-sera-realizado-no-centro-comunitario-do-jardim-adamantina-no-sabado-25\/#breadcrumb"},"inLanguage":"pt-BR","potentialAction":[{"@type":"ReadAction","target":["https:\/\/radiolifefm.com.br\/noticias\/meu-bairro-em-acao-sera-realizado-no-centro-comunitario-do-jardim-adamantina-no-sabado-25\/"]}]},{"@type":"ImageObject","inLanguage":"pt-BR","@id":"https:\/\/radiolifefm.com.br\/noticias\/meu-bairro-em-acao-sera-realizado-no-centro-comunitario-do-jardim-adamantina-no-sabado-25\/#primaryimage","url":"https:\/\/radiolifefm.com.br\/noticias\/wp-content\/uploads\/2022\/06\/cats-25.jpg","contentUrl":"https:\/\/radiolifefm.com.br\/noticias\/wp-content\/uploads\/2022\/06\/cats-25.jpg","width":798,"height":487},{"@type":"BreadcrumbList","@id":"https:\/\/radiolifefm.com.br\/noticias\/meu-bairro-em-acao-sera-realizado-no-centro-comunitario-do-jardim-adamantina-no-sabado-25\/#breadcrumb","itemListElement":[{"@type":"ListItem","position":1,"name":"In\u00edcio","item":"https:\/\/radiolifefm.com.br\/noticias\/"},{"@type":"ListItem","position":2,"name":"Meu Bairro em A\u00e7\u00e3o ser\u00e1 realizado no Centro Comunit\u00e1rio do Jardim Adamantina no s\u00e1bado (25)"}]},{"@type":"WebSite","@id":"https:\/\/radiolifefm.com.br\/noticias\/#website","url":"https:\/\/radiolifefm.com.br\/noticias\/","name":"R\u00e1dio Life FM","description":"O Portal de Not\u00edcias de Adamantina","publisher":{"@id":"https:\/\/radiolifefm.com.br\/noticias\/#organization"},"alternateName":"Life FM","potentialAction":[{"@type":"SearchAction","target":{"@type":"EntryPoint","urlTemplate":"https:\/\/radiolifefm.com.br\/noticias\/?s={search_term_string}"},"query-input":{"@type":"PropertyValueSpecification","valueRequired":true,"valueName":"search_term_string"}}],"inLanguage":"pt-BR"},{"@type":"Organization","@id":"https:\/\/radiolifefm.com.br\/noticias\/#organization","name":"R\u00e1dio Life FM","alternateName":"Life FM","url":"https:\/\/radiolifefm.com.br\/noticias\/","logo":{"@type":"ImageObject","inLanguage":"pt-BR","@id":"https:\/\/radiolifefm.com.br\/noticias\/#\/schema\/logo\/image\/","url":"https:\/\/static.radiolifefm.com.br\/noticias\/wp-content\/uploads\/2019\/10\/logo-lifefm.png","contentUrl":"https:\/\/static.radiolifefm.com.br\/noticias\/wp-content\/uploads\/2019\/10\/logo-lifefm.png","width":196,"height":47,"caption":"R\u00e1dio Life FM"},"image":{"@id":"https:\/\/radiolifefm.com.br\/noticias\/#\/schema\/logo\/image\/"},"sameAs":["https:\/\/www.facebook.com\/radiolifefm\/","https:\/\/www.instagram.com\/life1079fm\/"]},{"@type":"Person","@id":"https:\/\/radiolifefm.com.br\/noticias\/#\/schema\/person\/6339b9fac59d12b071dec680d7375d87","name":"ritanery","image":{"@type":"ImageObject","inLanguage":"pt-BR","@id":"https:\/\/secure.gravatar.com\/avatar\/0e37bb19071f47c0b8a23f62a903df117c5a0e75f65a0c2901562f97cd41cf86?s=96&d=mm&r=g","url":"https:\/\/secure.gravatar.com\/avatar\/0e37bb19071f47c0b8a23f62a903df117c5a0e75f65a0c2901562f97cd41cf86?s=96&d=mm&r=g","contentUrl":"https:\/\/secure.gravatar.com\/avatar\/0e37bb19071f47c0b8a23f62a903df117c5a0e75f65a0c2901562f97cd41cf86?s=96&d=mm&r=g","caption":"ritanery"}}]}},"amp_enabled":true,"_links":{"self":[{"href":"https:\/\/radiolifefm.com.br\/noticias\/wp-json\/wp\/v2\/posts\/54982","targetHints":{"allow":["GET"]}}],"collection":[{"href":"https:\/\/radiolifefm.com.br\/noticias\/wp-json\/wp\/v2\/posts"}],"about":[{"href":"https:\/\/radiolifefm.com.br\/noticias\/wp-json\/wp\/v2\/types\/post"}],"author":[{"embeddable":true,"href":"https:\/\/radiolifefm.com.br\/noticias\/wp-json\/wp\/v2\/users\/13"}],"replies":[{"embeddable":true,"href":"https:\/\/radiolifefm.com.br\/noticias\/wp-json\/wp\/v2\/comments?post=54982"}],"version-history":[{"count":4,"href":"https:\/\/radiolifefm.com.br\/noticias\/wp-json\/wp\/v2\/posts\/54982\/revisions"}],"predecessor-version":[{"id":54987,"href":"https:\/\/radiolifefm.com.br\/noticias\/wp-json\/wp\/v2\/posts\/54982\/revisions\/54987"}],"wp:featuredmedia":[{"embeddable":true,"href":"https:\/\/radiolifefm.com.br\/noticias\/wp-json\/wp\/v2\/media\/54983"}],"wp:attachment":[{"href":"https:\/\/radiolifefm.com.br\/noticias\/wp-json\/wp\/v2\/media?parent=54982"}],"wp:term":[{"taxonomy":"category","embeddable":true,"href":"https:\/\/radiolifefm.com.br\/noticias\/wp-json\/wp\/v2\/categories?post=54982"},{"taxonomy":"post_tag","embeddable":true,"href":"https:\/\/radiolifefm.com.br\/noticias\/wp-json\/wp\/v2\/tags?post=54982"}],"curies":[{"name":"wp","href":"https:\/\/api.w.org\/{rel}","templated":true}]}}