{"id":54912,"date":"2022-06-20T10:04:05","date_gmt":"2022-06-20T13:04:05","guid":{"rendered":"https:\/\/radiolifefm.com.br\/noticias\/?p=54912"},"modified":"2026-04-09T10:03:12","modified_gmt":"2026-04-09T13:03:12","slug":"administracao-preve-para-o-2o-semestre-de-2022-conclusao-de-13-obras-e-efetivacao-da-regionalizacao-da-saude","status":"publish","type":"post","link":"https:\/\/radiolifefm.com.br\/noticias\/administracao-preve-para-o-2o-semestre-de-2022-conclusao-de-13-obras-e-efetivacao-da-regionalizacao-da-saude\/","title":{"rendered":"Administra\u00e7\u00e3o prev\u00ea para o 2\u00ba semestre de 2022 conclus\u00e3o de 13 obras e efetiva\u00e7\u00e3o da Regionaliza\u00e7\u00e3o da Sa\u00fade"},"content":{"rendered":"<div id=\"fb-root\"><\/div>\n<p>Ap\u00f3s Adamantina completar 73 anos de emancipa\u00e7\u00e3o pol\u00edtico-administrativa a Administra\u00e7\u00e3o Municipal j\u00e1 projeta quais conquistas dever\u00e3o ser consolidadas ainda em 2022. Todas j\u00e1 est\u00e3o em fase de prepara\u00e7\u00e3o ou execu\u00e7\u00e3o.<\/p>\n<p>De acordo com rela\u00e7\u00e3o apresentada pelo prefeito M\u00e1rcio Cardim (Uni\u00e3o Brasil), na entrevista concedida na Edi\u00e7\u00e3o Especial de Anivers\u00e1rio da Cidade Joia veiculada pelo Folha Regional, existem pelo menos 13 obras, entre constru\u00e7\u00e3o, reformas, adequa\u00e7\u00f5es e melhorias.<\/p>\n<p><img decoding=\"async\" class=\"aligncenter size-full wp-image-91727 jetpack-lazy-image\" src=\"https:\/\/i0.wp.com\/adamantinanet.com.br\/wp-content\/uploads\/2021\/08\/baner-unimedadamantina.jpg?resize=740%2C223&amp;is-pending-load=1#038;ssl=1\" alt=\"\" \/><\/p>\n<p>Ao ser questionado sobre quais projetos ser\u00e3o concretizados nestes pr\u00f3ximos seis meses \u2013 de julho a dezembro \u2013, o chefe do executivo listou: \u201cA implanta\u00e7\u00e3o do Poupatempo, o funcionamento do CIEBP (Centro de Inova\u00e7\u00e3o da Educa\u00e7\u00e3o B\u00e1sica Paulista), a implanta\u00e7\u00e3o da Casa Afro, a amplia\u00e7\u00e3o e reforma do Pronto Socorro, a conclus\u00e3o das obras do pr\u00e9dio que ir\u00e1 abrigar o aparelho de Resson\u00e2ncia, o Centro Cir\u00fargico, a revitaliza\u00e7\u00e3o da Pra\u00e7a \u00c9lio Micheloni, o Museu e Arquivo Hist\u00f3rico Municipal, a Cozinhalimento, a reforma do banheiro do p\u00e1tio da feira, a pista de Hockey, as quadras de Beach Tenis e os campos de Futebol\u201d.<\/p>\n<p>Cardim tamb\u00e9m citou o investimento de milh\u00f5es em obras de infraestrutura urbana, e destacou a efetiva\u00e7\u00e3o do projeto de Regionaliza\u00e7\u00e3o da Sa\u00fade, que tornar\u00e1 Adamantina refer\u00eancia na \u00e1rea para pelos menos 10 munic\u00edpios vizinhos.<\/p>\n<p>Tamb\u00e9m indicou que haver\u00e1 tantas outras reformas e adequa\u00e7\u00f5es em pr\u00e9dios p\u00fablicos.<\/p>\n<p>&nbsp;<\/p>\n<p>Fonte: Adamantina Net<\/p>\n","protected":false},"excerpt":{"rendered":"<p>Ap\u00f3s Adamantina completar 73 anos de emancipa\u00e7\u00e3o pol\u00edtico-administrativa a Administra\u00e7\u00e3o Municipal j\u00e1 projeta quais conquistas dever\u00e3o ser consolidadas ainda em 2022. Todas j\u00e1 est\u00e3o em fase de prepara\u00e7\u00e3o ou execu\u00e7\u00e3o. De acordo com rela\u00e7\u00e3o apresentada pelo prefeito M\u00e1rcio Cardim (Uni\u00e3o Brasil), na entrevista concedida na Edi\u00e7\u00e3o Especial de Anivers\u00e1rio da Cidade Joia veiculada pelo Folha [&hellip;]<\/p>\n","protected":false},"author":13,"featured_media":54913,"comment_status":"closed","ping_status":"open","sticky":false,"template":"","format":"standard","meta":{"_acf_changed":false,"_exactmetrics_skip_tracking":false,"_exactmetrics_sitenote_active":false,"_exactmetrics_sitenote_note":"","_exactmetrics_sitenote_category":0,"footnotes":""},"categories":[21],"tags":[],"class_list":["post-54912","post","type-post","status-publish","format-standard","has-post-thumbnail","hentry","category-adamantina"],"acf":[],"yoast_head":"<!-- This site is optimized with the Yoast SEO plugin v27.2 - https:\/\/yoast.com\/product\/yoast-seo-wordpress\/ -->\n<title>Administra\u00e7\u00e3o prev\u00ea para o 2\u00ba semestre de 2022 conclus\u00e3o de 13 obras e efetiva\u00e7\u00e3o da Regionaliza\u00e7\u00e3o da Sa\u00fade - R\u00e1dio Life FM<\/title>\n<meta name=\"robots\" content=\"index, follow, max-snippet:-1, max-image-preview:large, max-video-preview:-1\" \/>\n<link rel=\"canonical\" href=\"https:\/\/radiolifefm.com.br\/noticias\/administracao-preve-para-o-2o-semestre-de-2022-conclusao-de-13-obras-e-efetivacao-da-regionalizacao-da-saude\/\" \/>\n<meta property=\"og:locale\" content=\"pt_BR\" \/>\n<meta property=\"og:type\" content=\"article\" \/>\n<meta property=\"og:title\" content=\"Administra\u00e7\u00e3o prev\u00ea para o 2\u00ba semestre de 2022 conclus\u00e3o de 13 obras e efetiva\u00e7\u00e3o da Regionaliza\u00e7\u00e3o da Sa\u00fade - R\u00e1dio Life FM\" \/>\n<meta property=\"og:description\" content=\"Ap\u00f3s Adamantina completar 73 anos de emancipa\u00e7\u00e3o pol\u00edtico-administrativa a Administra\u00e7\u00e3o Municipal j\u00e1 projeta quais conquistas dever\u00e3o ser consolidadas ainda em 2022. Todas j\u00e1 est\u00e3o em fase de prepara\u00e7\u00e3o ou execu\u00e7\u00e3o. De acordo com rela\u00e7\u00e3o apresentada pelo prefeito M\u00e1rcio Cardim (Uni\u00e3o Brasil), na entrevista concedida na Edi\u00e7\u00e3o Especial de Anivers\u00e1rio da Cidade Joia veiculada pelo Folha [&hellip;]\" \/>\n<meta property=\"og:url\" content=\"https:\/\/radiolifefm.com.br\/noticias\/administracao-preve-para-o-2o-semestre-de-2022-conclusao-de-13-obras-e-efetivacao-da-regionalizacao-da-saude\/\" \/>\n<meta property=\"og:site_name\" content=\"R\u00e1dio Life FM\" \/>\n<meta property=\"article:publisher\" content=\"https:\/\/www.facebook.com\/radiolifefm\/\" \/>\n<meta property=\"article:published_time\" content=\"2022-06-20T13:04:05+00:00\" \/>\n<meta property=\"article:modified_time\" content=\"2026-04-09T13:03:12+00:00\" \/>\n<meta property=\"og:image\" content=\"https:\/\/radiolifefm.com.br\/noticias\/wp-content\/uploads\/2022\/06\/cats-21.jpg\" \/>\n\t<meta property=\"og:image:width\" content=\"1480\" \/>\n\t<meta property=\"og:image:height\" content=\"737\" \/>\n\t<meta property=\"og:image:type\" content=\"image\/jpeg\" \/>\n<meta name=\"author\" content=\"ritanery\" \/>\n<meta name=\"twitter:card\" content=\"summary_large_image\" \/>\n<meta name=\"twitter:label1\" content=\"Escrito por\" \/>\n\t<meta name=\"twitter:data1\" content=\"ritanery\" \/>\n\t<meta name=\"twitter:label2\" content=\"Est. tempo de leitura\" \/>\n\t<meta name=\"twitter:data2\" content=\"2 minutos\" \/>\n<script type=\"application\/ld+json\" class=\"yoast-schema-graph\">{\"@context\":\"https:\/\/schema.org\",\"@graph\":[{\"@type\":\"Article\",\"@id\":\"https:\/\/radiolifefm.com.br\/noticias\/administracao-preve-para-o-2o-semestre-de-2022-conclusao-de-13-obras-e-efetivacao-da-regionalizacao-da-saude\/#article\",\"isPartOf\":{\"@id\":\"https:\/\/radiolifefm.com.br\/noticias\/administracao-preve-para-o-2o-semestre-de-2022-conclusao-de-13-obras-e-efetivacao-da-regionalizacao-da-saude\/\"},\"author\":{\"name\":\"ritanery\",\"@id\":\"https:\/\/radiolifefm.com.br\/noticias\/#\/schema\/person\/6339b9fac59d12b071dec680d7375d87\"},\"headline\":\"Administra\u00e7\u00e3o prev\u00ea para o 2\u00ba semestre de 2022 conclus\u00e3o de 13 obras e efetiva\u00e7\u00e3o da Regionaliza\u00e7\u00e3o da Sa\u00fade\",\"datePublished\":\"2022-06-20T13:04:05+00:00\",\"dateModified\":\"2026-04-09T13:03:12+00:00\",\"mainEntityOfPage\":{\"@id\":\"https:\/\/radiolifefm.com.br\/noticias\/administracao-preve-para-o-2o-semestre-de-2022-conclusao-de-13-obras-e-efetivacao-da-regionalizacao-da-saude\/\"},\"wordCount\":275,\"publisher\":{\"@id\":\"https:\/\/radiolifefm.com.br\/noticias\/#organization\"},\"image\":{\"@id\":\"https:\/\/radiolifefm.com.br\/noticias\/administracao-preve-para-o-2o-semestre-de-2022-conclusao-de-13-obras-e-efetivacao-da-regionalizacao-da-saude\/#primaryimage\"},\"thumbnailUrl\":\"https:\/\/radiolifefm.com.br\/noticias\/wp-content\/uploads\/2022\/06\/cats-21.jpg\",\"articleSection\":[\"Adamantina\"],\"inLanguage\":\"pt-BR\"},{\"@type\":\"WebPage\",\"@id\":\"https:\/\/radiolifefm.com.br\/noticias\/administracao-preve-para-o-2o-semestre-de-2022-conclusao-de-13-obras-e-efetivacao-da-regionalizacao-da-saude\/\",\"url\":\"https:\/\/radiolifefm.com.br\/noticias\/administracao-preve-para-o-2o-semestre-de-2022-conclusao-de-13-obras-e-efetivacao-da-regionalizacao-da-saude\/\",\"name\":\"Administra\u00e7\u00e3o prev\u00ea para o 2\u00ba semestre de 2022 conclus\u00e3o de 13 obras e efetiva\u00e7\u00e3o da Regionaliza\u00e7\u00e3o da Sa\u00fade - R\u00e1dio Life FM\",\"isPartOf\":{\"@id\":\"https:\/\/radiolifefm.com.br\/noticias\/#website\"},\"primaryImageOfPage\":{\"@id\":\"https:\/\/radiolifefm.com.br\/noticias\/administracao-preve-para-o-2o-semestre-de-2022-conclusao-de-13-obras-e-efetivacao-da-regionalizacao-da-saude\/#primaryimage\"},\"image\":{\"@id\":\"https:\/\/radiolifefm.com.br\/noticias\/administracao-preve-para-o-2o-semestre-de-2022-conclusao-de-13-obras-e-efetivacao-da-regionalizacao-da-saude\/#primaryimage\"},\"thumbnailUrl\":\"https:\/\/radiolifefm.com.br\/noticias\/wp-content\/uploads\/2022\/06\/cats-21.jpg\",\"datePublished\":\"2022-06-20T13:04:05+00:00\",\"dateModified\":\"2026-04-09T13:03:12+00:00\",\"breadcrumb\":{\"@id\":\"https:\/\/radiolifefm.com.br\/noticias\/administracao-preve-para-o-2o-semestre-de-2022-conclusao-de-13-obras-e-efetivacao-da-regionalizacao-da-saude\/#breadcrumb\"},\"inLanguage\":\"pt-BR\",\"potentialAction\":[{\"@type\":\"ReadAction\",\"target\":[\"https:\/\/radiolifefm.com.br\/noticias\/administracao-preve-para-o-2o-semestre-de-2022-conclusao-de-13-obras-e-efetivacao-da-regionalizacao-da-saude\/\"]}]},{\"@type\":\"ImageObject\",\"inLanguage\":\"pt-BR\",\"@id\":\"https:\/\/radiolifefm.com.br\/noticias\/administracao-preve-para-o-2o-semestre-de-2022-conclusao-de-13-obras-e-efetivacao-da-regionalizacao-da-saude\/#primaryimage\",\"url\":\"https:\/\/radiolifefm.com.br\/noticias\/wp-content\/uploads\/2022\/06\/cats-21.jpg\",\"contentUrl\":\"https:\/\/radiolifefm.com.br\/noticias\/wp-content\/uploads\/2022\/06\/cats-21.jpg\",\"width\":1480,\"height\":737},{\"@type\":\"BreadcrumbList\",\"@id\":\"https:\/\/radiolifefm.com.br\/noticias\/administracao-preve-para-o-2o-semestre-de-2022-conclusao-de-13-obras-e-efetivacao-da-regionalizacao-da-saude\/#breadcrumb\",\"itemListElement\":[{\"@type\":\"ListItem\",\"position\":1,\"name\":\"In\u00edcio\",\"item\":\"https:\/\/radiolifefm.com.br\/noticias\/\"},{\"@type\":\"ListItem\",\"position\":2,\"name\":\"Administra\u00e7\u00e3o prev\u00ea para o 2\u00ba semestre de 2022 conclus\u00e3o de 13 obras e efetiva\u00e7\u00e3o da Regionaliza\u00e7\u00e3o da Sa\u00fade\"}]},{\"@type\":\"WebSite\",\"@id\":\"https:\/\/radiolifefm.com.br\/noticias\/#website\",\"url\":\"https:\/\/radiolifefm.com.br\/noticias\/\",\"name\":\"R\u00e1dio Life FM\",\"description\":\"O Portal de Not\u00edcias de Adamantina\",\"publisher\":{\"@id\":\"https:\/\/radiolifefm.com.br\/noticias\/#organization\"},\"alternateName\":\"Life FM\",\"potentialAction\":[{\"@type\":\"SearchAction\",\"target\":{\"@type\":\"EntryPoint\",\"urlTemplate\":\"https:\/\/radiolifefm.com.br\/noticias\/?s={search_term_string}\"},\"query-input\":{\"@type\":\"PropertyValueSpecification\",\"valueRequired\":true,\"valueName\":\"search_term_string\"}}],\"inLanguage\":\"pt-BR\"},{\"@type\":\"Organization\",\"@id\":\"https:\/\/radiolifefm.com.br\/noticias\/#organization\",\"name\":\"R\u00e1dio Life FM\",\"alternateName\":\"Life FM\",\"url\":\"https:\/\/radiolifefm.com.br\/noticias\/\",\"logo\":{\"@type\":\"ImageObject\",\"inLanguage\":\"pt-BR\",\"@id\":\"https:\/\/radiolifefm.com.br\/noticias\/#\/schema\/logo\/image\/\",\"url\":\"https:\/\/static.radiolifefm.com.br\/noticias\/wp-content\/uploads\/2019\/10\/logo-lifefm.png\",\"contentUrl\":\"https:\/\/static.radiolifefm.com.br\/noticias\/wp-content\/uploads\/2019\/10\/logo-lifefm.png\",\"width\":196,\"height\":47,\"caption\":\"R\u00e1dio Life FM\"},\"image\":{\"@id\":\"https:\/\/radiolifefm.com.br\/noticias\/#\/schema\/logo\/image\/\"},\"sameAs\":[\"https:\/\/www.facebook.com\/radiolifefm\/\",\"https:\/\/www.instagram.com\/life1079fm\/\"]},{\"@type\":\"Person\",\"@id\":\"https:\/\/radiolifefm.com.br\/noticias\/#\/schema\/person\/6339b9fac59d12b071dec680d7375d87\",\"name\":\"ritanery\",\"image\":{\"@type\":\"ImageObject\",\"inLanguage\":\"pt-BR\",\"@id\":\"https:\/\/secure.gravatar.com\/avatar\/0e37bb19071f47c0b8a23f62a903df117c5a0e75f65a0c2901562f97cd41cf86?s=96&d=mm&r=g\",\"url\":\"https:\/\/secure.gravatar.com\/avatar\/0e37bb19071f47c0b8a23f62a903df117c5a0e75f65a0c2901562f97cd41cf86?s=96&d=mm&r=g\",\"contentUrl\":\"https:\/\/secure.gravatar.com\/avatar\/0e37bb19071f47c0b8a23f62a903df117c5a0e75f65a0c2901562f97cd41cf86?s=96&d=mm&r=g\",\"caption\":\"ritanery\"}}]}<\/script>\n<!-- \/ Yoast SEO plugin. -->","yoast_head_json":{"title":"Administra\u00e7\u00e3o prev\u00ea para o 2\u00ba semestre de 2022 conclus\u00e3o de 13 obras e efetiva\u00e7\u00e3o da Regionaliza\u00e7\u00e3o da Sa\u00fade - R\u00e1dio Life FM","robots":{"index":"index","follow":"follow","max-snippet":"max-snippet:-1","max-image-preview":"max-image-preview:large","max-video-preview":"max-video-preview:-1"},"canonical":"https:\/\/radiolifefm.com.br\/noticias\/administracao-preve-para-o-2o-semestre-de-2022-conclusao-de-13-obras-e-efetivacao-da-regionalizacao-da-saude\/","og_locale":"pt_BR","og_type":"article","og_title":"Administra\u00e7\u00e3o prev\u00ea para o 2\u00ba semestre de 2022 conclus\u00e3o de 13 obras e efetiva\u00e7\u00e3o da Regionaliza\u00e7\u00e3o da Sa\u00fade - R\u00e1dio Life FM","og_description":"Ap\u00f3s Adamantina completar 73 anos de emancipa\u00e7\u00e3o pol\u00edtico-administrativa a Administra\u00e7\u00e3o Municipal j\u00e1 projeta quais conquistas dever\u00e3o ser consolidadas ainda em 2022. Todas j\u00e1 est\u00e3o em fase de prepara\u00e7\u00e3o ou execu\u00e7\u00e3o. De acordo com rela\u00e7\u00e3o apresentada pelo prefeito M\u00e1rcio Cardim (Uni\u00e3o Brasil), na entrevista concedida na Edi\u00e7\u00e3o Especial de Anivers\u00e1rio da Cidade Joia veiculada pelo Folha [&hellip;]","og_url":"https:\/\/radiolifefm.com.br\/noticias\/administracao-preve-para-o-2o-semestre-de-2022-conclusao-de-13-obras-e-efetivacao-da-regionalizacao-da-saude\/","og_site_name":"R\u00e1dio Life FM","article_publisher":"https:\/\/www.facebook.com\/radiolifefm\/","article_published_time":"2022-06-20T13:04:05+00:00","article_modified_time":"2026-04-09T13:03:12+00:00","og_image":[{"width":1480,"height":737,"url":"https:\/\/radiolifefm.com.br\/noticias\/wp-content\/uploads\/2022\/06\/cats-21.jpg","type":"image\/jpeg"}],"author":"ritanery","twitter_card":"summary_large_image","twitter_misc":{"Escrito por":"ritanery","Est. tempo de leitura":"2 minutos"},"schema":{"@context":"https:\/\/schema.org","@graph":[{"@type":"Article","@id":"https:\/\/radiolifefm.com.br\/noticias\/administracao-preve-para-o-2o-semestre-de-2022-conclusao-de-13-obras-e-efetivacao-da-regionalizacao-da-saude\/#article","isPartOf":{"@id":"https:\/\/radiolifefm.com.br\/noticias\/administracao-preve-para-o-2o-semestre-de-2022-conclusao-de-13-obras-e-efetivacao-da-regionalizacao-da-saude\/"},"author":{"name":"ritanery","@id":"https:\/\/radiolifefm.com.br\/noticias\/#\/schema\/person\/6339b9fac59d12b071dec680d7375d87"},"headline":"Administra\u00e7\u00e3o prev\u00ea para o 2\u00ba semestre de 2022 conclus\u00e3o de 13 obras e efetiva\u00e7\u00e3o da Regionaliza\u00e7\u00e3o da Sa\u00fade","datePublished":"2022-06-20T13:04:05+00:00","dateModified":"2026-04-09T13:03:12+00:00","mainEntityOfPage":{"@id":"https:\/\/radiolifefm.com.br\/noticias\/administracao-preve-para-o-2o-semestre-de-2022-conclusao-de-13-obras-e-efetivacao-da-regionalizacao-da-saude\/"},"wordCount":275,"publisher":{"@id":"https:\/\/radiolifefm.com.br\/noticias\/#organization"},"image":{"@id":"https:\/\/radiolifefm.com.br\/noticias\/administracao-preve-para-o-2o-semestre-de-2022-conclusao-de-13-obras-e-efetivacao-da-regionalizacao-da-saude\/#primaryimage"},"thumbnailUrl":"https:\/\/radiolifefm.com.br\/noticias\/wp-content\/uploads\/2022\/06\/cats-21.jpg","articleSection":["Adamantina"],"inLanguage":"pt-BR"},{"@type":"WebPage","@id":"https:\/\/radiolifefm.com.br\/noticias\/administracao-preve-para-o-2o-semestre-de-2022-conclusao-de-13-obras-e-efetivacao-da-regionalizacao-da-saude\/","url":"https:\/\/radiolifefm.com.br\/noticias\/administracao-preve-para-o-2o-semestre-de-2022-conclusao-de-13-obras-e-efetivacao-da-regionalizacao-da-saude\/","name":"Administra\u00e7\u00e3o prev\u00ea para o 2\u00ba semestre de 2022 conclus\u00e3o de 13 obras e efetiva\u00e7\u00e3o da Regionaliza\u00e7\u00e3o da Sa\u00fade - R\u00e1dio Life FM","isPartOf":{"@id":"https:\/\/radiolifefm.com.br\/noticias\/#website"},"primaryImageOfPage":{"@id":"https:\/\/radiolifefm.com.br\/noticias\/administracao-preve-para-o-2o-semestre-de-2022-conclusao-de-13-obras-e-efetivacao-da-regionalizacao-da-saude\/#primaryimage"},"image":{"@id":"https:\/\/radiolifefm.com.br\/noticias\/administracao-preve-para-o-2o-semestre-de-2022-conclusao-de-13-obras-e-efetivacao-da-regionalizacao-da-saude\/#primaryimage"},"thumbnailUrl":"https:\/\/radiolifefm.com.br\/noticias\/wp-content\/uploads\/2022\/06\/cats-21.jpg","datePublished":"2022-06-20T13:04:05+00:00","dateModified":"2026-04-09T13:03:12+00:00","breadcrumb":{"@id":"https:\/\/radiolifefm.com.br\/noticias\/administracao-preve-para-o-2o-semestre-de-2022-conclusao-de-13-obras-e-efetivacao-da-regionalizacao-da-saude\/#breadcrumb"},"inLanguage":"pt-BR","potentialAction":[{"@type":"ReadAction","target":["https:\/\/radiolifefm.com.br\/noticias\/administracao-preve-para-o-2o-semestre-de-2022-conclusao-de-13-obras-e-efetivacao-da-regionalizacao-da-saude\/"]}]},{"@type":"ImageObject","inLanguage":"pt-BR","@id":"https:\/\/radiolifefm.com.br\/noticias\/administracao-preve-para-o-2o-semestre-de-2022-conclusao-de-13-obras-e-efetivacao-da-regionalizacao-da-saude\/#primaryimage","url":"https:\/\/radiolifefm.com.br\/noticias\/wp-content\/uploads\/2022\/06\/cats-21.jpg","contentUrl":"https:\/\/radiolifefm.com.br\/noticias\/wp-content\/uploads\/2022\/06\/cats-21.jpg","width":1480,"height":737},{"@type":"BreadcrumbList","@id":"https:\/\/radiolifefm.com.br\/noticias\/administracao-preve-para-o-2o-semestre-de-2022-conclusao-de-13-obras-e-efetivacao-da-regionalizacao-da-saude\/#breadcrumb","itemListElement":[{"@type":"ListItem","position":1,"name":"In\u00edcio","item":"https:\/\/radiolifefm.com.br\/noticias\/"},{"@type":"ListItem","position":2,"name":"Administra\u00e7\u00e3o prev\u00ea para o 2\u00ba semestre de 2022 conclus\u00e3o de 13 obras e efetiva\u00e7\u00e3o da Regionaliza\u00e7\u00e3o da Sa\u00fade"}]},{"@type":"WebSite","@id":"https:\/\/radiolifefm.com.br\/noticias\/#website","url":"https:\/\/radiolifefm.com.br\/noticias\/","name":"R\u00e1dio Life FM","description":"O Portal de Not\u00edcias de Adamantina","publisher":{"@id":"https:\/\/radiolifefm.com.br\/noticias\/#organization"},"alternateName":"Life FM","potentialAction":[{"@type":"SearchAction","target":{"@type":"EntryPoint","urlTemplate":"https:\/\/radiolifefm.com.br\/noticias\/?s={search_term_string}"},"query-input":{"@type":"PropertyValueSpecification","valueRequired":true,"valueName":"search_term_string"}}],"inLanguage":"pt-BR"},{"@type":"Organization","@id":"https:\/\/radiolifefm.com.br\/noticias\/#organization","name":"R\u00e1dio Life FM","alternateName":"Life FM","url":"https:\/\/radiolifefm.com.br\/noticias\/","logo":{"@type":"ImageObject","inLanguage":"pt-BR","@id":"https:\/\/radiolifefm.com.br\/noticias\/#\/schema\/logo\/image\/","url":"https:\/\/static.radiolifefm.com.br\/noticias\/wp-content\/uploads\/2019\/10\/logo-lifefm.png","contentUrl":"https:\/\/static.radiolifefm.com.br\/noticias\/wp-content\/uploads\/2019\/10\/logo-lifefm.png","width":196,"height":47,"caption":"R\u00e1dio Life FM"},"image":{"@id":"https:\/\/radiolifefm.com.br\/noticias\/#\/schema\/logo\/image\/"},"sameAs":["https:\/\/www.facebook.com\/radiolifefm\/","https:\/\/www.instagram.com\/life1079fm\/"]},{"@type":"Person","@id":"https:\/\/radiolifefm.com.br\/noticias\/#\/schema\/person\/6339b9fac59d12b071dec680d7375d87","name":"ritanery","image":{"@type":"ImageObject","inLanguage":"pt-BR","@id":"https:\/\/secure.gravatar.com\/avatar\/0e37bb19071f47c0b8a23f62a903df117c5a0e75f65a0c2901562f97cd41cf86?s=96&d=mm&r=g","url":"https:\/\/secure.gravatar.com\/avatar\/0e37bb19071f47c0b8a23f62a903df117c5a0e75f65a0c2901562f97cd41cf86?s=96&d=mm&r=g","contentUrl":"https:\/\/secure.gravatar.com\/avatar\/0e37bb19071f47c0b8a23f62a903df117c5a0e75f65a0c2901562f97cd41cf86?s=96&d=mm&r=g","caption":"ritanery"}}]}},"amp_enabled":true,"_links":{"self":[{"href":"https:\/\/radiolifefm.com.br\/noticias\/wp-json\/wp\/v2\/posts\/54912","targetHints":{"allow":["GET"]}}],"collection":[{"href":"https:\/\/radiolifefm.com.br\/noticias\/wp-json\/wp\/v2\/posts"}],"about":[{"href":"https:\/\/radiolifefm.com.br\/noticias\/wp-json\/wp\/v2\/types\/post"}],"author":[{"embeddable":true,"href":"https:\/\/radiolifefm.com.br\/noticias\/wp-json\/wp\/v2\/users\/13"}],"replies":[{"embeddable":true,"href":"https:\/\/radiolifefm.com.br\/noticias\/wp-json\/wp\/v2\/comments?post=54912"}],"version-history":[{"count":4,"href":"https:\/\/radiolifefm.com.br\/noticias\/wp-json\/wp\/v2\/posts\/54912\/revisions"}],"predecessor-version":[{"id":54917,"href":"https:\/\/radiolifefm.com.br\/noticias\/wp-json\/wp\/v2\/posts\/54912\/revisions\/54917"}],"wp:featuredmedia":[{"embeddable":true,"href":"https:\/\/radiolifefm.com.br\/noticias\/wp-json\/wp\/v2\/media\/54913"}],"wp:attachment":[{"href":"https:\/\/radiolifefm.com.br\/noticias\/wp-json\/wp\/v2\/media?parent=54912"}],"wp:term":[{"taxonomy":"category","embeddable":true,"href":"https:\/\/radiolifefm.com.br\/noticias\/wp-json\/wp\/v2\/categories?post=54912"},{"taxonomy":"post_tag","embeddable":true,"href":"https:\/\/radiolifefm.com.br\/noticias\/wp-json\/wp\/v2\/tags?post=54912"}],"curies":[{"name":"wp","href":"https:\/\/api.w.org\/{rel}","templated":true}]}}