{"id":54909,"date":"2022-06-20T07:58:28","date_gmt":"2022-06-20T10:58:28","guid":{"rendered":"https:\/\/radiolifefm.com.br\/noticias\/?p=54909"},"modified":"2026-04-18T20:53:37","modified_gmt":"2026-04-18T23:53:37","slug":"provincia-eleicoes-e-pos-globalizacao-midiatica","status":"publish","type":"post","link":"https:\/\/radiolifefm.com.br\/noticias\/provincia-eleicoes-e-pos-globalizacao-midiatica\/","title":{"rendered":"PROV\u00cdNCIA, ELEI\u00c7\u00d5ES E P\u00d3S-GLOBALIZA\u00c7\u00c3O MIDI\u00c1TICA!"},"content":{"rendered":"<div id=\"fb-root\"><\/div>\n<p>&nbsp;<\/p>\n<p><em>\u201cTeus olhos devem olhar \u00e0 frente, para que tua vista preceda os teus passos\u201d. (Salom\u00e3o)<\/em><\/p>\n<p>&nbsp;<\/p>\n<p>&nbsp;<\/p>\n<p><strong><em>S\u00e9rgio Barbosa (*)<\/em><\/strong><\/p>\n<p>&nbsp;<\/p>\n<p>&nbsp;<\/p>\n<p>Quando os desencontros acontecem em terras provincianas, pode-se usar e abusar de uma ou mais reflex\u00e3o cr\u00edtica sobre tais acontecimentos em n\u00edvel glocal, ou seja, do global para o local, assim, \u00e9 poss\u00edvel tentar fazer uma interpreta\u00e7\u00e3o do significado dos encontros por meio dos desencontros dos bastidores da prov\u00edncia&#8230;<\/p>\n<p>As ideologias servem para atenderem as necessidades do ser humano em v\u00e1rias frentes de conflito, at\u00e9 mesmo quando n\u00e3o existe o mesmo, todavia, cada qual \u201csabe onde aperta o cinto\u201d, portanto, n\u00e3o se pode deixar de lado os interesses de uma pauta mal direcionada pela m\u00eddia provinciana em tempo de p\u00f3s-globaliza\u00e7\u00e3o midi\u00e1tica&#8230;<\/p>\n<p>N\u00e3o se podem parar as m\u00e1quinas, todavia, existem mecanismos de opress\u00e3o e repress\u00e3o para dar um basta nos falsos profetas perdidos nos cantos de uma esquina sem ilumina\u00e7\u00e3o para o outro lado do poder acima do outro poder local, desta forma, o grito acaba sendo sufocado pela presen\u00e7a do sil\u00eancio provinciano&#8230;<\/p>\n<p>A denominada \u201cp\u00f3s-globaliza\u00e7\u00e3o\u201d vem de encontro ao universo restrito do debate local em meio aos olhares perdidos dos politiqueiros \u201ccatadores de votos\u201d que aparecem sem mais e sem menos, por\u00e9m, desaparecem assim que o pleito \u00e9 encerrado&#8230;<\/p>\n<p>Neste caso, vencidos e vencedores tomam o mesmo rumo, ou seja, a minoria segue a luz do poder, a maioria, pra variar, o caminho de casa com as d\u00edvidas pendentes do desafio perdido, talvez, numa pr\u00f3xima oportunidade o resultado possa ser diferente e assim, dizem, \u201ccaminha a humanidade\u201d&#8230;<\/p>\n<p>As muitas vindas, claras, depois, caso sejam eleitos, com raras voltas ao local para um olhar mais pr\u00f3ximo, marcas das pol\u00edticas escusas do tempo, assim, \u201cmudam as moscas, mas a m. \u00e9 a mesma\u201d para os\/as provincianos\/as neste novo tempo novo&#8230;<\/p>\n<p>Daqui pra frente, ser\u00e3o in\u00fameros nomes veiculados na regi\u00e3o provinciana para inundar um mar de aproveitadores com o mesmo discurso de sempre, ou seja, primeiro, seus interesses em conseguir os votos necess\u00e1rios para a elei\u00e7\u00e3o em pauta&#8230;<\/p>\n<p>Depois, bom, na maioria dos casos, a regi\u00e3o provinciana vai ficar \u201ca ver navios\u201d em meio aos desencontros com os pol\u00edticos de sempre, ainda, aqueles que aparecer apenas nestas ocasi\u00f5es espec\u00edficas para um aperto de m\u00e3o com os menos desavisados&#8230;<\/p>\n<p>N\u00e3o se pode deixar de levantar maiores informa\u00e7\u00f5es sobre os pseudopol\u00edticos do \u201cPa\u00eds do faz de conta\u201d, assim, deve-se levar em conta o passado e o presente, caso seja do ramo, assim mesmo, \u201ctodo cuidado \u00e9 pouco\u201d&#8230;<\/p>\n<p>Em tempo de \u201cme engana que eu gosto\u201d, ainda, mediado pelos famigerados \u201cfake news\u201d dos mesmos de sempre, tudo indica que a corrida eleitoral promete tudo e mais alguns desencontros em tempo de p\u00f3s-globaliza\u00e7\u00e3o midi\u00e1tica para al\u00e9m da Prov\u00edncia do faz de conta&#8230;<\/p>\n<p>QUEM SOBREVIVER VAI SABER&#8230;<\/p>\n<p><em>____________________________________<\/em><\/p>\n<p><em>(*) Jornalista diplomado e professor universit\u00e1rio<\/em><\/p>\n<p><em>e-mail: <a href=\"mailto:barbosa.sebar@gmail.com\">barbosa.sebar@gmail.com<\/a><\/em><\/p>\n<p><em>.<\/em><\/p>\n","protected":false},"excerpt":{"rendered":"<p>&nbsp; \u201cTeus olhos devem olhar \u00e0 frente, para que tua vista preceda os teus passos\u201d. (Salom\u00e3o) &nbsp; &nbsp; S\u00e9rgio Barbosa (*) &nbsp; &nbsp; Quando os desencontros acontecem em terras provincianas, pode-se usar e abusar de uma ou mais reflex\u00e3o cr\u00edtica sobre tais acontecimentos em n\u00edvel glocal, ou seja, do global para o local, assim, \u00e9 [&hellip;]<\/p>\n","protected":false},"author":13,"featured_media":51988,"comment_status":"closed","ping_status":"open","sticky":false,"template":"","format":"standard","meta":{"_acf_changed":false,"_exactmetrics_skip_tracking":false,"_exactmetrics_sitenote_active":false,"_exactmetrics_sitenote_note":"","_exactmetrics_sitenote_category":0,"footnotes":""},"categories":[59],"tags":[],"class_list":["post-54909","post","type-post","status-publish","format-standard","has-post-thumbnail","hentry","category-opiniao"],"acf":[],"yoast_head":"<!-- This site is optimized with the Yoast SEO plugin v27.2 - https:\/\/yoast.com\/product\/yoast-seo-wordpress\/ -->\n<title>PROV\u00cdNCIA, ELEI\u00c7\u00d5ES E P\u00d3S-GLOBALIZA\u00c7\u00c3O MIDI\u00c1TICA! - R\u00e1dio Life FM<\/title>\n<meta name=\"robots\" content=\"index, follow, max-snippet:-1, max-image-preview:large, max-video-preview:-1\" \/>\n<link rel=\"canonical\" href=\"https:\/\/radiolifefm.com.br\/noticias\/provincia-eleicoes-e-pos-globalizacao-midiatica\/\" \/>\n<meta property=\"og:locale\" content=\"pt_BR\" \/>\n<meta property=\"og:type\" content=\"article\" \/>\n<meta property=\"og:title\" content=\"PROV\u00cdNCIA, ELEI\u00c7\u00d5ES E P\u00d3S-GLOBALIZA\u00c7\u00c3O MIDI\u00c1TICA! - R\u00e1dio Life FM\" \/>\n<meta property=\"og:description\" content=\"&nbsp; \u201cTeus olhos devem olhar \u00e0 frente, para que tua vista preceda os teus passos\u201d. (Salom\u00e3o) &nbsp; &nbsp; S\u00e9rgio Barbosa (*) &nbsp; &nbsp; Quando os desencontros acontecem em terras provincianas, pode-se usar e abusar de uma ou mais reflex\u00e3o cr\u00edtica sobre tais acontecimentos em n\u00edvel glocal, ou seja, do global para o local, assim, \u00e9 [&hellip;]\" \/>\n<meta property=\"og:url\" content=\"https:\/\/radiolifefm.com.br\/noticias\/provincia-eleicoes-e-pos-globalizacao-midiatica\/\" \/>\n<meta property=\"og:site_name\" content=\"R\u00e1dio Life FM\" \/>\n<meta property=\"article:publisher\" content=\"https:\/\/www.facebook.com\/radiolifefm\/\" \/>\n<meta property=\"article:published_time\" content=\"2022-06-20T10:58:28+00:00\" \/>\n<meta property=\"article:modified_time\" content=\"2026-04-18T23:53:37+00:00\" \/>\n<meta property=\"og:image\" content=\"https:\/\/radiolifefm.com.br\/noticias\/wp-content\/uploads\/2022\/04\/WhatsApp-Image-2022-04-10-at-18.43.02.jpeg\" \/>\n\t<meta property=\"og:image:width\" content=\"972\" \/>\n\t<meta property=\"og:image:height\" content=\"1296\" \/>\n\t<meta property=\"og:image:type\" content=\"image\/jpeg\" \/>\n<meta name=\"author\" content=\"ritanery\" \/>\n<meta name=\"twitter:card\" content=\"summary_large_image\" \/>\n<meta name=\"twitter:label1\" content=\"Escrito por\" \/>\n\t<meta name=\"twitter:data1\" content=\"ritanery\" \/>\n\t<meta name=\"twitter:label2\" content=\"Est. tempo de leitura\" \/>\n\t<meta name=\"twitter:data2\" content=\"3 minutos\" \/>\n<script type=\"application\/ld+json\" class=\"yoast-schema-graph\">{\"@context\":\"https:\/\/schema.org\",\"@graph\":[{\"@type\":\"Article\",\"@id\":\"https:\/\/radiolifefm.com.br\/noticias\/provincia-eleicoes-e-pos-globalizacao-midiatica\/#article\",\"isPartOf\":{\"@id\":\"https:\/\/radiolifefm.com.br\/noticias\/provincia-eleicoes-e-pos-globalizacao-midiatica\/\"},\"author\":{\"name\":\"ritanery\",\"@id\":\"https:\/\/radiolifefm.com.br\/noticias\/#\/schema\/person\/6339b9fac59d12b071dec680d7375d87\"},\"headline\":\"PROV\u00cdNCIA, ELEI\u00c7\u00d5ES E P\u00d3S-GLOBALIZA\u00c7\u00c3O MIDI\u00c1TICA!\",\"datePublished\":\"2022-06-20T10:58:28+00:00\",\"dateModified\":\"2026-04-18T23:53:37+00:00\",\"mainEntityOfPage\":{\"@id\":\"https:\/\/radiolifefm.com.br\/noticias\/provincia-eleicoes-e-pos-globalizacao-midiatica\/\"},\"wordCount\":527,\"publisher\":{\"@id\":\"https:\/\/radiolifefm.com.br\/noticias\/#organization\"},\"image\":{\"@id\":\"https:\/\/radiolifefm.com.br\/noticias\/provincia-eleicoes-e-pos-globalizacao-midiatica\/#primaryimage\"},\"thumbnailUrl\":\"https:\/\/radiolifefm.com.br\/noticias\/wp-content\/uploads\/2022\/04\/WhatsApp-Image-2022-04-10-at-18.43.02.jpeg\",\"articleSection\":[\"Opini\u00e3o\"],\"inLanguage\":\"pt-BR\"},{\"@type\":\"WebPage\",\"@id\":\"https:\/\/radiolifefm.com.br\/noticias\/provincia-eleicoes-e-pos-globalizacao-midiatica\/\",\"url\":\"https:\/\/radiolifefm.com.br\/noticias\/provincia-eleicoes-e-pos-globalizacao-midiatica\/\",\"name\":\"PROV\u00cdNCIA, ELEI\u00c7\u00d5ES E P\u00d3S-GLOBALIZA\u00c7\u00c3O MIDI\u00c1TICA! - R\u00e1dio Life FM\",\"isPartOf\":{\"@id\":\"https:\/\/radiolifefm.com.br\/noticias\/#website\"},\"primaryImageOfPage\":{\"@id\":\"https:\/\/radiolifefm.com.br\/noticias\/provincia-eleicoes-e-pos-globalizacao-midiatica\/#primaryimage\"},\"image\":{\"@id\":\"https:\/\/radiolifefm.com.br\/noticias\/provincia-eleicoes-e-pos-globalizacao-midiatica\/#primaryimage\"},\"thumbnailUrl\":\"https:\/\/radiolifefm.com.br\/noticias\/wp-content\/uploads\/2022\/04\/WhatsApp-Image-2022-04-10-at-18.43.02.jpeg\",\"datePublished\":\"2022-06-20T10:58:28+00:00\",\"dateModified\":\"2026-04-18T23:53:37+00:00\",\"breadcrumb\":{\"@id\":\"https:\/\/radiolifefm.com.br\/noticias\/provincia-eleicoes-e-pos-globalizacao-midiatica\/#breadcrumb\"},\"inLanguage\":\"pt-BR\",\"potentialAction\":[{\"@type\":\"ReadAction\",\"target\":[\"https:\/\/radiolifefm.com.br\/noticias\/provincia-eleicoes-e-pos-globalizacao-midiatica\/\"]}]},{\"@type\":\"ImageObject\",\"inLanguage\":\"pt-BR\",\"@id\":\"https:\/\/radiolifefm.com.br\/noticias\/provincia-eleicoes-e-pos-globalizacao-midiatica\/#primaryimage\",\"url\":\"https:\/\/radiolifefm.com.br\/noticias\/wp-content\/uploads\/2022\/04\/WhatsApp-Image-2022-04-10-at-18.43.02.jpeg\",\"contentUrl\":\"https:\/\/radiolifefm.com.br\/noticias\/wp-content\/uploads\/2022\/04\/WhatsApp-Image-2022-04-10-at-18.43.02.jpeg\",\"width\":972,\"height\":1296,\"caption\":\"S\u00e9rgio Barbosa\"},{\"@type\":\"BreadcrumbList\",\"@id\":\"https:\/\/radiolifefm.com.br\/noticias\/provincia-eleicoes-e-pos-globalizacao-midiatica\/#breadcrumb\",\"itemListElement\":[{\"@type\":\"ListItem\",\"position\":1,\"name\":\"In\u00edcio\",\"item\":\"https:\/\/radiolifefm.com.br\/noticias\/\"},{\"@type\":\"ListItem\",\"position\":2,\"name\":\"PROV\u00cdNCIA, ELEI\u00c7\u00d5ES E P\u00d3S-GLOBALIZA\u00c7\u00c3O MIDI\u00c1TICA!\"}]},{\"@type\":\"WebSite\",\"@id\":\"https:\/\/radiolifefm.com.br\/noticias\/#website\",\"url\":\"https:\/\/radiolifefm.com.br\/noticias\/\",\"name\":\"R\u00e1dio Life FM\",\"description\":\"O Portal de Not\u00edcias de Adamantina\",\"publisher\":{\"@id\":\"https:\/\/radiolifefm.com.br\/noticias\/#organization\"},\"alternateName\":\"Life FM\",\"potentialAction\":[{\"@type\":\"SearchAction\",\"target\":{\"@type\":\"EntryPoint\",\"urlTemplate\":\"https:\/\/radiolifefm.com.br\/noticias\/?s={search_term_string}\"},\"query-input\":{\"@type\":\"PropertyValueSpecification\",\"valueRequired\":true,\"valueName\":\"search_term_string\"}}],\"inLanguage\":\"pt-BR\"},{\"@type\":\"Organization\",\"@id\":\"https:\/\/radiolifefm.com.br\/noticias\/#organization\",\"name\":\"R\u00e1dio Life FM\",\"alternateName\":\"Life FM\",\"url\":\"https:\/\/radiolifefm.com.br\/noticias\/\",\"logo\":{\"@type\":\"ImageObject\",\"inLanguage\":\"pt-BR\",\"@id\":\"https:\/\/radiolifefm.com.br\/noticias\/#\/schema\/logo\/image\/\",\"url\":\"https:\/\/static.radiolifefm.com.br\/noticias\/wp-content\/uploads\/2019\/10\/logo-lifefm.png\",\"contentUrl\":\"https:\/\/static.radiolifefm.com.br\/noticias\/wp-content\/uploads\/2019\/10\/logo-lifefm.png\",\"width\":196,\"height\":47,\"caption\":\"R\u00e1dio Life FM\"},\"image\":{\"@id\":\"https:\/\/radiolifefm.com.br\/noticias\/#\/schema\/logo\/image\/\"},\"sameAs\":[\"https:\/\/www.facebook.com\/radiolifefm\/\",\"https:\/\/www.instagram.com\/life1079fm\/\"]},{\"@type\":\"Person\",\"@id\":\"https:\/\/radiolifefm.com.br\/noticias\/#\/schema\/person\/6339b9fac59d12b071dec680d7375d87\",\"name\":\"ritanery\",\"image\":{\"@type\":\"ImageObject\",\"inLanguage\":\"pt-BR\",\"@id\":\"https:\/\/secure.gravatar.com\/avatar\/0e37bb19071f47c0b8a23f62a903df117c5a0e75f65a0c2901562f97cd41cf86?s=96&d=mm&r=g\",\"url\":\"https:\/\/secure.gravatar.com\/avatar\/0e37bb19071f47c0b8a23f62a903df117c5a0e75f65a0c2901562f97cd41cf86?s=96&d=mm&r=g\",\"contentUrl\":\"https:\/\/secure.gravatar.com\/avatar\/0e37bb19071f47c0b8a23f62a903df117c5a0e75f65a0c2901562f97cd41cf86?s=96&d=mm&r=g\",\"caption\":\"ritanery\"}}]}<\/script>\n<!-- \/ Yoast SEO plugin. -->","yoast_head_json":{"title":"PROV\u00cdNCIA, ELEI\u00c7\u00d5ES E P\u00d3S-GLOBALIZA\u00c7\u00c3O MIDI\u00c1TICA! - R\u00e1dio Life FM","robots":{"index":"index","follow":"follow","max-snippet":"max-snippet:-1","max-image-preview":"max-image-preview:large","max-video-preview":"max-video-preview:-1"},"canonical":"https:\/\/radiolifefm.com.br\/noticias\/provincia-eleicoes-e-pos-globalizacao-midiatica\/","og_locale":"pt_BR","og_type":"article","og_title":"PROV\u00cdNCIA, ELEI\u00c7\u00d5ES E P\u00d3S-GLOBALIZA\u00c7\u00c3O MIDI\u00c1TICA! - R\u00e1dio Life FM","og_description":"&nbsp; \u201cTeus olhos devem olhar \u00e0 frente, para que tua vista preceda os teus passos\u201d. (Salom\u00e3o) &nbsp; &nbsp; S\u00e9rgio Barbosa (*) &nbsp; &nbsp; Quando os desencontros acontecem em terras provincianas, pode-se usar e abusar de uma ou mais reflex\u00e3o cr\u00edtica sobre tais acontecimentos em n\u00edvel glocal, ou seja, do global para o local, assim, \u00e9 [&hellip;]","og_url":"https:\/\/radiolifefm.com.br\/noticias\/provincia-eleicoes-e-pos-globalizacao-midiatica\/","og_site_name":"R\u00e1dio Life FM","article_publisher":"https:\/\/www.facebook.com\/radiolifefm\/","article_published_time":"2022-06-20T10:58:28+00:00","article_modified_time":"2026-04-18T23:53:37+00:00","og_image":[{"width":972,"height":1296,"url":"https:\/\/radiolifefm.com.br\/noticias\/wp-content\/uploads\/2022\/04\/WhatsApp-Image-2022-04-10-at-18.43.02.jpeg","type":"image\/jpeg"}],"author":"ritanery","twitter_card":"summary_large_image","twitter_misc":{"Escrito por":"ritanery","Est. tempo de leitura":"3 minutos"},"schema":{"@context":"https:\/\/schema.org","@graph":[{"@type":"Article","@id":"https:\/\/radiolifefm.com.br\/noticias\/provincia-eleicoes-e-pos-globalizacao-midiatica\/#article","isPartOf":{"@id":"https:\/\/radiolifefm.com.br\/noticias\/provincia-eleicoes-e-pos-globalizacao-midiatica\/"},"author":{"name":"ritanery","@id":"https:\/\/radiolifefm.com.br\/noticias\/#\/schema\/person\/6339b9fac59d12b071dec680d7375d87"},"headline":"PROV\u00cdNCIA, ELEI\u00c7\u00d5ES E P\u00d3S-GLOBALIZA\u00c7\u00c3O MIDI\u00c1TICA!","datePublished":"2022-06-20T10:58:28+00:00","dateModified":"2026-04-18T23:53:37+00:00","mainEntityOfPage":{"@id":"https:\/\/radiolifefm.com.br\/noticias\/provincia-eleicoes-e-pos-globalizacao-midiatica\/"},"wordCount":527,"publisher":{"@id":"https:\/\/radiolifefm.com.br\/noticias\/#organization"},"image":{"@id":"https:\/\/radiolifefm.com.br\/noticias\/provincia-eleicoes-e-pos-globalizacao-midiatica\/#primaryimage"},"thumbnailUrl":"https:\/\/radiolifefm.com.br\/noticias\/wp-content\/uploads\/2022\/04\/WhatsApp-Image-2022-04-10-at-18.43.02.jpeg","articleSection":["Opini\u00e3o"],"inLanguage":"pt-BR"},{"@type":"WebPage","@id":"https:\/\/radiolifefm.com.br\/noticias\/provincia-eleicoes-e-pos-globalizacao-midiatica\/","url":"https:\/\/radiolifefm.com.br\/noticias\/provincia-eleicoes-e-pos-globalizacao-midiatica\/","name":"PROV\u00cdNCIA, ELEI\u00c7\u00d5ES E P\u00d3S-GLOBALIZA\u00c7\u00c3O MIDI\u00c1TICA! - R\u00e1dio Life FM","isPartOf":{"@id":"https:\/\/radiolifefm.com.br\/noticias\/#website"},"primaryImageOfPage":{"@id":"https:\/\/radiolifefm.com.br\/noticias\/provincia-eleicoes-e-pos-globalizacao-midiatica\/#primaryimage"},"image":{"@id":"https:\/\/radiolifefm.com.br\/noticias\/provincia-eleicoes-e-pos-globalizacao-midiatica\/#primaryimage"},"thumbnailUrl":"https:\/\/radiolifefm.com.br\/noticias\/wp-content\/uploads\/2022\/04\/WhatsApp-Image-2022-04-10-at-18.43.02.jpeg","datePublished":"2022-06-20T10:58:28+00:00","dateModified":"2026-04-18T23:53:37+00:00","breadcrumb":{"@id":"https:\/\/radiolifefm.com.br\/noticias\/provincia-eleicoes-e-pos-globalizacao-midiatica\/#breadcrumb"},"inLanguage":"pt-BR","potentialAction":[{"@type":"ReadAction","target":["https:\/\/radiolifefm.com.br\/noticias\/provincia-eleicoes-e-pos-globalizacao-midiatica\/"]}]},{"@type":"ImageObject","inLanguage":"pt-BR","@id":"https:\/\/radiolifefm.com.br\/noticias\/provincia-eleicoes-e-pos-globalizacao-midiatica\/#primaryimage","url":"https:\/\/radiolifefm.com.br\/noticias\/wp-content\/uploads\/2022\/04\/WhatsApp-Image-2022-04-10-at-18.43.02.jpeg","contentUrl":"https:\/\/radiolifefm.com.br\/noticias\/wp-content\/uploads\/2022\/04\/WhatsApp-Image-2022-04-10-at-18.43.02.jpeg","width":972,"height":1296,"caption":"S\u00e9rgio Barbosa"},{"@type":"BreadcrumbList","@id":"https:\/\/radiolifefm.com.br\/noticias\/provincia-eleicoes-e-pos-globalizacao-midiatica\/#breadcrumb","itemListElement":[{"@type":"ListItem","position":1,"name":"In\u00edcio","item":"https:\/\/radiolifefm.com.br\/noticias\/"},{"@type":"ListItem","position":2,"name":"PROV\u00cdNCIA, ELEI\u00c7\u00d5ES E P\u00d3S-GLOBALIZA\u00c7\u00c3O MIDI\u00c1TICA!"}]},{"@type":"WebSite","@id":"https:\/\/radiolifefm.com.br\/noticias\/#website","url":"https:\/\/radiolifefm.com.br\/noticias\/","name":"R\u00e1dio Life FM","description":"O Portal de Not\u00edcias de Adamantina","publisher":{"@id":"https:\/\/radiolifefm.com.br\/noticias\/#organization"},"alternateName":"Life FM","potentialAction":[{"@type":"SearchAction","target":{"@type":"EntryPoint","urlTemplate":"https:\/\/radiolifefm.com.br\/noticias\/?s={search_term_string}"},"query-input":{"@type":"PropertyValueSpecification","valueRequired":true,"valueName":"search_term_string"}}],"inLanguage":"pt-BR"},{"@type":"Organization","@id":"https:\/\/radiolifefm.com.br\/noticias\/#organization","name":"R\u00e1dio Life FM","alternateName":"Life FM","url":"https:\/\/radiolifefm.com.br\/noticias\/","logo":{"@type":"ImageObject","inLanguage":"pt-BR","@id":"https:\/\/radiolifefm.com.br\/noticias\/#\/schema\/logo\/image\/","url":"https:\/\/static.radiolifefm.com.br\/noticias\/wp-content\/uploads\/2019\/10\/logo-lifefm.png","contentUrl":"https:\/\/static.radiolifefm.com.br\/noticias\/wp-content\/uploads\/2019\/10\/logo-lifefm.png","width":196,"height":47,"caption":"R\u00e1dio Life FM"},"image":{"@id":"https:\/\/radiolifefm.com.br\/noticias\/#\/schema\/logo\/image\/"},"sameAs":["https:\/\/www.facebook.com\/radiolifefm\/","https:\/\/www.instagram.com\/life1079fm\/"]},{"@type":"Person","@id":"https:\/\/radiolifefm.com.br\/noticias\/#\/schema\/person\/6339b9fac59d12b071dec680d7375d87","name":"ritanery","image":{"@type":"ImageObject","inLanguage":"pt-BR","@id":"https:\/\/secure.gravatar.com\/avatar\/0e37bb19071f47c0b8a23f62a903df117c5a0e75f65a0c2901562f97cd41cf86?s=96&d=mm&r=g","url":"https:\/\/secure.gravatar.com\/avatar\/0e37bb19071f47c0b8a23f62a903df117c5a0e75f65a0c2901562f97cd41cf86?s=96&d=mm&r=g","contentUrl":"https:\/\/secure.gravatar.com\/avatar\/0e37bb19071f47c0b8a23f62a903df117c5a0e75f65a0c2901562f97cd41cf86?s=96&d=mm&r=g","caption":"ritanery"}}]}},"amp_enabled":true,"_links":{"self":[{"href":"https:\/\/radiolifefm.com.br\/noticias\/wp-json\/wp\/v2\/posts\/54909","targetHints":{"allow":["GET"]}}],"collection":[{"href":"https:\/\/radiolifefm.com.br\/noticias\/wp-json\/wp\/v2\/posts"}],"about":[{"href":"https:\/\/radiolifefm.com.br\/noticias\/wp-json\/wp\/v2\/types\/post"}],"author":[{"embeddable":true,"href":"https:\/\/radiolifefm.com.br\/noticias\/wp-json\/wp\/v2\/users\/13"}],"replies":[{"embeddable":true,"href":"https:\/\/radiolifefm.com.br\/noticias\/wp-json\/wp\/v2\/comments?post=54909"}],"version-history":[{"count":1,"href":"https:\/\/radiolifefm.com.br\/noticias\/wp-json\/wp\/v2\/posts\/54909\/revisions"}],"predecessor-version":[{"id":54910,"href":"https:\/\/radiolifefm.com.br\/noticias\/wp-json\/wp\/v2\/posts\/54909\/revisions\/54910"}],"wp:featuredmedia":[{"embeddable":true,"href":"https:\/\/radiolifefm.com.br\/noticias\/wp-json\/wp\/v2\/media\/51988"}],"wp:attachment":[{"href":"https:\/\/radiolifefm.com.br\/noticias\/wp-json\/wp\/v2\/media?parent=54909"}],"wp:term":[{"taxonomy":"category","embeddable":true,"href":"https:\/\/radiolifefm.com.br\/noticias\/wp-json\/wp\/v2\/categories?post=54909"},{"taxonomy":"post_tag","embeddable":true,"href":"https:\/\/radiolifefm.com.br\/noticias\/wp-json\/wp\/v2\/tags?post=54909"}],"curies":[{"name":"wp","href":"https:\/\/api.w.org\/{rel}","templated":true}]}}