{"id":54840,"date":"2022-06-17T09:40:17","date_gmt":"2022-06-17T12:40:17","guid":{"rendered":"https:\/\/radiolifefm.com.br\/noticias\/?p=54840"},"modified":"2025-11-09T01:13:20","modified_gmt":"2025-11-09T04:13:20","slug":"prefeitura-contrata-mao-de-obra-de-sentenciados-para-servicos-na-agricultura-obras-e-planejamento","status":"publish","type":"post","link":"https:\/\/radiolifefm.com.br\/noticias\/prefeitura-contrata-mao-de-obra-de-sentenciados-para-servicos-na-agricultura-obras-e-planejamento\/","title":{"rendered":"Prefeitura contrata m\u00e3o de obra de sentenciados para servi\u00e7os na Agricultura, Obras e Planejamento"},"content":{"rendered":"<div id=\"fb-root\"><\/div>\n<p>Por meio do Termo de Ratifica\u00e7\u00e3o com Dispensa de Licita\u00e7\u00e3o n\u00ba 11\/2022, a Prefeitura de Adamantina oficializou a contrata\u00e7\u00e3o de m\u00e3o de obra carcer\u00e1ria em regime de cumprimento de pena semiaberta junto \u00e0 Funap (Funda\u00e7\u00e3o Prof. Dr. Manoel Pedro Pimentel).<\/p>\n<p>De acordo com informa\u00e7\u00f5es obtidas pelo Jornal Folha Regional, a presta\u00e7\u00e3o de servi\u00e7o dos sentenciados da Penitenci\u00e1ria de Luc\u00e9lia ser\u00e1 direcionada \u00e0s Secretarias Municipais de Agricultura, de Obras e Planejamento.<\/p>\n<p>O valor total que a Prefeitura pagar\u00e1 est\u00e1 estimado em R$ 382.854,00, com custo mensal de R$ 31.904,50.<\/p>\n<p>O contrato firmado entre as partes tem vig\u00eancia de 12 meses, sendo assim o prazo vai de 3 de junho de 2022 a 2 de junho de 2023.<\/p>\n<p>&nbsp;<\/p>\n<p>Fonte: Adamantina Net<\/p>\n","protected":false},"excerpt":{"rendered":"<p>Por meio do Termo de Ratifica\u00e7\u00e3o com Dispensa de Licita\u00e7\u00e3o n\u00ba 11\/2022, a Prefeitura de Adamantina oficializou a contrata\u00e7\u00e3o de m\u00e3o de obra carcer\u00e1ria em regime de cumprimento de pena semiaberta junto \u00e0 Funap (Funda\u00e7\u00e3o Prof. Dr. Manoel Pedro Pimentel). De acordo com informa\u00e7\u00f5es obtidas pelo Jornal Folha Regional, a presta\u00e7\u00e3o de servi\u00e7o dos sentenciados [&hellip;]<\/p>\n","protected":false},"author":13,"featured_media":37049,"comment_status":"closed","ping_status":"open","sticky":false,"template":"","format":"standard","meta":{"_acf_changed":false,"_exactmetrics_skip_tracking":false,"_exactmetrics_sitenote_active":false,"_exactmetrics_sitenote_note":"","_exactmetrics_sitenote_category":0,"footnotes":""},"categories":[21],"tags":[],"class_list":["post-54840","post","type-post","status-publish","format-standard","has-post-thumbnail","hentry","category-adamantina"],"acf":[],"yoast_head":"<!-- This site is optimized with the Yoast SEO plugin v27.2 - https:\/\/yoast.com\/product\/yoast-seo-wordpress\/ -->\n<title>Prefeitura contrata m\u00e3o de obra de sentenciados para servi\u00e7os na Agricultura, Obras e Planejamento - R\u00e1dio Life FM<\/title>\n<meta name=\"robots\" content=\"index, follow, max-snippet:-1, max-image-preview:large, max-video-preview:-1\" \/>\n<link rel=\"canonical\" href=\"https:\/\/radiolifefm.com.br\/noticias\/prefeitura-contrata-mao-de-obra-de-sentenciados-para-servicos-na-agricultura-obras-e-planejamento\/\" \/>\n<meta property=\"og:locale\" content=\"pt_BR\" \/>\n<meta property=\"og:type\" content=\"article\" \/>\n<meta property=\"og:title\" content=\"Prefeitura contrata m\u00e3o de obra de sentenciados para servi\u00e7os na Agricultura, Obras e Planejamento - R\u00e1dio Life FM\" \/>\n<meta property=\"og:description\" content=\"Por meio do Termo de Ratifica\u00e7\u00e3o com Dispensa de Licita\u00e7\u00e3o n\u00ba 11\/2022, a Prefeitura de Adamantina oficializou a contrata\u00e7\u00e3o de m\u00e3o de obra carcer\u00e1ria em regime de cumprimento de pena semiaberta junto \u00e0 Funap (Funda\u00e7\u00e3o Prof. Dr. Manoel Pedro Pimentel). De acordo com informa\u00e7\u00f5es obtidas pelo Jornal Folha Regional, a presta\u00e7\u00e3o de servi\u00e7o dos sentenciados [&hellip;]\" \/>\n<meta property=\"og:url\" content=\"https:\/\/radiolifefm.com.br\/noticias\/prefeitura-contrata-mao-de-obra-de-sentenciados-para-servicos-na-agricultura-obras-e-planejamento\/\" \/>\n<meta property=\"og:site_name\" content=\"R\u00e1dio Life FM\" \/>\n<meta property=\"article:publisher\" content=\"https:\/\/www.facebook.com\/radiolifefm\/\" \/>\n<meta property=\"article:published_time\" content=\"2022-06-17T12:40:17+00:00\" \/>\n<meta property=\"article:modified_time\" content=\"2025-11-09T04:13:20+00:00\" \/>\n<meta property=\"og:image\" content=\"https:\/\/static.radiolifefm.com.br\/noticias\/wp-content\/uploads\/2021\/03\/pna-lupapng161694042360608d8786c6b.jpg\" \/>\n\t<meta property=\"og:image:width\" content=\"540\" \/>\n\t<meta property=\"og:image:height\" content=\"300\" \/>\n\t<meta property=\"og:image:type\" content=\"image\/jpeg\" \/>\n<meta name=\"author\" content=\"ritanery\" \/>\n<meta name=\"twitter:card\" content=\"summary_large_image\" \/>\n<meta name=\"twitter:label1\" content=\"Escrito por\" \/>\n\t<meta name=\"twitter:data1\" content=\"ritanery\" \/>\n\t<meta name=\"twitter:label2\" content=\"Est. tempo de leitura\" \/>\n\t<meta name=\"twitter:data2\" content=\"1 minuto\" \/>\n<script type=\"application\/ld+json\" class=\"yoast-schema-graph\">{\"@context\":\"https:\/\/schema.org\",\"@graph\":[{\"@type\":\"Article\",\"@id\":\"https:\/\/radiolifefm.com.br\/noticias\/prefeitura-contrata-mao-de-obra-de-sentenciados-para-servicos-na-agricultura-obras-e-planejamento\/#article\",\"isPartOf\":{\"@id\":\"https:\/\/radiolifefm.com.br\/noticias\/prefeitura-contrata-mao-de-obra-de-sentenciados-para-servicos-na-agricultura-obras-e-planejamento\/\"},\"author\":{\"name\":\"ritanery\",\"@id\":\"https:\/\/radiolifefm.com.br\/noticias\/#\/schema\/person\/6339b9fac59d12b071dec680d7375d87\"},\"headline\":\"Prefeitura contrata m\u00e3o de obra de sentenciados para servi\u00e7os na Agricultura, Obras e Planejamento\",\"datePublished\":\"2022-06-17T12:40:17+00:00\",\"dateModified\":\"2025-11-09T04:13:20+00:00\",\"mainEntityOfPage\":{\"@id\":\"https:\/\/radiolifefm.com.br\/noticias\/prefeitura-contrata-mao-de-obra-de-sentenciados-para-servicos-na-agricultura-obras-e-planejamento\/\"},\"wordCount\":139,\"publisher\":{\"@id\":\"https:\/\/radiolifefm.com.br\/noticias\/#organization\"},\"image\":{\"@id\":\"https:\/\/radiolifefm.com.br\/noticias\/prefeitura-contrata-mao-de-obra-de-sentenciados-para-servicos-na-agricultura-obras-e-planejamento\/#primaryimage\"},\"thumbnailUrl\":\"https:\/\/radiolifefm.com.br\/noticias\/wp-content\/uploads\/2021\/03\/pna-lupapng161694042360608d8786c6b.jpg\",\"articleSection\":[\"Adamantina\"],\"inLanguage\":\"pt-BR\"},{\"@type\":\"WebPage\",\"@id\":\"https:\/\/radiolifefm.com.br\/noticias\/prefeitura-contrata-mao-de-obra-de-sentenciados-para-servicos-na-agricultura-obras-e-planejamento\/\",\"url\":\"https:\/\/radiolifefm.com.br\/noticias\/prefeitura-contrata-mao-de-obra-de-sentenciados-para-servicos-na-agricultura-obras-e-planejamento\/\",\"name\":\"Prefeitura contrata m\u00e3o de obra de sentenciados para servi\u00e7os na Agricultura, Obras e Planejamento - R\u00e1dio Life FM\",\"isPartOf\":{\"@id\":\"https:\/\/radiolifefm.com.br\/noticias\/#website\"},\"primaryImageOfPage\":{\"@id\":\"https:\/\/radiolifefm.com.br\/noticias\/prefeitura-contrata-mao-de-obra-de-sentenciados-para-servicos-na-agricultura-obras-e-planejamento\/#primaryimage\"},\"image\":{\"@id\":\"https:\/\/radiolifefm.com.br\/noticias\/prefeitura-contrata-mao-de-obra-de-sentenciados-para-servicos-na-agricultura-obras-e-planejamento\/#primaryimage\"},\"thumbnailUrl\":\"https:\/\/radiolifefm.com.br\/noticias\/wp-content\/uploads\/2021\/03\/pna-lupapng161694042360608d8786c6b.jpg\",\"datePublished\":\"2022-06-17T12:40:17+00:00\",\"dateModified\":\"2025-11-09T04:13:20+00:00\",\"breadcrumb\":{\"@id\":\"https:\/\/radiolifefm.com.br\/noticias\/prefeitura-contrata-mao-de-obra-de-sentenciados-para-servicos-na-agricultura-obras-e-planejamento\/#breadcrumb\"},\"inLanguage\":\"pt-BR\",\"potentialAction\":[{\"@type\":\"ReadAction\",\"target\":[\"https:\/\/radiolifefm.com.br\/noticias\/prefeitura-contrata-mao-de-obra-de-sentenciados-para-servicos-na-agricultura-obras-e-planejamento\/\"]}]},{\"@type\":\"ImageObject\",\"inLanguage\":\"pt-BR\",\"@id\":\"https:\/\/radiolifefm.com.br\/noticias\/prefeitura-contrata-mao-de-obra-de-sentenciados-para-servicos-na-agricultura-obras-e-planejamento\/#primaryimage\",\"url\":\"https:\/\/radiolifefm.com.br\/noticias\/wp-content\/uploads\/2021\/03\/pna-lupapng161694042360608d8786c6b.jpg\",\"contentUrl\":\"https:\/\/radiolifefm.com.br\/noticias\/wp-content\/uploads\/2021\/03\/pna-lupapng161694042360608d8786c6b.jpg\",\"width\":540,\"height\":300,\"caption\":\"Coleta de lixo funcionar\u00e1 normalmente na segunda-feira (20) e na ter\u00e7a-feira (21)\"},{\"@type\":\"BreadcrumbList\",\"@id\":\"https:\/\/radiolifefm.com.br\/noticias\/prefeitura-contrata-mao-de-obra-de-sentenciados-para-servicos-na-agricultura-obras-e-planejamento\/#breadcrumb\",\"itemListElement\":[{\"@type\":\"ListItem\",\"position\":1,\"name\":\"In\u00edcio\",\"item\":\"https:\/\/radiolifefm.com.br\/noticias\/\"},{\"@type\":\"ListItem\",\"position\":2,\"name\":\"Prefeitura contrata m\u00e3o de obra de sentenciados para servi\u00e7os na Agricultura, Obras e Planejamento\"}]},{\"@type\":\"WebSite\",\"@id\":\"https:\/\/radiolifefm.com.br\/noticias\/#website\",\"url\":\"https:\/\/radiolifefm.com.br\/noticias\/\",\"name\":\"R\u00e1dio Life FM\",\"description\":\"O Portal de Not\u00edcias de Adamantina\",\"publisher\":{\"@id\":\"https:\/\/radiolifefm.com.br\/noticias\/#organization\"},\"alternateName\":\"Life FM\",\"potentialAction\":[{\"@type\":\"SearchAction\",\"target\":{\"@type\":\"EntryPoint\",\"urlTemplate\":\"https:\/\/radiolifefm.com.br\/noticias\/?s={search_term_string}\"},\"query-input\":{\"@type\":\"PropertyValueSpecification\",\"valueRequired\":true,\"valueName\":\"search_term_string\"}}],\"inLanguage\":\"pt-BR\"},{\"@type\":\"Organization\",\"@id\":\"https:\/\/radiolifefm.com.br\/noticias\/#organization\",\"name\":\"R\u00e1dio Life FM\",\"alternateName\":\"Life FM\",\"url\":\"https:\/\/radiolifefm.com.br\/noticias\/\",\"logo\":{\"@type\":\"ImageObject\",\"inLanguage\":\"pt-BR\",\"@id\":\"https:\/\/radiolifefm.com.br\/noticias\/#\/schema\/logo\/image\/\",\"url\":\"https:\/\/static.radiolifefm.com.br\/noticias\/wp-content\/uploads\/2019\/10\/logo-lifefm.png\",\"contentUrl\":\"https:\/\/static.radiolifefm.com.br\/noticias\/wp-content\/uploads\/2019\/10\/logo-lifefm.png\",\"width\":196,\"height\":47,\"caption\":\"R\u00e1dio Life FM\"},\"image\":{\"@id\":\"https:\/\/radiolifefm.com.br\/noticias\/#\/schema\/logo\/image\/\"},\"sameAs\":[\"https:\/\/www.facebook.com\/radiolifefm\/\",\"https:\/\/www.instagram.com\/life1079fm\/\"]},{\"@type\":\"Person\",\"@id\":\"https:\/\/radiolifefm.com.br\/noticias\/#\/schema\/person\/6339b9fac59d12b071dec680d7375d87\",\"name\":\"ritanery\",\"image\":{\"@type\":\"ImageObject\",\"inLanguage\":\"pt-BR\",\"@id\":\"https:\/\/secure.gravatar.com\/avatar\/0e37bb19071f47c0b8a23f62a903df117c5a0e75f65a0c2901562f97cd41cf86?s=96&d=mm&r=g\",\"url\":\"https:\/\/secure.gravatar.com\/avatar\/0e37bb19071f47c0b8a23f62a903df117c5a0e75f65a0c2901562f97cd41cf86?s=96&d=mm&r=g\",\"contentUrl\":\"https:\/\/secure.gravatar.com\/avatar\/0e37bb19071f47c0b8a23f62a903df117c5a0e75f65a0c2901562f97cd41cf86?s=96&d=mm&r=g\",\"caption\":\"ritanery\"}}]}<\/script>\n<!-- \/ Yoast SEO plugin. -->","yoast_head_json":{"title":"Prefeitura contrata m\u00e3o de obra de sentenciados para servi\u00e7os na Agricultura, Obras e Planejamento - R\u00e1dio Life FM","robots":{"index":"index","follow":"follow","max-snippet":"max-snippet:-1","max-image-preview":"max-image-preview:large","max-video-preview":"max-video-preview:-1"},"canonical":"https:\/\/radiolifefm.com.br\/noticias\/prefeitura-contrata-mao-de-obra-de-sentenciados-para-servicos-na-agricultura-obras-e-planejamento\/","og_locale":"pt_BR","og_type":"article","og_title":"Prefeitura contrata m\u00e3o de obra de sentenciados para servi\u00e7os na Agricultura, Obras e Planejamento - R\u00e1dio Life FM","og_description":"Por meio do Termo de Ratifica\u00e7\u00e3o com Dispensa de Licita\u00e7\u00e3o n\u00ba 11\/2022, a Prefeitura de Adamantina oficializou a contrata\u00e7\u00e3o de m\u00e3o de obra carcer\u00e1ria em regime de cumprimento de pena semiaberta junto \u00e0 Funap (Funda\u00e7\u00e3o Prof. Dr. Manoel Pedro Pimentel). De acordo com informa\u00e7\u00f5es obtidas pelo Jornal Folha Regional, a presta\u00e7\u00e3o de servi\u00e7o dos sentenciados [&hellip;]","og_url":"https:\/\/radiolifefm.com.br\/noticias\/prefeitura-contrata-mao-de-obra-de-sentenciados-para-servicos-na-agricultura-obras-e-planejamento\/","og_site_name":"R\u00e1dio Life FM","article_publisher":"https:\/\/www.facebook.com\/radiolifefm\/","article_published_time":"2022-06-17T12:40:17+00:00","article_modified_time":"2025-11-09T04:13:20+00:00","og_image":[{"width":540,"height":300,"url":"https:\/\/static.radiolifefm.com.br\/noticias\/wp-content\/uploads\/2021\/03\/pna-lupapng161694042360608d8786c6b.jpg","type":"image\/jpeg"}],"author":"ritanery","twitter_card":"summary_large_image","twitter_misc":{"Escrito por":"ritanery","Est. tempo de leitura":"1 minuto"},"schema":{"@context":"https:\/\/schema.org","@graph":[{"@type":"Article","@id":"https:\/\/radiolifefm.com.br\/noticias\/prefeitura-contrata-mao-de-obra-de-sentenciados-para-servicos-na-agricultura-obras-e-planejamento\/#article","isPartOf":{"@id":"https:\/\/radiolifefm.com.br\/noticias\/prefeitura-contrata-mao-de-obra-de-sentenciados-para-servicos-na-agricultura-obras-e-planejamento\/"},"author":{"name":"ritanery","@id":"https:\/\/radiolifefm.com.br\/noticias\/#\/schema\/person\/6339b9fac59d12b071dec680d7375d87"},"headline":"Prefeitura contrata m\u00e3o de obra de sentenciados para servi\u00e7os na Agricultura, Obras e Planejamento","datePublished":"2022-06-17T12:40:17+00:00","dateModified":"2025-11-09T04:13:20+00:00","mainEntityOfPage":{"@id":"https:\/\/radiolifefm.com.br\/noticias\/prefeitura-contrata-mao-de-obra-de-sentenciados-para-servicos-na-agricultura-obras-e-planejamento\/"},"wordCount":139,"publisher":{"@id":"https:\/\/radiolifefm.com.br\/noticias\/#organization"},"image":{"@id":"https:\/\/radiolifefm.com.br\/noticias\/prefeitura-contrata-mao-de-obra-de-sentenciados-para-servicos-na-agricultura-obras-e-planejamento\/#primaryimage"},"thumbnailUrl":"https:\/\/radiolifefm.com.br\/noticias\/wp-content\/uploads\/2021\/03\/pna-lupapng161694042360608d8786c6b.jpg","articleSection":["Adamantina"],"inLanguage":"pt-BR"},{"@type":"WebPage","@id":"https:\/\/radiolifefm.com.br\/noticias\/prefeitura-contrata-mao-de-obra-de-sentenciados-para-servicos-na-agricultura-obras-e-planejamento\/","url":"https:\/\/radiolifefm.com.br\/noticias\/prefeitura-contrata-mao-de-obra-de-sentenciados-para-servicos-na-agricultura-obras-e-planejamento\/","name":"Prefeitura contrata m\u00e3o de obra de sentenciados para servi\u00e7os na Agricultura, Obras e Planejamento - R\u00e1dio Life FM","isPartOf":{"@id":"https:\/\/radiolifefm.com.br\/noticias\/#website"},"primaryImageOfPage":{"@id":"https:\/\/radiolifefm.com.br\/noticias\/prefeitura-contrata-mao-de-obra-de-sentenciados-para-servicos-na-agricultura-obras-e-planejamento\/#primaryimage"},"image":{"@id":"https:\/\/radiolifefm.com.br\/noticias\/prefeitura-contrata-mao-de-obra-de-sentenciados-para-servicos-na-agricultura-obras-e-planejamento\/#primaryimage"},"thumbnailUrl":"https:\/\/radiolifefm.com.br\/noticias\/wp-content\/uploads\/2021\/03\/pna-lupapng161694042360608d8786c6b.jpg","datePublished":"2022-06-17T12:40:17+00:00","dateModified":"2025-11-09T04:13:20+00:00","breadcrumb":{"@id":"https:\/\/radiolifefm.com.br\/noticias\/prefeitura-contrata-mao-de-obra-de-sentenciados-para-servicos-na-agricultura-obras-e-planejamento\/#breadcrumb"},"inLanguage":"pt-BR","potentialAction":[{"@type":"ReadAction","target":["https:\/\/radiolifefm.com.br\/noticias\/prefeitura-contrata-mao-de-obra-de-sentenciados-para-servicos-na-agricultura-obras-e-planejamento\/"]}]},{"@type":"ImageObject","inLanguage":"pt-BR","@id":"https:\/\/radiolifefm.com.br\/noticias\/prefeitura-contrata-mao-de-obra-de-sentenciados-para-servicos-na-agricultura-obras-e-planejamento\/#primaryimage","url":"https:\/\/radiolifefm.com.br\/noticias\/wp-content\/uploads\/2021\/03\/pna-lupapng161694042360608d8786c6b.jpg","contentUrl":"https:\/\/radiolifefm.com.br\/noticias\/wp-content\/uploads\/2021\/03\/pna-lupapng161694042360608d8786c6b.jpg","width":540,"height":300,"caption":"Coleta de lixo funcionar\u00e1 normalmente na segunda-feira (20) e na ter\u00e7a-feira (21)"},{"@type":"BreadcrumbList","@id":"https:\/\/radiolifefm.com.br\/noticias\/prefeitura-contrata-mao-de-obra-de-sentenciados-para-servicos-na-agricultura-obras-e-planejamento\/#breadcrumb","itemListElement":[{"@type":"ListItem","position":1,"name":"In\u00edcio","item":"https:\/\/radiolifefm.com.br\/noticias\/"},{"@type":"ListItem","position":2,"name":"Prefeitura contrata m\u00e3o de obra de sentenciados para servi\u00e7os na Agricultura, Obras e Planejamento"}]},{"@type":"WebSite","@id":"https:\/\/radiolifefm.com.br\/noticias\/#website","url":"https:\/\/radiolifefm.com.br\/noticias\/","name":"R\u00e1dio Life FM","description":"O Portal de Not\u00edcias de Adamantina","publisher":{"@id":"https:\/\/radiolifefm.com.br\/noticias\/#organization"},"alternateName":"Life FM","potentialAction":[{"@type":"SearchAction","target":{"@type":"EntryPoint","urlTemplate":"https:\/\/radiolifefm.com.br\/noticias\/?s={search_term_string}"},"query-input":{"@type":"PropertyValueSpecification","valueRequired":true,"valueName":"search_term_string"}}],"inLanguage":"pt-BR"},{"@type":"Organization","@id":"https:\/\/radiolifefm.com.br\/noticias\/#organization","name":"R\u00e1dio Life FM","alternateName":"Life FM","url":"https:\/\/radiolifefm.com.br\/noticias\/","logo":{"@type":"ImageObject","inLanguage":"pt-BR","@id":"https:\/\/radiolifefm.com.br\/noticias\/#\/schema\/logo\/image\/","url":"https:\/\/static.radiolifefm.com.br\/noticias\/wp-content\/uploads\/2019\/10\/logo-lifefm.png","contentUrl":"https:\/\/static.radiolifefm.com.br\/noticias\/wp-content\/uploads\/2019\/10\/logo-lifefm.png","width":196,"height":47,"caption":"R\u00e1dio Life FM"},"image":{"@id":"https:\/\/radiolifefm.com.br\/noticias\/#\/schema\/logo\/image\/"},"sameAs":["https:\/\/www.facebook.com\/radiolifefm\/","https:\/\/www.instagram.com\/life1079fm\/"]},{"@type":"Person","@id":"https:\/\/radiolifefm.com.br\/noticias\/#\/schema\/person\/6339b9fac59d12b071dec680d7375d87","name":"ritanery","image":{"@type":"ImageObject","inLanguage":"pt-BR","@id":"https:\/\/secure.gravatar.com\/avatar\/0e37bb19071f47c0b8a23f62a903df117c5a0e75f65a0c2901562f97cd41cf86?s=96&d=mm&r=g","url":"https:\/\/secure.gravatar.com\/avatar\/0e37bb19071f47c0b8a23f62a903df117c5a0e75f65a0c2901562f97cd41cf86?s=96&d=mm&r=g","contentUrl":"https:\/\/secure.gravatar.com\/avatar\/0e37bb19071f47c0b8a23f62a903df117c5a0e75f65a0c2901562f97cd41cf86?s=96&d=mm&r=g","caption":"ritanery"}}]}},"amp_enabled":true,"_links":{"self":[{"href":"https:\/\/radiolifefm.com.br\/noticias\/wp-json\/wp\/v2\/posts\/54840","targetHints":{"allow":["GET"]}}],"collection":[{"href":"https:\/\/radiolifefm.com.br\/noticias\/wp-json\/wp\/v2\/posts"}],"about":[{"href":"https:\/\/radiolifefm.com.br\/noticias\/wp-json\/wp\/v2\/types\/post"}],"author":[{"embeddable":true,"href":"https:\/\/radiolifefm.com.br\/noticias\/wp-json\/wp\/v2\/users\/13"}],"replies":[{"embeddable":true,"href":"https:\/\/radiolifefm.com.br\/noticias\/wp-json\/wp\/v2\/comments?post=54840"}],"version-history":[{"count":2,"href":"https:\/\/radiolifefm.com.br\/noticias\/wp-json\/wp\/v2\/posts\/54840\/revisions"}],"predecessor-version":[{"id":54842,"href":"https:\/\/radiolifefm.com.br\/noticias\/wp-json\/wp\/v2\/posts\/54840\/revisions\/54842"}],"wp:featuredmedia":[{"embeddable":true,"href":"https:\/\/radiolifefm.com.br\/noticias\/wp-json\/wp\/v2\/media\/37049"}],"wp:attachment":[{"href":"https:\/\/radiolifefm.com.br\/noticias\/wp-json\/wp\/v2\/media?parent=54840"}],"wp:term":[{"taxonomy":"category","embeddable":true,"href":"https:\/\/radiolifefm.com.br\/noticias\/wp-json\/wp\/v2\/categories?post=54840"},{"taxonomy":"post_tag","embeddable":true,"href":"https:\/\/radiolifefm.com.br\/noticias\/wp-json\/wp\/v2\/tags?post=54840"}],"curies":[{"name":"wp","href":"https:\/\/api.w.org\/{rel}","templated":true}]}}