{"id":54752,"date":"2022-06-14T21:38:06","date_gmt":"2022-06-15T00:38:06","guid":{"rendered":"https:\/\/radiolifefm.com.br\/noticias\/?p=54752"},"modified":"2026-04-10T13:16:39","modified_gmt":"2026-04-10T16:16:39","slug":"secretaria-de-assistencia-social-equipamentos-e-cmi-promovem-campanha-de-conscientizacao-contra-violencia-a-pessoa-idosa","status":"publish","type":"post","link":"https:\/\/radiolifefm.com.br\/noticias\/secretaria-de-assistencia-social-equipamentos-e-cmi-promovem-campanha-de-conscientizacao-contra-violencia-a-pessoa-idosa\/","title":{"rendered":"Secretaria de Assist\u00eancia Social, equipamentos e CMI promovem Campanha de Conscientiza\u00e7\u00e3o Contra Viol\u00eancia \u00e0 Pessoa Idosa"},"content":{"rendered":"<div id=\"fb-root\"><\/div>\n<p style=\"font-weight: 400\">15 de junho foi institu\u00eddo pela Organiza\u00e7\u00e3o das Na\u00e7\u00f5es Unidas (ONU) e pela Rede Internacional de Preven\u00e7\u00e3o \u00e0 Viol\u00eancia \u00e0 Pessoa Idosa a data como Dia Mundial de Conscientiza\u00e7\u00e3o da Viol\u00eancia Contra a Pessoa Idosa e a cor escolhida para retratar a a\u00e7\u00e3o \u00e9 o roxo.<\/p>\n<p style=\"font-weight: 400\">Devido a isso, a Secretaria de Assist\u00eancia Social de Adamantina, CRAS, CREAS, Secretaria Municipal de Sa\u00fade e Conselho Municipal da Pessoa Idosa (CMI) se mobilizam para desenvolver a\u00e7\u00f5es alusivas \u00e0 data.<\/p>\n<p style=\"font-weight: 400\">Todos os equipamentos j\u00e1 receberam faixas para conscientiza\u00e7\u00e3o a respeito da tem\u00e1tica. Al\u00e9m disso, a presidente do CMI, Ilza Cilene Constantino Motta conceder\u00e1 entrevista sobre as a\u00e7\u00f5es que o conselho vem desenvolvendo bem como a import\u00e2ncia de combater a viol\u00eancia, algo que aumentou devido \u00e0 pandemia.<\/p>\n<p style=\"font-weight: 400\">A mobiliza\u00e7\u00e3o ainda acontece na data, por meio de uma palestra com a tem\u00e1tica \u201cViol\u00eancia contra o idoso no contexto da pandemia\u201d. A apresenta\u00e7\u00e3o ser\u00e1 ministrada pela profissional Patr\u00edcia Esteves.<\/p>\n<p style=\"font-weight: 400\">A a\u00e7\u00e3o ser\u00e1 destinada aos idosos atendidos pelos equipamentos que pertencem a Secretaria de Assist\u00eancia Social bem como todos os que pertencem a rede socioassistencial, aos familiares e as equipes que atuam com o p\u00fablico-alvo.<\/p>\n<p style=\"font-weight: 400\">\u201cFalar sobre esse tema \u00e9 de fundamental import\u00e2ncia, porque al\u00e9m de conscientizar os idosos sobre o tipo de viol\u00eancia, precisamos ensin\u00e1-los a como se defender, pois infelizmente todos est\u00e3o sujeitos\u201c, afirma a presidente do CMI, Ilze.<\/p>\n<p>&nbsp;<\/p>\n<p>Fonte: Assessoria de Imprensa<\/p>\n","protected":false},"excerpt":{"rendered":"<p>15 de junho foi institu\u00eddo pela Organiza\u00e7\u00e3o das Na\u00e7\u00f5es Unidas (ONU) e pela Rede Internacional de Preven\u00e7\u00e3o \u00e0 Viol\u00eancia \u00e0 Pessoa Idosa a data como Dia Mundial de Conscientiza\u00e7\u00e3o da Viol\u00eancia Contra a Pessoa Idosa e a cor escolhida para retratar a a\u00e7\u00e3o \u00e9 o roxo. Devido a isso, a Secretaria de Assist\u00eancia Social de [&hellip;]<\/p>\n","protected":false},"author":13,"featured_media":54753,"comment_status":"closed","ping_status":"open","sticky":false,"template":"","format":"standard","meta":{"_acf_changed":false,"_exactmetrics_skip_tracking":false,"_exactmetrics_sitenote_active":false,"_exactmetrics_sitenote_note":"","_exactmetrics_sitenote_category":0,"footnotes":""},"categories":[21],"tags":[],"class_list":["post-54752","post","type-post","status-publish","format-standard","has-post-thumbnail","hentry","category-adamantina"],"acf":[],"yoast_head":"<!-- This site is optimized with the Yoast SEO plugin v27.2 - https:\/\/yoast.com\/product\/yoast-seo-wordpress\/ -->\n<title>Secretaria de Assist\u00eancia Social, equipamentos e CMI promovem Campanha de Conscientiza\u00e7\u00e3o Contra Viol\u00eancia \u00e0 Pessoa Idosa - R\u00e1dio Life FM<\/title>\n<meta name=\"robots\" content=\"index, follow, max-snippet:-1, max-image-preview:large, max-video-preview:-1\" \/>\n<link rel=\"canonical\" href=\"https:\/\/radiolifefm.com.br\/noticias\/secretaria-de-assistencia-social-equipamentos-e-cmi-promovem-campanha-de-conscientizacao-contra-violencia-a-pessoa-idosa\/\" \/>\n<meta property=\"og:locale\" content=\"pt_BR\" \/>\n<meta property=\"og:type\" content=\"article\" \/>\n<meta property=\"og:title\" content=\"Secretaria de Assist\u00eancia Social, equipamentos e CMI promovem Campanha de Conscientiza\u00e7\u00e3o Contra Viol\u00eancia \u00e0 Pessoa Idosa - R\u00e1dio Life FM\" \/>\n<meta property=\"og:description\" content=\"15 de junho foi institu\u00eddo pela Organiza\u00e7\u00e3o das Na\u00e7\u00f5es Unidas (ONU) e pela Rede Internacional de Preven\u00e7\u00e3o \u00e0 Viol\u00eancia \u00e0 Pessoa Idosa a data como Dia Mundial de Conscientiza\u00e7\u00e3o da Viol\u00eancia Contra a Pessoa Idosa e a cor escolhida para retratar a a\u00e7\u00e3o \u00e9 o roxo. Devido a isso, a Secretaria de Assist\u00eancia Social de [&hellip;]\" \/>\n<meta property=\"og:url\" content=\"https:\/\/radiolifefm.com.br\/noticias\/secretaria-de-assistencia-social-equipamentos-e-cmi-promovem-campanha-de-conscientizacao-contra-violencia-a-pessoa-idosa\/\" \/>\n<meta property=\"og:site_name\" content=\"R\u00e1dio Life FM\" \/>\n<meta property=\"article:publisher\" content=\"https:\/\/www.facebook.com\/radiolifefm\/\" \/>\n<meta property=\"article:published_time\" content=\"2022-06-15T00:38:06+00:00\" \/>\n<meta property=\"article:modified_time\" content=\"2026-04-10T16:16:39+00:00\" \/>\n<meta property=\"og:image\" content=\"https:\/\/radiolifefm.com.br\/noticias\/wp-content\/uploads\/2022\/06\/foto-1.jpeg\" \/>\n\t<meta property=\"og:image:width\" content=\"1600\" \/>\n\t<meta property=\"og:image:height\" content=\"1200\" \/>\n\t<meta property=\"og:image:type\" content=\"image\/jpeg\" \/>\n<meta name=\"author\" content=\"ritanery\" \/>\n<meta name=\"twitter:card\" content=\"summary_large_image\" \/>\n<meta name=\"twitter:label1\" content=\"Escrito por\" \/>\n\t<meta name=\"twitter:data1\" content=\"ritanery\" \/>\n\t<meta name=\"twitter:label2\" content=\"Est. tempo de leitura\" \/>\n\t<meta name=\"twitter:data2\" content=\"2 minutos\" \/>\n<script type=\"application\/ld+json\" class=\"yoast-schema-graph\">{\"@context\":\"https:\/\/schema.org\",\"@graph\":[{\"@type\":\"Article\",\"@id\":\"https:\/\/radiolifefm.com.br\/noticias\/secretaria-de-assistencia-social-equipamentos-e-cmi-promovem-campanha-de-conscientizacao-contra-violencia-a-pessoa-idosa\/#article\",\"isPartOf\":{\"@id\":\"https:\/\/radiolifefm.com.br\/noticias\/secretaria-de-assistencia-social-equipamentos-e-cmi-promovem-campanha-de-conscientizacao-contra-violencia-a-pessoa-idosa\/\"},\"author\":{\"name\":\"ritanery\",\"@id\":\"https:\/\/radiolifefm.com.br\/noticias\/#\/schema\/person\/6339b9fac59d12b071dec680d7375d87\"},\"headline\":\"Secretaria de Assist\u00eancia Social, equipamentos e CMI promovem Campanha de Conscientiza\u00e7\u00e3o Contra Viol\u00eancia \u00e0 Pessoa Idosa\",\"datePublished\":\"2022-06-15T00:38:06+00:00\",\"dateModified\":\"2026-04-10T16:16:39+00:00\",\"mainEntityOfPage\":{\"@id\":\"https:\/\/radiolifefm.com.br\/noticias\/secretaria-de-assistencia-social-equipamentos-e-cmi-promovem-campanha-de-conscientizacao-contra-violencia-a-pessoa-idosa\/\"},\"wordCount\":270,\"publisher\":{\"@id\":\"https:\/\/radiolifefm.com.br\/noticias\/#organization\"},\"image\":{\"@id\":\"https:\/\/radiolifefm.com.br\/noticias\/secretaria-de-assistencia-social-equipamentos-e-cmi-promovem-campanha-de-conscientizacao-contra-violencia-a-pessoa-idosa\/#primaryimage\"},\"thumbnailUrl\":\"https:\/\/radiolifefm.com.br\/noticias\/wp-content\/uploads\/2022\/06\/foto-1.jpeg\",\"articleSection\":[\"Adamantina\"],\"inLanguage\":\"pt-BR\"},{\"@type\":\"WebPage\",\"@id\":\"https:\/\/radiolifefm.com.br\/noticias\/secretaria-de-assistencia-social-equipamentos-e-cmi-promovem-campanha-de-conscientizacao-contra-violencia-a-pessoa-idosa\/\",\"url\":\"https:\/\/radiolifefm.com.br\/noticias\/secretaria-de-assistencia-social-equipamentos-e-cmi-promovem-campanha-de-conscientizacao-contra-violencia-a-pessoa-idosa\/\",\"name\":\"Secretaria de Assist\u00eancia Social, equipamentos e CMI promovem Campanha de Conscientiza\u00e7\u00e3o Contra Viol\u00eancia \u00e0 Pessoa Idosa - R\u00e1dio Life FM\",\"isPartOf\":{\"@id\":\"https:\/\/radiolifefm.com.br\/noticias\/#website\"},\"primaryImageOfPage\":{\"@id\":\"https:\/\/radiolifefm.com.br\/noticias\/secretaria-de-assistencia-social-equipamentos-e-cmi-promovem-campanha-de-conscientizacao-contra-violencia-a-pessoa-idosa\/#primaryimage\"},\"image\":{\"@id\":\"https:\/\/radiolifefm.com.br\/noticias\/secretaria-de-assistencia-social-equipamentos-e-cmi-promovem-campanha-de-conscientizacao-contra-violencia-a-pessoa-idosa\/#primaryimage\"},\"thumbnailUrl\":\"https:\/\/radiolifefm.com.br\/noticias\/wp-content\/uploads\/2022\/06\/foto-1.jpeg\",\"datePublished\":\"2022-06-15T00:38:06+00:00\",\"dateModified\":\"2026-04-10T16:16:39+00:00\",\"breadcrumb\":{\"@id\":\"https:\/\/radiolifefm.com.br\/noticias\/secretaria-de-assistencia-social-equipamentos-e-cmi-promovem-campanha-de-conscientizacao-contra-violencia-a-pessoa-idosa\/#breadcrumb\"},\"inLanguage\":\"pt-BR\",\"potentialAction\":[{\"@type\":\"ReadAction\",\"target\":[\"https:\/\/radiolifefm.com.br\/noticias\/secretaria-de-assistencia-social-equipamentos-e-cmi-promovem-campanha-de-conscientizacao-contra-violencia-a-pessoa-idosa\/\"]}]},{\"@type\":\"ImageObject\",\"inLanguage\":\"pt-BR\",\"@id\":\"https:\/\/radiolifefm.com.br\/noticias\/secretaria-de-assistencia-social-equipamentos-e-cmi-promovem-campanha-de-conscientizacao-contra-violencia-a-pessoa-idosa\/#primaryimage\",\"url\":\"https:\/\/radiolifefm.com.br\/noticias\/wp-content\/uploads\/2022\/06\/foto-1.jpeg\",\"contentUrl\":\"https:\/\/radiolifefm.com.br\/noticias\/wp-content\/uploads\/2022\/06\/foto-1.jpeg\",\"width\":1600,\"height\":1200},{\"@type\":\"BreadcrumbList\",\"@id\":\"https:\/\/radiolifefm.com.br\/noticias\/secretaria-de-assistencia-social-equipamentos-e-cmi-promovem-campanha-de-conscientizacao-contra-violencia-a-pessoa-idosa\/#breadcrumb\",\"itemListElement\":[{\"@type\":\"ListItem\",\"position\":1,\"name\":\"In\u00edcio\",\"item\":\"https:\/\/radiolifefm.com.br\/noticias\/\"},{\"@type\":\"ListItem\",\"position\":2,\"name\":\"Secretaria de Assist\u00eancia Social, equipamentos e CMI promovem Campanha de Conscientiza\u00e7\u00e3o Contra Viol\u00eancia \u00e0 Pessoa Idosa\"}]},{\"@type\":\"WebSite\",\"@id\":\"https:\/\/radiolifefm.com.br\/noticias\/#website\",\"url\":\"https:\/\/radiolifefm.com.br\/noticias\/\",\"name\":\"R\u00e1dio Life FM\",\"description\":\"O Portal de Not\u00edcias de Adamantina\",\"publisher\":{\"@id\":\"https:\/\/radiolifefm.com.br\/noticias\/#organization\"},\"alternateName\":\"Life FM\",\"potentialAction\":[{\"@type\":\"SearchAction\",\"target\":{\"@type\":\"EntryPoint\",\"urlTemplate\":\"https:\/\/radiolifefm.com.br\/noticias\/?s={search_term_string}\"},\"query-input\":{\"@type\":\"PropertyValueSpecification\",\"valueRequired\":true,\"valueName\":\"search_term_string\"}}],\"inLanguage\":\"pt-BR\"},{\"@type\":\"Organization\",\"@id\":\"https:\/\/radiolifefm.com.br\/noticias\/#organization\",\"name\":\"R\u00e1dio Life FM\",\"alternateName\":\"Life FM\",\"url\":\"https:\/\/radiolifefm.com.br\/noticias\/\",\"logo\":{\"@type\":\"ImageObject\",\"inLanguage\":\"pt-BR\",\"@id\":\"https:\/\/radiolifefm.com.br\/noticias\/#\/schema\/logo\/image\/\",\"url\":\"https:\/\/static.radiolifefm.com.br\/noticias\/wp-content\/uploads\/2019\/10\/logo-lifefm.png\",\"contentUrl\":\"https:\/\/static.radiolifefm.com.br\/noticias\/wp-content\/uploads\/2019\/10\/logo-lifefm.png\",\"width\":196,\"height\":47,\"caption\":\"R\u00e1dio Life FM\"},\"image\":{\"@id\":\"https:\/\/radiolifefm.com.br\/noticias\/#\/schema\/logo\/image\/\"},\"sameAs\":[\"https:\/\/www.facebook.com\/radiolifefm\/\",\"https:\/\/www.instagram.com\/life1079fm\/\"]},{\"@type\":\"Person\",\"@id\":\"https:\/\/radiolifefm.com.br\/noticias\/#\/schema\/person\/6339b9fac59d12b071dec680d7375d87\",\"name\":\"ritanery\",\"image\":{\"@type\":\"ImageObject\",\"inLanguage\":\"pt-BR\",\"@id\":\"https:\/\/secure.gravatar.com\/avatar\/0e37bb19071f47c0b8a23f62a903df117c5a0e75f65a0c2901562f97cd41cf86?s=96&d=mm&r=g\",\"url\":\"https:\/\/secure.gravatar.com\/avatar\/0e37bb19071f47c0b8a23f62a903df117c5a0e75f65a0c2901562f97cd41cf86?s=96&d=mm&r=g\",\"contentUrl\":\"https:\/\/secure.gravatar.com\/avatar\/0e37bb19071f47c0b8a23f62a903df117c5a0e75f65a0c2901562f97cd41cf86?s=96&d=mm&r=g\",\"caption\":\"ritanery\"}}]}<\/script>\n<!-- \/ Yoast SEO plugin. -->","yoast_head_json":{"title":"Secretaria de Assist\u00eancia Social, equipamentos e CMI promovem Campanha de Conscientiza\u00e7\u00e3o Contra Viol\u00eancia \u00e0 Pessoa Idosa - R\u00e1dio Life FM","robots":{"index":"index","follow":"follow","max-snippet":"max-snippet:-1","max-image-preview":"max-image-preview:large","max-video-preview":"max-video-preview:-1"},"canonical":"https:\/\/radiolifefm.com.br\/noticias\/secretaria-de-assistencia-social-equipamentos-e-cmi-promovem-campanha-de-conscientizacao-contra-violencia-a-pessoa-idosa\/","og_locale":"pt_BR","og_type":"article","og_title":"Secretaria de Assist\u00eancia Social, equipamentos e CMI promovem Campanha de Conscientiza\u00e7\u00e3o Contra Viol\u00eancia \u00e0 Pessoa Idosa - R\u00e1dio Life FM","og_description":"15 de junho foi institu\u00eddo pela Organiza\u00e7\u00e3o das Na\u00e7\u00f5es Unidas (ONU) e pela Rede Internacional de Preven\u00e7\u00e3o \u00e0 Viol\u00eancia \u00e0 Pessoa Idosa a data como Dia Mundial de Conscientiza\u00e7\u00e3o da Viol\u00eancia Contra a Pessoa Idosa e a cor escolhida para retratar a a\u00e7\u00e3o \u00e9 o roxo. Devido a isso, a Secretaria de Assist\u00eancia Social de [&hellip;]","og_url":"https:\/\/radiolifefm.com.br\/noticias\/secretaria-de-assistencia-social-equipamentos-e-cmi-promovem-campanha-de-conscientizacao-contra-violencia-a-pessoa-idosa\/","og_site_name":"R\u00e1dio Life FM","article_publisher":"https:\/\/www.facebook.com\/radiolifefm\/","article_published_time":"2022-06-15T00:38:06+00:00","article_modified_time":"2026-04-10T16:16:39+00:00","og_image":[{"width":1600,"height":1200,"url":"https:\/\/radiolifefm.com.br\/noticias\/wp-content\/uploads\/2022\/06\/foto-1.jpeg","type":"image\/jpeg"}],"author":"ritanery","twitter_card":"summary_large_image","twitter_misc":{"Escrito por":"ritanery","Est. tempo de leitura":"2 minutos"},"schema":{"@context":"https:\/\/schema.org","@graph":[{"@type":"Article","@id":"https:\/\/radiolifefm.com.br\/noticias\/secretaria-de-assistencia-social-equipamentos-e-cmi-promovem-campanha-de-conscientizacao-contra-violencia-a-pessoa-idosa\/#article","isPartOf":{"@id":"https:\/\/radiolifefm.com.br\/noticias\/secretaria-de-assistencia-social-equipamentos-e-cmi-promovem-campanha-de-conscientizacao-contra-violencia-a-pessoa-idosa\/"},"author":{"name":"ritanery","@id":"https:\/\/radiolifefm.com.br\/noticias\/#\/schema\/person\/6339b9fac59d12b071dec680d7375d87"},"headline":"Secretaria de Assist\u00eancia Social, equipamentos e CMI promovem Campanha de Conscientiza\u00e7\u00e3o Contra Viol\u00eancia \u00e0 Pessoa Idosa","datePublished":"2022-06-15T00:38:06+00:00","dateModified":"2026-04-10T16:16:39+00:00","mainEntityOfPage":{"@id":"https:\/\/radiolifefm.com.br\/noticias\/secretaria-de-assistencia-social-equipamentos-e-cmi-promovem-campanha-de-conscientizacao-contra-violencia-a-pessoa-idosa\/"},"wordCount":270,"publisher":{"@id":"https:\/\/radiolifefm.com.br\/noticias\/#organization"},"image":{"@id":"https:\/\/radiolifefm.com.br\/noticias\/secretaria-de-assistencia-social-equipamentos-e-cmi-promovem-campanha-de-conscientizacao-contra-violencia-a-pessoa-idosa\/#primaryimage"},"thumbnailUrl":"https:\/\/radiolifefm.com.br\/noticias\/wp-content\/uploads\/2022\/06\/foto-1.jpeg","articleSection":["Adamantina"],"inLanguage":"pt-BR"},{"@type":"WebPage","@id":"https:\/\/radiolifefm.com.br\/noticias\/secretaria-de-assistencia-social-equipamentos-e-cmi-promovem-campanha-de-conscientizacao-contra-violencia-a-pessoa-idosa\/","url":"https:\/\/radiolifefm.com.br\/noticias\/secretaria-de-assistencia-social-equipamentos-e-cmi-promovem-campanha-de-conscientizacao-contra-violencia-a-pessoa-idosa\/","name":"Secretaria de Assist\u00eancia Social, equipamentos e CMI promovem Campanha de Conscientiza\u00e7\u00e3o Contra Viol\u00eancia \u00e0 Pessoa Idosa - R\u00e1dio Life FM","isPartOf":{"@id":"https:\/\/radiolifefm.com.br\/noticias\/#website"},"primaryImageOfPage":{"@id":"https:\/\/radiolifefm.com.br\/noticias\/secretaria-de-assistencia-social-equipamentos-e-cmi-promovem-campanha-de-conscientizacao-contra-violencia-a-pessoa-idosa\/#primaryimage"},"image":{"@id":"https:\/\/radiolifefm.com.br\/noticias\/secretaria-de-assistencia-social-equipamentos-e-cmi-promovem-campanha-de-conscientizacao-contra-violencia-a-pessoa-idosa\/#primaryimage"},"thumbnailUrl":"https:\/\/radiolifefm.com.br\/noticias\/wp-content\/uploads\/2022\/06\/foto-1.jpeg","datePublished":"2022-06-15T00:38:06+00:00","dateModified":"2026-04-10T16:16:39+00:00","breadcrumb":{"@id":"https:\/\/radiolifefm.com.br\/noticias\/secretaria-de-assistencia-social-equipamentos-e-cmi-promovem-campanha-de-conscientizacao-contra-violencia-a-pessoa-idosa\/#breadcrumb"},"inLanguage":"pt-BR","potentialAction":[{"@type":"ReadAction","target":["https:\/\/radiolifefm.com.br\/noticias\/secretaria-de-assistencia-social-equipamentos-e-cmi-promovem-campanha-de-conscientizacao-contra-violencia-a-pessoa-idosa\/"]}]},{"@type":"ImageObject","inLanguage":"pt-BR","@id":"https:\/\/radiolifefm.com.br\/noticias\/secretaria-de-assistencia-social-equipamentos-e-cmi-promovem-campanha-de-conscientizacao-contra-violencia-a-pessoa-idosa\/#primaryimage","url":"https:\/\/radiolifefm.com.br\/noticias\/wp-content\/uploads\/2022\/06\/foto-1.jpeg","contentUrl":"https:\/\/radiolifefm.com.br\/noticias\/wp-content\/uploads\/2022\/06\/foto-1.jpeg","width":1600,"height":1200},{"@type":"BreadcrumbList","@id":"https:\/\/radiolifefm.com.br\/noticias\/secretaria-de-assistencia-social-equipamentos-e-cmi-promovem-campanha-de-conscientizacao-contra-violencia-a-pessoa-idosa\/#breadcrumb","itemListElement":[{"@type":"ListItem","position":1,"name":"In\u00edcio","item":"https:\/\/radiolifefm.com.br\/noticias\/"},{"@type":"ListItem","position":2,"name":"Secretaria de Assist\u00eancia Social, equipamentos e CMI promovem Campanha de Conscientiza\u00e7\u00e3o Contra Viol\u00eancia \u00e0 Pessoa Idosa"}]},{"@type":"WebSite","@id":"https:\/\/radiolifefm.com.br\/noticias\/#website","url":"https:\/\/radiolifefm.com.br\/noticias\/","name":"R\u00e1dio Life FM","description":"O Portal de Not\u00edcias de Adamantina","publisher":{"@id":"https:\/\/radiolifefm.com.br\/noticias\/#organization"},"alternateName":"Life FM","potentialAction":[{"@type":"SearchAction","target":{"@type":"EntryPoint","urlTemplate":"https:\/\/radiolifefm.com.br\/noticias\/?s={search_term_string}"},"query-input":{"@type":"PropertyValueSpecification","valueRequired":true,"valueName":"search_term_string"}}],"inLanguage":"pt-BR"},{"@type":"Organization","@id":"https:\/\/radiolifefm.com.br\/noticias\/#organization","name":"R\u00e1dio Life FM","alternateName":"Life FM","url":"https:\/\/radiolifefm.com.br\/noticias\/","logo":{"@type":"ImageObject","inLanguage":"pt-BR","@id":"https:\/\/radiolifefm.com.br\/noticias\/#\/schema\/logo\/image\/","url":"https:\/\/static.radiolifefm.com.br\/noticias\/wp-content\/uploads\/2019\/10\/logo-lifefm.png","contentUrl":"https:\/\/static.radiolifefm.com.br\/noticias\/wp-content\/uploads\/2019\/10\/logo-lifefm.png","width":196,"height":47,"caption":"R\u00e1dio Life FM"},"image":{"@id":"https:\/\/radiolifefm.com.br\/noticias\/#\/schema\/logo\/image\/"},"sameAs":["https:\/\/www.facebook.com\/radiolifefm\/","https:\/\/www.instagram.com\/life1079fm\/"]},{"@type":"Person","@id":"https:\/\/radiolifefm.com.br\/noticias\/#\/schema\/person\/6339b9fac59d12b071dec680d7375d87","name":"ritanery","image":{"@type":"ImageObject","inLanguage":"pt-BR","@id":"https:\/\/secure.gravatar.com\/avatar\/0e37bb19071f47c0b8a23f62a903df117c5a0e75f65a0c2901562f97cd41cf86?s=96&d=mm&r=g","url":"https:\/\/secure.gravatar.com\/avatar\/0e37bb19071f47c0b8a23f62a903df117c5a0e75f65a0c2901562f97cd41cf86?s=96&d=mm&r=g","contentUrl":"https:\/\/secure.gravatar.com\/avatar\/0e37bb19071f47c0b8a23f62a903df117c5a0e75f65a0c2901562f97cd41cf86?s=96&d=mm&r=g","caption":"ritanery"}}]}},"amp_enabled":true,"_links":{"self":[{"href":"https:\/\/radiolifefm.com.br\/noticias\/wp-json\/wp\/v2\/posts\/54752","targetHints":{"allow":["GET"]}}],"collection":[{"href":"https:\/\/radiolifefm.com.br\/noticias\/wp-json\/wp\/v2\/posts"}],"about":[{"href":"https:\/\/radiolifefm.com.br\/noticias\/wp-json\/wp\/v2\/types\/post"}],"author":[{"embeddable":true,"href":"https:\/\/radiolifefm.com.br\/noticias\/wp-json\/wp\/v2\/users\/13"}],"replies":[{"embeddable":true,"href":"https:\/\/radiolifefm.com.br\/noticias\/wp-json\/wp\/v2\/comments?post=54752"}],"version-history":[{"count":4,"href":"https:\/\/radiolifefm.com.br\/noticias\/wp-json\/wp\/v2\/posts\/54752\/revisions"}],"predecessor-version":[{"id":54757,"href":"https:\/\/radiolifefm.com.br\/noticias\/wp-json\/wp\/v2\/posts\/54752\/revisions\/54757"}],"wp:featuredmedia":[{"embeddable":true,"href":"https:\/\/radiolifefm.com.br\/noticias\/wp-json\/wp\/v2\/media\/54753"}],"wp:attachment":[{"href":"https:\/\/radiolifefm.com.br\/noticias\/wp-json\/wp\/v2\/media?parent=54752"}],"wp:term":[{"taxonomy":"category","embeddable":true,"href":"https:\/\/radiolifefm.com.br\/noticias\/wp-json\/wp\/v2\/categories?post=54752"},{"taxonomy":"post_tag","embeddable":true,"href":"https:\/\/radiolifefm.com.br\/noticias\/wp-json\/wp\/v2\/tags?post=54752"}],"curies":[{"name":"wp","href":"https:\/\/api.w.org\/{rel}","templated":true}]}}