{"id":54742,"date":"2022-06-14T08:52:49","date_gmt":"2022-06-14T11:52:49","guid":{"rendered":"https:\/\/radiolifefm.com.br\/noticias\/?p=54742"},"modified":"2026-04-20T23:07:49","modified_gmt":"2026-04-21T02:07:49","slug":"contratada-empresa-para-execucao-das-obras-de-adequacao-da-fonte-da-praca-elio-micheloni","status":"publish","type":"post","link":"https:\/\/radiolifefm.com.br\/noticias\/contratada-empresa-para-execucao-das-obras-de-adequacao-da-fonte-da-praca-elio-micheloni\/","title":{"rendered":"Contratada empresa para execu\u00e7\u00e3o das obras de adequa\u00e7\u00e3o da fonte da Pra\u00e7a \u00c9lio Micheloni"},"content":{"rendered":"<div id=\"fb-root\"><\/div>\n<p>Foi publicado nesta semana o extrato de contrato n\u00ba 154\/2022, firmado entre a Prefeitura de Adamantina e a empresa J\u00fanior Rodrigues Avelaneda ME de Iacri\/SP, para a execu\u00e7\u00e3o das obras de adequa\u00e7\u00e3o e impermeabiliza\u00e7\u00e3o dos reservat\u00f3rios e instala\u00e7\u00f5es hidr\u00e1ulicas e el\u00e9tricas para instala\u00e7\u00e3o da nova fonte da Pra\u00e7a \u00c9lio Micheloni (jardim central), anexo \u00e0 Biblioteca Municipal.<\/p>\n<p>As melhorias resultar\u00e3o na moderniza\u00e7\u00e3o e reativa\u00e7\u00e3o da fonte, com novo sistema de jatos de \u00e1gua, amplia\u00e7\u00e3o da quantidade de bicos e ilumina\u00e7\u00e3o especial com luzes de Led.<\/p>\n<p>O valor a ser pago para a empreiteira contratada prestar os servi\u00e7os projetados \u00e9 de R$ 315.566,72.<\/p>\n<p>Com base no documento publicado, o contrato tem prazo de vig\u00eancia 12 meses, ou seja, valer\u00e1 de 2 de junho de 2022 a 1\u00ba de junho de 2023.<\/p>\n<p>A revitaliza\u00e7\u00e3o da fonte integra uma s\u00e9rie de inova\u00e7\u00f5es que prometem transformar a atual \u2018cara\u2019 do jardim central, com investimento de recursos destinados pelo Programa MIT (Munic\u00edpio de Interesse Tur\u00edstico).<\/p>\n<p>Outra obra projetada, mas j\u00e1 em execu\u00e7\u00e3o, \u00e9 a constru\u00e7\u00e3o de banheiros na Pra\u00e7a \u00c9lio Micheloni. Mais de 40% das obras est\u00e3o executadas e contemplar\u00e3o infraestrutura, superestrutura, cobertura, esquadrias, sistemas de instala\u00e7\u00f5es hidrossanit\u00e1rias, sistemas e instala\u00e7\u00f5es el\u00e9tricas, revestimentos para paredes e pisos e pintura.<\/p>\n<p>A previs\u00e3o de gasto na execu\u00e7\u00e3o de todas as melhorias no jardim central \u2013 constru\u00e7\u00e3o dos banheiros, troca de ilumina\u00e7\u00e3o, revitaliza\u00e7\u00e3o da estrutura da fonte e, ainda, implanta\u00e7\u00e3o da nova fonte \u2013 \u00e9 de R$615.073,96 provenientes do Governo do Estado e mais R$172.966,57 em recursos pr\u00f3prios.<\/p>\n<p>&nbsp;<\/p>\n<p>Fonte: Adamantina Net<\/p>\n","protected":false},"excerpt":{"rendered":"<p>Foi publicado nesta semana o extrato de contrato n\u00ba 154\/2022, firmado entre a Prefeitura de Adamantina e a empresa J\u00fanior Rodrigues Avelaneda ME de Iacri\/SP, para a execu\u00e7\u00e3o das obras de adequa\u00e7\u00e3o e impermeabiliza\u00e7\u00e3o dos reservat\u00f3rios e instala\u00e7\u00f5es hidr\u00e1ulicas e el\u00e9tricas para instala\u00e7\u00e3o da nova fonte da Pra\u00e7a \u00c9lio Micheloni (jardim central), anexo \u00e0 Biblioteca [&hellip;]<\/p>\n","protected":false},"author":13,"featured_media":54743,"comment_status":"closed","ping_status":"open","sticky":false,"template":"","format":"standard","meta":{"_acf_changed":false,"_exactmetrics_skip_tracking":false,"_exactmetrics_sitenote_active":false,"_exactmetrics_sitenote_note":"","_exactmetrics_sitenote_category":0,"footnotes":""},"categories":[21],"tags":[],"class_list":["post-54742","post","type-post","status-publish","format-standard","has-post-thumbnail","hentry","category-adamantina"],"acf":[],"yoast_head":"<!-- This site is optimized with the Yoast SEO plugin v27.2 - https:\/\/yoast.com\/product\/yoast-seo-wordpress\/ -->\n<title>Contratada empresa para execu\u00e7\u00e3o das obras de adequa\u00e7\u00e3o da fonte da Pra\u00e7a \u00c9lio Micheloni - R\u00e1dio Life FM<\/title>\n<meta name=\"robots\" content=\"index, follow, max-snippet:-1, max-image-preview:large, max-video-preview:-1\" \/>\n<link rel=\"canonical\" href=\"https:\/\/radiolifefm.com.br\/noticias\/contratada-empresa-para-execucao-das-obras-de-adequacao-da-fonte-da-praca-elio-micheloni\/\" \/>\n<meta property=\"og:locale\" content=\"pt_BR\" \/>\n<meta property=\"og:type\" content=\"article\" \/>\n<meta property=\"og:title\" content=\"Contratada empresa para execu\u00e7\u00e3o das obras de adequa\u00e7\u00e3o da fonte da Pra\u00e7a \u00c9lio Micheloni - R\u00e1dio Life FM\" \/>\n<meta property=\"og:description\" content=\"Foi publicado nesta semana o extrato de contrato n\u00ba 154\/2022, firmado entre a Prefeitura de Adamantina e a empresa J\u00fanior Rodrigues Avelaneda ME de Iacri\/SP, para a execu\u00e7\u00e3o das obras de adequa\u00e7\u00e3o e impermeabiliza\u00e7\u00e3o dos reservat\u00f3rios e instala\u00e7\u00f5es hidr\u00e1ulicas e el\u00e9tricas para instala\u00e7\u00e3o da nova fonte da Pra\u00e7a \u00c9lio Micheloni (jardim central), anexo \u00e0 Biblioteca [&hellip;]\" \/>\n<meta property=\"og:url\" content=\"https:\/\/radiolifefm.com.br\/noticias\/contratada-empresa-para-execucao-das-obras-de-adequacao-da-fonte-da-praca-elio-micheloni\/\" \/>\n<meta property=\"og:site_name\" content=\"R\u00e1dio Life FM\" \/>\n<meta property=\"article:publisher\" content=\"https:\/\/www.facebook.com\/radiolifefm\/\" \/>\n<meta property=\"article:published_time\" content=\"2022-06-14T11:52:49+00:00\" \/>\n<meta property=\"article:modified_time\" content=\"2026-04-21T02:07:49+00:00\" \/>\n<meta property=\"og:image\" content=\"https:\/\/radiolifefm.com.br\/noticias\/wp-content\/uploads\/2022\/06\/cats-14.jpg\" \/>\n\t<meta property=\"og:image:width\" content=\"817\" \/>\n\t<meta property=\"og:image:height\" content=\"467\" \/>\n\t<meta property=\"og:image:type\" content=\"image\/jpeg\" \/>\n<meta name=\"author\" content=\"ritanery\" \/>\n<meta name=\"twitter:card\" content=\"summary_large_image\" \/>\n<meta name=\"twitter:label1\" content=\"Escrito por\" \/>\n\t<meta name=\"twitter:data1\" content=\"ritanery\" \/>\n\t<meta name=\"twitter:label2\" content=\"Est. tempo de leitura\" \/>\n\t<meta name=\"twitter:data2\" content=\"2 minutos\" \/>\n<script type=\"application\/ld+json\" class=\"yoast-schema-graph\">{\"@context\":\"https:\/\/schema.org\",\"@graph\":[{\"@type\":\"Article\",\"@id\":\"https:\/\/radiolifefm.com.br\/noticias\/contratada-empresa-para-execucao-das-obras-de-adequacao-da-fonte-da-praca-elio-micheloni\/#article\",\"isPartOf\":{\"@id\":\"https:\/\/radiolifefm.com.br\/noticias\/contratada-empresa-para-execucao-das-obras-de-adequacao-da-fonte-da-praca-elio-micheloni\/\"},\"author\":{\"name\":\"ritanery\",\"@id\":\"https:\/\/radiolifefm.com.br\/noticias\/#\/schema\/person\/6339b9fac59d12b071dec680d7375d87\"},\"headline\":\"Contratada empresa para execu\u00e7\u00e3o das obras de adequa\u00e7\u00e3o da fonte da Pra\u00e7a \u00c9lio Micheloni\",\"datePublished\":\"2022-06-14T11:52:49+00:00\",\"dateModified\":\"2026-04-21T02:07:49+00:00\",\"mainEntityOfPage\":{\"@id\":\"https:\/\/radiolifefm.com.br\/noticias\/contratada-empresa-para-execucao-das-obras-de-adequacao-da-fonte-da-praca-elio-micheloni\/\"},\"wordCount\":295,\"publisher\":{\"@id\":\"https:\/\/radiolifefm.com.br\/noticias\/#organization\"},\"image\":{\"@id\":\"https:\/\/radiolifefm.com.br\/noticias\/contratada-empresa-para-execucao-das-obras-de-adequacao-da-fonte-da-praca-elio-micheloni\/#primaryimage\"},\"thumbnailUrl\":\"https:\/\/radiolifefm.com.br\/noticias\/wp-content\/uploads\/2022\/06\/cats-14.jpg\",\"articleSection\":[\"Adamantina\"],\"inLanguage\":\"pt-BR\"},{\"@type\":\"WebPage\",\"@id\":\"https:\/\/radiolifefm.com.br\/noticias\/contratada-empresa-para-execucao-das-obras-de-adequacao-da-fonte-da-praca-elio-micheloni\/\",\"url\":\"https:\/\/radiolifefm.com.br\/noticias\/contratada-empresa-para-execucao-das-obras-de-adequacao-da-fonte-da-praca-elio-micheloni\/\",\"name\":\"Contratada empresa para execu\u00e7\u00e3o das obras de adequa\u00e7\u00e3o da fonte da Pra\u00e7a \u00c9lio Micheloni - R\u00e1dio Life FM\",\"isPartOf\":{\"@id\":\"https:\/\/radiolifefm.com.br\/noticias\/#website\"},\"primaryImageOfPage\":{\"@id\":\"https:\/\/radiolifefm.com.br\/noticias\/contratada-empresa-para-execucao-das-obras-de-adequacao-da-fonte-da-praca-elio-micheloni\/#primaryimage\"},\"image\":{\"@id\":\"https:\/\/radiolifefm.com.br\/noticias\/contratada-empresa-para-execucao-das-obras-de-adequacao-da-fonte-da-praca-elio-micheloni\/#primaryimage\"},\"thumbnailUrl\":\"https:\/\/radiolifefm.com.br\/noticias\/wp-content\/uploads\/2022\/06\/cats-14.jpg\",\"datePublished\":\"2022-06-14T11:52:49+00:00\",\"dateModified\":\"2026-04-21T02:07:49+00:00\",\"breadcrumb\":{\"@id\":\"https:\/\/radiolifefm.com.br\/noticias\/contratada-empresa-para-execucao-das-obras-de-adequacao-da-fonte-da-praca-elio-micheloni\/#breadcrumb\"},\"inLanguage\":\"pt-BR\",\"potentialAction\":[{\"@type\":\"ReadAction\",\"target\":[\"https:\/\/radiolifefm.com.br\/noticias\/contratada-empresa-para-execucao-das-obras-de-adequacao-da-fonte-da-praca-elio-micheloni\/\"]}]},{\"@type\":\"ImageObject\",\"inLanguage\":\"pt-BR\",\"@id\":\"https:\/\/radiolifefm.com.br\/noticias\/contratada-empresa-para-execucao-das-obras-de-adequacao-da-fonte-da-praca-elio-micheloni\/#primaryimage\",\"url\":\"https:\/\/radiolifefm.com.br\/noticias\/wp-content\/uploads\/2022\/06\/cats-14.jpg\",\"contentUrl\":\"https:\/\/radiolifefm.com.br\/noticias\/wp-content\/uploads\/2022\/06\/cats-14.jpg\",\"width\":817,\"height\":467},{\"@type\":\"BreadcrumbList\",\"@id\":\"https:\/\/radiolifefm.com.br\/noticias\/contratada-empresa-para-execucao-das-obras-de-adequacao-da-fonte-da-praca-elio-micheloni\/#breadcrumb\",\"itemListElement\":[{\"@type\":\"ListItem\",\"position\":1,\"name\":\"In\u00edcio\",\"item\":\"https:\/\/radiolifefm.com.br\/noticias\/\"},{\"@type\":\"ListItem\",\"position\":2,\"name\":\"Contratada empresa para execu\u00e7\u00e3o das obras de adequa\u00e7\u00e3o da fonte da Pra\u00e7a \u00c9lio Micheloni\"}]},{\"@type\":\"WebSite\",\"@id\":\"https:\/\/radiolifefm.com.br\/noticias\/#website\",\"url\":\"https:\/\/radiolifefm.com.br\/noticias\/\",\"name\":\"R\u00e1dio Life FM\",\"description\":\"O Portal de Not\u00edcias de Adamantina\",\"publisher\":{\"@id\":\"https:\/\/radiolifefm.com.br\/noticias\/#organization\"},\"alternateName\":\"Life FM\",\"potentialAction\":[{\"@type\":\"SearchAction\",\"target\":{\"@type\":\"EntryPoint\",\"urlTemplate\":\"https:\/\/radiolifefm.com.br\/noticias\/?s={search_term_string}\"},\"query-input\":{\"@type\":\"PropertyValueSpecification\",\"valueRequired\":true,\"valueName\":\"search_term_string\"}}],\"inLanguage\":\"pt-BR\"},{\"@type\":\"Organization\",\"@id\":\"https:\/\/radiolifefm.com.br\/noticias\/#organization\",\"name\":\"R\u00e1dio Life FM\",\"alternateName\":\"Life FM\",\"url\":\"https:\/\/radiolifefm.com.br\/noticias\/\",\"logo\":{\"@type\":\"ImageObject\",\"inLanguage\":\"pt-BR\",\"@id\":\"https:\/\/radiolifefm.com.br\/noticias\/#\/schema\/logo\/image\/\",\"url\":\"https:\/\/static.radiolifefm.com.br\/noticias\/wp-content\/uploads\/2019\/10\/logo-lifefm.png\",\"contentUrl\":\"https:\/\/static.radiolifefm.com.br\/noticias\/wp-content\/uploads\/2019\/10\/logo-lifefm.png\",\"width\":196,\"height\":47,\"caption\":\"R\u00e1dio Life FM\"},\"image\":{\"@id\":\"https:\/\/radiolifefm.com.br\/noticias\/#\/schema\/logo\/image\/\"},\"sameAs\":[\"https:\/\/www.facebook.com\/radiolifefm\/\",\"https:\/\/www.instagram.com\/life1079fm\/\"]},{\"@type\":\"Person\",\"@id\":\"https:\/\/radiolifefm.com.br\/noticias\/#\/schema\/person\/6339b9fac59d12b071dec680d7375d87\",\"name\":\"ritanery\",\"image\":{\"@type\":\"ImageObject\",\"inLanguage\":\"pt-BR\",\"@id\":\"https:\/\/secure.gravatar.com\/avatar\/0e37bb19071f47c0b8a23f62a903df117c5a0e75f65a0c2901562f97cd41cf86?s=96&d=mm&r=g\",\"url\":\"https:\/\/secure.gravatar.com\/avatar\/0e37bb19071f47c0b8a23f62a903df117c5a0e75f65a0c2901562f97cd41cf86?s=96&d=mm&r=g\",\"contentUrl\":\"https:\/\/secure.gravatar.com\/avatar\/0e37bb19071f47c0b8a23f62a903df117c5a0e75f65a0c2901562f97cd41cf86?s=96&d=mm&r=g\",\"caption\":\"ritanery\"}}]}<\/script>\n<!-- \/ Yoast SEO plugin. -->","yoast_head_json":{"title":"Contratada empresa para execu\u00e7\u00e3o das obras de adequa\u00e7\u00e3o da fonte da Pra\u00e7a \u00c9lio Micheloni - R\u00e1dio Life FM","robots":{"index":"index","follow":"follow","max-snippet":"max-snippet:-1","max-image-preview":"max-image-preview:large","max-video-preview":"max-video-preview:-1"},"canonical":"https:\/\/radiolifefm.com.br\/noticias\/contratada-empresa-para-execucao-das-obras-de-adequacao-da-fonte-da-praca-elio-micheloni\/","og_locale":"pt_BR","og_type":"article","og_title":"Contratada empresa para execu\u00e7\u00e3o das obras de adequa\u00e7\u00e3o da fonte da Pra\u00e7a \u00c9lio Micheloni - R\u00e1dio Life FM","og_description":"Foi publicado nesta semana o extrato de contrato n\u00ba 154\/2022, firmado entre a Prefeitura de Adamantina e a empresa J\u00fanior Rodrigues Avelaneda ME de Iacri\/SP, para a execu\u00e7\u00e3o das obras de adequa\u00e7\u00e3o e impermeabiliza\u00e7\u00e3o dos reservat\u00f3rios e instala\u00e7\u00f5es hidr\u00e1ulicas e el\u00e9tricas para instala\u00e7\u00e3o da nova fonte da Pra\u00e7a \u00c9lio Micheloni (jardim central), anexo \u00e0 Biblioteca [&hellip;]","og_url":"https:\/\/radiolifefm.com.br\/noticias\/contratada-empresa-para-execucao-das-obras-de-adequacao-da-fonte-da-praca-elio-micheloni\/","og_site_name":"R\u00e1dio Life FM","article_publisher":"https:\/\/www.facebook.com\/radiolifefm\/","article_published_time":"2022-06-14T11:52:49+00:00","article_modified_time":"2026-04-21T02:07:49+00:00","og_image":[{"width":817,"height":467,"url":"https:\/\/radiolifefm.com.br\/noticias\/wp-content\/uploads\/2022\/06\/cats-14.jpg","type":"image\/jpeg"}],"author":"ritanery","twitter_card":"summary_large_image","twitter_misc":{"Escrito por":"ritanery","Est. tempo de leitura":"2 minutos"},"schema":{"@context":"https:\/\/schema.org","@graph":[{"@type":"Article","@id":"https:\/\/radiolifefm.com.br\/noticias\/contratada-empresa-para-execucao-das-obras-de-adequacao-da-fonte-da-praca-elio-micheloni\/#article","isPartOf":{"@id":"https:\/\/radiolifefm.com.br\/noticias\/contratada-empresa-para-execucao-das-obras-de-adequacao-da-fonte-da-praca-elio-micheloni\/"},"author":{"name":"ritanery","@id":"https:\/\/radiolifefm.com.br\/noticias\/#\/schema\/person\/6339b9fac59d12b071dec680d7375d87"},"headline":"Contratada empresa para execu\u00e7\u00e3o das obras de adequa\u00e7\u00e3o da fonte da Pra\u00e7a \u00c9lio Micheloni","datePublished":"2022-06-14T11:52:49+00:00","dateModified":"2026-04-21T02:07:49+00:00","mainEntityOfPage":{"@id":"https:\/\/radiolifefm.com.br\/noticias\/contratada-empresa-para-execucao-das-obras-de-adequacao-da-fonte-da-praca-elio-micheloni\/"},"wordCount":295,"publisher":{"@id":"https:\/\/radiolifefm.com.br\/noticias\/#organization"},"image":{"@id":"https:\/\/radiolifefm.com.br\/noticias\/contratada-empresa-para-execucao-das-obras-de-adequacao-da-fonte-da-praca-elio-micheloni\/#primaryimage"},"thumbnailUrl":"https:\/\/radiolifefm.com.br\/noticias\/wp-content\/uploads\/2022\/06\/cats-14.jpg","articleSection":["Adamantina"],"inLanguage":"pt-BR"},{"@type":"WebPage","@id":"https:\/\/radiolifefm.com.br\/noticias\/contratada-empresa-para-execucao-das-obras-de-adequacao-da-fonte-da-praca-elio-micheloni\/","url":"https:\/\/radiolifefm.com.br\/noticias\/contratada-empresa-para-execucao-das-obras-de-adequacao-da-fonte-da-praca-elio-micheloni\/","name":"Contratada empresa para execu\u00e7\u00e3o das obras de adequa\u00e7\u00e3o da fonte da Pra\u00e7a \u00c9lio Micheloni - R\u00e1dio Life FM","isPartOf":{"@id":"https:\/\/radiolifefm.com.br\/noticias\/#website"},"primaryImageOfPage":{"@id":"https:\/\/radiolifefm.com.br\/noticias\/contratada-empresa-para-execucao-das-obras-de-adequacao-da-fonte-da-praca-elio-micheloni\/#primaryimage"},"image":{"@id":"https:\/\/radiolifefm.com.br\/noticias\/contratada-empresa-para-execucao-das-obras-de-adequacao-da-fonte-da-praca-elio-micheloni\/#primaryimage"},"thumbnailUrl":"https:\/\/radiolifefm.com.br\/noticias\/wp-content\/uploads\/2022\/06\/cats-14.jpg","datePublished":"2022-06-14T11:52:49+00:00","dateModified":"2026-04-21T02:07:49+00:00","breadcrumb":{"@id":"https:\/\/radiolifefm.com.br\/noticias\/contratada-empresa-para-execucao-das-obras-de-adequacao-da-fonte-da-praca-elio-micheloni\/#breadcrumb"},"inLanguage":"pt-BR","potentialAction":[{"@type":"ReadAction","target":["https:\/\/radiolifefm.com.br\/noticias\/contratada-empresa-para-execucao-das-obras-de-adequacao-da-fonte-da-praca-elio-micheloni\/"]}]},{"@type":"ImageObject","inLanguage":"pt-BR","@id":"https:\/\/radiolifefm.com.br\/noticias\/contratada-empresa-para-execucao-das-obras-de-adequacao-da-fonte-da-praca-elio-micheloni\/#primaryimage","url":"https:\/\/radiolifefm.com.br\/noticias\/wp-content\/uploads\/2022\/06\/cats-14.jpg","contentUrl":"https:\/\/radiolifefm.com.br\/noticias\/wp-content\/uploads\/2022\/06\/cats-14.jpg","width":817,"height":467},{"@type":"BreadcrumbList","@id":"https:\/\/radiolifefm.com.br\/noticias\/contratada-empresa-para-execucao-das-obras-de-adequacao-da-fonte-da-praca-elio-micheloni\/#breadcrumb","itemListElement":[{"@type":"ListItem","position":1,"name":"In\u00edcio","item":"https:\/\/radiolifefm.com.br\/noticias\/"},{"@type":"ListItem","position":2,"name":"Contratada empresa para execu\u00e7\u00e3o das obras de adequa\u00e7\u00e3o da fonte da Pra\u00e7a \u00c9lio Micheloni"}]},{"@type":"WebSite","@id":"https:\/\/radiolifefm.com.br\/noticias\/#website","url":"https:\/\/radiolifefm.com.br\/noticias\/","name":"R\u00e1dio Life FM","description":"O Portal de Not\u00edcias de Adamantina","publisher":{"@id":"https:\/\/radiolifefm.com.br\/noticias\/#organization"},"alternateName":"Life FM","potentialAction":[{"@type":"SearchAction","target":{"@type":"EntryPoint","urlTemplate":"https:\/\/radiolifefm.com.br\/noticias\/?s={search_term_string}"},"query-input":{"@type":"PropertyValueSpecification","valueRequired":true,"valueName":"search_term_string"}}],"inLanguage":"pt-BR"},{"@type":"Organization","@id":"https:\/\/radiolifefm.com.br\/noticias\/#organization","name":"R\u00e1dio Life FM","alternateName":"Life FM","url":"https:\/\/radiolifefm.com.br\/noticias\/","logo":{"@type":"ImageObject","inLanguage":"pt-BR","@id":"https:\/\/radiolifefm.com.br\/noticias\/#\/schema\/logo\/image\/","url":"https:\/\/static.radiolifefm.com.br\/noticias\/wp-content\/uploads\/2019\/10\/logo-lifefm.png","contentUrl":"https:\/\/static.radiolifefm.com.br\/noticias\/wp-content\/uploads\/2019\/10\/logo-lifefm.png","width":196,"height":47,"caption":"R\u00e1dio Life FM"},"image":{"@id":"https:\/\/radiolifefm.com.br\/noticias\/#\/schema\/logo\/image\/"},"sameAs":["https:\/\/www.facebook.com\/radiolifefm\/","https:\/\/www.instagram.com\/life1079fm\/"]},{"@type":"Person","@id":"https:\/\/radiolifefm.com.br\/noticias\/#\/schema\/person\/6339b9fac59d12b071dec680d7375d87","name":"ritanery","image":{"@type":"ImageObject","inLanguage":"pt-BR","@id":"https:\/\/secure.gravatar.com\/avatar\/0e37bb19071f47c0b8a23f62a903df117c5a0e75f65a0c2901562f97cd41cf86?s=96&d=mm&r=g","url":"https:\/\/secure.gravatar.com\/avatar\/0e37bb19071f47c0b8a23f62a903df117c5a0e75f65a0c2901562f97cd41cf86?s=96&d=mm&r=g","contentUrl":"https:\/\/secure.gravatar.com\/avatar\/0e37bb19071f47c0b8a23f62a903df117c5a0e75f65a0c2901562f97cd41cf86?s=96&d=mm&r=g","caption":"ritanery"}}]}},"amp_enabled":true,"_links":{"self":[{"href":"https:\/\/radiolifefm.com.br\/noticias\/wp-json\/wp\/v2\/posts\/54742","targetHints":{"allow":["GET"]}}],"collection":[{"href":"https:\/\/radiolifefm.com.br\/noticias\/wp-json\/wp\/v2\/posts"}],"about":[{"href":"https:\/\/radiolifefm.com.br\/noticias\/wp-json\/wp\/v2\/types\/post"}],"author":[{"embeddable":true,"href":"https:\/\/radiolifefm.com.br\/noticias\/wp-json\/wp\/v2\/users\/13"}],"replies":[{"embeddable":true,"href":"https:\/\/radiolifefm.com.br\/noticias\/wp-json\/wp\/v2\/comments?post=54742"}],"version-history":[{"count":1,"href":"https:\/\/radiolifefm.com.br\/noticias\/wp-json\/wp\/v2\/posts\/54742\/revisions"}],"predecessor-version":[{"id":54744,"href":"https:\/\/radiolifefm.com.br\/noticias\/wp-json\/wp\/v2\/posts\/54742\/revisions\/54744"}],"wp:featuredmedia":[{"embeddable":true,"href":"https:\/\/radiolifefm.com.br\/noticias\/wp-json\/wp\/v2\/media\/54743"}],"wp:attachment":[{"href":"https:\/\/radiolifefm.com.br\/noticias\/wp-json\/wp\/v2\/media?parent=54742"}],"wp:term":[{"taxonomy":"category","embeddable":true,"href":"https:\/\/radiolifefm.com.br\/noticias\/wp-json\/wp\/v2\/categories?post=54742"},{"taxonomy":"post_tag","embeddable":true,"href":"https:\/\/radiolifefm.com.br\/noticias\/wp-json\/wp\/v2\/tags?post=54742"}],"curies":[{"name":"wp","href":"https:\/\/api.w.org\/{rel}","templated":true}]}}