{"id":54734,"date":"2022-06-13T19:02:05","date_gmt":"2022-06-13T22:02:05","guid":{"rendered":"https:\/\/radiolifefm.com.br\/noticias\/?p=54734"},"modified":"2026-04-24T14:58:24","modified_gmt":"2026-04-24T17:58:24","slug":"apos-30-anos-de-servicos-a-policia-civil-delegada-rita-gea-sanches-anuncia-aposentadoria","status":"publish","type":"post","link":"https:\/\/radiolifefm.com.br\/noticias\/apos-30-anos-de-servicos-a-policia-civil-delegada-rita-gea-sanches-anuncia-aposentadoria\/","title":{"rendered":"Ap\u00f3s 30 anos de servi\u00e7os \u00e0 Pol\u00edcia Civil, delegada Rita Gea Sanches anuncia aposentadoria"},"content":{"rendered":"<div id=\"fb-root\"><\/div>\n<p style=\"font-weight: 400\">A delegada de pol\u00edcia Rita de C\u00e1ssia Gea Sanches, de 52 anos, anunciou sua aposentadoria na Pol\u00edcia Civil do Estado de S\u00e3o Paulo, ap\u00f3s cumprir 30 anos de carreira profissional na seguran\u00e7a p\u00fablica, todos eles dedicados \u00e0 Pol\u00edcia Civil em Adamantina.<\/p>\n<p style=\"font-weight: 400\">Segundo publicou o jornal Di\u00e1rio do Oeste no \u00faltimo s\u00e1bado (11), Rita \u00e9 nascida em Santo Anast\u00e1cio e cursou direito na Faculdade Toledo, em Presidente Prudente. Na sequ\u00eancia participou de concurso p\u00fablico para a carreira de delegada, onde obteve a segunda classifica\u00e7\u00e3o na concorrida disputa.<\/p>\n<figure id=\"attachment_54736\" aria-describedby=\"caption-attachment-54736\" style=\"width: 1007px\" class=\"wp-caption aligncenter\"><img loading=\"lazy\" decoding=\"async\" class=\"wp-image-54736 size-full\" src=\"https:\/\/static.radiolifefm.com.br\/wp-content\/uploads\/sites\/2\/2022\/06\/9608227529517472448733058599509684715520000njpg165514439362a77fc90f4df.jpg\" alt=\"\" width=\"1007\" height=\"1151\" srcset=\"https:\/\/radiolifefm.com.br\/noticias\/wp-content\/uploads\/2022\/06\/9608227529517472448733058599509684715520000njpg165514439362a77fc90f4df.jpg 1007w, https:\/\/radiolifefm.com.br\/noticias\/wp-content\/uploads\/2022\/06\/9608227529517472448733058599509684715520000njpg165514439362a77fc90f4df-262x300.jpg 262w, https:\/\/radiolifefm.com.br\/noticias\/wp-content\/uploads\/2022\/06\/9608227529517472448733058599509684715520000njpg165514439362a77fc90f4df-896x1024.jpg 896w, https:\/\/radiolifefm.com.br\/noticias\/wp-content\/uploads\/2022\/06\/9608227529517472448733058599509684715520000njpg165514439362a77fc90f4df-768x878.jpg 768w\" sizes=\"auto, (max-width: 1007px) 100vw, 1007px\" \/><figcaption id=\"caption-attachment-54736\" class=\"wp-caption-text\">Trabalho vocacionado na Pol\u00edcia Civil (Facebook).<\/figcaption><\/figure>\n<p>Convocada em 1991, cursou a Academia da Pol\u00edcia Civil na cidade de S\u00e3o Paulo, e em 1992 foi designada como titular da Delegacia de Defesa da Mulher (DDM) de Adamantina, com o desafio de implantar o novo modelo de aten\u00e7\u00e3o \u00e0 mulher v\u00edtima de viol\u00eancia, no campo da seguran\u00e7a p\u00fablica. Foi respons\u00e1vel por implantar e executar o programa de prote\u00e7\u00e3o espec\u00edfico \u00e0 mulher, como tamb\u00e9m \u00e0 crian\u00e7a e ao adolescente, demanda conduzida pela unidade policial especializada.<\/p>\n<p style=\"font-weight: 400\">Na DDM Rita ficou por uma d\u00e9cada. Depois, transferiu-se para dirigir a Circunscri\u00e7\u00e3o Regional de Tr\u00e2nsito (Ciretran) de Adamantina, onde permaneceu como diretora por sete anos. Na sequ\u00eancia, em 2009, foi transferida para atuar no 3\u00ba Distrito Policial, instalado inicialmente no Jardim Brasil e depois transferido para o complexo da Pol\u00edcia Civil local, na Alameda Santa Cruz. No 3\u00ba DP atuou at\u00e9 aposentar-se.<\/p>\n<p style=\"font-weight: 400\">Al\u00e9m dessas designa\u00e7\u00f5es, Rita tamb\u00e9m acumulou fun\u00e7\u00f5es e respondeu por diversas outras unidades da Pol\u00edcia Civil na \u00e1rea da Delegacia Seccional de Adamantina.<\/p>\n<p style=\"font-weight: 400\">No balan\u00e7o dessa trajet\u00f3ria ela se declara vocacionada para a profiss\u00e3o que escolheu seguir. \u201c\u00c9 preciso coragem para enfrentar situa\u00e7\u00f5es de risco que a carreira imp\u00f5e. Isso nunca me amedrontou ou fez com que deixasse de realizar a minha tarefa, nem em busca ou opera\u00e7\u00e3o\u201d, disse ao Di\u00e1rio do Oeste. \u201cAcho que j\u00e1 nasci vocacionada para essa profiss\u00e3o\u201d, completou.<\/p>\n<p style=\"font-weight: 400\"><strong>V\u00ednculos<\/strong><\/p>\n<p style=\"font-weight: 400\">Vivendo e trabalhando por tr\u00eas d\u00e9cadas em Adamantina, Rita de construiu uma ampla rede de relacionamento profissional e fez amigos. Pela atua\u00e7\u00e3o da Pol\u00edcia Civil dialogou com diferentes estruturas do sistema de seguran\u00e7a p\u00fablica, como as demais unidades da Pol\u00edcia Civil, Pol\u00edcia Militar, Poder Judici\u00e1rio e Minist\u00e9rio P\u00fablico. Tamb\u00e9m dirigiu e colaborou com opera\u00e7\u00f5es policiais na cidade e regi\u00e3o, na amplitude do servi\u00e7o policial.<\/p>\n<figure id=\"attachment_54735\" aria-describedby=\"caption-attachment-54735\" style=\"width: 1074px\" class=\"wp-caption aligncenter\"><img loading=\"lazy\" decoding=\"async\" class=\"wp-image-54735 size-full\" src=\"https:\/\/static.radiolifefm.com.br\/wp-content\/uploads\/sites\/2\/2022\/06\/24059296342915360308944135890439049264802365njpg165514403962a77e6773482.jpg\" alt=\"\" width=\"1074\" height=\"907\" srcset=\"https:\/\/radiolifefm.com.br\/noticias\/wp-content\/uploads\/2022\/06\/24059296342915360308944135890439049264802365njpg165514403962a77e6773482.jpg 1074w, https:\/\/radiolifefm.com.br\/noticias\/wp-content\/uploads\/2022\/06\/24059296342915360308944135890439049264802365njpg165514403962a77e6773482-300x253.jpg 300w, https:\/\/radiolifefm.com.br\/noticias\/wp-content\/uploads\/2022\/06\/24059296342915360308944135890439049264802365njpg165514403962a77e6773482-1024x865.jpg 1024w, https:\/\/radiolifefm.com.br\/noticias\/wp-content\/uploads\/2022\/06\/24059296342915360308944135890439049264802365njpg165514403962a77e6773482-768x649.jpg 768w\" sizes=\"auto, (max-width: 1074px) 100vw, 1074px\" \/><figcaption id=\"caption-attachment-54735\" class=\"wp-caption-text\">No status de relacionamento s\u00e9rio, Isabelle Patroc\u00ednio e Rita (Facebook).<\/figcaption><\/figure>\n<p>No campo pessoal construiu rela\u00e7\u00f5es afetivas e duradouras com diferentes p\u00fablicos e compartilha sua vida pelas redes sociais, onde tamb\u00e9m se posiciona com clareza e responsabilidade &#8211; e uma certa acidez &#8211; sobre o cen\u00e1rio pol\u00edtico.<\/p>\n<p>&nbsp;<\/p>\n<p>Fonte: Siga Mais<\/p>\n","protected":false},"excerpt":{"rendered":"<p>A delegada de pol\u00edcia Rita de C\u00e1ssia Gea Sanches, de 52 anos, anunciou sua aposentadoria na Pol\u00edcia Civil do Estado de S\u00e3o Paulo, ap\u00f3s cumprir 30 anos de carreira profissional na seguran\u00e7a p\u00fablica, todos eles dedicados \u00e0 Pol\u00edcia Civil em Adamantina. Segundo publicou o jornal Di\u00e1rio do Oeste no \u00faltimo s\u00e1bado (11), Rita \u00e9 nascida [&hellip;]<\/p>\n","protected":false},"author":13,"featured_media":54737,"comment_status":"closed","ping_status":"open","sticky":false,"template":"","format":"standard","meta":{"_acf_changed":false,"_exactmetrics_skip_tracking":false,"_exactmetrics_sitenote_active":false,"_exactmetrics_sitenote_note":"","_exactmetrics_sitenote_category":0,"footnotes":""},"categories":[21],"tags":[],"class_list":["post-54734","post","type-post","status-publish","format-standard","has-post-thumbnail","hentry","category-adamantina"],"acf":[],"yoast_head":"<!-- This site is optimized with the Yoast SEO plugin v27.2 - https:\/\/yoast.com\/product\/yoast-seo-wordpress\/ -->\n<title>Ap\u00f3s 30 anos de servi\u00e7os \u00e0 Pol\u00edcia Civil, delegada Rita Gea Sanches anuncia aposentadoria - R\u00e1dio Life FM<\/title>\n<meta name=\"robots\" content=\"index, follow, max-snippet:-1, max-image-preview:large, max-video-preview:-1\" \/>\n<link rel=\"canonical\" href=\"https:\/\/radiolifefm.com.br\/noticias\/apos-30-anos-de-servicos-a-policia-civil-delegada-rita-gea-sanches-anuncia-aposentadoria\/\" \/>\n<meta property=\"og:locale\" content=\"pt_BR\" \/>\n<meta property=\"og:type\" content=\"article\" \/>\n<meta property=\"og:title\" content=\"Ap\u00f3s 30 anos de servi\u00e7os \u00e0 Pol\u00edcia Civil, delegada Rita Gea Sanches anuncia aposentadoria - R\u00e1dio Life FM\" \/>\n<meta property=\"og:description\" content=\"A delegada de pol\u00edcia Rita de C\u00e1ssia Gea Sanches, de 52 anos, anunciou sua aposentadoria na Pol\u00edcia Civil do Estado de S\u00e3o Paulo, ap\u00f3s cumprir 30 anos de carreira profissional na seguran\u00e7a p\u00fablica, todos eles dedicados \u00e0 Pol\u00edcia Civil em Adamantina. Segundo publicou o jornal Di\u00e1rio do Oeste no \u00faltimo s\u00e1bado (11), Rita \u00e9 nascida [&hellip;]\" \/>\n<meta property=\"og:url\" content=\"https:\/\/radiolifefm.com.br\/noticias\/apos-30-anos-de-servicos-a-policia-civil-delegada-rita-gea-sanches-anuncia-aposentadoria\/\" \/>\n<meta property=\"og:site_name\" content=\"R\u00e1dio Life FM\" \/>\n<meta property=\"article:publisher\" content=\"https:\/\/www.facebook.com\/radiolifefm\/\" \/>\n<meta property=\"article:published_time\" content=\"2022-06-13T22:02:05+00:00\" \/>\n<meta property=\"article:modified_time\" content=\"2026-04-24T17:58:24+00:00\" \/>\n<meta property=\"og:image\" content=\"https:\/\/radiolifefm.com.br\/noticias\/wp-content\/uploads\/2022\/06\/20062763640736111160202404252346874337924769n11jpg165514667262a788b0b3985.jpg\" \/>\n\t<meta property=\"og:image:width\" content=\"600\" \/>\n\t<meta property=\"og:image:height\" content=\"337\" \/>\n\t<meta property=\"og:image:type\" content=\"image\/jpeg\" \/>\n<meta name=\"author\" content=\"ritanery\" \/>\n<meta name=\"twitter:card\" content=\"summary_large_image\" \/>\n<meta name=\"twitter:label1\" content=\"Escrito por\" \/>\n\t<meta name=\"twitter:data1\" content=\"ritanery\" \/>\n\t<meta name=\"twitter:label2\" content=\"Est. tempo de leitura\" \/>\n\t<meta name=\"twitter:data2\" content=\"3 minutos\" \/>\n<script type=\"application\/ld+json\" class=\"yoast-schema-graph\">{\"@context\":\"https:\/\/schema.org\",\"@graph\":[{\"@type\":\"Article\",\"@id\":\"https:\/\/radiolifefm.com.br\/noticias\/apos-30-anos-de-servicos-a-policia-civil-delegada-rita-gea-sanches-anuncia-aposentadoria\/#article\",\"isPartOf\":{\"@id\":\"https:\/\/radiolifefm.com.br\/noticias\/apos-30-anos-de-servicos-a-policia-civil-delegada-rita-gea-sanches-anuncia-aposentadoria\/\"},\"author\":{\"name\":\"ritanery\",\"@id\":\"https:\/\/radiolifefm.com.br\/noticias\/#\/schema\/person\/6339b9fac59d12b071dec680d7375d87\"},\"headline\":\"Ap\u00f3s 30 anos de servi\u00e7os \u00e0 Pol\u00edcia Civil, delegada Rita Gea Sanches anuncia aposentadoria\",\"datePublished\":\"2022-06-13T22:02:05+00:00\",\"dateModified\":\"2026-04-24T17:58:24+00:00\",\"mainEntityOfPage\":{\"@id\":\"https:\/\/radiolifefm.com.br\/noticias\/apos-30-anos-de-servicos-a-policia-civil-delegada-rita-gea-sanches-anuncia-aposentadoria\/\"},\"wordCount\":511,\"publisher\":{\"@id\":\"https:\/\/radiolifefm.com.br\/noticias\/#organization\"},\"image\":{\"@id\":\"https:\/\/radiolifefm.com.br\/noticias\/apos-30-anos-de-servicos-a-policia-civil-delegada-rita-gea-sanches-anuncia-aposentadoria\/#primaryimage\"},\"thumbnailUrl\":\"https:\/\/radiolifefm.com.br\/noticias\/wp-content\/uploads\/2022\/06\/20062763640736111160202404252346874337924769n11jpg165514667262a788b0b3985.jpg\",\"articleSection\":[\"Adamantina\"],\"inLanguage\":\"pt-BR\"},{\"@type\":\"WebPage\",\"@id\":\"https:\/\/radiolifefm.com.br\/noticias\/apos-30-anos-de-servicos-a-policia-civil-delegada-rita-gea-sanches-anuncia-aposentadoria\/\",\"url\":\"https:\/\/radiolifefm.com.br\/noticias\/apos-30-anos-de-servicos-a-policia-civil-delegada-rita-gea-sanches-anuncia-aposentadoria\/\",\"name\":\"Ap\u00f3s 30 anos de servi\u00e7os \u00e0 Pol\u00edcia Civil, delegada Rita Gea Sanches anuncia aposentadoria - R\u00e1dio Life FM\",\"isPartOf\":{\"@id\":\"https:\/\/radiolifefm.com.br\/noticias\/#website\"},\"primaryImageOfPage\":{\"@id\":\"https:\/\/radiolifefm.com.br\/noticias\/apos-30-anos-de-servicos-a-policia-civil-delegada-rita-gea-sanches-anuncia-aposentadoria\/#primaryimage\"},\"image\":{\"@id\":\"https:\/\/radiolifefm.com.br\/noticias\/apos-30-anos-de-servicos-a-policia-civil-delegada-rita-gea-sanches-anuncia-aposentadoria\/#primaryimage\"},\"thumbnailUrl\":\"https:\/\/radiolifefm.com.br\/noticias\/wp-content\/uploads\/2022\/06\/20062763640736111160202404252346874337924769n11jpg165514667262a788b0b3985.jpg\",\"datePublished\":\"2022-06-13T22:02:05+00:00\",\"dateModified\":\"2026-04-24T17:58:24+00:00\",\"breadcrumb\":{\"@id\":\"https:\/\/radiolifefm.com.br\/noticias\/apos-30-anos-de-servicos-a-policia-civil-delegada-rita-gea-sanches-anuncia-aposentadoria\/#breadcrumb\"},\"inLanguage\":\"pt-BR\",\"potentialAction\":[{\"@type\":\"ReadAction\",\"target\":[\"https:\/\/radiolifefm.com.br\/noticias\/apos-30-anos-de-servicos-a-policia-civil-delegada-rita-gea-sanches-anuncia-aposentadoria\/\"]}]},{\"@type\":\"ImageObject\",\"inLanguage\":\"pt-BR\",\"@id\":\"https:\/\/radiolifefm.com.br\/noticias\/apos-30-anos-de-servicos-a-policia-civil-delegada-rita-gea-sanches-anuncia-aposentadoria\/#primaryimage\",\"url\":\"https:\/\/radiolifefm.com.br\/noticias\/wp-content\/uploads\/2022\/06\/20062763640736111160202404252346874337924769n11jpg165514667262a788b0b3985.jpg\",\"contentUrl\":\"https:\/\/radiolifefm.com.br\/noticias\/wp-content\/uploads\/2022\/06\/20062763640736111160202404252346874337924769n11jpg165514667262a788b0b3985.jpg\",\"width\":600,\"height\":337,\"caption\":\"A delegada da Pol\u00edcia Civil aposentada, Rita de C\u00e1ssia Gea Sanches (Facebook).\"},{\"@type\":\"BreadcrumbList\",\"@id\":\"https:\/\/radiolifefm.com.br\/noticias\/apos-30-anos-de-servicos-a-policia-civil-delegada-rita-gea-sanches-anuncia-aposentadoria\/#breadcrumb\",\"itemListElement\":[{\"@type\":\"ListItem\",\"position\":1,\"name\":\"In\u00edcio\",\"item\":\"https:\/\/radiolifefm.com.br\/noticias\/\"},{\"@type\":\"ListItem\",\"position\":2,\"name\":\"Ap\u00f3s 30 anos de servi\u00e7os \u00e0 Pol\u00edcia Civil, delegada Rita Gea Sanches anuncia aposentadoria\"}]},{\"@type\":\"WebSite\",\"@id\":\"https:\/\/radiolifefm.com.br\/noticias\/#website\",\"url\":\"https:\/\/radiolifefm.com.br\/noticias\/\",\"name\":\"R\u00e1dio Life FM\",\"description\":\"O Portal de Not\u00edcias de Adamantina\",\"publisher\":{\"@id\":\"https:\/\/radiolifefm.com.br\/noticias\/#organization\"},\"alternateName\":\"Life FM\",\"potentialAction\":[{\"@type\":\"SearchAction\",\"target\":{\"@type\":\"EntryPoint\",\"urlTemplate\":\"https:\/\/radiolifefm.com.br\/noticias\/?s={search_term_string}\"},\"query-input\":{\"@type\":\"PropertyValueSpecification\",\"valueRequired\":true,\"valueName\":\"search_term_string\"}}],\"inLanguage\":\"pt-BR\"},{\"@type\":\"Organization\",\"@id\":\"https:\/\/radiolifefm.com.br\/noticias\/#organization\",\"name\":\"R\u00e1dio Life FM\",\"alternateName\":\"Life FM\",\"url\":\"https:\/\/radiolifefm.com.br\/noticias\/\",\"logo\":{\"@type\":\"ImageObject\",\"inLanguage\":\"pt-BR\",\"@id\":\"https:\/\/radiolifefm.com.br\/noticias\/#\/schema\/logo\/image\/\",\"url\":\"https:\/\/static.radiolifefm.com.br\/noticias\/wp-content\/uploads\/2019\/10\/logo-lifefm.png\",\"contentUrl\":\"https:\/\/static.radiolifefm.com.br\/noticias\/wp-content\/uploads\/2019\/10\/logo-lifefm.png\",\"width\":196,\"height\":47,\"caption\":\"R\u00e1dio Life FM\"},\"image\":{\"@id\":\"https:\/\/radiolifefm.com.br\/noticias\/#\/schema\/logo\/image\/\"},\"sameAs\":[\"https:\/\/www.facebook.com\/radiolifefm\/\",\"https:\/\/www.instagram.com\/life1079fm\/\"]},{\"@type\":\"Person\",\"@id\":\"https:\/\/radiolifefm.com.br\/noticias\/#\/schema\/person\/6339b9fac59d12b071dec680d7375d87\",\"name\":\"ritanery\",\"image\":{\"@type\":\"ImageObject\",\"inLanguage\":\"pt-BR\",\"@id\":\"https:\/\/secure.gravatar.com\/avatar\/0e37bb19071f47c0b8a23f62a903df117c5a0e75f65a0c2901562f97cd41cf86?s=96&d=mm&r=g\",\"url\":\"https:\/\/secure.gravatar.com\/avatar\/0e37bb19071f47c0b8a23f62a903df117c5a0e75f65a0c2901562f97cd41cf86?s=96&d=mm&r=g\",\"contentUrl\":\"https:\/\/secure.gravatar.com\/avatar\/0e37bb19071f47c0b8a23f62a903df117c5a0e75f65a0c2901562f97cd41cf86?s=96&d=mm&r=g\",\"caption\":\"ritanery\"}}]}<\/script>\n<!-- \/ Yoast SEO plugin. -->","yoast_head_json":{"title":"Ap\u00f3s 30 anos de servi\u00e7os \u00e0 Pol\u00edcia Civil, delegada Rita Gea Sanches anuncia aposentadoria - R\u00e1dio Life FM","robots":{"index":"index","follow":"follow","max-snippet":"max-snippet:-1","max-image-preview":"max-image-preview:large","max-video-preview":"max-video-preview:-1"},"canonical":"https:\/\/radiolifefm.com.br\/noticias\/apos-30-anos-de-servicos-a-policia-civil-delegada-rita-gea-sanches-anuncia-aposentadoria\/","og_locale":"pt_BR","og_type":"article","og_title":"Ap\u00f3s 30 anos de servi\u00e7os \u00e0 Pol\u00edcia Civil, delegada Rita Gea Sanches anuncia aposentadoria - R\u00e1dio Life FM","og_description":"A delegada de pol\u00edcia Rita de C\u00e1ssia Gea Sanches, de 52 anos, anunciou sua aposentadoria na Pol\u00edcia Civil do Estado de S\u00e3o Paulo, ap\u00f3s cumprir 30 anos de carreira profissional na seguran\u00e7a p\u00fablica, todos eles dedicados \u00e0 Pol\u00edcia Civil em Adamantina. Segundo publicou o jornal Di\u00e1rio do Oeste no \u00faltimo s\u00e1bado (11), Rita \u00e9 nascida [&hellip;]","og_url":"https:\/\/radiolifefm.com.br\/noticias\/apos-30-anos-de-servicos-a-policia-civil-delegada-rita-gea-sanches-anuncia-aposentadoria\/","og_site_name":"R\u00e1dio Life FM","article_publisher":"https:\/\/www.facebook.com\/radiolifefm\/","article_published_time":"2022-06-13T22:02:05+00:00","article_modified_time":"2026-04-24T17:58:24+00:00","og_image":[{"width":600,"height":337,"url":"https:\/\/radiolifefm.com.br\/noticias\/wp-content\/uploads\/2022\/06\/20062763640736111160202404252346874337924769n11jpg165514667262a788b0b3985.jpg","type":"image\/jpeg"}],"author":"ritanery","twitter_card":"summary_large_image","twitter_misc":{"Escrito por":"ritanery","Est. tempo de leitura":"3 minutos"},"schema":{"@context":"https:\/\/schema.org","@graph":[{"@type":"Article","@id":"https:\/\/radiolifefm.com.br\/noticias\/apos-30-anos-de-servicos-a-policia-civil-delegada-rita-gea-sanches-anuncia-aposentadoria\/#article","isPartOf":{"@id":"https:\/\/radiolifefm.com.br\/noticias\/apos-30-anos-de-servicos-a-policia-civil-delegada-rita-gea-sanches-anuncia-aposentadoria\/"},"author":{"name":"ritanery","@id":"https:\/\/radiolifefm.com.br\/noticias\/#\/schema\/person\/6339b9fac59d12b071dec680d7375d87"},"headline":"Ap\u00f3s 30 anos de servi\u00e7os \u00e0 Pol\u00edcia Civil, delegada Rita Gea Sanches anuncia aposentadoria","datePublished":"2022-06-13T22:02:05+00:00","dateModified":"2026-04-24T17:58:24+00:00","mainEntityOfPage":{"@id":"https:\/\/radiolifefm.com.br\/noticias\/apos-30-anos-de-servicos-a-policia-civil-delegada-rita-gea-sanches-anuncia-aposentadoria\/"},"wordCount":511,"publisher":{"@id":"https:\/\/radiolifefm.com.br\/noticias\/#organization"},"image":{"@id":"https:\/\/radiolifefm.com.br\/noticias\/apos-30-anos-de-servicos-a-policia-civil-delegada-rita-gea-sanches-anuncia-aposentadoria\/#primaryimage"},"thumbnailUrl":"https:\/\/radiolifefm.com.br\/noticias\/wp-content\/uploads\/2022\/06\/20062763640736111160202404252346874337924769n11jpg165514667262a788b0b3985.jpg","articleSection":["Adamantina"],"inLanguage":"pt-BR"},{"@type":"WebPage","@id":"https:\/\/radiolifefm.com.br\/noticias\/apos-30-anos-de-servicos-a-policia-civil-delegada-rita-gea-sanches-anuncia-aposentadoria\/","url":"https:\/\/radiolifefm.com.br\/noticias\/apos-30-anos-de-servicos-a-policia-civil-delegada-rita-gea-sanches-anuncia-aposentadoria\/","name":"Ap\u00f3s 30 anos de servi\u00e7os \u00e0 Pol\u00edcia Civil, delegada Rita Gea Sanches anuncia aposentadoria - R\u00e1dio Life FM","isPartOf":{"@id":"https:\/\/radiolifefm.com.br\/noticias\/#website"},"primaryImageOfPage":{"@id":"https:\/\/radiolifefm.com.br\/noticias\/apos-30-anos-de-servicos-a-policia-civil-delegada-rita-gea-sanches-anuncia-aposentadoria\/#primaryimage"},"image":{"@id":"https:\/\/radiolifefm.com.br\/noticias\/apos-30-anos-de-servicos-a-policia-civil-delegada-rita-gea-sanches-anuncia-aposentadoria\/#primaryimage"},"thumbnailUrl":"https:\/\/radiolifefm.com.br\/noticias\/wp-content\/uploads\/2022\/06\/20062763640736111160202404252346874337924769n11jpg165514667262a788b0b3985.jpg","datePublished":"2022-06-13T22:02:05+00:00","dateModified":"2026-04-24T17:58:24+00:00","breadcrumb":{"@id":"https:\/\/radiolifefm.com.br\/noticias\/apos-30-anos-de-servicos-a-policia-civil-delegada-rita-gea-sanches-anuncia-aposentadoria\/#breadcrumb"},"inLanguage":"pt-BR","potentialAction":[{"@type":"ReadAction","target":["https:\/\/radiolifefm.com.br\/noticias\/apos-30-anos-de-servicos-a-policia-civil-delegada-rita-gea-sanches-anuncia-aposentadoria\/"]}]},{"@type":"ImageObject","inLanguage":"pt-BR","@id":"https:\/\/radiolifefm.com.br\/noticias\/apos-30-anos-de-servicos-a-policia-civil-delegada-rita-gea-sanches-anuncia-aposentadoria\/#primaryimage","url":"https:\/\/radiolifefm.com.br\/noticias\/wp-content\/uploads\/2022\/06\/20062763640736111160202404252346874337924769n11jpg165514667262a788b0b3985.jpg","contentUrl":"https:\/\/radiolifefm.com.br\/noticias\/wp-content\/uploads\/2022\/06\/20062763640736111160202404252346874337924769n11jpg165514667262a788b0b3985.jpg","width":600,"height":337,"caption":"A delegada da Pol\u00edcia Civil aposentada, Rita de C\u00e1ssia Gea Sanches (Facebook)."},{"@type":"BreadcrumbList","@id":"https:\/\/radiolifefm.com.br\/noticias\/apos-30-anos-de-servicos-a-policia-civil-delegada-rita-gea-sanches-anuncia-aposentadoria\/#breadcrumb","itemListElement":[{"@type":"ListItem","position":1,"name":"In\u00edcio","item":"https:\/\/radiolifefm.com.br\/noticias\/"},{"@type":"ListItem","position":2,"name":"Ap\u00f3s 30 anos de servi\u00e7os \u00e0 Pol\u00edcia Civil, delegada Rita Gea Sanches anuncia aposentadoria"}]},{"@type":"WebSite","@id":"https:\/\/radiolifefm.com.br\/noticias\/#website","url":"https:\/\/radiolifefm.com.br\/noticias\/","name":"R\u00e1dio Life FM","description":"O Portal de Not\u00edcias de Adamantina","publisher":{"@id":"https:\/\/radiolifefm.com.br\/noticias\/#organization"},"alternateName":"Life FM","potentialAction":[{"@type":"SearchAction","target":{"@type":"EntryPoint","urlTemplate":"https:\/\/radiolifefm.com.br\/noticias\/?s={search_term_string}"},"query-input":{"@type":"PropertyValueSpecification","valueRequired":true,"valueName":"search_term_string"}}],"inLanguage":"pt-BR"},{"@type":"Organization","@id":"https:\/\/radiolifefm.com.br\/noticias\/#organization","name":"R\u00e1dio Life FM","alternateName":"Life FM","url":"https:\/\/radiolifefm.com.br\/noticias\/","logo":{"@type":"ImageObject","inLanguage":"pt-BR","@id":"https:\/\/radiolifefm.com.br\/noticias\/#\/schema\/logo\/image\/","url":"https:\/\/static.radiolifefm.com.br\/noticias\/wp-content\/uploads\/2019\/10\/logo-lifefm.png","contentUrl":"https:\/\/static.radiolifefm.com.br\/noticias\/wp-content\/uploads\/2019\/10\/logo-lifefm.png","width":196,"height":47,"caption":"R\u00e1dio Life FM"},"image":{"@id":"https:\/\/radiolifefm.com.br\/noticias\/#\/schema\/logo\/image\/"},"sameAs":["https:\/\/www.facebook.com\/radiolifefm\/","https:\/\/www.instagram.com\/life1079fm\/"]},{"@type":"Person","@id":"https:\/\/radiolifefm.com.br\/noticias\/#\/schema\/person\/6339b9fac59d12b071dec680d7375d87","name":"ritanery","image":{"@type":"ImageObject","inLanguage":"pt-BR","@id":"https:\/\/secure.gravatar.com\/avatar\/0e37bb19071f47c0b8a23f62a903df117c5a0e75f65a0c2901562f97cd41cf86?s=96&d=mm&r=g","url":"https:\/\/secure.gravatar.com\/avatar\/0e37bb19071f47c0b8a23f62a903df117c5a0e75f65a0c2901562f97cd41cf86?s=96&d=mm&r=g","contentUrl":"https:\/\/secure.gravatar.com\/avatar\/0e37bb19071f47c0b8a23f62a903df117c5a0e75f65a0c2901562f97cd41cf86?s=96&d=mm&r=g","caption":"ritanery"}}]}},"amp_enabled":true,"_links":{"self":[{"href":"https:\/\/radiolifefm.com.br\/noticias\/wp-json\/wp\/v2\/posts\/54734","targetHints":{"allow":["GET"]}}],"collection":[{"href":"https:\/\/radiolifefm.com.br\/noticias\/wp-json\/wp\/v2\/posts"}],"about":[{"href":"https:\/\/radiolifefm.com.br\/noticias\/wp-json\/wp\/v2\/types\/post"}],"author":[{"embeddable":true,"href":"https:\/\/radiolifefm.com.br\/noticias\/wp-json\/wp\/v2\/users\/13"}],"replies":[{"embeddable":true,"href":"https:\/\/radiolifefm.com.br\/noticias\/wp-json\/wp\/v2\/comments?post=54734"}],"version-history":[{"count":4,"href":"https:\/\/radiolifefm.com.br\/noticias\/wp-json\/wp\/v2\/posts\/54734\/revisions"}],"predecessor-version":[{"id":54741,"href":"https:\/\/radiolifefm.com.br\/noticias\/wp-json\/wp\/v2\/posts\/54734\/revisions\/54741"}],"wp:featuredmedia":[{"embeddable":true,"href":"https:\/\/radiolifefm.com.br\/noticias\/wp-json\/wp\/v2\/media\/54737"}],"wp:attachment":[{"href":"https:\/\/radiolifefm.com.br\/noticias\/wp-json\/wp\/v2\/media?parent=54734"}],"wp:term":[{"taxonomy":"category","embeddable":true,"href":"https:\/\/radiolifefm.com.br\/noticias\/wp-json\/wp\/v2\/categories?post=54734"},{"taxonomy":"post_tag","embeddable":true,"href":"https:\/\/radiolifefm.com.br\/noticias\/wp-json\/wp\/v2\/tags?post=54734"}],"curies":[{"name":"wp","href":"https:\/\/api.w.org\/{rel}","templated":true}]}}