{"id":54681,"date":"2022-06-11T08:04:18","date_gmt":"2022-06-11T11:04:18","guid":{"rendered":"https:\/\/radiolifefm.com.br\/noticias\/?p=54681"},"modified":"2026-04-19T01:39:17","modified_gmt":"2026-04-19T04:39:17","slug":"prefeitura-de-adamantina-realiza-o-lancamento-das-obras-de-adequacao-das-futuras-instalacoes-da-casa-afro-adamantina","status":"publish","type":"post","link":"https:\/\/radiolifefm.com.br\/noticias\/prefeitura-de-adamantina-realiza-o-lancamento-das-obras-de-adequacao-das-futuras-instalacoes-da-casa-afro-adamantina\/","title":{"rendered":"Prefeitura de Adamantina realiza o lan\u00e7amento das obras de adequa\u00e7\u00e3o das futuras instala\u00e7\u00f5es da \u201cCasa Afro Adamantina\u201d"},"content":{"rendered":"<div id=\"fb-root\"><\/div>\n<p>Em uma cerim\u00f4nia que reuniu autoridades municipais, representantes do Conselho de Cultura, da diretoria do Jardim Primavera e dos skatistas que realizam um trabalho social no Vale das Pedrinhas, teve in\u00edcio \u00e0s obras de adequa\u00e7\u00e3o do local que receber\u00e1 a \u201cCasa Afro Adamantina\u201d.<\/p>\n<p>O local escolhido para abrir esse espa\u00e7o que vai oferecer sa\u00fade, presta\u00e7\u00e3o de servi\u00e7o e demais atividades ser\u00e1 o Centro Comunit\u00e1rio do Jardim Primavera.<\/p>\n<p>O secret\u00e1rio de cultura, S\u00e9rgio Vanderlei, em seu discurso, ressaltou a import\u00e2ncia do passo que Adamantina est\u00e1 dando no sentido de olhar a popula\u00e7\u00e3o em geral e atender as necessidades.<\/p>\n<p style=\"font-weight: 400\">O presidente do Jardim Primavera, Clovis Donizete Fiorentin \u201cTerrinha\u201d ressaltou que as obras dar\u00e3o um novo visual ao espa\u00e7o e isso \u00e9 muito importante, pois a popula\u00e7\u00e3o do local estava desejando que isso acontecesse a fim de dar uma utilidade para a \u00e1rea.<\/p>\n<p>A presidente do Conselho de Cultura e\u00a0idealizadora do Grupo Gangazumba de Cultura Negra, Meire Cunha, agradeceu ao prefeito pela cria\u00e7\u00e3o do espa\u00e7o.<\/p>\n<p style=\"font-weight: 400\">\u201cA ideia foi dele. Ele acreditou em nosso grupo, conheceu o projeto e n\u00e3o vem medindo esfor\u00e7os para que ele se concretize. Al\u00e9m disso, o M\u00e1rcio se empenhou para que fosse estabelecida uma uni\u00e3o entre os meninos que atuam no Vale das Pedrinhas, o Gangazumba e a associa\u00e7\u00e3o de moradores do bairro\u201d, afirma.<\/p>\n<p>O prefeito M\u00e1rcio Cardim ressaltou que quem faz a gest\u00e3o deve trabalhar a quest\u00e3o da equidade social. \u201cAs a\u00e7\u00f5es aqui aconteceram em conjunto unindo o Vale das Pedrinhas, o Gangazumba, a Associa\u00e7\u00e3o e a Casa Afro. O poder p\u00fablico est\u00e1 dando o pontap\u00e9 inicial, mas a sociedade precisa ajudar para que o espa\u00e7o seja autossustent\u00e1vel\u201d, finaliza.<\/p>\n<p><strong>Sobre a Casa Afro<\/strong><\/p>\n<p>A implanta\u00e7\u00e3o da &#8220;Casa Afro Adamantina&#8221; visa o reconhecimento e valoriza\u00e7\u00e3o da hist\u00f3ria e cultura afro-brasileira, promo\u00e7\u00e3o de pol\u00edticas p\u00fablicas de desenvolvimento social e econ\u00f4mico, justi\u00e7a e enfrentamento ao racismo religioso, institucional e estrutural.<\/p>\n<p>No espa\u00e7o onde a Casa Afro est\u00e1 sendo implantada, funciona uma pista de skate com projeto Vale das Pedrinhas onde v\u00e1rios skatistas volunt\u00e1rios desenvolvem atividades esportivas com crian\u00e7as e adolescentes em situa\u00e7\u00e3o de vulnerabilidade social.<\/p>\n<p>As obras est\u00e3o sendo executadas com recursos pr\u00f3prios e visa ampliar o local onde ser\u00e1 instalada a Casa Afro, reforma da pista de skate bem como do Centro Comunit\u00e1rio.<\/p>\n<p>&nbsp;<\/p>\n<p>Fonte: Assessoria de Imprensa<\/p>\n","protected":false},"excerpt":{"rendered":"<p>Em uma cerim\u00f4nia que reuniu autoridades municipais, representantes do Conselho de Cultura, da diretoria do Jardim Primavera e dos skatistas que realizam um trabalho social no Vale das Pedrinhas, teve in\u00edcio \u00e0s obras de adequa\u00e7\u00e3o do local que receber\u00e1 a \u201cCasa Afro Adamantina\u201d. O local escolhido para abrir esse espa\u00e7o que vai oferecer sa\u00fade, presta\u00e7\u00e3o [&hellip;]<\/p>\n","protected":false},"author":13,"featured_media":54682,"comment_status":"closed","ping_status":"open","sticky":false,"template":"","format":"standard","meta":{"_acf_changed":false,"_exactmetrics_skip_tracking":false,"_exactmetrics_sitenote_active":false,"_exactmetrics_sitenote_note":"","_exactmetrics_sitenote_category":0,"footnotes":""},"categories":[21],"tags":[],"class_list":["post-54681","post","type-post","status-publish","format-standard","has-post-thumbnail","hentry","category-adamantina"],"acf":[],"yoast_head":"<!-- This site is optimized with the Yoast SEO plugin v27.2 - https:\/\/yoast.com\/product\/yoast-seo-wordpress\/ -->\n<title>Prefeitura de Adamantina realiza o lan\u00e7amento das obras de adequa\u00e7\u00e3o das futuras instala\u00e7\u00f5es da \u201cCasa Afro Adamantina\u201d - R\u00e1dio Life FM<\/title>\n<meta name=\"robots\" content=\"index, follow, max-snippet:-1, max-image-preview:large, max-video-preview:-1\" \/>\n<link rel=\"canonical\" href=\"https:\/\/radiolifefm.com.br\/noticias\/prefeitura-de-adamantina-realiza-o-lancamento-das-obras-de-adequacao-das-futuras-instalacoes-da-casa-afro-adamantina\/\" \/>\n<meta property=\"og:locale\" content=\"pt_BR\" \/>\n<meta property=\"og:type\" content=\"article\" \/>\n<meta property=\"og:title\" content=\"Prefeitura de Adamantina realiza o lan\u00e7amento das obras de adequa\u00e7\u00e3o das futuras instala\u00e7\u00f5es da \u201cCasa Afro Adamantina\u201d - R\u00e1dio Life FM\" \/>\n<meta property=\"og:description\" content=\"Em uma cerim\u00f4nia que reuniu autoridades municipais, representantes do Conselho de Cultura, da diretoria do Jardim Primavera e dos skatistas que realizam um trabalho social no Vale das Pedrinhas, teve in\u00edcio \u00e0s obras de adequa\u00e7\u00e3o do local que receber\u00e1 a \u201cCasa Afro Adamantina\u201d. O local escolhido para abrir esse espa\u00e7o que vai oferecer sa\u00fade, presta\u00e7\u00e3o [&hellip;]\" \/>\n<meta property=\"og:url\" content=\"https:\/\/radiolifefm.com.br\/noticias\/prefeitura-de-adamantina-realiza-o-lancamento-das-obras-de-adequacao-das-futuras-instalacoes-da-casa-afro-adamantina\/\" \/>\n<meta property=\"og:site_name\" content=\"R\u00e1dio Life FM\" \/>\n<meta property=\"article:publisher\" content=\"https:\/\/www.facebook.com\/radiolifefm\/\" \/>\n<meta property=\"article:published_time\" content=\"2022-06-11T11:04:18+00:00\" \/>\n<meta property=\"article:modified_time\" content=\"2026-04-19T04:39:17+00:00\" \/>\n<meta property=\"og:image\" content=\"https:\/\/radiolifefm.com.br\/noticias\/wp-content\/uploads\/2022\/06\/foto-scaled.jpg\" \/>\n\t<meta property=\"og:image:width\" content=\"2560\" \/>\n\t<meta property=\"og:image:height\" content=\"1711\" \/>\n\t<meta property=\"og:image:type\" content=\"image\/jpeg\" \/>\n<meta name=\"author\" content=\"ritanery\" \/>\n<meta name=\"twitter:card\" content=\"summary_large_image\" \/>\n<meta name=\"twitter:label1\" content=\"Escrito por\" \/>\n\t<meta name=\"twitter:data1\" content=\"ritanery\" \/>\n\t<meta name=\"twitter:label2\" content=\"Est. tempo de leitura\" \/>\n\t<meta name=\"twitter:data2\" content=\"2 minutos\" \/>\n<script type=\"application\/ld+json\" class=\"yoast-schema-graph\">{\"@context\":\"https:\/\/schema.org\",\"@graph\":[{\"@type\":\"Article\",\"@id\":\"https:\/\/radiolifefm.com.br\/noticias\/prefeitura-de-adamantina-realiza-o-lancamento-das-obras-de-adequacao-das-futuras-instalacoes-da-casa-afro-adamantina\/#article\",\"isPartOf\":{\"@id\":\"https:\/\/radiolifefm.com.br\/noticias\/prefeitura-de-adamantina-realiza-o-lancamento-das-obras-de-adequacao-das-futuras-instalacoes-da-casa-afro-adamantina\/\"},\"author\":{\"name\":\"ritanery\",\"@id\":\"https:\/\/radiolifefm.com.br\/noticias\/#\/schema\/person\/6339b9fac59d12b071dec680d7375d87\"},\"headline\":\"Prefeitura de Adamantina realiza o lan\u00e7amento das obras de adequa\u00e7\u00e3o das futuras instala\u00e7\u00f5es da \u201cCasa Afro Adamantina\u201d\",\"datePublished\":\"2022-06-11T11:04:18+00:00\",\"dateModified\":\"2026-04-19T04:39:17+00:00\",\"mainEntityOfPage\":{\"@id\":\"https:\/\/radiolifefm.com.br\/noticias\/prefeitura-de-adamantina-realiza-o-lancamento-das-obras-de-adequacao-das-futuras-instalacoes-da-casa-afro-adamantina\/\"},\"wordCount\":445,\"publisher\":{\"@id\":\"https:\/\/radiolifefm.com.br\/noticias\/#organization\"},\"image\":{\"@id\":\"https:\/\/radiolifefm.com.br\/noticias\/prefeitura-de-adamantina-realiza-o-lancamento-das-obras-de-adequacao-das-futuras-instalacoes-da-casa-afro-adamantina\/#primaryimage\"},\"thumbnailUrl\":\"https:\/\/radiolifefm.com.br\/noticias\/wp-content\/uploads\/2022\/06\/foto-scaled.jpg\",\"articleSection\":[\"Adamantina\"],\"inLanguage\":\"pt-BR\"},{\"@type\":\"WebPage\",\"@id\":\"https:\/\/radiolifefm.com.br\/noticias\/prefeitura-de-adamantina-realiza-o-lancamento-das-obras-de-adequacao-das-futuras-instalacoes-da-casa-afro-adamantina\/\",\"url\":\"https:\/\/radiolifefm.com.br\/noticias\/prefeitura-de-adamantina-realiza-o-lancamento-das-obras-de-adequacao-das-futuras-instalacoes-da-casa-afro-adamantina\/\",\"name\":\"Prefeitura de Adamantina realiza o lan\u00e7amento das obras de adequa\u00e7\u00e3o das futuras instala\u00e7\u00f5es da \u201cCasa Afro Adamantina\u201d - R\u00e1dio Life FM\",\"isPartOf\":{\"@id\":\"https:\/\/radiolifefm.com.br\/noticias\/#website\"},\"primaryImageOfPage\":{\"@id\":\"https:\/\/radiolifefm.com.br\/noticias\/prefeitura-de-adamantina-realiza-o-lancamento-das-obras-de-adequacao-das-futuras-instalacoes-da-casa-afro-adamantina\/#primaryimage\"},\"image\":{\"@id\":\"https:\/\/radiolifefm.com.br\/noticias\/prefeitura-de-adamantina-realiza-o-lancamento-das-obras-de-adequacao-das-futuras-instalacoes-da-casa-afro-adamantina\/#primaryimage\"},\"thumbnailUrl\":\"https:\/\/radiolifefm.com.br\/noticias\/wp-content\/uploads\/2022\/06\/foto-scaled.jpg\",\"datePublished\":\"2022-06-11T11:04:18+00:00\",\"dateModified\":\"2026-04-19T04:39:17+00:00\",\"breadcrumb\":{\"@id\":\"https:\/\/radiolifefm.com.br\/noticias\/prefeitura-de-adamantina-realiza-o-lancamento-das-obras-de-adequacao-das-futuras-instalacoes-da-casa-afro-adamantina\/#breadcrumb\"},\"inLanguage\":\"pt-BR\",\"potentialAction\":[{\"@type\":\"ReadAction\",\"target\":[\"https:\/\/radiolifefm.com.br\/noticias\/prefeitura-de-adamantina-realiza-o-lancamento-das-obras-de-adequacao-das-futuras-instalacoes-da-casa-afro-adamantina\/\"]}]},{\"@type\":\"ImageObject\",\"inLanguage\":\"pt-BR\",\"@id\":\"https:\/\/radiolifefm.com.br\/noticias\/prefeitura-de-adamantina-realiza-o-lancamento-das-obras-de-adequacao-das-futuras-instalacoes-da-casa-afro-adamantina\/#primaryimage\",\"url\":\"https:\/\/radiolifefm.com.br\/noticias\/wp-content\/uploads\/2022\/06\/foto-scaled.jpg\",\"contentUrl\":\"https:\/\/radiolifefm.com.br\/noticias\/wp-content\/uploads\/2022\/06\/foto-scaled.jpg\",\"width\":2560,\"height\":1711},{\"@type\":\"BreadcrumbList\",\"@id\":\"https:\/\/radiolifefm.com.br\/noticias\/prefeitura-de-adamantina-realiza-o-lancamento-das-obras-de-adequacao-das-futuras-instalacoes-da-casa-afro-adamantina\/#breadcrumb\",\"itemListElement\":[{\"@type\":\"ListItem\",\"position\":1,\"name\":\"In\u00edcio\",\"item\":\"https:\/\/radiolifefm.com.br\/noticias\/\"},{\"@type\":\"ListItem\",\"position\":2,\"name\":\"Prefeitura de Adamantina realiza o lan\u00e7amento das obras de adequa\u00e7\u00e3o das futuras instala\u00e7\u00f5es da \u201cCasa Afro Adamantina\u201d\"}]},{\"@type\":\"WebSite\",\"@id\":\"https:\/\/radiolifefm.com.br\/noticias\/#website\",\"url\":\"https:\/\/radiolifefm.com.br\/noticias\/\",\"name\":\"R\u00e1dio Life FM\",\"description\":\"O Portal de Not\u00edcias de Adamantina\",\"publisher\":{\"@id\":\"https:\/\/radiolifefm.com.br\/noticias\/#organization\"},\"alternateName\":\"Life FM\",\"potentialAction\":[{\"@type\":\"SearchAction\",\"target\":{\"@type\":\"EntryPoint\",\"urlTemplate\":\"https:\/\/radiolifefm.com.br\/noticias\/?s={search_term_string}\"},\"query-input\":{\"@type\":\"PropertyValueSpecification\",\"valueRequired\":true,\"valueName\":\"search_term_string\"}}],\"inLanguage\":\"pt-BR\"},{\"@type\":\"Organization\",\"@id\":\"https:\/\/radiolifefm.com.br\/noticias\/#organization\",\"name\":\"R\u00e1dio Life FM\",\"alternateName\":\"Life FM\",\"url\":\"https:\/\/radiolifefm.com.br\/noticias\/\",\"logo\":{\"@type\":\"ImageObject\",\"inLanguage\":\"pt-BR\",\"@id\":\"https:\/\/radiolifefm.com.br\/noticias\/#\/schema\/logo\/image\/\",\"url\":\"https:\/\/static.radiolifefm.com.br\/noticias\/wp-content\/uploads\/2019\/10\/logo-lifefm.png\",\"contentUrl\":\"https:\/\/static.radiolifefm.com.br\/noticias\/wp-content\/uploads\/2019\/10\/logo-lifefm.png\",\"width\":196,\"height\":47,\"caption\":\"R\u00e1dio Life FM\"},\"image\":{\"@id\":\"https:\/\/radiolifefm.com.br\/noticias\/#\/schema\/logo\/image\/\"},\"sameAs\":[\"https:\/\/www.facebook.com\/radiolifefm\/\",\"https:\/\/www.instagram.com\/life1079fm\/\"]},{\"@type\":\"Person\",\"@id\":\"https:\/\/radiolifefm.com.br\/noticias\/#\/schema\/person\/6339b9fac59d12b071dec680d7375d87\",\"name\":\"ritanery\",\"image\":{\"@type\":\"ImageObject\",\"inLanguage\":\"pt-BR\",\"@id\":\"https:\/\/secure.gravatar.com\/avatar\/0e37bb19071f47c0b8a23f62a903df117c5a0e75f65a0c2901562f97cd41cf86?s=96&d=mm&r=g\",\"url\":\"https:\/\/secure.gravatar.com\/avatar\/0e37bb19071f47c0b8a23f62a903df117c5a0e75f65a0c2901562f97cd41cf86?s=96&d=mm&r=g\",\"contentUrl\":\"https:\/\/secure.gravatar.com\/avatar\/0e37bb19071f47c0b8a23f62a903df117c5a0e75f65a0c2901562f97cd41cf86?s=96&d=mm&r=g\",\"caption\":\"ritanery\"}}]}<\/script>\n<!-- \/ Yoast SEO plugin. -->","yoast_head_json":{"title":"Prefeitura de Adamantina realiza o lan\u00e7amento das obras de adequa\u00e7\u00e3o das futuras instala\u00e7\u00f5es da \u201cCasa Afro Adamantina\u201d - R\u00e1dio Life FM","robots":{"index":"index","follow":"follow","max-snippet":"max-snippet:-1","max-image-preview":"max-image-preview:large","max-video-preview":"max-video-preview:-1"},"canonical":"https:\/\/radiolifefm.com.br\/noticias\/prefeitura-de-adamantina-realiza-o-lancamento-das-obras-de-adequacao-das-futuras-instalacoes-da-casa-afro-adamantina\/","og_locale":"pt_BR","og_type":"article","og_title":"Prefeitura de Adamantina realiza o lan\u00e7amento das obras de adequa\u00e7\u00e3o das futuras instala\u00e7\u00f5es da \u201cCasa Afro Adamantina\u201d - R\u00e1dio Life FM","og_description":"Em uma cerim\u00f4nia que reuniu autoridades municipais, representantes do Conselho de Cultura, da diretoria do Jardim Primavera e dos skatistas que realizam um trabalho social no Vale das Pedrinhas, teve in\u00edcio \u00e0s obras de adequa\u00e7\u00e3o do local que receber\u00e1 a \u201cCasa Afro Adamantina\u201d. O local escolhido para abrir esse espa\u00e7o que vai oferecer sa\u00fade, presta\u00e7\u00e3o [&hellip;]","og_url":"https:\/\/radiolifefm.com.br\/noticias\/prefeitura-de-adamantina-realiza-o-lancamento-das-obras-de-adequacao-das-futuras-instalacoes-da-casa-afro-adamantina\/","og_site_name":"R\u00e1dio Life FM","article_publisher":"https:\/\/www.facebook.com\/radiolifefm\/","article_published_time":"2022-06-11T11:04:18+00:00","article_modified_time":"2026-04-19T04:39:17+00:00","og_image":[{"width":2560,"height":1711,"url":"https:\/\/radiolifefm.com.br\/noticias\/wp-content\/uploads\/2022\/06\/foto-scaled.jpg","type":"image\/jpeg"}],"author":"ritanery","twitter_card":"summary_large_image","twitter_misc":{"Escrito por":"ritanery","Est. tempo de leitura":"2 minutos"},"schema":{"@context":"https:\/\/schema.org","@graph":[{"@type":"Article","@id":"https:\/\/radiolifefm.com.br\/noticias\/prefeitura-de-adamantina-realiza-o-lancamento-das-obras-de-adequacao-das-futuras-instalacoes-da-casa-afro-adamantina\/#article","isPartOf":{"@id":"https:\/\/radiolifefm.com.br\/noticias\/prefeitura-de-adamantina-realiza-o-lancamento-das-obras-de-adequacao-das-futuras-instalacoes-da-casa-afro-adamantina\/"},"author":{"name":"ritanery","@id":"https:\/\/radiolifefm.com.br\/noticias\/#\/schema\/person\/6339b9fac59d12b071dec680d7375d87"},"headline":"Prefeitura de Adamantina realiza o lan\u00e7amento das obras de adequa\u00e7\u00e3o das futuras instala\u00e7\u00f5es da \u201cCasa Afro Adamantina\u201d","datePublished":"2022-06-11T11:04:18+00:00","dateModified":"2026-04-19T04:39:17+00:00","mainEntityOfPage":{"@id":"https:\/\/radiolifefm.com.br\/noticias\/prefeitura-de-adamantina-realiza-o-lancamento-das-obras-de-adequacao-das-futuras-instalacoes-da-casa-afro-adamantina\/"},"wordCount":445,"publisher":{"@id":"https:\/\/radiolifefm.com.br\/noticias\/#organization"},"image":{"@id":"https:\/\/radiolifefm.com.br\/noticias\/prefeitura-de-adamantina-realiza-o-lancamento-das-obras-de-adequacao-das-futuras-instalacoes-da-casa-afro-adamantina\/#primaryimage"},"thumbnailUrl":"https:\/\/radiolifefm.com.br\/noticias\/wp-content\/uploads\/2022\/06\/foto-scaled.jpg","articleSection":["Adamantina"],"inLanguage":"pt-BR"},{"@type":"WebPage","@id":"https:\/\/radiolifefm.com.br\/noticias\/prefeitura-de-adamantina-realiza-o-lancamento-das-obras-de-adequacao-das-futuras-instalacoes-da-casa-afro-adamantina\/","url":"https:\/\/radiolifefm.com.br\/noticias\/prefeitura-de-adamantina-realiza-o-lancamento-das-obras-de-adequacao-das-futuras-instalacoes-da-casa-afro-adamantina\/","name":"Prefeitura de Adamantina realiza o lan\u00e7amento das obras de adequa\u00e7\u00e3o das futuras instala\u00e7\u00f5es da \u201cCasa Afro Adamantina\u201d - R\u00e1dio Life FM","isPartOf":{"@id":"https:\/\/radiolifefm.com.br\/noticias\/#website"},"primaryImageOfPage":{"@id":"https:\/\/radiolifefm.com.br\/noticias\/prefeitura-de-adamantina-realiza-o-lancamento-das-obras-de-adequacao-das-futuras-instalacoes-da-casa-afro-adamantina\/#primaryimage"},"image":{"@id":"https:\/\/radiolifefm.com.br\/noticias\/prefeitura-de-adamantina-realiza-o-lancamento-das-obras-de-adequacao-das-futuras-instalacoes-da-casa-afro-adamantina\/#primaryimage"},"thumbnailUrl":"https:\/\/radiolifefm.com.br\/noticias\/wp-content\/uploads\/2022\/06\/foto-scaled.jpg","datePublished":"2022-06-11T11:04:18+00:00","dateModified":"2026-04-19T04:39:17+00:00","breadcrumb":{"@id":"https:\/\/radiolifefm.com.br\/noticias\/prefeitura-de-adamantina-realiza-o-lancamento-das-obras-de-adequacao-das-futuras-instalacoes-da-casa-afro-adamantina\/#breadcrumb"},"inLanguage":"pt-BR","potentialAction":[{"@type":"ReadAction","target":["https:\/\/radiolifefm.com.br\/noticias\/prefeitura-de-adamantina-realiza-o-lancamento-das-obras-de-adequacao-das-futuras-instalacoes-da-casa-afro-adamantina\/"]}]},{"@type":"ImageObject","inLanguage":"pt-BR","@id":"https:\/\/radiolifefm.com.br\/noticias\/prefeitura-de-adamantina-realiza-o-lancamento-das-obras-de-adequacao-das-futuras-instalacoes-da-casa-afro-adamantina\/#primaryimage","url":"https:\/\/radiolifefm.com.br\/noticias\/wp-content\/uploads\/2022\/06\/foto-scaled.jpg","contentUrl":"https:\/\/radiolifefm.com.br\/noticias\/wp-content\/uploads\/2022\/06\/foto-scaled.jpg","width":2560,"height":1711},{"@type":"BreadcrumbList","@id":"https:\/\/radiolifefm.com.br\/noticias\/prefeitura-de-adamantina-realiza-o-lancamento-das-obras-de-adequacao-das-futuras-instalacoes-da-casa-afro-adamantina\/#breadcrumb","itemListElement":[{"@type":"ListItem","position":1,"name":"In\u00edcio","item":"https:\/\/radiolifefm.com.br\/noticias\/"},{"@type":"ListItem","position":2,"name":"Prefeitura de Adamantina realiza o lan\u00e7amento das obras de adequa\u00e7\u00e3o das futuras instala\u00e7\u00f5es da \u201cCasa Afro Adamantina\u201d"}]},{"@type":"WebSite","@id":"https:\/\/radiolifefm.com.br\/noticias\/#website","url":"https:\/\/radiolifefm.com.br\/noticias\/","name":"R\u00e1dio Life FM","description":"O Portal de Not\u00edcias de Adamantina","publisher":{"@id":"https:\/\/radiolifefm.com.br\/noticias\/#organization"},"alternateName":"Life FM","potentialAction":[{"@type":"SearchAction","target":{"@type":"EntryPoint","urlTemplate":"https:\/\/radiolifefm.com.br\/noticias\/?s={search_term_string}"},"query-input":{"@type":"PropertyValueSpecification","valueRequired":true,"valueName":"search_term_string"}}],"inLanguage":"pt-BR"},{"@type":"Organization","@id":"https:\/\/radiolifefm.com.br\/noticias\/#organization","name":"R\u00e1dio Life FM","alternateName":"Life FM","url":"https:\/\/radiolifefm.com.br\/noticias\/","logo":{"@type":"ImageObject","inLanguage":"pt-BR","@id":"https:\/\/radiolifefm.com.br\/noticias\/#\/schema\/logo\/image\/","url":"https:\/\/static.radiolifefm.com.br\/noticias\/wp-content\/uploads\/2019\/10\/logo-lifefm.png","contentUrl":"https:\/\/static.radiolifefm.com.br\/noticias\/wp-content\/uploads\/2019\/10\/logo-lifefm.png","width":196,"height":47,"caption":"R\u00e1dio Life FM"},"image":{"@id":"https:\/\/radiolifefm.com.br\/noticias\/#\/schema\/logo\/image\/"},"sameAs":["https:\/\/www.facebook.com\/radiolifefm\/","https:\/\/www.instagram.com\/life1079fm\/"]},{"@type":"Person","@id":"https:\/\/radiolifefm.com.br\/noticias\/#\/schema\/person\/6339b9fac59d12b071dec680d7375d87","name":"ritanery","image":{"@type":"ImageObject","inLanguage":"pt-BR","@id":"https:\/\/secure.gravatar.com\/avatar\/0e37bb19071f47c0b8a23f62a903df117c5a0e75f65a0c2901562f97cd41cf86?s=96&d=mm&r=g","url":"https:\/\/secure.gravatar.com\/avatar\/0e37bb19071f47c0b8a23f62a903df117c5a0e75f65a0c2901562f97cd41cf86?s=96&d=mm&r=g","contentUrl":"https:\/\/secure.gravatar.com\/avatar\/0e37bb19071f47c0b8a23f62a903df117c5a0e75f65a0c2901562f97cd41cf86?s=96&d=mm&r=g","caption":"ritanery"}}]}},"amp_enabled":true,"_links":{"self":[{"href":"https:\/\/radiolifefm.com.br\/noticias\/wp-json\/wp\/v2\/posts\/54681","targetHints":{"allow":["GET"]}}],"collection":[{"href":"https:\/\/radiolifefm.com.br\/noticias\/wp-json\/wp\/v2\/posts"}],"about":[{"href":"https:\/\/radiolifefm.com.br\/noticias\/wp-json\/wp\/v2\/types\/post"}],"author":[{"embeddable":true,"href":"https:\/\/radiolifefm.com.br\/noticias\/wp-json\/wp\/v2\/users\/13"}],"replies":[{"embeddable":true,"href":"https:\/\/radiolifefm.com.br\/noticias\/wp-json\/wp\/v2\/comments?post=54681"}],"version-history":[{"count":4,"href":"https:\/\/radiolifefm.com.br\/noticias\/wp-json\/wp\/v2\/posts\/54681\/revisions"}],"predecessor-version":[{"id":54686,"href":"https:\/\/radiolifefm.com.br\/noticias\/wp-json\/wp\/v2\/posts\/54681\/revisions\/54686"}],"wp:featuredmedia":[{"embeddable":true,"href":"https:\/\/radiolifefm.com.br\/noticias\/wp-json\/wp\/v2\/media\/54682"}],"wp:attachment":[{"href":"https:\/\/radiolifefm.com.br\/noticias\/wp-json\/wp\/v2\/media?parent=54681"}],"wp:term":[{"taxonomy":"category","embeddable":true,"href":"https:\/\/radiolifefm.com.br\/noticias\/wp-json\/wp\/v2\/categories?post=54681"},{"taxonomy":"post_tag","embeddable":true,"href":"https:\/\/radiolifefm.com.br\/noticias\/wp-json\/wp\/v2\/tags?post=54681"}],"curies":[{"name":"wp","href":"https:\/\/api.w.org\/{rel}","templated":true}]}}