{"id":54626,"date":"2022-06-09T20:54:47","date_gmt":"2022-06-09T23:54:47","guid":{"rendered":"https:\/\/radiolifefm.com.br\/noticias\/?p=54626"},"modified":"2026-04-07T21:18:30","modified_gmt":"2026-04-08T00:18:30","slug":"adamantina-supera-a-marca-de-600-casos-de-dengue-confirmados","status":"publish","type":"post","link":"https:\/\/radiolifefm.com.br\/noticias\/adamantina-supera-a-marca-de-600-casos-de-dengue-confirmados\/","title":{"rendered":"Adamantina supera a marca de 600 casos de dengue confirmados"},"content":{"rendered":"<div id=\"fb-root\"><\/div>\n<p>Em novo balan\u00e7o divulgado pela Vigil\u00e2ncia Epidemiol\u00f3gica, os casos de dengue confirmados no munic\u00edpio atingiram a marca de 606. At\u00e9 o momento, 1596 foram notificados e os dois \u00f3bitos, antes em investiga\u00e7\u00e3o, tiveram a confirma\u00e7\u00e3o da doen\u00e7a.<\/p>\n<p>As a\u00e7\u00f5es de combate ao mosquito\u00a0<em>Aedes Aegypti<\/em>\u00a0continuam sendo executadas pelo Departamento de Controle de Vetores.<\/p>\n<p>Entre as iniciativas est\u00e3o: nebuliza\u00e7\u00e3o dos bairros em que h\u00e1 maior \u00edndice de casos confirmados, conscientiza\u00e7\u00e3o via redes sociais, visita dos agentes para eliminar os poss\u00edveis criadouros.<\/p>\n<p>\u201cTemos encontrado bastante resist\u00eancia de algumas pessoas quanto a entrar nas casas para fazer a aplica\u00e7\u00e3o da nebuliza\u00e7\u00e3o. Esse trabalho \u00e9 fundamental para controlar a quantidade de mosquitos que j\u00e1 est\u00e3o na fase adulta\u201d, explica a chefe do controle de vetores, Francine de Brito Alves.<\/p>\n<p>Entre os principais sintomas da doen\u00e7a est\u00e3o: febre, dor de cabe\u00e7a, dor atr\u00e1s dos olhos, dor nas articula\u00e7\u00f5es e manchas vermelhas pelo corpo.<\/p>\n<p>&#8220;Diante de algum sintoma, procure imediatamente atendimento m\u00e9dico, porque a dengue pode matar&#8221;, orienta Francine. A Prefeitura de Adamantina pede que a popula\u00e7\u00e3o colabore mantendo os quintais limpos.<\/p>\n<p>&nbsp;<\/p>\n<p>Fonte: Assessoria de Imprensa<\/p>\n","protected":false},"excerpt":{"rendered":"<p>Em novo balan\u00e7o divulgado pela Vigil\u00e2ncia Epidemiol\u00f3gica, os casos de dengue confirmados no munic\u00edpio atingiram a marca de 606. At\u00e9 o momento, 1596 foram notificados e os dois \u00f3bitos, antes em investiga\u00e7\u00e3o, tiveram a confirma\u00e7\u00e3o da doen\u00e7a. As a\u00e7\u00f5es de combate ao mosquito\u00a0Aedes Aegypti\u00a0continuam sendo executadas pelo Departamento de Controle de Vetores. Entre as iniciativas [&hellip;]<\/p>\n","protected":false},"author":13,"featured_media":20051,"comment_status":"closed","ping_status":"open","sticky":false,"template":"","format":"standard","meta":{"_acf_changed":false,"_exactmetrics_skip_tracking":false,"_exactmetrics_sitenote_active":false,"_exactmetrics_sitenote_note":"","_exactmetrics_sitenote_category":0,"footnotes":""},"categories":[21],"tags":[],"class_list":["post-54626","post","type-post","status-publish","format-standard","has-post-thumbnail","hentry","category-adamantina"],"acf":[],"yoast_head":"<!-- This site is optimized with the Yoast SEO plugin v27.2 - https:\/\/yoast.com\/product\/yoast-seo-wordpress\/ -->\n<title>Adamantina supera a marca de 600 casos de dengue confirmados - R\u00e1dio Life FM<\/title>\n<meta name=\"robots\" content=\"index, follow, max-snippet:-1, max-image-preview:large, max-video-preview:-1\" \/>\n<link rel=\"canonical\" href=\"https:\/\/radiolifefm.com.br\/noticias\/adamantina-supera-a-marca-de-600-casos-de-dengue-confirmados\/\" \/>\n<meta property=\"og:locale\" content=\"pt_BR\" \/>\n<meta property=\"og:type\" content=\"article\" \/>\n<meta property=\"og:title\" content=\"Adamantina supera a marca de 600 casos de dengue confirmados - R\u00e1dio Life FM\" \/>\n<meta property=\"og:description\" content=\"Em novo balan\u00e7o divulgado pela Vigil\u00e2ncia Epidemiol\u00f3gica, os casos de dengue confirmados no munic\u00edpio atingiram a marca de 606. At\u00e9 o momento, 1596 foram notificados e os dois \u00f3bitos, antes em investiga\u00e7\u00e3o, tiveram a confirma\u00e7\u00e3o da doen\u00e7a. As a\u00e7\u00f5es de combate ao mosquito\u00a0Aedes Aegypti\u00a0continuam sendo executadas pelo Departamento de Controle de Vetores. Entre as iniciativas [&hellip;]\" \/>\n<meta property=\"og:url\" content=\"https:\/\/radiolifefm.com.br\/noticias\/adamantina-supera-a-marca-de-600-casos-de-dengue-confirmados\/\" \/>\n<meta property=\"og:site_name\" content=\"R\u00e1dio Life FM\" \/>\n<meta property=\"article:publisher\" content=\"https:\/\/www.facebook.com\/radiolifefm\/\" \/>\n<meta property=\"article:published_time\" content=\"2022-06-09T23:54:47+00:00\" \/>\n<meta property=\"article:modified_time\" content=\"2026-04-08T00:18:30+00:00\" \/>\n<meta property=\"og:image\" content=\"https:\/\/radiolifefm.com.br\/noticias\/wp-content\/uploads\/2020\/02\/Dengue-Imagem-3.jpg\" \/>\n\t<meta property=\"og:image:width\" content=\"770\" \/>\n\t<meta property=\"og:image:height\" content=\"440\" \/>\n\t<meta property=\"og:image:type\" content=\"image\/jpeg\" \/>\n<meta name=\"author\" content=\"ritanery\" \/>\n<meta name=\"twitter:card\" content=\"summary_large_image\" \/>\n<meta name=\"twitter:label1\" content=\"Escrito por\" \/>\n\t<meta name=\"twitter:data1\" content=\"ritanery\" \/>\n\t<meta name=\"twitter:label2\" content=\"Est. tempo de leitura\" \/>\n\t<meta name=\"twitter:data2\" content=\"1 minuto\" \/>\n<script type=\"application\/ld+json\" class=\"yoast-schema-graph\">{\"@context\":\"https:\/\/schema.org\",\"@graph\":[{\"@type\":\"Article\",\"@id\":\"https:\/\/radiolifefm.com.br\/noticias\/adamantina-supera-a-marca-de-600-casos-de-dengue-confirmados\/#article\",\"isPartOf\":{\"@id\":\"https:\/\/radiolifefm.com.br\/noticias\/adamantina-supera-a-marca-de-600-casos-de-dengue-confirmados\/\"},\"author\":{\"name\":\"ritanery\",\"@id\":\"https:\/\/radiolifefm.com.br\/noticias\/#\/schema\/person\/6339b9fac59d12b071dec680d7375d87\"},\"headline\":\"Adamantina supera a marca de 600 casos de dengue confirmados\",\"datePublished\":\"2022-06-09T23:54:47+00:00\",\"dateModified\":\"2026-04-08T00:18:30+00:00\",\"mainEntityOfPage\":{\"@id\":\"https:\/\/radiolifefm.com.br\/noticias\/adamantina-supera-a-marca-de-600-casos-de-dengue-confirmados\/\"},\"wordCount\":211,\"publisher\":{\"@id\":\"https:\/\/radiolifefm.com.br\/noticias\/#organization\"},\"image\":{\"@id\":\"https:\/\/radiolifefm.com.br\/noticias\/adamantina-supera-a-marca-de-600-casos-de-dengue-confirmados\/#primaryimage\"},\"thumbnailUrl\":\"https:\/\/radiolifefm.com.br\/noticias\/wp-content\/uploads\/2020\/02\/Dengue-Imagem-3.jpg\",\"articleSection\":[\"Adamantina\"],\"inLanguage\":\"pt-BR\"},{\"@type\":\"WebPage\",\"@id\":\"https:\/\/radiolifefm.com.br\/noticias\/adamantina-supera-a-marca-de-600-casos-de-dengue-confirmados\/\",\"url\":\"https:\/\/radiolifefm.com.br\/noticias\/adamantina-supera-a-marca-de-600-casos-de-dengue-confirmados\/\",\"name\":\"Adamantina supera a marca de 600 casos de dengue confirmados - R\u00e1dio Life FM\",\"isPartOf\":{\"@id\":\"https:\/\/radiolifefm.com.br\/noticias\/#website\"},\"primaryImageOfPage\":{\"@id\":\"https:\/\/radiolifefm.com.br\/noticias\/adamantina-supera-a-marca-de-600-casos-de-dengue-confirmados\/#primaryimage\"},\"image\":{\"@id\":\"https:\/\/radiolifefm.com.br\/noticias\/adamantina-supera-a-marca-de-600-casos-de-dengue-confirmados\/#primaryimage\"},\"thumbnailUrl\":\"https:\/\/radiolifefm.com.br\/noticias\/wp-content\/uploads\/2020\/02\/Dengue-Imagem-3.jpg\",\"datePublished\":\"2022-06-09T23:54:47+00:00\",\"dateModified\":\"2026-04-08T00:18:30+00:00\",\"breadcrumb\":{\"@id\":\"https:\/\/radiolifefm.com.br\/noticias\/adamantina-supera-a-marca-de-600-casos-de-dengue-confirmados\/#breadcrumb\"},\"inLanguage\":\"pt-BR\",\"potentialAction\":[{\"@type\":\"ReadAction\",\"target\":[\"https:\/\/radiolifefm.com.br\/noticias\/adamantina-supera-a-marca-de-600-casos-de-dengue-confirmados\/\"]}]},{\"@type\":\"ImageObject\",\"inLanguage\":\"pt-BR\",\"@id\":\"https:\/\/radiolifefm.com.br\/noticias\/adamantina-supera-a-marca-de-600-casos-de-dengue-confirmados\/#primaryimage\",\"url\":\"https:\/\/radiolifefm.com.br\/noticias\/wp-content\/uploads\/2020\/02\/Dengue-Imagem-3.jpg\",\"contentUrl\":\"https:\/\/radiolifefm.com.br\/noticias\/wp-content\/uploads\/2020\/02\/Dengue-Imagem-3.jpg\",\"width\":770,\"height\":440},{\"@type\":\"BreadcrumbList\",\"@id\":\"https:\/\/radiolifefm.com.br\/noticias\/adamantina-supera-a-marca-de-600-casos-de-dengue-confirmados\/#breadcrumb\",\"itemListElement\":[{\"@type\":\"ListItem\",\"position\":1,\"name\":\"In\u00edcio\",\"item\":\"https:\/\/radiolifefm.com.br\/noticias\/\"},{\"@type\":\"ListItem\",\"position\":2,\"name\":\"Adamantina supera a marca de 600 casos de dengue confirmados\"}]},{\"@type\":\"WebSite\",\"@id\":\"https:\/\/radiolifefm.com.br\/noticias\/#website\",\"url\":\"https:\/\/radiolifefm.com.br\/noticias\/\",\"name\":\"R\u00e1dio Life FM\",\"description\":\"O Portal de Not\u00edcias de Adamantina\",\"publisher\":{\"@id\":\"https:\/\/radiolifefm.com.br\/noticias\/#organization\"},\"alternateName\":\"Life FM\",\"potentialAction\":[{\"@type\":\"SearchAction\",\"target\":{\"@type\":\"EntryPoint\",\"urlTemplate\":\"https:\/\/radiolifefm.com.br\/noticias\/?s={search_term_string}\"},\"query-input\":{\"@type\":\"PropertyValueSpecification\",\"valueRequired\":true,\"valueName\":\"search_term_string\"}}],\"inLanguage\":\"pt-BR\"},{\"@type\":\"Organization\",\"@id\":\"https:\/\/radiolifefm.com.br\/noticias\/#organization\",\"name\":\"R\u00e1dio Life FM\",\"alternateName\":\"Life FM\",\"url\":\"https:\/\/radiolifefm.com.br\/noticias\/\",\"logo\":{\"@type\":\"ImageObject\",\"inLanguage\":\"pt-BR\",\"@id\":\"https:\/\/radiolifefm.com.br\/noticias\/#\/schema\/logo\/image\/\",\"url\":\"https:\/\/static.radiolifefm.com.br\/noticias\/wp-content\/uploads\/2019\/10\/logo-lifefm.png\",\"contentUrl\":\"https:\/\/static.radiolifefm.com.br\/noticias\/wp-content\/uploads\/2019\/10\/logo-lifefm.png\",\"width\":196,\"height\":47,\"caption\":\"R\u00e1dio Life FM\"},\"image\":{\"@id\":\"https:\/\/radiolifefm.com.br\/noticias\/#\/schema\/logo\/image\/\"},\"sameAs\":[\"https:\/\/www.facebook.com\/radiolifefm\/\",\"https:\/\/www.instagram.com\/life1079fm\/\"]},{\"@type\":\"Person\",\"@id\":\"https:\/\/radiolifefm.com.br\/noticias\/#\/schema\/person\/6339b9fac59d12b071dec680d7375d87\",\"name\":\"ritanery\",\"image\":{\"@type\":\"ImageObject\",\"inLanguage\":\"pt-BR\",\"@id\":\"https:\/\/secure.gravatar.com\/avatar\/0e37bb19071f47c0b8a23f62a903df117c5a0e75f65a0c2901562f97cd41cf86?s=96&d=mm&r=g\",\"url\":\"https:\/\/secure.gravatar.com\/avatar\/0e37bb19071f47c0b8a23f62a903df117c5a0e75f65a0c2901562f97cd41cf86?s=96&d=mm&r=g\",\"contentUrl\":\"https:\/\/secure.gravatar.com\/avatar\/0e37bb19071f47c0b8a23f62a903df117c5a0e75f65a0c2901562f97cd41cf86?s=96&d=mm&r=g\",\"caption\":\"ritanery\"}}]}<\/script>\n<!-- \/ Yoast SEO plugin. -->","yoast_head_json":{"title":"Adamantina supera a marca de 600 casos de dengue confirmados - R\u00e1dio Life FM","robots":{"index":"index","follow":"follow","max-snippet":"max-snippet:-1","max-image-preview":"max-image-preview:large","max-video-preview":"max-video-preview:-1"},"canonical":"https:\/\/radiolifefm.com.br\/noticias\/adamantina-supera-a-marca-de-600-casos-de-dengue-confirmados\/","og_locale":"pt_BR","og_type":"article","og_title":"Adamantina supera a marca de 600 casos de dengue confirmados - R\u00e1dio Life FM","og_description":"Em novo balan\u00e7o divulgado pela Vigil\u00e2ncia Epidemiol\u00f3gica, os casos de dengue confirmados no munic\u00edpio atingiram a marca de 606. At\u00e9 o momento, 1596 foram notificados e os dois \u00f3bitos, antes em investiga\u00e7\u00e3o, tiveram a confirma\u00e7\u00e3o da doen\u00e7a. As a\u00e7\u00f5es de combate ao mosquito\u00a0Aedes Aegypti\u00a0continuam sendo executadas pelo Departamento de Controle de Vetores. Entre as iniciativas [&hellip;]","og_url":"https:\/\/radiolifefm.com.br\/noticias\/adamantina-supera-a-marca-de-600-casos-de-dengue-confirmados\/","og_site_name":"R\u00e1dio Life FM","article_publisher":"https:\/\/www.facebook.com\/radiolifefm\/","article_published_time":"2022-06-09T23:54:47+00:00","article_modified_time":"2026-04-08T00:18:30+00:00","og_image":[{"width":770,"height":440,"url":"https:\/\/radiolifefm.com.br\/noticias\/wp-content\/uploads\/2020\/02\/Dengue-Imagem-3.jpg","type":"image\/jpeg"}],"author":"ritanery","twitter_card":"summary_large_image","twitter_misc":{"Escrito por":"ritanery","Est. tempo de leitura":"1 minuto"},"schema":{"@context":"https:\/\/schema.org","@graph":[{"@type":"Article","@id":"https:\/\/radiolifefm.com.br\/noticias\/adamantina-supera-a-marca-de-600-casos-de-dengue-confirmados\/#article","isPartOf":{"@id":"https:\/\/radiolifefm.com.br\/noticias\/adamantina-supera-a-marca-de-600-casos-de-dengue-confirmados\/"},"author":{"name":"ritanery","@id":"https:\/\/radiolifefm.com.br\/noticias\/#\/schema\/person\/6339b9fac59d12b071dec680d7375d87"},"headline":"Adamantina supera a marca de 600 casos de dengue confirmados","datePublished":"2022-06-09T23:54:47+00:00","dateModified":"2026-04-08T00:18:30+00:00","mainEntityOfPage":{"@id":"https:\/\/radiolifefm.com.br\/noticias\/adamantina-supera-a-marca-de-600-casos-de-dengue-confirmados\/"},"wordCount":211,"publisher":{"@id":"https:\/\/radiolifefm.com.br\/noticias\/#organization"},"image":{"@id":"https:\/\/radiolifefm.com.br\/noticias\/adamantina-supera-a-marca-de-600-casos-de-dengue-confirmados\/#primaryimage"},"thumbnailUrl":"https:\/\/radiolifefm.com.br\/noticias\/wp-content\/uploads\/2020\/02\/Dengue-Imagem-3.jpg","articleSection":["Adamantina"],"inLanguage":"pt-BR"},{"@type":"WebPage","@id":"https:\/\/radiolifefm.com.br\/noticias\/adamantina-supera-a-marca-de-600-casos-de-dengue-confirmados\/","url":"https:\/\/radiolifefm.com.br\/noticias\/adamantina-supera-a-marca-de-600-casos-de-dengue-confirmados\/","name":"Adamantina supera a marca de 600 casos de dengue confirmados - R\u00e1dio Life FM","isPartOf":{"@id":"https:\/\/radiolifefm.com.br\/noticias\/#website"},"primaryImageOfPage":{"@id":"https:\/\/radiolifefm.com.br\/noticias\/adamantina-supera-a-marca-de-600-casos-de-dengue-confirmados\/#primaryimage"},"image":{"@id":"https:\/\/radiolifefm.com.br\/noticias\/adamantina-supera-a-marca-de-600-casos-de-dengue-confirmados\/#primaryimage"},"thumbnailUrl":"https:\/\/radiolifefm.com.br\/noticias\/wp-content\/uploads\/2020\/02\/Dengue-Imagem-3.jpg","datePublished":"2022-06-09T23:54:47+00:00","dateModified":"2026-04-08T00:18:30+00:00","breadcrumb":{"@id":"https:\/\/radiolifefm.com.br\/noticias\/adamantina-supera-a-marca-de-600-casos-de-dengue-confirmados\/#breadcrumb"},"inLanguage":"pt-BR","potentialAction":[{"@type":"ReadAction","target":["https:\/\/radiolifefm.com.br\/noticias\/adamantina-supera-a-marca-de-600-casos-de-dengue-confirmados\/"]}]},{"@type":"ImageObject","inLanguage":"pt-BR","@id":"https:\/\/radiolifefm.com.br\/noticias\/adamantina-supera-a-marca-de-600-casos-de-dengue-confirmados\/#primaryimage","url":"https:\/\/radiolifefm.com.br\/noticias\/wp-content\/uploads\/2020\/02\/Dengue-Imagem-3.jpg","contentUrl":"https:\/\/radiolifefm.com.br\/noticias\/wp-content\/uploads\/2020\/02\/Dengue-Imagem-3.jpg","width":770,"height":440},{"@type":"BreadcrumbList","@id":"https:\/\/radiolifefm.com.br\/noticias\/adamantina-supera-a-marca-de-600-casos-de-dengue-confirmados\/#breadcrumb","itemListElement":[{"@type":"ListItem","position":1,"name":"In\u00edcio","item":"https:\/\/radiolifefm.com.br\/noticias\/"},{"@type":"ListItem","position":2,"name":"Adamantina supera a marca de 600 casos de dengue confirmados"}]},{"@type":"WebSite","@id":"https:\/\/radiolifefm.com.br\/noticias\/#website","url":"https:\/\/radiolifefm.com.br\/noticias\/","name":"R\u00e1dio Life FM","description":"O Portal de Not\u00edcias de Adamantina","publisher":{"@id":"https:\/\/radiolifefm.com.br\/noticias\/#organization"},"alternateName":"Life FM","potentialAction":[{"@type":"SearchAction","target":{"@type":"EntryPoint","urlTemplate":"https:\/\/radiolifefm.com.br\/noticias\/?s={search_term_string}"},"query-input":{"@type":"PropertyValueSpecification","valueRequired":true,"valueName":"search_term_string"}}],"inLanguage":"pt-BR"},{"@type":"Organization","@id":"https:\/\/radiolifefm.com.br\/noticias\/#organization","name":"R\u00e1dio Life FM","alternateName":"Life FM","url":"https:\/\/radiolifefm.com.br\/noticias\/","logo":{"@type":"ImageObject","inLanguage":"pt-BR","@id":"https:\/\/radiolifefm.com.br\/noticias\/#\/schema\/logo\/image\/","url":"https:\/\/static.radiolifefm.com.br\/noticias\/wp-content\/uploads\/2019\/10\/logo-lifefm.png","contentUrl":"https:\/\/static.radiolifefm.com.br\/noticias\/wp-content\/uploads\/2019\/10\/logo-lifefm.png","width":196,"height":47,"caption":"R\u00e1dio Life FM"},"image":{"@id":"https:\/\/radiolifefm.com.br\/noticias\/#\/schema\/logo\/image\/"},"sameAs":["https:\/\/www.facebook.com\/radiolifefm\/","https:\/\/www.instagram.com\/life1079fm\/"]},{"@type":"Person","@id":"https:\/\/radiolifefm.com.br\/noticias\/#\/schema\/person\/6339b9fac59d12b071dec680d7375d87","name":"ritanery","image":{"@type":"ImageObject","inLanguage":"pt-BR","@id":"https:\/\/secure.gravatar.com\/avatar\/0e37bb19071f47c0b8a23f62a903df117c5a0e75f65a0c2901562f97cd41cf86?s=96&d=mm&r=g","url":"https:\/\/secure.gravatar.com\/avatar\/0e37bb19071f47c0b8a23f62a903df117c5a0e75f65a0c2901562f97cd41cf86?s=96&d=mm&r=g","contentUrl":"https:\/\/secure.gravatar.com\/avatar\/0e37bb19071f47c0b8a23f62a903df117c5a0e75f65a0c2901562f97cd41cf86?s=96&d=mm&r=g","caption":"ritanery"}}]}},"amp_enabled":true,"_links":{"self":[{"href":"https:\/\/radiolifefm.com.br\/noticias\/wp-json\/wp\/v2\/posts\/54626","targetHints":{"allow":["GET"]}}],"collection":[{"href":"https:\/\/radiolifefm.com.br\/noticias\/wp-json\/wp\/v2\/posts"}],"about":[{"href":"https:\/\/radiolifefm.com.br\/noticias\/wp-json\/wp\/v2\/types\/post"}],"author":[{"embeddable":true,"href":"https:\/\/radiolifefm.com.br\/noticias\/wp-json\/wp\/v2\/users\/13"}],"replies":[{"embeddable":true,"href":"https:\/\/radiolifefm.com.br\/noticias\/wp-json\/wp\/v2\/comments?post=54626"}],"version-history":[{"count":1,"href":"https:\/\/radiolifefm.com.br\/noticias\/wp-json\/wp\/v2\/posts\/54626\/revisions"}],"predecessor-version":[{"id":54627,"href":"https:\/\/radiolifefm.com.br\/noticias\/wp-json\/wp\/v2\/posts\/54626\/revisions\/54627"}],"wp:featuredmedia":[{"embeddable":true,"href":"https:\/\/radiolifefm.com.br\/noticias\/wp-json\/wp\/v2\/media\/20051"}],"wp:attachment":[{"href":"https:\/\/radiolifefm.com.br\/noticias\/wp-json\/wp\/v2\/media?parent=54626"}],"wp:term":[{"taxonomy":"category","embeddable":true,"href":"https:\/\/radiolifefm.com.br\/noticias\/wp-json\/wp\/v2\/categories?post=54626"},{"taxonomy":"post_tag","embeddable":true,"href":"https:\/\/radiolifefm.com.br\/noticias\/wp-json\/wp\/v2\/tags?post=54626"}],"curies":[{"name":"wp","href":"https:\/\/api.w.org\/{rel}","templated":true}]}}