{"id":54512,"date":"2022-06-07T10:17:54","date_gmt":"2022-06-07T13:17:54","guid":{"rendered":"https:\/\/radiolifefm.com.br\/noticias\/?p=54512"},"modified":"2026-04-17T09:11:02","modified_gmt":"2026-04-17T12:11:02","slug":"memoria-musica-e-feira-livre-na-estacao-recreio","status":"publish","type":"post","link":"https:\/\/radiolifefm.com.br\/noticias\/memoria-musica-e-feira-livre-na-estacao-recreio\/","title":{"rendered":"Mem\u00f3ria, M\u00fasica e \u201cFeira Livre\u201d na esta\u00e7\u00e3o Recreio."},"content":{"rendered":"<div id=\"fb-root\"><\/div>\n<p><em>\u00a0\u201cA vantagem de ter p\u00e9ssima mem\u00f3ria \u00e9 divertir-se muitas vezes com as mesmas coisas boas como se fosse a primeira vez.\u201d (<\/em><a href=\"https:\/\/www.pensador.com\/autor\/friedrich_nietzsche\/\"><em>Friedrich Nietzsche<\/em><\/a><em>)<\/em><\/p>\n<p><strong>\u00a0<\/strong><\/p>\n<p><strong>Ao prof. Dr. Gilson Jo\u00e3o Parisoto (in memoriam), dedico!<\/strong><\/p>\n<p><strong>S\u00e9rgio Barbosa \/ UniFAI-Cultura FM <\/strong><\/p>\n<p>Desenvolver atividades relacionadas com a cultura, torna-se uma miss\u00e3o complicada para aqueles que est\u00e3o comprometidos com tais a\u00e7\u00f5es, portanto, faz-se necess\u00e1rio estar sempre em \u201cestado de alerta\u201d quanto aos poss\u00edveis problemas e assim por diante.<\/p>\n<p>Entretanto, tamb\u00e9m, deve-se registrar que o retorno do \u201cPrograma Feira Livre\u201d no domingo passado, 5, ainda, no mesmo local que era realizado no passado, ou seja, Esta\u00e7\u00e3o \u201cRecreio\u201d, demonstrou que desafios existem para serem superados.<\/p>\n<p><strong>Iniciativa e promo\u00e7\u00e3o<\/strong><\/p>\n<p>A realiza\u00e7\u00e3o do \u201cFeira Livre\u201d ocorreu por meio da iniciativa e promo\u00e7\u00e3o da Secretaria Municipal de Cultura e Turismo, tamb\u00e9m, apoio cultural das R\u00e1dios Cultura FM e Life FM.<\/p>\n<p>Marcaram presen\u00e7a em quase duas horas de programa\u00e7\u00e3o musical, a dupla adamantinense \u201cCarlinhos e Dami\u00e3o\u201d, m\u00fasicos conhecidos na cidade e regi\u00e3o, assim, pode-se considerar que a \u201cmem\u00f3ria\u201d do passado foi preservada por meio desta apresenta\u00e7\u00e3o para o p\u00fablico que esteve prestigiando o retorno do \u201cFeira Livre\u201d.<\/p>\n<p>A denominada m\u00fasica \u201csertaneja de raiz\u201d ou \u201ccaipira\u201d, voltou a ser \u201ctocada, cantada e ouvida\u201d naquele espa\u00e7o cultural t\u00e3o especial, bem como, nas idas e vindas das pessoas que apareceram para suas compras de domingo na \u201cFeira\u201d.<\/p>\n<p>Ah! N\u00e3o se pode esquecer dos salgadinhos, neste caso espec\u00edfico, do famoso \u201cpastel da feira\u201d para uma aproxima\u00e7\u00e3o mais de acordo com as atividades de lazer e tudo mais.<\/p>\n<p><strong>Em julho, tem mais&#8230;<\/strong><\/p>\n<p>Considerando que o retorno\u00a0 do \u201cFeira Livre\u201d e, de acordo com pesquisas \u201cboca a boca\u201d realizada no local com o p\u00fablico e feirantes, as atividades realizadas estiveram de acordo com o esperado pela Organiza\u00e7\u00e3o, a saber: Secretaria Municipal de Cultura e Turismo, R\u00e1dios Cultura FM e Life FM.<\/p>\n<p>A apresenta\u00e7\u00e3o da programa\u00e7\u00e3o esteve com o radialista J\u00f4 Lima, locutor experiente nesta \u00e1rea musical, tendo em vista que J\u00f4 conduziu as atividades com profissionalismo e apoio da dupla \u201cCarlinhos e Dami\u00e3o\u201d, al\u00e9m do p\u00fablico e apoio da Equipe organizadora.<\/p>\n<p>Portanto, em julho tem mais um Programa \u201cFeira Livre\u201d e a data prevista \u00e9 o primeiro domingo do m\u00eas, ou seja, dia 3, por\u00e9m, desta vez, no hor\u00e1rio das 9h30 \u00e0s 11h.<\/p>\n<p>Tais iniciativas est\u00e3o de acordo com o planejamento em desenvolvimento pela Secretaria Municipal de Cultura e Turismo de Adamantina- SMCT, tendo em vista o retorno das atividades presenciais em todas as \u00e1reas do mercado.<\/p>\n<p>Por\u00e9m, deve-se considerar que a \u201cPreven\u00e7\u00e3o\u201d continua sendo a marca registrada nestas atividades espec\u00edficas, pois, \u201ctodo cuidado \u00e9 pouco\u201d em tempo de Pandemia.<\/p>\n<p>&nbsp;<\/p>\n<div class='flex flex-wrap items-center -mx-1'>\r\n<a class='thumbnail gallery p-1 w-1\/2 md:w-1\/4' href='https:\/\/radiolifefm.com.br\/noticias\/wp-content\/uploads\/2022\/06\/WhatsApp-Image-2022-06-07-at-10.08.24-1.jpeg'><img class='border border-white' src='https:\/\/radiolifefm.com.br\/noticias\/wp-content\/uploads\/2022\/06\/WhatsApp-Image-2022-06-07-at-10.08.24-1-200x200.jpeg' alt='WhatsApp Image 2022 06 07 At 10.08.24 (1)' \/><\/a><a class='thumbnail gallery p-1 w-1\/2 md:w-1\/4' href='https:\/\/radiolifefm.com.br\/noticias\/wp-content\/uploads\/2022\/06\/WhatsApp-Image-2022-06-07-at-10.08.24-2.jpeg'><img class='border border-white' src='https:\/\/radiolifefm.com.br\/noticias\/wp-content\/uploads\/2022\/06\/WhatsApp-Image-2022-06-07-at-10.08.24-2-200x200.jpeg' alt='WhatsApp Image 2022 06 07 At 10.08.24 (2)' \/><\/a><a class='thumbnail gallery p-1 w-1\/2 md:w-1\/4' href='https:\/\/radiolifefm.com.br\/noticias\/wp-content\/uploads\/2022\/06\/WhatsApp-Image-2022-06-07-at-10.08.24-4.jpeg'><img class='border border-white' src='https:\/\/radiolifefm.com.br\/noticias\/wp-content\/uploads\/2022\/06\/WhatsApp-Image-2022-06-07-at-10.08.24-4-200x200.jpeg' alt='WhatsApp Image 2022 06 07 At 10.08.24 (4)' \/><\/a><a class='thumbnail gallery p-1 w-1\/2 md:w-1\/4' href='https:\/\/radiolifefm.com.br\/noticias\/wp-content\/uploads\/2022\/06\/WhatsApp-Image-2022-06-07-at-10.08.24.jpeg'><img class='border border-white' src='https:\/\/radiolifefm.com.br\/noticias\/wp-content\/uploads\/2022\/06\/WhatsApp-Image-2022-06-07-at-10.08.24-200x200.jpeg' alt='WhatsApp Image 2022 06 07 At 10.08.24' \/><\/a><\/div>\n","protected":false},"excerpt":{"rendered":"<p>\u00a0\u201cA vantagem de ter p\u00e9ssima mem\u00f3ria \u00e9 divertir-se muitas vezes com as mesmas coisas boas como se fosse a primeira vez.\u201d (Friedrich Nietzsche) \u00a0 Ao prof. Dr. Gilson Jo\u00e3o Parisoto (in memoriam), dedico! S\u00e9rgio Barbosa \/ UniFAI-Cultura FM Desenvolver atividades relacionadas com a cultura, torna-se uma miss\u00e3o complicada para aqueles que est\u00e3o comprometidos com tais [&hellip;]<\/p>\n","protected":false},"author":13,"featured_media":54513,"comment_status":"closed","ping_status":"open","sticky":false,"template":"","format":"standard","meta":{"_acf_changed":false,"_exactmetrics_skip_tracking":false,"_exactmetrics_sitenote_active":false,"_exactmetrics_sitenote_note":"","_exactmetrics_sitenote_category":0,"footnotes":""},"categories":[21],"tags":[],"class_list":["post-54512","post","type-post","status-publish","format-standard","has-post-thumbnail","hentry","category-adamantina"],"acf":[],"yoast_head":"<!-- This site is optimized with the Yoast SEO plugin v27.2 - https:\/\/yoast.com\/product\/yoast-seo-wordpress\/ -->\n<title>Mem\u00f3ria, M\u00fasica e \u201cFeira Livre\u201d na esta\u00e7\u00e3o Recreio. - R\u00e1dio Life FM<\/title>\n<meta name=\"robots\" content=\"index, follow, max-snippet:-1, max-image-preview:large, max-video-preview:-1\" \/>\n<link rel=\"canonical\" href=\"https:\/\/radiolifefm.com.br\/noticias\/memoria-musica-e-feira-livre-na-estacao-recreio\/\" \/>\n<meta property=\"og:locale\" content=\"pt_BR\" \/>\n<meta property=\"og:type\" content=\"article\" \/>\n<meta property=\"og:title\" content=\"Mem\u00f3ria, M\u00fasica e \u201cFeira Livre\u201d na esta\u00e7\u00e3o Recreio. - R\u00e1dio Life FM\" \/>\n<meta property=\"og:description\" content=\"\u00a0\u201cA vantagem de ter p\u00e9ssima mem\u00f3ria \u00e9 divertir-se muitas vezes com as mesmas coisas boas como se fosse a primeira vez.\u201d (Friedrich Nietzsche) \u00a0 Ao prof. Dr. Gilson Jo\u00e3o Parisoto (in memoriam), dedico! S\u00e9rgio Barbosa \/ UniFAI-Cultura FM Desenvolver atividades relacionadas com a cultura, torna-se uma miss\u00e3o complicada para aqueles que est\u00e3o comprometidos com tais [&hellip;]\" \/>\n<meta property=\"og:url\" content=\"https:\/\/radiolifefm.com.br\/noticias\/memoria-musica-e-feira-livre-na-estacao-recreio\/\" \/>\n<meta property=\"og:site_name\" content=\"R\u00e1dio Life FM\" \/>\n<meta property=\"article:publisher\" content=\"https:\/\/www.facebook.com\/radiolifefm\/\" \/>\n<meta property=\"article:published_time\" content=\"2022-06-07T13:17:54+00:00\" \/>\n<meta property=\"article:modified_time\" content=\"2026-04-17T12:11:02+00:00\" \/>\n<meta property=\"og:image\" content=\"https:\/\/radiolifefm.com.br\/noticias\/wp-content\/uploads\/2022\/06\/WhatsApp-Image-2022-06-07-at-10.08.24-3.jpeg\" \/>\n\t<meta property=\"og:image:width\" content=\"1600\" \/>\n\t<meta property=\"og:image:height\" content=\"1200\" \/>\n\t<meta property=\"og:image:type\" content=\"image\/jpeg\" \/>\n<meta name=\"author\" content=\"ritanery\" \/>\n<meta name=\"twitter:card\" content=\"summary_large_image\" \/>\n<meta name=\"twitter:label1\" content=\"Escrito por\" \/>\n\t<meta name=\"twitter:data1\" content=\"ritanery\" \/>\n\t<meta name=\"twitter:label2\" content=\"Est. tempo de leitura\" \/>\n\t<meta name=\"twitter:data2\" content=\"2 minutos\" \/>\n<script type=\"application\/ld+json\" class=\"yoast-schema-graph\">{\"@context\":\"https:\/\/schema.org\",\"@graph\":[{\"@type\":\"Article\",\"@id\":\"https:\/\/radiolifefm.com.br\/noticias\/memoria-musica-e-feira-livre-na-estacao-recreio\/#article\",\"isPartOf\":{\"@id\":\"https:\/\/radiolifefm.com.br\/noticias\/memoria-musica-e-feira-livre-na-estacao-recreio\/\"},\"author\":{\"name\":\"ritanery\",\"@id\":\"https:\/\/radiolifefm.com.br\/noticias\/#\/schema\/person\/6339b9fac59d12b071dec680d7375d87\"},\"headline\":\"Mem\u00f3ria, M\u00fasica e \u201cFeira Livre\u201d na esta\u00e7\u00e3o Recreio.\",\"datePublished\":\"2022-06-07T13:17:54+00:00\",\"dateModified\":\"2026-04-17T12:11:02+00:00\",\"mainEntityOfPage\":{\"@id\":\"https:\/\/radiolifefm.com.br\/noticias\/memoria-musica-e-feira-livre-na-estacao-recreio\/\"},\"wordCount\":486,\"publisher\":{\"@id\":\"https:\/\/radiolifefm.com.br\/noticias\/#organization\"},\"image\":{\"@id\":\"https:\/\/radiolifefm.com.br\/noticias\/memoria-musica-e-feira-livre-na-estacao-recreio\/#primaryimage\"},\"thumbnailUrl\":\"https:\/\/radiolifefm.com.br\/noticias\/wp-content\/uploads\/2022\/06\/WhatsApp-Image-2022-06-07-at-10.08.24-3.jpeg\",\"articleSection\":[\"Adamantina\"],\"inLanguage\":\"pt-BR\"},{\"@type\":\"WebPage\",\"@id\":\"https:\/\/radiolifefm.com.br\/noticias\/memoria-musica-e-feira-livre-na-estacao-recreio\/\",\"url\":\"https:\/\/radiolifefm.com.br\/noticias\/memoria-musica-e-feira-livre-na-estacao-recreio\/\",\"name\":\"Mem\u00f3ria, M\u00fasica e \u201cFeira Livre\u201d na esta\u00e7\u00e3o Recreio. - R\u00e1dio Life FM\",\"isPartOf\":{\"@id\":\"https:\/\/radiolifefm.com.br\/noticias\/#website\"},\"primaryImageOfPage\":{\"@id\":\"https:\/\/radiolifefm.com.br\/noticias\/memoria-musica-e-feira-livre-na-estacao-recreio\/#primaryimage\"},\"image\":{\"@id\":\"https:\/\/radiolifefm.com.br\/noticias\/memoria-musica-e-feira-livre-na-estacao-recreio\/#primaryimage\"},\"thumbnailUrl\":\"https:\/\/radiolifefm.com.br\/noticias\/wp-content\/uploads\/2022\/06\/WhatsApp-Image-2022-06-07-at-10.08.24-3.jpeg\",\"datePublished\":\"2022-06-07T13:17:54+00:00\",\"dateModified\":\"2026-04-17T12:11:02+00:00\",\"breadcrumb\":{\"@id\":\"https:\/\/radiolifefm.com.br\/noticias\/memoria-musica-e-feira-livre-na-estacao-recreio\/#breadcrumb\"},\"inLanguage\":\"pt-BR\",\"potentialAction\":[{\"@type\":\"ReadAction\",\"target\":[\"https:\/\/radiolifefm.com.br\/noticias\/memoria-musica-e-feira-livre-na-estacao-recreio\/\"]}]},{\"@type\":\"ImageObject\",\"inLanguage\":\"pt-BR\",\"@id\":\"https:\/\/radiolifefm.com.br\/noticias\/memoria-musica-e-feira-livre-na-estacao-recreio\/#primaryimage\",\"url\":\"https:\/\/radiolifefm.com.br\/noticias\/wp-content\/uploads\/2022\/06\/WhatsApp-Image-2022-06-07-at-10.08.24-3.jpeg\",\"contentUrl\":\"https:\/\/radiolifefm.com.br\/noticias\/wp-content\/uploads\/2022\/06\/WhatsApp-Image-2022-06-07-at-10.08.24-3.jpeg\",\"width\":1600,\"height\":1200},{\"@type\":\"BreadcrumbList\",\"@id\":\"https:\/\/radiolifefm.com.br\/noticias\/memoria-musica-e-feira-livre-na-estacao-recreio\/#breadcrumb\",\"itemListElement\":[{\"@type\":\"ListItem\",\"position\":1,\"name\":\"In\u00edcio\",\"item\":\"https:\/\/radiolifefm.com.br\/noticias\/\"},{\"@type\":\"ListItem\",\"position\":2,\"name\":\"Mem\u00f3ria, M\u00fasica e \u201cFeira Livre\u201d na esta\u00e7\u00e3o Recreio.\"}]},{\"@type\":\"WebSite\",\"@id\":\"https:\/\/radiolifefm.com.br\/noticias\/#website\",\"url\":\"https:\/\/radiolifefm.com.br\/noticias\/\",\"name\":\"R\u00e1dio Life FM\",\"description\":\"O Portal de Not\u00edcias de Adamantina\",\"publisher\":{\"@id\":\"https:\/\/radiolifefm.com.br\/noticias\/#organization\"},\"alternateName\":\"Life FM\",\"potentialAction\":[{\"@type\":\"SearchAction\",\"target\":{\"@type\":\"EntryPoint\",\"urlTemplate\":\"https:\/\/radiolifefm.com.br\/noticias\/?s={search_term_string}\"},\"query-input\":{\"@type\":\"PropertyValueSpecification\",\"valueRequired\":true,\"valueName\":\"search_term_string\"}}],\"inLanguage\":\"pt-BR\"},{\"@type\":\"Organization\",\"@id\":\"https:\/\/radiolifefm.com.br\/noticias\/#organization\",\"name\":\"R\u00e1dio Life FM\",\"alternateName\":\"Life FM\",\"url\":\"https:\/\/radiolifefm.com.br\/noticias\/\",\"logo\":{\"@type\":\"ImageObject\",\"inLanguage\":\"pt-BR\",\"@id\":\"https:\/\/radiolifefm.com.br\/noticias\/#\/schema\/logo\/image\/\",\"url\":\"https:\/\/static.radiolifefm.com.br\/noticias\/wp-content\/uploads\/2019\/10\/logo-lifefm.png\",\"contentUrl\":\"https:\/\/static.radiolifefm.com.br\/noticias\/wp-content\/uploads\/2019\/10\/logo-lifefm.png\",\"width\":196,\"height\":47,\"caption\":\"R\u00e1dio Life FM\"},\"image\":{\"@id\":\"https:\/\/radiolifefm.com.br\/noticias\/#\/schema\/logo\/image\/\"},\"sameAs\":[\"https:\/\/www.facebook.com\/radiolifefm\/\",\"https:\/\/www.instagram.com\/life1079fm\/\"]},{\"@type\":\"Person\",\"@id\":\"https:\/\/radiolifefm.com.br\/noticias\/#\/schema\/person\/6339b9fac59d12b071dec680d7375d87\",\"name\":\"ritanery\",\"image\":{\"@type\":\"ImageObject\",\"inLanguage\":\"pt-BR\",\"@id\":\"https:\/\/secure.gravatar.com\/avatar\/0e37bb19071f47c0b8a23f62a903df117c5a0e75f65a0c2901562f97cd41cf86?s=96&d=mm&r=g\",\"url\":\"https:\/\/secure.gravatar.com\/avatar\/0e37bb19071f47c0b8a23f62a903df117c5a0e75f65a0c2901562f97cd41cf86?s=96&d=mm&r=g\",\"contentUrl\":\"https:\/\/secure.gravatar.com\/avatar\/0e37bb19071f47c0b8a23f62a903df117c5a0e75f65a0c2901562f97cd41cf86?s=96&d=mm&r=g\",\"caption\":\"ritanery\"}}]}<\/script>\n<!-- \/ Yoast SEO plugin. -->","yoast_head_json":{"title":"Mem\u00f3ria, M\u00fasica e \u201cFeira Livre\u201d na esta\u00e7\u00e3o Recreio. - R\u00e1dio Life FM","robots":{"index":"index","follow":"follow","max-snippet":"max-snippet:-1","max-image-preview":"max-image-preview:large","max-video-preview":"max-video-preview:-1"},"canonical":"https:\/\/radiolifefm.com.br\/noticias\/memoria-musica-e-feira-livre-na-estacao-recreio\/","og_locale":"pt_BR","og_type":"article","og_title":"Mem\u00f3ria, M\u00fasica e \u201cFeira Livre\u201d na esta\u00e7\u00e3o Recreio. - R\u00e1dio Life FM","og_description":"\u00a0\u201cA vantagem de ter p\u00e9ssima mem\u00f3ria \u00e9 divertir-se muitas vezes com as mesmas coisas boas como se fosse a primeira vez.\u201d (Friedrich Nietzsche) \u00a0 Ao prof. Dr. Gilson Jo\u00e3o Parisoto (in memoriam), dedico! S\u00e9rgio Barbosa \/ UniFAI-Cultura FM Desenvolver atividades relacionadas com a cultura, torna-se uma miss\u00e3o complicada para aqueles que est\u00e3o comprometidos com tais [&hellip;]","og_url":"https:\/\/radiolifefm.com.br\/noticias\/memoria-musica-e-feira-livre-na-estacao-recreio\/","og_site_name":"R\u00e1dio Life FM","article_publisher":"https:\/\/www.facebook.com\/radiolifefm\/","article_published_time":"2022-06-07T13:17:54+00:00","article_modified_time":"2026-04-17T12:11:02+00:00","og_image":[{"width":1600,"height":1200,"url":"https:\/\/radiolifefm.com.br\/noticias\/wp-content\/uploads\/2022\/06\/WhatsApp-Image-2022-06-07-at-10.08.24-3.jpeg","type":"image\/jpeg"}],"author":"ritanery","twitter_card":"summary_large_image","twitter_misc":{"Escrito por":"ritanery","Est. tempo de leitura":"2 minutos"},"schema":{"@context":"https:\/\/schema.org","@graph":[{"@type":"Article","@id":"https:\/\/radiolifefm.com.br\/noticias\/memoria-musica-e-feira-livre-na-estacao-recreio\/#article","isPartOf":{"@id":"https:\/\/radiolifefm.com.br\/noticias\/memoria-musica-e-feira-livre-na-estacao-recreio\/"},"author":{"name":"ritanery","@id":"https:\/\/radiolifefm.com.br\/noticias\/#\/schema\/person\/6339b9fac59d12b071dec680d7375d87"},"headline":"Mem\u00f3ria, M\u00fasica e \u201cFeira Livre\u201d na esta\u00e7\u00e3o Recreio.","datePublished":"2022-06-07T13:17:54+00:00","dateModified":"2026-04-17T12:11:02+00:00","mainEntityOfPage":{"@id":"https:\/\/radiolifefm.com.br\/noticias\/memoria-musica-e-feira-livre-na-estacao-recreio\/"},"wordCount":486,"publisher":{"@id":"https:\/\/radiolifefm.com.br\/noticias\/#organization"},"image":{"@id":"https:\/\/radiolifefm.com.br\/noticias\/memoria-musica-e-feira-livre-na-estacao-recreio\/#primaryimage"},"thumbnailUrl":"https:\/\/radiolifefm.com.br\/noticias\/wp-content\/uploads\/2022\/06\/WhatsApp-Image-2022-06-07-at-10.08.24-3.jpeg","articleSection":["Adamantina"],"inLanguage":"pt-BR"},{"@type":"WebPage","@id":"https:\/\/radiolifefm.com.br\/noticias\/memoria-musica-e-feira-livre-na-estacao-recreio\/","url":"https:\/\/radiolifefm.com.br\/noticias\/memoria-musica-e-feira-livre-na-estacao-recreio\/","name":"Mem\u00f3ria, M\u00fasica e \u201cFeira Livre\u201d na esta\u00e7\u00e3o Recreio. - R\u00e1dio Life FM","isPartOf":{"@id":"https:\/\/radiolifefm.com.br\/noticias\/#website"},"primaryImageOfPage":{"@id":"https:\/\/radiolifefm.com.br\/noticias\/memoria-musica-e-feira-livre-na-estacao-recreio\/#primaryimage"},"image":{"@id":"https:\/\/radiolifefm.com.br\/noticias\/memoria-musica-e-feira-livre-na-estacao-recreio\/#primaryimage"},"thumbnailUrl":"https:\/\/radiolifefm.com.br\/noticias\/wp-content\/uploads\/2022\/06\/WhatsApp-Image-2022-06-07-at-10.08.24-3.jpeg","datePublished":"2022-06-07T13:17:54+00:00","dateModified":"2026-04-17T12:11:02+00:00","breadcrumb":{"@id":"https:\/\/radiolifefm.com.br\/noticias\/memoria-musica-e-feira-livre-na-estacao-recreio\/#breadcrumb"},"inLanguage":"pt-BR","potentialAction":[{"@type":"ReadAction","target":["https:\/\/radiolifefm.com.br\/noticias\/memoria-musica-e-feira-livre-na-estacao-recreio\/"]}]},{"@type":"ImageObject","inLanguage":"pt-BR","@id":"https:\/\/radiolifefm.com.br\/noticias\/memoria-musica-e-feira-livre-na-estacao-recreio\/#primaryimage","url":"https:\/\/radiolifefm.com.br\/noticias\/wp-content\/uploads\/2022\/06\/WhatsApp-Image-2022-06-07-at-10.08.24-3.jpeg","contentUrl":"https:\/\/radiolifefm.com.br\/noticias\/wp-content\/uploads\/2022\/06\/WhatsApp-Image-2022-06-07-at-10.08.24-3.jpeg","width":1600,"height":1200},{"@type":"BreadcrumbList","@id":"https:\/\/radiolifefm.com.br\/noticias\/memoria-musica-e-feira-livre-na-estacao-recreio\/#breadcrumb","itemListElement":[{"@type":"ListItem","position":1,"name":"In\u00edcio","item":"https:\/\/radiolifefm.com.br\/noticias\/"},{"@type":"ListItem","position":2,"name":"Mem\u00f3ria, M\u00fasica e \u201cFeira Livre\u201d na esta\u00e7\u00e3o Recreio."}]},{"@type":"WebSite","@id":"https:\/\/radiolifefm.com.br\/noticias\/#website","url":"https:\/\/radiolifefm.com.br\/noticias\/","name":"R\u00e1dio Life FM","description":"O Portal de Not\u00edcias de Adamantina","publisher":{"@id":"https:\/\/radiolifefm.com.br\/noticias\/#organization"},"alternateName":"Life FM","potentialAction":[{"@type":"SearchAction","target":{"@type":"EntryPoint","urlTemplate":"https:\/\/radiolifefm.com.br\/noticias\/?s={search_term_string}"},"query-input":{"@type":"PropertyValueSpecification","valueRequired":true,"valueName":"search_term_string"}}],"inLanguage":"pt-BR"},{"@type":"Organization","@id":"https:\/\/radiolifefm.com.br\/noticias\/#organization","name":"R\u00e1dio Life FM","alternateName":"Life FM","url":"https:\/\/radiolifefm.com.br\/noticias\/","logo":{"@type":"ImageObject","inLanguage":"pt-BR","@id":"https:\/\/radiolifefm.com.br\/noticias\/#\/schema\/logo\/image\/","url":"https:\/\/static.radiolifefm.com.br\/noticias\/wp-content\/uploads\/2019\/10\/logo-lifefm.png","contentUrl":"https:\/\/static.radiolifefm.com.br\/noticias\/wp-content\/uploads\/2019\/10\/logo-lifefm.png","width":196,"height":47,"caption":"R\u00e1dio Life FM"},"image":{"@id":"https:\/\/radiolifefm.com.br\/noticias\/#\/schema\/logo\/image\/"},"sameAs":["https:\/\/www.facebook.com\/radiolifefm\/","https:\/\/www.instagram.com\/life1079fm\/"]},{"@type":"Person","@id":"https:\/\/radiolifefm.com.br\/noticias\/#\/schema\/person\/6339b9fac59d12b071dec680d7375d87","name":"ritanery","image":{"@type":"ImageObject","inLanguage":"pt-BR","@id":"https:\/\/secure.gravatar.com\/avatar\/0e37bb19071f47c0b8a23f62a903df117c5a0e75f65a0c2901562f97cd41cf86?s=96&d=mm&r=g","url":"https:\/\/secure.gravatar.com\/avatar\/0e37bb19071f47c0b8a23f62a903df117c5a0e75f65a0c2901562f97cd41cf86?s=96&d=mm&r=g","contentUrl":"https:\/\/secure.gravatar.com\/avatar\/0e37bb19071f47c0b8a23f62a903df117c5a0e75f65a0c2901562f97cd41cf86?s=96&d=mm&r=g","caption":"ritanery"}}]}},"amp_enabled":true,"_links":{"self":[{"href":"https:\/\/radiolifefm.com.br\/noticias\/wp-json\/wp\/v2\/posts\/54512","targetHints":{"allow":["GET"]}}],"collection":[{"href":"https:\/\/radiolifefm.com.br\/noticias\/wp-json\/wp\/v2\/posts"}],"about":[{"href":"https:\/\/radiolifefm.com.br\/noticias\/wp-json\/wp\/v2\/types\/post"}],"author":[{"embeddable":true,"href":"https:\/\/radiolifefm.com.br\/noticias\/wp-json\/wp\/v2\/users\/13"}],"replies":[{"embeddable":true,"href":"https:\/\/radiolifefm.com.br\/noticias\/wp-json\/wp\/v2\/comments?post=54512"}],"version-history":[{"count":1,"href":"https:\/\/radiolifefm.com.br\/noticias\/wp-json\/wp\/v2\/posts\/54512\/revisions"}],"predecessor-version":[{"id":54518,"href":"https:\/\/radiolifefm.com.br\/noticias\/wp-json\/wp\/v2\/posts\/54512\/revisions\/54518"}],"wp:featuredmedia":[{"embeddable":true,"href":"https:\/\/radiolifefm.com.br\/noticias\/wp-json\/wp\/v2\/media\/54513"}],"wp:attachment":[{"href":"https:\/\/radiolifefm.com.br\/noticias\/wp-json\/wp\/v2\/media?parent=54512"}],"wp:term":[{"taxonomy":"category","embeddable":true,"href":"https:\/\/radiolifefm.com.br\/noticias\/wp-json\/wp\/v2\/categories?post=54512"},{"taxonomy":"post_tag","embeddable":true,"href":"https:\/\/radiolifefm.com.br\/noticias\/wp-json\/wp\/v2\/tags?post=54512"}],"curies":[{"name":"wp","href":"https:\/\/api.w.org\/{rel}","templated":true}]}}