{"id":54508,"date":"2022-06-07T09:52:28","date_gmt":"2022-06-07T12:52:28","guid":{"rendered":"https:\/\/radiolifefm.com.br\/noticias\/?p=54508"},"modified":"2026-04-07T13:37:58","modified_gmt":"2026-04-07T16:37:58","slug":"poupatempo-de-adamantina-sera-colocado-em-funcionamento-neste-mes-afirma-prefeitura","status":"publish","type":"post","link":"https:\/\/radiolifefm.com.br\/noticias\/poupatempo-de-adamantina-sera-colocado-em-funcionamento-neste-mes-afirma-prefeitura\/","title":{"rendered":"Poupatempo de Adamantina ser\u00e1 colocado em funcionamento neste m\u00eas, afirma Prefeitura"},"content":{"rendered":"<div id=\"fb-root\"><\/div>\n<p>Ap\u00f3s entraves burocr\u00e1ticos ligados ao processo licitat\u00f3rio de adequa\u00e7\u00e3o do im\u00f3vel que abrigaria a unidade, o Poupatempo de Adamantina ser\u00e1 colocado em funcionamento neste m\u00eas de junho.<\/p>\n<p>A inaugura\u00e7\u00e3o foi anunciada por meio das redes sociais pelo prefeito M\u00e1rcio Cardim na noite da \u00faltima quarta-feira (1\u00ba), quando ainda estava em S\u00e3o Paulo e teve a confirma\u00e7\u00e3o do Governo do Estado.<\/p>\n<p>O futuro posto de atendimento na Cidade Joia ser\u00e1 instalado no pr\u00e9dio onde hoje \u00e9 o Ganha Tempo, localizado na Avenida da Saudade, pr\u00f3ximo do Parque dos Pioneiros.<\/p>\n<p>De acordo com informa\u00e7\u00f5es do Governo, a unidade adamantinense contar\u00e1 com sistema Balc\u00e3o \u00danico e atendentes multitarefa, o formato mais moderno e inteligente do programa. Com capacidade para realizar cerca de 130 atendimentos por dia.<\/p>\n<p>A implanta\u00e7\u00e3o do Poupatempo em Adamantina foi viabilizada por meio de conv\u00eanios entre os governos estadual e municipal.<\/p>\n<p>A parceria permite ainda a inclus\u00e3o de servi\u00e7os municipais nos canais digitais do programa. Al\u00e9m da Prefeitura e do Estado, a implementa\u00e7\u00e3o conta com a participa\u00e7\u00e3o do Detran.SP, o que possibilitar\u00e1 um modelo de atendimento modernizado, com os \u00f3rg\u00e3os integrados, permitindo colocar servi\u00e7os p\u00fablicos mais pr\u00f3ximos da popula\u00e7\u00e3o.<\/p>\n<p>Com a efetiva\u00e7\u00e3o do funcionamento em Adamantina, al\u00e9m dos servi\u00e7os disponibilizados pelo Poupatempo, ser\u00e3o mantidos o Banco do Povo, o Procon e o PAT (Posto de Atendimento ao Trabalhador) que atualmente est\u00e3o ligado ao Ganha Tempo Municipal.<\/p>\n<p>A data escolhida neste m\u00eas para a inaugura\u00e7\u00e3o ainda n\u00e3o foi anunciada pela Prefeitura.<\/p>\n<p>&nbsp;<\/p>\n<p>Fonte: Adamantina Net<\/p>\n","protected":false},"excerpt":{"rendered":"<p>Ap\u00f3s entraves burocr\u00e1ticos ligados ao processo licitat\u00f3rio de adequa\u00e7\u00e3o do im\u00f3vel que abrigaria a unidade, o Poupatempo de Adamantina ser\u00e1 colocado em funcionamento neste m\u00eas de junho. A inaugura\u00e7\u00e3o foi anunciada por meio das redes sociais pelo prefeito M\u00e1rcio Cardim na noite da \u00faltima quarta-feira (1\u00ba), quando ainda estava em S\u00e3o Paulo e teve a [&hellip;]<\/p>\n","protected":false},"author":13,"featured_media":20043,"comment_status":"closed","ping_status":"open","sticky":false,"template":"","format":"standard","meta":{"_acf_changed":false,"_exactmetrics_skip_tracking":false,"_exactmetrics_sitenote_active":false,"_exactmetrics_sitenote_note":"","_exactmetrics_sitenote_category":0,"footnotes":""},"categories":[21],"tags":[],"class_list":["post-54508","post","type-post","status-publish","format-standard","has-post-thumbnail","hentry","category-adamantina"],"acf":[],"yoast_head":"<!-- This site is optimized with the Yoast SEO plugin v27.2 - https:\/\/yoast.com\/product\/yoast-seo-wordpress\/ -->\n<title>Poupatempo de Adamantina ser\u00e1 colocado em funcionamento neste m\u00eas, afirma Prefeitura - R\u00e1dio Life FM<\/title>\n<meta name=\"robots\" content=\"index, follow, max-snippet:-1, max-image-preview:large, max-video-preview:-1\" \/>\n<link rel=\"canonical\" href=\"https:\/\/radiolifefm.com.br\/noticias\/poupatempo-de-adamantina-sera-colocado-em-funcionamento-neste-mes-afirma-prefeitura\/\" \/>\n<meta property=\"og:locale\" content=\"pt_BR\" \/>\n<meta property=\"og:type\" content=\"article\" \/>\n<meta property=\"og:title\" content=\"Poupatempo de Adamantina ser\u00e1 colocado em funcionamento neste m\u00eas, afirma Prefeitura - R\u00e1dio Life FM\" \/>\n<meta property=\"og:description\" content=\"Ap\u00f3s entraves burocr\u00e1ticos ligados ao processo licitat\u00f3rio de adequa\u00e7\u00e3o do im\u00f3vel que abrigaria a unidade, o Poupatempo de Adamantina ser\u00e1 colocado em funcionamento neste m\u00eas de junho. A inaugura\u00e7\u00e3o foi anunciada por meio das redes sociais pelo prefeito M\u00e1rcio Cardim na noite da \u00faltima quarta-feira (1\u00ba), quando ainda estava em S\u00e3o Paulo e teve a [&hellip;]\" \/>\n<meta property=\"og:url\" content=\"https:\/\/radiolifefm.com.br\/noticias\/poupatempo-de-adamantina-sera-colocado-em-funcionamento-neste-mes-afirma-prefeitura\/\" \/>\n<meta property=\"og:site_name\" content=\"R\u00e1dio Life FM\" \/>\n<meta property=\"article:publisher\" content=\"https:\/\/www.facebook.com\/radiolifefm\/\" \/>\n<meta property=\"article:published_time\" content=\"2022-06-07T12:52:28+00:00\" \/>\n<meta property=\"article:modified_time\" content=\"2026-04-07T16:37:58+00:00\" \/>\n<meta property=\"og:image\" content=\"https:\/\/radiolifefm.com.br\/noticias\/wp-content\/uploads\/2020\/02\/Procon-Ganha-tempo.jpg\" \/>\n\t<meta property=\"og:image:width\" content=\"259\" \/>\n\t<meta property=\"og:image:height\" content=\"194\" \/>\n\t<meta property=\"og:image:type\" content=\"image\/jpeg\" \/>\n<meta name=\"author\" content=\"ritanery\" \/>\n<meta name=\"twitter:card\" content=\"summary_large_image\" \/>\n<meta name=\"twitter:label1\" content=\"Escrito por\" \/>\n\t<meta name=\"twitter:data1\" content=\"ritanery\" \/>\n\t<meta name=\"twitter:label2\" content=\"Est. tempo de leitura\" \/>\n\t<meta name=\"twitter:data2\" content=\"1 minuto\" \/>\n<script type=\"application\/ld+json\" class=\"yoast-schema-graph\">{\"@context\":\"https:\/\/schema.org\",\"@graph\":[{\"@type\":\"Article\",\"@id\":\"https:\/\/radiolifefm.com.br\/noticias\/poupatempo-de-adamantina-sera-colocado-em-funcionamento-neste-mes-afirma-prefeitura\/#article\",\"isPartOf\":{\"@id\":\"https:\/\/radiolifefm.com.br\/noticias\/poupatempo-de-adamantina-sera-colocado-em-funcionamento-neste-mes-afirma-prefeitura\/\"},\"author\":{\"name\":\"ritanery\",\"@id\":\"https:\/\/radiolifefm.com.br\/noticias\/#\/schema\/person\/6339b9fac59d12b071dec680d7375d87\"},\"headline\":\"Poupatempo de Adamantina ser\u00e1 colocado em funcionamento neste m\u00eas, afirma Prefeitura\",\"datePublished\":\"2022-06-07T12:52:28+00:00\",\"dateModified\":\"2026-04-07T16:37:58+00:00\",\"mainEntityOfPage\":{\"@id\":\"https:\/\/radiolifefm.com.br\/noticias\/poupatempo-de-adamantina-sera-colocado-em-funcionamento-neste-mes-afirma-prefeitura\/\"},\"wordCount\":288,\"publisher\":{\"@id\":\"https:\/\/radiolifefm.com.br\/noticias\/#organization\"},\"image\":{\"@id\":\"https:\/\/radiolifefm.com.br\/noticias\/poupatempo-de-adamantina-sera-colocado-em-funcionamento-neste-mes-afirma-prefeitura\/#primaryimage\"},\"thumbnailUrl\":\"https:\/\/radiolifefm.com.br\/noticias\/wp-content\/uploads\/2020\/02\/Procon-Ganha-tempo.jpg\",\"articleSection\":[\"Adamantina\"],\"inLanguage\":\"pt-BR\"},{\"@type\":\"WebPage\",\"@id\":\"https:\/\/radiolifefm.com.br\/noticias\/poupatempo-de-adamantina-sera-colocado-em-funcionamento-neste-mes-afirma-prefeitura\/\",\"url\":\"https:\/\/radiolifefm.com.br\/noticias\/poupatempo-de-adamantina-sera-colocado-em-funcionamento-neste-mes-afirma-prefeitura\/\",\"name\":\"Poupatempo de Adamantina ser\u00e1 colocado em funcionamento neste m\u00eas, afirma Prefeitura - R\u00e1dio Life FM\",\"isPartOf\":{\"@id\":\"https:\/\/radiolifefm.com.br\/noticias\/#website\"},\"primaryImageOfPage\":{\"@id\":\"https:\/\/radiolifefm.com.br\/noticias\/poupatempo-de-adamantina-sera-colocado-em-funcionamento-neste-mes-afirma-prefeitura\/#primaryimage\"},\"image\":{\"@id\":\"https:\/\/radiolifefm.com.br\/noticias\/poupatempo-de-adamantina-sera-colocado-em-funcionamento-neste-mes-afirma-prefeitura\/#primaryimage\"},\"thumbnailUrl\":\"https:\/\/radiolifefm.com.br\/noticias\/wp-content\/uploads\/2020\/02\/Procon-Ganha-tempo.jpg\",\"datePublished\":\"2022-06-07T12:52:28+00:00\",\"dateModified\":\"2026-04-07T16:37:58+00:00\",\"breadcrumb\":{\"@id\":\"https:\/\/radiolifefm.com.br\/noticias\/poupatempo-de-adamantina-sera-colocado-em-funcionamento-neste-mes-afirma-prefeitura\/#breadcrumb\"},\"inLanguage\":\"pt-BR\",\"potentialAction\":[{\"@type\":\"ReadAction\",\"target\":[\"https:\/\/radiolifefm.com.br\/noticias\/poupatempo-de-adamantina-sera-colocado-em-funcionamento-neste-mes-afirma-prefeitura\/\"]}]},{\"@type\":\"ImageObject\",\"inLanguage\":\"pt-BR\",\"@id\":\"https:\/\/radiolifefm.com.br\/noticias\/poupatempo-de-adamantina-sera-colocado-em-funcionamento-neste-mes-afirma-prefeitura\/#primaryimage\",\"url\":\"https:\/\/radiolifefm.com.br\/noticias\/wp-content\/uploads\/2020\/02\/Procon-Ganha-tempo.jpg\",\"contentUrl\":\"https:\/\/radiolifefm.com.br\/noticias\/wp-content\/uploads\/2020\/02\/Procon-Ganha-tempo.jpg\",\"width\":259,\"height\":194},{\"@type\":\"BreadcrumbList\",\"@id\":\"https:\/\/radiolifefm.com.br\/noticias\/poupatempo-de-adamantina-sera-colocado-em-funcionamento-neste-mes-afirma-prefeitura\/#breadcrumb\",\"itemListElement\":[{\"@type\":\"ListItem\",\"position\":1,\"name\":\"In\u00edcio\",\"item\":\"https:\/\/radiolifefm.com.br\/noticias\/\"},{\"@type\":\"ListItem\",\"position\":2,\"name\":\"Poupatempo de Adamantina ser\u00e1 colocado em funcionamento neste m\u00eas, afirma Prefeitura\"}]},{\"@type\":\"WebSite\",\"@id\":\"https:\/\/radiolifefm.com.br\/noticias\/#website\",\"url\":\"https:\/\/radiolifefm.com.br\/noticias\/\",\"name\":\"R\u00e1dio Life FM\",\"description\":\"O Portal de Not\u00edcias de Adamantina\",\"publisher\":{\"@id\":\"https:\/\/radiolifefm.com.br\/noticias\/#organization\"},\"alternateName\":\"Life FM\",\"potentialAction\":[{\"@type\":\"SearchAction\",\"target\":{\"@type\":\"EntryPoint\",\"urlTemplate\":\"https:\/\/radiolifefm.com.br\/noticias\/?s={search_term_string}\"},\"query-input\":{\"@type\":\"PropertyValueSpecification\",\"valueRequired\":true,\"valueName\":\"search_term_string\"}}],\"inLanguage\":\"pt-BR\"},{\"@type\":\"Organization\",\"@id\":\"https:\/\/radiolifefm.com.br\/noticias\/#organization\",\"name\":\"R\u00e1dio Life FM\",\"alternateName\":\"Life FM\",\"url\":\"https:\/\/radiolifefm.com.br\/noticias\/\",\"logo\":{\"@type\":\"ImageObject\",\"inLanguage\":\"pt-BR\",\"@id\":\"https:\/\/radiolifefm.com.br\/noticias\/#\/schema\/logo\/image\/\",\"url\":\"https:\/\/static.radiolifefm.com.br\/noticias\/wp-content\/uploads\/2019\/10\/logo-lifefm.png\",\"contentUrl\":\"https:\/\/static.radiolifefm.com.br\/noticias\/wp-content\/uploads\/2019\/10\/logo-lifefm.png\",\"width\":196,\"height\":47,\"caption\":\"R\u00e1dio Life FM\"},\"image\":{\"@id\":\"https:\/\/radiolifefm.com.br\/noticias\/#\/schema\/logo\/image\/\"},\"sameAs\":[\"https:\/\/www.facebook.com\/radiolifefm\/\",\"https:\/\/www.instagram.com\/life1079fm\/\"]},{\"@type\":\"Person\",\"@id\":\"https:\/\/radiolifefm.com.br\/noticias\/#\/schema\/person\/6339b9fac59d12b071dec680d7375d87\",\"name\":\"ritanery\",\"image\":{\"@type\":\"ImageObject\",\"inLanguage\":\"pt-BR\",\"@id\":\"https:\/\/secure.gravatar.com\/avatar\/0e37bb19071f47c0b8a23f62a903df117c5a0e75f65a0c2901562f97cd41cf86?s=96&d=mm&r=g\",\"url\":\"https:\/\/secure.gravatar.com\/avatar\/0e37bb19071f47c0b8a23f62a903df117c5a0e75f65a0c2901562f97cd41cf86?s=96&d=mm&r=g\",\"contentUrl\":\"https:\/\/secure.gravatar.com\/avatar\/0e37bb19071f47c0b8a23f62a903df117c5a0e75f65a0c2901562f97cd41cf86?s=96&d=mm&r=g\",\"caption\":\"ritanery\"}}]}<\/script>\n<!-- \/ Yoast SEO plugin. -->","yoast_head_json":{"title":"Poupatempo de Adamantina ser\u00e1 colocado em funcionamento neste m\u00eas, afirma Prefeitura - R\u00e1dio Life FM","robots":{"index":"index","follow":"follow","max-snippet":"max-snippet:-1","max-image-preview":"max-image-preview:large","max-video-preview":"max-video-preview:-1"},"canonical":"https:\/\/radiolifefm.com.br\/noticias\/poupatempo-de-adamantina-sera-colocado-em-funcionamento-neste-mes-afirma-prefeitura\/","og_locale":"pt_BR","og_type":"article","og_title":"Poupatempo de Adamantina ser\u00e1 colocado em funcionamento neste m\u00eas, afirma Prefeitura - R\u00e1dio Life FM","og_description":"Ap\u00f3s entraves burocr\u00e1ticos ligados ao processo licitat\u00f3rio de adequa\u00e7\u00e3o do im\u00f3vel que abrigaria a unidade, o Poupatempo de Adamantina ser\u00e1 colocado em funcionamento neste m\u00eas de junho. A inaugura\u00e7\u00e3o foi anunciada por meio das redes sociais pelo prefeito M\u00e1rcio Cardim na noite da \u00faltima quarta-feira (1\u00ba), quando ainda estava em S\u00e3o Paulo e teve a [&hellip;]","og_url":"https:\/\/radiolifefm.com.br\/noticias\/poupatempo-de-adamantina-sera-colocado-em-funcionamento-neste-mes-afirma-prefeitura\/","og_site_name":"R\u00e1dio Life FM","article_publisher":"https:\/\/www.facebook.com\/radiolifefm\/","article_published_time":"2022-06-07T12:52:28+00:00","article_modified_time":"2026-04-07T16:37:58+00:00","og_image":[{"width":259,"height":194,"url":"https:\/\/radiolifefm.com.br\/noticias\/wp-content\/uploads\/2020\/02\/Procon-Ganha-tempo.jpg","type":"image\/jpeg"}],"author":"ritanery","twitter_card":"summary_large_image","twitter_misc":{"Escrito por":"ritanery","Est. tempo de leitura":"1 minuto"},"schema":{"@context":"https:\/\/schema.org","@graph":[{"@type":"Article","@id":"https:\/\/radiolifefm.com.br\/noticias\/poupatempo-de-adamantina-sera-colocado-em-funcionamento-neste-mes-afirma-prefeitura\/#article","isPartOf":{"@id":"https:\/\/radiolifefm.com.br\/noticias\/poupatempo-de-adamantina-sera-colocado-em-funcionamento-neste-mes-afirma-prefeitura\/"},"author":{"name":"ritanery","@id":"https:\/\/radiolifefm.com.br\/noticias\/#\/schema\/person\/6339b9fac59d12b071dec680d7375d87"},"headline":"Poupatempo de Adamantina ser\u00e1 colocado em funcionamento neste m\u00eas, afirma Prefeitura","datePublished":"2022-06-07T12:52:28+00:00","dateModified":"2026-04-07T16:37:58+00:00","mainEntityOfPage":{"@id":"https:\/\/radiolifefm.com.br\/noticias\/poupatempo-de-adamantina-sera-colocado-em-funcionamento-neste-mes-afirma-prefeitura\/"},"wordCount":288,"publisher":{"@id":"https:\/\/radiolifefm.com.br\/noticias\/#organization"},"image":{"@id":"https:\/\/radiolifefm.com.br\/noticias\/poupatempo-de-adamantina-sera-colocado-em-funcionamento-neste-mes-afirma-prefeitura\/#primaryimage"},"thumbnailUrl":"https:\/\/radiolifefm.com.br\/noticias\/wp-content\/uploads\/2020\/02\/Procon-Ganha-tempo.jpg","articleSection":["Adamantina"],"inLanguage":"pt-BR"},{"@type":"WebPage","@id":"https:\/\/radiolifefm.com.br\/noticias\/poupatempo-de-adamantina-sera-colocado-em-funcionamento-neste-mes-afirma-prefeitura\/","url":"https:\/\/radiolifefm.com.br\/noticias\/poupatempo-de-adamantina-sera-colocado-em-funcionamento-neste-mes-afirma-prefeitura\/","name":"Poupatempo de Adamantina ser\u00e1 colocado em funcionamento neste m\u00eas, afirma Prefeitura - R\u00e1dio Life FM","isPartOf":{"@id":"https:\/\/radiolifefm.com.br\/noticias\/#website"},"primaryImageOfPage":{"@id":"https:\/\/radiolifefm.com.br\/noticias\/poupatempo-de-adamantina-sera-colocado-em-funcionamento-neste-mes-afirma-prefeitura\/#primaryimage"},"image":{"@id":"https:\/\/radiolifefm.com.br\/noticias\/poupatempo-de-adamantina-sera-colocado-em-funcionamento-neste-mes-afirma-prefeitura\/#primaryimage"},"thumbnailUrl":"https:\/\/radiolifefm.com.br\/noticias\/wp-content\/uploads\/2020\/02\/Procon-Ganha-tempo.jpg","datePublished":"2022-06-07T12:52:28+00:00","dateModified":"2026-04-07T16:37:58+00:00","breadcrumb":{"@id":"https:\/\/radiolifefm.com.br\/noticias\/poupatempo-de-adamantina-sera-colocado-em-funcionamento-neste-mes-afirma-prefeitura\/#breadcrumb"},"inLanguage":"pt-BR","potentialAction":[{"@type":"ReadAction","target":["https:\/\/radiolifefm.com.br\/noticias\/poupatempo-de-adamantina-sera-colocado-em-funcionamento-neste-mes-afirma-prefeitura\/"]}]},{"@type":"ImageObject","inLanguage":"pt-BR","@id":"https:\/\/radiolifefm.com.br\/noticias\/poupatempo-de-adamantina-sera-colocado-em-funcionamento-neste-mes-afirma-prefeitura\/#primaryimage","url":"https:\/\/radiolifefm.com.br\/noticias\/wp-content\/uploads\/2020\/02\/Procon-Ganha-tempo.jpg","contentUrl":"https:\/\/radiolifefm.com.br\/noticias\/wp-content\/uploads\/2020\/02\/Procon-Ganha-tempo.jpg","width":259,"height":194},{"@type":"BreadcrumbList","@id":"https:\/\/radiolifefm.com.br\/noticias\/poupatempo-de-adamantina-sera-colocado-em-funcionamento-neste-mes-afirma-prefeitura\/#breadcrumb","itemListElement":[{"@type":"ListItem","position":1,"name":"In\u00edcio","item":"https:\/\/radiolifefm.com.br\/noticias\/"},{"@type":"ListItem","position":2,"name":"Poupatempo de Adamantina ser\u00e1 colocado em funcionamento neste m\u00eas, afirma Prefeitura"}]},{"@type":"WebSite","@id":"https:\/\/radiolifefm.com.br\/noticias\/#website","url":"https:\/\/radiolifefm.com.br\/noticias\/","name":"R\u00e1dio Life FM","description":"O Portal de Not\u00edcias de Adamantina","publisher":{"@id":"https:\/\/radiolifefm.com.br\/noticias\/#organization"},"alternateName":"Life FM","potentialAction":[{"@type":"SearchAction","target":{"@type":"EntryPoint","urlTemplate":"https:\/\/radiolifefm.com.br\/noticias\/?s={search_term_string}"},"query-input":{"@type":"PropertyValueSpecification","valueRequired":true,"valueName":"search_term_string"}}],"inLanguage":"pt-BR"},{"@type":"Organization","@id":"https:\/\/radiolifefm.com.br\/noticias\/#organization","name":"R\u00e1dio Life FM","alternateName":"Life FM","url":"https:\/\/radiolifefm.com.br\/noticias\/","logo":{"@type":"ImageObject","inLanguage":"pt-BR","@id":"https:\/\/radiolifefm.com.br\/noticias\/#\/schema\/logo\/image\/","url":"https:\/\/static.radiolifefm.com.br\/noticias\/wp-content\/uploads\/2019\/10\/logo-lifefm.png","contentUrl":"https:\/\/static.radiolifefm.com.br\/noticias\/wp-content\/uploads\/2019\/10\/logo-lifefm.png","width":196,"height":47,"caption":"R\u00e1dio Life FM"},"image":{"@id":"https:\/\/radiolifefm.com.br\/noticias\/#\/schema\/logo\/image\/"},"sameAs":["https:\/\/www.facebook.com\/radiolifefm\/","https:\/\/www.instagram.com\/life1079fm\/"]},{"@type":"Person","@id":"https:\/\/radiolifefm.com.br\/noticias\/#\/schema\/person\/6339b9fac59d12b071dec680d7375d87","name":"ritanery","image":{"@type":"ImageObject","inLanguage":"pt-BR","@id":"https:\/\/secure.gravatar.com\/avatar\/0e37bb19071f47c0b8a23f62a903df117c5a0e75f65a0c2901562f97cd41cf86?s=96&d=mm&r=g","url":"https:\/\/secure.gravatar.com\/avatar\/0e37bb19071f47c0b8a23f62a903df117c5a0e75f65a0c2901562f97cd41cf86?s=96&d=mm&r=g","contentUrl":"https:\/\/secure.gravatar.com\/avatar\/0e37bb19071f47c0b8a23f62a903df117c5a0e75f65a0c2901562f97cd41cf86?s=96&d=mm&r=g","caption":"ritanery"}}]}},"amp_enabled":true,"_links":{"self":[{"href":"https:\/\/radiolifefm.com.br\/noticias\/wp-json\/wp\/v2\/posts\/54508","targetHints":{"allow":["GET"]}}],"collection":[{"href":"https:\/\/radiolifefm.com.br\/noticias\/wp-json\/wp\/v2\/posts"}],"about":[{"href":"https:\/\/radiolifefm.com.br\/noticias\/wp-json\/wp\/v2\/types\/post"}],"author":[{"embeddable":true,"href":"https:\/\/radiolifefm.com.br\/noticias\/wp-json\/wp\/v2\/users\/13"}],"replies":[{"embeddable":true,"href":"https:\/\/radiolifefm.com.br\/noticias\/wp-json\/wp\/v2\/comments?post=54508"}],"version-history":[{"count":2,"href":"https:\/\/radiolifefm.com.br\/noticias\/wp-json\/wp\/v2\/posts\/54508\/revisions"}],"predecessor-version":[{"id":54510,"href":"https:\/\/radiolifefm.com.br\/noticias\/wp-json\/wp\/v2\/posts\/54508\/revisions\/54510"}],"wp:featuredmedia":[{"embeddable":true,"href":"https:\/\/radiolifefm.com.br\/noticias\/wp-json\/wp\/v2\/media\/20043"}],"wp:attachment":[{"href":"https:\/\/radiolifefm.com.br\/noticias\/wp-json\/wp\/v2\/media?parent=54508"}],"wp:term":[{"taxonomy":"category","embeddable":true,"href":"https:\/\/radiolifefm.com.br\/noticias\/wp-json\/wp\/v2\/categories?post=54508"},{"taxonomy":"post_tag","embeddable":true,"href":"https:\/\/radiolifefm.com.br\/noticias\/wp-json\/wp\/v2\/tags?post=54508"}],"curies":[{"name":"wp","href":"https:\/\/api.w.org\/{rel}","templated":true}]}}