{"id":54469,"date":"2022-06-06T16:24:54","date_gmt":"2022-06-06T19:24:54","guid":{"rendered":"https:\/\/radiolifefm.com.br\/noticias\/?p=54469"},"modified":"2026-02-28T15:09:09","modified_gmt":"2026-02-28T18:09:09","slug":"prefeitura-de-adamantina-realiza-primeira-reuniao-da-comissao-organizadora-da-expoverde","status":"publish","type":"post","link":"https:\/\/radiolifefm.com.br\/noticias\/prefeitura-de-adamantina-realiza-primeira-reuniao-da-comissao-organizadora-da-expoverde\/","title":{"rendered":"Prefeitura de Adamantina realiza primeira reuni\u00e3o da comiss\u00e3o organizadora da Expoverde"},"content":{"rendered":"<div id=\"fb-root\"><\/div>\n<div>\n<p>Aconteceu na manh\u00e3 desta segunda-feira (6) no quinto andar do Pa\u00e7o Municipal a primeira reuni\u00e3o da comiss\u00e3o organizadora da Expoverde 2022 \u2013 30\u00aa Feira do Verde e Exposi\u00e7\u00e3o Agropecu\u00e1ria, Comercial e Industrial de Adamantina, que acontece de 2 a 7 de setembro, no recinto poliesportivo. A informa\u00e7\u00e3o sobre a reuni\u00e3o foi publicada pela <a href=\"https:\/\/www.facebook.com\/102145001929649\/posts\/pfbid026EtYMPMdunRpFozLjhr5KsRciha9444yeJwRYsAvBUCnAUSB77HNZK27v7a9tpUEl\/?d=n\" target=\"_blank\" rel=\"noopener\"><strong>fanpage<\/strong><\/a>da Prefeitura.<\/p>\n<p>A Expoverde 2022 ser\u00e1 presidida pelo secret\u00e1rio municipal de sa\u00fade, Gustavo Taniguchi Rufino, como estabeleceu o prefeito M\u00e1rcio Cardim por meio do <strong><a href=\"https:\/\/www.adamantina.sp.gov.br\/?pag=T0dRPU9EZz1PR009T1RnPQ==&amp;id=7365\" target=\"_blank\" rel=\"noopener\">Decreto Municipal N\u00ba 6537\/2022<\/a><\/strong>.<\/p>\n<p>Conforme <a href=\"https:\/\/www.sigamais.com\/noticias\/cidades\/prefeitura-de-adamantina-nomeia-comissao-organizadora-da-expoverde-2022\/\" target=\"_blank\" rel=\"noopener\"><strong>divulgou a Prefeitura de Adamantina no dia 18 de maio<\/strong><\/a>, quando da nomea\u00e7\u00e3o da Comiss\u00e3o, est\u00e3o sendo esperados mais de 100 expositores ligados ao com\u00e9rcio, ind\u00fastria e cria\u00e7\u00e3o de animais. Os alunos das escolas p\u00fablicas e particulares do munic\u00edpio tamb\u00e9m ter\u00e3o espa\u00e7o para apresenta\u00e7\u00e3o de trabalhos voltados ao tema do evento.<\/p>\n<p><strong>Comiss\u00e3o <\/strong><\/p>\n<p>A Expoverde \u00e9 realizado pela Prefeitura do Munic\u00edpio de Adamantina, com apoio da C\u00e2mara Municipal e tem a participa\u00e7\u00e3o de empres\u00e1rios e expositores da cidade e regi\u00e3o, com entrada franca, todos os dias.<\/p>\n<p>Na linha de frente da Comiss\u00e3o, segundo o Decreto, est\u00e3o o vice-presidente Thiago Ribeiro Benet\u00e3o; coordenador geral, Emerson Hernandes Baptiston; estrutura e montagem, William Bachega Brito; coordenador de cultura e inova\u00e7\u00e3o, Sergio Vanderlei da Silva; primeiro tesoureiro, Gilmar Bosso; segundo tesoureiro, Luiz Ant\u00f4nio Furtado; secret\u00e1ria geral, Luciana Pereira; primeira secret\u00e1ria, Cl\u00e1udia Puerta Mariano; segunda secret\u00e1ria, Larissa Ferreira Noda; e assessoria jur\u00eddica, Cl\u00e1udia Bitencurte Campos.<\/p>\n<\/div>\n<p>Fonte: Siga Mais<\/p>\n","protected":false},"excerpt":{"rendered":"<p>Aconteceu na manh\u00e3 desta segunda-feira (6) no quinto andar do Pa\u00e7o Municipal a primeira reuni\u00e3o da comiss\u00e3o organizadora da Expoverde 2022 \u2013 30\u00aa Feira do Verde e Exposi\u00e7\u00e3o Agropecu\u00e1ria, Comercial e Industrial de Adamantina, que acontece de 2 a 7 de setembro, no recinto poliesportivo. A informa\u00e7\u00e3o sobre a reuni\u00e3o foi publicada pela fanpageda Prefeitura. [&hellip;]<\/p>\n","protected":false},"author":13,"featured_media":54470,"comment_status":"closed","ping_status":"open","sticky":false,"template":"","format":"standard","meta":{"_acf_changed":false,"_exactmetrics_skip_tracking":false,"_exactmetrics_sitenote_active":false,"_exactmetrics_sitenote_note":"","_exactmetrics_sitenote_category":0,"footnotes":""},"categories":[21],"tags":[],"class_list":["post-54469","post","type-post","status-publish","format-standard","has-post-thumbnail","hentry","category-adamantina"],"acf":[],"yoast_head":"<!-- This site is optimized with the Yoast SEO plugin v27.2 - https:\/\/yoast.com\/product\/yoast-seo-wordpress\/ -->\n<title>Prefeitura de Adamantina realiza primeira reuni\u00e3o da comiss\u00e3o organizadora da Expoverde - R\u00e1dio Life FM<\/title>\n<meta name=\"robots\" content=\"index, follow, max-snippet:-1, max-image-preview:large, max-video-preview:-1\" \/>\n<link rel=\"canonical\" href=\"https:\/\/radiolifefm.com.br\/noticias\/prefeitura-de-adamantina-realiza-primeira-reuniao-da-comissao-organizadora-da-expoverde\/\" \/>\n<meta property=\"og:locale\" content=\"pt_BR\" \/>\n<meta property=\"og:type\" content=\"article\" \/>\n<meta property=\"og:title\" content=\"Prefeitura de Adamantina realiza primeira reuni\u00e3o da comiss\u00e3o organizadora da Expoverde - R\u00e1dio Life FM\" \/>\n<meta property=\"og:description\" content=\"Aconteceu na manh\u00e3 desta segunda-feira (6) no quinto andar do Pa\u00e7o Municipal a primeira reuni\u00e3o da comiss\u00e3o organizadora da Expoverde 2022 \u2013 30\u00aa Feira do Verde e Exposi\u00e7\u00e3o Agropecu\u00e1ria, Comercial e Industrial de Adamantina, que acontece de 2 a 7 de setembro, no recinto poliesportivo. A informa\u00e7\u00e3o sobre a reuni\u00e3o foi publicada pela fanpageda Prefeitura. [&hellip;]\" \/>\n<meta property=\"og:url\" content=\"https:\/\/radiolifefm.com.br\/noticias\/prefeitura-de-adamantina-realiza-primeira-reuniao-da-comissao-organizadora-da-expoverde\/\" \/>\n<meta property=\"og:site_name\" content=\"R\u00e1dio Life FM\" \/>\n<meta property=\"article:publisher\" content=\"https:\/\/www.facebook.com\/radiolifefm\/\" \/>\n<meta property=\"article:published_time\" content=\"2022-06-06T19:24:54+00:00\" \/>\n<meta property=\"article:modified_time\" content=\"2026-02-28T18:09:09+00:00\" \/>\n<meta property=\"og:image\" content=\"https:\/\/radiolifefm.com.br\/noticias\/wp-content\/uploads\/2022\/06\/286163700396549789155834893908649099261842njpg1654532311629e28d75f620.jpg\" \/>\n\t<meta property=\"og:image:width\" content=\"600\" \/>\n\t<meta property=\"og:image:height\" content=\"337\" \/>\n\t<meta property=\"og:image:type\" content=\"image\/jpeg\" \/>\n<meta name=\"author\" content=\"ritanery\" \/>\n<meta name=\"twitter:card\" content=\"summary_large_image\" \/>\n<meta name=\"twitter:label1\" content=\"Escrito por\" \/>\n\t<meta name=\"twitter:data1\" content=\"ritanery\" \/>\n\t<meta name=\"twitter:label2\" content=\"Est. tempo de leitura\" \/>\n\t<meta name=\"twitter:data2\" content=\"1 minuto\" \/>\n<script type=\"application\/ld+json\" class=\"yoast-schema-graph\">{\"@context\":\"https:\/\/schema.org\",\"@graph\":[{\"@type\":\"Article\",\"@id\":\"https:\/\/radiolifefm.com.br\/noticias\/prefeitura-de-adamantina-realiza-primeira-reuniao-da-comissao-organizadora-da-expoverde\/#article\",\"isPartOf\":{\"@id\":\"https:\/\/radiolifefm.com.br\/noticias\/prefeitura-de-adamantina-realiza-primeira-reuniao-da-comissao-organizadora-da-expoverde\/\"},\"author\":{\"name\":\"ritanery\",\"@id\":\"https:\/\/radiolifefm.com.br\/noticias\/#\/schema\/person\/6339b9fac59d12b071dec680d7375d87\"},\"headline\":\"Prefeitura de Adamantina realiza primeira reuni\u00e3o da comiss\u00e3o organizadora da Expoverde\",\"datePublished\":\"2022-06-06T19:24:54+00:00\",\"dateModified\":\"2026-02-28T18:09:09+00:00\",\"mainEntityOfPage\":{\"@id\":\"https:\/\/radiolifefm.com.br\/noticias\/prefeitura-de-adamantina-realiza-primeira-reuniao-da-comissao-organizadora-da-expoverde\/\"},\"wordCount\":276,\"publisher\":{\"@id\":\"https:\/\/radiolifefm.com.br\/noticias\/#organization\"},\"image\":{\"@id\":\"https:\/\/radiolifefm.com.br\/noticias\/prefeitura-de-adamantina-realiza-primeira-reuniao-da-comissao-organizadora-da-expoverde\/#primaryimage\"},\"thumbnailUrl\":\"https:\/\/radiolifefm.com.br\/noticias\/wp-content\/uploads\/2022\/06\/286163700396549789155834893908649099261842njpg1654532311629e28d75f620.jpg\",\"articleSection\":[\"Adamantina\"],\"inLanguage\":\"pt-BR\"},{\"@type\":\"WebPage\",\"@id\":\"https:\/\/radiolifefm.com.br\/noticias\/prefeitura-de-adamantina-realiza-primeira-reuniao-da-comissao-organizadora-da-expoverde\/\",\"url\":\"https:\/\/radiolifefm.com.br\/noticias\/prefeitura-de-adamantina-realiza-primeira-reuniao-da-comissao-organizadora-da-expoverde\/\",\"name\":\"Prefeitura de Adamantina realiza primeira reuni\u00e3o da comiss\u00e3o organizadora da Expoverde - R\u00e1dio Life FM\",\"isPartOf\":{\"@id\":\"https:\/\/radiolifefm.com.br\/noticias\/#website\"},\"primaryImageOfPage\":{\"@id\":\"https:\/\/radiolifefm.com.br\/noticias\/prefeitura-de-adamantina-realiza-primeira-reuniao-da-comissao-organizadora-da-expoverde\/#primaryimage\"},\"image\":{\"@id\":\"https:\/\/radiolifefm.com.br\/noticias\/prefeitura-de-adamantina-realiza-primeira-reuniao-da-comissao-organizadora-da-expoverde\/#primaryimage\"},\"thumbnailUrl\":\"https:\/\/radiolifefm.com.br\/noticias\/wp-content\/uploads\/2022\/06\/286163700396549789155834893908649099261842njpg1654532311629e28d75f620.jpg\",\"datePublished\":\"2022-06-06T19:24:54+00:00\",\"dateModified\":\"2026-02-28T18:09:09+00:00\",\"breadcrumb\":{\"@id\":\"https:\/\/radiolifefm.com.br\/noticias\/prefeitura-de-adamantina-realiza-primeira-reuniao-da-comissao-organizadora-da-expoverde\/#breadcrumb\"},\"inLanguage\":\"pt-BR\",\"potentialAction\":[{\"@type\":\"ReadAction\",\"target\":[\"https:\/\/radiolifefm.com.br\/noticias\/prefeitura-de-adamantina-realiza-primeira-reuniao-da-comissao-organizadora-da-expoverde\/\"]}]},{\"@type\":\"ImageObject\",\"inLanguage\":\"pt-BR\",\"@id\":\"https:\/\/radiolifefm.com.br\/noticias\/prefeitura-de-adamantina-realiza-primeira-reuniao-da-comissao-organizadora-da-expoverde\/#primaryimage\",\"url\":\"https:\/\/radiolifefm.com.br\/noticias\/wp-content\/uploads\/2022\/06\/286163700396549789155834893908649099261842njpg1654532311629e28d75f620.jpg\",\"contentUrl\":\"https:\/\/radiolifefm.com.br\/noticias\/wp-content\/uploads\/2022\/06\/286163700396549789155834893908649099261842njpg1654532311629e28d75f620.jpg\",\"width\":600,\"height\":337,\"caption\":\"Reuni\u00e3o da Comiss\u00e3o Organizadora da Expoverde 2022, na manh\u00e3 desta segunda-feira (6) no quinto andar do Pa\u00e7o Municipal (Divulga\u00e7\u00e3o\/PM Prefeitura).\"},{\"@type\":\"BreadcrumbList\",\"@id\":\"https:\/\/radiolifefm.com.br\/noticias\/prefeitura-de-adamantina-realiza-primeira-reuniao-da-comissao-organizadora-da-expoverde\/#breadcrumb\",\"itemListElement\":[{\"@type\":\"ListItem\",\"position\":1,\"name\":\"In\u00edcio\",\"item\":\"https:\/\/radiolifefm.com.br\/noticias\/\"},{\"@type\":\"ListItem\",\"position\":2,\"name\":\"Prefeitura de Adamantina realiza primeira reuni\u00e3o da comiss\u00e3o organizadora da Expoverde\"}]},{\"@type\":\"WebSite\",\"@id\":\"https:\/\/radiolifefm.com.br\/noticias\/#website\",\"url\":\"https:\/\/radiolifefm.com.br\/noticias\/\",\"name\":\"R\u00e1dio Life FM\",\"description\":\"O Portal de Not\u00edcias de Adamantina\",\"publisher\":{\"@id\":\"https:\/\/radiolifefm.com.br\/noticias\/#organization\"},\"alternateName\":\"Life FM\",\"potentialAction\":[{\"@type\":\"SearchAction\",\"target\":{\"@type\":\"EntryPoint\",\"urlTemplate\":\"https:\/\/radiolifefm.com.br\/noticias\/?s={search_term_string}\"},\"query-input\":{\"@type\":\"PropertyValueSpecification\",\"valueRequired\":true,\"valueName\":\"search_term_string\"}}],\"inLanguage\":\"pt-BR\"},{\"@type\":\"Organization\",\"@id\":\"https:\/\/radiolifefm.com.br\/noticias\/#organization\",\"name\":\"R\u00e1dio Life FM\",\"alternateName\":\"Life FM\",\"url\":\"https:\/\/radiolifefm.com.br\/noticias\/\",\"logo\":{\"@type\":\"ImageObject\",\"inLanguage\":\"pt-BR\",\"@id\":\"https:\/\/radiolifefm.com.br\/noticias\/#\/schema\/logo\/image\/\",\"url\":\"https:\/\/static.radiolifefm.com.br\/noticias\/wp-content\/uploads\/2019\/10\/logo-lifefm.png\",\"contentUrl\":\"https:\/\/static.radiolifefm.com.br\/noticias\/wp-content\/uploads\/2019\/10\/logo-lifefm.png\",\"width\":196,\"height\":47,\"caption\":\"R\u00e1dio Life FM\"},\"image\":{\"@id\":\"https:\/\/radiolifefm.com.br\/noticias\/#\/schema\/logo\/image\/\"},\"sameAs\":[\"https:\/\/www.facebook.com\/radiolifefm\/\",\"https:\/\/www.instagram.com\/life1079fm\/\"]},{\"@type\":\"Person\",\"@id\":\"https:\/\/radiolifefm.com.br\/noticias\/#\/schema\/person\/6339b9fac59d12b071dec680d7375d87\",\"name\":\"ritanery\",\"image\":{\"@type\":\"ImageObject\",\"inLanguage\":\"pt-BR\",\"@id\":\"https:\/\/secure.gravatar.com\/avatar\/0e37bb19071f47c0b8a23f62a903df117c5a0e75f65a0c2901562f97cd41cf86?s=96&d=mm&r=g\",\"url\":\"https:\/\/secure.gravatar.com\/avatar\/0e37bb19071f47c0b8a23f62a903df117c5a0e75f65a0c2901562f97cd41cf86?s=96&d=mm&r=g\",\"contentUrl\":\"https:\/\/secure.gravatar.com\/avatar\/0e37bb19071f47c0b8a23f62a903df117c5a0e75f65a0c2901562f97cd41cf86?s=96&d=mm&r=g\",\"caption\":\"ritanery\"}}]}<\/script>\n<!-- \/ Yoast SEO plugin. -->","yoast_head_json":{"title":"Prefeitura de Adamantina realiza primeira reuni\u00e3o da comiss\u00e3o organizadora da Expoverde - R\u00e1dio Life FM","robots":{"index":"index","follow":"follow","max-snippet":"max-snippet:-1","max-image-preview":"max-image-preview:large","max-video-preview":"max-video-preview:-1"},"canonical":"https:\/\/radiolifefm.com.br\/noticias\/prefeitura-de-adamantina-realiza-primeira-reuniao-da-comissao-organizadora-da-expoverde\/","og_locale":"pt_BR","og_type":"article","og_title":"Prefeitura de Adamantina realiza primeira reuni\u00e3o da comiss\u00e3o organizadora da Expoverde - R\u00e1dio Life FM","og_description":"Aconteceu na manh\u00e3 desta segunda-feira (6) no quinto andar do Pa\u00e7o Municipal a primeira reuni\u00e3o da comiss\u00e3o organizadora da Expoverde 2022 \u2013 30\u00aa Feira do Verde e Exposi\u00e7\u00e3o Agropecu\u00e1ria, Comercial e Industrial de Adamantina, que acontece de 2 a 7 de setembro, no recinto poliesportivo. A informa\u00e7\u00e3o sobre a reuni\u00e3o foi publicada pela fanpageda Prefeitura. [&hellip;]","og_url":"https:\/\/radiolifefm.com.br\/noticias\/prefeitura-de-adamantina-realiza-primeira-reuniao-da-comissao-organizadora-da-expoverde\/","og_site_name":"R\u00e1dio Life FM","article_publisher":"https:\/\/www.facebook.com\/radiolifefm\/","article_published_time":"2022-06-06T19:24:54+00:00","article_modified_time":"2026-02-28T18:09:09+00:00","og_image":[{"width":600,"height":337,"url":"https:\/\/radiolifefm.com.br\/noticias\/wp-content\/uploads\/2022\/06\/286163700396549789155834893908649099261842njpg1654532311629e28d75f620.jpg","type":"image\/jpeg"}],"author":"ritanery","twitter_card":"summary_large_image","twitter_misc":{"Escrito por":"ritanery","Est. tempo de leitura":"1 minuto"},"schema":{"@context":"https:\/\/schema.org","@graph":[{"@type":"Article","@id":"https:\/\/radiolifefm.com.br\/noticias\/prefeitura-de-adamantina-realiza-primeira-reuniao-da-comissao-organizadora-da-expoverde\/#article","isPartOf":{"@id":"https:\/\/radiolifefm.com.br\/noticias\/prefeitura-de-adamantina-realiza-primeira-reuniao-da-comissao-organizadora-da-expoverde\/"},"author":{"name":"ritanery","@id":"https:\/\/radiolifefm.com.br\/noticias\/#\/schema\/person\/6339b9fac59d12b071dec680d7375d87"},"headline":"Prefeitura de Adamantina realiza primeira reuni\u00e3o da comiss\u00e3o organizadora da Expoverde","datePublished":"2022-06-06T19:24:54+00:00","dateModified":"2026-02-28T18:09:09+00:00","mainEntityOfPage":{"@id":"https:\/\/radiolifefm.com.br\/noticias\/prefeitura-de-adamantina-realiza-primeira-reuniao-da-comissao-organizadora-da-expoverde\/"},"wordCount":276,"publisher":{"@id":"https:\/\/radiolifefm.com.br\/noticias\/#organization"},"image":{"@id":"https:\/\/radiolifefm.com.br\/noticias\/prefeitura-de-adamantina-realiza-primeira-reuniao-da-comissao-organizadora-da-expoverde\/#primaryimage"},"thumbnailUrl":"https:\/\/radiolifefm.com.br\/noticias\/wp-content\/uploads\/2022\/06\/286163700396549789155834893908649099261842njpg1654532311629e28d75f620.jpg","articleSection":["Adamantina"],"inLanguage":"pt-BR"},{"@type":"WebPage","@id":"https:\/\/radiolifefm.com.br\/noticias\/prefeitura-de-adamantina-realiza-primeira-reuniao-da-comissao-organizadora-da-expoverde\/","url":"https:\/\/radiolifefm.com.br\/noticias\/prefeitura-de-adamantina-realiza-primeira-reuniao-da-comissao-organizadora-da-expoverde\/","name":"Prefeitura de Adamantina realiza primeira reuni\u00e3o da comiss\u00e3o organizadora da Expoverde - R\u00e1dio Life FM","isPartOf":{"@id":"https:\/\/radiolifefm.com.br\/noticias\/#website"},"primaryImageOfPage":{"@id":"https:\/\/radiolifefm.com.br\/noticias\/prefeitura-de-adamantina-realiza-primeira-reuniao-da-comissao-organizadora-da-expoverde\/#primaryimage"},"image":{"@id":"https:\/\/radiolifefm.com.br\/noticias\/prefeitura-de-adamantina-realiza-primeira-reuniao-da-comissao-organizadora-da-expoverde\/#primaryimage"},"thumbnailUrl":"https:\/\/radiolifefm.com.br\/noticias\/wp-content\/uploads\/2022\/06\/286163700396549789155834893908649099261842njpg1654532311629e28d75f620.jpg","datePublished":"2022-06-06T19:24:54+00:00","dateModified":"2026-02-28T18:09:09+00:00","breadcrumb":{"@id":"https:\/\/radiolifefm.com.br\/noticias\/prefeitura-de-adamantina-realiza-primeira-reuniao-da-comissao-organizadora-da-expoverde\/#breadcrumb"},"inLanguage":"pt-BR","potentialAction":[{"@type":"ReadAction","target":["https:\/\/radiolifefm.com.br\/noticias\/prefeitura-de-adamantina-realiza-primeira-reuniao-da-comissao-organizadora-da-expoverde\/"]}]},{"@type":"ImageObject","inLanguage":"pt-BR","@id":"https:\/\/radiolifefm.com.br\/noticias\/prefeitura-de-adamantina-realiza-primeira-reuniao-da-comissao-organizadora-da-expoverde\/#primaryimage","url":"https:\/\/radiolifefm.com.br\/noticias\/wp-content\/uploads\/2022\/06\/286163700396549789155834893908649099261842njpg1654532311629e28d75f620.jpg","contentUrl":"https:\/\/radiolifefm.com.br\/noticias\/wp-content\/uploads\/2022\/06\/286163700396549789155834893908649099261842njpg1654532311629e28d75f620.jpg","width":600,"height":337,"caption":"Reuni\u00e3o da Comiss\u00e3o Organizadora da Expoverde 2022, na manh\u00e3 desta segunda-feira (6) no quinto andar do Pa\u00e7o Municipal (Divulga\u00e7\u00e3o\/PM Prefeitura)."},{"@type":"BreadcrumbList","@id":"https:\/\/radiolifefm.com.br\/noticias\/prefeitura-de-adamantina-realiza-primeira-reuniao-da-comissao-organizadora-da-expoverde\/#breadcrumb","itemListElement":[{"@type":"ListItem","position":1,"name":"In\u00edcio","item":"https:\/\/radiolifefm.com.br\/noticias\/"},{"@type":"ListItem","position":2,"name":"Prefeitura de Adamantina realiza primeira reuni\u00e3o da comiss\u00e3o organizadora da Expoverde"}]},{"@type":"WebSite","@id":"https:\/\/radiolifefm.com.br\/noticias\/#website","url":"https:\/\/radiolifefm.com.br\/noticias\/","name":"R\u00e1dio Life FM","description":"O Portal de Not\u00edcias de Adamantina","publisher":{"@id":"https:\/\/radiolifefm.com.br\/noticias\/#organization"},"alternateName":"Life FM","potentialAction":[{"@type":"SearchAction","target":{"@type":"EntryPoint","urlTemplate":"https:\/\/radiolifefm.com.br\/noticias\/?s={search_term_string}"},"query-input":{"@type":"PropertyValueSpecification","valueRequired":true,"valueName":"search_term_string"}}],"inLanguage":"pt-BR"},{"@type":"Organization","@id":"https:\/\/radiolifefm.com.br\/noticias\/#organization","name":"R\u00e1dio Life FM","alternateName":"Life FM","url":"https:\/\/radiolifefm.com.br\/noticias\/","logo":{"@type":"ImageObject","inLanguage":"pt-BR","@id":"https:\/\/radiolifefm.com.br\/noticias\/#\/schema\/logo\/image\/","url":"https:\/\/static.radiolifefm.com.br\/noticias\/wp-content\/uploads\/2019\/10\/logo-lifefm.png","contentUrl":"https:\/\/static.radiolifefm.com.br\/noticias\/wp-content\/uploads\/2019\/10\/logo-lifefm.png","width":196,"height":47,"caption":"R\u00e1dio Life FM"},"image":{"@id":"https:\/\/radiolifefm.com.br\/noticias\/#\/schema\/logo\/image\/"},"sameAs":["https:\/\/www.facebook.com\/radiolifefm\/","https:\/\/www.instagram.com\/life1079fm\/"]},{"@type":"Person","@id":"https:\/\/radiolifefm.com.br\/noticias\/#\/schema\/person\/6339b9fac59d12b071dec680d7375d87","name":"ritanery","image":{"@type":"ImageObject","inLanguage":"pt-BR","@id":"https:\/\/secure.gravatar.com\/avatar\/0e37bb19071f47c0b8a23f62a903df117c5a0e75f65a0c2901562f97cd41cf86?s=96&d=mm&r=g","url":"https:\/\/secure.gravatar.com\/avatar\/0e37bb19071f47c0b8a23f62a903df117c5a0e75f65a0c2901562f97cd41cf86?s=96&d=mm&r=g","contentUrl":"https:\/\/secure.gravatar.com\/avatar\/0e37bb19071f47c0b8a23f62a903df117c5a0e75f65a0c2901562f97cd41cf86?s=96&d=mm&r=g","caption":"ritanery"}}]}},"amp_enabled":true,"_links":{"self":[{"href":"https:\/\/radiolifefm.com.br\/noticias\/wp-json\/wp\/v2\/posts\/54469","targetHints":{"allow":["GET"]}}],"collection":[{"href":"https:\/\/radiolifefm.com.br\/noticias\/wp-json\/wp\/v2\/posts"}],"about":[{"href":"https:\/\/radiolifefm.com.br\/noticias\/wp-json\/wp\/v2\/types\/post"}],"author":[{"embeddable":true,"href":"https:\/\/radiolifefm.com.br\/noticias\/wp-json\/wp\/v2\/users\/13"}],"replies":[{"embeddable":true,"href":"https:\/\/radiolifefm.com.br\/noticias\/wp-json\/wp\/v2\/comments?post=54469"}],"version-history":[{"count":1,"href":"https:\/\/radiolifefm.com.br\/noticias\/wp-json\/wp\/v2\/posts\/54469\/revisions"}],"predecessor-version":[{"id":54471,"href":"https:\/\/radiolifefm.com.br\/noticias\/wp-json\/wp\/v2\/posts\/54469\/revisions\/54471"}],"wp:featuredmedia":[{"embeddable":true,"href":"https:\/\/radiolifefm.com.br\/noticias\/wp-json\/wp\/v2\/media\/54470"}],"wp:attachment":[{"href":"https:\/\/radiolifefm.com.br\/noticias\/wp-json\/wp\/v2\/media?parent=54469"}],"wp:term":[{"taxonomy":"category","embeddable":true,"href":"https:\/\/radiolifefm.com.br\/noticias\/wp-json\/wp\/v2\/categories?post=54469"},{"taxonomy":"post_tag","embeddable":true,"href":"https:\/\/radiolifefm.com.br\/noticias\/wp-json\/wp\/v2\/tags?post=54469"}],"curies":[{"name":"wp","href":"https:\/\/api.w.org\/{rel}","templated":true}]}}