{"id":54455,"date":"2022-06-06T09:05:07","date_gmt":"2022-06-06T12:05:07","guid":{"rendered":"https:\/\/radiolifefm.com.br\/noticias\/?p=54455"},"modified":"2026-04-24T05:40:24","modified_gmt":"2026-04-24T08:40:24","slug":"o-rodeio-nao-precisa-ser-cancelado-diz-secretario-de-saude-apos-questionamentos-devido-decreto-de-uso-de-mascara","status":"publish","type":"post","link":"https:\/\/radiolifefm.com.br\/noticias\/o-rodeio-nao-precisa-ser-cancelado-diz-secretario-de-saude-apos-questionamentos-devido-decreto-de-uso-de-mascara\/","title":{"rendered":"\u201cO rodeio n\u00e3o precisa ser cancelado\u201d, diz secret\u00e1rio de sa\u00fade ap\u00f3s questionamentos devido decreto de uso de m\u00e1scara"},"content":{"rendered":"<div id=\"fb-root\"><\/div>\n<p>Na \u00faltima ter\u00e7a-feira (31), considerando a eleva\u00e7\u00e3o dos casos positivos de Covid-19 em Adamantina e como forma de conter a propaga\u00e7\u00e3o da transmiss\u00e3o do v\u00edrus, a Prefeitura de Adamantina determinou o uso obrigat\u00f3rio de m\u00e1scaras de prote\u00e7\u00e3o facial em estabelecimentos comerciais e de servi\u00e7os, por meio do Decreto n\u00ba 6.540.<\/p>\n<p>A iniciativa fez gerar questionamentos nas redes sociais quanto \u00e0 realiza\u00e7\u00e3o do Adamantina Rodeo Festival 2022, anunciado para ocorrer de 15 a 18 deste m\u00eas (junho) no Recinto Poliesportivo \u2018Sebasti\u00e3o Pires da Silva\u2019.<\/p>\n<p>Apesar de n\u00e3o ser promovido pela Prefeitura, j\u00e1 que foi terceirizado atrav\u00e9s de processo licitat\u00f3rio para a empresa Cabeludo Eventos, o secret\u00e1rio municipal de sa\u00fade Gustavo Tanigushi Rufino afirmou que por enquanto \u201co rodeio n\u00e3o precisa ser cancelado\u201d, porque, mesmo com o alto n\u00famero de casos positivos nas \u00faltimas semanas e a obrigatoriedade do uso de m\u00e1scara, \u201ca situa\u00e7\u00e3o est\u00e1 controlada\u201d.<\/p>\n<p>O posicionamento, segundo ele, \u00e9 embasado nas orienta\u00e7\u00f5es do Comit\u00ea de Contingenciamento e Combate \u00e0 Covid-19 em Adamantina.<\/p>\n<p>\u201cN\u00e3o estamos cancelando nenhum tipo de evento. N\u00e3o estamos colocando nenhuma medida restritiva. A \u00fanica medida \u00e9 para usar m\u00e1scara. N\u00e3o h\u00e1 motivo para p\u00e2nico e nem para caos. Estamos apenas protegendo a nossa popula\u00e7\u00e3o, para que os casos n\u00e3o estou rem de uma forma que n\u00e3o tenhamos condi\u00e7\u00f5es de cuidar\u201d, acrescentou Gustavo.<\/p>\n<p>O secret\u00e1rio tamb\u00e9m destacou que assim que a transmiss\u00e3o regredir e chegar a \u00edndices mais est\u00e1veis, dentro de uma \u2018normalidade\u2019, o decreto das m\u00e1scaras ser\u00e1 revogado.<\/p>\n<p>Fonte: Folha Regional<\/p>\n","protected":false},"excerpt":{"rendered":"<p>Na \u00faltima ter\u00e7a-feira (31), considerando a eleva\u00e7\u00e3o dos casos positivos de Covid-19 em Adamantina e como forma de conter a propaga\u00e7\u00e3o da transmiss\u00e3o do v\u00edrus, a Prefeitura de Adamantina determinou o uso obrigat\u00f3rio de m\u00e1scaras de prote\u00e7\u00e3o facial em estabelecimentos comerciais e de servi\u00e7os, por meio do Decreto n\u00ba 6.540. A iniciativa fez gerar questionamentos [&hellip;]<\/p>\n","protected":false},"author":13,"featured_media":23349,"comment_status":"closed","ping_status":"open","sticky":false,"template":"","format":"standard","meta":{"_acf_changed":false,"_exactmetrics_skip_tracking":false,"_exactmetrics_sitenote_active":false,"_exactmetrics_sitenote_note":"","_exactmetrics_sitenote_category":0,"footnotes":""},"categories":[21],"tags":[],"class_list":["post-54455","post","type-post","status-publish","format-standard","has-post-thumbnail","hentry","category-adamantina"],"acf":[],"yoast_head":"<!-- This site is optimized with the Yoast SEO plugin v27.2 - https:\/\/yoast.com\/product\/yoast-seo-wordpress\/ -->\n<title>\u201cO rodeio n\u00e3o precisa ser cancelado\u201d, diz secret\u00e1rio de sa\u00fade ap\u00f3s questionamentos devido decreto de uso de m\u00e1scara - R\u00e1dio Life FM<\/title>\n<meta name=\"robots\" content=\"index, follow, max-snippet:-1, max-image-preview:large, max-video-preview:-1\" \/>\n<link rel=\"canonical\" href=\"https:\/\/radiolifefm.com.br\/noticias\/o-rodeio-nao-precisa-ser-cancelado-diz-secretario-de-saude-apos-questionamentos-devido-decreto-de-uso-de-mascara\/\" \/>\n<meta property=\"og:locale\" content=\"pt_BR\" \/>\n<meta property=\"og:type\" content=\"article\" \/>\n<meta property=\"og:title\" content=\"\u201cO rodeio n\u00e3o precisa ser cancelado\u201d, diz secret\u00e1rio de sa\u00fade ap\u00f3s questionamentos devido decreto de uso de m\u00e1scara - R\u00e1dio Life FM\" \/>\n<meta property=\"og:description\" content=\"Na \u00faltima ter\u00e7a-feira (31), considerando a eleva\u00e7\u00e3o dos casos positivos de Covid-19 em Adamantina e como forma de conter a propaga\u00e7\u00e3o da transmiss\u00e3o do v\u00edrus, a Prefeitura de Adamantina determinou o uso obrigat\u00f3rio de m\u00e1scaras de prote\u00e7\u00e3o facial em estabelecimentos comerciais e de servi\u00e7os, por meio do Decreto n\u00ba 6.540. A iniciativa fez gerar questionamentos [&hellip;]\" \/>\n<meta property=\"og:url\" content=\"https:\/\/radiolifefm.com.br\/noticias\/o-rodeio-nao-precisa-ser-cancelado-diz-secretario-de-saude-apos-questionamentos-devido-decreto-de-uso-de-mascara\/\" \/>\n<meta property=\"og:site_name\" content=\"R\u00e1dio Life FM\" \/>\n<meta property=\"article:publisher\" content=\"https:\/\/www.facebook.com\/radiolifefm\/\" \/>\n<meta property=\"article:published_time\" content=\"2022-06-06T12:05:07+00:00\" \/>\n<meta property=\"article:modified_time\" content=\"2026-04-24T08:40:24+00:00\" \/>\n<meta property=\"og:image\" content=\"https:\/\/radiolifefm.com.br\/noticias\/wp-content\/uploads\/2020\/05\/Gustavo-Rufino-Adamantina.jpg\" \/>\n\t<meta property=\"og:image:width\" content=\"1280\" \/>\n\t<meta property=\"og:image:height\" content=\"1280\" \/>\n\t<meta property=\"og:image:type\" content=\"image\/jpeg\" \/>\n<meta name=\"author\" content=\"ritanery\" \/>\n<meta name=\"twitter:card\" content=\"summary_large_image\" \/>\n<meta name=\"twitter:label1\" content=\"Escrito por\" \/>\n\t<meta name=\"twitter:data1\" content=\"ritanery\" \/>\n\t<meta name=\"twitter:label2\" content=\"Est. tempo de leitura\" \/>\n\t<meta name=\"twitter:data2\" content=\"1 minuto\" \/>\n<script type=\"application\/ld+json\" class=\"yoast-schema-graph\">{\"@context\":\"https:\/\/schema.org\",\"@graph\":[{\"@type\":\"Article\",\"@id\":\"https:\/\/radiolifefm.com.br\/noticias\/o-rodeio-nao-precisa-ser-cancelado-diz-secretario-de-saude-apos-questionamentos-devido-decreto-de-uso-de-mascara\/#article\",\"isPartOf\":{\"@id\":\"https:\/\/radiolifefm.com.br\/noticias\/o-rodeio-nao-precisa-ser-cancelado-diz-secretario-de-saude-apos-questionamentos-devido-decreto-de-uso-de-mascara\/\"},\"author\":{\"name\":\"ritanery\",\"@id\":\"https:\/\/radiolifefm.com.br\/noticias\/#\/schema\/person\/6339b9fac59d12b071dec680d7375d87\"},\"headline\":\"\u201cO rodeio n\u00e3o precisa ser cancelado\u201d, diz secret\u00e1rio de sa\u00fade ap\u00f3s questionamentos devido decreto de uso de m\u00e1scara\",\"datePublished\":\"2022-06-06T12:05:07+00:00\",\"dateModified\":\"2026-04-24T08:40:24+00:00\",\"mainEntityOfPage\":{\"@id\":\"https:\/\/radiolifefm.com.br\/noticias\/o-rodeio-nao-precisa-ser-cancelado-diz-secretario-de-saude-apos-questionamentos-devido-decreto-de-uso-de-mascara\/\"},\"wordCount\":294,\"publisher\":{\"@id\":\"https:\/\/radiolifefm.com.br\/noticias\/#organization\"},\"image\":{\"@id\":\"https:\/\/radiolifefm.com.br\/noticias\/o-rodeio-nao-precisa-ser-cancelado-diz-secretario-de-saude-apos-questionamentos-devido-decreto-de-uso-de-mascara\/#primaryimage\"},\"thumbnailUrl\":\"https:\/\/radiolifefm.com.br\/noticias\/wp-content\/uploads\/2020\/05\/Gustavo-Rufino-Adamantina.jpg\",\"articleSection\":[\"Adamantina\"],\"inLanguage\":\"pt-BR\"},{\"@type\":\"WebPage\",\"@id\":\"https:\/\/radiolifefm.com.br\/noticias\/o-rodeio-nao-precisa-ser-cancelado-diz-secretario-de-saude-apos-questionamentos-devido-decreto-de-uso-de-mascara\/\",\"url\":\"https:\/\/radiolifefm.com.br\/noticias\/o-rodeio-nao-precisa-ser-cancelado-diz-secretario-de-saude-apos-questionamentos-devido-decreto-de-uso-de-mascara\/\",\"name\":\"\u201cO rodeio n\u00e3o precisa ser cancelado\u201d, diz secret\u00e1rio de sa\u00fade ap\u00f3s questionamentos devido decreto de uso de m\u00e1scara - R\u00e1dio Life FM\",\"isPartOf\":{\"@id\":\"https:\/\/radiolifefm.com.br\/noticias\/#website\"},\"primaryImageOfPage\":{\"@id\":\"https:\/\/radiolifefm.com.br\/noticias\/o-rodeio-nao-precisa-ser-cancelado-diz-secretario-de-saude-apos-questionamentos-devido-decreto-de-uso-de-mascara\/#primaryimage\"},\"image\":{\"@id\":\"https:\/\/radiolifefm.com.br\/noticias\/o-rodeio-nao-precisa-ser-cancelado-diz-secretario-de-saude-apos-questionamentos-devido-decreto-de-uso-de-mascara\/#primaryimage\"},\"thumbnailUrl\":\"https:\/\/radiolifefm.com.br\/noticias\/wp-content\/uploads\/2020\/05\/Gustavo-Rufino-Adamantina.jpg\",\"datePublished\":\"2022-06-06T12:05:07+00:00\",\"dateModified\":\"2026-04-24T08:40:24+00:00\",\"breadcrumb\":{\"@id\":\"https:\/\/radiolifefm.com.br\/noticias\/o-rodeio-nao-precisa-ser-cancelado-diz-secretario-de-saude-apos-questionamentos-devido-decreto-de-uso-de-mascara\/#breadcrumb\"},\"inLanguage\":\"pt-BR\",\"potentialAction\":[{\"@type\":\"ReadAction\",\"target\":[\"https:\/\/radiolifefm.com.br\/noticias\/o-rodeio-nao-precisa-ser-cancelado-diz-secretario-de-saude-apos-questionamentos-devido-decreto-de-uso-de-mascara\/\"]}]},{\"@type\":\"ImageObject\",\"inLanguage\":\"pt-BR\",\"@id\":\"https:\/\/radiolifefm.com.br\/noticias\/o-rodeio-nao-precisa-ser-cancelado-diz-secretario-de-saude-apos-questionamentos-devido-decreto-de-uso-de-mascara\/#primaryimage\",\"url\":\"https:\/\/radiolifefm.com.br\/noticias\/wp-content\/uploads\/2020\/05\/Gustavo-Rufino-Adamantina.jpg\",\"contentUrl\":\"https:\/\/radiolifefm.com.br\/noticias\/wp-content\/uploads\/2020\/05\/Gustavo-Rufino-Adamantina.jpg\",\"width\":1280,\"height\":1280},{\"@type\":\"BreadcrumbList\",\"@id\":\"https:\/\/radiolifefm.com.br\/noticias\/o-rodeio-nao-precisa-ser-cancelado-diz-secretario-de-saude-apos-questionamentos-devido-decreto-de-uso-de-mascara\/#breadcrumb\",\"itemListElement\":[{\"@type\":\"ListItem\",\"position\":1,\"name\":\"In\u00edcio\",\"item\":\"https:\/\/radiolifefm.com.br\/noticias\/\"},{\"@type\":\"ListItem\",\"position\":2,\"name\":\"\u201cO rodeio n\u00e3o precisa ser cancelado\u201d, diz secret\u00e1rio de sa\u00fade ap\u00f3s questionamentos devido decreto de uso de m\u00e1scara\"}]},{\"@type\":\"WebSite\",\"@id\":\"https:\/\/radiolifefm.com.br\/noticias\/#website\",\"url\":\"https:\/\/radiolifefm.com.br\/noticias\/\",\"name\":\"R\u00e1dio Life FM\",\"description\":\"O Portal de Not\u00edcias de Adamantina\",\"publisher\":{\"@id\":\"https:\/\/radiolifefm.com.br\/noticias\/#organization\"},\"alternateName\":\"Life FM\",\"potentialAction\":[{\"@type\":\"SearchAction\",\"target\":{\"@type\":\"EntryPoint\",\"urlTemplate\":\"https:\/\/radiolifefm.com.br\/noticias\/?s={search_term_string}\"},\"query-input\":{\"@type\":\"PropertyValueSpecification\",\"valueRequired\":true,\"valueName\":\"search_term_string\"}}],\"inLanguage\":\"pt-BR\"},{\"@type\":\"Organization\",\"@id\":\"https:\/\/radiolifefm.com.br\/noticias\/#organization\",\"name\":\"R\u00e1dio Life FM\",\"alternateName\":\"Life FM\",\"url\":\"https:\/\/radiolifefm.com.br\/noticias\/\",\"logo\":{\"@type\":\"ImageObject\",\"inLanguage\":\"pt-BR\",\"@id\":\"https:\/\/radiolifefm.com.br\/noticias\/#\/schema\/logo\/image\/\",\"url\":\"https:\/\/static.radiolifefm.com.br\/noticias\/wp-content\/uploads\/2019\/10\/logo-lifefm.png\",\"contentUrl\":\"https:\/\/static.radiolifefm.com.br\/noticias\/wp-content\/uploads\/2019\/10\/logo-lifefm.png\",\"width\":196,\"height\":47,\"caption\":\"R\u00e1dio Life FM\"},\"image\":{\"@id\":\"https:\/\/radiolifefm.com.br\/noticias\/#\/schema\/logo\/image\/\"},\"sameAs\":[\"https:\/\/www.facebook.com\/radiolifefm\/\",\"https:\/\/www.instagram.com\/life1079fm\/\"]},{\"@type\":\"Person\",\"@id\":\"https:\/\/radiolifefm.com.br\/noticias\/#\/schema\/person\/6339b9fac59d12b071dec680d7375d87\",\"name\":\"ritanery\",\"image\":{\"@type\":\"ImageObject\",\"inLanguage\":\"pt-BR\",\"@id\":\"https:\/\/secure.gravatar.com\/avatar\/0e37bb19071f47c0b8a23f62a903df117c5a0e75f65a0c2901562f97cd41cf86?s=96&d=mm&r=g\",\"url\":\"https:\/\/secure.gravatar.com\/avatar\/0e37bb19071f47c0b8a23f62a903df117c5a0e75f65a0c2901562f97cd41cf86?s=96&d=mm&r=g\",\"contentUrl\":\"https:\/\/secure.gravatar.com\/avatar\/0e37bb19071f47c0b8a23f62a903df117c5a0e75f65a0c2901562f97cd41cf86?s=96&d=mm&r=g\",\"caption\":\"ritanery\"}}]}<\/script>\n<!-- \/ Yoast SEO plugin. -->","yoast_head_json":{"title":"\u201cO rodeio n\u00e3o precisa ser cancelado\u201d, diz secret\u00e1rio de sa\u00fade ap\u00f3s questionamentos devido decreto de uso de m\u00e1scara - R\u00e1dio Life FM","robots":{"index":"index","follow":"follow","max-snippet":"max-snippet:-1","max-image-preview":"max-image-preview:large","max-video-preview":"max-video-preview:-1"},"canonical":"https:\/\/radiolifefm.com.br\/noticias\/o-rodeio-nao-precisa-ser-cancelado-diz-secretario-de-saude-apos-questionamentos-devido-decreto-de-uso-de-mascara\/","og_locale":"pt_BR","og_type":"article","og_title":"\u201cO rodeio n\u00e3o precisa ser cancelado\u201d, diz secret\u00e1rio de sa\u00fade ap\u00f3s questionamentos devido decreto de uso de m\u00e1scara - R\u00e1dio Life FM","og_description":"Na \u00faltima ter\u00e7a-feira (31), considerando a eleva\u00e7\u00e3o dos casos positivos de Covid-19 em Adamantina e como forma de conter a propaga\u00e7\u00e3o da transmiss\u00e3o do v\u00edrus, a Prefeitura de Adamantina determinou o uso obrigat\u00f3rio de m\u00e1scaras de prote\u00e7\u00e3o facial em estabelecimentos comerciais e de servi\u00e7os, por meio do Decreto n\u00ba 6.540. A iniciativa fez gerar questionamentos [&hellip;]","og_url":"https:\/\/radiolifefm.com.br\/noticias\/o-rodeio-nao-precisa-ser-cancelado-diz-secretario-de-saude-apos-questionamentos-devido-decreto-de-uso-de-mascara\/","og_site_name":"R\u00e1dio Life FM","article_publisher":"https:\/\/www.facebook.com\/radiolifefm\/","article_published_time":"2022-06-06T12:05:07+00:00","article_modified_time":"2026-04-24T08:40:24+00:00","og_image":[{"width":1280,"height":1280,"url":"https:\/\/radiolifefm.com.br\/noticias\/wp-content\/uploads\/2020\/05\/Gustavo-Rufino-Adamantina.jpg","type":"image\/jpeg"}],"author":"ritanery","twitter_card":"summary_large_image","twitter_misc":{"Escrito por":"ritanery","Est. tempo de leitura":"1 minuto"},"schema":{"@context":"https:\/\/schema.org","@graph":[{"@type":"Article","@id":"https:\/\/radiolifefm.com.br\/noticias\/o-rodeio-nao-precisa-ser-cancelado-diz-secretario-de-saude-apos-questionamentos-devido-decreto-de-uso-de-mascara\/#article","isPartOf":{"@id":"https:\/\/radiolifefm.com.br\/noticias\/o-rodeio-nao-precisa-ser-cancelado-diz-secretario-de-saude-apos-questionamentos-devido-decreto-de-uso-de-mascara\/"},"author":{"name":"ritanery","@id":"https:\/\/radiolifefm.com.br\/noticias\/#\/schema\/person\/6339b9fac59d12b071dec680d7375d87"},"headline":"\u201cO rodeio n\u00e3o precisa ser cancelado\u201d, diz secret\u00e1rio de sa\u00fade ap\u00f3s questionamentos devido decreto de uso de m\u00e1scara","datePublished":"2022-06-06T12:05:07+00:00","dateModified":"2026-04-24T08:40:24+00:00","mainEntityOfPage":{"@id":"https:\/\/radiolifefm.com.br\/noticias\/o-rodeio-nao-precisa-ser-cancelado-diz-secretario-de-saude-apos-questionamentos-devido-decreto-de-uso-de-mascara\/"},"wordCount":294,"publisher":{"@id":"https:\/\/radiolifefm.com.br\/noticias\/#organization"},"image":{"@id":"https:\/\/radiolifefm.com.br\/noticias\/o-rodeio-nao-precisa-ser-cancelado-diz-secretario-de-saude-apos-questionamentos-devido-decreto-de-uso-de-mascara\/#primaryimage"},"thumbnailUrl":"https:\/\/radiolifefm.com.br\/noticias\/wp-content\/uploads\/2020\/05\/Gustavo-Rufino-Adamantina.jpg","articleSection":["Adamantina"],"inLanguage":"pt-BR"},{"@type":"WebPage","@id":"https:\/\/radiolifefm.com.br\/noticias\/o-rodeio-nao-precisa-ser-cancelado-diz-secretario-de-saude-apos-questionamentos-devido-decreto-de-uso-de-mascara\/","url":"https:\/\/radiolifefm.com.br\/noticias\/o-rodeio-nao-precisa-ser-cancelado-diz-secretario-de-saude-apos-questionamentos-devido-decreto-de-uso-de-mascara\/","name":"\u201cO rodeio n\u00e3o precisa ser cancelado\u201d, diz secret\u00e1rio de sa\u00fade ap\u00f3s questionamentos devido decreto de uso de m\u00e1scara - R\u00e1dio Life FM","isPartOf":{"@id":"https:\/\/radiolifefm.com.br\/noticias\/#website"},"primaryImageOfPage":{"@id":"https:\/\/radiolifefm.com.br\/noticias\/o-rodeio-nao-precisa-ser-cancelado-diz-secretario-de-saude-apos-questionamentos-devido-decreto-de-uso-de-mascara\/#primaryimage"},"image":{"@id":"https:\/\/radiolifefm.com.br\/noticias\/o-rodeio-nao-precisa-ser-cancelado-diz-secretario-de-saude-apos-questionamentos-devido-decreto-de-uso-de-mascara\/#primaryimage"},"thumbnailUrl":"https:\/\/radiolifefm.com.br\/noticias\/wp-content\/uploads\/2020\/05\/Gustavo-Rufino-Adamantina.jpg","datePublished":"2022-06-06T12:05:07+00:00","dateModified":"2026-04-24T08:40:24+00:00","breadcrumb":{"@id":"https:\/\/radiolifefm.com.br\/noticias\/o-rodeio-nao-precisa-ser-cancelado-diz-secretario-de-saude-apos-questionamentos-devido-decreto-de-uso-de-mascara\/#breadcrumb"},"inLanguage":"pt-BR","potentialAction":[{"@type":"ReadAction","target":["https:\/\/radiolifefm.com.br\/noticias\/o-rodeio-nao-precisa-ser-cancelado-diz-secretario-de-saude-apos-questionamentos-devido-decreto-de-uso-de-mascara\/"]}]},{"@type":"ImageObject","inLanguage":"pt-BR","@id":"https:\/\/radiolifefm.com.br\/noticias\/o-rodeio-nao-precisa-ser-cancelado-diz-secretario-de-saude-apos-questionamentos-devido-decreto-de-uso-de-mascara\/#primaryimage","url":"https:\/\/radiolifefm.com.br\/noticias\/wp-content\/uploads\/2020\/05\/Gustavo-Rufino-Adamantina.jpg","contentUrl":"https:\/\/radiolifefm.com.br\/noticias\/wp-content\/uploads\/2020\/05\/Gustavo-Rufino-Adamantina.jpg","width":1280,"height":1280},{"@type":"BreadcrumbList","@id":"https:\/\/radiolifefm.com.br\/noticias\/o-rodeio-nao-precisa-ser-cancelado-diz-secretario-de-saude-apos-questionamentos-devido-decreto-de-uso-de-mascara\/#breadcrumb","itemListElement":[{"@type":"ListItem","position":1,"name":"In\u00edcio","item":"https:\/\/radiolifefm.com.br\/noticias\/"},{"@type":"ListItem","position":2,"name":"\u201cO rodeio n\u00e3o precisa ser cancelado\u201d, diz secret\u00e1rio de sa\u00fade ap\u00f3s questionamentos devido decreto de uso de m\u00e1scara"}]},{"@type":"WebSite","@id":"https:\/\/radiolifefm.com.br\/noticias\/#website","url":"https:\/\/radiolifefm.com.br\/noticias\/","name":"R\u00e1dio Life FM","description":"O Portal de Not\u00edcias de Adamantina","publisher":{"@id":"https:\/\/radiolifefm.com.br\/noticias\/#organization"},"alternateName":"Life FM","potentialAction":[{"@type":"SearchAction","target":{"@type":"EntryPoint","urlTemplate":"https:\/\/radiolifefm.com.br\/noticias\/?s={search_term_string}"},"query-input":{"@type":"PropertyValueSpecification","valueRequired":true,"valueName":"search_term_string"}}],"inLanguage":"pt-BR"},{"@type":"Organization","@id":"https:\/\/radiolifefm.com.br\/noticias\/#organization","name":"R\u00e1dio Life FM","alternateName":"Life FM","url":"https:\/\/radiolifefm.com.br\/noticias\/","logo":{"@type":"ImageObject","inLanguage":"pt-BR","@id":"https:\/\/radiolifefm.com.br\/noticias\/#\/schema\/logo\/image\/","url":"https:\/\/static.radiolifefm.com.br\/noticias\/wp-content\/uploads\/2019\/10\/logo-lifefm.png","contentUrl":"https:\/\/static.radiolifefm.com.br\/noticias\/wp-content\/uploads\/2019\/10\/logo-lifefm.png","width":196,"height":47,"caption":"R\u00e1dio Life FM"},"image":{"@id":"https:\/\/radiolifefm.com.br\/noticias\/#\/schema\/logo\/image\/"},"sameAs":["https:\/\/www.facebook.com\/radiolifefm\/","https:\/\/www.instagram.com\/life1079fm\/"]},{"@type":"Person","@id":"https:\/\/radiolifefm.com.br\/noticias\/#\/schema\/person\/6339b9fac59d12b071dec680d7375d87","name":"ritanery","image":{"@type":"ImageObject","inLanguage":"pt-BR","@id":"https:\/\/secure.gravatar.com\/avatar\/0e37bb19071f47c0b8a23f62a903df117c5a0e75f65a0c2901562f97cd41cf86?s=96&d=mm&r=g","url":"https:\/\/secure.gravatar.com\/avatar\/0e37bb19071f47c0b8a23f62a903df117c5a0e75f65a0c2901562f97cd41cf86?s=96&d=mm&r=g","contentUrl":"https:\/\/secure.gravatar.com\/avatar\/0e37bb19071f47c0b8a23f62a903df117c5a0e75f65a0c2901562f97cd41cf86?s=96&d=mm&r=g","caption":"ritanery"}}]}},"amp_enabled":true,"_links":{"self":[{"href":"https:\/\/radiolifefm.com.br\/noticias\/wp-json\/wp\/v2\/posts\/54455","targetHints":{"allow":["GET"]}}],"collection":[{"href":"https:\/\/radiolifefm.com.br\/noticias\/wp-json\/wp\/v2\/posts"}],"about":[{"href":"https:\/\/radiolifefm.com.br\/noticias\/wp-json\/wp\/v2\/types\/post"}],"author":[{"embeddable":true,"href":"https:\/\/radiolifefm.com.br\/noticias\/wp-json\/wp\/v2\/users\/13"}],"replies":[{"embeddable":true,"href":"https:\/\/radiolifefm.com.br\/noticias\/wp-json\/wp\/v2\/comments?post=54455"}],"version-history":[{"count":2,"href":"https:\/\/radiolifefm.com.br\/noticias\/wp-json\/wp\/v2\/posts\/54455\/revisions"}],"predecessor-version":[{"id":54457,"href":"https:\/\/radiolifefm.com.br\/noticias\/wp-json\/wp\/v2\/posts\/54455\/revisions\/54457"}],"wp:featuredmedia":[{"embeddable":true,"href":"https:\/\/radiolifefm.com.br\/noticias\/wp-json\/wp\/v2\/media\/23349"}],"wp:attachment":[{"href":"https:\/\/radiolifefm.com.br\/noticias\/wp-json\/wp\/v2\/media?parent=54455"}],"wp:term":[{"taxonomy":"category","embeddable":true,"href":"https:\/\/radiolifefm.com.br\/noticias\/wp-json\/wp\/v2\/categories?post=54455"},{"taxonomy":"post_tag","embeddable":true,"href":"https:\/\/radiolifefm.com.br\/noticias\/wp-json\/wp\/v2\/tags?post=54455"}],"curies":[{"name":"wp","href":"https:\/\/api.w.org\/{rel}","templated":true}]}}