{"id":54421,"date":"2022-06-05T14:48:18","date_gmt":"2022-06-05T17:48:18","guid":{"rendered":"https:\/\/radiolifefm.com.br\/noticias\/?p=54421"},"modified":"2026-04-19T10:22:33","modified_gmt":"2026-04-19T13:22:33","slug":"samba-beats-trio-se-apresenta-no-por-do-som-em-adamantina-neste-domingo","status":"publish","type":"post","link":"https:\/\/radiolifefm.com.br\/noticias\/samba-beats-trio-se-apresenta-no-por-do-som-em-adamantina-neste-domingo\/","title":{"rendered":"Samba Beats Trio se apresenta no \u2018P\u00f4r do Som\u2019 em Adamantina neste domingo"},"content":{"rendered":"<div id=\"fb-root\"><\/div>\n<div class=\"mc-column content-text active-extra-styles \" data-block-type=\"unstyled\" data-block-weight=\"34\" data-block-id=\"2\">\n<p class=\"content-text__container \" data-track-category=\"Link no Texto\" data-track-links=\"\">O grupo Samba Beats Trio ir\u00e1 se apresentar, neste domingo (5), no \u201cP\u00f4r do Som\u201d, em\u00a0<a href=\"https:\/\/g1.globo.com\/sp\/presidente-prudente-regiao\/cidade\/adamantina\/\">Adamantina<\/a>\u00a0(SP). O evento ocorrer\u00e1 a partir das 18h30, com dura\u00e7\u00e3o de duas horas, no Parque dos Pioneiros.<\/p>\n<\/div>\n<div class=\"wall protected-content\">\n<div class=\"mc-column content-text active-extra-styles \" data-block-type=\"unstyled\" data-block-weight=\"57\" data-block-id=\"3\">\n<p class=\"content-text__container \" data-track-category=\"Link no Texto\" data-track-links=\"\">A entrada \u00e9 gratuita e, segundo o secret\u00e1rio municipal de Cultura, S\u00e9rgio Vanderlei, o evento tem o objetivo de \u201cocupar espa\u00e7os p\u00fablicos, oferecer entretenimento \u00e0s fam\u00edlias e valorizar o artista local e regional\u201d. Ainda conforme ele, as apresenta\u00e7\u00f5es t\u00eam in\u00edcio \u201cpontualmente\u201d \u00e0s 18h30 para aproveitar a vista do p\u00f4r do sol, que origina o nome do projeto.<\/p>\n<p data-track-category=\"Link no Texto\" data-track-links=\"\">\n<\/div>\n<div class=\"mc-column content-text active-extra-styles \" data-block-type=\"unstyled\" data-block-weight=\"25\" data-block-id=\"4\">\n<p class=\"content-text__container \" data-track-category=\"Link no Texto\" data-track-links=\"\">Em comemora\u00e7\u00e3o ao anivers\u00e1rio de 73 anos do munic\u00edpio, neste m\u00eas de junho, ser\u00e1 realizado o \u201cP\u00f4r do Som\u201d em tr\u00eas domingos, com atra\u00e7\u00f5es musicais.<\/p>\n<div class=\"mc-column content-text active-extra-styles\" data-block-type=\"raw\" data-block-weight=\"3\" data-block-id=\"6\">\n<div class=\"content-intertitle\">\n<h2>Samba Beats Trio<\/h2>\n<p>&nbsp;<\/p>\n<\/div>\n<p>O grupo toca m\u00fasicas da MPB com ritmo de samba e <em>loops\u00a0<\/em>eletr\u00f4nicos e \u00e9 composto pelo baterista e percussionista Renato Belloni, de 43 anos, pelo guitarrista e violonista Maurilei Stechi, de 39 anos, e pela vocalista Naiana Dosali, de 26 anos.<\/p>\n<p>&nbsp;<\/p>\n<\/div>\n<div class=\"mc-column content-text active-extra-styles \" data-block-type=\"unstyled\" data-block-weight=\"37\" data-block-id=\"8\">\n<p class=\"content-text__container \" data-track-category=\"Link no Texto\" data-track-links=\"\">Segundo Renato, \u201co grupo surgiu por acaso\u201d. Eles j\u00e1 fizeram trabalhos como recep\u00e7\u00e3o em eventos, em que formavam o trio e tocavam MPB, mas a apresenta\u00e7\u00e3o no \u201cP\u00f4r do Som\u201d\u00a0<span class=\"highlight highlighted\">ser\u00e1 a primeira como um trio oficial<\/span>.<\/p>\n<p data-track-category=\"Link no Texto\" data-track-links=\"\">\n<div class=\"mc-column content-text active-extra-styles \" data-block-type=\"unstyled\" data-block-weight=\"12\" data-block-id=\"10\">\n<p class=\"content-text__container \" data-track-category=\"Link no Texto\" data-track-links=\"\"><strong>Confira a programa\u00e7\u00e3o completa do \u2018P\u00f4r do Som\u2019 neste m\u00eas de junho:<\/strong><\/p>\n<\/div>\n<div class=\"mc-column content-text active-extra-styles\" data-block-type=\"raw\" data-block-weight=\"52\" data-block-id=\"11\">\n<ul class=\"content-unordered-list\">\n<li><strong>5 de junho<\/strong>: Samba Beats Trio, a partir das 18h30, no Parque dos Pioneiros;<\/li>\n<li><strong>12 de junho<\/strong>: Orquestra J\u00falio de Castro, de Tup\u00e3 (SP), a partir das 18h30, no Parque dos Pioneiros; e<\/li>\n<li><strong>26 de junho<\/strong>: Grupo Jazz Combo, do Conservat\u00f3rio de Tatu\u00ed (SP), a partir das 18h30, no Parque dos Pioneiros.<\/li>\n<\/ul>\n<p>&nbsp;<\/p>\n<p>Por G1 Prudente e Regi\u00e3o<\/p>\n<\/div>\n<\/div>\n<\/div>\n<\/div>\n","protected":false},"excerpt":{"rendered":"<p>O grupo Samba Beats Trio ir\u00e1 se apresentar, neste domingo (5), no \u201cP\u00f4r do Som\u201d, em\u00a0Adamantina\u00a0(SP). O evento ocorrer\u00e1 a partir das 18h30, com dura\u00e7\u00e3o de duas horas, no Parque dos Pioneiros. A entrada \u00e9 gratuita e, segundo o secret\u00e1rio municipal de Cultura, S\u00e9rgio Vanderlei, o evento tem o objetivo de \u201cocupar espa\u00e7os p\u00fablicos, oferecer [&hellip;]<\/p>\n","protected":false},"author":8,"featured_media":54422,"comment_status":"closed","ping_status":"open","sticky":false,"template":"","format":"standard","meta":{"_acf_changed":false,"_exactmetrics_skip_tracking":false,"_exactmetrics_sitenote_active":false,"_exactmetrics_sitenote_note":"","_exactmetrics_sitenote_category":0,"footnotes":""},"categories":[21],"tags":[],"class_list":["post-54421","post","type-post","status-publish","format-standard","has-post-thumbnail","hentry","category-adamantina"],"acf":[],"yoast_head":"<!-- This site is optimized with the Yoast SEO plugin v27.2 - https:\/\/yoast.com\/product\/yoast-seo-wordpress\/ -->\n<title>Samba Beats Trio se apresenta no \u2018P\u00f4r do Som\u2019 em Adamantina neste domingo - R\u00e1dio Life FM<\/title>\n<meta name=\"robots\" content=\"index, follow, max-snippet:-1, max-image-preview:large, max-video-preview:-1\" \/>\n<link rel=\"canonical\" href=\"https:\/\/radiolifefm.com.br\/noticias\/samba-beats-trio-se-apresenta-no-por-do-som-em-adamantina-neste-domingo\/\" \/>\n<meta property=\"og:locale\" content=\"pt_BR\" \/>\n<meta property=\"og:type\" content=\"article\" \/>\n<meta property=\"og:title\" content=\"Samba Beats Trio se apresenta no \u2018P\u00f4r do Som\u2019 em Adamantina neste domingo - R\u00e1dio Life FM\" \/>\n<meta property=\"og:description\" content=\"O grupo Samba Beats Trio ir\u00e1 se apresentar, neste domingo (5), no \u201cP\u00f4r do Som\u201d, em\u00a0Adamantina\u00a0(SP). O evento ocorrer\u00e1 a partir das 18h30, com dura\u00e7\u00e3o de duas horas, no Parque dos Pioneiros. A entrada \u00e9 gratuita e, segundo o secret\u00e1rio municipal de Cultura, S\u00e9rgio Vanderlei, o evento tem o objetivo de \u201cocupar espa\u00e7os p\u00fablicos, oferecer [&hellip;]\" \/>\n<meta property=\"og:url\" content=\"https:\/\/radiolifefm.com.br\/noticias\/samba-beats-trio-se-apresenta-no-por-do-som-em-adamantina-neste-domingo\/\" \/>\n<meta property=\"og:site_name\" content=\"R\u00e1dio Life FM\" \/>\n<meta property=\"article:publisher\" content=\"https:\/\/www.facebook.com\/radiolifefm\/\" \/>\n<meta property=\"article:published_time\" content=\"2022-06-05T17:48:18+00:00\" \/>\n<meta property=\"article:modified_time\" content=\"2026-04-19T13:22:33+00:00\" \/>\n<meta property=\"og:image\" content=\"https:\/\/radiolifefm.com.br\/noticias\/wp-content\/uploads\/2022\/06\/design-sem-nome.png\" \/>\n\t<meta property=\"og:image:width\" content=\"1000\" \/>\n\t<meta property=\"og:image:height\" content=\"563\" \/>\n\t<meta property=\"og:image:type\" content=\"image\/png\" \/>\n<meta name=\"author\" content=\"joaograndao\" \/>\n<meta name=\"twitter:card\" content=\"summary_large_image\" \/>\n<meta name=\"twitter:label1\" content=\"Escrito por\" \/>\n\t<meta name=\"twitter:data1\" content=\"joaograndao\" \/>\n\t<meta name=\"twitter:label2\" content=\"Est. tempo de leitura\" \/>\n\t<meta name=\"twitter:data2\" content=\"2 minutos\" \/>\n<script type=\"application\/ld+json\" class=\"yoast-schema-graph\">{\"@context\":\"https:\/\/schema.org\",\"@graph\":[{\"@type\":\"Article\",\"@id\":\"https:\/\/radiolifefm.com.br\/noticias\/samba-beats-trio-se-apresenta-no-por-do-som-em-adamantina-neste-domingo\/#article\",\"isPartOf\":{\"@id\":\"https:\/\/radiolifefm.com.br\/noticias\/samba-beats-trio-se-apresenta-no-por-do-som-em-adamantina-neste-domingo\/\"},\"author\":{\"name\":\"joaograndao\",\"@id\":\"https:\/\/radiolifefm.com.br\/noticias\/#\/schema\/person\/6876e1240feffe6e1b63fd5cb85abf28\"},\"headline\":\"Samba Beats Trio se apresenta no \u2018P\u00f4r do Som\u2019 em Adamantina neste domingo\",\"datePublished\":\"2022-06-05T17:48:18+00:00\",\"dateModified\":\"2026-04-19T13:22:33+00:00\",\"mainEntityOfPage\":{\"@id\":\"https:\/\/radiolifefm.com.br\/noticias\/samba-beats-trio-se-apresenta-no-por-do-som-em-adamantina-neste-domingo\/\"},\"wordCount\":303,\"publisher\":{\"@id\":\"https:\/\/radiolifefm.com.br\/noticias\/#organization\"},\"image\":{\"@id\":\"https:\/\/radiolifefm.com.br\/noticias\/samba-beats-trio-se-apresenta-no-por-do-som-em-adamantina-neste-domingo\/#primaryimage\"},\"thumbnailUrl\":\"https:\/\/radiolifefm.com.br\/noticias\/wp-content\/uploads\/2022\/06\/design-sem-nome.png\",\"articleSection\":[\"Adamantina\"],\"inLanguage\":\"pt-BR\"},{\"@type\":\"WebPage\",\"@id\":\"https:\/\/radiolifefm.com.br\/noticias\/samba-beats-trio-se-apresenta-no-por-do-som-em-adamantina-neste-domingo\/\",\"url\":\"https:\/\/radiolifefm.com.br\/noticias\/samba-beats-trio-se-apresenta-no-por-do-som-em-adamantina-neste-domingo\/\",\"name\":\"Samba Beats Trio se apresenta no \u2018P\u00f4r do Som\u2019 em Adamantina neste domingo - R\u00e1dio Life FM\",\"isPartOf\":{\"@id\":\"https:\/\/radiolifefm.com.br\/noticias\/#website\"},\"primaryImageOfPage\":{\"@id\":\"https:\/\/radiolifefm.com.br\/noticias\/samba-beats-trio-se-apresenta-no-por-do-som-em-adamantina-neste-domingo\/#primaryimage\"},\"image\":{\"@id\":\"https:\/\/radiolifefm.com.br\/noticias\/samba-beats-trio-se-apresenta-no-por-do-som-em-adamantina-neste-domingo\/#primaryimage\"},\"thumbnailUrl\":\"https:\/\/radiolifefm.com.br\/noticias\/wp-content\/uploads\/2022\/06\/design-sem-nome.png\",\"datePublished\":\"2022-06-05T17:48:18+00:00\",\"dateModified\":\"2026-04-19T13:22:33+00:00\",\"breadcrumb\":{\"@id\":\"https:\/\/radiolifefm.com.br\/noticias\/samba-beats-trio-se-apresenta-no-por-do-som-em-adamantina-neste-domingo\/#breadcrumb\"},\"inLanguage\":\"pt-BR\",\"potentialAction\":[{\"@type\":\"ReadAction\",\"target\":[\"https:\/\/radiolifefm.com.br\/noticias\/samba-beats-trio-se-apresenta-no-por-do-som-em-adamantina-neste-domingo\/\"]}]},{\"@type\":\"ImageObject\",\"inLanguage\":\"pt-BR\",\"@id\":\"https:\/\/radiolifefm.com.br\/noticias\/samba-beats-trio-se-apresenta-no-por-do-som-em-adamantina-neste-domingo\/#primaryimage\",\"url\":\"https:\/\/radiolifefm.com.br\/noticias\/wp-content\/uploads\/2022\/06\/design-sem-nome.png\",\"contentUrl\":\"https:\/\/radiolifefm.com.br\/noticias\/wp-content\/uploads\/2022\/06\/design-sem-nome.png\",\"width\":1000,\"height\":563,\"caption\":\"Samba Beats Trio realiza apresenta\u00e7\u00e3o no 'P\u00f4r do Som' em Adamantina (SP) \u2014 Foto: Reprodu\u00e7\u00e3o\/Instagram\"},{\"@type\":\"BreadcrumbList\",\"@id\":\"https:\/\/radiolifefm.com.br\/noticias\/samba-beats-trio-se-apresenta-no-por-do-som-em-adamantina-neste-domingo\/#breadcrumb\",\"itemListElement\":[{\"@type\":\"ListItem\",\"position\":1,\"name\":\"In\u00edcio\",\"item\":\"https:\/\/radiolifefm.com.br\/noticias\/\"},{\"@type\":\"ListItem\",\"position\":2,\"name\":\"Samba Beats Trio se apresenta no \u2018P\u00f4r do Som\u2019 em Adamantina neste domingo\"}]},{\"@type\":\"WebSite\",\"@id\":\"https:\/\/radiolifefm.com.br\/noticias\/#website\",\"url\":\"https:\/\/radiolifefm.com.br\/noticias\/\",\"name\":\"R\u00e1dio Life FM\",\"description\":\"O Portal de Not\u00edcias de Adamantina\",\"publisher\":{\"@id\":\"https:\/\/radiolifefm.com.br\/noticias\/#organization\"},\"alternateName\":\"Life FM\",\"potentialAction\":[{\"@type\":\"SearchAction\",\"target\":{\"@type\":\"EntryPoint\",\"urlTemplate\":\"https:\/\/radiolifefm.com.br\/noticias\/?s={search_term_string}\"},\"query-input\":{\"@type\":\"PropertyValueSpecification\",\"valueRequired\":true,\"valueName\":\"search_term_string\"}}],\"inLanguage\":\"pt-BR\"},{\"@type\":\"Organization\",\"@id\":\"https:\/\/radiolifefm.com.br\/noticias\/#organization\",\"name\":\"R\u00e1dio Life FM\",\"alternateName\":\"Life FM\",\"url\":\"https:\/\/radiolifefm.com.br\/noticias\/\",\"logo\":{\"@type\":\"ImageObject\",\"inLanguage\":\"pt-BR\",\"@id\":\"https:\/\/radiolifefm.com.br\/noticias\/#\/schema\/logo\/image\/\",\"url\":\"https:\/\/static.radiolifefm.com.br\/noticias\/wp-content\/uploads\/2019\/10\/logo-lifefm.png\",\"contentUrl\":\"https:\/\/static.radiolifefm.com.br\/noticias\/wp-content\/uploads\/2019\/10\/logo-lifefm.png\",\"width\":196,\"height\":47,\"caption\":\"R\u00e1dio Life FM\"},\"image\":{\"@id\":\"https:\/\/radiolifefm.com.br\/noticias\/#\/schema\/logo\/image\/\"},\"sameAs\":[\"https:\/\/www.facebook.com\/radiolifefm\/\",\"https:\/\/www.instagram.com\/life1079fm\/\"]},{\"@type\":\"Person\",\"@id\":\"https:\/\/radiolifefm.com.br\/noticias\/#\/schema\/person\/6876e1240feffe6e1b63fd5cb85abf28\",\"name\":\"joaograndao\",\"image\":{\"@type\":\"ImageObject\",\"inLanguage\":\"pt-BR\",\"@id\":\"https:\/\/secure.gravatar.com\/avatar\/d5b1a3cf357ed9c50404e256a1294083aa8ab5d2a994001567302786016cb32c?s=96&d=mm&r=g\",\"url\":\"https:\/\/secure.gravatar.com\/avatar\/d5b1a3cf357ed9c50404e256a1294083aa8ab5d2a994001567302786016cb32c?s=96&d=mm&r=g\",\"contentUrl\":\"https:\/\/secure.gravatar.com\/avatar\/d5b1a3cf357ed9c50404e256a1294083aa8ab5d2a994001567302786016cb32c?s=96&d=mm&r=g\",\"caption\":\"joaograndao\"}}]}<\/script>\n<!-- \/ Yoast SEO plugin. -->","yoast_head_json":{"title":"Samba Beats Trio se apresenta no \u2018P\u00f4r do Som\u2019 em Adamantina neste domingo - R\u00e1dio Life FM","robots":{"index":"index","follow":"follow","max-snippet":"max-snippet:-1","max-image-preview":"max-image-preview:large","max-video-preview":"max-video-preview:-1"},"canonical":"https:\/\/radiolifefm.com.br\/noticias\/samba-beats-trio-se-apresenta-no-por-do-som-em-adamantina-neste-domingo\/","og_locale":"pt_BR","og_type":"article","og_title":"Samba Beats Trio se apresenta no \u2018P\u00f4r do Som\u2019 em Adamantina neste domingo - R\u00e1dio Life FM","og_description":"O grupo Samba Beats Trio ir\u00e1 se apresentar, neste domingo (5), no \u201cP\u00f4r do Som\u201d, em\u00a0Adamantina\u00a0(SP). O evento ocorrer\u00e1 a partir das 18h30, com dura\u00e7\u00e3o de duas horas, no Parque dos Pioneiros. A entrada \u00e9 gratuita e, segundo o secret\u00e1rio municipal de Cultura, S\u00e9rgio Vanderlei, o evento tem o objetivo de \u201cocupar espa\u00e7os p\u00fablicos, oferecer [&hellip;]","og_url":"https:\/\/radiolifefm.com.br\/noticias\/samba-beats-trio-se-apresenta-no-por-do-som-em-adamantina-neste-domingo\/","og_site_name":"R\u00e1dio Life FM","article_publisher":"https:\/\/www.facebook.com\/radiolifefm\/","article_published_time":"2022-06-05T17:48:18+00:00","article_modified_time":"2026-04-19T13:22:33+00:00","og_image":[{"width":1000,"height":563,"url":"https:\/\/radiolifefm.com.br\/noticias\/wp-content\/uploads\/2022\/06\/design-sem-nome.png","type":"image\/png"}],"author":"joaograndao","twitter_card":"summary_large_image","twitter_misc":{"Escrito por":"joaograndao","Est. tempo de leitura":"2 minutos"},"schema":{"@context":"https:\/\/schema.org","@graph":[{"@type":"Article","@id":"https:\/\/radiolifefm.com.br\/noticias\/samba-beats-trio-se-apresenta-no-por-do-som-em-adamantina-neste-domingo\/#article","isPartOf":{"@id":"https:\/\/radiolifefm.com.br\/noticias\/samba-beats-trio-se-apresenta-no-por-do-som-em-adamantina-neste-domingo\/"},"author":{"name":"joaograndao","@id":"https:\/\/radiolifefm.com.br\/noticias\/#\/schema\/person\/6876e1240feffe6e1b63fd5cb85abf28"},"headline":"Samba Beats Trio se apresenta no \u2018P\u00f4r do Som\u2019 em Adamantina neste domingo","datePublished":"2022-06-05T17:48:18+00:00","dateModified":"2026-04-19T13:22:33+00:00","mainEntityOfPage":{"@id":"https:\/\/radiolifefm.com.br\/noticias\/samba-beats-trio-se-apresenta-no-por-do-som-em-adamantina-neste-domingo\/"},"wordCount":303,"publisher":{"@id":"https:\/\/radiolifefm.com.br\/noticias\/#organization"},"image":{"@id":"https:\/\/radiolifefm.com.br\/noticias\/samba-beats-trio-se-apresenta-no-por-do-som-em-adamantina-neste-domingo\/#primaryimage"},"thumbnailUrl":"https:\/\/radiolifefm.com.br\/noticias\/wp-content\/uploads\/2022\/06\/design-sem-nome.png","articleSection":["Adamantina"],"inLanguage":"pt-BR"},{"@type":"WebPage","@id":"https:\/\/radiolifefm.com.br\/noticias\/samba-beats-trio-se-apresenta-no-por-do-som-em-adamantina-neste-domingo\/","url":"https:\/\/radiolifefm.com.br\/noticias\/samba-beats-trio-se-apresenta-no-por-do-som-em-adamantina-neste-domingo\/","name":"Samba Beats Trio se apresenta no \u2018P\u00f4r do Som\u2019 em Adamantina neste domingo - R\u00e1dio Life FM","isPartOf":{"@id":"https:\/\/radiolifefm.com.br\/noticias\/#website"},"primaryImageOfPage":{"@id":"https:\/\/radiolifefm.com.br\/noticias\/samba-beats-trio-se-apresenta-no-por-do-som-em-adamantina-neste-domingo\/#primaryimage"},"image":{"@id":"https:\/\/radiolifefm.com.br\/noticias\/samba-beats-trio-se-apresenta-no-por-do-som-em-adamantina-neste-domingo\/#primaryimage"},"thumbnailUrl":"https:\/\/radiolifefm.com.br\/noticias\/wp-content\/uploads\/2022\/06\/design-sem-nome.png","datePublished":"2022-06-05T17:48:18+00:00","dateModified":"2026-04-19T13:22:33+00:00","breadcrumb":{"@id":"https:\/\/radiolifefm.com.br\/noticias\/samba-beats-trio-se-apresenta-no-por-do-som-em-adamantina-neste-domingo\/#breadcrumb"},"inLanguage":"pt-BR","potentialAction":[{"@type":"ReadAction","target":["https:\/\/radiolifefm.com.br\/noticias\/samba-beats-trio-se-apresenta-no-por-do-som-em-adamantina-neste-domingo\/"]}]},{"@type":"ImageObject","inLanguage":"pt-BR","@id":"https:\/\/radiolifefm.com.br\/noticias\/samba-beats-trio-se-apresenta-no-por-do-som-em-adamantina-neste-domingo\/#primaryimage","url":"https:\/\/radiolifefm.com.br\/noticias\/wp-content\/uploads\/2022\/06\/design-sem-nome.png","contentUrl":"https:\/\/radiolifefm.com.br\/noticias\/wp-content\/uploads\/2022\/06\/design-sem-nome.png","width":1000,"height":563,"caption":"Samba Beats Trio realiza apresenta\u00e7\u00e3o no 'P\u00f4r do Som' em Adamantina (SP) \u2014 Foto: Reprodu\u00e7\u00e3o\/Instagram"},{"@type":"BreadcrumbList","@id":"https:\/\/radiolifefm.com.br\/noticias\/samba-beats-trio-se-apresenta-no-por-do-som-em-adamantina-neste-domingo\/#breadcrumb","itemListElement":[{"@type":"ListItem","position":1,"name":"In\u00edcio","item":"https:\/\/radiolifefm.com.br\/noticias\/"},{"@type":"ListItem","position":2,"name":"Samba Beats Trio se apresenta no \u2018P\u00f4r do Som\u2019 em Adamantina neste domingo"}]},{"@type":"WebSite","@id":"https:\/\/radiolifefm.com.br\/noticias\/#website","url":"https:\/\/radiolifefm.com.br\/noticias\/","name":"R\u00e1dio Life FM","description":"O Portal de Not\u00edcias de Adamantina","publisher":{"@id":"https:\/\/radiolifefm.com.br\/noticias\/#organization"},"alternateName":"Life FM","potentialAction":[{"@type":"SearchAction","target":{"@type":"EntryPoint","urlTemplate":"https:\/\/radiolifefm.com.br\/noticias\/?s={search_term_string}"},"query-input":{"@type":"PropertyValueSpecification","valueRequired":true,"valueName":"search_term_string"}}],"inLanguage":"pt-BR"},{"@type":"Organization","@id":"https:\/\/radiolifefm.com.br\/noticias\/#organization","name":"R\u00e1dio Life FM","alternateName":"Life FM","url":"https:\/\/radiolifefm.com.br\/noticias\/","logo":{"@type":"ImageObject","inLanguage":"pt-BR","@id":"https:\/\/radiolifefm.com.br\/noticias\/#\/schema\/logo\/image\/","url":"https:\/\/static.radiolifefm.com.br\/noticias\/wp-content\/uploads\/2019\/10\/logo-lifefm.png","contentUrl":"https:\/\/static.radiolifefm.com.br\/noticias\/wp-content\/uploads\/2019\/10\/logo-lifefm.png","width":196,"height":47,"caption":"R\u00e1dio Life FM"},"image":{"@id":"https:\/\/radiolifefm.com.br\/noticias\/#\/schema\/logo\/image\/"},"sameAs":["https:\/\/www.facebook.com\/radiolifefm\/","https:\/\/www.instagram.com\/life1079fm\/"]},{"@type":"Person","@id":"https:\/\/radiolifefm.com.br\/noticias\/#\/schema\/person\/6876e1240feffe6e1b63fd5cb85abf28","name":"joaograndao","image":{"@type":"ImageObject","inLanguage":"pt-BR","@id":"https:\/\/secure.gravatar.com\/avatar\/d5b1a3cf357ed9c50404e256a1294083aa8ab5d2a994001567302786016cb32c?s=96&d=mm&r=g","url":"https:\/\/secure.gravatar.com\/avatar\/d5b1a3cf357ed9c50404e256a1294083aa8ab5d2a994001567302786016cb32c?s=96&d=mm&r=g","contentUrl":"https:\/\/secure.gravatar.com\/avatar\/d5b1a3cf357ed9c50404e256a1294083aa8ab5d2a994001567302786016cb32c?s=96&d=mm&r=g","caption":"joaograndao"}}]}},"amp_enabled":true,"_links":{"self":[{"href":"https:\/\/radiolifefm.com.br\/noticias\/wp-json\/wp\/v2\/posts\/54421","targetHints":{"allow":["GET"]}}],"collection":[{"href":"https:\/\/radiolifefm.com.br\/noticias\/wp-json\/wp\/v2\/posts"}],"about":[{"href":"https:\/\/radiolifefm.com.br\/noticias\/wp-json\/wp\/v2\/types\/post"}],"author":[{"embeddable":true,"href":"https:\/\/radiolifefm.com.br\/noticias\/wp-json\/wp\/v2\/users\/8"}],"replies":[{"embeddable":true,"href":"https:\/\/radiolifefm.com.br\/noticias\/wp-json\/wp\/v2\/comments?post=54421"}],"version-history":[{"count":5,"href":"https:\/\/radiolifefm.com.br\/noticias\/wp-json\/wp\/v2\/posts\/54421\/revisions"}],"predecessor-version":[{"id":54427,"href":"https:\/\/radiolifefm.com.br\/noticias\/wp-json\/wp\/v2\/posts\/54421\/revisions\/54427"}],"wp:featuredmedia":[{"embeddable":true,"href":"https:\/\/radiolifefm.com.br\/noticias\/wp-json\/wp\/v2\/media\/54422"}],"wp:attachment":[{"href":"https:\/\/radiolifefm.com.br\/noticias\/wp-json\/wp\/v2\/media?parent=54421"}],"wp:term":[{"taxonomy":"category","embeddable":true,"href":"https:\/\/radiolifefm.com.br\/noticias\/wp-json\/wp\/v2\/categories?post=54421"},{"taxonomy":"post_tag","embeddable":true,"href":"https:\/\/radiolifefm.com.br\/noticias\/wp-json\/wp\/v2\/tags?post=54421"}],"curies":[{"name":"wp","href":"https:\/\/api.w.org\/{rel}","templated":true}]}}