{"id":54386,"date":"2022-06-03T14:21:59","date_gmt":"2022-06-03T17:21:59","guid":{"rendered":"https:\/\/radiolifefm.com.br\/noticias\/?p=54386"},"modified":"2026-04-08T08:14:23","modified_gmt":"2026-04-08T11:14:23","slug":"programa-feira-livre-volta-a-estacao-recreio-neste-domingo-5","status":"publish","type":"post","link":"https:\/\/radiolifefm.com.br\/noticias\/programa-feira-livre-volta-a-estacao-recreio-neste-domingo-5\/","title":{"rendered":"Programa Feira Livre volta \u00e0 Esta\u00e7\u00e3o Recreio neste domingo, 5"},"content":{"rendered":"<div id=\"fb-root\"><\/div>\n<p style=\"font-weight: 400\">Em tempo, ainda, de pandemia, deve-se considerar que \u201ctodo cuidado \u00e9 pouco\u201d. Por\u00e9m, apesar destes desencontros com a preven\u00e7\u00e3o em todas as \u00e1reas do mercado, torna-se necess\u00e1rio continuar a caminhada de um jeito ou de outro.<\/p>\n<p style=\"font-weight: 400\">\n<p style=\"font-weight: 400\">Faz alguns meses que a Secretaria Municipal de Cultura e Turismo (SMCT) vem desenvolvendo diversas atividades focadas na \u00e1rea da Cultura em Adamantina, portanto, neste cen\u00e1rio plural para o cen\u00e1rio art\u00edstico, tamb\u00e9m, acertou-se de comum acordo por meio de uma parceria entre a Secretaria e a R\u00e1dio Cultura FM (99,3 MHz), o retorno do Programa \u201cFeira Livre\u201d.<\/p>\n<p style=\"font-weight: 400\">\n<p style=\"font-weight: 400\"><strong>Parceria e retorno<\/strong><\/p>\n<p style=\"font-weight: 400\">\n<p style=\"font-weight: 400\">Portanto, tendo em vista que a iniciativa do retorno do \u201cFeira Livre\u201d foi da Secretaria Municipal de Cultura e Turismo, por\u00e9m, com apoio institucional da R\u00e1dio Cultura FM, emissora educativa mantida e administrada pelo Centro Universit\u00e1rio de Adamantina (UniFAI), bem como da C\u00e1tedra Unesco\/Umesp de Comunica\u00e7\u00e3o para o Desenvolvimento Regional.<\/p>\n<p style=\"font-weight: 400\">\n<p style=\"font-weight: 400\">Desta forma, definiu-se pela data de 5 de junho, das 9h \u00e0s 11 horas, no local de sempre, ainda, como parte das atividades e programa\u00e7\u00e3o do anivers\u00e1rio de Adamantina.<\/p>\n<p style=\"font-weight: 400\">\n<p style=\"font-weight: 400\"><strong>Carlinhos &amp; Dami\u00e3o<\/strong><\/p>\n<p style=\"font-weight: 400\">\n<p style=\"font-weight: 400\">Com uma carreira de mais de 20 anos pela estrada da m\u00fasica \u201ctradicional sertaneja\u201d, deve-se considerar que a dupla, Carlinhos &amp; Dami\u00e3o, possui um curr\u00edculo que dispensa maiores coment\u00e1rios quanto a forma\u00e7\u00e3o musical e experi\u00eancia art\u00edstica desde o ano de 2000.<\/p>\n<p style=\"font-weight: 400\">\n<p style=\"font-weight: 400\">Desta forma, pode-se registrar que o retorno do \u201cFeira Livre\u201d est\u00e1 com o sucesso mais do que garantido com tal apresenta\u00e7\u00e3o, ou seja, Carlinhos &amp; Dami\u00e3o, est\u00e3o confirmados no dia 5 de junho, das 9h \u00e0s 11 horas, na Esta\u00e7\u00e3o Recreio com um \u201c<em>show<\/em>\u00a0especial\u201d para a comunidade adamantinense.<\/p>\n<p style=\"font-weight: 400\">\n<p style=\"font-weight: 400\"><strong>Cultura comunit\u00e1ria<\/strong><\/p>\n<p style=\"font-weight: 400\">\n<p style=\"font-weight: 400\">Tais eventos s\u00e3o necess\u00e1rios para que a proposta que envolve todas as \u00e1reas afins aos objetivos da Cultura possam estar em sintonia com a comunidade. Assim, a parceria entre a SMTC e a R\u00e1dio Cultura FM est\u00e1 de acordo com os projetos afins aos objetivos que envolvem atividades diversas mediadas pelo Setor P\u00fablico municipal e projetos de Extens\u00e3o com apoio da UniFAI via R\u00e1dio Cultura FM.<\/p>\n<p style=\"font-weight: 400\">\n<p style=\"font-weight: 400\">Tamb\u00e9m, a realiza\u00e7\u00e3o deste \u201cFeira Livre\u201d conta com o apoio cultural da R\u00e1dio Life FM (109,7 MHz), emissora comunit\u00e1ria de Adamantina.<\/p>\n<p style=\"font-weight: 400\">\n<p style=\"font-weight: 400\">A popula\u00e7\u00e3o adamantinense e da regi\u00e3o est\u00e1 convidada para participar desse encontro no dia 5 de junho com o retorno do \u201cFeira Livre\u201d e participa\u00e7\u00e3o da dupla Carlinhos &amp; Dami\u00e3o.<\/p>\n<p>&nbsp;<\/p>\n<p><i>Por S\u00e9rgio Barbosa \/ UniFAI \/ R\u00e1dio Cultura FM<\/i><\/p>\n","protected":false},"excerpt":{"rendered":"<p>Em tempo, ainda, de pandemia, deve-se considerar que \u201ctodo cuidado \u00e9 pouco\u201d. Por\u00e9m, apesar destes desencontros com a preven\u00e7\u00e3o em todas as \u00e1reas do mercado, torna-se necess\u00e1rio continuar a caminhada de um jeito ou de outro. Faz alguns meses que a Secretaria Municipal de Cultura e Turismo (SMCT) vem desenvolvendo diversas atividades focadas na \u00e1rea [&hellip;]<\/p>\n","protected":false},"author":13,"featured_media":54387,"comment_status":"closed","ping_status":"open","sticky":false,"template":"","format":"standard","meta":{"_acf_changed":false,"_exactmetrics_skip_tracking":false,"_exactmetrics_sitenote_active":false,"_exactmetrics_sitenote_note":"","_exactmetrics_sitenote_category":0,"footnotes":""},"categories":[21],"tags":[],"class_list":["post-54386","post","type-post","status-publish","format-standard","has-post-thumbnail","hentry","category-adamantina"],"acf":[],"yoast_head":"<!-- This site is optimized with the Yoast SEO plugin v27.2 - https:\/\/yoast.com\/product\/yoast-seo-wordpress\/ -->\n<title>Programa Feira Livre volta \u00e0 Esta\u00e7\u00e3o Recreio neste domingo, 5 - R\u00e1dio Life FM<\/title>\n<meta name=\"robots\" content=\"index, follow, max-snippet:-1, max-image-preview:large, max-video-preview:-1\" \/>\n<link rel=\"canonical\" href=\"https:\/\/radiolifefm.com.br\/noticias\/programa-feira-livre-volta-a-estacao-recreio-neste-domingo-5\/\" \/>\n<meta property=\"og:locale\" content=\"pt_BR\" \/>\n<meta property=\"og:type\" content=\"article\" \/>\n<meta property=\"og:title\" content=\"Programa Feira Livre volta \u00e0 Esta\u00e7\u00e3o Recreio neste domingo, 5 - R\u00e1dio Life FM\" \/>\n<meta property=\"og:description\" content=\"Em tempo, ainda, de pandemia, deve-se considerar que \u201ctodo cuidado \u00e9 pouco\u201d. Por\u00e9m, apesar destes desencontros com a preven\u00e7\u00e3o em todas as \u00e1reas do mercado, torna-se necess\u00e1rio continuar a caminhada de um jeito ou de outro. Faz alguns meses que a Secretaria Municipal de Cultura e Turismo (SMCT) vem desenvolvendo diversas atividades focadas na \u00e1rea [&hellip;]\" \/>\n<meta property=\"og:url\" content=\"https:\/\/radiolifefm.com.br\/noticias\/programa-feira-livre-volta-a-estacao-recreio-neste-domingo-5\/\" \/>\n<meta property=\"og:site_name\" content=\"R\u00e1dio Life FM\" \/>\n<meta property=\"article:publisher\" content=\"https:\/\/www.facebook.com\/radiolifefm\/\" \/>\n<meta property=\"article:published_time\" content=\"2022-06-03T17:21:59+00:00\" \/>\n<meta property=\"article:modified_time\" content=\"2026-04-08T11:14:23+00:00\" \/>\n<meta property=\"og:image\" content=\"https:\/\/radiolifefm.com.br\/noticias\/wp-content\/uploads\/2022\/06\/dupla-carlinhos-e-damiao.jpg\" \/>\n\t<meta property=\"og:image:width\" content=\"1118\" \/>\n\t<meta property=\"og:image:height\" content=\"768\" \/>\n\t<meta property=\"og:image:type\" content=\"image\/jpeg\" \/>\n<meta name=\"author\" content=\"ritanery\" \/>\n<meta name=\"twitter:card\" content=\"summary_large_image\" \/>\n<meta name=\"twitter:label1\" content=\"Escrito por\" \/>\n\t<meta name=\"twitter:data1\" content=\"ritanery\" \/>\n\t<meta name=\"twitter:label2\" content=\"Est. tempo de leitura\" \/>\n\t<meta name=\"twitter:data2\" content=\"3 minutos\" \/>\n<script type=\"application\/ld+json\" class=\"yoast-schema-graph\">{\"@context\":\"https:\/\/schema.org\",\"@graph\":[{\"@type\":\"Article\",\"@id\":\"https:\/\/radiolifefm.com.br\/noticias\/programa-feira-livre-volta-a-estacao-recreio-neste-domingo-5\/#article\",\"isPartOf\":{\"@id\":\"https:\/\/radiolifefm.com.br\/noticias\/programa-feira-livre-volta-a-estacao-recreio-neste-domingo-5\/\"},\"author\":{\"name\":\"ritanery\",\"@id\":\"https:\/\/radiolifefm.com.br\/noticias\/#\/schema\/person\/6339b9fac59d12b071dec680d7375d87\"},\"headline\":\"Programa Feira Livre volta \u00e0 Esta\u00e7\u00e3o Recreio neste domingo, 5\",\"datePublished\":\"2022-06-03T17:21:59+00:00\",\"dateModified\":\"2026-04-08T11:14:23+00:00\",\"mainEntityOfPage\":{\"@id\":\"https:\/\/radiolifefm.com.br\/noticias\/programa-feira-livre-volta-a-estacao-recreio-neste-domingo-5\/\"},\"wordCount\":439,\"publisher\":{\"@id\":\"https:\/\/radiolifefm.com.br\/noticias\/#organization\"},\"image\":{\"@id\":\"https:\/\/radiolifefm.com.br\/noticias\/programa-feira-livre-volta-a-estacao-recreio-neste-domingo-5\/#primaryimage\"},\"thumbnailUrl\":\"https:\/\/radiolifefm.com.br\/noticias\/wp-content\/uploads\/2022\/06\/dupla-carlinhos-e-damiao.jpg\",\"articleSection\":[\"Adamantina\"],\"inLanguage\":\"pt-BR\"},{\"@type\":\"WebPage\",\"@id\":\"https:\/\/radiolifefm.com.br\/noticias\/programa-feira-livre-volta-a-estacao-recreio-neste-domingo-5\/\",\"url\":\"https:\/\/radiolifefm.com.br\/noticias\/programa-feira-livre-volta-a-estacao-recreio-neste-domingo-5\/\",\"name\":\"Programa Feira Livre volta \u00e0 Esta\u00e7\u00e3o Recreio neste domingo, 5 - R\u00e1dio Life FM\",\"isPartOf\":{\"@id\":\"https:\/\/radiolifefm.com.br\/noticias\/#website\"},\"primaryImageOfPage\":{\"@id\":\"https:\/\/radiolifefm.com.br\/noticias\/programa-feira-livre-volta-a-estacao-recreio-neste-domingo-5\/#primaryimage\"},\"image\":{\"@id\":\"https:\/\/radiolifefm.com.br\/noticias\/programa-feira-livre-volta-a-estacao-recreio-neste-domingo-5\/#primaryimage\"},\"thumbnailUrl\":\"https:\/\/radiolifefm.com.br\/noticias\/wp-content\/uploads\/2022\/06\/dupla-carlinhos-e-damiao.jpg\",\"datePublished\":\"2022-06-03T17:21:59+00:00\",\"dateModified\":\"2026-04-08T11:14:23+00:00\",\"breadcrumb\":{\"@id\":\"https:\/\/radiolifefm.com.br\/noticias\/programa-feira-livre-volta-a-estacao-recreio-neste-domingo-5\/#breadcrumb\"},\"inLanguage\":\"pt-BR\",\"potentialAction\":[{\"@type\":\"ReadAction\",\"target\":[\"https:\/\/radiolifefm.com.br\/noticias\/programa-feira-livre-volta-a-estacao-recreio-neste-domingo-5\/\"]}]},{\"@type\":\"ImageObject\",\"inLanguage\":\"pt-BR\",\"@id\":\"https:\/\/radiolifefm.com.br\/noticias\/programa-feira-livre-volta-a-estacao-recreio-neste-domingo-5\/#primaryimage\",\"url\":\"https:\/\/radiolifefm.com.br\/noticias\/wp-content\/uploads\/2022\/06\/dupla-carlinhos-e-damiao.jpg\",\"contentUrl\":\"https:\/\/radiolifefm.com.br\/noticias\/wp-content\/uploads\/2022\/06\/dupla-carlinhos-e-damiao.jpg\",\"width\":1118,\"height\":768,\"caption\":\"Show da dupla Carlinhos & Dami\u00e3o marca o retorno do programa\"},{\"@type\":\"BreadcrumbList\",\"@id\":\"https:\/\/radiolifefm.com.br\/noticias\/programa-feira-livre-volta-a-estacao-recreio-neste-domingo-5\/#breadcrumb\",\"itemListElement\":[{\"@type\":\"ListItem\",\"position\":1,\"name\":\"In\u00edcio\",\"item\":\"https:\/\/radiolifefm.com.br\/noticias\/\"},{\"@type\":\"ListItem\",\"position\":2,\"name\":\"Programa Feira Livre volta \u00e0 Esta\u00e7\u00e3o Recreio neste domingo, 5\"}]},{\"@type\":\"WebSite\",\"@id\":\"https:\/\/radiolifefm.com.br\/noticias\/#website\",\"url\":\"https:\/\/radiolifefm.com.br\/noticias\/\",\"name\":\"R\u00e1dio Life FM\",\"description\":\"O Portal de Not\u00edcias de Adamantina\",\"publisher\":{\"@id\":\"https:\/\/radiolifefm.com.br\/noticias\/#organization\"},\"alternateName\":\"Life FM\",\"potentialAction\":[{\"@type\":\"SearchAction\",\"target\":{\"@type\":\"EntryPoint\",\"urlTemplate\":\"https:\/\/radiolifefm.com.br\/noticias\/?s={search_term_string}\"},\"query-input\":{\"@type\":\"PropertyValueSpecification\",\"valueRequired\":true,\"valueName\":\"search_term_string\"}}],\"inLanguage\":\"pt-BR\"},{\"@type\":\"Organization\",\"@id\":\"https:\/\/radiolifefm.com.br\/noticias\/#organization\",\"name\":\"R\u00e1dio Life FM\",\"alternateName\":\"Life FM\",\"url\":\"https:\/\/radiolifefm.com.br\/noticias\/\",\"logo\":{\"@type\":\"ImageObject\",\"inLanguage\":\"pt-BR\",\"@id\":\"https:\/\/radiolifefm.com.br\/noticias\/#\/schema\/logo\/image\/\",\"url\":\"https:\/\/static.radiolifefm.com.br\/noticias\/wp-content\/uploads\/2019\/10\/logo-lifefm.png\",\"contentUrl\":\"https:\/\/static.radiolifefm.com.br\/noticias\/wp-content\/uploads\/2019\/10\/logo-lifefm.png\",\"width\":196,\"height\":47,\"caption\":\"R\u00e1dio Life FM\"},\"image\":{\"@id\":\"https:\/\/radiolifefm.com.br\/noticias\/#\/schema\/logo\/image\/\"},\"sameAs\":[\"https:\/\/www.facebook.com\/radiolifefm\/\",\"https:\/\/www.instagram.com\/life1079fm\/\"]},{\"@type\":\"Person\",\"@id\":\"https:\/\/radiolifefm.com.br\/noticias\/#\/schema\/person\/6339b9fac59d12b071dec680d7375d87\",\"name\":\"ritanery\",\"image\":{\"@type\":\"ImageObject\",\"inLanguage\":\"pt-BR\",\"@id\":\"https:\/\/secure.gravatar.com\/avatar\/0e37bb19071f47c0b8a23f62a903df117c5a0e75f65a0c2901562f97cd41cf86?s=96&d=mm&r=g\",\"url\":\"https:\/\/secure.gravatar.com\/avatar\/0e37bb19071f47c0b8a23f62a903df117c5a0e75f65a0c2901562f97cd41cf86?s=96&d=mm&r=g\",\"contentUrl\":\"https:\/\/secure.gravatar.com\/avatar\/0e37bb19071f47c0b8a23f62a903df117c5a0e75f65a0c2901562f97cd41cf86?s=96&d=mm&r=g\",\"caption\":\"ritanery\"}}]}<\/script>\n<!-- \/ Yoast SEO plugin. -->","yoast_head_json":{"title":"Programa Feira Livre volta \u00e0 Esta\u00e7\u00e3o Recreio neste domingo, 5 - R\u00e1dio Life FM","robots":{"index":"index","follow":"follow","max-snippet":"max-snippet:-1","max-image-preview":"max-image-preview:large","max-video-preview":"max-video-preview:-1"},"canonical":"https:\/\/radiolifefm.com.br\/noticias\/programa-feira-livre-volta-a-estacao-recreio-neste-domingo-5\/","og_locale":"pt_BR","og_type":"article","og_title":"Programa Feira Livre volta \u00e0 Esta\u00e7\u00e3o Recreio neste domingo, 5 - R\u00e1dio Life FM","og_description":"Em tempo, ainda, de pandemia, deve-se considerar que \u201ctodo cuidado \u00e9 pouco\u201d. Por\u00e9m, apesar destes desencontros com a preven\u00e7\u00e3o em todas as \u00e1reas do mercado, torna-se necess\u00e1rio continuar a caminhada de um jeito ou de outro. Faz alguns meses que a Secretaria Municipal de Cultura e Turismo (SMCT) vem desenvolvendo diversas atividades focadas na \u00e1rea [&hellip;]","og_url":"https:\/\/radiolifefm.com.br\/noticias\/programa-feira-livre-volta-a-estacao-recreio-neste-domingo-5\/","og_site_name":"R\u00e1dio Life FM","article_publisher":"https:\/\/www.facebook.com\/radiolifefm\/","article_published_time":"2022-06-03T17:21:59+00:00","article_modified_time":"2026-04-08T11:14:23+00:00","og_image":[{"width":1118,"height":768,"url":"https:\/\/radiolifefm.com.br\/noticias\/wp-content\/uploads\/2022\/06\/dupla-carlinhos-e-damiao.jpg","type":"image\/jpeg"}],"author":"ritanery","twitter_card":"summary_large_image","twitter_misc":{"Escrito por":"ritanery","Est. tempo de leitura":"3 minutos"},"schema":{"@context":"https:\/\/schema.org","@graph":[{"@type":"Article","@id":"https:\/\/radiolifefm.com.br\/noticias\/programa-feira-livre-volta-a-estacao-recreio-neste-domingo-5\/#article","isPartOf":{"@id":"https:\/\/radiolifefm.com.br\/noticias\/programa-feira-livre-volta-a-estacao-recreio-neste-domingo-5\/"},"author":{"name":"ritanery","@id":"https:\/\/radiolifefm.com.br\/noticias\/#\/schema\/person\/6339b9fac59d12b071dec680d7375d87"},"headline":"Programa Feira Livre volta \u00e0 Esta\u00e7\u00e3o Recreio neste domingo, 5","datePublished":"2022-06-03T17:21:59+00:00","dateModified":"2026-04-08T11:14:23+00:00","mainEntityOfPage":{"@id":"https:\/\/radiolifefm.com.br\/noticias\/programa-feira-livre-volta-a-estacao-recreio-neste-domingo-5\/"},"wordCount":439,"publisher":{"@id":"https:\/\/radiolifefm.com.br\/noticias\/#organization"},"image":{"@id":"https:\/\/radiolifefm.com.br\/noticias\/programa-feira-livre-volta-a-estacao-recreio-neste-domingo-5\/#primaryimage"},"thumbnailUrl":"https:\/\/radiolifefm.com.br\/noticias\/wp-content\/uploads\/2022\/06\/dupla-carlinhos-e-damiao.jpg","articleSection":["Adamantina"],"inLanguage":"pt-BR"},{"@type":"WebPage","@id":"https:\/\/radiolifefm.com.br\/noticias\/programa-feira-livre-volta-a-estacao-recreio-neste-domingo-5\/","url":"https:\/\/radiolifefm.com.br\/noticias\/programa-feira-livre-volta-a-estacao-recreio-neste-domingo-5\/","name":"Programa Feira Livre volta \u00e0 Esta\u00e7\u00e3o Recreio neste domingo, 5 - R\u00e1dio Life FM","isPartOf":{"@id":"https:\/\/radiolifefm.com.br\/noticias\/#website"},"primaryImageOfPage":{"@id":"https:\/\/radiolifefm.com.br\/noticias\/programa-feira-livre-volta-a-estacao-recreio-neste-domingo-5\/#primaryimage"},"image":{"@id":"https:\/\/radiolifefm.com.br\/noticias\/programa-feira-livre-volta-a-estacao-recreio-neste-domingo-5\/#primaryimage"},"thumbnailUrl":"https:\/\/radiolifefm.com.br\/noticias\/wp-content\/uploads\/2022\/06\/dupla-carlinhos-e-damiao.jpg","datePublished":"2022-06-03T17:21:59+00:00","dateModified":"2026-04-08T11:14:23+00:00","breadcrumb":{"@id":"https:\/\/radiolifefm.com.br\/noticias\/programa-feira-livre-volta-a-estacao-recreio-neste-domingo-5\/#breadcrumb"},"inLanguage":"pt-BR","potentialAction":[{"@type":"ReadAction","target":["https:\/\/radiolifefm.com.br\/noticias\/programa-feira-livre-volta-a-estacao-recreio-neste-domingo-5\/"]}]},{"@type":"ImageObject","inLanguage":"pt-BR","@id":"https:\/\/radiolifefm.com.br\/noticias\/programa-feira-livre-volta-a-estacao-recreio-neste-domingo-5\/#primaryimage","url":"https:\/\/radiolifefm.com.br\/noticias\/wp-content\/uploads\/2022\/06\/dupla-carlinhos-e-damiao.jpg","contentUrl":"https:\/\/radiolifefm.com.br\/noticias\/wp-content\/uploads\/2022\/06\/dupla-carlinhos-e-damiao.jpg","width":1118,"height":768,"caption":"Show da dupla Carlinhos & Dami\u00e3o marca o retorno do programa"},{"@type":"BreadcrumbList","@id":"https:\/\/radiolifefm.com.br\/noticias\/programa-feira-livre-volta-a-estacao-recreio-neste-domingo-5\/#breadcrumb","itemListElement":[{"@type":"ListItem","position":1,"name":"In\u00edcio","item":"https:\/\/radiolifefm.com.br\/noticias\/"},{"@type":"ListItem","position":2,"name":"Programa Feira Livre volta \u00e0 Esta\u00e7\u00e3o Recreio neste domingo, 5"}]},{"@type":"WebSite","@id":"https:\/\/radiolifefm.com.br\/noticias\/#website","url":"https:\/\/radiolifefm.com.br\/noticias\/","name":"R\u00e1dio Life FM","description":"O Portal de Not\u00edcias de Adamantina","publisher":{"@id":"https:\/\/radiolifefm.com.br\/noticias\/#organization"},"alternateName":"Life FM","potentialAction":[{"@type":"SearchAction","target":{"@type":"EntryPoint","urlTemplate":"https:\/\/radiolifefm.com.br\/noticias\/?s={search_term_string}"},"query-input":{"@type":"PropertyValueSpecification","valueRequired":true,"valueName":"search_term_string"}}],"inLanguage":"pt-BR"},{"@type":"Organization","@id":"https:\/\/radiolifefm.com.br\/noticias\/#organization","name":"R\u00e1dio Life FM","alternateName":"Life FM","url":"https:\/\/radiolifefm.com.br\/noticias\/","logo":{"@type":"ImageObject","inLanguage":"pt-BR","@id":"https:\/\/radiolifefm.com.br\/noticias\/#\/schema\/logo\/image\/","url":"https:\/\/static.radiolifefm.com.br\/noticias\/wp-content\/uploads\/2019\/10\/logo-lifefm.png","contentUrl":"https:\/\/static.radiolifefm.com.br\/noticias\/wp-content\/uploads\/2019\/10\/logo-lifefm.png","width":196,"height":47,"caption":"R\u00e1dio Life FM"},"image":{"@id":"https:\/\/radiolifefm.com.br\/noticias\/#\/schema\/logo\/image\/"},"sameAs":["https:\/\/www.facebook.com\/radiolifefm\/","https:\/\/www.instagram.com\/life1079fm\/"]},{"@type":"Person","@id":"https:\/\/radiolifefm.com.br\/noticias\/#\/schema\/person\/6339b9fac59d12b071dec680d7375d87","name":"ritanery","image":{"@type":"ImageObject","inLanguage":"pt-BR","@id":"https:\/\/secure.gravatar.com\/avatar\/0e37bb19071f47c0b8a23f62a903df117c5a0e75f65a0c2901562f97cd41cf86?s=96&d=mm&r=g","url":"https:\/\/secure.gravatar.com\/avatar\/0e37bb19071f47c0b8a23f62a903df117c5a0e75f65a0c2901562f97cd41cf86?s=96&d=mm&r=g","contentUrl":"https:\/\/secure.gravatar.com\/avatar\/0e37bb19071f47c0b8a23f62a903df117c5a0e75f65a0c2901562f97cd41cf86?s=96&d=mm&r=g","caption":"ritanery"}}]}},"amp_enabled":true,"_links":{"self":[{"href":"https:\/\/radiolifefm.com.br\/noticias\/wp-json\/wp\/v2\/posts\/54386","targetHints":{"allow":["GET"]}}],"collection":[{"href":"https:\/\/radiolifefm.com.br\/noticias\/wp-json\/wp\/v2\/posts"}],"about":[{"href":"https:\/\/radiolifefm.com.br\/noticias\/wp-json\/wp\/v2\/types\/post"}],"author":[{"embeddable":true,"href":"https:\/\/radiolifefm.com.br\/noticias\/wp-json\/wp\/v2\/users\/13"}],"replies":[{"embeddable":true,"href":"https:\/\/radiolifefm.com.br\/noticias\/wp-json\/wp\/v2\/comments?post=54386"}],"version-history":[{"count":3,"href":"https:\/\/radiolifefm.com.br\/noticias\/wp-json\/wp\/v2\/posts\/54386\/revisions"}],"predecessor-version":[{"id":54389,"href":"https:\/\/radiolifefm.com.br\/noticias\/wp-json\/wp\/v2\/posts\/54386\/revisions\/54389"}],"wp:featuredmedia":[{"embeddable":true,"href":"https:\/\/radiolifefm.com.br\/noticias\/wp-json\/wp\/v2\/media\/54387"}],"wp:attachment":[{"href":"https:\/\/radiolifefm.com.br\/noticias\/wp-json\/wp\/v2\/media?parent=54386"}],"wp:term":[{"taxonomy":"category","embeddable":true,"href":"https:\/\/radiolifefm.com.br\/noticias\/wp-json\/wp\/v2\/categories?post=54386"},{"taxonomy":"post_tag","embeddable":true,"href":"https:\/\/radiolifefm.com.br\/noticias\/wp-json\/wp\/v2\/tags?post=54386"}],"curies":[{"name":"wp","href":"https:\/\/api.w.org\/{rel}","templated":true}]}}