{"id":54369,"date":"2022-06-03T08:47:19","date_gmt":"2022-06-03T11:47:19","guid":{"rendered":"https:\/\/radiolifefm.com.br\/noticias\/?p=54369"},"modified":"2026-04-20T12:13:53","modified_gmt":"2026-04-20T15:13:53","slug":"adamantina-recebe-emenda-parlamentar-de-r-150-mil-que-sera-destinada-para-a-cultura","status":"publish","type":"post","link":"https:\/\/radiolifefm.com.br\/noticias\/adamantina-recebe-emenda-parlamentar-de-r-150-mil-que-sera-destinada-para-a-cultura\/","title":{"rendered":"Adamantina recebe emenda parlamentar de R$ 150 mil que ser\u00e1 destinada para a Cultura"},"content":{"rendered":"<div id=\"fb-root\"><\/div>\n<p>Em contato com a reportagem do Jornal Folha Regional o pr\u00e9-candidato adamantinense a deputado estadual, Marcos Lama, anunciou a conquista de R$ 150 mil para Adamantina por meio dos deputados Coronel Tadeu e Damaris Moura.<\/p>\n<p>O recurso consta na Emenda n\u00ba 2022.036.40422. Al\u00e9m de Lama, o vereador Ricardo Cangir\u00e3o tamb\u00e9m tem participa\u00e7\u00e3o.<\/p>\n<p>O valor ser\u00e1 direcionado para a Cultura. \u201cApesar de ser uma \u00e1rea de grande import\u00e2ncia, sabemos que \u00e9 bastante carente de recursos. E como temos visto o bom trabalho que vem sendo realizado na nossa cidade, decidimos contribuir com essa conquista\u201d, justificaram os autores.<\/p>\n<p>A Casa Civil do Governo do Estado de S\u00e3o Paulo j\u00e1 informou a Prefeitura do Munic\u00edpio sobre a libera\u00e7\u00e3o.<\/p>\n<p>\u201cQueremos agradecer ao Coronel Tadeu e \u00e0 Damaris por colaborar com Adamantina atrav\u00e9s dessa emenda, demonstrando aten\u00e7\u00e3o com a nossa cidade. Esperamos que esta parceria ainda traga outras conquistas\u201d, acrescentaram.<\/p>\n<p>Lama adiantou tamb\u00e9m que trabalha para viabilizar recurso de R$ 300 mil para infraestrutura (tubula\u00e7\u00e3o) na Rua Pernambuco, no Jardim Brasil.<\/p>\n<p>&nbsp;<\/p>\n<p>&nbsp;<\/p>\n<p>Fonte: Adamantina Net<\/p>\n","protected":false},"excerpt":{"rendered":"<p>Em contato com a reportagem do Jornal Folha Regional o pr\u00e9-candidato adamantinense a deputado estadual, Marcos Lama, anunciou a conquista de R$ 150 mil para Adamantina por meio dos deputados Coronel Tadeu e Damaris Moura. O recurso consta na Emenda n\u00ba 2022.036.40422. Al\u00e9m de Lama, o vereador Ricardo Cangir\u00e3o tamb\u00e9m tem participa\u00e7\u00e3o. O valor ser\u00e1 [&hellip;]<\/p>\n","protected":false},"author":13,"featured_media":54370,"comment_status":"closed","ping_status":"open","sticky":false,"template":"","format":"standard","meta":{"_acf_changed":false,"_exactmetrics_skip_tracking":false,"_exactmetrics_sitenote_active":false,"_exactmetrics_sitenote_note":"","_exactmetrics_sitenote_category":0,"footnotes":""},"categories":[21],"tags":[],"class_list":["post-54369","post","type-post","status-publish","format-standard","has-post-thumbnail","hentry","category-adamantina"],"acf":[],"yoast_head":"<!-- This site is optimized with the Yoast SEO plugin v27.2 - https:\/\/yoast.com\/product\/yoast-seo-wordpress\/ -->\n<title>Adamantina recebe emenda parlamentar de R$ 150 mil que ser\u00e1 destinada para a Cultura - R\u00e1dio Life FM<\/title>\n<meta name=\"robots\" content=\"index, follow, max-snippet:-1, max-image-preview:large, max-video-preview:-1\" \/>\n<link rel=\"canonical\" href=\"https:\/\/radiolifefm.com.br\/noticias\/adamantina-recebe-emenda-parlamentar-de-r-150-mil-que-sera-destinada-para-a-cultura\/\" \/>\n<meta property=\"og:locale\" content=\"pt_BR\" \/>\n<meta property=\"og:type\" content=\"article\" \/>\n<meta property=\"og:title\" content=\"Adamantina recebe emenda parlamentar de R$ 150 mil que ser\u00e1 destinada para a Cultura - R\u00e1dio Life FM\" \/>\n<meta property=\"og:description\" content=\"Em contato com a reportagem do Jornal Folha Regional o pr\u00e9-candidato adamantinense a deputado estadual, Marcos Lama, anunciou a conquista de R$ 150 mil para Adamantina por meio dos deputados Coronel Tadeu e Damaris Moura. O recurso consta na Emenda n\u00ba 2022.036.40422. Al\u00e9m de Lama, o vereador Ricardo Cangir\u00e3o tamb\u00e9m tem participa\u00e7\u00e3o. O valor ser\u00e1 [&hellip;]\" \/>\n<meta property=\"og:url\" content=\"https:\/\/radiolifefm.com.br\/noticias\/adamantina-recebe-emenda-parlamentar-de-r-150-mil-que-sera-destinada-para-a-cultura\/\" \/>\n<meta property=\"og:site_name\" content=\"R\u00e1dio Life FM\" \/>\n<meta property=\"article:publisher\" content=\"https:\/\/www.facebook.com\/radiolifefm\/\" \/>\n<meta property=\"article:published_time\" content=\"2022-06-03T11:47:19+00:00\" \/>\n<meta property=\"article:modified_time\" content=\"2026-04-20T15:13:53+00:00\" \/>\n<meta property=\"og:image\" content=\"https:\/\/radiolifefm.com.br\/noticias\/wp-content\/uploads\/2022\/06\/276b5cdd-4f8f-476b-8c5c-eaeefd2652e5.jpeg\" \/>\n\t<meta property=\"og:image:width\" content=\"550\" \/>\n\t<meta property=\"og:image:height\" content=\"302\" \/>\n\t<meta property=\"og:image:type\" content=\"image\/jpeg\" \/>\n<meta name=\"author\" content=\"ritanery\" \/>\n<meta name=\"twitter:card\" content=\"summary_large_image\" \/>\n<meta name=\"twitter:label1\" content=\"Escrito por\" \/>\n\t<meta name=\"twitter:data1\" content=\"ritanery\" \/>\n\t<meta name=\"twitter:label2\" content=\"Est. tempo de leitura\" \/>\n\t<meta name=\"twitter:data2\" content=\"1 minuto\" \/>\n<script type=\"application\/ld+json\" class=\"yoast-schema-graph\">{\"@context\":\"https:\/\/schema.org\",\"@graph\":[{\"@type\":\"Article\",\"@id\":\"https:\/\/radiolifefm.com.br\/noticias\/adamantina-recebe-emenda-parlamentar-de-r-150-mil-que-sera-destinada-para-a-cultura\/#article\",\"isPartOf\":{\"@id\":\"https:\/\/radiolifefm.com.br\/noticias\/adamantina-recebe-emenda-parlamentar-de-r-150-mil-que-sera-destinada-para-a-cultura\/\"},\"author\":{\"name\":\"ritanery\",\"@id\":\"https:\/\/radiolifefm.com.br\/noticias\/#\/schema\/person\/6339b9fac59d12b071dec680d7375d87\"},\"headline\":\"Adamantina recebe emenda parlamentar de R$ 150 mil que ser\u00e1 destinada para a Cultura\",\"datePublished\":\"2022-06-03T11:47:19+00:00\",\"dateModified\":\"2026-04-20T15:13:53+00:00\",\"mainEntityOfPage\":{\"@id\":\"https:\/\/radiolifefm.com.br\/noticias\/adamantina-recebe-emenda-parlamentar-de-r-150-mil-que-sera-destinada-para-a-cultura\/\"},\"wordCount\":192,\"publisher\":{\"@id\":\"https:\/\/radiolifefm.com.br\/noticias\/#organization\"},\"image\":{\"@id\":\"https:\/\/radiolifefm.com.br\/noticias\/adamantina-recebe-emenda-parlamentar-de-r-150-mil-que-sera-destinada-para-a-cultura\/#primaryimage\"},\"thumbnailUrl\":\"https:\/\/radiolifefm.com.br\/noticias\/wp-content\/uploads\/2022\/06\/276b5cdd-4f8f-476b-8c5c-eaeefd2652e5.jpeg\",\"articleSection\":[\"Adamantina\"],\"inLanguage\":\"pt-BR\"},{\"@type\":\"WebPage\",\"@id\":\"https:\/\/radiolifefm.com.br\/noticias\/adamantina-recebe-emenda-parlamentar-de-r-150-mil-que-sera-destinada-para-a-cultura\/\",\"url\":\"https:\/\/radiolifefm.com.br\/noticias\/adamantina-recebe-emenda-parlamentar-de-r-150-mil-que-sera-destinada-para-a-cultura\/\",\"name\":\"Adamantina recebe emenda parlamentar de R$ 150 mil que ser\u00e1 destinada para a Cultura - R\u00e1dio Life FM\",\"isPartOf\":{\"@id\":\"https:\/\/radiolifefm.com.br\/noticias\/#website\"},\"primaryImageOfPage\":{\"@id\":\"https:\/\/radiolifefm.com.br\/noticias\/adamantina-recebe-emenda-parlamentar-de-r-150-mil-que-sera-destinada-para-a-cultura\/#primaryimage\"},\"image\":{\"@id\":\"https:\/\/radiolifefm.com.br\/noticias\/adamantina-recebe-emenda-parlamentar-de-r-150-mil-que-sera-destinada-para-a-cultura\/#primaryimage\"},\"thumbnailUrl\":\"https:\/\/radiolifefm.com.br\/noticias\/wp-content\/uploads\/2022\/06\/276b5cdd-4f8f-476b-8c5c-eaeefd2652e5.jpeg\",\"datePublished\":\"2022-06-03T11:47:19+00:00\",\"dateModified\":\"2026-04-20T15:13:53+00:00\",\"breadcrumb\":{\"@id\":\"https:\/\/radiolifefm.com.br\/noticias\/adamantina-recebe-emenda-parlamentar-de-r-150-mil-que-sera-destinada-para-a-cultura\/#breadcrumb\"},\"inLanguage\":\"pt-BR\",\"potentialAction\":[{\"@type\":\"ReadAction\",\"target\":[\"https:\/\/radiolifefm.com.br\/noticias\/adamantina-recebe-emenda-parlamentar-de-r-150-mil-que-sera-destinada-para-a-cultura\/\"]}]},{\"@type\":\"ImageObject\",\"inLanguage\":\"pt-BR\",\"@id\":\"https:\/\/radiolifefm.com.br\/noticias\/adamantina-recebe-emenda-parlamentar-de-r-150-mil-que-sera-destinada-para-a-cultura\/#primaryimage\",\"url\":\"https:\/\/radiolifefm.com.br\/noticias\/wp-content\/uploads\/2022\/06\/276b5cdd-4f8f-476b-8c5c-eaeefd2652e5.jpeg\",\"contentUrl\":\"https:\/\/radiolifefm.com.br\/noticias\/wp-content\/uploads\/2022\/06\/276b5cdd-4f8f-476b-8c5c-eaeefd2652e5.jpeg\",\"width\":550,\"height\":302},{\"@type\":\"BreadcrumbList\",\"@id\":\"https:\/\/radiolifefm.com.br\/noticias\/adamantina-recebe-emenda-parlamentar-de-r-150-mil-que-sera-destinada-para-a-cultura\/#breadcrumb\",\"itemListElement\":[{\"@type\":\"ListItem\",\"position\":1,\"name\":\"In\u00edcio\",\"item\":\"https:\/\/radiolifefm.com.br\/noticias\/\"},{\"@type\":\"ListItem\",\"position\":2,\"name\":\"Adamantina recebe emenda parlamentar de R$ 150 mil que ser\u00e1 destinada para a Cultura\"}]},{\"@type\":\"WebSite\",\"@id\":\"https:\/\/radiolifefm.com.br\/noticias\/#website\",\"url\":\"https:\/\/radiolifefm.com.br\/noticias\/\",\"name\":\"R\u00e1dio Life FM\",\"description\":\"O Portal de Not\u00edcias de Adamantina\",\"publisher\":{\"@id\":\"https:\/\/radiolifefm.com.br\/noticias\/#organization\"},\"alternateName\":\"Life FM\",\"potentialAction\":[{\"@type\":\"SearchAction\",\"target\":{\"@type\":\"EntryPoint\",\"urlTemplate\":\"https:\/\/radiolifefm.com.br\/noticias\/?s={search_term_string}\"},\"query-input\":{\"@type\":\"PropertyValueSpecification\",\"valueRequired\":true,\"valueName\":\"search_term_string\"}}],\"inLanguage\":\"pt-BR\"},{\"@type\":\"Organization\",\"@id\":\"https:\/\/radiolifefm.com.br\/noticias\/#organization\",\"name\":\"R\u00e1dio Life FM\",\"alternateName\":\"Life FM\",\"url\":\"https:\/\/radiolifefm.com.br\/noticias\/\",\"logo\":{\"@type\":\"ImageObject\",\"inLanguage\":\"pt-BR\",\"@id\":\"https:\/\/radiolifefm.com.br\/noticias\/#\/schema\/logo\/image\/\",\"url\":\"https:\/\/static.radiolifefm.com.br\/noticias\/wp-content\/uploads\/2019\/10\/logo-lifefm.png\",\"contentUrl\":\"https:\/\/static.radiolifefm.com.br\/noticias\/wp-content\/uploads\/2019\/10\/logo-lifefm.png\",\"width\":196,\"height\":47,\"caption\":\"R\u00e1dio Life FM\"},\"image\":{\"@id\":\"https:\/\/radiolifefm.com.br\/noticias\/#\/schema\/logo\/image\/\"},\"sameAs\":[\"https:\/\/www.facebook.com\/radiolifefm\/\",\"https:\/\/www.instagram.com\/life1079fm\/\"]},{\"@type\":\"Person\",\"@id\":\"https:\/\/radiolifefm.com.br\/noticias\/#\/schema\/person\/6339b9fac59d12b071dec680d7375d87\",\"name\":\"ritanery\",\"image\":{\"@type\":\"ImageObject\",\"inLanguage\":\"pt-BR\",\"@id\":\"https:\/\/secure.gravatar.com\/avatar\/0e37bb19071f47c0b8a23f62a903df117c5a0e75f65a0c2901562f97cd41cf86?s=96&d=mm&r=g\",\"url\":\"https:\/\/secure.gravatar.com\/avatar\/0e37bb19071f47c0b8a23f62a903df117c5a0e75f65a0c2901562f97cd41cf86?s=96&d=mm&r=g\",\"contentUrl\":\"https:\/\/secure.gravatar.com\/avatar\/0e37bb19071f47c0b8a23f62a903df117c5a0e75f65a0c2901562f97cd41cf86?s=96&d=mm&r=g\",\"caption\":\"ritanery\"}}]}<\/script>\n<!-- \/ Yoast SEO plugin. -->","yoast_head_json":{"title":"Adamantina recebe emenda parlamentar de R$ 150 mil que ser\u00e1 destinada para a Cultura - R\u00e1dio Life FM","robots":{"index":"index","follow":"follow","max-snippet":"max-snippet:-1","max-image-preview":"max-image-preview:large","max-video-preview":"max-video-preview:-1"},"canonical":"https:\/\/radiolifefm.com.br\/noticias\/adamantina-recebe-emenda-parlamentar-de-r-150-mil-que-sera-destinada-para-a-cultura\/","og_locale":"pt_BR","og_type":"article","og_title":"Adamantina recebe emenda parlamentar de R$ 150 mil que ser\u00e1 destinada para a Cultura - R\u00e1dio Life FM","og_description":"Em contato com a reportagem do Jornal Folha Regional o pr\u00e9-candidato adamantinense a deputado estadual, Marcos Lama, anunciou a conquista de R$ 150 mil para Adamantina por meio dos deputados Coronel Tadeu e Damaris Moura. O recurso consta na Emenda n\u00ba 2022.036.40422. Al\u00e9m de Lama, o vereador Ricardo Cangir\u00e3o tamb\u00e9m tem participa\u00e7\u00e3o. O valor ser\u00e1 [&hellip;]","og_url":"https:\/\/radiolifefm.com.br\/noticias\/adamantina-recebe-emenda-parlamentar-de-r-150-mil-que-sera-destinada-para-a-cultura\/","og_site_name":"R\u00e1dio Life FM","article_publisher":"https:\/\/www.facebook.com\/radiolifefm\/","article_published_time":"2022-06-03T11:47:19+00:00","article_modified_time":"2026-04-20T15:13:53+00:00","og_image":[{"width":550,"height":302,"url":"https:\/\/radiolifefm.com.br\/noticias\/wp-content\/uploads\/2022\/06\/276b5cdd-4f8f-476b-8c5c-eaeefd2652e5.jpeg","type":"image\/jpeg"}],"author":"ritanery","twitter_card":"summary_large_image","twitter_misc":{"Escrito por":"ritanery","Est. tempo de leitura":"1 minuto"},"schema":{"@context":"https:\/\/schema.org","@graph":[{"@type":"Article","@id":"https:\/\/radiolifefm.com.br\/noticias\/adamantina-recebe-emenda-parlamentar-de-r-150-mil-que-sera-destinada-para-a-cultura\/#article","isPartOf":{"@id":"https:\/\/radiolifefm.com.br\/noticias\/adamantina-recebe-emenda-parlamentar-de-r-150-mil-que-sera-destinada-para-a-cultura\/"},"author":{"name":"ritanery","@id":"https:\/\/radiolifefm.com.br\/noticias\/#\/schema\/person\/6339b9fac59d12b071dec680d7375d87"},"headline":"Adamantina recebe emenda parlamentar de R$ 150 mil que ser\u00e1 destinada para a Cultura","datePublished":"2022-06-03T11:47:19+00:00","dateModified":"2026-04-20T15:13:53+00:00","mainEntityOfPage":{"@id":"https:\/\/radiolifefm.com.br\/noticias\/adamantina-recebe-emenda-parlamentar-de-r-150-mil-que-sera-destinada-para-a-cultura\/"},"wordCount":192,"publisher":{"@id":"https:\/\/radiolifefm.com.br\/noticias\/#organization"},"image":{"@id":"https:\/\/radiolifefm.com.br\/noticias\/adamantina-recebe-emenda-parlamentar-de-r-150-mil-que-sera-destinada-para-a-cultura\/#primaryimage"},"thumbnailUrl":"https:\/\/radiolifefm.com.br\/noticias\/wp-content\/uploads\/2022\/06\/276b5cdd-4f8f-476b-8c5c-eaeefd2652e5.jpeg","articleSection":["Adamantina"],"inLanguage":"pt-BR"},{"@type":"WebPage","@id":"https:\/\/radiolifefm.com.br\/noticias\/adamantina-recebe-emenda-parlamentar-de-r-150-mil-que-sera-destinada-para-a-cultura\/","url":"https:\/\/radiolifefm.com.br\/noticias\/adamantina-recebe-emenda-parlamentar-de-r-150-mil-que-sera-destinada-para-a-cultura\/","name":"Adamantina recebe emenda parlamentar de R$ 150 mil que ser\u00e1 destinada para a Cultura - R\u00e1dio Life FM","isPartOf":{"@id":"https:\/\/radiolifefm.com.br\/noticias\/#website"},"primaryImageOfPage":{"@id":"https:\/\/radiolifefm.com.br\/noticias\/adamantina-recebe-emenda-parlamentar-de-r-150-mil-que-sera-destinada-para-a-cultura\/#primaryimage"},"image":{"@id":"https:\/\/radiolifefm.com.br\/noticias\/adamantina-recebe-emenda-parlamentar-de-r-150-mil-que-sera-destinada-para-a-cultura\/#primaryimage"},"thumbnailUrl":"https:\/\/radiolifefm.com.br\/noticias\/wp-content\/uploads\/2022\/06\/276b5cdd-4f8f-476b-8c5c-eaeefd2652e5.jpeg","datePublished":"2022-06-03T11:47:19+00:00","dateModified":"2026-04-20T15:13:53+00:00","breadcrumb":{"@id":"https:\/\/radiolifefm.com.br\/noticias\/adamantina-recebe-emenda-parlamentar-de-r-150-mil-que-sera-destinada-para-a-cultura\/#breadcrumb"},"inLanguage":"pt-BR","potentialAction":[{"@type":"ReadAction","target":["https:\/\/radiolifefm.com.br\/noticias\/adamantina-recebe-emenda-parlamentar-de-r-150-mil-que-sera-destinada-para-a-cultura\/"]}]},{"@type":"ImageObject","inLanguage":"pt-BR","@id":"https:\/\/radiolifefm.com.br\/noticias\/adamantina-recebe-emenda-parlamentar-de-r-150-mil-que-sera-destinada-para-a-cultura\/#primaryimage","url":"https:\/\/radiolifefm.com.br\/noticias\/wp-content\/uploads\/2022\/06\/276b5cdd-4f8f-476b-8c5c-eaeefd2652e5.jpeg","contentUrl":"https:\/\/radiolifefm.com.br\/noticias\/wp-content\/uploads\/2022\/06\/276b5cdd-4f8f-476b-8c5c-eaeefd2652e5.jpeg","width":550,"height":302},{"@type":"BreadcrumbList","@id":"https:\/\/radiolifefm.com.br\/noticias\/adamantina-recebe-emenda-parlamentar-de-r-150-mil-que-sera-destinada-para-a-cultura\/#breadcrumb","itemListElement":[{"@type":"ListItem","position":1,"name":"In\u00edcio","item":"https:\/\/radiolifefm.com.br\/noticias\/"},{"@type":"ListItem","position":2,"name":"Adamantina recebe emenda parlamentar de R$ 150 mil que ser\u00e1 destinada para a Cultura"}]},{"@type":"WebSite","@id":"https:\/\/radiolifefm.com.br\/noticias\/#website","url":"https:\/\/radiolifefm.com.br\/noticias\/","name":"R\u00e1dio Life FM","description":"O Portal de Not\u00edcias de Adamantina","publisher":{"@id":"https:\/\/radiolifefm.com.br\/noticias\/#organization"},"alternateName":"Life FM","potentialAction":[{"@type":"SearchAction","target":{"@type":"EntryPoint","urlTemplate":"https:\/\/radiolifefm.com.br\/noticias\/?s={search_term_string}"},"query-input":{"@type":"PropertyValueSpecification","valueRequired":true,"valueName":"search_term_string"}}],"inLanguage":"pt-BR"},{"@type":"Organization","@id":"https:\/\/radiolifefm.com.br\/noticias\/#organization","name":"R\u00e1dio Life FM","alternateName":"Life FM","url":"https:\/\/radiolifefm.com.br\/noticias\/","logo":{"@type":"ImageObject","inLanguage":"pt-BR","@id":"https:\/\/radiolifefm.com.br\/noticias\/#\/schema\/logo\/image\/","url":"https:\/\/static.radiolifefm.com.br\/noticias\/wp-content\/uploads\/2019\/10\/logo-lifefm.png","contentUrl":"https:\/\/static.radiolifefm.com.br\/noticias\/wp-content\/uploads\/2019\/10\/logo-lifefm.png","width":196,"height":47,"caption":"R\u00e1dio Life FM"},"image":{"@id":"https:\/\/radiolifefm.com.br\/noticias\/#\/schema\/logo\/image\/"},"sameAs":["https:\/\/www.facebook.com\/radiolifefm\/","https:\/\/www.instagram.com\/life1079fm\/"]},{"@type":"Person","@id":"https:\/\/radiolifefm.com.br\/noticias\/#\/schema\/person\/6339b9fac59d12b071dec680d7375d87","name":"ritanery","image":{"@type":"ImageObject","inLanguage":"pt-BR","@id":"https:\/\/secure.gravatar.com\/avatar\/0e37bb19071f47c0b8a23f62a903df117c5a0e75f65a0c2901562f97cd41cf86?s=96&d=mm&r=g","url":"https:\/\/secure.gravatar.com\/avatar\/0e37bb19071f47c0b8a23f62a903df117c5a0e75f65a0c2901562f97cd41cf86?s=96&d=mm&r=g","contentUrl":"https:\/\/secure.gravatar.com\/avatar\/0e37bb19071f47c0b8a23f62a903df117c5a0e75f65a0c2901562f97cd41cf86?s=96&d=mm&r=g","caption":"ritanery"}}]}},"amp_enabled":true,"_links":{"self":[{"href":"https:\/\/radiolifefm.com.br\/noticias\/wp-json\/wp\/v2\/posts\/54369","targetHints":{"allow":["GET"]}}],"collection":[{"href":"https:\/\/radiolifefm.com.br\/noticias\/wp-json\/wp\/v2\/posts"}],"about":[{"href":"https:\/\/radiolifefm.com.br\/noticias\/wp-json\/wp\/v2\/types\/post"}],"author":[{"embeddable":true,"href":"https:\/\/radiolifefm.com.br\/noticias\/wp-json\/wp\/v2\/users\/13"}],"replies":[{"embeddable":true,"href":"https:\/\/radiolifefm.com.br\/noticias\/wp-json\/wp\/v2\/comments?post=54369"}],"version-history":[{"count":1,"href":"https:\/\/radiolifefm.com.br\/noticias\/wp-json\/wp\/v2\/posts\/54369\/revisions"}],"predecessor-version":[{"id":54371,"href":"https:\/\/radiolifefm.com.br\/noticias\/wp-json\/wp\/v2\/posts\/54369\/revisions\/54371"}],"wp:featuredmedia":[{"embeddable":true,"href":"https:\/\/radiolifefm.com.br\/noticias\/wp-json\/wp\/v2\/media\/54370"}],"wp:attachment":[{"href":"https:\/\/radiolifefm.com.br\/noticias\/wp-json\/wp\/v2\/media?parent=54369"}],"wp:term":[{"taxonomy":"category","embeddable":true,"href":"https:\/\/radiolifefm.com.br\/noticias\/wp-json\/wp\/v2\/categories?post=54369"},{"taxonomy":"post_tag","embeddable":true,"href":"https:\/\/radiolifefm.com.br\/noticias\/wp-json\/wp\/v2\/tags?post=54369"}],"curies":[{"name":"wp","href":"https:\/\/api.w.org\/{rel}","templated":true}]}}