{"id":54353,"date":"2022-06-03T07:56:59","date_gmt":"2022-06-03T10:56:59","guid":{"rendered":"https:\/\/radiolifefm.com.br\/noticias\/?p=54353"},"modified":"2026-02-12T05:16:03","modified_gmt":"2026-02-12T08:16:03","slug":"aspones-provincianos-buscam-lugar-ao-sol","status":"publish","type":"post","link":"https:\/\/radiolifefm.com.br\/noticias\/aspones-provincianos-buscam-lugar-ao-sol\/","title":{"rendered":"\u201cASPONES\u201d  PROVINCIANOS BUSCAM LUGAR AO SOL&#8230;"},"content":{"rendered":"<div id=\"fb-root\"><\/div>\n<p>&nbsp;<\/p>\n<p><em>\u201cE o fumo do seu tormento sobe para todo o sempre; e n\u00e3o tem repouso nem de dia nem de noite os que adoram a besta e a sua imagem, e aquele que receber o sinal do seu nome\u201d (Apocalipse).<\/em><\/p>\n<p>&nbsp;<\/p>\n<p><strong><em>\u00a0<\/em><\/strong><\/p>\n<p><strong><em>S\u00e9rgio Barbosa (*)<\/em><\/strong><\/p>\n<p>&nbsp;<\/p>\n<p>&nbsp;<\/p>\n<p>Como sempre, as esquinas provincianas continuam em festa, quando muito, tamb\u00e9m, as rodinhas nas padarias para um cafezinho a mais em nome da \u00e9tica e da justi\u00e7a em tempo de p\u00f3s-globaliza\u00e7\u00e3o midi\u00e1tica&#8230;<\/p>\n<p>Neste cen\u00e1rio mais do que carnavalesco, os parasitas de sempre continuam com suas conversas sobre o mundo do alheio, ou seja, falam coisas sobre aquilo que desconhecem como pessoas, neste contexto, s\u00e3o falastr\u00f5es provincianos querendo se aparecer de um jeito ou de outro para uma mesmice de sempre&#8230;<\/p>\n<p>Perde-se um tempo enorme com o famoso \u201cdisse-me-disse\u201d e nestas condi\u00e7\u00f5es \u201cnada de novo no front\u201d como afirmou o escritor do outro tempo, claro, o mesmo desconhecia as amarra\u00e7\u00f5es provincianas para a conquista do poder pelo poder&#8230;<\/p>\n<p>A reflex\u00e3o deve ser \u00e0 base da cr\u00edtica sobre temas afins aos interesses da comunidade local, bem como, regional, mas, o parasita continua azucrinando o trabalho do outro lado, como sempre, querendo dar o \u201cbote na carni\u00e7a\u201d, mesmo que seja apenas para estar por perto como um \u201caspone\u201d a mais em terras provincianas&#8230;<\/p>\n<p>Dizem que os tais assessores podem fazer a diferen\u00e7a neste contexto plural para as institui\u00e7\u00f5es democr\u00e1ticas, todavia, n\u00e3o se pode deixar de lado os falsos profetas do poder em busca do poder por meio do discurso libertador da canastrice do balc\u00e3o da aposentadoria&#8230;<\/p>\n<p>Tamb\u00e9m, pode-se afirmar que a tal da \u201ccarni\u00e7a fede\u201d, talvez, os urubus entendam que vale a penas continuar abocanhando a carne podre do animal abatido depois daquele encontro num local camuflado pelos \u201caspones\u201d provincianos&#8230;<\/p>\n<p>O jogo do poder, como sempre, \u00e9 o mesmo do outro tempo, quando o conflito era a perman\u00eancia no poder institucional provinciano pelas amarras tupiniquins no \u201cPa\u00eds do faz de conta\u201d&#8230;<\/p>\n<p>As escritas do fariseu continuam com o mesmo toque num artigo corrompido pelos acertos de uma dedicat\u00f3ria perdida numa pesquisa acad\u00eamica, neste caso, o trabalho permanece perdido numa prateleira dispersa de um acervo bibliogr\u00e1fico para um desencontro entre a teoria e a pr\u00e1tica contextual da reflex\u00e3o te\u00f3rico-cr\u00edtica&#8230;<\/p>\n<p>Como avaliar o trabalho de quem sempre esteve atr\u00e1s de um balc\u00e3o qualquer, foram anos e anos de atendimento quase personalizado para uma prov\u00edncia parada pelos falsos donos do poder institucionalizado em nome da falsidade calada pela voz da opress\u00e3o\u00a0 mercadol\u00f3gica&#8230;<\/p>\n<p>Outros continuam por a\u00ed, quem sabe, buscando um \u201clugarzinho ao sol\u201d, pobres diabos que perderam o bonde do presente, entretanto, ficam esperando o outro bonde, talvez, querendo fazer parte do grupo do momento, por\u00e9m, esquece do passado, quando estava deste lado e acabou debandando para o outro lado sem mais e sem menos&#8230;<\/p>\n<p>Diz o poeta contempor\u00e2neo, \u201cos c\u00e3es ladram, mas a caravana passa\u201d, tal questionamento serve como ponto de partida neste meio termo provinciano, resta saber como ser\u00e1 o fim disto tudo, mas, ressalta-se o compromisso do desafio em nome do crescimento sustent\u00e1vel da institui\u00e7\u00e3o maior desta prov\u00edncia do faz de conta&#8230;<\/p>\n<p><em>__________________________________<\/em><\/p>\n<p><em>(*) Jornalista profissional diplomado e professor universit\u00e1rio.<\/em><\/p>\n<p><em>e-mail: <a href=\"mailto:barbosa.sebar@gmail.com\">barbosa.sebar@gmail.com<\/a><\/em><\/p>\n","protected":false},"excerpt":{"rendered":"<p>&nbsp; \u201cE o fumo do seu tormento sobe para todo o sempre; e n\u00e3o tem repouso nem de dia nem de noite os que adoram a besta e a sua imagem, e aquele que receber o sinal do seu nome\u201d (Apocalipse). &nbsp; \u00a0 S\u00e9rgio Barbosa (*) &nbsp; &nbsp; Como sempre, as esquinas provincianas continuam em [&hellip;]<\/p>\n","protected":false},"author":13,"featured_media":51988,"comment_status":"closed","ping_status":"open","sticky":false,"template":"","format":"standard","meta":{"_acf_changed":false,"_exactmetrics_skip_tracking":false,"_exactmetrics_sitenote_active":false,"_exactmetrics_sitenote_note":"","_exactmetrics_sitenote_category":0,"footnotes":""},"categories":[59],"tags":[],"class_list":["post-54353","post","type-post","status-publish","format-standard","has-post-thumbnail","hentry","category-opiniao"],"acf":[],"yoast_head":"<!-- This site is optimized with the Yoast SEO plugin v27.2 - https:\/\/yoast.com\/product\/yoast-seo-wordpress\/ -->\n<title>\u201cASPONES\u201d PROVINCIANOS BUSCAM LUGAR AO SOL... - R\u00e1dio Life FM<\/title>\n<meta name=\"robots\" content=\"index, follow, max-snippet:-1, max-image-preview:large, max-video-preview:-1\" \/>\n<link rel=\"canonical\" href=\"https:\/\/radiolifefm.com.br\/noticias\/aspones-provincianos-buscam-lugar-ao-sol\/\" \/>\n<meta property=\"og:locale\" content=\"pt_BR\" \/>\n<meta property=\"og:type\" content=\"article\" \/>\n<meta property=\"og:title\" content=\"\u201cASPONES\u201d PROVINCIANOS BUSCAM LUGAR AO SOL... - R\u00e1dio Life FM\" \/>\n<meta property=\"og:description\" content=\"&nbsp; \u201cE o fumo do seu tormento sobe para todo o sempre; e n\u00e3o tem repouso nem de dia nem de noite os que adoram a besta e a sua imagem, e aquele que receber o sinal do seu nome\u201d (Apocalipse). &nbsp; \u00a0 S\u00e9rgio Barbosa (*) &nbsp; &nbsp; Como sempre, as esquinas provincianas continuam em [&hellip;]\" \/>\n<meta property=\"og:url\" content=\"https:\/\/radiolifefm.com.br\/noticias\/aspones-provincianos-buscam-lugar-ao-sol\/\" \/>\n<meta property=\"og:site_name\" content=\"R\u00e1dio Life FM\" \/>\n<meta property=\"article:publisher\" content=\"https:\/\/www.facebook.com\/radiolifefm\/\" \/>\n<meta property=\"article:published_time\" content=\"2022-06-03T10:56:59+00:00\" \/>\n<meta property=\"article:modified_time\" content=\"2026-02-12T08:16:03+00:00\" \/>\n<meta property=\"og:image\" content=\"https:\/\/radiolifefm.com.br\/noticias\/wp-content\/uploads\/2022\/04\/WhatsApp-Image-2022-04-10-at-18.43.02.jpeg\" \/>\n\t<meta property=\"og:image:width\" content=\"972\" \/>\n\t<meta property=\"og:image:height\" content=\"1296\" \/>\n\t<meta property=\"og:image:type\" content=\"image\/jpeg\" \/>\n<meta name=\"author\" content=\"ritanery\" \/>\n<meta name=\"twitter:card\" content=\"summary_large_image\" \/>\n<meta name=\"twitter:label1\" content=\"Escrito por\" \/>\n\t<meta name=\"twitter:data1\" content=\"ritanery\" \/>\n\t<meta name=\"twitter:label2\" content=\"Est. tempo de leitura\" \/>\n\t<meta name=\"twitter:data2\" content=\"3 minutos\" \/>\n<script type=\"application\/ld+json\" class=\"yoast-schema-graph\">{\"@context\":\"https:\/\/schema.org\",\"@graph\":[{\"@type\":\"Article\",\"@id\":\"https:\/\/radiolifefm.com.br\/noticias\/aspones-provincianos-buscam-lugar-ao-sol\/#article\",\"isPartOf\":{\"@id\":\"https:\/\/radiolifefm.com.br\/noticias\/aspones-provincianos-buscam-lugar-ao-sol\/\"},\"author\":{\"name\":\"ritanery\",\"@id\":\"https:\/\/radiolifefm.com.br\/noticias\/#\/schema\/person\/6339b9fac59d12b071dec680d7375d87\"},\"headline\":\"\u201cASPONES\u201d PROVINCIANOS BUSCAM LUGAR AO SOL&#8230;\",\"datePublished\":\"2022-06-03T10:56:59+00:00\",\"dateModified\":\"2026-02-12T08:16:03+00:00\",\"mainEntityOfPage\":{\"@id\":\"https:\/\/radiolifefm.com.br\/noticias\/aspones-provincianos-buscam-lugar-ao-sol\/\"},\"wordCount\":573,\"publisher\":{\"@id\":\"https:\/\/radiolifefm.com.br\/noticias\/#organization\"},\"image\":{\"@id\":\"https:\/\/radiolifefm.com.br\/noticias\/aspones-provincianos-buscam-lugar-ao-sol\/#primaryimage\"},\"thumbnailUrl\":\"https:\/\/radiolifefm.com.br\/noticias\/wp-content\/uploads\/2022\/04\/WhatsApp-Image-2022-04-10-at-18.43.02.jpeg\",\"articleSection\":[\"Opini\u00e3o\"],\"inLanguage\":\"pt-BR\"},{\"@type\":\"WebPage\",\"@id\":\"https:\/\/radiolifefm.com.br\/noticias\/aspones-provincianos-buscam-lugar-ao-sol\/\",\"url\":\"https:\/\/radiolifefm.com.br\/noticias\/aspones-provincianos-buscam-lugar-ao-sol\/\",\"name\":\"\u201cASPONES\u201d PROVINCIANOS BUSCAM LUGAR AO SOL... - R\u00e1dio Life FM\",\"isPartOf\":{\"@id\":\"https:\/\/radiolifefm.com.br\/noticias\/#website\"},\"primaryImageOfPage\":{\"@id\":\"https:\/\/radiolifefm.com.br\/noticias\/aspones-provincianos-buscam-lugar-ao-sol\/#primaryimage\"},\"image\":{\"@id\":\"https:\/\/radiolifefm.com.br\/noticias\/aspones-provincianos-buscam-lugar-ao-sol\/#primaryimage\"},\"thumbnailUrl\":\"https:\/\/radiolifefm.com.br\/noticias\/wp-content\/uploads\/2022\/04\/WhatsApp-Image-2022-04-10-at-18.43.02.jpeg\",\"datePublished\":\"2022-06-03T10:56:59+00:00\",\"dateModified\":\"2026-02-12T08:16:03+00:00\",\"breadcrumb\":{\"@id\":\"https:\/\/radiolifefm.com.br\/noticias\/aspones-provincianos-buscam-lugar-ao-sol\/#breadcrumb\"},\"inLanguage\":\"pt-BR\",\"potentialAction\":[{\"@type\":\"ReadAction\",\"target\":[\"https:\/\/radiolifefm.com.br\/noticias\/aspones-provincianos-buscam-lugar-ao-sol\/\"]}]},{\"@type\":\"ImageObject\",\"inLanguage\":\"pt-BR\",\"@id\":\"https:\/\/radiolifefm.com.br\/noticias\/aspones-provincianos-buscam-lugar-ao-sol\/#primaryimage\",\"url\":\"https:\/\/radiolifefm.com.br\/noticias\/wp-content\/uploads\/2022\/04\/WhatsApp-Image-2022-04-10-at-18.43.02.jpeg\",\"contentUrl\":\"https:\/\/radiolifefm.com.br\/noticias\/wp-content\/uploads\/2022\/04\/WhatsApp-Image-2022-04-10-at-18.43.02.jpeg\",\"width\":972,\"height\":1296,\"caption\":\"S\u00e9rgio Barbosa\"},{\"@type\":\"BreadcrumbList\",\"@id\":\"https:\/\/radiolifefm.com.br\/noticias\/aspones-provincianos-buscam-lugar-ao-sol\/#breadcrumb\",\"itemListElement\":[{\"@type\":\"ListItem\",\"position\":1,\"name\":\"In\u00edcio\",\"item\":\"https:\/\/radiolifefm.com.br\/noticias\/\"},{\"@type\":\"ListItem\",\"position\":2,\"name\":\"\u201cASPONES\u201d PROVINCIANOS BUSCAM LUGAR AO SOL&#8230;\"}]},{\"@type\":\"WebSite\",\"@id\":\"https:\/\/radiolifefm.com.br\/noticias\/#website\",\"url\":\"https:\/\/radiolifefm.com.br\/noticias\/\",\"name\":\"R\u00e1dio Life FM\",\"description\":\"O Portal de Not\u00edcias de Adamantina\",\"publisher\":{\"@id\":\"https:\/\/radiolifefm.com.br\/noticias\/#organization\"},\"alternateName\":\"Life FM\",\"potentialAction\":[{\"@type\":\"SearchAction\",\"target\":{\"@type\":\"EntryPoint\",\"urlTemplate\":\"https:\/\/radiolifefm.com.br\/noticias\/?s={search_term_string}\"},\"query-input\":{\"@type\":\"PropertyValueSpecification\",\"valueRequired\":true,\"valueName\":\"search_term_string\"}}],\"inLanguage\":\"pt-BR\"},{\"@type\":\"Organization\",\"@id\":\"https:\/\/radiolifefm.com.br\/noticias\/#organization\",\"name\":\"R\u00e1dio Life FM\",\"alternateName\":\"Life FM\",\"url\":\"https:\/\/radiolifefm.com.br\/noticias\/\",\"logo\":{\"@type\":\"ImageObject\",\"inLanguage\":\"pt-BR\",\"@id\":\"https:\/\/radiolifefm.com.br\/noticias\/#\/schema\/logo\/image\/\",\"url\":\"https:\/\/static.radiolifefm.com.br\/noticias\/wp-content\/uploads\/2019\/10\/logo-lifefm.png\",\"contentUrl\":\"https:\/\/static.radiolifefm.com.br\/noticias\/wp-content\/uploads\/2019\/10\/logo-lifefm.png\",\"width\":196,\"height\":47,\"caption\":\"R\u00e1dio Life FM\"},\"image\":{\"@id\":\"https:\/\/radiolifefm.com.br\/noticias\/#\/schema\/logo\/image\/\"},\"sameAs\":[\"https:\/\/www.facebook.com\/radiolifefm\/\",\"https:\/\/www.instagram.com\/life1079fm\/\"]},{\"@type\":\"Person\",\"@id\":\"https:\/\/radiolifefm.com.br\/noticias\/#\/schema\/person\/6339b9fac59d12b071dec680d7375d87\",\"name\":\"ritanery\",\"image\":{\"@type\":\"ImageObject\",\"inLanguage\":\"pt-BR\",\"@id\":\"https:\/\/secure.gravatar.com\/avatar\/0e37bb19071f47c0b8a23f62a903df117c5a0e75f65a0c2901562f97cd41cf86?s=96&d=mm&r=g\",\"url\":\"https:\/\/secure.gravatar.com\/avatar\/0e37bb19071f47c0b8a23f62a903df117c5a0e75f65a0c2901562f97cd41cf86?s=96&d=mm&r=g\",\"contentUrl\":\"https:\/\/secure.gravatar.com\/avatar\/0e37bb19071f47c0b8a23f62a903df117c5a0e75f65a0c2901562f97cd41cf86?s=96&d=mm&r=g\",\"caption\":\"ritanery\"}}]}<\/script>\n<!-- \/ Yoast SEO plugin. -->","yoast_head_json":{"title":"\u201cASPONES\u201d PROVINCIANOS BUSCAM LUGAR AO SOL... - R\u00e1dio Life FM","robots":{"index":"index","follow":"follow","max-snippet":"max-snippet:-1","max-image-preview":"max-image-preview:large","max-video-preview":"max-video-preview:-1"},"canonical":"https:\/\/radiolifefm.com.br\/noticias\/aspones-provincianos-buscam-lugar-ao-sol\/","og_locale":"pt_BR","og_type":"article","og_title":"\u201cASPONES\u201d PROVINCIANOS BUSCAM LUGAR AO SOL... - R\u00e1dio Life FM","og_description":"&nbsp; \u201cE o fumo do seu tormento sobe para todo o sempre; e n\u00e3o tem repouso nem de dia nem de noite os que adoram a besta e a sua imagem, e aquele que receber o sinal do seu nome\u201d (Apocalipse). &nbsp; \u00a0 S\u00e9rgio Barbosa (*) &nbsp; &nbsp; Como sempre, as esquinas provincianas continuam em [&hellip;]","og_url":"https:\/\/radiolifefm.com.br\/noticias\/aspones-provincianos-buscam-lugar-ao-sol\/","og_site_name":"R\u00e1dio Life FM","article_publisher":"https:\/\/www.facebook.com\/radiolifefm\/","article_published_time":"2022-06-03T10:56:59+00:00","article_modified_time":"2026-02-12T08:16:03+00:00","og_image":[{"width":972,"height":1296,"url":"https:\/\/radiolifefm.com.br\/noticias\/wp-content\/uploads\/2022\/04\/WhatsApp-Image-2022-04-10-at-18.43.02.jpeg","type":"image\/jpeg"}],"author":"ritanery","twitter_card":"summary_large_image","twitter_misc":{"Escrito por":"ritanery","Est. tempo de leitura":"3 minutos"},"schema":{"@context":"https:\/\/schema.org","@graph":[{"@type":"Article","@id":"https:\/\/radiolifefm.com.br\/noticias\/aspones-provincianos-buscam-lugar-ao-sol\/#article","isPartOf":{"@id":"https:\/\/radiolifefm.com.br\/noticias\/aspones-provincianos-buscam-lugar-ao-sol\/"},"author":{"name":"ritanery","@id":"https:\/\/radiolifefm.com.br\/noticias\/#\/schema\/person\/6339b9fac59d12b071dec680d7375d87"},"headline":"\u201cASPONES\u201d PROVINCIANOS BUSCAM LUGAR AO SOL&#8230;","datePublished":"2022-06-03T10:56:59+00:00","dateModified":"2026-02-12T08:16:03+00:00","mainEntityOfPage":{"@id":"https:\/\/radiolifefm.com.br\/noticias\/aspones-provincianos-buscam-lugar-ao-sol\/"},"wordCount":573,"publisher":{"@id":"https:\/\/radiolifefm.com.br\/noticias\/#organization"},"image":{"@id":"https:\/\/radiolifefm.com.br\/noticias\/aspones-provincianos-buscam-lugar-ao-sol\/#primaryimage"},"thumbnailUrl":"https:\/\/radiolifefm.com.br\/noticias\/wp-content\/uploads\/2022\/04\/WhatsApp-Image-2022-04-10-at-18.43.02.jpeg","articleSection":["Opini\u00e3o"],"inLanguage":"pt-BR"},{"@type":"WebPage","@id":"https:\/\/radiolifefm.com.br\/noticias\/aspones-provincianos-buscam-lugar-ao-sol\/","url":"https:\/\/radiolifefm.com.br\/noticias\/aspones-provincianos-buscam-lugar-ao-sol\/","name":"\u201cASPONES\u201d PROVINCIANOS BUSCAM LUGAR AO SOL... - R\u00e1dio Life FM","isPartOf":{"@id":"https:\/\/radiolifefm.com.br\/noticias\/#website"},"primaryImageOfPage":{"@id":"https:\/\/radiolifefm.com.br\/noticias\/aspones-provincianos-buscam-lugar-ao-sol\/#primaryimage"},"image":{"@id":"https:\/\/radiolifefm.com.br\/noticias\/aspones-provincianos-buscam-lugar-ao-sol\/#primaryimage"},"thumbnailUrl":"https:\/\/radiolifefm.com.br\/noticias\/wp-content\/uploads\/2022\/04\/WhatsApp-Image-2022-04-10-at-18.43.02.jpeg","datePublished":"2022-06-03T10:56:59+00:00","dateModified":"2026-02-12T08:16:03+00:00","breadcrumb":{"@id":"https:\/\/radiolifefm.com.br\/noticias\/aspones-provincianos-buscam-lugar-ao-sol\/#breadcrumb"},"inLanguage":"pt-BR","potentialAction":[{"@type":"ReadAction","target":["https:\/\/radiolifefm.com.br\/noticias\/aspones-provincianos-buscam-lugar-ao-sol\/"]}]},{"@type":"ImageObject","inLanguage":"pt-BR","@id":"https:\/\/radiolifefm.com.br\/noticias\/aspones-provincianos-buscam-lugar-ao-sol\/#primaryimage","url":"https:\/\/radiolifefm.com.br\/noticias\/wp-content\/uploads\/2022\/04\/WhatsApp-Image-2022-04-10-at-18.43.02.jpeg","contentUrl":"https:\/\/radiolifefm.com.br\/noticias\/wp-content\/uploads\/2022\/04\/WhatsApp-Image-2022-04-10-at-18.43.02.jpeg","width":972,"height":1296,"caption":"S\u00e9rgio Barbosa"},{"@type":"BreadcrumbList","@id":"https:\/\/radiolifefm.com.br\/noticias\/aspones-provincianos-buscam-lugar-ao-sol\/#breadcrumb","itemListElement":[{"@type":"ListItem","position":1,"name":"In\u00edcio","item":"https:\/\/radiolifefm.com.br\/noticias\/"},{"@type":"ListItem","position":2,"name":"\u201cASPONES\u201d PROVINCIANOS BUSCAM LUGAR AO SOL&#8230;"}]},{"@type":"WebSite","@id":"https:\/\/radiolifefm.com.br\/noticias\/#website","url":"https:\/\/radiolifefm.com.br\/noticias\/","name":"R\u00e1dio Life FM","description":"O Portal de Not\u00edcias de Adamantina","publisher":{"@id":"https:\/\/radiolifefm.com.br\/noticias\/#organization"},"alternateName":"Life FM","potentialAction":[{"@type":"SearchAction","target":{"@type":"EntryPoint","urlTemplate":"https:\/\/radiolifefm.com.br\/noticias\/?s={search_term_string}"},"query-input":{"@type":"PropertyValueSpecification","valueRequired":true,"valueName":"search_term_string"}}],"inLanguage":"pt-BR"},{"@type":"Organization","@id":"https:\/\/radiolifefm.com.br\/noticias\/#organization","name":"R\u00e1dio Life FM","alternateName":"Life FM","url":"https:\/\/radiolifefm.com.br\/noticias\/","logo":{"@type":"ImageObject","inLanguage":"pt-BR","@id":"https:\/\/radiolifefm.com.br\/noticias\/#\/schema\/logo\/image\/","url":"https:\/\/static.radiolifefm.com.br\/noticias\/wp-content\/uploads\/2019\/10\/logo-lifefm.png","contentUrl":"https:\/\/static.radiolifefm.com.br\/noticias\/wp-content\/uploads\/2019\/10\/logo-lifefm.png","width":196,"height":47,"caption":"R\u00e1dio Life FM"},"image":{"@id":"https:\/\/radiolifefm.com.br\/noticias\/#\/schema\/logo\/image\/"},"sameAs":["https:\/\/www.facebook.com\/radiolifefm\/","https:\/\/www.instagram.com\/life1079fm\/"]},{"@type":"Person","@id":"https:\/\/radiolifefm.com.br\/noticias\/#\/schema\/person\/6339b9fac59d12b071dec680d7375d87","name":"ritanery","image":{"@type":"ImageObject","inLanguage":"pt-BR","@id":"https:\/\/secure.gravatar.com\/avatar\/0e37bb19071f47c0b8a23f62a903df117c5a0e75f65a0c2901562f97cd41cf86?s=96&d=mm&r=g","url":"https:\/\/secure.gravatar.com\/avatar\/0e37bb19071f47c0b8a23f62a903df117c5a0e75f65a0c2901562f97cd41cf86?s=96&d=mm&r=g","contentUrl":"https:\/\/secure.gravatar.com\/avatar\/0e37bb19071f47c0b8a23f62a903df117c5a0e75f65a0c2901562f97cd41cf86?s=96&d=mm&r=g","caption":"ritanery"}}]}},"amp_enabled":true,"_links":{"self":[{"href":"https:\/\/radiolifefm.com.br\/noticias\/wp-json\/wp\/v2\/posts\/54353","targetHints":{"allow":["GET"]}}],"collection":[{"href":"https:\/\/radiolifefm.com.br\/noticias\/wp-json\/wp\/v2\/posts"}],"about":[{"href":"https:\/\/radiolifefm.com.br\/noticias\/wp-json\/wp\/v2\/types\/post"}],"author":[{"embeddable":true,"href":"https:\/\/radiolifefm.com.br\/noticias\/wp-json\/wp\/v2\/users\/13"}],"replies":[{"embeddable":true,"href":"https:\/\/radiolifefm.com.br\/noticias\/wp-json\/wp\/v2\/comments?post=54353"}],"version-history":[{"count":1,"href":"https:\/\/radiolifefm.com.br\/noticias\/wp-json\/wp\/v2\/posts\/54353\/revisions"}],"predecessor-version":[{"id":54354,"href":"https:\/\/radiolifefm.com.br\/noticias\/wp-json\/wp\/v2\/posts\/54353\/revisions\/54354"}],"wp:featuredmedia":[{"embeddable":true,"href":"https:\/\/radiolifefm.com.br\/noticias\/wp-json\/wp\/v2\/media\/51988"}],"wp:attachment":[{"href":"https:\/\/radiolifefm.com.br\/noticias\/wp-json\/wp\/v2\/media?parent=54353"}],"wp:term":[{"taxonomy":"category","embeddable":true,"href":"https:\/\/radiolifefm.com.br\/noticias\/wp-json\/wp\/v2\/categories?post=54353"},{"taxonomy":"post_tag","embeddable":true,"href":"https:\/\/radiolifefm.com.br\/noticias\/wp-json\/wp\/v2\/tags?post=54353"}],"curies":[{"name":"wp","href":"https:\/\/api.w.org\/{rel}","templated":true}]}}