{"id":54339,"date":"2022-06-02T14:49:03","date_gmt":"2022-06-02T17:49:03","guid":{"rendered":"https:\/\/radiolifefm.com.br\/noticias\/?p=54339"},"modified":"2026-04-24T05:45:15","modified_gmt":"2026-04-24T08:45:15","slug":"workshop-nesta-quinta-feira-2-ensina-tecnicas-de-marketing-sensorial-em-estimulo-as-vendas","status":"publish","type":"post","link":"https:\/\/radiolifefm.com.br\/noticias\/workshop-nesta-quinta-feira-2-ensina-tecnicas-de-marketing-sensorial-em-estimulo-as-vendas\/","title":{"rendered":"Workshop nesta quinta-feira (2) ensina t\u00e9cnicas de marketing sensorial em est\u00edmulo \u00e0s vendas"},"content":{"rendered":"<div id=\"fb-root\"><\/div>\n<p>A alta competitividade nos neg\u00f3cios \u2013 sobretudo no ambiente de venda varejista de balc\u00e3o \u2013 e o comportamento cada vez mais exigente do consumidor, criam a necessidade de empres\u00e1rios e equipes sa\u00edrem do lugar comum em busca de novas formas de abordagem e relacionamento como cliente. A miss\u00e3o imediata \u00e9 conquist\u00e1-los para converter a visita ao espa\u00e7o em vendas, e mais do que isso, criar uma rela\u00e7\u00e3o duradoura, que satisfa\u00e7a as necessidades materiais e de bem estar do consumidor.<\/p>\n<p><img loading=\"lazy\" decoding=\"async\" src=\"https:\/\/www.sigamais.com\/arquivo\/uploads\/whatsapp-image-20220531-at-125628jpg16541735256298af55eb88d.jpg\" alt=\"\" width=\"540\" height=\"540\" \/><\/p>\n<p>Uma das ferramentas atuais e inovadoras na \u00e1rea de merchandising \u00e9 o marketing sensorial, ou marketing de experi\u00eancia. A estrat\u00e9gia poder\u00e1 ser conhecida na noite desta quinta-feira (2) pelo p\u00fablico de Adamantina e regi\u00e3o, em um workshop sobre o tema. A din\u00e2mica pr\u00e1tica vai compartilhar t\u00e9cnicas sobre como criar v\u00ednculos e cativar o consumidor por meio da provoca\u00e7\u00e3o dos cinco \u00a0sentidos \u2013 vis\u00e3o, olfato, paladar, audi\u00e7\u00e3o e tato \u2013 e assim estabelecer \u00a0uma atmosfera prop\u00edcia para as vendas.<\/p>\n<p>O workshop de marketing sensorial ser\u00e1 conduzida pelos estudantes Susy Akemi, Jos\u00e9 Andr\u00e9 Rio e Murilo Busto, alunos do quarto termo do curso de gest\u00e3o comercial da Faculdade de Tecnologia (FATEC) de Adamantina.<\/p>\n<p>A atividade tem cerca de uma hora de dura\u00e7\u00e3o e entrada franca. Para participar o interessado pode fazer sua inscri\u00e7\u00e3o pr\u00e9via <a href=\"https:\/\/forms.office.com\/pages\/responsepage.aspx?id=DQSIkWdsW0yxEjajBLZtrQAAAAAAAAAAAAa__ao2vy5UMkhYRkVKSEFJWDFBTE9JSjNJVDZLME1ROC4u\" target=\"_blank\" rel=\"noopener\"><strong>(link para inscri\u00e7\u00e3o)<\/strong><\/a>. A atividade \u00e9 dirigida a empres\u00e1rios, propriet\u00e1rios de lojas no varejo ou pessoas interessadas no tema.<\/p>\n<p>No workshop, os tr\u00eas palestrantes ir\u00e3o compartilhar suas experi\u00eancias vivenciadas em seus respectivos campos de atua\u00e7\u00e3o profissional, somadas os conte\u00fados compartilhados no curso t\u00e9cnico em gest\u00e3o comercial da FATEC Adamantina, especialmente na disciplina de promo\u00e7\u00e3o e merchandising.<\/p>\n<p>Quem n\u00e3o puder fazer a inscri\u00e7\u00e3o pelo link ser\u00e1 poss\u00edvel preencher uma lista na recep\u00e7\u00e3o do anfiteatro. Haver\u00e1 emiss\u00e3o de certificado de participa\u00e7\u00e3o, pela institui\u00e7\u00e3o de ensino. Para mais informa\u00e7\u00f5es: cel. (18) 99645 3612, com Jos\u00e9 Andr\u00e9 Rio.<\/p>\n<p>&nbsp;<\/p>\n<p>Fonte: Siga Mais<\/p>\n","protected":false},"excerpt":{"rendered":"<p>A alta competitividade nos neg\u00f3cios \u2013 sobretudo no ambiente de venda varejista de balc\u00e3o \u2013 e o comportamento cada vez mais exigente do consumidor, criam a necessidade de empres\u00e1rios e equipes sa\u00edrem do lugar comum em busca de novas formas de abordagem e relacionamento como cliente. A miss\u00e3o imediata \u00e9 conquist\u00e1-los para converter a visita [&hellip;]<\/p>\n","protected":false},"author":13,"featured_media":54340,"comment_status":"closed","ping_status":"open","sticky":false,"template":"","format":"standard","meta":{"_acf_changed":false,"_exactmetrics_skip_tracking":false,"_exactmetrics_sitenote_active":false,"_exactmetrics_sitenote_note":"","_exactmetrics_sitenote_category":0,"footnotes":""},"categories":[21],"tags":[],"class_list":["post-54339","post","type-post","status-publish","format-standard","has-post-thumbnail","hentry","category-adamantina"],"acf":[],"yoast_head":"<!-- This site is optimized with the Yoast SEO plugin v27.2 - https:\/\/yoast.com\/product\/yoast-seo-wordpress\/ -->\n<title>Workshop nesta quinta-feira (2) ensina t\u00e9cnicas de marketing sensorial em est\u00edmulo \u00e0s vendas - R\u00e1dio Life FM<\/title>\n<meta name=\"robots\" content=\"index, follow, max-snippet:-1, max-image-preview:large, max-video-preview:-1\" \/>\n<link rel=\"canonical\" href=\"https:\/\/radiolifefm.com.br\/noticias\/workshop-nesta-quinta-feira-2-ensina-tecnicas-de-marketing-sensorial-em-estimulo-as-vendas\/\" \/>\n<meta property=\"og:locale\" content=\"pt_BR\" \/>\n<meta property=\"og:type\" content=\"article\" \/>\n<meta property=\"og:title\" content=\"Workshop nesta quinta-feira (2) ensina t\u00e9cnicas de marketing sensorial em est\u00edmulo \u00e0s vendas - R\u00e1dio Life FM\" \/>\n<meta property=\"og:description\" content=\"A alta competitividade nos neg\u00f3cios \u2013 sobretudo no ambiente de venda varejista de balc\u00e3o \u2013 e o comportamento cada vez mais exigente do consumidor, criam a necessidade de empres\u00e1rios e equipes sa\u00edrem do lugar comum em busca de novas formas de abordagem e relacionamento como cliente. A miss\u00e3o imediata \u00e9 conquist\u00e1-los para converter a visita [&hellip;]\" \/>\n<meta property=\"og:url\" content=\"https:\/\/radiolifefm.com.br\/noticias\/workshop-nesta-quinta-feira-2-ensina-tecnicas-de-marketing-sensorial-em-estimulo-as-vendas\/\" \/>\n<meta property=\"og:site_name\" content=\"R\u00e1dio Life FM\" \/>\n<meta property=\"article:publisher\" content=\"https:\/\/www.facebook.com\/radiolifefm\/\" \/>\n<meta property=\"article:published_time\" content=\"2022-06-02T17:49:03+00:00\" \/>\n<meta property=\"article:modified_time\" content=\"2026-04-24T08:45:15+00:00\" \/>\n<meta property=\"og:image\" content=\"https:\/\/radiolifefm.com.br\/noticias\/wp-content\/uploads\/2022\/06\/triojpg16541742376298b21d412ae.jpg\" \/>\n\t<meta property=\"og:image:width\" content=\"600\" \/>\n\t<meta property=\"og:image:height\" content=\"337\" \/>\n\t<meta property=\"og:image:type\" content=\"image\/jpeg\" \/>\n<meta name=\"author\" content=\"ritanery\" \/>\n<meta name=\"twitter:card\" content=\"summary_large_image\" \/>\n<meta name=\"twitter:label1\" content=\"Escrito por\" \/>\n\t<meta name=\"twitter:data1\" content=\"ritanery\" \/>\n\t<meta name=\"twitter:label2\" content=\"Est. tempo de leitura\" \/>\n\t<meta name=\"twitter:data2\" content=\"2 minutos\" \/>\n<script type=\"application\/ld+json\" class=\"yoast-schema-graph\">{\"@context\":\"https:\/\/schema.org\",\"@graph\":[{\"@type\":\"Article\",\"@id\":\"https:\/\/radiolifefm.com.br\/noticias\/workshop-nesta-quinta-feira-2-ensina-tecnicas-de-marketing-sensorial-em-estimulo-as-vendas\/#article\",\"isPartOf\":{\"@id\":\"https:\/\/radiolifefm.com.br\/noticias\/workshop-nesta-quinta-feira-2-ensina-tecnicas-de-marketing-sensorial-em-estimulo-as-vendas\/\"},\"author\":{\"name\":\"ritanery\",\"@id\":\"https:\/\/radiolifefm.com.br\/noticias\/#\/schema\/person\/6339b9fac59d12b071dec680d7375d87\"},\"headline\":\"Workshop nesta quinta-feira (2) ensina t\u00e9cnicas de marketing sensorial em est\u00edmulo \u00e0s vendas\",\"datePublished\":\"2022-06-02T17:49:03+00:00\",\"dateModified\":\"2026-04-24T08:45:15+00:00\",\"mainEntityOfPage\":{\"@id\":\"https:\/\/radiolifefm.com.br\/noticias\/workshop-nesta-quinta-feira-2-ensina-tecnicas-de-marketing-sensorial-em-estimulo-as-vendas\/\"},\"wordCount\":356,\"publisher\":{\"@id\":\"https:\/\/radiolifefm.com.br\/noticias\/#organization\"},\"image\":{\"@id\":\"https:\/\/radiolifefm.com.br\/noticias\/workshop-nesta-quinta-feira-2-ensina-tecnicas-de-marketing-sensorial-em-estimulo-as-vendas\/#primaryimage\"},\"thumbnailUrl\":\"https:\/\/radiolifefm.com.br\/noticias\/wp-content\/uploads\/2022\/06\/triojpg16541742376298b21d412ae.jpg\",\"articleSection\":[\"Adamantina\"],\"inLanguage\":\"pt-BR\"},{\"@type\":\"WebPage\",\"@id\":\"https:\/\/radiolifefm.com.br\/noticias\/workshop-nesta-quinta-feira-2-ensina-tecnicas-de-marketing-sensorial-em-estimulo-as-vendas\/\",\"url\":\"https:\/\/radiolifefm.com.br\/noticias\/workshop-nesta-quinta-feira-2-ensina-tecnicas-de-marketing-sensorial-em-estimulo-as-vendas\/\",\"name\":\"Workshop nesta quinta-feira (2) ensina t\u00e9cnicas de marketing sensorial em est\u00edmulo \u00e0s vendas - R\u00e1dio Life FM\",\"isPartOf\":{\"@id\":\"https:\/\/radiolifefm.com.br\/noticias\/#website\"},\"primaryImageOfPage\":{\"@id\":\"https:\/\/radiolifefm.com.br\/noticias\/workshop-nesta-quinta-feira-2-ensina-tecnicas-de-marketing-sensorial-em-estimulo-as-vendas\/#primaryimage\"},\"image\":{\"@id\":\"https:\/\/radiolifefm.com.br\/noticias\/workshop-nesta-quinta-feira-2-ensina-tecnicas-de-marketing-sensorial-em-estimulo-as-vendas\/#primaryimage\"},\"thumbnailUrl\":\"https:\/\/radiolifefm.com.br\/noticias\/wp-content\/uploads\/2022\/06\/triojpg16541742376298b21d412ae.jpg\",\"datePublished\":\"2022-06-02T17:49:03+00:00\",\"dateModified\":\"2026-04-24T08:45:15+00:00\",\"breadcrumb\":{\"@id\":\"https:\/\/radiolifefm.com.br\/noticias\/workshop-nesta-quinta-feira-2-ensina-tecnicas-de-marketing-sensorial-em-estimulo-as-vendas\/#breadcrumb\"},\"inLanguage\":\"pt-BR\",\"potentialAction\":[{\"@type\":\"ReadAction\",\"target\":[\"https:\/\/radiolifefm.com.br\/noticias\/workshop-nesta-quinta-feira-2-ensina-tecnicas-de-marketing-sensorial-em-estimulo-as-vendas\/\"]}]},{\"@type\":\"ImageObject\",\"inLanguage\":\"pt-BR\",\"@id\":\"https:\/\/radiolifefm.com.br\/noticias\/workshop-nesta-quinta-feira-2-ensina-tecnicas-de-marketing-sensorial-em-estimulo-as-vendas\/#primaryimage\",\"url\":\"https:\/\/radiolifefm.com.br\/noticias\/wp-content\/uploads\/2022\/06\/triojpg16541742376298b21d412ae.jpg\",\"contentUrl\":\"https:\/\/radiolifefm.com.br\/noticias\/wp-content\/uploads\/2022\/06\/triojpg16541742376298b21d412ae.jpg\",\"width\":600,\"height\":337,\"caption\":\"Murilo Busto, Susy Akemi e Jos\u00e9 Andr\u00e9 Rio ir\u00e3o conduzir o workshop de marketing sensorial\"},{\"@type\":\"BreadcrumbList\",\"@id\":\"https:\/\/radiolifefm.com.br\/noticias\/workshop-nesta-quinta-feira-2-ensina-tecnicas-de-marketing-sensorial-em-estimulo-as-vendas\/#breadcrumb\",\"itemListElement\":[{\"@type\":\"ListItem\",\"position\":1,\"name\":\"In\u00edcio\",\"item\":\"https:\/\/radiolifefm.com.br\/noticias\/\"},{\"@type\":\"ListItem\",\"position\":2,\"name\":\"Workshop nesta quinta-feira (2) ensina t\u00e9cnicas de marketing sensorial em est\u00edmulo \u00e0s vendas\"}]},{\"@type\":\"WebSite\",\"@id\":\"https:\/\/radiolifefm.com.br\/noticias\/#website\",\"url\":\"https:\/\/radiolifefm.com.br\/noticias\/\",\"name\":\"R\u00e1dio Life FM\",\"description\":\"O Portal de Not\u00edcias de Adamantina\",\"publisher\":{\"@id\":\"https:\/\/radiolifefm.com.br\/noticias\/#organization\"},\"alternateName\":\"Life FM\",\"potentialAction\":[{\"@type\":\"SearchAction\",\"target\":{\"@type\":\"EntryPoint\",\"urlTemplate\":\"https:\/\/radiolifefm.com.br\/noticias\/?s={search_term_string}\"},\"query-input\":{\"@type\":\"PropertyValueSpecification\",\"valueRequired\":true,\"valueName\":\"search_term_string\"}}],\"inLanguage\":\"pt-BR\"},{\"@type\":\"Organization\",\"@id\":\"https:\/\/radiolifefm.com.br\/noticias\/#organization\",\"name\":\"R\u00e1dio Life FM\",\"alternateName\":\"Life FM\",\"url\":\"https:\/\/radiolifefm.com.br\/noticias\/\",\"logo\":{\"@type\":\"ImageObject\",\"inLanguage\":\"pt-BR\",\"@id\":\"https:\/\/radiolifefm.com.br\/noticias\/#\/schema\/logo\/image\/\",\"url\":\"https:\/\/static.radiolifefm.com.br\/noticias\/wp-content\/uploads\/2019\/10\/logo-lifefm.png\",\"contentUrl\":\"https:\/\/static.radiolifefm.com.br\/noticias\/wp-content\/uploads\/2019\/10\/logo-lifefm.png\",\"width\":196,\"height\":47,\"caption\":\"R\u00e1dio Life FM\"},\"image\":{\"@id\":\"https:\/\/radiolifefm.com.br\/noticias\/#\/schema\/logo\/image\/\"},\"sameAs\":[\"https:\/\/www.facebook.com\/radiolifefm\/\",\"https:\/\/www.instagram.com\/life1079fm\/\"]},{\"@type\":\"Person\",\"@id\":\"https:\/\/radiolifefm.com.br\/noticias\/#\/schema\/person\/6339b9fac59d12b071dec680d7375d87\",\"name\":\"ritanery\",\"image\":{\"@type\":\"ImageObject\",\"inLanguage\":\"pt-BR\",\"@id\":\"https:\/\/secure.gravatar.com\/avatar\/0e37bb19071f47c0b8a23f62a903df117c5a0e75f65a0c2901562f97cd41cf86?s=96&d=mm&r=g\",\"url\":\"https:\/\/secure.gravatar.com\/avatar\/0e37bb19071f47c0b8a23f62a903df117c5a0e75f65a0c2901562f97cd41cf86?s=96&d=mm&r=g\",\"contentUrl\":\"https:\/\/secure.gravatar.com\/avatar\/0e37bb19071f47c0b8a23f62a903df117c5a0e75f65a0c2901562f97cd41cf86?s=96&d=mm&r=g\",\"caption\":\"ritanery\"}}]}<\/script>\n<!-- \/ Yoast SEO plugin. -->","yoast_head_json":{"title":"Workshop nesta quinta-feira (2) ensina t\u00e9cnicas de marketing sensorial em est\u00edmulo \u00e0s vendas - R\u00e1dio Life FM","robots":{"index":"index","follow":"follow","max-snippet":"max-snippet:-1","max-image-preview":"max-image-preview:large","max-video-preview":"max-video-preview:-1"},"canonical":"https:\/\/radiolifefm.com.br\/noticias\/workshop-nesta-quinta-feira-2-ensina-tecnicas-de-marketing-sensorial-em-estimulo-as-vendas\/","og_locale":"pt_BR","og_type":"article","og_title":"Workshop nesta quinta-feira (2) ensina t\u00e9cnicas de marketing sensorial em est\u00edmulo \u00e0s vendas - R\u00e1dio Life FM","og_description":"A alta competitividade nos neg\u00f3cios \u2013 sobretudo no ambiente de venda varejista de balc\u00e3o \u2013 e o comportamento cada vez mais exigente do consumidor, criam a necessidade de empres\u00e1rios e equipes sa\u00edrem do lugar comum em busca de novas formas de abordagem e relacionamento como cliente. A miss\u00e3o imediata \u00e9 conquist\u00e1-los para converter a visita [&hellip;]","og_url":"https:\/\/radiolifefm.com.br\/noticias\/workshop-nesta-quinta-feira-2-ensina-tecnicas-de-marketing-sensorial-em-estimulo-as-vendas\/","og_site_name":"R\u00e1dio Life FM","article_publisher":"https:\/\/www.facebook.com\/radiolifefm\/","article_published_time":"2022-06-02T17:49:03+00:00","article_modified_time":"2026-04-24T08:45:15+00:00","og_image":[{"width":600,"height":337,"url":"https:\/\/radiolifefm.com.br\/noticias\/wp-content\/uploads\/2022\/06\/triojpg16541742376298b21d412ae.jpg","type":"image\/jpeg"}],"author":"ritanery","twitter_card":"summary_large_image","twitter_misc":{"Escrito por":"ritanery","Est. tempo de leitura":"2 minutos"},"schema":{"@context":"https:\/\/schema.org","@graph":[{"@type":"Article","@id":"https:\/\/radiolifefm.com.br\/noticias\/workshop-nesta-quinta-feira-2-ensina-tecnicas-de-marketing-sensorial-em-estimulo-as-vendas\/#article","isPartOf":{"@id":"https:\/\/radiolifefm.com.br\/noticias\/workshop-nesta-quinta-feira-2-ensina-tecnicas-de-marketing-sensorial-em-estimulo-as-vendas\/"},"author":{"name":"ritanery","@id":"https:\/\/radiolifefm.com.br\/noticias\/#\/schema\/person\/6339b9fac59d12b071dec680d7375d87"},"headline":"Workshop nesta quinta-feira (2) ensina t\u00e9cnicas de marketing sensorial em est\u00edmulo \u00e0s vendas","datePublished":"2022-06-02T17:49:03+00:00","dateModified":"2026-04-24T08:45:15+00:00","mainEntityOfPage":{"@id":"https:\/\/radiolifefm.com.br\/noticias\/workshop-nesta-quinta-feira-2-ensina-tecnicas-de-marketing-sensorial-em-estimulo-as-vendas\/"},"wordCount":356,"publisher":{"@id":"https:\/\/radiolifefm.com.br\/noticias\/#organization"},"image":{"@id":"https:\/\/radiolifefm.com.br\/noticias\/workshop-nesta-quinta-feira-2-ensina-tecnicas-de-marketing-sensorial-em-estimulo-as-vendas\/#primaryimage"},"thumbnailUrl":"https:\/\/radiolifefm.com.br\/noticias\/wp-content\/uploads\/2022\/06\/triojpg16541742376298b21d412ae.jpg","articleSection":["Adamantina"],"inLanguage":"pt-BR"},{"@type":"WebPage","@id":"https:\/\/radiolifefm.com.br\/noticias\/workshop-nesta-quinta-feira-2-ensina-tecnicas-de-marketing-sensorial-em-estimulo-as-vendas\/","url":"https:\/\/radiolifefm.com.br\/noticias\/workshop-nesta-quinta-feira-2-ensina-tecnicas-de-marketing-sensorial-em-estimulo-as-vendas\/","name":"Workshop nesta quinta-feira (2) ensina t\u00e9cnicas de marketing sensorial em est\u00edmulo \u00e0s vendas - R\u00e1dio Life FM","isPartOf":{"@id":"https:\/\/radiolifefm.com.br\/noticias\/#website"},"primaryImageOfPage":{"@id":"https:\/\/radiolifefm.com.br\/noticias\/workshop-nesta-quinta-feira-2-ensina-tecnicas-de-marketing-sensorial-em-estimulo-as-vendas\/#primaryimage"},"image":{"@id":"https:\/\/radiolifefm.com.br\/noticias\/workshop-nesta-quinta-feira-2-ensina-tecnicas-de-marketing-sensorial-em-estimulo-as-vendas\/#primaryimage"},"thumbnailUrl":"https:\/\/radiolifefm.com.br\/noticias\/wp-content\/uploads\/2022\/06\/triojpg16541742376298b21d412ae.jpg","datePublished":"2022-06-02T17:49:03+00:00","dateModified":"2026-04-24T08:45:15+00:00","breadcrumb":{"@id":"https:\/\/radiolifefm.com.br\/noticias\/workshop-nesta-quinta-feira-2-ensina-tecnicas-de-marketing-sensorial-em-estimulo-as-vendas\/#breadcrumb"},"inLanguage":"pt-BR","potentialAction":[{"@type":"ReadAction","target":["https:\/\/radiolifefm.com.br\/noticias\/workshop-nesta-quinta-feira-2-ensina-tecnicas-de-marketing-sensorial-em-estimulo-as-vendas\/"]}]},{"@type":"ImageObject","inLanguage":"pt-BR","@id":"https:\/\/radiolifefm.com.br\/noticias\/workshop-nesta-quinta-feira-2-ensina-tecnicas-de-marketing-sensorial-em-estimulo-as-vendas\/#primaryimage","url":"https:\/\/radiolifefm.com.br\/noticias\/wp-content\/uploads\/2022\/06\/triojpg16541742376298b21d412ae.jpg","contentUrl":"https:\/\/radiolifefm.com.br\/noticias\/wp-content\/uploads\/2022\/06\/triojpg16541742376298b21d412ae.jpg","width":600,"height":337,"caption":"Murilo Busto, Susy Akemi e Jos\u00e9 Andr\u00e9 Rio ir\u00e3o conduzir o workshop de marketing sensorial"},{"@type":"BreadcrumbList","@id":"https:\/\/radiolifefm.com.br\/noticias\/workshop-nesta-quinta-feira-2-ensina-tecnicas-de-marketing-sensorial-em-estimulo-as-vendas\/#breadcrumb","itemListElement":[{"@type":"ListItem","position":1,"name":"In\u00edcio","item":"https:\/\/radiolifefm.com.br\/noticias\/"},{"@type":"ListItem","position":2,"name":"Workshop nesta quinta-feira (2) ensina t\u00e9cnicas de marketing sensorial em est\u00edmulo \u00e0s vendas"}]},{"@type":"WebSite","@id":"https:\/\/radiolifefm.com.br\/noticias\/#website","url":"https:\/\/radiolifefm.com.br\/noticias\/","name":"R\u00e1dio Life FM","description":"O Portal de Not\u00edcias de Adamantina","publisher":{"@id":"https:\/\/radiolifefm.com.br\/noticias\/#organization"},"alternateName":"Life FM","potentialAction":[{"@type":"SearchAction","target":{"@type":"EntryPoint","urlTemplate":"https:\/\/radiolifefm.com.br\/noticias\/?s={search_term_string}"},"query-input":{"@type":"PropertyValueSpecification","valueRequired":true,"valueName":"search_term_string"}}],"inLanguage":"pt-BR"},{"@type":"Organization","@id":"https:\/\/radiolifefm.com.br\/noticias\/#organization","name":"R\u00e1dio Life FM","alternateName":"Life FM","url":"https:\/\/radiolifefm.com.br\/noticias\/","logo":{"@type":"ImageObject","inLanguage":"pt-BR","@id":"https:\/\/radiolifefm.com.br\/noticias\/#\/schema\/logo\/image\/","url":"https:\/\/static.radiolifefm.com.br\/noticias\/wp-content\/uploads\/2019\/10\/logo-lifefm.png","contentUrl":"https:\/\/static.radiolifefm.com.br\/noticias\/wp-content\/uploads\/2019\/10\/logo-lifefm.png","width":196,"height":47,"caption":"R\u00e1dio Life FM"},"image":{"@id":"https:\/\/radiolifefm.com.br\/noticias\/#\/schema\/logo\/image\/"},"sameAs":["https:\/\/www.facebook.com\/radiolifefm\/","https:\/\/www.instagram.com\/life1079fm\/"]},{"@type":"Person","@id":"https:\/\/radiolifefm.com.br\/noticias\/#\/schema\/person\/6339b9fac59d12b071dec680d7375d87","name":"ritanery","image":{"@type":"ImageObject","inLanguage":"pt-BR","@id":"https:\/\/secure.gravatar.com\/avatar\/0e37bb19071f47c0b8a23f62a903df117c5a0e75f65a0c2901562f97cd41cf86?s=96&d=mm&r=g","url":"https:\/\/secure.gravatar.com\/avatar\/0e37bb19071f47c0b8a23f62a903df117c5a0e75f65a0c2901562f97cd41cf86?s=96&d=mm&r=g","contentUrl":"https:\/\/secure.gravatar.com\/avatar\/0e37bb19071f47c0b8a23f62a903df117c5a0e75f65a0c2901562f97cd41cf86?s=96&d=mm&r=g","caption":"ritanery"}}]}},"amp_enabled":true,"_links":{"self":[{"href":"https:\/\/radiolifefm.com.br\/noticias\/wp-json\/wp\/v2\/posts\/54339","targetHints":{"allow":["GET"]}}],"collection":[{"href":"https:\/\/radiolifefm.com.br\/noticias\/wp-json\/wp\/v2\/posts"}],"about":[{"href":"https:\/\/radiolifefm.com.br\/noticias\/wp-json\/wp\/v2\/types\/post"}],"author":[{"embeddable":true,"href":"https:\/\/radiolifefm.com.br\/noticias\/wp-json\/wp\/v2\/users\/13"}],"replies":[{"embeddable":true,"href":"https:\/\/radiolifefm.com.br\/noticias\/wp-json\/wp\/v2\/comments?post=54339"}],"version-history":[{"count":1,"href":"https:\/\/radiolifefm.com.br\/noticias\/wp-json\/wp\/v2\/posts\/54339\/revisions"}],"predecessor-version":[{"id":54341,"href":"https:\/\/radiolifefm.com.br\/noticias\/wp-json\/wp\/v2\/posts\/54339\/revisions\/54341"}],"wp:featuredmedia":[{"embeddable":true,"href":"https:\/\/radiolifefm.com.br\/noticias\/wp-json\/wp\/v2\/media\/54340"}],"wp:attachment":[{"href":"https:\/\/radiolifefm.com.br\/noticias\/wp-json\/wp\/v2\/media?parent=54339"}],"wp:term":[{"taxonomy":"category","embeddable":true,"href":"https:\/\/radiolifefm.com.br\/noticias\/wp-json\/wp\/v2\/categories?post=54339"},{"taxonomy":"post_tag","embeddable":true,"href":"https:\/\/radiolifefm.com.br\/noticias\/wp-json\/wp\/v2\/tags?post=54339"}],"curies":[{"name":"wp","href":"https:\/\/api.w.org\/{rel}","templated":true}]}}