{"id":54290,"date":"2022-06-01T16:45:36","date_gmt":"2022-06-01T19:45:36","guid":{"rendered":"https:\/\/radiolifefm.com.br\/noticias\/?p=54290"},"modified":"2025-10-04T16:51:31","modified_gmt":"2025-10-04T19:51:31","slug":"programa-bolsa-trabalho-abre-80-vagas-em-adamantina","status":"publish","type":"post","link":"https:\/\/radiolifefm.com.br\/noticias\/programa-bolsa-trabalho-abre-80-vagas-em-adamantina\/","title":{"rendered":"Programa Bolsa-Trabalho abre 80 vagas em Adamantina"},"content":{"rendered":"<div id=\"fb-root\"><\/div>\n<p style=\"font-weight: 400\">A Prefeitura de Adamantina, por meio da Secretaria de Desenvolvimento Econ\u00f4mico, informa que est\u00e3o abertas as inscri\u00e7\u00f5es para o Programa\u00a0Bolsa-Trabalho, uma iniciativa do Governo do Estado de S\u00e3o Paulo em parceria com os munic\u00edpios cadastrados, que consiste na destina\u00e7\u00e3o de\u00a0bolsas\u00a0para a popula\u00e7\u00e3o desempregada. Ao todo foram disponibilizadas para o munic\u00edpio 80 vagas.<\/p>\n<p style=\"font-weight: 400\">As inscri\u00e7\u00f5es dever\u00e3o ser realizadas at\u00e9 o dia 17 de junho por meio do portal\u00a0<a href=\"http:\/\/www.bolsadopovo.sp.gov.br\/\" data-saferedirecturl=\"https:\/\/www.google.com\/url?q=http:\/\/www.bolsadopovo.sp.gov.br\/&amp;source=gmail&amp;ust=1654197917140000&amp;usg=AOvVaw3RrUS0lyfE0PwtJvflj3eR\">www.bolsadopovo.sp.gov.br<\/a>. O programa concede\u00a0bolsa-aux\u00edlio de R$450,00 e cesta b\u00e1sica, na quantia de R$90,00 totalizando o valor de R$ 540,00 pelo per\u00edodo de 5 meses.<\/p>\n<p style=\"font-weight: 400\">O inscrito realizar\u00e1 atividades destinadas \u00e0 sua recoloca\u00e7\u00e3o profissional durante 4 horas di\u00e1rias, totalizando 20h semanais, estando inclu\u00eddas nesse per\u00edodo, em conjunto ou individualmente, a participa\u00e7\u00e3o em atividades junto \u00e0 comunidade ou a \u00f3rg\u00e3os p\u00fablicos, bem como a participa\u00e7\u00e3o em curso de qualifica\u00e7\u00e3o profissional.<\/p>\n<p style=\"font-weight: 400\"><strong>Condi\u00e7\u00f5es para inscri\u00e7\u00e3o<\/strong><\/p>\n<p style=\"font-weight: 400\">O interessado deve estar em situa\u00e7\u00e3o de desemprego e n\u00e3o ser benefici\u00e1rio de seguro-desemprego ou qualquer programa assistencial equivalente.<\/p>\n<p style=\"font-weight: 400\">\u00c9 preciso ter idade m\u00ednima de 18 anos completos at\u00e9 a data da inscri\u00e7\u00e3o, residir pelo per\u00edodo m\u00ednimo de dois anos no estado de S\u00e3o Paulo e, ainda, integrar n\u00facleo familiar com renda per capita de at\u00e9 meio sal\u00e1rio m\u00ednimo e que n\u00e3o tenha outros membros benefici\u00e1rios do mesmo aux\u00edlio.<\/p>\n<p style=\"font-weight: 400\">Os interessados poder\u00e3o buscar aux\u00edlio para efetiva\u00e7\u00e3o do cadastro no Posto de Atendimento ao Trabalhador de Adamantina, que funciona na Avenida da Saudade, 1072 \u2013 Vila Endo ou na Secretaria de Assist\u00eancia Social, situada na Alameda Dr. Armando Sales de Oliveira, n\u00ba367.<\/p>\n<p>&nbsp;<\/p>\n<p>Fonte: Assessoria de Imprensa<\/p>\n","protected":false},"excerpt":{"rendered":"<p>A Prefeitura de Adamantina, por meio da Secretaria de Desenvolvimento Econ\u00f4mico, informa que est\u00e3o abertas as inscri\u00e7\u00f5es para o Programa\u00a0Bolsa-Trabalho, uma iniciativa do Governo do Estado de S\u00e3o Paulo em parceria com os munic\u00edpios cadastrados, que consiste na destina\u00e7\u00e3o de\u00a0bolsas\u00a0para a popula\u00e7\u00e3o desempregada. Ao todo foram disponibilizadas para o munic\u00edpio 80 vagas. As inscri\u00e7\u00f5es dever\u00e3o [&hellip;]<\/p>\n","protected":false},"author":13,"featured_media":54295,"comment_status":"closed","ping_status":"open","sticky":false,"template":"","format":"standard","meta":{"_acf_changed":false,"_exactmetrics_skip_tracking":false,"_exactmetrics_sitenote_active":false,"_exactmetrics_sitenote_note":"","_exactmetrics_sitenote_category":0,"footnotes":""},"categories":[21],"tags":[],"class_list":["post-54290","post","type-post","status-publish","format-standard","has-post-thumbnail","hentry","category-adamantina"],"acf":[],"yoast_head":"<!-- This site is optimized with the Yoast SEO plugin v27.2 - https:\/\/yoast.com\/product\/yoast-seo-wordpress\/ -->\n<title>Programa Bolsa-Trabalho abre 80 vagas em Adamantina - R\u00e1dio Life FM<\/title>\n<meta name=\"robots\" content=\"index, follow, max-snippet:-1, max-image-preview:large, max-video-preview:-1\" \/>\n<link rel=\"canonical\" href=\"https:\/\/radiolifefm.com.br\/noticias\/programa-bolsa-trabalho-abre-80-vagas-em-adamantina\/\" \/>\n<meta property=\"og:locale\" content=\"pt_BR\" \/>\n<meta property=\"og:type\" content=\"article\" \/>\n<meta property=\"og:title\" content=\"Programa Bolsa-Trabalho abre 80 vagas em Adamantina - R\u00e1dio Life FM\" \/>\n<meta property=\"og:description\" content=\"A Prefeitura de Adamantina, por meio da Secretaria de Desenvolvimento Econ\u00f4mico, informa que est\u00e3o abertas as inscri\u00e7\u00f5es para o Programa\u00a0Bolsa-Trabalho, uma iniciativa do Governo do Estado de S\u00e3o Paulo em parceria com os munic\u00edpios cadastrados, que consiste na destina\u00e7\u00e3o de\u00a0bolsas\u00a0para a popula\u00e7\u00e3o desempregada. Ao todo foram disponibilizadas para o munic\u00edpio 80 vagas. As inscri\u00e7\u00f5es dever\u00e3o [&hellip;]\" \/>\n<meta property=\"og:url\" content=\"https:\/\/radiolifefm.com.br\/noticias\/programa-bolsa-trabalho-abre-80-vagas-em-adamantina\/\" \/>\n<meta property=\"og:site_name\" content=\"R\u00e1dio Life FM\" \/>\n<meta property=\"article:publisher\" content=\"https:\/\/www.facebook.com\/radiolifefm\/\" \/>\n<meta property=\"article:published_time\" content=\"2022-06-01T19:45:36+00:00\" \/>\n<meta property=\"article:modified_time\" content=\"2025-10-04T19:51:31+00:00\" \/>\n<meta property=\"og:image\" content=\"https:\/\/static.radiolifefm.com.br\/noticias\/wp-content\/uploads\/2022\/06\/download.jpg\" \/>\n\t<meta property=\"og:image:width\" content=\"275\" \/>\n\t<meta property=\"og:image:height\" content=\"183\" \/>\n\t<meta property=\"og:image:type\" content=\"image\/jpeg\" \/>\n<meta name=\"author\" content=\"ritanery\" \/>\n<meta name=\"twitter:card\" content=\"summary_large_image\" \/>\n<meta name=\"twitter:label1\" content=\"Escrito por\" \/>\n\t<meta name=\"twitter:data1\" content=\"ritanery\" \/>\n\t<meta name=\"twitter:label2\" content=\"Est. tempo de leitura\" \/>\n\t<meta name=\"twitter:data2\" content=\"1 minuto\" \/>\n<script type=\"application\/ld+json\" class=\"yoast-schema-graph\">{\"@context\":\"https:\/\/schema.org\",\"@graph\":[{\"@type\":\"Article\",\"@id\":\"https:\/\/radiolifefm.com.br\/noticias\/programa-bolsa-trabalho-abre-80-vagas-em-adamantina\/#article\",\"isPartOf\":{\"@id\":\"https:\/\/radiolifefm.com.br\/noticias\/programa-bolsa-trabalho-abre-80-vagas-em-adamantina\/\"},\"author\":{\"name\":\"ritanery\",\"@id\":\"https:\/\/radiolifefm.com.br\/noticias\/#\/schema\/person\/6339b9fac59d12b071dec680d7375d87\"},\"headline\":\"Programa Bolsa-Trabalho abre 80 vagas em Adamantina\",\"datePublished\":\"2022-06-01T19:45:36+00:00\",\"dateModified\":\"2025-10-04T19:51:31+00:00\",\"mainEntityOfPage\":{\"@id\":\"https:\/\/radiolifefm.com.br\/noticias\/programa-bolsa-trabalho-abre-80-vagas-em-adamantina\/\"},\"wordCount\":299,\"publisher\":{\"@id\":\"https:\/\/radiolifefm.com.br\/noticias\/#organization\"},\"image\":{\"@id\":\"https:\/\/radiolifefm.com.br\/noticias\/programa-bolsa-trabalho-abre-80-vagas-em-adamantina\/#primaryimage\"},\"thumbnailUrl\":\"https:\/\/radiolifefm.com.br\/noticias\/wp-content\/uploads\/2022\/06\/download.jpg\",\"articleSection\":[\"Adamantina\"],\"inLanguage\":\"pt-BR\"},{\"@type\":\"WebPage\",\"@id\":\"https:\/\/radiolifefm.com.br\/noticias\/programa-bolsa-trabalho-abre-80-vagas-em-adamantina\/\",\"url\":\"https:\/\/radiolifefm.com.br\/noticias\/programa-bolsa-trabalho-abre-80-vagas-em-adamantina\/\",\"name\":\"Programa Bolsa-Trabalho abre 80 vagas em Adamantina - R\u00e1dio Life FM\",\"isPartOf\":{\"@id\":\"https:\/\/radiolifefm.com.br\/noticias\/#website\"},\"primaryImageOfPage\":{\"@id\":\"https:\/\/radiolifefm.com.br\/noticias\/programa-bolsa-trabalho-abre-80-vagas-em-adamantina\/#primaryimage\"},\"image\":{\"@id\":\"https:\/\/radiolifefm.com.br\/noticias\/programa-bolsa-trabalho-abre-80-vagas-em-adamantina\/#primaryimage\"},\"thumbnailUrl\":\"https:\/\/radiolifefm.com.br\/noticias\/wp-content\/uploads\/2022\/06\/download.jpg\",\"datePublished\":\"2022-06-01T19:45:36+00:00\",\"dateModified\":\"2025-10-04T19:51:31+00:00\",\"breadcrumb\":{\"@id\":\"https:\/\/radiolifefm.com.br\/noticias\/programa-bolsa-trabalho-abre-80-vagas-em-adamantina\/#breadcrumb\"},\"inLanguage\":\"pt-BR\",\"potentialAction\":[{\"@type\":\"ReadAction\",\"target\":[\"https:\/\/radiolifefm.com.br\/noticias\/programa-bolsa-trabalho-abre-80-vagas-em-adamantina\/\"]}]},{\"@type\":\"ImageObject\",\"inLanguage\":\"pt-BR\",\"@id\":\"https:\/\/radiolifefm.com.br\/noticias\/programa-bolsa-trabalho-abre-80-vagas-em-adamantina\/#primaryimage\",\"url\":\"https:\/\/radiolifefm.com.br\/noticias\/wp-content\/uploads\/2022\/06\/download.jpg\",\"contentUrl\":\"https:\/\/radiolifefm.com.br\/noticias\/wp-content\/uploads\/2022\/06\/download.jpg\",\"width\":275,\"height\":183},{\"@type\":\"BreadcrumbList\",\"@id\":\"https:\/\/radiolifefm.com.br\/noticias\/programa-bolsa-trabalho-abre-80-vagas-em-adamantina\/#breadcrumb\",\"itemListElement\":[{\"@type\":\"ListItem\",\"position\":1,\"name\":\"In\u00edcio\",\"item\":\"https:\/\/radiolifefm.com.br\/noticias\/\"},{\"@type\":\"ListItem\",\"position\":2,\"name\":\"Programa Bolsa-Trabalho abre 80 vagas em Adamantina\"}]},{\"@type\":\"WebSite\",\"@id\":\"https:\/\/radiolifefm.com.br\/noticias\/#website\",\"url\":\"https:\/\/radiolifefm.com.br\/noticias\/\",\"name\":\"R\u00e1dio Life FM\",\"description\":\"O Portal de Not\u00edcias de Adamantina\",\"publisher\":{\"@id\":\"https:\/\/radiolifefm.com.br\/noticias\/#organization\"},\"alternateName\":\"Life FM\",\"potentialAction\":[{\"@type\":\"SearchAction\",\"target\":{\"@type\":\"EntryPoint\",\"urlTemplate\":\"https:\/\/radiolifefm.com.br\/noticias\/?s={search_term_string}\"},\"query-input\":{\"@type\":\"PropertyValueSpecification\",\"valueRequired\":true,\"valueName\":\"search_term_string\"}}],\"inLanguage\":\"pt-BR\"},{\"@type\":\"Organization\",\"@id\":\"https:\/\/radiolifefm.com.br\/noticias\/#organization\",\"name\":\"R\u00e1dio Life FM\",\"alternateName\":\"Life FM\",\"url\":\"https:\/\/radiolifefm.com.br\/noticias\/\",\"logo\":{\"@type\":\"ImageObject\",\"inLanguage\":\"pt-BR\",\"@id\":\"https:\/\/radiolifefm.com.br\/noticias\/#\/schema\/logo\/image\/\",\"url\":\"https:\/\/static.radiolifefm.com.br\/noticias\/wp-content\/uploads\/2019\/10\/logo-lifefm.png\",\"contentUrl\":\"https:\/\/static.radiolifefm.com.br\/noticias\/wp-content\/uploads\/2019\/10\/logo-lifefm.png\",\"width\":196,\"height\":47,\"caption\":\"R\u00e1dio Life FM\"},\"image\":{\"@id\":\"https:\/\/radiolifefm.com.br\/noticias\/#\/schema\/logo\/image\/\"},\"sameAs\":[\"https:\/\/www.facebook.com\/radiolifefm\/\",\"https:\/\/www.instagram.com\/life1079fm\/\"]},{\"@type\":\"Person\",\"@id\":\"https:\/\/radiolifefm.com.br\/noticias\/#\/schema\/person\/6339b9fac59d12b071dec680d7375d87\",\"name\":\"ritanery\",\"image\":{\"@type\":\"ImageObject\",\"inLanguage\":\"pt-BR\",\"@id\":\"https:\/\/secure.gravatar.com\/avatar\/0e37bb19071f47c0b8a23f62a903df117c5a0e75f65a0c2901562f97cd41cf86?s=96&d=mm&r=g\",\"url\":\"https:\/\/secure.gravatar.com\/avatar\/0e37bb19071f47c0b8a23f62a903df117c5a0e75f65a0c2901562f97cd41cf86?s=96&d=mm&r=g\",\"contentUrl\":\"https:\/\/secure.gravatar.com\/avatar\/0e37bb19071f47c0b8a23f62a903df117c5a0e75f65a0c2901562f97cd41cf86?s=96&d=mm&r=g\",\"caption\":\"ritanery\"}}]}<\/script>\n<!-- \/ Yoast SEO plugin. -->","yoast_head_json":{"title":"Programa Bolsa-Trabalho abre 80 vagas em Adamantina - R\u00e1dio Life FM","robots":{"index":"index","follow":"follow","max-snippet":"max-snippet:-1","max-image-preview":"max-image-preview:large","max-video-preview":"max-video-preview:-1"},"canonical":"https:\/\/radiolifefm.com.br\/noticias\/programa-bolsa-trabalho-abre-80-vagas-em-adamantina\/","og_locale":"pt_BR","og_type":"article","og_title":"Programa Bolsa-Trabalho abre 80 vagas em Adamantina - R\u00e1dio Life FM","og_description":"A Prefeitura de Adamantina, por meio da Secretaria de Desenvolvimento Econ\u00f4mico, informa que est\u00e3o abertas as inscri\u00e7\u00f5es para o Programa\u00a0Bolsa-Trabalho, uma iniciativa do Governo do Estado de S\u00e3o Paulo em parceria com os munic\u00edpios cadastrados, que consiste na destina\u00e7\u00e3o de\u00a0bolsas\u00a0para a popula\u00e7\u00e3o desempregada. Ao todo foram disponibilizadas para o munic\u00edpio 80 vagas. As inscri\u00e7\u00f5es dever\u00e3o [&hellip;]","og_url":"https:\/\/radiolifefm.com.br\/noticias\/programa-bolsa-trabalho-abre-80-vagas-em-adamantina\/","og_site_name":"R\u00e1dio Life FM","article_publisher":"https:\/\/www.facebook.com\/radiolifefm\/","article_published_time":"2022-06-01T19:45:36+00:00","article_modified_time":"2025-10-04T19:51:31+00:00","og_image":[{"width":275,"height":183,"url":"https:\/\/static.radiolifefm.com.br\/noticias\/wp-content\/uploads\/2022\/06\/download.jpg","type":"image\/jpeg"}],"author":"ritanery","twitter_card":"summary_large_image","twitter_misc":{"Escrito por":"ritanery","Est. tempo de leitura":"1 minuto"},"schema":{"@context":"https:\/\/schema.org","@graph":[{"@type":"Article","@id":"https:\/\/radiolifefm.com.br\/noticias\/programa-bolsa-trabalho-abre-80-vagas-em-adamantina\/#article","isPartOf":{"@id":"https:\/\/radiolifefm.com.br\/noticias\/programa-bolsa-trabalho-abre-80-vagas-em-adamantina\/"},"author":{"name":"ritanery","@id":"https:\/\/radiolifefm.com.br\/noticias\/#\/schema\/person\/6339b9fac59d12b071dec680d7375d87"},"headline":"Programa Bolsa-Trabalho abre 80 vagas em Adamantina","datePublished":"2022-06-01T19:45:36+00:00","dateModified":"2025-10-04T19:51:31+00:00","mainEntityOfPage":{"@id":"https:\/\/radiolifefm.com.br\/noticias\/programa-bolsa-trabalho-abre-80-vagas-em-adamantina\/"},"wordCount":299,"publisher":{"@id":"https:\/\/radiolifefm.com.br\/noticias\/#organization"},"image":{"@id":"https:\/\/radiolifefm.com.br\/noticias\/programa-bolsa-trabalho-abre-80-vagas-em-adamantina\/#primaryimage"},"thumbnailUrl":"https:\/\/radiolifefm.com.br\/noticias\/wp-content\/uploads\/2022\/06\/download.jpg","articleSection":["Adamantina"],"inLanguage":"pt-BR"},{"@type":"WebPage","@id":"https:\/\/radiolifefm.com.br\/noticias\/programa-bolsa-trabalho-abre-80-vagas-em-adamantina\/","url":"https:\/\/radiolifefm.com.br\/noticias\/programa-bolsa-trabalho-abre-80-vagas-em-adamantina\/","name":"Programa Bolsa-Trabalho abre 80 vagas em Adamantina - R\u00e1dio Life FM","isPartOf":{"@id":"https:\/\/radiolifefm.com.br\/noticias\/#website"},"primaryImageOfPage":{"@id":"https:\/\/radiolifefm.com.br\/noticias\/programa-bolsa-trabalho-abre-80-vagas-em-adamantina\/#primaryimage"},"image":{"@id":"https:\/\/radiolifefm.com.br\/noticias\/programa-bolsa-trabalho-abre-80-vagas-em-adamantina\/#primaryimage"},"thumbnailUrl":"https:\/\/radiolifefm.com.br\/noticias\/wp-content\/uploads\/2022\/06\/download.jpg","datePublished":"2022-06-01T19:45:36+00:00","dateModified":"2025-10-04T19:51:31+00:00","breadcrumb":{"@id":"https:\/\/radiolifefm.com.br\/noticias\/programa-bolsa-trabalho-abre-80-vagas-em-adamantina\/#breadcrumb"},"inLanguage":"pt-BR","potentialAction":[{"@type":"ReadAction","target":["https:\/\/radiolifefm.com.br\/noticias\/programa-bolsa-trabalho-abre-80-vagas-em-adamantina\/"]}]},{"@type":"ImageObject","inLanguage":"pt-BR","@id":"https:\/\/radiolifefm.com.br\/noticias\/programa-bolsa-trabalho-abre-80-vagas-em-adamantina\/#primaryimage","url":"https:\/\/radiolifefm.com.br\/noticias\/wp-content\/uploads\/2022\/06\/download.jpg","contentUrl":"https:\/\/radiolifefm.com.br\/noticias\/wp-content\/uploads\/2022\/06\/download.jpg","width":275,"height":183},{"@type":"BreadcrumbList","@id":"https:\/\/radiolifefm.com.br\/noticias\/programa-bolsa-trabalho-abre-80-vagas-em-adamantina\/#breadcrumb","itemListElement":[{"@type":"ListItem","position":1,"name":"In\u00edcio","item":"https:\/\/radiolifefm.com.br\/noticias\/"},{"@type":"ListItem","position":2,"name":"Programa Bolsa-Trabalho abre 80 vagas em Adamantina"}]},{"@type":"WebSite","@id":"https:\/\/radiolifefm.com.br\/noticias\/#website","url":"https:\/\/radiolifefm.com.br\/noticias\/","name":"R\u00e1dio Life FM","description":"O Portal de Not\u00edcias de Adamantina","publisher":{"@id":"https:\/\/radiolifefm.com.br\/noticias\/#organization"},"alternateName":"Life FM","potentialAction":[{"@type":"SearchAction","target":{"@type":"EntryPoint","urlTemplate":"https:\/\/radiolifefm.com.br\/noticias\/?s={search_term_string}"},"query-input":{"@type":"PropertyValueSpecification","valueRequired":true,"valueName":"search_term_string"}}],"inLanguage":"pt-BR"},{"@type":"Organization","@id":"https:\/\/radiolifefm.com.br\/noticias\/#organization","name":"R\u00e1dio Life FM","alternateName":"Life FM","url":"https:\/\/radiolifefm.com.br\/noticias\/","logo":{"@type":"ImageObject","inLanguage":"pt-BR","@id":"https:\/\/radiolifefm.com.br\/noticias\/#\/schema\/logo\/image\/","url":"https:\/\/static.radiolifefm.com.br\/noticias\/wp-content\/uploads\/2019\/10\/logo-lifefm.png","contentUrl":"https:\/\/static.radiolifefm.com.br\/noticias\/wp-content\/uploads\/2019\/10\/logo-lifefm.png","width":196,"height":47,"caption":"R\u00e1dio Life FM"},"image":{"@id":"https:\/\/radiolifefm.com.br\/noticias\/#\/schema\/logo\/image\/"},"sameAs":["https:\/\/www.facebook.com\/radiolifefm\/","https:\/\/www.instagram.com\/life1079fm\/"]},{"@type":"Person","@id":"https:\/\/radiolifefm.com.br\/noticias\/#\/schema\/person\/6339b9fac59d12b071dec680d7375d87","name":"ritanery","image":{"@type":"ImageObject","inLanguage":"pt-BR","@id":"https:\/\/secure.gravatar.com\/avatar\/0e37bb19071f47c0b8a23f62a903df117c5a0e75f65a0c2901562f97cd41cf86?s=96&d=mm&r=g","url":"https:\/\/secure.gravatar.com\/avatar\/0e37bb19071f47c0b8a23f62a903df117c5a0e75f65a0c2901562f97cd41cf86?s=96&d=mm&r=g","contentUrl":"https:\/\/secure.gravatar.com\/avatar\/0e37bb19071f47c0b8a23f62a903df117c5a0e75f65a0c2901562f97cd41cf86?s=96&d=mm&r=g","caption":"ritanery"}}]}},"amp_enabled":true,"_links":{"self":[{"href":"https:\/\/radiolifefm.com.br\/noticias\/wp-json\/wp\/v2\/posts\/54290","targetHints":{"allow":["GET"]}}],"collection":[{"href":"https:\/\/radiolifefm.com.br\/noticias\/wp-json\/wp\/v2\/posts"}],"about":[{"href":"https:\/\/radiolifefm.com.br\/noticias\/wp-json\/wp\/v2\/types\/post"}],"author":[{"embeddable":true,"href":"https:\/\/radiolifefm.com.br\/noticias\/wp-json\/wp\/v2\/users\/13"}],"replies":[{"embeddable":true,"href":"https:\/\/radiolifefm.com.br\/noticias\/wp-json\/wp\/v2\/comments?post=54290"}],"version-history":[{"count":6,"href":"https:\/\/radiolifefm.com.br\/noticias\/wp-json\/wp\/v2\/posts\/54290\/revisions"}],"predecessor-version":[{"id":54297,"href":"https:\/\/radiolifefm.com.br\/noticias\/wp-json\/wp\/v2\/posts\/54290\/revisions\/54297"}],"wp:featuredmedia":[{"embeddable":true,"href":"https:\/\/radiolifefm.com.br\/noticias\/wp-json\/wp\/v2\/media\/54295"}],"wp:attachment":[{"href":"https:\/\/radiolifefm.com.br\/noticias\/wp-json\/wp\/v2\/media?parent=54290"}],"wp:term":[{"taxonomy":"category","embeddable":true,"href":"https:\/\/radiolifefm.com.br\/noticias\/wp-json\/wp\/v2\/categories?post=54290"},{"taxonomy":"post_tag","embeddable":true,"href":"https:\/\/radiolifefm.com.br\/noticias\/wp-json\/wp\/v2\/tags?post=54290"}],"curies":[{"name":"wp","href":"https:\/\/api.w.org\/{rel}","templated":true}]}}