{"id":54198,"date":"2022-05-30T21:31:38","date_gmt":"2022-05-31T00:31:38","guid":{"rendered":"https:\/\/radiolifefm.com.br\/noticias\/?p=54198"},"modified":"2026-04-24T05:27:58","modified_gmt":"2026-04-24T08:27:58","slug":"adamantina-ultrapassa-560-casos-de-dengue","status":"publish","type":"post","link":"https:\/\/radiolifefm.com.br\/noticias\/adamantina-ultrapassa-560-casos-de-dengue\/","title":{"rendered":"Adamantina ultrapassa 560 casos de dengue"},"content":{"rendered":"<div id=\"fb-root\"><\/div>\n<p style=\"font-weight: 400\">Em novo boletim epidemiol\u00f3gico divulgado pela Secretaria de Sa\u00fade de Adamantina, o munic\u00edpio atingiu os 561 casos de dengue.<\/p>\n<p style=\"font-weight: 400\">538 exames aguardando resultado, dois \u00f3bitos continuam em investiga\u00e7\u00e3o e 299 exames foram descartados. Ao todo, 1399 casos foram notificados.<\/p>\n<p>Do total de confirma\u00e7\u00f5es em todo o munic\u00edpio, 47% o que equivale a 264 foram na Estrat\u00e9gia de Sa\u00fade da Fam\u00edlia (ESF) Dorigo que compreende os bairros: Est\u00e2ncia Dorigo, residencial It\u00e1lia, Jardim dos Poetas, Jardim Bela Vista, Jardim Bandeirantes e Residencial Montagnoli.<\/p>\n<p>O Departamento de Controle de Vetores continua atuando no combate ao mosquito\u00a0<em>Aedes Aegypti\u00a0<\/em>realizando visitas para eliminar os criadouros e, ainda, promovendo a nebuliza\u00e7\u00e3o. Contudo, 24 propriet\u00e1rios de im\u00f3veis recusaram a aplica\u00e7\u00e3o do inseticida.<\/p>\n<p>Conforme explica a chefe do controle de vetores, Francine de Brito Alves, \u00e9 fundamental receber a equipe de nebuliza\u00e7\u00e3o e atender todas as orienta\u00e7\u00f5es que s\u00e3o passadas pelos profissionais.<\/p>\n<p>\u201cQuase 50% dos casos est\u00e3o confirmados na ESF do Dorigo e, ainda assim, muitos propriet\u00e1rios n\u00e3o tem colaborado. A a\u00e7\u00e3o de nebuliza\u00e7\u00e3o \u00e9 fundamental para eliminar o mosquito na fase adulta. Temos feito a nossa parte, mas a popula\u00e7\u00e3o precisa colaborar\u201d, pede Francine.<\/p>\n<p>Entre os principais sintomas da doen\u00e7a est\u00e3o: febre, dor de cabe\u00e7a, dor atr\u00e1s dos olhos, dor nas articula\u00e7\u00f5es e manchas vermelhas pelo corpo. &#8220;Diante de algum sintoma, procure imediatamente atendimento m\u00e9dico, porque a dengue pode matar&#8221;, orienta Francine.<\/p>\n<p>A Prefeitura de Adamantina pede que a popula\u00e7\u00e3o colabore mantendo os quintais limpos.<\/p>\n<p>&nbsp;<\/p>\n<p>Fonte: Assessoria de Imprensa<\/p>\n","protected":false},"excerpt":{"rendered":"<p>Em novo boletim epidemiol\u00f3gico divulgado pela Secretaria de Sa\u00fade de Adamantina, o munic\u00edpio atingiu os 561 casos de dengue. 538 exames aguardando resultado, dois \u00f3bitos continuam em investiga\u00e7\u00e3o e 299 exames foram descartados. Ao todo, 1399 casos foram notificados. Do total de confirma\u00e7\u00f5es em todo o munic\u00edpio, 47% o que equivale a 264 foram na [&hellip;]<\/p>\n","protected":false},"author":13,"featured_media":23394,"comment_status":"closed","ping_status":"open","sticky":false,"template":"","format":"standard","meta":{"_acf_changed":false,"_exactmetrics_skip_tracking":false,"_exactmetrics_sitenote_active":false,"_exactmetrics_sitenote_note":"","_exactmetrics_sitenote_category":0,"footnotes":""},"categories":[21],"tags":[],"class_list":["post-54198","post","type-post","status-publish","format-standard","has-post-thumbnail","hentry","category-adamantina"],"acf":[],"yoast_head":"<!-- This site is optimized with the Yoast SEO plugin v27.2 - https:\/\/yoast.com\/product\/yoast-seo-wordpress\/ -->\n<title>Adamantina ultrapassa 560 casos de dengue - R\u00e1dio Life FM<\/title>\n<meta name=\"robots\" content=\"index, follow, max-snippet:-1, max-image-preview:large, max-video-preview:-1\" \/>\n<link rel=\"canonical\" href=\"https:\/\/radiolifefm.com.br\/noticias\/adamantina-ultrapassa-560-casos-de-dengue\/\" \/>\n<meta property=\"og:locale\" content=\"pt_BR\" \/>\n<meta property=\"og:type\" content=\"article\" \/>\n<meta property=\"og:title\" content=\"Adamantina ultrapassa 560 casos de dengue - R\u00e1dio Life FM\" \/>\n<meta property=\"og:description\" content=\"Em novo boletim epidemiol\u00f3gico divulgado pela Secretaria de Sa\u00fade de Adamantina, o munic\u00edpio atingiu os 561 casos de dengue. 538 exames aguardando resultado, dois \u00f3bitos continuam em investiga\u00e7\u00e3o e 299 exames foram descartados. Ao todo, 1399 casos foram notificados. Do total de confirma\u00e7\u00f5es em todo o munic\u00edpio, 47% o que equivale a 264 foram na [&hellip;]\" \/>\n<meta property=\"og:url\" content=\"https:\/\/radiolifefm.com.br\/noticias\/adamantina-ultrapassa-560-casos-de-dengue\/\" \/>\n<meta property=\"og:site_name\" content=\"R\u00e1dio Life FM\" \/>\n<meta property=\"article:publisher\" content=\"https:\/\/www.facebook.com\/radiolifefm\/\" \/>\n<meta property=\"article:published_time\" content=\"2022-05-31T00:31:38+00:00\" \/>\n<meta property=\"article:modified_time\" content=\"2026-04-24T08:27:58+00:00\" \/>\n<meta property=\"og:image\" content=\"https:\/\/radiolifefm.com.br\/noticias\/wp-content\/uploads\/2020\/05\/Dengue-Imagem-2-Cortada.jpg\" \/>\n\t<meta property=\"og:image:width\" content=\"1200\" \/>\n\t<meta property=\"og:image:height\" content=\"630\" \/>\n\t<meta property=\"og:image:type\" content=\"image\/jpeg\" \/>\n<meta name=\"author\" content=\"ritanery\" \/>\n<meta name=\"twitter:card\" content=\"summary_large_image\" \/>\n<meta name=\"twitter:label1\" content=\"Escrito por\" \/>\n\t<meta name=\"twitter:data1\" content=\"ritanery\" \/>\n\t<meta name=\"twitter:label2\" content=\"Est. tempo de leitura\" \/>\n\t<meta name=\"twitter:data2\" content=\"2 minutos\" \/>\n<script type=\"application\/ld+json\" class=\"yoast-schema-graph\">{\"@context\":\"https:\/\/schema.org\",\"@graph\":[{\"@type\":\"Article\",\"@id\":\"https:\/\/radiolifefm.com.br\/noticias\/adamantina-ultrapassa-560-casos-de-dengue\/#article\",\"isPartOf\":{\"@id\":\"https:\/\/radiolifefm.com.br\/noticias\/adamantina-ultrapassa-560-casos-de-dengue\/\"},\"author\":{\"name\":\"ritanery\",\"@id\":\"https:\/\/radiolifefm.com.br\/noticias\/#\/schema\/person\/6339b9fac59d12b071dec680d7375d87\"},\"headline\":\"Adamantina ultrapassa 560 casos de dengue\",\"datePublished\":\"2022-05-31T00:31:38+00:00\",\"dateModified\":\"2026-04-24T08:27:58+00:00\",\"mainEntityOfPage\":{\"@id\":\"https:\/\/radiolifefm.com.br\/noticias\/adamantina-ultrapassa-560-casos-de-dengue\/\"},\"wordCount\":270,\"publisher\":{\"@id\":\"https:\/\/radiolifefm.com.br\/noticias\/#organization\"},\"image\":{\"@id\":\"https:\/\/radiolifefm.com.br\/noticias\/adamantina-ultrapassa-560-casos-de-dengue\/#primaryimage\"},\"thumbnailUrl\":\"https:\/\/radiolifefm.com.br\/noticias\/wp-content\/uploads\/2020\/05\/Dengue-Imagem-2-Cortada.jpg\",\"articleSection\":[\"Adamantina\"],\"inLanguage\":\"pt-BR\"},{\"@type\":\"WebPage\",\"@id\":\"https:\/\/radiolifefm.com.br\/noticias\/adamantina-ultrapassa-560-casos-de-dengue\/\",\"url\":\"https:\/\/radiolifefm.com.br\/noticias\/adamantina-ultrapassa-560-casos-de-dengue\/\",\"name\":\"Adamantina ultrapassa 560 casos de dengue - R\u00e1dio Life FM\",\"isPartOf\":{\"@id\":\"https:\/\/radiolifefm.com.br\/noticias\/#website\"},\"primaryImageOfPage\":{\"@id\":\"https:\/\/radiolifefm.com.br\/noticias\/adamantina-ultrapassa-560-casos-de-dengue\/#primaryimage\"},\"image\":{\"@id\":\"https:\/\/radiolifefm.com.br\/noticias\/adamantina-ultrapassa-560-casos-de-dengue\/#primaryimage\"},\"thumbnailUrl\":\"https:\/\/radiolifefm.com.br\/noticias\/wp-content\/uploads\/2020\/05\/Dengue-Imagem-2-Cortada.jpg\",\"datePublished\":\"2022-05-31T00:31:38+00:00\",\"dateModified\":\"2026-04-24T08:27:58+00:00\",\"breadcrumb\":{\"@id\":\"https:\/\/radiolifefm.com.br\/noticias\/adamantina-ultrapassa-560-casos-de-dengue\/#breadcrumb\"},\"inLanguage\":\"pt-BR\",\"potentialAction\":[{\"@type\":\"ReadAction\",\"target\":[\"https:\/\/radiolifefm.com.br\/noticias\/adamantina-ultrapassa-560-casos-de-dengue\/\"]}]},{\"@type\":\"ImageObject\",\"inLanguage\":\"pt-BR\",\"@id\":\"https:\/\/radiolifefm.com.br\/noticias\/adamantina-ultrapassa-560-casos-de-dengue\/#primaryimage\",\"url\":\"https:\/\/radiolifefm.com.br\/noticias\/wp-content\/uploads\/2020\/05\/Dengue-Imagem-2-Cortada.jpg\",\"contentUrl\":\"https:\/\/radiolifefm.com.br\/noticias\/wp-content\/uploads\/2020\/05\/Dengue-Imagem-2-Cortada.jpg\",\"width\":1200,\"height\":630},{\"@type\":\"BreadcrumbList\",\"@id\":\"https:\/\/radiolifefm.com.br\/noticias\/adamantina-ultrapassa-560-casos-de-dengue\/#breadcrumb\",\"itemListElement\":[{\"@type\":\"ListItem\",\"position\":1,\"name\":\"In\u00edcio\",\"item\":\"https:\/\/radiolifefm.com.br\/noticias\/\"},{\"@type\":\"ListItem\",\"position\":2,\"name\":\"Adamantina ultrapassa 560 casos de dengue\"}]},{\"@type\":\"WebSite\",\"@id\":\"https:\/\/radiolifefm.com.br\/noticias\/#website\",\"url\":\"https:\/\/radiolifefm.com.br\/noticias\/\",\"name\":\"R\u00e1dio Life FM\",\"description\":\"O Portal de Not\u00edcias de Adamantina\",\"publisher\":{\"@id\":\"https:\/\/radiolifefm.com.br\/noticias\/#organization\"},\"alternateName\":\"Life FM\",\"potentialAction\":[{\"@type\":\"SearchAction\",\"target\":{\"@type\":\"EntryPoint\",\"urlTemplate\":\"https:\/\/radiolifefm.com.br\/noticias\/?s={search_term_string}\"},\"query-input\":{\"@type\":\"PropertyValueSpecification\",\"valueRequired\":true,\"valueName\":\"search_term_string\"}}],\"inLanguage\":\"pt-BR\"},{\"@type\":\"Organization\",\"@id\":\"https:\/\/radiolifefm.com.br\/noticias\/#organization\",\"name\":\"R\u00e1dio Life FM\",\"alternateName\":\"Life FM\",\"url\":\"https:\/\/radiolifefm.com.br\/noticias\/\",\"logo\":{\"@type\":\"ImageObject\",\"inLanguage\":\"pt-BR\",\"@id\":\"https:\/\/radiolifefm.com.br\/noticias\/#\/schema\/logo\/image\/\",\"url\":\"https:\/\/static.radiolifefm.com.br\/noticias\/wp-content\/uploads\/2019\/10\/logo-lifefm.png\",\"contentUrl\":\"https:\/\/static.radiolifefm.com.br\/noticias\/wp-content\/uploads\/2019\/10\/logo-lifefm.png\",\"width\":196,\"height\":47,\"caption\":\"R\u00e1dio Life FM\"},\"image\":{\"@id\":\"https:\/\/radiolifefm.com.br\/noticias\/#\/schema\/logo\/image\/\"},\"sameAs\":[\"https:\/\/www.facebook.com\/radiolifefm\/\",\"https:\/\/www.instagram.com\/life1079fm\/\"]},{\"@type\":\"Person\",\"@id\":\"https:\/\/radiolifefm.com.br\/noticias\/#\/schema\/person\/6339b9fac59d12b071dec680d7375d87\",\"name\":\"ritanery\",\"image\":{\"@type\":\"ImageObject\",\"inLanguage\":\"pt-BR\",\"@id\":\"https:\/\/secure.gravatar.com\/avatar\/0e37bb19071f47c0b8a23f62a903df117c5a0e75f65a0c2901562f97cd41cf86?s=96&d=mm&r=g\",\"url\":\"https:\/\/secure.gravatar.com\/avatar\/0e37bb19071f47c0b8a23f62a903df117c5a0e75f65a0c2901562f97cd41cf86?s=96&d=mm&r=g\",\"contentUrl\":\"https:\/\/secure.gravatar.com\/avatar\/0e37bb19071f47c0b8a23f62a903df117c5a0e75f65a0c2901562f97cd41cf86?s=96&d=mm&r=g\",\"caption\":\"ritanery\"}}]}<\/script>\n<!-- \/ Yoast SEO plugin. -->","yoast_head_json":{"title":"Adamantina ultrapassa 560 casos de dengue - R\u00e1dio Life FM","robots":{"index":"index","follow":"follow","max-snippet":"max-snippet:-1","max-image-preview":"max-image-preview:large","max-video-preview":"max-video-preview:-1"},"canonical":"https:\/\/radiolifefm.com.br\/noticias\/adamantina-ultrapassa-560-casos-de-dengue\/","og_locale":"pt_BR","og_type":"article","og_title":"Adamantina ultrapassa 560 casos de dengue - R\u00e1dio Life FM","og_description":"Em novo boletim epidemiol\u00f3gico divulgado pela Secretaria de Sa\u00fade de Adamantina, o munic\u00edpio atingiu os 561 casos de dengue. 538 exames aguardando resultado, dois \u00f3bitos continuam em investiga\u00e7\u00e3o e 299 exames foram descartados. Ao todo, 1399 casos foram notificados. Do total de confirma\u00e7\u00f5es em todo o munic\u00edpio, 47% o que equivale a 264 foram na [&hellip;]","og_url":"https:\/\/radiolifefm.com.br\/noticias\/adamantina-ultrapassa-560-casos-de-dengue\/","og_site_name":"R\u00e1dio Life FM","article_publisher":"https:\/\/www.facebook.com\/radiolifefm\/","article_published_time":"2022-05-31T00:31:38+00:00","article_modified_time":"2026-04-24T08:27:58+00:00","og_image":[{"width":1200,"height":630,"url":"https:\/\/radiolifefm.com.br\/noticias\/wp-content\/uploads\/2020\/05\/Dengue-Imagem-2-Cortada.jpg","type":"image\/jpeg"}],"author":"ritanery","twitter_card":"summary_large_image","twitter_misc":{"Escrito por":"ritanery","Est. tempo de leitura":"2 minutos"},"schema":{"@context":"https:\/\/schema.org","@graph":[{"@type":"Article","@id":"https:\/\/radiolifefm.com.br\/noticias\/adamantina-ultrapassa-560-casos-de-dengue\/#article","isPartOf":{"@id":"https:\/\/radiolifefm.com.br\/noticias\/adamantina-ultrapassa-560-casos-de-dengue\/"},"author":{"name":"ritanery","@id":"https:\/\/radiolifefm.com.br\/noticias\/#\/schema\/person\/6339b9fac59d12b071dec680d7375d87"},"headline":"Adamantina ultrapassa 560 casos de dengue","datePublished":"2022-05-31T00:31:38+00:00","dateModified":"2026-04-24T08:27:58+00:00","mainEntityOfPage":{"@id":"https:\/\/radiolifefm.com.br\/noticias\/adamantina-ultrapassa-560-casos-de-dengue\/"},"wordCount":270,"publisher":{"@id":"https:\/\/radiolifefm.com.br\/noticias\/#organization"},"image":{"@id":"https:\/\/radiolifefm.com.br\/noticias\/adamantina-ultrapassa-560-casos-de-dengue\/#primaryimage"},"thumbnailUrl":"https:\/\/radiolifefm.com.br\/noticias\/wp-content\/uploads\/2020\/05\/Dengue-Imagem-2-Cortada.jpg","articleSection":["Adamantina"],"inLanguage":"pt-BR"},{"@type":"WebPage","@id":"https:\/\/radiolifefm.com.br\/noticias\/adamantina-ultrapassa-560-casos-de-dengue\/","url":"https:\/\/radiolifefm.com.br\/noticias\/adamantina-ultrapassa-560-casos-de-dengue\/","name":"Adamantina ultrapassa 560 casos de dengue - R\u00e1dio Life FM","isPartOf":{"@id":"https:\/\/radiolifefm.com.br\/noticias\/#website"},"primaryImageOfPage":{"@id":"https:\/\/radiolifefm.com.br\/noticias\/adamantina-ultrapassa-560-casos-de-dengue\/#primaryimage"},"image":{"@id":"https:\/\/radiolifefm.com.br\/noticias\/adamantina-ultrapassa-560-casos-de-dengue\/#primaryimage"},"thumbnailUrl":"https:\/\/radiolifefm.com.br\/noticias\/wp-content\/uploads\/2020\/05\/Dengue-Imagem-2-Cortada.jpg","datePublished":"2022-05-31T00:31:38+00:00","dateModified":"2026-04-24T08:27:58+00:00","breadcrumb":{"@id":"https:\/\/radiolifefm.com.br\/noticias\/adamantina-ultrapassa-560-casos-de-dengue\/#breadcrumb"},"inLanguage":"pt-BR","potentialAction":[{"@type":"ReadAction","target":["https:\/\/radiolifefm.com.br\/noticias\/adamantina-ultrapassa-560-casos-de-dengue\/"]}]},{"@type":"ImageObject","inLanguage":"pt-BR","@id":"https:\/\/radiolifefm.com.br\/noticias\/adamantina-ultrapassa-560-casos-de-dengue\/#primaryimage","url":"https:\/\/radiolifefm.com.br\/noticias\/wp-content\/uploads\/2020\/05\/Dengue-Imagem-2-Cortada.jpg","contentUrl":"https:\/\/radiolifefm.com.br\/noticias\/wp-content\/uploads\/2020\/05\/Dengue-Imagem-2-Cortada.jpg","width":1200,"height":630},{"@type":"BreadcrumbList","@id":"https:\/\/radiolifefm.com.br\/noticias\/adamantina-ultrapassa-560-casos-de-dengue\/#breadcrumb","itemListElement":[{"@type":"ListItem","position":1,"name":"In\u00edcio","item":"https:\/\/radiolifefm.com.br\/noticias\/"},{"@type":"ListItem","position":2,"name":"Adamantina ultrapassa 560 casos de dengue"}]},{"@type":"WebSite","@id":"https:\/\/radiolifefm.com.br\/noticias\/#website","url":"https:\/\/radiolifefm.com.br\/noticias\/","name":"R\u00e1dio Life FM","description":"O Portal de Not\u00edcias de Adamantina","publisher":{"@id":"https:\/\/radiolifefm.com.br\/noticias\/#organization"},"alternateName":"Life FM","potentialAction":[{"@type":"SearchAction","target":{"@type":"EntryPoint","urlTemplate":"https:\/\/radiolifefm.com.br\/noticias\/?s={search_term_string}"},"query-input":{"@type":"PropertyValueSpecification","valueRequired":true,"valueName":"search_term_string"}}],"inLanguage":"pt-BR"},{"@type":"Organization","@id":"https:\/\/radiolifefm.com.br\/noticias\/#organization","name":"R\u00e1dio Life FM","alternateName":"Life FM","url":"https:\/\/radiolifefm.com.br\/noticias\/","logo":{"@type":"ImageObject","inLanguage":"pt-BR","@id":"https:\/\/radiolifefm.com.br\/noticias\/#\/schema\/logo\/image\/","url":"https:\/\/static.radiolifefm.com.br\/noticias\/wp-content\/uploads\/2019\/10\/logo-lifefm.png","contentUrl":"https:\/\/static.radiolifefm.com.br\/noticias\/wp-content\/uploads\/2019\/10\/logo-lifefm.png","width":196,"height":47,"caption":"R\u00e1dio Life FM"},"image":{"@id":"https:\/\/radiolifefm.com.br\/noticias\/#\/schema\/logo\/image\/"},"sameAs":["https:\/\/www.facebook.com\/radiolifefm\/","https:\/\/www.instagram.com\/life1079fm\/"]},{"@type":"Person","@id":"https:\/\/radiolifefm.com.br\/noticias\/#\/schema\/person\/6339b9fac59d12b071dec680d7375d87","name":"ritanery","image":{"@type":"ImageObject","inLanguage":"pt-BR","@id":"https:\/\/secure.gravatar.com\/avatar\/0e37bb19071f47c0b8a23f62a903df117c5a0e75f65a0c2901562f97cd41cf86?s=96&d=mm&r=g","url":"https:\/\/secure.gravatar.com\/avatar\/0e37bb19071f47c0b8a23f62a903df117c5a0e75f65a0c2901562f97cd41cf86?s=96&d=mm&r=g","contentUrl":"https:\/\/secure.gravatar.com\/avatar\/0e37bb19071f47c0b8a23f62a903df117c5a0e75f65a0c2901562f97cd41cf86?s=96&d=mm&r=g","caption":"ritanery"}}]}},"amp_enabled":true,"_links":{"self":[{"href":"https:\/\/radiolifefm.com.br\/noticias\/wp-json\/wp\/v2\/posts\/54198","targetHints":{"allow":["GET"]}}],"collection":[{"href":"https:\/\/radiolifefm.com.br\/noticias\/wp-json\/wp\/v2\/posts"}],"about":[{"href":"https:\/\/radiolifefm.com.br\/noticias\/wp-json\/wp\/v2\/types\/post"}],"author":[{"embeddable":true,"href":"https:\/\/radiolifefm.com.br\/noticias\/wp-json\/wp\/v2\/users\/13"}],"replies":[{"embeddable":true,"href":"https:\/\/radiolifefm.com.br\/noticias\/wp-json\/wp\/v2\/comments?post=54198"}],"version-history":[{"count":4,"href":"https:\/\/radiolifefm.com.br\/noticias\/wp-json\/wp\/v2\/posts\/54198\/revisions"}],"predecessor-version":[{"id":54202,"href":"https:\/\/radiolifefm.com.br\/noticias\/wp-json\/wp\/v2\/posts\/54198\/revisions\/54202"}],"wp:featuredmedia":[{"embeddable":true,"href":"https:\/\/radiolifefm.com.br\/noticias\/wp-json\/wp\/v2\/media\/23394"}],"wp:attachment":[{"href":"https:\/\/radiolifefm.com.br\/noticias\/wp-json\/wp\/v2\/media?parent=54198"}],"wp:term":[{"taxonomy":"category","embeddable":true,"href":"https:\/\/radiolifefm.com.br\/noticias\/wp-json\/wp\/v2\/categories?post=54198"},{"taxonomy":"post_tag","embeddable":true,"href":"https:\/\/radiolifefm.com.br\/noticias\/wp-json\/wp\/v2\/tags?post=54198"}],"curies":[{"name":"wp","href":"https:\/\/api.w.org\/{rel}","templated":true}]}}