{"id":54192,"date":"2022-05-30T21:28:37","date_gmt":"2022-05-31T00:28:37","guid":{"rendered":"https:\/\/radiolifefm.com.br\/noticias\/?p=54192"},"modified":"2026-04-19T04:04:49","modified_gmt":"2026-04-19T07:04:49","slug":"prefeitura-de-adamantina-divulga-programacao-de-junho-alusiva-aos-73-anos-do-municipio","status":"publish","type":"post","link":"https:\/\/radiolifefm.com.br\/noticias\/prefeitura-de-adamantina-divulga-programacao-de-junho-alusiva-aos-73-anos-do-municipio\/","title":{"rendered":"Prefeitura de Adamantina divulga programa\u00e7\u00e3o de junho alusiva aos 73 anos do munic\u00edpio"},"content":{"rendered":"<div id=\"fb-root\"><\/div>\n<p>Junho, m\u00eas do anivers\u00e1rio de Adamantina, tem in\u00edcio na quarta-feira e para celebrar os 73 anos do munic\u00edpio, as programa\u00e7\u00f5es culturais, shows, jogos, continuar\u00e3o acontecendo durante todo o per\u00edodo. As atividades come\u00e7aram em maio.<\/p>\n<p>Na primeira semana do m\u00eas de junho, as a\u00e7\u00f5es ser\u00e3o realizadas todas no domingo, 5. A partir das 8h, os atiradores do Tiro de Guerra percorreram todos os bairros recolhendo doa\u00e7\u00f5es para a Campanha do Agasalho.<\/p>\n<p>Ainda no domingo, 5, a partir das 9h da manh\u00e3 com a programa\u00e7\u00e3o Feira Livre na Esta\u00e7\u00e3o Recreio. A dupla sertaneja Carlinhos &amp; Dami\u00e3o far\u00e1 uma apresenta\u00e7\u00e3o para os frequentadores do local. A iniciativa \u00e9 uma parceria entre a Secretaria de Cultura e a R\u00e1dio Cultura.<\/p>\n<p>Para encerrar a semana, Samba Beats Trio sobe ao palco em mais uma edi\u00e7\u00e3o do P\u00f4r do Som a partir das 18h30 no Parque dos Pioneiros.<\/p>\n<p><strong>Anivers\u00e1rio de 30 anos da BAMAD<\/strong><\/p>\n<p>No domingo, 12 de junho, v\u00e9spera do anivers\u00e1rio, ser\u00e1 realizado o Pedal Solid\u00e1rio. A sa\u00edda ser\u00e1 da Esta\u00e7\u00e3o Recreio com chegada no Parque dos Pioneiros.<\/p>\n<p>Al\u00e9m disso, na mesma data, em comemora\u00e7\u00e3o aos 30 anos da Banda Marcial de Adamantina (BAMAD), o Parque dos Pioneiros receber\u00e1 o Festival de Bandas Marciais e, ainda, ter\u00e1 uma apresenta\u00e7\u00e3o da Orquestra J\u00falio de Castro de Tup\u00e3 em mais uma edi\u00e7\u00e3o do P\u00f4r do Som.<\/p>\n<p style=\"font-weight: 400\">Nas redes sociais, ser\u00e1 realizada uma campanha de conscientiza\u00e7\u00e3o contra o trabalho infantil.<\/p>\n<p>A programa\u00e7\u00e3o prossegue no dia 13 de junho com uma miss\u00e3o em a\u00e7\u00e3o de gra\u00e7as pelos 73 anos do Munic\u00edpio. J\u00e1 no dia 15 de junho, a Secretaria de Assist\u00eancia Social e parceiros promovem a Campanha de Conscientiza\u00e7\u00e3o contra viol\u00eancia da pessoa idosa.<\/p>\n<p><strong>Amistoso de futebol Veteranos da Prefeitura X Veteranos ADPM<\/strong><\/p>\n<p>No dia 19, ocorrer\u00e1\u00a0a partir das 8h30 um amistoso de futebol entre a Equipe de Veteranos da Prefeitura contra Veteranos ADPM na Associa\u00e7\u00e3o Desportiva da Pol\u00edcia Militar. J\u00e1 no dia 24 de junho, ser\u00e1 realizado o Dia Mundial de Combate \u00e0s Drogas.<\/p>\n<p>No dia 25 de junho, o Jardim Adamantina recebe o Programa Meu Bairro em A\u00e7\u00e3o e acontece a Festa Junina Capela S\u00e3o Jo\u00e3o Batista no Jardim Bela Vista.<\/p>\n<p><strong>Apresenta\u00e7\u00e3o O Ilusionista e a Pianista<\/strong><\/p>\n<p>No s\u00e1bado, 25, a partir das 20h, no Anfiteatro Fernando Paloni ter\u00e1 a apresenta\u00e7\u00e3o o Ilusionista e a Pianista, um show em parceria com o Sesc que conta com a participa\u00e7\u00e3o de Jay Bergamini, adamantinense.<\/p>\n<p>No domingo, 26 de junho, ser\u00e1 realizada mais uma edi\u00e7\u00e3o do P\u00f4r do Som. Na quarta-feira, 29, acontece o Arrai\u00e1 da Cultura na Biblioteca Municipal Jurema Citeli e fechando o m\u00eas, ocorrer\u00e1 a comemora\u00e7\u00e3o dos 30 anos da Delegacia de Defesa da Mulher de Adamantina.<\/p>\n<p>&nbsp;<\/p>\n<p>Fonte: Assessoria de Imprensa<\/p>\n","protected":false},"excerpt":{"rendered":"<p>Junho, m\u00eas do anivers\u00e1rio de Adamantina, tem in\u00edcio na quarta-feira e para celebrar os 73 anos do munic\u00edpio, as programa\u00e7\u00f5es culturais, shows, jogos, continuar\u00e3o acontecendo durante todo o per\u00edodo. As atividades come\u00e7aram em maio. Na primeira semana do m\u00eas de junho, as a\u00e7\u00f5es ser\u00e3o realizadas todas no domingo, 5. A partir das 8h, os atiradores [&hellip;]<\/p>\n","protected":false},"author":13,"featured_media":54193,"comment_status":"closed","ping_status":"open","sticky":false,"template":"","format":"standard","meta":{"_acf_changed":false,"_exactmetrics_skip_tracking":false,"_exactmetrics_sitenote_active":false,"_exactmetrics_sitenote_note":"","_exactmetrics_sitenote_category":0,"footnotes":""},"categories":[21],"tags":[],"class_list":["post-54192","post","type-post","status-publish","format-standard","has-post-thumbnail","hentry","category-adamantina"],"acf":[],"yoast_head":"<!-- This site is optimized with the Yoast SEO plugin v27.2 - https:\/\/yoast.com\/product\/yoast-seo-wordpress\/ -->\n<title>Prefeitura de Adamantina divulga programa\u00e7\u00e3o de junho alusiva aos 73 anos do munic\u00edpio - R\u00e1dio Life FM<\/title>\n<meta name=\"robots\" content=\"index, follow, max-snippet:-1, max-image-preview:large, max-video-preview:-1\" \/>\n<link rel=\"canonical\" href=\"https:\/\/radiolifefm.com.br\/noticias\/prefeitura-de-adamantina-divulga-programacao-de-junho-alusiva-aos-73-anos-do-municipio\/\" \/>\n<meta property=\"og:locale\" content=\"pt_BR\" \/>\n<meta property=\"og:type\" content=\"article\" \/>\n<meta property=\"og:title\" content=\"Prefeitura de Adamantina divulga programa\u00e7\u00e3o de junho alusiva aos 73 anos do munic\u00edpio - R\u00e1dio Life FM\" \/>\n<meta property=\"og:description\" content=\"Junho, m\u00eas do anivers\u00e1rio de Adamantina, tem in\u00edcio na quarta-feira e para celebrar os 73 anos do munic\u00edpio, as programa\u00e7\u00f5es culturais, shows, jogos, continuar\u00e3o acontecendo durante todo o per\u00edodo. As atividades come\u00e7aram em maio. Na primeira semana do m\u00eas de junho, as a\u00e7\u00f5es ser\u00e3o realizadas todas no domingo, 5. A partir das 8h, os atiradores [&hellip;]\" \/>\n<meta property=\"og:url\" content=\"https:\/\/radiolifefm.com.br\/noticias\/prefeitura-de-adamantina-divulga-programacao-de-junho-alusiva-aos-73-anos-do-municipio\/\" \/>\n<meta property=\"og:site_name\" content=\"R\u00e1dio Life FM\" \/>\n<meta property=\"article:publisher\" content=\"https:\/\/www.facebook.com\/radiolifefm\/\" \/>\n<meta property=\"article:published_time\" content=\"2022-05-31T00:28:37+00:00\" \/>\n<meta property=\"article:modified_time\" content=\"2026-04-19T07:04:49+00:00\" \/>\n<meta property=\"og:image\" content=\"https:\/\/radiolifefm.com.br\/noticias\/wp-content\/uploads\/2022\/05\/e017ca26e2f14367d5919eb869b5b166.jpg\" \/>\n\t<meta property=\"og:image:width\" content=\"848\" \/>\n\t<meta property=\"og:image:height\" content=\"314\" \/>\n\t<meta property=\"og:image:type\" content=\"image\/jpeg\" \/>\n<meta name=\"author\" content=\"ritanery\" \/>\n<meta name=\"twitter:card\" content=\"summary_large_image\" \/>\n<meta name=\"twitter:label1\" content=\"Escrito por\" \/>\n\t<meta name=\"twitter:data1\" content=\"ritanery\" \/>\n\t<meta name=\"twitter:label2\" content=\"Est. tempo de leitura\" \/>\n\t<meta name=\"twitter:data2\" content=\"3 minutos\" \/>\n<script type=\"application\/ld+json\" class=\"yoast-schema-graph\">{\"@context\":\"https:\/\/schema.org\",\"@graph\":[{\"@type\":\"Article\",\"@id\":\"https:\/\/radiolifefm.com.br\/noticias\/prefeitura-de-adamantina-divulga-programacao-de-junho-alusiva-aos-73-anos-do-municipio\/#article\",\"isPartOf\":{\"@id\":\"https:\/\/radiolifefm.com.br\/noticias\/prefeitura-de-adamantina-divulga-programacao-de-junho-alusiva-aos-73-anos-do-municipio\/\"},\"author\":{\"name\":\"ritanery\",\"@id\":\"https:\/\/radiolifefm.com.br\/noticias\/#\/schema\/person\/6339b9fac59d12b071dec680d7375d87\"},\"headline\":\"Prefeitura de Adamantina divulga programa\u00e7\u00e3o de junho alusiva aos 73 anos do munic\u00edpio\",\"datePublished\":\"2022-05-31T00:28:37+00:00\",\"dateModified\":\"2026-04-19T07:04:49+00:00\",\"mainEntityOfPage\":{\"@id\":\"https:\/\/radiolifefm.com.br\/noticias\/prefeitura-de-adamantina-divulga-programacao-de-junho-alusiva-aos-73-anos-do-municipio\/\"},\"wordCount\":496,\"publisher\":{\"@id\":\"https:\/\/radiolifefm.com.br\/noticias\/#organization\"},\"image\":{\"@id\":\"https:\/\/radiolifefm.com.br\/noticias\/prefeitura-de-adamantina-divulga-programacao-de-junho-alusiva-aos-73-anos-do-municipio\/#primaryimage\"},\"thumbnailUrl\":\"https:\/\/radiolifefm.com.br\/noticias\/wp-content\/uploads\/2022\/05\/e017ca26e2f14367d5919eb869b5b166.jpg\",\"articleSection\":[\"Adamantina\"],\"inLanguage\":\"pt-BR\"},{\"@type\":\"WebPage\",\"@id\":\"https:\/\/radiolifefm.com.br\/noticias\/prefeitura-de-adamantina-divulga-programacao-de-junho-alusiva-aos-73-anos-do-municipio\/\",\"url\":\"https:\/\/radiolifefm.com.br\/noticias\/prefeitura-de-adamantina-divulga-programacao-de-junho-alusiva-aos-73-anos-do-municipio\/\",\"name\":\"Prefeitura de Adamantina divulga programa\u00e7\u00e3o de junho alusiva aos 73 anos do munic\u00edpio - R\u00e1dio Life FM\",\"isPartOf\":{\"@id\":\"https:\/\/radiolifefm.com.br\/noticias\/#website\"},\"primaryImageOfPage\":{\"@id\":\"https:\/\/radiolifefm.com.br\/noticias\/prefeitura-de-adamantina-divulga-programacao-de-junho-alusiva-aos-73-anos-do-municipio\/#primaryimage\"},\"image\":{\"@id\":\"https:\/\/radiolifefm.com.br\/noticias\/prefeitura-de-adamantina-divulga-programacao-de-junho-alusiva-aos-73-anos-do-municipio\/#primaryimage\"},\"thumbnailUrl\":\"https:\/\/radiolifefm.com.br\/noticias\/wp-content\/uploads\/2022\/05\/e017ca26e2f14367d5919eb869b5b166.jpg\",\"datePublished\":\"2022-05-31T00:28:37+00:00\",\"dateModified\":\"2026-04-19T07:04:49+00:00\",\"breadcrumb\":{\"@id\":\"https:\/\/radiolifefm.com.br\/noticias\/prefeitura-de-adamantina-divulga-programacao-de-junho-alusiva-aos-73-anos-do-municipio\/#breadcrumb\"},\"inLanguage\":\"pt-BR\",\"potentialAction\":[{\"@type\":\"ReadAction\",\"target\":[\"https:\/\/radiolifefm.com.br\/noticias\/prefeitura-de-adamantina-divulga-programacao-de-junho-alusiva-aos-73-anos-do-municipio\/\"]}]},{\"@type\":\"ImageObject\",\"inLanguage\":\"pt-BR\",\"@id\":\"https:\/\/radiolifefm.com.br\/noticias\/prefeitura-de-adamantina-divulga-programacao-de-junho-alusiva-aos-73-anos-do-municipio\/#primaryimage\",\"url\":\"https:\/\/radiolifefm.com.br\/noticias\/wp-content\/uploads\/2022\/05\/e017ca26e2f14367d5919eb869b5b166.jpg\",\"contentUrl\":\"https:\/\/radiolifefm.com.br\/noticias\/wp-content\/uploads\/2022\/05\/e017ca26e2f14367d5919eb869b5b166.jpg\",\"width\":848,\"height\":314},{\"@type\":\"BreadcrumbList\",\"@id\":\"https:\/\/radiolifefm.com.br\/noticias\/prefeitura-de-adamantina-divulga-programacao-de-junho-alusiva-aos-73-anos-do-municipio\/#breadcrumb\",\"itemListElement\":[{\"@type\":\"ListItem\",\"position\":1,\"name\":\"In\u00edcio\",\"item\":\"https:\/\/radiolifefm.com.br\/noticias\/\"},{\"@type\":\"ListItem\",\"position\":2,\"name\":\"Prefeitura de Adamantina divulga programa\u00e7\u00e3o de junho alusiva aos 73 anos do munic\u00edpio\"}]},{\"@type\":\"WebSite\",\"@id\":\"https:\/\/radiolifefm.com.br\/noticias\/#website\",\"url\":\"https:\/\/radiolifefm.com.br\/noticias\/\",\"name\":\"R\u00e1dio Life FM\",\"description\":\"O Portal de Not\u00edcias de Adamantina\",\"publisher\":{\"@id\":\"https:\/\/radiolifefm.com.br\/noticias\/#organization\"},\"alternateName\":\"Life FM\",\"potentialAction\":[{\"@type\":\"SearchAction\",\"target\":{\"@type\":\"EntryPoint\",\"urlTemplate\":\"https:\/\/radiolifefm.com.br\/noticias\/?s={search_term_string}\"},\"query-input\":{\"@type\":\"PropertyValueSpecification\",\"valueRequired\":true,\"valueName\":\"search_term_string\"}}],\"inLanguage\":\"pt-BR\"},{\"@type\":\"Organization\",\"@id\":\"https:\/\/radiolifefm.com.br\/noticias\/#organization\",\"name\":\"R\u00e1dio Life FM\",\"alternateName\":\"Life FM\",\"url\":\"https:\/\/radiolifefm.com.br\/noticias\/\",\"logo\":{\"@type\":\"ImageObject\",\"inLanguage\":\"pt-BR\",\"@id\":\"https:\/\/radiolifefm.com.br\/noticias\/#\/schema\/logo\/image\/\",\"url\":\"https:\/\/static.radiolifefm.com.br\/noticias\/wp-content\/uploads\/2019\/10\/logo-lifefm.png\",\"contentUrl\":\"https:\/\/static.radiolifefm.com.br\/noticias\/wp-content\/uploads\/2019\/10\/logo-lifefm.png\",\"width\":196,\"height\":47,\"caption\":\"R\u00e1dio Life FM\"},\"image\":{\"@id\":\"https:\/\/radiolifefm.com.br\/noticias\/#\/schema\/logo\/image\/\"},\"sameAs\":[\"https:\/\/www.facebook.com\/radiolifefm\/\",\"https:\/\/www.instagram.com\/life1079fm\/\"]},{\"@type\":\"Person\",\"@id\":\"https:\/\/radiolifefm.com.br\/noticias\/#\/schema\/person\/6339b9fac59d12b071dec680d7375d87\",\"name\":\"ritanery\",\"image\":{\"@type\":\"ImageObject\",\"inLanguage\":\"pt-BR\",\"@id\":\"https:\/\/secure.gravatar.com\/avatar\/0e37bb19071f47c0b8a23f62a903df117c5a0e75f65a0c2901562f97cd41cf86?s=96&d=mm&r=g\",\"url\":\"https:\/\/secure.gravatar.com\/avatar\/0e37bb19071f47c0b8a23f62a903df117c5a0e75f65a0c2901562f97cd41cf86?s=96&d=mm&r=g\",\"contentUrl\":\"https:\/\/secure.gravatar.com\/avatar\/0e37bb19071f47c0b8a23f62a903df117c5a0e75f65a0c2901562f97cd41cf86?s=96&d=mm&r=g\",\"caption\":\"ritanery\"}}]}<\/script>\n<!-- \/ Yoast SEO plugin. -->","yoast_head_json":{"title":"Prefeitura de Adamantina divulga programa\u00e7\u00e3o de junho alusiva aos 73 anos do munic\u00edpio - R\u00e1dio Life FM","robots":{"index":"index","follow":"follow","max-snippet":"max-snippet:-1","max-image-preview":"max-image-preview:large","max-video-preview":"max-video-preview:-1"},"canonical":"https:\/\/radiolifefm.com.br\/noticias\/prefeitura-de-adamantina-divulga-programacao-de-junho-alusiva-aos-73-anos-do-municipio\/","og_locale":"pt_BR","og_type":"article","og_title":"Prefeitura de Adamantina divulga programa\u00e7\u00e3o de junho alusiva aos 73 anos do munic\u00edpio - R\u00e1dio Life FM","og_description":"Junho, m\u00eas do anivers\u00e1rio de Adamantina, tem in\u00edcio na quarta-feira e para celebrar os 73 anos do munic\u00edpio, as programa\u00e7\u00f5es culturais, shows, jogos, continuar\u00e3o acontecendo durante todo o per\u00edodo. As atividades come\u00e7aram em maio. Na primeira semana do m\u00eas de junho, as a\u00e7\u00f5es ser\u00e3o realizadas todas no domingo, 5. A partir das 8h, os atiradores [&hellip;]","og_url":"https:\/\/radiolifefm.com.br\/noticias\/prefeitura-de-adamantina-divulga-programacao-de-junho-alusiva-aos-73-anos-do-municipio\/","og_site_name":"R\u00e1dio Life FM","article_publisher":"https:\/\/www.facebook.com\/radiolifefm\/","article_published_time":"2022-05-31T00:28:37+00:00","article_modified_time":"2026-04-19T07:04:49+00:00","og_image":[{"width":848,"height":314,"url":"https:\/\/radiolifefm.com.br\/noticias\/wp-content\/uploads\/2022\/05\/e017ca26e2f14367d5919eb869b5b166.jpg","type":"image\/jpeg"}],"author":"ritanery","twitter_card":"summary_large_image","twitter_misc":{"Escrito por":"ritanery","Est. tempo de leitura":"3 minutos"},"schema":{"@context":"https:\/\/schema.org","@graph":[{"@type":"Article","@id":"https:\/\/radiolifefm.com.br\/noticias\/prefeitura-de-adamantina-divulga-programacao-de-junho-alusiva-aos-73-anos-do-municipio\/#article","isPartOf":{"@id":"https:\/\/radiolifefm.com.br\/noticias\/prefeitura-de-adamantina-divulga-programacao-de-junho-alusiva-aos-73-anos-do-municipio\/"},"author":{"name":"ritanery","@id":"https:\/\/radiolifefm.com.br\/noticias\/#\/schema\/person\/6339b9fac59d12b071dec680d7375d87"},"headline":"Prefeitura de Adamantina divulga programa\u00e7\u00e3o de junho alusiva aos 73 anos do munic\u00edpio","datePublished":"2022-05-31T00:28:37+00:00","dateModified":"2026-04-19T07:04:49+00:00","mainEntityOfPage":{"@id":"https:\/\/radiolifefm.com.br\/noticias\/prefeitura-de-adamantina-divulga-programacao-de-junho-alusiva-aos-73-anos-do-municipio\/"},"wordCount":496,"publisher":{"@id":"https:\/\/radiolifefm.com.br\/noticias\/#organization"},"image":{"@id":"https:\/\/radiolifefm.com.br\/noticias\/prefeitura-de-adamantina-divulga-programacao-de-junho-alusiva-aos-73-anos-do-municipio\/#primaryimage"},"thumbnailUrl":"https:\/\/radiolifefm.com.br\/noticias\/wp-content\/uploads\/2022\/05\/e017ca26e2f14367d5919eb869b5b166.jpg","articleSection":["Adamantina"],"inLanguage":"pt-BR"},{"@type":"WebPage","@id":"https:\/\/radiolifefm.com.br\/noticias\/prefeitura-de-adamantina-divulga-programacao-de-junho-alusiva-aos-73-anos-do-municipio\/","url":"https:\/\/radiolifefm.com.br\/noticias\/prefeitura-de-adamantina-divulga-programacao-de-junho-alusiva-aos-73-anos-do-municipio\/","name":"Prefeitura de Adamantina divulga programa\u00e7\u00e3o de junho alusiva aos 73 anos do munic\u00edpio - R\u00e1dio Life FM","isPartOf":{"@id":"https:\/\/radiolifefm.com.br\/noticias\/#website"},"primaryImageOfPage":{"@id":"https:\/\/radiolifefm.com.br\/noticias\/prefeitura-de-adamantina-divulga-programacao-de-junho-alusiva-aos-73-anos-do-municipio\/#primaryimage"},"image":{"@id":"https:\/\/radiolifefm.com.br\/noticias\/prefeitura-de-adamantina-divulga-programacao-de-junho-alusiva-aos-73-anos-do-municipio\/#primaryimage"},"thumbnailUrl":"https:\/\/radiolifefm.com.br\/noticias\/wp-content\/uploads\/2022\/05\/e017ca26e2f14367d5919eb869b5b166.jpg","datePublished":"2022-05-31T00:28:37+00:00","dateModified":"2026-04-19T07:04:49+00:00","breadcrumb":{"@id":"https:\/\/radiolifefm.com.br\/noticias\/prefeitura-de-adamantina-divulga-programacao-de-junho-alusiva-aos-73-anos-do-municipio\/#breadcrumb"},"inLanguage":"pt-BR","potentialAction":[{"@type":"ReadAction","target":["https:\/\/radiolifefm.com.br\/noticias\/prefeitura-de-adamantina-divulga-programacao-de-junho-alusiva-aos-73-anos-do-municipio\/"]}]},{"@type":"ImageObject","inLanguage":"pt-BR","@id":"https:\/\/radiolifefm.com.br\/noticias\/prefeitura-de-adamantina-divulga-programacao-de-junho-alusiva-aos-73-anos-do-municipio\/#primaryimage","url":"https:\/\/radiolifefm.com.br\/noticias\/wp-content\/uploads\/2022\/05\/e017ca26e2f14367d5919eb869b5b166.jpg","contentUrl":"https:\/\/radiolifefm.com.br\/noticias\/wp-content\/uploads\/2022\/05\/e017ca26e2f14367d5919eb869b5b166.jpg","width":848,"height":314},{"@type":"BreadcrumbList","@id":"https:\/\/radiolifefm.com.br\/noticias\/prefeitura-de-adamantina-divulga-programacao-de-junho-alusiva-aos-73-anos-do-municipio\/#breadcrumb","itemListElement":[{"@type":"ListItem","position":1,"name":"In\u00edcio","item":"https:\/\/radiolifefm.com.br\/noticias\/"},{"@type":"ListItem","position":2,"name":"Prefeitura de Adamantina divulga programa\u00e7\u00e3o de junho alusiva aos 73 anos do munic\u00edpio"}]},{"@type":"WebSite","@id":"https:\/\/radiolifefm.com.br\/noticias\/#website","url":"https:\/\/radiolifefm.com.br\/noticias\/","name":"R\u00e1dio Life FM","description":"O Portal de Not\u00edcias de Adamantina","publisher":{"@id":"https:\/\/radiolifefm.com.br\/noticias\/#organization"},"alternateName":"Life FM","potentialAction":[{"@type":"SearchAction","target":{"@type":"EntryPoint","urlTemplate":"https:\/\/radiolifefm.com.br\/noticias\/?s={search_term_string}"},"query-input":{"@type":"PropertyValueSpecification","valueRequired":true,"valueName":"search_term_string"}}],"inLanguage":"pt-BR"},{"@type":"Organization","@id":"https:\/\/radiolifefm.com.br\/noticias\/#organization","name":"R\u00e1dio Life FM","alternateName":"Life FM","url":"https:\/\/radiolifefm.com.br\/noticias\/","logo":{"@type":"ImageObject","inLanguage":"pt-BR","@id":"https:\/\/radiolifefm.com.br\/noticias\/#\/schema\/logo\/image\/","url":"https:\/\/static.radiolifefm.com.br\/noticias\/wp-content\/uploads\/2019\/10\/logo-lifefm.png","contentUrl":"https:\/\/static.radiolifefm.com.br\/noticias\/wp-content\/uploads\/2019\/10\/logo-lifefm.png","width":196,"height":47,"caption":"R\u00e1dio Life FM"},"image":{"@id":"https:\/\/radiolifefm.com.br\/noticias\/#\/schema\/logo\/image\/"},"sameAs":["https:\/\/www.facebook.com\/radiolifefm\/","https:\/\/www.instagram.com\/life1079fm\/"]},{"@type":"Person","@id":"https:\/\/radiolifefm.com.br\/noticias\/#\/schema\/person\/6339b9fac59d12b071dec680d7375d87","name":"ritanery","image":{"@type":"ImageObject","inLanguage":"pt-BR","@id":"https:\/\/secure.gravatar.com\/avatar\/0e37bb19071f47c0b8a23f62a903df117c5a0e75f65a0c2901562f97cd41cf86?s=96&d=mm&r=g","url":"https:\/\/secure.gravatar.com\/avatar\/0e37bb19071f47c0b8a23f62a903df117c5a0e75f65a0c2901562f97cd41cf86?s=96&d=mm&r=g","contentUrl":"https:\/\/secure.gravatar.com\/avatar\/0e37bb19071f47c0b8a23f62a903df117c5a0e75f65a0c2901562f97cd41cf86?s=96&d=mm&r=g","caption":"ritanery"}}]}},"amp_enabled":true,"_links":{"self":[{"href":"https:\/\/radiolifefm.com.br\/noticias\/wp-json\/wp\/v2\/posts\/54192","targetHints":{"allow":["GET"]}}],"collection":[{"href":"https:\/\/radiolifefm.com.br\/noticias\/wp-json\/wp\/v2\/posts"}],"about":[{"href":"https:\/\/radiolifefm.com.br\/noticias\/wp-json\/wp\/v2\/types\/post"}],"author":[{"embeddable":true,"href":"https:\/\/radiolifefm.com.br\/noticias\/wp-json\/wp\/v2\/users\/13"}],"replies":[{"embeddable":true,"href":"https:\/\/radiolifefm.com.br\/noticias\/wp-json\/wp\/v2\/comments?post=54192"}],"version-history":[{"count":4,"href":"https:\/\/radiolifefm.com.br\/noticias\/wp-json\/wp\/v2\/posts\/54192\/revisions"}],"predecessor-version":[{"id":54197,"href":"https:\/\/radiolifefm.com.br\/noticias\/wp-json\/wp\/v2\/posts\/54192\/revisions\/54197"}],"wp:featuredmedia":[{"embeddable":true,"href":"https:\/\/radiolifefm.com.br\/noticias\/wp-json\/wp\/v2\/media\/54193"}],"wp:attachment":[{"href":"https:\/\/radiolifefm.com.br\/noticias\/wp-json\/wp\/v2\/media?parent=54192"}],"wp:term":[{"taxonomy":"category","embeddable":true,"href":"https:\/\/radiolifefm.com.br\/noticias\/wp-json\/wp\/v2\/categories?post=54192"},{"taxonomy":"post_tag","embeddable":true,"href":"https:\/\/radiolifefm.com.br\/noticias\/wp-json\/wp\/v2\/tags?post=54192"}],"curies":[{"name":"wp","href":"https:\/\/api.w.org\/{rel}","templated":true}]}}