{"id":53931,"date":"2022-05-25T08:11:55","date_gmt":"2022-05-25T11:11:55","guid":{"rendered":"https:\/\/radiolifefm.com.br\/noticias\/?p=53931"},"modified":"2026-03-18T16:07:23","modified_gmt":"2026-03-18T19:07:23","slug":"sociologia-ciencia-e-reflexao","status":"publish","type":"post","link":"https:\/\/radiolifefm.com.br\/noticias\/sociologia-ciencia-e-reflexao\/","title":{"rendered":"SOCIOLOGIA: CI\u00caNCIA E REFLEX\u00c3O!"},"content":{"rendered":"<div id=\"fb-root\"><\/div>\n<p>&nbsp;<\/p>\n<p><em>\u201cEm grande medida, a fun\u00e7\u00e3o do soci\u00f3logo de nossos dias \u00e9 liberar sua ci\u00eancia do aprisionamento que o poder burgu\u00eas lhe imp\u00f4s e transformar a sociologia em um instrumento de transforma\u00e7\u00e3o social\u201d.<\/em> (C.B. Martins in \u2018O que \u00e9 Sociologia\u2019, Cole\u00e7\u00e3o Primeiros Passos, C\u00edrculo do Livro, Volume 12, 1994, p\u00e1g. 174.).<\/p>\n<p>&nbsp;<\/p>\n<p><em>S\u00e9rgio Barbosa (*)\u00a0 <\/em><\/p>\n<p><strong>\u00a0<\/strong><\/p>\n<p>A sociologia \u00e9 uma ci\u00eancia contradit\u00f3ria, utilizada para v\u00e1rios interesses adversos a sua proposta te\u00f3rica frente ao lado da pr\u00e1xis, bem como, quando o poder institucionalizado pela opress\u00e3o usa das suas bases te\u00f3ricas para a manuten\u00e7\u00e3o do mesmo&#8230;<\/p>\n<p>Tamb\u00e9m, o outro lado, ou seja, os movimentos revolucion\u00e1rios tendem a refor\u00e7ar suas propostas visando mudan\u00e7as por meio das propostas sociol\u00f3gicas comprometidas com o referencial te\u00f3rico dos\/as pesquisadores\/as&#8230;<\/p>\n<p>\u00c9 fundamental conhecer a Hist\u00f3ria da Sociologia para um entendimento mediado pela reflex\u00e3o cr\u00edtica neste contexto dial\u00e9tico, tamb\u00e9m, para um posicionamento frente \u00e0s mudan\u00e7as em n\u00edvel internacional&#8230;<\/p>\n<p>A sociologia, bem como, outras ci\u00eancias acad\u00eamicas, decorrem das tentativas para uma compreens\u00e3o de um ou mais contextos relacionados com as sociedades capitalistas, socialistas, comunistas e outras&#8230;<\/p>\n<p>A denominada sociedade moderna, embora existam outras propostas nesta proposta social, entende que \u00e9 necess\u00e1ria uma reflex\u00e3o te\u00f3rica para fazer frente aos acontecimentos de uma sociedade&#8230;<\/p>\n<p>Os pensadores desta sociologia apresentam bases te\u00f3ricas como referencial para uma interpreta\u00e7\u00e3o hist\u00f3ricos sobre os desencontros da civiliza\u00e7\u00e3o por meio dos acontecimentos nas \u00e1reas afins aos interesses dos\/as pesquisadores\/as da \u00e1rea sociol\u00f3gica&#8230;<\/p>\n<p>Um dos maiores nomes da Sociologia \u00e9 Augusto Comte, bem como, outros pesquisadores, inclusive, o pensamento positivista, presente, ainda em muitas sociedades decorre da proposta de Comte quando da elabora\u00e7\u00e3o das teses visando a cria\u00e7\u00e3o do Positivismo como movimento internacional&#8230;<\/p>\n<p>Foi no cen\u00e1rio do s\u00e9culo XVIII que aconteceu a proposta apresentada pela sociologia, tendo como pano de fundo dois acontecimentos importantes para a Hist\u00f3ria da Humanidade, a saber: as revolu\u00e7\u00f5es industrial e francesa&#8230;<\/p>\n<p>A Revolu\u00e7\u00e3o Industrial, baseada na Inglaterra, extrapolou as m\u00e1quinas, causando uma outra revolu\u00e7\u00e3o, ou seja, tirando os trabalhadores da \u00e1rea rural, proporcionando uma invas\u00e3o dos mesmos para a \u00e1rea urbana&#8230;<\/p>\n<p>Pelas \u201cm\u00e3os da revolu\u00e7\u00e3o industrial\u201d, aparece neste cen\u00e1rio o outro lado do avan\u00e7o industrial, os prolet\u00e1rios e seus problemas nas esferas sociais, econ\u00f4micas e pol\u00edtica, refor\u00e7ando o car\u00e1ter predat\u00f3rio da explora\u00e7\u00e3o do ser humano pelo sistema social implantado&#8230;<\/p>\n<p>O pensamento aparece neste meio como uma alternativa cr\u00edtica sobre os acontecimentos oriundos da revolu\u00e7\u00e3o Industrial, tamb\u00e9m, outros problemas colaboram com a reflex\u00e3o sociol\u00f3gica entre pesquisadores nas \u00e1reas das ci\u00eancias f\u00edsica, natural e acad\u00eamica&#8230;<\/p>\n<p>A Sociologia, tamb\u00e9m, entendida como Ci\u00eancias Sociais, atendeu naquele momento as expectativas para um momento crucial para a sociedade, criando novas condi\u00e7\u00f5es mediadas pela reflex\u00e3o do homem sobre a sociedade em meio a Revolu\u00e7\u00e3o Industrial do s\u00e9culo XVIII&#8230;<\/p>\n<p><strong><em>________________________________________<\/em><\/strong><\/p>\n<p><strong><em>(*) Bacharel em Comunica\u00e7\u00e3o Social com habilita\u00e7\u00e3o em Jornalismo pela FCS\/IMS; Jornalista profissional diplomado (MTb No. 16.772\/SP); Mestre em Ci\u00eancias da Religi\u00e3o\/Sociologia da Religi\u00e3o (PPG\/CR-UMESP); Pesquisador da C\u00e1tedra UNESCO\/UMESP de Comunica\u00e7\u00e3o para o Desenvolvimento Regional e professor universit\u00e1rio.<\/em><\/strong><\/p>\n<p><strong><em>E-MAIL: <a href=\"mailto:barbosa.sebar@gmail.com\">barbosa.sebar@gmail.com<\/a><\/em><\/strong><\/p>\n","protected":false},"excerpt":{"rendered":"<p>&nbsp; \u201cEm grande medida, a fun\u00e7\u00e3o do soci\u00f3logo de nossos dias \u00e9 liberar sua ci\u00eancia do aprisionamento que o poder burgu\u00eas lhe imp\u00f4s e transformar a sociologia em um instrumento de transforma\u00e7\u00e3o social\u201d. (C.B. Martins in \u2018O que \u00e9 Sociologia\u2019, Cole\u00e7\u00e3o Primeiros Passos, C\u00edrculo do Livro, Volume 12, 1994, p\u00e1g. 174.). &nbsp; S\u00e9rgio Barbosa (*)\u00a0 [&hellip;]<\/p>\n","protected":false},"author":13,"featured_media":51988,"comment_status":"closed","ping_status":"open","sticky":false,"template":"","format":"standard","meta":{"_acf_changed":false,"_exactmetrics_skip_tracking":false,"_exactmetrics_sitenote_active":false,"_exactmetrics_sitenote_note":"","_exactmetrics_sitenote_category":0,"footnotes":""},"categories":[59],"tags":[],"class_list":["post-53931","post","type-post","status-publish","format-standard","has-post-thumbnail","hentry","category-opiniao"],"acf":[],"yoast_head":"<!-- This site is optimized with the Yoast SEO plugin v27.2 - https:\/\/yoast.com\/product\/yoast-seo-wordpress\/ -->\n<title>SOCIOLOGIA: CI\u00caNCIA E REFLEX\u00c3O! - R\u00e1dio Life FM<\/title>\n<meta name=\"robots\" content=\"index, follow, max-snippet:-1, max-image-preview:large, max-video-preview:-1\" \/>\n<link rel=\"canonical\" href=\"https:\/\/radiolifefm.com.br\/noticias\/sociologia-ciencia-e-reflexao\/\" \/>\n<meta property=\"og:locale\" content=\"pt_BR\" \/>\n<meta property=\"og:type\" content=\"article\" \/>\n<meta property=\"og:title\" content=\"SOCIOLOGIA: CI\u00caNCIA E REFLEX\u00c3O! - R\u00e1dio Life FM\" \/>\n<meta property=\"og:description\" content=\"&nbsp; \u201cEm grande medida, a fun\u00e7\u00e3o do soci\u00f3logo de nossos dias \u00e9 liberar sua ci\u00eancia do aprisionamento que o poder burgu\u00eas lhe imp\u00f4s e transformar a sociologia em um instrumento de transforma\u00e7\u00e3o social\u201d. (C.B. Martins in \u2018O que \u00e9 Sociologia\u2019, Cole\u00e7\u00e3o Primeiros Passos, C\u00edrculo do Livro, Volume 12, 1994, p\u00e1g. 174.). &nbsp; S\u00e9rgio Barbosa (*)\u00a0 [&hellip;]\" \/>\n<meta property=\"og:url\" content=\"https:\/\/radiolifefm.com.br\/noticias\/sociologia-ciencia-e-reflexao\/\" \/>\n<meta property=\"og:site_name\" content=\"R\u00e1dio Life FM\" \/>\n<meta property=\"article:publisher\" content=\"https:\/\/www.facebook.com\/radiolifefm\/\" \/>\n<meta property=\"article:published_time\" content=\"2022-05-25T11:11:55+00:00\" \/>\n<meta property=\"article:modified_time\" content=\"2026-03-18T19:07:23+00:00\" \/>\n<meta property=\"og:image\" content=\"https:\/\/radiolifefm.com.br\/noticias\/wp-content\/uploads\/2022\/04\/WhatsApp-Image-2022-04-10-at-18.43.02.jpeg\" \/>\n\t<meta property=\"og:image:width\" content=\"972\" \/>\n\t<meta property=\"og:image:height\" content=\"1296\" \/>\n\t<meta property=\"og:image:type\" content=\"image\/jpeg\" \/>\n<meta name=\"author\" content=\"ritanery\" \/>\n<meta name=\"twitter:card\" content=\"summary_large_image\" \/>\n<meta name=\"twitter:label1\" content=\"Escrito por\" \/>\n\t<meta name=\"twitter:data1\" content=\"ritanery\" \/>\n\t<meta name=\"twitter:label2\" content=\"Est. tempo de leitura\" \/>\n\t<meta name=\"twitter:data2\" content=\"3 minutos\" \/>\n<script type=\"application\/ld+json\" class=\"yoast-schema-graph\">{\"@context\":\"https:\/\/schema.org\",\"@graph\":[{\"@type\":\"Article\",\"@id\":\"https:\/\/radiolifefm.com.br\/noticias\/sociologia-ciencia-e-reflexao\/#article\",\"isPartOf\":{\"@id\":\"https:\/\/radiolifefm.com.br\/noticias\/sociologia-ciencia-e-reflexao\/\"},\"author\":{\"name\":\"ritanery\",\"@id\":\"https:\/\/radiolifefm.com.br\/noticias\/#\/schema\/person\/6339b9fac59d12b071dec680d7375d87\"},\"headline\":\"SOCIOLOGIA: CI\u00caNCIA E REFLEX\u00c3O!\",\"datePublished\":\"2022-05-25T11:11:55+00:00\",\"dateModified\":\"2026-03-18T19:07:23+00:00\",\"mainEntityOfPage\":{\"@id\":\"https:\/\/radiolifefm.com.br\/noticias\/sociologia-ciencia-e-reflexao\/\"},\"wordCount\":578,\"publisher\":{\"@id\":\"https:\/\/radiolifefm.com.br\/noticias\/#organization\"},\"image\":{\"@id\":\"https:\/\/radiolifefm.com.br\/noticias\/sociologia-ciencia-e-reflexao\/#primaryimage\"},\"thumbnailUrl\":\"https:\/\/radiolifefm.com.br\/noticias\/wp-content\/uploads\/2022\/04\/WhatsApp-Image-2022-04-10-at-18.43.02.jpeg\",\"articleSection\":[\"Opini\u00e3o\"],\"inLanguage\":\"pt-BR\"},{\"@type\":\"WebPage\",\"@id\":\"https:\/\/radiolifefm.com.br\/noticias\/sociologia-ciencia-e-reflexao\/\",\"url\":\"https:\/\/radiolifefm.com.br\/noticias\/sociologia-ciencia-e-reflexao\/\",\"name\":\"SOCIOLOGIA: CI\u00caNCIA E REFLEX\u00c3O! - R\u00e1dio Life FM\",\"isPartOf\":{\"@id\":\"https:\/\/radiolifefm.com.br\/noticias\/#website\"},\"primaryImageOfPage\":{\"@id\":\"https:\/\/radiolifefm.com.br\/noticias\/sociologia-ciencia-e-reflexao\/#primaryimage\"},\"image\":{\"@id\":\"https:\/\/radiolifefm.com.br\/noticias\/sociologia-ciencia-e-reflexao\/#primaryimage\"},\"thumbnailUrl\":\"https:\/\/radiolifefm.com.br\/noticias\/wp-content\/uploads\/2022\/04\/WhatsApp-Image-2022-04-10-at-18.43.02.jpeg\",\"datePublished\":\"2022-05-25T11:11:55+00:00\",\"dateModified\":\"2026-03-18T19:07:23+00:00\",\"breadcrumb\":{\"@id\":\"https:\/\/radiolifefm.com.br\/noticias\/sociologia-ciencia-e-reflexao\/#breadcrumb\"},\"inLanguage\":\"pt-BR\",\"potentialAction\":[{\"@type\":\"ReadAction\",\"target\":[\"https:\/\/radiolifefm.com.br\/noticias\/sociologia-ciencia-e-reflexao\/\"]}]},{\"@type\":\"ImageObject\",\"inLanguage\":\"pt-BR\",\"@id\":\"https:\/\/radiolifefm.com.br\/noticias\/sociologia-ciencia-e-reflexao\/#primaryimage\",\"url\":\"https:\/\/radiolifefm.com.br\/noticias\/wp-content\/uploads\/2022\/04\/WhatsApp-Image-2022-04-10-at-18.43.02.jpeg\",\"contentUrl\":\"https:\/\/radiolifefm.com.br\/noticias\/wp-content\/uploads\/2022\/04\/WhatsApp-Image-2022-04-10-at-18.43.02.jpeg\",\"width\":972,\"height\":1296,\"caption\":\"S\u00e9rgio Barbosa\"},{\"@type\":\"BreadcrumbList\",\"@id\":\"https:\/\/radiolifefm.com.br\/noticias\/sociologia-ciencia-e-reflexao\/#breadcrumb\",\"itemListElement\":[{\"@type\":\"ListItem\",\"position\":1,\"name\":\"In\u00edcio\",\"item\":\"https:\/\/radiolifefm.com.br\/noticias\/\"},{\"@type\":\"ListItem\",\"position\":2,\"name\":\"SOCIOLOGIA: CI\u00caNCIA E REFLEX\u00c3O!\"}]},{\"@type\":\"WebSite\",\"@id\":\"https:\/\/radiolifefm.com.br\/noticias\/#website\",\"url\":\"https:\/\/radiolifefm.com.br\/noticias\/\",\"name\":\"R\u00e1dio Life FM\",\"description\":\"O Portal de Not\u00edcias de Adamantina\",\"publisher\":{\"@id\":\"https:\/\/radiolifefm.com.br\/noticias\/#organization\"},\"alternateName\":\"Life FM\",\"potentialAction\":[{\"@type\":\"SearchAction\",\"target\":{\"@type\":\"EntryPoint\",\"urlTemplate\":\"https:\/\/radiolifefm.com.br\/noticias\/?s={search_term_string}\"},\"query-input\":{\"@type\":\"PropertyValueSpecification\",\"valueRequired\":true,\"valueName\":\"search_term_string\"}}],\"inLanguage\":\"pt-BR\"},{\"@type\":\"Organization\",\"@id\":\"https:\/\/radiolifefm.com.br\/noticias\/#organization\",\"name\":\"R\u00e1dio Life FM\",\"alternateName\":\"Life FM\",\"url\":\"https:\/\/radiolifefm.com.br\/noticias\/\",\"logo\":{\"@type\":\"ImageObject\",\"inLanguage\":\"pt-BR\",\"@id\":\"https:\/\/radiolifefm.com.br\/noticias\/#\/schema\/logo\/image\/\",\"url\":\"https:\/\/static.radiolifefm.com.br\/noticias\/wp-content\/uploads\/2019\/10\/logo-lifefm.png\",\"contentUrl\":\"https:\/\/static.radiolifefm.com.br\/noticias\/wp-content\/uploads\/2019\/10\/logo-lifefm.png\",\"width\":196,\"height\":47,\"caption\":\"R\u00e1dio Life FM\"},\"image\":{\"@id\":\"https:\/\/radiolifefm.com.br\/noticias\/#\/schema\/logo\/image\/\"},\"sameAs\":[\"https:\/\/www.facebook.com\/radiolifefm\/\",\"https:\/\/www.instagram.com\/life1079fm\/\"]},{\"@type\":\"Person\",\"@id\":\"https:\/\/radiolifefm.com.br\/noticias\/#\/schema\/person\/6339b9fac59d12b071dec680d7375d87\",\"name\":\"ritanery\",\"image\":{\"@type\":\"ImageObject\",\"inLanguage\":\"pt-BR\",\"@id\":\"https:\/\/secure.gravatar.com\/avatar\/0e37bb19071f47c0b8a23f62a903df117c5a0e75f65a0c2901562f97cd41cf86?s=96&d=mm&r=g\",\"url\":\"https:\/\/secure.gravatar.com\/avatar\/0e37bb19071f47c0b8a23f62a903df117c5a0e75f65a0c2901562f97cd41cf86?s=96&d=mm&r=g\",\"contentUrl\":\"https:\/\/secure.gravatar.com\/avatar\/0e37bb19071f47c0b8a23f62a903df117c5a0e75f65a0c2901562f97cd41cf86?s=96&d=mm&r=g\",\"caption\":\"ritanery\"}}]}<\/script>\n<!-- \/ Yoast SEO plugin. -->","yoast_head_json":{"title":"SOCIOLOGIA: CI\u00caNCIA E REFLEX\u00c3O! - R\u00e1dio Life FM","robots":{"index":"index","follow":"follow","max-snippet":"max-snippet:-1","max-image-preview":"max-image-preview:large","max-video-preview":"max-video-preview:-1"},"canonical":"https:\/\/radiolifefm.com.br\/noticias\/sociologia-ciencia-e-reflexao\/","og_locale":"pt_BR","og_type":"article","og_title":"SOCIOLOGIA: CI\u00caNCIA E REFLEX\u00c3O! - R\u00e1dio Life FM","og_description":"&nbsp; \u201cEm grande medida, a fun\u00e7\u00e3o do soci\u00f3logo de nossos dias \u00e9 liberar sua ci\u00eancia do aprisionamento que o poder burgu\u00eas lhe imp\u00f4s e transformar a sociologia em um instrumento de transforma\u00e7\u00e3o social\u201d. (C.B. Martins in \u2018O que \u00e9 Sociologia\u2019, Cole\u00e7\u00e3o Primeiros Passos, C\u00edrculo do Livro, Volume 12, 1994, p\u00e1g. 174.). &nbsp; S\u00e9rgio Barbosa (*)\u00a0 [&hellip;]","og_url":"https:\/\/radiolifefm.com.br\/noticias\/sociologia-ciencia-e-reflexao\/","og_site_name":"R\u00e1dio Life FM","article_publisher":"https:\/\/www.facebook.com\/radiolifefm\/","article_published_time":"2022-05-25T11:11:55+00:00","article_modified_time":"2026-03-18T19:07:23+00:00","og_image":[{"width":972,"height":1296,"url":"https:\/\/radiolifefm.com.br\/noticias\/wp-content\/uploads\/2022\/04\/WhatsApp-Image-2022-04-10-at-18.43.02.jpeg","type":"image\/jpeg"}],"author":"ritanery","twitter_card":"summary_large_image","twitter_misc":{"Escrito por":"ritanery","Est. tempo de leitura":"3 minutos"},"schema":{"@context":"https:\/\/schema.org","@graph":[{"@type":"Article","@id":"https:\/\/radiolifefm.com.br\/noticias\/sociologia-ciencia-e-reflexao\/#article","isPartOf":{"@id":"https:\/\/radiolifefm.com.br\/noticias\/sociologia-ciencia-e-reflexao\/"},"author":{"name":"ritanery","@id":"https:\/\/radiolifefm.com.br\/noticias\/#\/schema\/person\/6339b9fac59d12b071dec680d7375d87"},"headline":"SOCIOLOGIA: CI\u00caNCIA E REFLEX\u00c3O!","datePublished":"2022-05-25T11:11:55+00:00","dateModified":"2026-03-18T19:07:23+00:00","mainEntityOfPage":{"@id":"https:\/\/radiolifefm.com.br\/noticias\/sociologia-ciencia-e-reflexao\/"},"wordCount":578,"publisher":{"@id":"https:\/\/radiolifefm.com.br\/noticias\/#organization"},"image":{"@id":"https:\/\/radiolifefm.com.br\/noticias\/sociologia-ciencia-e-reflexao\/#primaryimage"},"thumbnailUrl":"https:\/\/radiolifefm.com.br\/noticias\/wp-content\/uploads\/2022\/04\/WhatsApp-Image-2022-04-10-at-18.43.02.jpeg","articleSection":["Opini\u00e3o"],"inLanguage":"pt-BR"},{"@type":"WebPage","@id":"https:\/\/radiolifefm.com.br\/noticias\/sociologia-ciencia-e-reflexao\/","url":"https:\/\/radiolifefm.com.br\/noticias\/sociologia-ciencia-e-reflexao\/","name":"SOCIOLOGIA: CI\u00caNCIA E REFLEX\u00c3O! - R\u00e1dio Life FM","isPartOf":{"@id":"https:\/\/radiolifefm.com.br\/noticias\/#website"},"primaryImageOfPage":{"@id":"https:\/\/radiolifefm.com.br\/noticias\/sociologia-ciencia-e-reflexao\/#primaryimage"},"image":{"@id":"https:\/\/radiolifefm.com.br\/noticias\/sociologia-ciencia-e-reflexao\/#primaryimage"},"thumbnailUrl":"https:\/\/radiolifefm.com.br\/noticias\/wp-content\/uploads\/2022\/04\/WhatsApp-Image-2022-04-10-at-18.43.02.jpeg","datePublished":"2022-05-25T11:11:55+00:00","dateModified":"2026-03-18T19:07:23+00:00","breadcrumb":{"@id":"https:\/\/radiolifefm.com.br\/noticias\/sociologia-ciencia-e-reflexao\/#breadcrumb"},"inLanguage":"pt-BR","potentialAction":[{"@type":"ReadAction","target":["https:\/\/radiolifefm.com.br\/noticias\/sociologia-ciencia-e-reflexao\/"]}]},{"@type":"ImageObject","inLanguage":"pt-BR","@id":"https:\/\/radiolifefm.com.br\/noticias\/sociologia-ciencia-e-reflexao\/#primaryimage","url":"https:\/\/radiolifefm.com.br\/noticias\/wp-content\/uploads\/2022\/04\/WhatsApp-Image-2022-04-10-at-18.43.02.jpeg","contentUrl":"https:\/\/radiolifefm.com.br\/noticias\/wp-content\/uploads\/2022\/04\/WhatsApp-Image-2022-04-10-at-18.43.02.jpeg","width":972,"height":1296,"caption":"S\u00e9rgio Barbosa"},{"@type":"BreadcrumbList","@id":"https:\/\/radiolifefm.com.br\/noticias\/sociologia-ciencia-e-reflexao\/#breadcrumb","itemListElement":[{"@type":"ListItem","position":1,"name":"In\u00edcio","item":"https:\/\/radiolifefm.com.br\/noticias\/"},{"@type":"ListItem","position":2,"name":"SOCIOLOGIA: CI\u00caNCIA E REFLEX\u00c3O!"}]},{"@type":"WebSite","@id":"https:\/\/radiolifefm.com.br\/noticias\/#website","url":"https:\/\/radiolifefm.com.br\/noticias\/","name":"R\u00e1dio Life FM","description":"O Portal de Not\u00edcias de Adamantina","publisher":{"@id":"https:\/\/radiolifefm.com.br\/noticias\/#organization"},"alternateName":"Life FM","potentialAction":[{"@type":"SearchAction","target":{"@type":"EntryPoint","urlTemplate":"https:\/\/radiolifefm.com.br\/noticias\/?s={search_term_string}"},"query-input":{"@type":"PropertyValueSpecification","valueRequired":true,"valueName":"search_term_string"}}],"inLanguage":"pt-BR"},{"@type":"Organization","@id":"https:\/\/radiolifefm.com.br\/noticias\/#organization","name":"R\u00e1dio Life FM","alternateName":"Life FM","url":"https:\/\/radiolifefm.com.br\/noticias\/","logo":{"@type":"ImageObject","inLanguage":"pt-BR","@id":"https:\/\/radiolifefm.com.br\/noticias\/#\/schema\/logo\/image\/","url":"https:\/\/static.radiolifefm.com.br\/noticias\/wp-content\/uploads\/2019\/10\/logo-lifefm.png","contentUrl":"https:\/\/static.radiolifefm.com.br\/noticias\/wp-content\/uploads\/2019\/10\/logo-lifefm.png","width":196,"height":47,"caption":"R\u00e1dio Life FM"},"image":{"@id":"https:\/\/radiolifefm.com.br\/noticias\/#\/schema\/logo\/image\/"},"sameAs":["https:\/\/www.facebook.com\/radiolifefm\/","https:\/\/www.instagram.com\/life1079fm\/"]},{"@type":"Person","@id":"https:\/\/radiolifefm.com.br\/noticias\/#\/schema\/person\/6339b9fac59d12b071dec680d7375d87","name":"ritanery","image":{"@type":"ImageObject","inLanguage":"pt-BR","@id":"https:\/\/secure.gravatar.com\/avatar\/0e37bb19071f47c0b8a23f62a903df117c5a0e75f65a0c2901562f97cd41cf86?s=96&d=mm&r=g","url":"https:\/\/secure.gravatar.com\/avatar\/0e37bb19071f47c0b8a23f62a903df117c5a0e75f65a0c2901562f97cd41cf86?s=96&d=mm&r=g","contentUrl":"https:\/\/secure.gravatar.com\/avatar\/0e37bb19071f47c0b8a23f62a903df117c5a0e75f65a0c2901562f97cd41cf86?s=96&d=mm&r=g","caption":"ritanery"}}]}},"amp_enabled":true,"_links":{"self":[{"href":"https:\/\/radiolifefm.com.br\/noticias\/wp-json\/wp\/v2\/posts\/53931","targetHints":{"allow":["GET"]}}],"collection":[{"href":"https:\/\/radiolifefm.com.br\/noticias\/wp-json\/wp\/v2\/posts"}],"about":[{"href":"https:\/\/radiolifefm.com.br\/noticias\/wp-json\/wp\/v2\/types\/post"}],"author":[{"embeddable":true,"href":"https:\/\/radiolifefm.com.br\/noticias\/wp-json\/wp\/v2\/users\/13"}],"replies":[{"embeddable":true,"href":"https:\/\/radiolifefm.com.br\/noticias\/wp-json\/wp\/v2\/comments?post=53931"}],"version-history":[{"count":1,"href":"https:\/\/radiolifefm.com.br\/noticias\/wp-json\/wp\/v2\/posts\/53931\/revisions"}],"predecessor-version":[{"id":53932,"href":"https:\/\/radiolifefm.com.br\/noticias\/wp-json\/wp\/v2\/posts\/53931\/revisions\/53932"}],"wp:featuredmedia":[{"embeddable":true,"href":"https:\/\/radiolifefm.com.br\/noticias\/wp-json\/wp\/v2\/media\/51988"}],"wp:attachment":[{"href":"https:\/\/radiolifefm.com.br\/noticias\/wp-json\/wp\/v2\/media?parent=53931"}],"wp:term":[{"taxonomy":"category","embeddable":true,"href":"https:\/\/radiolifefm.com.br\/noticias\/wp-json\/wp\/v2\/categories?post=53931"},{"taxonomy":"post_tag","embeddable":true,"href":"https:\/\/radiolifefm.com.br\/noticias\/wp-json\/wp\/v2\/tags?post=53931"}],"curies":[{"name":"wp","href":"https:\/\/api.w.org\/{rel}","templated":true}]}}