{"id":53810,"date":"2022-05-21T19:32:31","date_gmt":"2022-05-21T22:32:31","guid":{"rendered":"https:\/\/radiolifefm.com.br\/noticias\/?p=53810"},"modified":"2026-04-27T11:20:47","modified_gmt":"2026-04-27T14:20:47","slug":"maratona-no-turismo","status":"publish","type":"post","link":"https:\/\/radiolifefm.com.br\/noticias\/maratona-no-turismo\/","title":{"rendered":"Maratona no turismo"},"content":{"rendered":"<div id=\"fb-root\"><\/div>\n<p style=\"font-weight: 400\">O desempenho do turismo em Brotas segue em ritmo acelerado e os resultados alcan\u00e7ados no m\u00eas de mar\u00e7o impressionam, com um crescimento de 310% na movimenta\u00e7\u00e3o dos servi\u00e7os. Este patamar, in\u00e9dito no munic\u00edpio, refor\u00e7a a consolida\u00e7\u00e3o de mais um nicho de atua\u00e7\u00e3o na capital nacional do turismo de aventura: os esportes na natureza.<\/p>\n<p style=\"font-weight: 400\">Mar\u00e7o \u00e9 m\u00eas que ocupa o topo do p\u00f3dio quando analisado o desempenho m\u00eas a m\u00eas do mercado, creditado aos eventos de maratonas e desafios que envolvem corrida, ciclismo e nado livre. Brotas tem sido o reduto destas atividades e isso est\u00e1 diretamente ligado \u00e0 promo\u00e7\u00e3o de eventos que atraem p\u00fablicos de diversas localidades, motivados a conhecer as paisagens mais desejadas pelo turista em S\u00e3o Paulo e realizar as provas por terra e \u00e1gua em uma regi\u00e3o de f\u00e1cil acesso da sua localiza\u00e7\u00e3o.<\/p>\n<p style=\"font-weight: 400\">A tradicional realiza\u00e7\u00e3o em mar\u00e7o do trirex, evento de tri\u00e1tlon em Brotas, impulsionou a atividade do setor de servi\u00e7os. Hot\u00e9is com ocupa\u00e7\u00e3o total, restaurantes movimentados e tamb\u00e9m a busca aquecida por atividades em ecoparques e ag\u00eancias de turismo refletiram na arrecada\u00e7\u00e3o do ISS Tur\u00edstico, que totalizou R$ 194 mil \u2013 no mesmo m\u00eas em 2021, o valor registrado foi de R$ 47 mil.<\/p>\n<p style=\"font-weight: 400\">Se considerado o primeiro trimestre, novamente Brotas apresenta o cen\u00e1rio de bons resultados, com um volume 74% superior na movimenta\u00e7\u00e3o do turismo. A considerar o ISS Tur\u00edstico, houve um salto de R$ 383 mil para R$ 667 mil injetados nos cofres p\u00fablicos com o tributo que mensura a atividade do setor no munic\u00edpio.<\/p>\n<p style=\"font-weight: 400\">Fruto muito trabalho e uni\u00e3o, Brotas segue com vantagem no circuito. Tamb\u00e9m tem apresentado alta performance quando o assunto \u00e9 a presen\u00e7a digital. \u00c9 o que mostra recente pesquisa divulgada pela Secretaria de Turismo do Estado de S\u00e3o Paulo, na qual o destino est\u00e1 entre os mais comentados nas redes sociais, ao lado da capital paulista e de Aparecida do Norte, refer\u00eancia mundial do turismo religioso.<\/p>\n<p style=\"font-weight: 400\">Seguimos motivados a contribuir com o sucesso do turismo no estado. A cada indicador que aponta que estamos em ritmo de maratona para alcan\u00e7ar este desempenho recorde, \u00e9 como se Brotas tivesse ganhado mais uma medalha.<\/p>\n<p style=\"font-weight: 400\"><em>*Fabio Pontes \u00e9 secret\u00e1rio de Turismo de Brotas<\/em><\/p>\n<p><img loading=\"lazy\" decoding=\"async\" class=\"alignnone size-medium wp-image-53815\" src=\"https:\/\/static.radiolifefm.com.br\/wp-content\/uploads\/sites\/2\/2022\/05\/Fabio-Pontes-Secretario-de-Turismo-de-Brotas-300x300.jpg\" alt=\"\" width=\"300\" height=\"300\" srcset=\"https:\/\/radiolifefm.com.br\/noticias\/wp-content\/uploads\/2022\/05\/Fabio-Pontes-Secretario-de-Turismo-de-Brotas-300x300.jpg 300w, https:\/\/radiolifefm.com.br\/noticias\/wp-content\/uploads\/2022\/05\/Fabio-Pontes-Secretario-de-Turismo-de-Brotas-150x150.jpg 150w, https:\/\/radiolifefm.com.br\/noticias\/wp-content\/uploads\/2022\/05\/Fabio-Pontes-Secretario-de-Turismo-de-Brotas-200x200.jpg 200w, https:\/\/radiolifefm.com.br\/noticias\/wp-content\/uploads\/2022\/05\/Fabio-Pontes-Secretario-de-Turismo-de-Brotas-250x250.jpg 250w, https:\/\/radiolifefm.com.br\/noticias\/wp-content\/uploads\/2022\/05\/Fabio-Pontes-Secretario-de-Turismo-de-Brotas-500x500.jpg 500w, https:\/\/radiolifefm.com.br\/noticias\/wp-content\/uploads\/2022\/05\/Fabio-Pontes-Secretario-de-Turismo-de-Brotas-700x700.jpg 700w, https:\/\/radiolifefm.com.br\/noticias\/wp-content\/uploads\/2022\/05\/Fabio-Pontes-Secretario-de-Turismo-de-Brotas.jpg 368w\" sizes=\"auto, (max-width: 300px) 100vw, 300px\" \/><\/p>\n<p>&nbsp;<\/p>\n<p>&nbsp;<\/p>\n","protected":false},"excerpt":{"rendered":"<p>O desempenho do turismo em Brotas segue em ritmo acelerado e os resultados alcan\u00e7ados no m\u00eas de mar\u00e7o impressionam, com um crescimento de 310% na movimenta\u00e7\u00e3o dos servi\u00e7os. Este patamar, in\u00e9dito no munic\u00edpio, refor\u00e7a a consolida\u00e7\u00e3o de mais um nicho de atua\u00e7\u00e3o na capital nacional do turismo de aventura: os esportes na natureza. Mar\u00e7o \u00e9 [&hellip;]<\/p>\n","protected":false},"author":8,"featured_media":53813,"comment_status":"closed","ping_status":"open","sticky":false,"template":"","format":"standard","meta":{"_acf_changed":false,"_exactmetrics_skip_tracking":false,"_exactmetrics_sitenote_active":false,"_exactmetrics_sitenote_note":"","_exactmetrics_sitenote_category":0,"footnotes":""},"categories":[59],"tags":[],"class_list":["post-53810","post","type-post","status-publish","format-standard","has-post-thumbnail","hentry","category-opiniao"],"acf":[],"yoast_head":"<!-- This site is optimized with the Yoast SEO plugin v27.2 - https:\/\/yoast.com\/product\/yoast-seo-wordpress\/ -->\n<title>Maratona no turismo - R\u00e1dio Life FM<\/title>\n<meta name=\"robots\" content=\"index, follow, max-snippet:-1, max-image-preview:large, max-video-preview:-1\" \/>\n<link rel=\"canonical\" href=\"https:\/\/radiolifefm.com.br\/noticias\/maratona-no-turismo\/\" \/>\n<meta property=\"og:locale\" content=\"pt_BR\" \/>\n<meta property=\"og:type\" content=\"article\" \/>\n<meta property=\"og:title\" content=\"Maratona no turismo - R\u00e1dio Life FM\" \/>\n<meta property=\"og:description\" content=\"O desempenho do turismo em Brotas segue em ritmo acelerado e os resultados alcan\u00e7ados no m\u00eas de mar\u00e7o impressionam, com um crescimento de 310% na movimenta\u00e7\u00e3o dos servi\u00e7os. Este patamar, in\u00e9dito no munic\u00edpio, refor\u00e7a a consolida\u00e7\u00e3o de mais um nicho de atua\u00e7\u00e3o na capital nacional do turismo de aventura: os esportes na natureza. Mar\u00e7o \u00e9 [&hellip;]\" \/>\n<meta property=\"og:url\" content=\"https:\/\/radiolifefm.com.br\/noticias\/maratona-no-turismo\/\" \/>\n<meta property=\"og:site_name\" content=\"R\u00e1dio Life FM\" \/>\n<meta property=\"article:publisher\" content=\"https:\/\/www.facebook.com\/radiolifefm\/\" \/>\n<meta property=\"article:published_time\" content=\"2022-05-21T22:32:31+00:00\" \/>\n<meta property=\"article:modified_time\" content=\"2026-04-27T14:20:47+00:00\" \/>\n<meta property=\"og:image\" content=\"https:\/\/radiolifefm.com.br\/noticias\/wp-content\/uploads\/2022\/05\/Rio-Jacare-Pepira-Parque-dos-Saltos-Brotas.jpg\" \/>\n\t<meta property=\"og:image:width\" content=\"640\" \/>\n\t<meta property=\"og:image:height\" content=\"439\" \/>\n\t<meta property=\"og:image:type\" content=\"image\/jpeg\" \/>\n<meta name=\"author\" content=\"joaograndao\" \/>\n<meta name=\"twitter:card\" content=\"summary_large_image\" \/>\n<meta name=\"twitter:label1\" content=\"Escrito por\" \/>\n\t<meta name=\"twitter:data1\" content=\"joaograndao\" \/>\n\t<meta name=\"twitter:label2\" content=\"Est. tempo de leitura\" \/>\n\t<meta name=\"twitter:data2\" content=\"3 minutos\" \/>\n<script type=\"application\/ld+json\" class=\"yoast-schema-graph\">{\"@context\":\"https:\/\/schema.org\",\"@graph\":[{\"@type\":\"Article\",\"@id\":\"https:\/\/radiolifefm.com.br\/noticias\/maratona-no-turismo\/#article\",\"isPartOf\":{\"@id\":\"https:\/\/radiolifefm.com.br\/noticias\/maratona-no-turismo\/\"},\"author\":{\"name\":\"joaograndao\",\"@id\":\"https:\/\/radiolifefm.com.br\/noticias\/#\/schema\/person\/6876e1240feffe6e1b63fd5cb85abf28\"},\"headline\":\"Maratona no turismo\",\"datePublished\":\"2022-05-21T22:32:31+00:00\",\"dateModified\":\"2026-04-27T14:20:47+00:00\",\"mainEntityOfPage\":{\"@id\":\"https:\/\/radiolifefm.com.br\/noticias\/maratona-no-turismo\/\"},\"wordCount\":397,\"publisher\":{\"@id\":\"https:\/\/radiolifefm.com.br\/noticias\/#organization\"},\"image\":{\"@id\":\"https:\/\/radiolifefm.com.br\/noticias\/maratona-no-turismo\/#primaryimage\"},\"thumbnailUrl\":\"https:\/\/radiolifefm.com.br\/noticias\/wp-content\/uploads\/2022\/05\/Rio-Jacare-Pepira-Parque-dos-Saltos-Brotas.jpg\",\"articleSection\":[\"Opini\u00e3o\"],\"inLanguage\":\"pt-BR\"},{\"@type\":\"WebPage\",\"@id\":\"https:\/\/radiolifefm.com.br\/noticias\/maratona-no-turismo\/\",\"url\":\"https:\/\/radiolifefm.com.br\/noticias\/maratona-no-turismo\/\",\"name\":\"Maratona no turismo - R\u00e1dio Life FM\",\"isPartOf\":{\"@id\":\"https:\/\/radiolifefm.com.br\/noticias\/#website\"},\"primaryImageOfPage\":{\"@id\":\"https:\/\/radiolifefm.com.br\/noticias\/maratona-no-turismo\/#primaryimage\"},\"image\":{\"@id\":\"https:\/\/radiolifefm.com.br\/noticias\/maratona-no-turismo\/#primaryimage\"},\"thumbnailUrl\":\"https:\/\/radiolifefm.com.br\/noticias\/wp-content\/uploads\/2022\/05\/Rio-Jacare-Pepira-Parque-dos-Saltos-Brotas.jpg\",\"datePublished\":\"2022-05-21T22:32:31+00:00\",\"dateModified\":\"2026-04-27T14:20:47+00:00\",\"breadcrumb\":{\"@id\":\"https:\/\/radiolifefm.com.br\/noticias\/maratona-no-turismo\/#breadcrumb\"},\"inLanguage\":\"pt-BR\",\"potentialAction\":[{\"@type\":\"ReadAction\",\"target\":[\"https:\/\/radiolifefm.com.br\/noticias\/maratona-no-turismo\/\"]}]},{\"@type\":\"ImageObject\",\"inLanguage\":\"pt-BR\",\"@id\":\"https:\/\/radiolifefm.com.br\/noticias\/maratona-no-turismo\/#primaryimage\",\"url\":\"https:\/\/radiolifefm.com.br\/noticias\/wp-content\/uploads\/2022\/05\/Rio-Jacare-Pepira-Parque-dos-Saltos-Brotas.jpg\",\"contentUrl\":\"https:\/\/radiolifefm.com.br\/noticias\/wp-content\/uploads\/2022\/05\/Rio-Jacare-Pepira-Parque-dos-Saltos-Brotas.jpg\",\"width\":640,\"height\":439,\"caption\":\"Rio Jacar\u00e9 pepira, Parque dos Saltos Brotas\"},{\"@type\":\"BreadcrumbList\",\"@id\":\"https:\/\/radiolifefm.com.br\/noticias\/maratona-no-turismo\/#breadcrumb\",\"itemListElement\":[{\"@type\":\"ListItem\",\"position\":1,\"name\":\"In\u00edcio\",\"item\":\"https:\/\/radiolifefm.com.br\/noticias\/\"},{\"@type\":\"ListItem\",\"position\":2,\"name\":\"Maratona no turismo\"}]},{\"@type\":\"WebSite\",\"@id\":\"https:\/\/radiolifefm.com.br\/noticias\/#website\",\"url\":\"https:\/\/radiolifefm.com.br\/noticias\/\",\"name\":\"R\u00e1dio Life FM\",\"description\":\"O Portal de Not\u00edcias de Adamantina\",\"publisher\":{\"@id\":\"https:\/\/radiolifefm.com.br\/noticias\/#organization\"},\"alternateName\":\"Life FM\",\"potentialAction\":[{\"@type\":\"SearchAction\",\"target\":{\"@type\":\"EntryPoint\",\"urlTemplate\":\"https:\/\/radiolifefm.com.br\/noticias\/?s={search_term_string}\"},\"query-input\":{\"@type\":\"PropertyValueSpecification\",\"valueRequired\":true,\"valueName\":\"search_term_string\"}}],\"inLanguage\":\"pt-BR\"},{\"@type\":\"Organization\",\"@id\":\"https:\/\/radiolifefm.com.br\/noticias\/#organization\",\"name\":\"R\u00e1dio Life FM\",\"alternateName\":\"Life FM\",\"url\":\"https:\/\/radiolifefm.com.br\/noticias\/\",\"logo\":{\"@type\":\"ImageObject\",\"inLanguage\":\"pt-BR\",\"@id\":\"https:\/\/radiolifefm.com.br\/noticias\/#\/schema\/logo\/image\/\",\"url\":\"https:\/\/static.radiolifefm.com.br\/noticias\/wp-content\/uploads\/2019\/10\/logo-lifefm.png\",\"contentUrl\":\"https:\/\/static.radiolifefm.com.br\/noticias\/wp-content\/uploads\/2019\/10\/logo-lifefm.png\",\"width\":196,\"height\":47,\"caption\":\"R\u00e1dio Life FM\"},\"image\":{\"@id\":\"https:\/\/radiolifefm.com.br\/noticias\/#\/schema\/logo\/image\/\"},\"sameAs\":[\"https:\/\/www.facebook.com\/radiolifefm\/\",\"https:\/\/www.instagram.com\/life1079fm\/\"]},{\"@type\":\"Person\",\"@id\":\"https:\/\/radiolifefm.com.br\/noticias\/#\/schema\/person\/6876e1240feffe6e1b63fd5cb85abf28\",\"name\":\"joaograndao\",\"image\":{\"@type\":\"ImageObject\",\"inLanguage\":\"pt-BR\",\"@id\":\"https:\/\/secure.gravatar.com\/avatar\/d5b1a3cf357ed9c50404e256a1294083aa8ab5d2a994001567302786016cb32c?s=96&d=mm&r=g\",\"url\":\"https:\/\/secure.gravatar.com\/avatar\/d5b1a3cf357ed9c50404e256a1294083aa8ab5d2a994001567302786016cb32c?s=96&d=mm&r=g\",\"contentUrl\":\"https:\/\/secure.gravatar.com\/avatar\/d5b1a3cf357ed9c50404e256a1294083aa8ab5d2a994001567302786016cb32c?s=96&d=mm&r=g\",\"caption\":\"joaograndao\"}}]}<\/script>\n<!-- \/ Yoast SEO plugin. -->","yoast_head_json":{"title":"Maratona no turismo - R\u00e1dio Life FM","robots":{"index":"index","follow":"follow","max-snippet":"max-snippet:-1","max-image-preview":"max-image-preview:large","max-video-preview":"max-video-preview:-1"},"canonical":"https:\/\/radiolifefm.com.br\/noticias\/maratona-no-turismo\/","og_locale":"pt_BR","og_type":"article","og_title":"Maratona no turismo - R\u00e1dio Life FM","og_description":"O desempenho do turismo em Brotas segue em ritmo acelerado e os resultados alcan\u00e7ados no m\u00eas de mar\u00e7o impressionam, com um crescimento de 310% na movimenta\u00e7\u00e3o dos servi\u00e7os. Este patamar, in\u00e9dito no munic\u00edpio, refor\u00e7a a consolida\u00e7\u00e3o de mais um nicho de atua\u00e7\u00e3o na capital nacional do turismo de aventura: os esportes na natureza. Mar\u00e7o \u00e9 [&hellip;]","og_url":"https:\/\/radiolifefm.com.br\/noticias\/maratona-no-turismo\/","og_site_name":"R\u00e1dio Life FM","article_publisher":"https:\/\/www.facebook.com\/radiolifefm\/","article_published_time":"2022-05-21T22:32:31+00:00","article_modified_time":"2026-04-27T14:20:47+00:00","og_image":[{"width":640,"height":439,"url":"https:\/\/radiolifefm.com.br\/noticias\/wp-content\/uploads\/2022\/05\/Rio-Jacare-Pepira-Parque-dos-Saltos-Brotas.jpg","type":"image\/jpeg"}],"author":"joaograndao","twitter_card":"summary_large_image","twitter_misc":{"Escrito por":"joaograndao","Est. tempo de leitura":"3 minutos"},"schema":{"@context":"https:\/\/schema.org","@graph":[{"@type":"Article","@id":"https:\/\/radiolifefm.com.br\/noticias\/maratona-no-turismo\/#article","isPartOf":{"@id":"https:\/\/radiolifefm.com.br\/noticias\/maratona-no-turismo\/"},"author":{"name":"joaograndao","@id":"https:\/\/radiolifefm.com.br\/noticias\/#\/schema\/person\/6876e1240feffe6e1b63fd5cb85abf28"},"headline":"Maratona no turismo","datePublished":"2022-05-21T22:32:31+00:00","dateModified":"2026-04-27T14:20:47+00:00","mainEntityOfPage":{"@id":"https:\/\/radiolifefm.com.br\/noticias\/maratona-no-turismo\/"},"wordCount":397,"publisher":{"@id":"https:\/\/radiolifefm.com.br\/noticias\/#organization"},"image":{"@id":"https:\/\/radiolifefm.com.br\/noticias\/maratona-no-turismo\/#primaryimage"},"thumbnailUrl":"https:\/\/radiolifefm.com.br\/noticias\/wp-content\/uploads\/2022\/05\/Rio-Jacare-Pepira-Parque-dos-Saltos-Brotas.jpg","articleSection":["Opini\u00e3o"],"inLanguage":"pt-BR"},{"@type":"WebPage","@id":"https:\/\/radiolifefm.com.br\/noticias\/maratona-no-turismo\/","url":"https:\/\/radiolifefm.com.br\/noticias\/maratona-no-turismo\/","name":"Maratona no turismo - R\u00e1dio Life FM","isPartOf":{"@id":"https:\/\/radiolifefm.com.br\/noticias\/#website"},"primaryImageOfPage":{"@id":"https:\/\/radiolifefm.com.br\/noticias\/maratona-no-turismo\/#primaryimage"},"image":{"@id":"https:\/\/radiolifefm.com.br\/noticias\/maratona-no-turismo\/#primaryimage"},"thumbnailUrl":"https:\/\/radiolifefm.com.br\/noticias\/wp-content\/uploads\/2022\/05\/Rio-Jacare-Pepira-Parque-dos-Saltos-Brotas.jpg","datePublished":"2022-05-21T22:32:31+00:00","dateModified":"2026-04-27T14:20:47+00:00","breadcrumb":{"@id":"https:\/\/radiolifefm.com.br\/noticias\/maratona-no-turismo\/#breadcrumb"},"inLanguage":"pt-BR","potentialAction":[{"@type":"ReadAction","target":["https:\/\/radiolifefm.com.br\/noticias\/maratona-no-turismo\/"]}]},{"@type":"ImageObject","inLanguage":"pt-BR","@id":"https:\/\/radiolifefm.com.br\/noticias\/maratona-no-turismo\/#primaryimage","url":"https:\/\/radiolifefm.com.br\/noticias\/wp-content\/uploads\/2022\/05\/Rio-Jacare-Pepira-Parque-dos-Saltos-Brotas.jpg","contentUrl":"https:\/\/radiolifefm.com.br\/noticias\/wp-content\/uploads\/2022\/05\/Rio-Jacare-Pepira-Parque-dos-Saltos-Brotas.jpg","width":640,"height":439,"caption":"Rio Jacar\u00e9 pepira, Parque dos Saltos Brotas"},{"@type":"BreadcrumbList","@id":"https:\/\/radiolifefm.com.br\/noticias\/maratona-no-turismo\/#breadcrumb","itemListElement":[{"@type":"ListItem","position":1,"name":"In\u00edcio","item":"https:\/\/radiolifefm.com.br\/noticias\/"},{"@type":"ListItem","position":2,"name":"Maratona no turismo"}]},{"@type":"WebSite","@id":"https:\/\/radiolifefm.com.br\/noticias\/#website","url":"https:\/\/radiolifefm.com.br\/noticias\/","name":"R\u00e1dio Life FM","description":"O Portal de Not\u00edcias de Adamantina","publisher":{"@id":"https:\/\/radiolifefm.com.br\/noticias\/#organization"},"alternateName":"Life FM","potentialAction":[{"@type":"SearchAction","target":{"@type":"EntryPoint","urlTemplate":"https:\/\/radiolifefm.com.br\/noticias\/?s={search_term_string}"},"query-input":{"@type":"PropertyValueSpecification","valueRequired":true,"valueName":"search_term_string"}}],"inLanguage":"pt-BR"},{"@type":"Organization","@id":"https:\/\/radiolifefm.com.br\/noticias\/#organization","name":"R\u00e1dio Life FM","alternateName":"Life FM","url":"https:\/\/radiolifefm.com.br\/noticias\/","logo":{"@type":"ImageObject","inLanguage":"pt-BR","@id":"https:\/\/radiolifefm.com.br\/noticias\/#\/schema\/logo\/image\/","url":"https:\/\/static.radiolifefm.com.br\/noticias\/wp-content\/uploads\/2019\/10\/logo-lifefm.png","contentUrl":"https:\/\/static.radiolifefm.com.br\/noticias\/wp-content\/uploads\/2019\/10\/logo-lifefm.png","width":196,"height":47,"caption":"R\u00e1dio Life FM"},"image":{"@id":"https:\/\/radiolifefm.com.br\/noticias\/#\/schema\/logo\/image\/"},"sameAs":["https:\/\/www.facebook.com\/radiolifefm\/","https:\/\/www.instagram.com\/life1079fm\/"]},{"@type":"Person","@id":"https:\/\/radiolifefm.com.br\/noticias\/#\/schema\/person\/6876e1240feffe6e1b63fd5cb85abf28","name":"joaograndao","image":{"@type":"ImageObject","inLanguage":"pt-BR","@id":"https:\/\/secure.gravatar.com\/avatar\/d5b1a3cf357ed9c50404e256a1294083aa8ab5d2a994001567302786016cb32c?s=96&d=mm&r=g","url":"https:\/\/secure.gravatar.com\/avatar\/d5b1a3cf357ed9c50404e256a1294083aa8ab5d2a994001567302786016cb32c?s=96&d=mm&r=g","contentUrl":"https:\/\/secure.gravatar.com\/avatar\/d5b1a3cf357ed9c50404e256a1294083aa8ab5d2a994001567302786016cb32c?s=96&d=mm&r=g","caption":"joaograndao"}}]}},"amp_enabled":true,"_links":{"self":[{"href":"https:\/\/radiolifefm.com.br\/noticias\/wp-json\/wp\/v2\/posts\/53810","targetHints":{"allow":["GET"]}}],"collection":[{"href":"https:\/\/radiolifefm.com.br\/noticias\/wp-json\/wp\/v2\/posts"}],"about":[{"href":"https:\/\/radiolifefm.com.br\/noticias\/wp-json\/wp\/v2\/types\/post"}],"author":[{"embeddable":true,"href":"https:\/\/radiolifefm.com.br\/noticias\/wp-json\/wp\/v2\/users\/8"}],"replies":[{"embeddable":true,"href":"https:\/\/radiolifefm.com.br\/noticias\/wp-json\/wp\/v2\/comments?post=53810"}],"version-history":[{"count":8,"href":"https:\/\/radiolifefm.com.br\/noticias\/wp-json\/wp\/v2\/posts\/53810\/revisions"}],"predecessor-version":[{"id":53820,"href":"https:\/\/radiolifefm.com.br\/noticias\/wp-json\/wp\/v2\/posts\/53810\/revisions\/53820"}],"wp:featuredmedia":[{"embeddable":true,"href":"https:\/\/radiolifefm.com.br\/noticias\/wp-json\/wp\/v2\/media\/53813"}],"wp:attachment":[{"href":"https:\/\/radiolifefm.com.br\/noticias\/wp-json\/wp\/v2\/media?parent=53810"}],"wp:term":[{"taxonomy":"category","embeddable":true,"href":"https:\/\/radiolifefm.com.br\/noticias\/wp-json\/wp\/v2\/categories?post=53810"},{"taxonomy":"post_tag","embeddable":true,"href":"https:\/\/radiolifefm.com.br\/noticias\/wp-json\/wp\/v2\/tags?post=53810"}],"curies":[{"name":"wp","href":"https:\/\/api.w.org\/{rel}","templated":true}]}}