{"id":53762,"date":"2022-05-20T19:45:05","date_gmt":"2022-05-20T22:45:05","guid":{"rendered":"https:\/\/radiolifefm.com.br\/noticias\/?p=53762"},"modified":"2026-04-27T09:07:28","modified_gmt":"2026-04-27T12:07:28","slug":"o-supermercado-mituo-presenteia-adamantina-com-2-shows-na-festa-do-peao-em-2022","status":"publish","type":"post","link":"https:\/\/radiolifefm.com.br\/noticias\/o-supermercado-mituo-presenteia-adamantina-com-2-shows-na-festa-do-peao-em-2022\/","title":{"rendered":"O supermercado Mituo presenteia Adamantina com 2 shows na festa do PE\u00c3O em 2022"},"content":{"rendered":"<div id=\"fb-root\"><\/div>\n<p>H\u00e1 mais de 50 anos o supermercado Mituo serve a fam\u00edlia adamantinense.<\/p>\n<p>No anivers\u00e1rio de 73 anos de Adamantina os empres\u00e1rios Carlos Hagui e Anderson Hagui agradecem aos clientes e amigos que acompanharam a evolu\u00e7\u00e3o do supermercado nessas d\u00e9cadas de exist\u00eancia.<\/p>\n<p>\u201cEssa foi a forma de dizer &#8216;muito obrigado&#8217; a todos os clientes e amigos\u201d, destacou Carlinhos Mituo, assim conhecido por todos. \u201cA cada R$70,00 em compras o cliente ganha um ingresso, nas compras acima de R$140,00, ser\u00e3o dois ingressos e se for menos de 70,00 junte os cupons fiscais at\u00e9 somar os R$70,00 e fa\u00e7a a troca direto no supermercado\u201d, informou Anderson, filho de Carlinhos, representante da terceira gera\u00e7\u00e3o na administra\u00e7\u00e3o do supermercado Mituo, que fica na Av. das Rosas, 107, em Adamantina.<\/p>\n<p>A parceria entre o Supermercado Mituo e a Cabeludos Eventos se tornou tradi\u00e7\u00e3o. H\u00e1 anos os empres\u00e1rios s\u00e3o os maiores patrocinadores do evento, garantindo aos clientes do Supermercado uma ampla distribui\u00e7\u00e3o de ingressos.<\/p>\n<p>O Mituo possibilita, assim, divers\u00e3o, entretenimento e economia aos clientes que tem a vantagem de adquirir seus ingressos atrav\u00e9s das compras no supermercado.<\/p>\n<p>O supermercado Mituo est\u00e1 mais amplo e moderno, com ilumina\u00e7\u00e3o diferenciada, novos espa\u00e7os, feirinha com produtos frescos diariamente, amplo a\u00e7ougue, padaria e mais.<\/p>\n<p>Comprar no Supermercado Mituo \u00e9 garantia de economia, qualidade e condi\u00e7\u00f5es de pagamento especiais.<\/p>\n<p>Ap\u00f3s 2 anos sem a festa do pe\u00e3o, a regi\u00e3o espera ansiosa por esse momento da volta dos grandes eventos que movimentam todo o comercio local: hot\u00e9is, bares restaurantes e lojas de roupas, sapatos, cosm\u00e9ticos e muito mais.<\/p>\n<p>Os shows patrocinados pelo supermercado Mituo na festa do pe\u00e3o de Adamantina em 2022 s\u00e3o &#8220;Diego e Vitor Hugo&#8221; (16\/06) e &#8220;L\u00e9o e Rafael&#8221; (18\/06).<\/p>\n<p>&nbsp;<\/p>\n<p>Confira as atra\u00e7\u00f5es da festa do Pe\u00e3o de Adamantina em 2022:<\/p>\n<p>15\/06 &#8211; Pedro Paulo e Alex (entrada franca)<br \/>\n16\/06 &#8211; Diego e Vitor Hugo (a cada 70,00 em compras ganhe ingresso do Mituo)<br \/>\n17\/06 &#8211; Murilo Huff (entrada franca)<br \/>\n18\/06 &#8211; L\u00e9o e Rafael (a cada 70,00 em compras ganhe ingresso do Mituo)<\/p>\n<p><img loading=\"lazy\" decoding=\"async\" class=\"aligncenter wp-image-53775 size-full\" src=\"https:\/\/static.radiolifefm.com.br\/wp-content\/uploads\/sites\/2\/2022\/05\/WhatsApp-Image-2022-05-20-at-20.27.28.jpeg\" alt=\"\" width=\"659\" height=\"660\" srcset=\"https:\/\/radiolifefm.com.br\/noticias\/wp-content\/uploads\/2022\/05\/WhatsApp-Image-2022-05-20-at-20.27.28.jpeg 659w, https:\/\/radiolifefm.com.br\/noticias\/wp-content\/uploads\/2022\/05\/WhatsApp-Image-2022-05-20-at-20.27.28-300x300.jpeg 300w, https:\/\/radiolifefm.com.br\/noticias\/wp-content\/uploads\/2022\/05\/WhatsApp-Image-2022-05-20-at-20.27.28-150x150.jpeg 150w, https:\/\/radiolifefm.com.br\/noticias\/wp-content\/uploads\/2022\/05\/WhatsApp-Image-2022-05-20-at-20.27.28-200x200.jpeg 200w, https:\/\/radiolifefm.com.br\/noticias\/wp-content\/uploads\/2022\/05\/WhatsApp-Image-2022-05-20-at-20.27.28-250x250.jpeg 250w, https:\/\/radiolifefm.com.br\/noticias\/wp-content\/uploads\/2022\/05\/WhatsApp-Image-2022-05-20-at-20.27.28-500x500.jpeg 500w, https:\/\/radiolifefm.com.br\/noticias\/wp-content\/uploads\/2022\/05\/WhatsApp-Image-2022-05-20-at-20.27.28-700x700.jpeg 700w\" sizes=\"auto, (max-width: 659px) 100vw, 659px\" \/><\/p>\n<p>&nbsp;<\/p>\n<p>&nbsp;<\/p>\n<p>&nbsp;<\/p>\n<p>&nbsp;<\/p>\n","protected":false},"excerpt":{"rendered":"<p>H\u00e1 mais de 50 anos o supermercado Mituo serve a fam\u00edlia adamantinense. No anivers\u00e1rio de 73 anos de Adamantina os empres\u00e1rios Carlos Hagui e Anderson Hagui agradecem aos clientes e amigos que acompanharam a evolu\u00e7\u00e3o do supermercado nessas d\u00e9cadas de exist\u00eancia. \u201cEssa foi a forma de dizer &#8216;muito obrigado&#8217; a todos os clientes e amigos\u201d, [&hellip;]<\/p>\n","protected":false},"author":13,"featured_media":53763,"comment_status":"open","ping_status":"open","sticky":false,"template":"","format":"standard","meta":{"_acf_changed":false,"_exactmetrics_skip_tracking":false,"_exactmetrics_sitenote_active":false,"_exactmetrics_sitenote_note":"","_exactmetrics_sitenote_category":0,"footnotes":""},"categories":[21],"tags":[],"class_list":["post-53762","post","type-post","status-publish","format-standard","has-post-thumbnail","hentry","category-adamantina"],"acf":[],"yoast_head":"<!-- This site is optimized with the Yoast SEO plugin v27.2 - https:\/\/yoast.com\/product\/yoast-seo-wordpress\/ -->\n<title>O supermercado Mituo presenteia Adamantina com 2 shows na festa do PE\u00c3O em 2022 - R\u00e1dio Life FM<\/title>\n<meta name=\"robots\" content=\"index, follow, max-snippet:-1, max-image-preview:large, max-video-preview:-1\" \/>\n<link rel=\"canonical\" href=\"https:\/\/radiolifefm.com.br\/noticias\/o-supermercado-mituo-presenteia-adamantina-com-2-shows-na-festa-do-peao-em-2022\/\" \/>\n<meta property=\"og:locale\" content=\"pt_BR\" \/>\n<meta property=\"og:type\" content=\"article\" \/>\n<meta property=\"og:title\" content=\"O supermercado Mituo presenteia Adamantina com 2 shows na festa do PE\u00c3O em 2022 - R\u00e1dio Life FM\" \/>\n<meta property=\"og:description\" content=\"H\u00e1 mais de 50 anos o supermercado Mituo serve a fam\u00edlia adamantinense. No anivers\u00e1rio de 73 anos de Adamantina os empres\u00e1rios Carlos Hagui e Anderson Hagui agradecem aos clientes e amigos que acompanharam a evolu\u00e7\u00e3o do supermercado nessas d\u00e9cadas de exist\u00eancia. \u201cEssa foi a forma de dizer &#8216;muito obrigado&#8217; a todos os clientes e amigos\u201d, [&hellip;]\" \/>\n<meta property=\"og:url\" content=\"https:\/\/radiolifefm.com.br\/noticias\/o-supermercado-mituo-presenteia-adamantina-com-2-shows-na-festa-do-peao-em-2022\/\" \/>\n<meta property=\"og:site_name\" content=\"R\u00e1dio Life FM\" \/>\n<meta property=\"article:publisher\" content=\"https:\/\/www.facebook.com\/radiolifefm\/\" \/>\n<meta property=\"article:published_time\" content=\"2022-05-20T22:45:05+00:00\" \/>\n<meta property=\"article:modified_time\" content=\"2026-04-27T12:07:28+00:00\" \/>\n<meta property=\"og:image\" content=\"https:\/\/radiolifefm.com.br\/noticias\/wp-content\/uploads\/2022\/05\/IMG-20220520-WA0143.jpg\" \/>\n\t<meta property=\"og:image:width\" content=\"1280\" \/>\n\t<meta property=\"og:image:height\" content=\"824\" \/>\n\t<meta property=\"og:image:type\" content=\"image\/jpeg\" \/>\n<meta name=\"author\" content=\"ritanery\" \/>\n<meta name=\"twitter:card\" content=\"summary_large_image\" \/>\n<meta name=\"twitter:label1\" content=\"Escrito por\" \/>\n\t<meta name=\"twitter:data1\" content=\"ritanery\" \/>\n\t<meta name=\"twitter:label2\" content=\"Est. tempo de leitura\" \/>\n\t<meta name=\"twitter:data2\" content=\"3 minutos\" \/>\n<script type=\"application\/ld+json\" class=\"yoast-schema-graph\">{\"@context\":\"https:\/\/schema.org\",\"@graph\":[{\"@type\":\"Article\",\"@id\":\"https:\/\/radiolifefm.com.br\/noticias\/o-supermercado-mituo-presenteia-adamantina-com-2-shows-na-festa-do-peao-em-2022\/#article\",\"isPartOf\":{\"@id\":\"https:\/\/radiolifefm.com.br\/noticias\/o-supermercado-mituo-presenteia-adamantina-com-2-shows-na-festa-do-peao-em-2022\/\"},\"author\":{\"name\":\"ritanery\",\"@id\":\"https:\/\/radiolifefm.com.br\/noticias\/#\/schema\/person\/6339b9fac59d12b071dec680d7375d87\"},\"headline\":\"O supermercado Mituo presenteia Adamantina com 2 shows na festa do PE\u00c3O em 2022\",\"datePublished\":\"2022-05-20T22:45:05+00:00\",\"dateModified\":\"2026-04-27T12:07:28+00:00\",\"mainEntityOfPage\":{\"@id\":\"https:\/\/radiolifefm.com.br\/noticias\/o-supermercado-mituo-presenteia-adamantina-com-2-shows-na-festa-do-peao-em-2022\/\"},\"wordCount\":367,\"commentCount\":0,\"publisher\":{\"@id\":\"https:\/\/radiolifefm.com.br\/noticias\/#organization\"},\"image\":{\"@id\":\"https:\/\/radiolifefm.com.br\/noticias\/o-supermercado-mituo-presenteia-adamantina-com-2-shows-na-festa-do-peao-em-2022\/#primaryimage\"},\"thumbnailUrl\":\"https:\/\/radiolifefm.com.br\/noticias\/wp-content\/uploads\/2022\/05\/IMG-20220520-WA0143.jpg\",\"articleSection\":[\"Adamantina\"],\"inLanguage\":\"pt-BR\",\"potentialAction\":[{\"@type\":\"CommentAction\",\"name\":\"Comment\",\"target\":[\"https:\/\/radiolifefm.com.br\/noticias\/o-supermercado-mituo-presenteia-adamantina-com-2-shows-na-festa-do-peao-em-2022\/#respond\"]}]},{\"@type\":\"WebPage\",\"@id\":\"https:\/\/radiolifefm.com.br\/noticias\/o-supermercado-mituo-presenteia-adamantina-com-2-shows-na-festa-do-peao-em-2022\/\",\"url\":\"https:\/\/radiolifefm.com.br\/noticias\/o-supermercado-mituo-presenteia-adamantina-com-2-shows-na-festa-do-peao-em-2022\/\",\"name\":\"O supermercado Mituo presenteia Adamantina com 2 shows na festa do PE\u00c3O em 2022 - R\u00e1dio Life FM\",\"isPartOf\":{\"@id\":\"https:\/\/radiolifefm.com.br\/noticias\/#website\"},\"primaryImageOfPage\":{\"@id\":\"https:\/\/radiolifefm.com.br\/noticias\/o-supermercado-mituo-presenteia-adamantina-com-2-shows-na-festa-do-peao-em-2022\/#primaryimage\"},\"image\":{\"@id\":\"https:\/\/radiolifefm.com.br\/noticias\/o-supermercado-mituo-presenteia-adamantina-com-2-shows-na-festa-do-peao-em-2022\/#primaryimage\"},\"thumbnailUrl\":\"https:\/\/radiolifefm.com.br\/noticias\/wp-content\/uploads\/2022\/05\/IMG-20220520-WA0143.jpg\",\"datePublished\":\"2022-05-20T22:45:05+00:00\",\"dateModified\":\"2026-04-27T12:07:28+00:00\",\"breadcrumb\":{\"@id\":\"https:\/\/radiolifefm.com.br\/noticias\/o-supermercado-mituo-presenteia-adamantina-com-2-shows-na-festa-do-peao-em-2022\/#breadcrumb\"},\"inLanguage\":\"pt-BR\",\"potentialAction\":[{\"@type\":\"ReadAction\",\"target\":[\"https:\/\/radiolifefm.com.br\/noticias\/o-supermercado-mituo-presenteia-adamantina-com-2-shows-na-festa-do-peao-em-2022\/\"]}]},{\"@type\":\"ImageObject\",\"inLanguage\":\"pt-BR\",\"@id\":\"https:\/\/radiolifefm.com.br\/noticias\/o-supermercado-mituo-presenteia-adamantina-com-2-shows-na-festa-do-peao-em-2022\/#primaryimage\",\"url\":\"https:\/\/radiolifefm.com.br\/noticias\/wp-content\/uploads\/2022\/05\/IMG-20220520-WA0143.jpg\",\"contentUrl\":\"https:\/\/radiolifefm.com.br\/noticias\/wp-content\/uploads\/2022\/05\/IMG-20220520-WA0143.jpg\",\"width\":1280,\"height\":824,\"caption\":\"Carlos Hagui ( Carlinhos Mituo) e filho Anderson Haqui.\"},{\"@type\":\"BreadcrumbList\",\"@id\":\"https:\/\/radiolifefm.com.br\/noticias\/o-supermercado-mituo-presenteia-adamantina-com-2-shows-na-festa-do-peao-em-2022\/#breadcrumb\",\"itemListElement\":[{\"@type\":\"ListItem\",\"position\":1,\"name\":\"In\u00edcio\",\"item\":\"https:\/\/radiolifefm.com.br\/noticias\/\"},{\"@type\":\"ListItem\",\"position\":2,\"name\":\"O supermercado Mituo presenteia Adamantina com 2 shows na festa do PE\u00c3O em 2022\"}]},{\"@type\":\"WebSite\",\"@id\":\"https:\/\/radiolifefm.com.br\/noticias\/#website\",\"url\":\"https:\/\/radiolifefm.com.br\/noticias\/\",\"name\":\"R\u00e1dio Life FM\",\"description\":\"O Portal de Not\u00edcias de Adamantina\",\"publisher\":{\"@id\":\"https:\/\/radiolifefm.com.br\/noticias\/#organization\"},\"alternateName\":\"Life FM\",\"potentialAction\":[{\"@type\":\"SearchAction\",\"target\":{\"@type\":\"EntryPoint\",\"urlTemplate\":\"https:\/\/radiolifefm.com.br\/noticias\/?s={search_term_string}\"},\"query-input\":{\"@type\":\"PropertyValueSpecification\",\"valueRequired\":true,\"valueName\":\"search_term_string\"}}],\"inLanguage\":\"pt-BR\"},{\"@type\":\"Organization\",\"@id\":\"https:\/\/radiolifefm.com.br\/noticias\/#organization\",\"name\":\"R\u00e1dio Life FM\",\"alternateName\":\"Life FM\",\"url\":\"https:\/\/radiolifefm.com.br\/noticias\/\",\"logo\":{\"@type\":\"ImageObject\",\"inLanguage\":\"pt-BR\",\"@id\":\"https:\/\/radiolifefm.com.br\/noticias\/#\/schema\/logo\/image\/\",\"url\":\"https:\/\/static.radiolifefm.com.br\/noticias\/wp-content\/uploads\/2019\/10\/logo-lifefm.png\",\"contentUrl\":\"https:\/\/static.radiolifefm.com.br\/noticias\/wp-content\/uploads\/2019\/10\/logo-lifefm.png\",\"width\":196,\"height\":47,\"caption\":\"R\u00e1dio Life FM\"},\"image\":{\"@id\":\"https:\/\/radiolifefm.com.br\/noticias\/#\/schema\/logo\/image\/\"},\"sameAs\":[\"https:\/\/www.facebook.com\/radiolifefm\/\",\"https:\/\/www.instagram.com\/life1079fm\/\"]},{\"@type\":\"Person\",\"@id\":\"https:\/\/radiolifefm.com.br\/noticias\/#\/schema\/person\/6339b9fac59d12b071dec680d7375d87\",\"name\":\"ritanery\",\"image\":{\"@type\":\"ImageObject\",\"inLanguage\":\"pt-BR\",\"@id\":\"https:\/\/secure.gravatar.com\/avatar\/0e37bb19071f47c0b8a23f62a903df117c5a0e75f65a0c2901562f97cd41cf86?s=96&d=mm&r=g\",\"url\":\"https:\/\/secure.gravatar.com\/avatar\/0e37bb19071f47c0b8a23f62a903df117c5a0e75f65a0c2901562f97cd41cf86?s=96&d=mm&r=g\",\"contentUrl\":\"https:\/\/secure.gravatar.com\/avatar\/0e37bb19071f47c0b8a23f62a903df117c5a0e75f65a0c2901562f97cd41cf86?s=96&d=mm&r=g\",\"caption\":\"ritanery\"}}]}<\/script>\n<!-- \/ Yoast SEO plugin. -->","yoast_head_json":{"title":"O supermercado Mituo presenteia Adamantina com 2 shows na festa do PE\u00c3O em 2022 - R\u00e1dio Life FM","robots":{"index":"index","follow":"follow","max-snippet":"max-snippet:-1","max-image-preview":"max-image-preview:large","max-video-preview":"max-video-preview:-1"},"canonical":"https:\/\/radiolifefm.com.br\/noticias\/o-supermercado-mituo-presenteia-adamantina-com-2-shows-na-festa-do-peao-em-2022\/","og_locale":"pt_BR","og_type":"article","og_title":"O supermercado Mituo presenteia Adamantina com 2 shows na festa do PE\u00c3O em 2022 - R\u00e1dio Life FM","og_description":"H\u00e1 mais de 50 anos o supermercado Mituo serve a fam\u00edlia adamantinense. No anivers\u00e1rio de 73 anos de Adamantina os empres\u00e1rios Carlos Hagui e Anderson Hagui agradecem aos clientes e amigos que acompanharam a evolu\u00e7\u00e3o do supermercado nessas d\u00e9cadas de exist\u00eancia. \u201cEssa foi a forma de dizer &#8216;muito obrigado&#8217; a todos os clientes e amigos\u201d, [&hellip;]","og_url":"https:\/\/radiolifefm.com.br\/noticias\/o-supermercado-mituo-presenteia-adamantina-com-2-shows-na-festa-do-peao-em-2022\/","og_site_name":"R\u00e1dio Life FM","article_publisher":"https:\/\/www.facebook.com\/radiolifefm\/","article_published_time":"2022-05-20T22:45:05+00:00","article_modified_time":"2026-04-27T12:07:28+00:00","og_image":[{"width":1280,"height":824,"url":"https:\/\/radiolifefm.com.br\/noticias\/wp-content\/uploads\/2022\/05\/IMG-20220520-WA0143.jpg","type":"image\/jpeg"}],"author":"ritanery","twitter_card":"summary_large_image","twitter_misc":{"Escrito por":"ritanery","Est. tempo de leitura":"3 minutos"},"schema":{"@context":"https:\/\/schema.org","@graph":[{"@type":"Article","@id":"https:\/\/radiolifefm.com.br\/noticias\/o-supermercado-mituo-presenteia-adamantina-com-2-shows-na-festa-do-peao-em-2022\/#article","isPartOf":{"@id":"https:\/\/radiolifefm.com.br\/noticias\/o-supermercado-mituo-presenteia-adamantina-com-2-shows-na-festa-do-peao-em-2022\/"},"author":{"name":"ritanery","@id":"https:\/\/radiolifefm.com.br\/noticias\/#\/schema\/person\/6339b9fac59d12b071dec680d7375d87"},"headline":"O supermercado Mituo presenteia Adamantina com 2 shows na festa do PE\u00c3O em 2022","datePublished":"2022-05-20T22:45:05+00:00","dateModified":"2026-04-27T12:07:28+00:00","mainEntityOfPage":{"@id":"https:\/\/radiolifefm.com.br\/noticias\/o-supermercado-mituo-presenteia-adamantina-com-2-shows-na-festa-do-peao-em-2022\/"},"wordCount":367,"commentCount":0,"publisher":{"@id":"https:\/\/radiolifefm.com.br\/noticias\/#organization"},"image":{"@id":"https:\/\/radiolifefm.com.br\/noticias\/o-supermercado-mituo-presenteia-adamantina-com-2-shows-na-festa-do-peao-em-2022\/#primaryimage"},"thumbnailUrl":"https:\/\/radiolifefm.com.br\/noticias\/wp-content\/uploads\/2022\/05\/IMG-20220520-WA0143.jpg","articleSection":["Adamantina"],"inLanguage":"pt-BR","potentialAction":[{"@type":"CommentAction","name":"Comment","target":["https:\/\/radiolifefm.com.br\/noticias\/o-supermercado-mituo-presenteia-adamantina-com-2-shows-na-festa-do-peao-em-2022\/#respond"]}]},{"@type":"WebPage","@id":"https:\/\/radiolifefm.com.br\/noticias\/o-supermercado-mituo-presenteia-adamantina-com-2-shows-na-festa-do-peao-em-2022\/","url":"https:\/\/radiolifefm.com.br\/noticias\/o-supermercado-mituo-presenteia-adamantina-com-2-shows-na-festa-do-peao-em-2022\/","name":"O supermercado Mituo presenteia Adamantina com 2 shows na festa do PE\u00c3O em 2022 - R\u00e1dio Life FM","isPartOf":{"@id":"https:\/\/radiolifefm.com.br\/noticias\/#website"},"primaryImageOfPage":{"@id":"https:\/\/radiolifefm.com.br\/noticias\/o-supermercado-mituo-presenteia-adamantina-com-2-shows-na-festa-do-peao-em-2022\/#primaryimage"},"image":{"@id":"https:\/\/radiolifefm.com.br\/noticias\/o-supermercado-mituo-presenteia-adamantina-com-2-shows-na-festa-do-peao-em-2022\/#primaryimage"},"thumbnailUrl":"https:\/\/radiolifefm.com.br\/noticias\/wp-content\/uploads\/2022\/05\/IMG-20220520-WA0143.jpg","datePublished":"2022-05-20T22:45:05+00:00","dateModified":"2026-04-27T12:07:28+00:00","breadcrumb":{"@id":"https:\/\/radiolifefm.com.br\/noticias\/o-supermercado-mituo-presenteia-adamantina-com-2-shows-na-festa-do-peao-em-2022\/#breadcrumb"},"inLanguage":"pt-BR","potentialAction":[{"@type":"ReadAction","target":["https:\/\/radiolifefm.com.br\/noticias\/o-supermercado-mituo-presenteia-adamantina-com-2-shows-na-festa-do-peao-em-2022\/"]}]},{"@type":"ImageObject","inLanguage":"pt-BR","@id":"https:\/\/radiolifefm.com.br\/noticias\/o-supermercado-mituo-presenteia-adamantina-com-2-shows-na-festa-do-peao-em-2022\/#primaryimage","url":"https:\/\/radiolifefm.com.br\/noticias\/wp-content\/uploads\/2022\/05\/IMG-20220520-WA0143.jpg","contentUrl":"https:\/\/radiolifefm.com.br\/noticias\/wp-content\/uploads\/2022\/05\/IMG-20220520-WA0143.jpg","width":1280,"height":824,"caption":"Carlos Hagui ( Carlinhos Mituo) e filho Anderson Haqui."},{"@type":"BreadcrumbList","@id":"https:\/\/radiolifefm.com.br\/noticias\/o-supermercado-mituo-presenteia-adamantina-com-2-shows-na-festa-do-peao-em-2022\/#breadcrumb","itemListElement":[{"@type":"ListItem","position":1,"name":"In\u00edcio","item":"https:\/\/radiolifefm.com.br\/noticias\/"},{"@type":"ListItem","position":2,"name":"O supermercado Mituo presenteia Adamantina com 2 shows na festa do PE\u00c3O em 2022"}]},{"@type":"WebSite","@id":"https:\/\/radiolifefm.com.br\/noticias\/#website","url":"https:\/\/radiolifefm.com.br\/noticias\/","name":"R\u00e1dio Life FM","description":"O Portal de Not\u00edcias de Adamantina","publisher":{"@id":"https:\/\/radiolifefm.com.br\/noticias\/#organization"},"alternateName":"Life FM","potentialAction":[{"@type":"SearchAction","target":{"@type":"EntryPoint","urlTemplate":"https:\/\/radiolifefm.com.br\/noticias\/?s={search_term_string}"},"query-input":{"@type":"PropertyValueSpecification","valueRequired":true,"valueName":"search_term_string"}}],"inLanguage":"pt-BR"},{"@type":"Organization","@id":"https:\/\/radiolifefm.com.br\/noticias\/#organization","name":"R\u00e1dio Life FM","alternateName":"Life FM","url":"https:\/\/radiolifefm.com.br\/noticias\/","logo":{"@type":"ImageObject","inLanguage":"pt-BR","@id":"https:\/\/radiolifefm.com.br\/noticias\/#\/schema\/logo\/image\/","url":"https:\/\/static.radiolifefm.com.br\/noticias\/wp-content\/uploads\/2019\/10\/logo-lifefm.png","contentUrl":"https:\/\/static.radiolifefm.com.br\/noticias\/wp-content\/uploads\/2019\/10\/logo-lifefm.png","width":196,"height":47,"caption":"R\u00e1dio Life FM"},"image":{"@id":"https:\/\/radiolifefm.com.br\/noticias\/#\/schema\/logo\/image\/"},"sameAs":["https:\/\/www.facebook.com\/radiolifefm\/","https:\/\/www.instagram.com\/life1079fm\/"]},{"@type":"Person","@id":"https:\/\/radiolifefm.com.br\/noticias\/#\/schema\/person\/6339b9fac59d12b071dec680d7375d87","name":"ritanery","image":{"@type":"ImageObject","inLanguage":"pt-BR","@id":"https:\/\/secure.gravatar.com\/avatar\/0e37bb19071f47c0b8a23f62a903df117c5a0e75f65a0c2901562f97cd41cf86?s=96&d=mm&r=g","url":"https:\/\/secure.gravatar.com\/avatar\/0e37bb19071f47c0b8a23f62a903df117c5a0e75f65a0c2901562f97cd41cf86?s=96&d=mm&r=g","contentUrl":"https:\/\/secure.gravatar.com\/avatar\/0e37bb19071f47c0b8a23f62a903df117c5a0e75f65a0c2901562f97cd41cf86?s=96&d=mm&r=g","caption":"ritanery"}}]}},"amp_enabled":true,"_links":{"self":[{"href":"https:\/\/radiolifefm.com.br\/noticias\/wp-json\/wp\/v2\/posts\/53762","targetHints":{"allow":["GET"]}}],"collection":[{"href":"https:\/\/radiolifefm.com.br\/noticias\/wp-json\/wp\/v2\/posts"}],"about":[{"href":"https:\/\/radiolifefm.com.br\/noticias\/wp-json\/wp\/v2\/types\/post"}],"author":[{"embeddable":true,"href":"https:\/\/radiolifefm.com.br\/noticias\/wp-json\/wp\/v2\/users\/13"}],"replies":[{"embeddable":true,"href":"https:\/\/radiolifefm.com.br\/noticias\/wp-json\/wp\/v2\/comments?post=53762"}],"version-history":[{"count":7,"href":"https:\/\/radiolifefm.com.br\/noticias\/wp-json\/wp\/v2\/posts\/53762\/revisions"}],"predecessor-version":[{"id":53777,"href":"https:\/\/radiolifefm.com.br\/noticias\/wp-json\/wp\/v2\/posts\/53762\/revisions\/53777"}],"wp:featuredmedia":[{"embeddable":true,"href":"https:\/\/radiolifefm.com.br\/noticias\/wp-json\/wp\/v2\/media\/53763"}],"wp:attachment":[{"href":"https:\/\/radiolifefm.com.br\/noticias\/wp-json\/wp\/v2\/media?parent=53762"}],"wp:term":[{"taxonomy":"category","embeddable":true,"href":"https:\/\/radiolifefm.com.br\/noticias\/wp-json\/wp\/v2\/categories?post=53762"},{"taxonomy":"post_tag","embeddable":true,"href":"https:\/\/radiolifefm.com.br\/noticias\/wp-json\/wp\/v2\/tags?post=53762"}],"curies":[{"name":"wp","href":"https:\/\/api.w.org\/{rel}","templated":true}]}}