{"id":53703,"date":"2022-05-19T21:16:50","date_gmt":"2022-05-20T00:16:50","guid":{"rendered":"https:\/\/radiolifefm.com.br\/noticias\/?p=53703"},"modified":"2026-04-08T12:48:45","modified_gmt":"2026-04-08T15:48:45","slug":"vereador-bigode-da-capoeira-e-transferido-para-o-cdp-de-caiua","status":"publish","type":"post","link":"https:\/\/radiolifefm.com.br\/noticias\/vereador-bigode-da-capoeira-e-transferido-para-o-cdp-de-caiua\/","title":{"rendered":"Vereador Bigode da Capoeira \u00e9 transferido para o CDP de Caiu\u00e1"},"content":{"rendered":"<div id=\"fb-root\"><\/div>\n<div class=\"mc-column content-text active-extra-styles \" data-block-type=\"unstyled\" data-block-weight=\"27\" data-block-id=\"2\">\n<p class=\"content-text__container \" data-track-category=\"Link no Texto\" data-track-links=\"\">O vereador Ant\u00f4nio Le\u00f4ncio da Silva (PODE), de\u00a0Adamantina\u00a0(SP), foi transferido para o Centro de Deten\u00e7\u00e3o Provis\u00f3ria (CDP) de\u00a0Caiu\u00e1\u00a0(SP), na tarde desta quinta-feira (19).<\/p>\n<p data-track-category=\"Link no Texto\" data-track-links=\"\">De acordo com a C\u00e2mara Municipal de Adamantina, nenhuma provid\u00eancia sobre o caso ser\u00e1 tomada pelo Poder Legislativo at\u00e9 a pr\u00f3xima reuni\u00e3o ordin\u00e1ria, marcada para o dia 6 de junho, a partir das 19h.<\/p>\n<\/div>\n<div class=\"wall protected-content\">\n<div class=\"mc-column content-text active-extra-styles \" data-block-type=\"unstyled\" data-block-weight=\"34\" data-block-id=\"3\">\n<p data-track-category=\"Link no Texto\" data-track-links=\"\">Conhecido popularmente como \u201cBigode da Capoeira\u201d, Silva, de 55 anos, foi preso preventivamente na \u00faltima ter\u00e7a-feira (17) pela Pol\u00edcia Civil, em Fl\u00f3rida Paulista (SP). Desde ent\u00e3o, ele estava na Cadeia de Adamantina.<\/p>\n<\/div>\n<div class=\"mc-column content-text active-extra-styles \" data-block-type=\"unstyled\" data-block-weight=\"32\" data-block-id=\"4\">\n<p data-track-category=\"Link no Texto\" data-track-links=\"\">Segundo informa\u00e7\u00f5es da pol\u00edcia, a pris\u00e3o foi cumprida por determina\u00e7\u00e3o da Justi\u00e7a devido ao vereador desrespeitar a medida protetiva expedida pelo Poder Judici\u00e1rio, com base na Lei Maria da Penha, ap\u00f3s den\u00fancia feita por uma mulher.<\/p>\n<\/div>\n<div class=\"mc-column content-text active-extra-styles \" data-block-type=\"unstyled\" data-block-weight=\"36\" data-block-id=\"5\">\n<div class=\"mc-column content-text active-extra-styles \" data-block-type=\"unstyled\" data-block-weight=\"28\" data-block-id=\"9\">\n<p class=\"content-text__container \" data-track-category=\"Link no Texto\" data-track-links=\"\">Ele foi eleito vereador em\u00a0Adamantina, em 2020, por quociente eleitoral, com 490 votos e \u00e9 membro das comiss\u00f5es de Assist\u00eancia Social, Sa\u00fade e Obras do Poder Legislativo.<\/p>\n<p data-track-category=\"Link no Texto\" data-track-links=\"\">O site G1 tentou contato com a defesa do vereador Ant\u00f4nio Le\u00f4ncio da Silva, via telefone e mensagem de texto, mas at\u00e9 o momento desta publica\u00e7\u00e3o n\u00e3o obteve resposta.<\/p>\n<\/div>\n<div class=\"mc-column content-text active-extra-styles \" data-block-type=\"unstyled\" data-block-weight=\"28\" data-block-id=\"10\">\n<p style=\"text-align: right\" data-track-category=\"Link no Texto\" data-track-links=\"\"><em>Fonte: G1 Prudente<\/em><\/p>\n<\/div>\n<\/div>\n<\/div>\n<p><!--more--><\/p>\n<p><!--more--><\/p>\n","protected":false},"excerpt":{"rendered":"<p>O vereador Ant\u00f4nio Le\u00f4ncio da Silva (PODE), de\u00a0Adamantina\u00a0(SP), foi transferido para o Centro de Deten\u00e7\u00e3o Provis\u00f3ria (CDP) de\u00a0Caiu\u00e1\u00a0(SP), na tarde desta quinta-feira (19). De acordo com a C\u00e2mara Municipal de Adamantina, nenhuma provid\u00eancia sobre o caso ser\u00e1 tomada pelo Poder Legislativo at\u00e9 a pr\u00f3xima reuni\u00e3o ordin\u00e1ria, marcada para o dia 6 de junho, a partir [&hellip;]<\/p>\n","protected":false},"author":8,"featured_media":53708,"comment_status":"closed","ping_status":"open","sticky":false,"template":"","format":"standard","meta":{"_acf_changed":false,"_exactmetrics_skip_tracking":false,"_exactmetrics_sitenote_active":false,"_exactmetrics_sitenote_note":"","_exactmetrics_sitenote_category":0,"footnotes":""},"categories":[21],"tags":[],"class_list":["post-53703","post","type-post","status-publish","format-standard","has-post-thumbnail","hentry","category-adamantina"],"acf":[],"yoast_head":"<!-- This site is optimized with the Yoast SEO plugin v27.2 - https:\/\/yoast.com\/product\/yoast-seo-wordpress\/ -->\n<title>Vereador Bigode da Capoeira \u00e9 transferido para o CDP de Caiu\u00e1 - R\u00e1dio Life FM %<\/title>\n<meta name=\"description\" content=\"Poder Legislativo ainda n\u00e3o adotou nenhuma provid\u00eancia sobre a situa\u00e7\u00e3o de Ant\u00f4nio Le\u00f4ncio da Silva (PODE), de 55 anos, conhecido popularmente como &#039;Bigode da Capoeira&#039;.\" \/>\n<meta name=\"robots\" content=\"index, follow, max-snippet:-1, max-image-preview:large, max-video-preview:-1\" \/>\n<link rel=\"canonical\" href=\"https:\/\/radiolifefm.com.br\/noticias\/vereador-bigode-da-capoeira-e-transferido-para-o-cdp-de-caiua\/\" \/>\n<meta property=\"og:locale\" content=\"pt_BR\" \/>\n<meta property=\"og:type\" content=\"article\" \/>\n<meta property=\"og:title\" content=\"Vereador Bigode \u00e9 transferido para o CDP de Caiu\u00e1\" \/>\n<meta property=\"og:description\" content=\"Vereador adamantinense Ant\u00f4nio Le\u00f4ncio da Silva (PODE), foi levado na tarde desta quinta-feira (19) para o CDP de Caiu\u00e1 (SP)\" \/>\n<meta property=\"og:url\" content=\"https:\/\/radiolifefm.com.br\/noticias\/vereador-bigode-da-capoeira-e-transferido-para-o-cdp-de-caiua\/\" \/>\n<meta property=\"og:site_name\" content=\"R\u00e1dio Life FM\" \/>\n<meta property=\"article:publisher\" content=\"https:\/\/www.facebook.com\/radiolifefm\/\" \/>\n<meta property=\"article:published_time\" content=\"2022-05-20T00:16:50+00:00\" \/>\n<meta property=\"article:modified_time\" content=\"2026-04-08T15:48:45+00:00\" \/>\n<meta property=\"og:image\" content=\"https:\/\/radiolifefm.com.br\/noticias\/wp-content\/uploads\/2022\/05\/t272fl6284c803327b9.png\" \/>\n\t<meta property=\"og:image:width\" content=\"1000\" \/>\n\t<meta property=\"og:image:height\" content=\"557\" \/>\n\t<meta property=\"og:image:type\" content=\"image\/png\" \/>\n<meta name=\"author\" content=\"joaograndao\" \/>\n<meta name=\"twitter:card\" content=\"summary_large_image\" \/>\n<meta name=\"twitter:label1\" content=\"Escrito por\" \/>\n\t<meta name=\"twitter:data1\" content=\"joaograndao\" \/>\n\t<meta name=\"twitter:label2\" content=\"Est. tempo de leitura\" \/>\n\t<meta name=\"twitter:data2\" content=\"1 minuto\" \/>\n<script type=\"application\/ld+json\" class=\"yoast-schema-graph\">{\"@context\":\"https:\/\/schema.org\",\"@graph\":[{\"@type\":\"Article\",\"@id\":\"https:\/\/radiolifefm.com.br\/noticias\/vereador-bigode-da-capoeira-e-transferido-para-o-cdp-de-caiua\/#article\",\"isPartOf\":{\"@id\":\"https:\/\/radiolifefm.com.br\/noticias\/vereador-bigode-da-capoeira-e-transferido-para-o-cdp-de-caiua\/\"},\"author\":{\"name\":\"joaograndao\",\"@id\":\"https:\/\/radiolifefm.com.br\/noticias\/#\/schema\/person\/6876e1240feffe6e1b63fd5cb85abf28\"},\"headline\":\"Vereador Bigode da Capoeira \u00e9 transferido para o CDP de Caiu\u00e1\",\"datePublished\":\"2022-05-20T00:16:50+00:00\",\"dateModified\":\"2026-04-08T15:48:45+00:00\",\"mainEntityOfPage\":{\"@id\":\"https:\/\/radiolifefm.com.br\/noticias\/vereador-bigode-da-capoeira-e-transferido-para-o-cdp-de-caiua\/\"},\"wordCount\":220,\"publisher\":{\"@id\":\"https:\/\/radiolifefm.com.br\/noticias\/#organization\"},\"image\":{\"@id\":\"https:\/\/radiolifefm.com.br\/noticias\/vereador-bigode-da-capoeira-e-transferido-para-o-cdp-de-caiua\/#primaryimage\"},\"thumbnailUrl\":\"https:\/\/radiolifefm.com.br\/noticias\/wp-content\/uploads\/2022\/05\/Sem-titulo.png\",\"articleSection\":[\"Adamantina\"],\"inLanguage\":\"pt-BR\"},{\"@type\":\"WebPage\",\"@id\":\"https:\/\/radiolifefm.com.br\/noticias\/vereador-bigode-da-capoeira-e-transferido-para-o-cdp-de-caiua\/\",\"url\":\"https:\/\/radiolifefm.com.br\/noticias\/vereador-bigode-da-capoeira-e-transferido-para-o-cdp-de-caiua\/\",\"name\":\"Vereador Bigode da Capoeira \u00e9 transferido para o CDP de Caiu\u00e1 - R\u00e1dio Life FM %\",\"isPartOf\":{\"@id\":\"https:\/\/radiolifefm.com.br\/noticias\/#website\"},\"primaryImageOfPage\":{\"@id\":\"https:\/\/radiolifefm.com.br\/noticias\/vereador-bigode-da-capoeira-e-transferido-para-o-cdp-de-caiua\/#primaryimage\"},\"image\":{\"@id\":\"https:\/\/radiolifefm.com.br\/noticias\/vereador-bigode-da-capoeira-e-transferido-para-o-cdp-de-caiua\/#primaryimage\"},\"thumbnailUrl\":\"https:\/\/radiolifefm.com.br\/noticias\/wp-content\/uploads\/2022\/05\/Sem-titulo.png\",\"datePublished\":\"2022-05-20T00:16:50+00:00\",\"dateModified\":\"2026-04-08T15:48:45+00:00\",\"description\":\"Poder Legislativo ainda n\u00e3o adotou nenhuma provid\u00eancia sobre a situa\u00e7\u00e3o de Ant\u00f4nio Le\u00f4ncio da Silva (PODE), de 55 anos, conhecido popularmente como 'Bigode da Capoeira'.\",\"breadcrumb\":{\"@id\":\"https:\/\/radiolifefm.com.br\/noticias\/vereador-bigode-da-capoeira-e-transferido-para-o-cdp-de-caiua\/#breadcrumb\"},\"inLanguage\":\"pt-BR\",\"potentialAction\":[{\"@type\":\"ReadAction\",\"target\":[\"https:\/\/radiolifefm.com.br\/noticias\/vereador-bigode-da-capoeira-e-transferido-para-o-cdp-de-caiua\/\"]}]},{\"@type\":\"ImageObject\",\"inLanguage\":\"pt-BR\",\"@id\":\"https:\/\/radiolifefm.com.br\/noticias\/vereador-bigode-da-capoeira-e-transferido-para-o-cdp-de-caiua\/#primaryimage\",\"url\":\"https:\/\/radiolifefm.com.br\/noticias\/wp-content\/uploads\/2022\/05\/Sem-titulo.png\",\"contentUrl\":\"https:\/\/radiolifefm.com.br\/noticias\/wp-content\/uploads\/2022\/05\/Sem-titulo.png\",\"width\":1534,\"height\":837,\"caption\":\"Medida foi obtida pela defesa, na Justi\u00e7a, e garantiu a soltura do vereador adamantinense.\"},{\"@type\":\"BreadcrumbList\",\"@id\":\"https:\/\/radiolifefm.com.br\/noticias\/vereador-bigode-da-capoeira-e-transferido-para-o-cdp-de-caiua\/#breadcrumb\",\"itemListElement\":[{\"@type\":\"ListItem\",\"position\":1,\"name\":\"In\u00edcio\",\"item\":\"https:\/\/radiolifefm.com.br\/noticias\/\"},{\"@type\":\"ListItem\",\"position\":2,\"name\":\"Vereador Bigode da Capoeira \u00e9 transferido para o CDP de Caiu\u00e1\"}]},{\"@type\":\"WebSite\",\"@id\":\"https:\/\/radiolifefm.com.br\/noticias\/#website\",\"url\":\"https:\/\/radiolifefm.com.br\/noticias\/\",\"name\":\"R\u00e1dio Life FM\",\"description\":\"O Portal de Not\u00edcias de Adamantina\",\"publisher\":{\"@id\":\"https:\/\/radiolifefm.com.br\/noticias\/#organization\"},\"alternateName\":\"Life FM\",\"potentialAction\":[{\"@type\":\"SearchAction\",\"target\":{\"@type\":\"EntryPoint\",\"urlTemplate\":\"https:\/\/radiolifefm.com.br\/noticias\/?s={search_term_string}\"},\"query-input\":{\"@type\":\"PropertyValueSpecification\",\"valueRequired\":true,\"valueName\":\"search_term_string\"}}],\"inLanguage\":\"pt-BR\"},{\"@type\":\"Organization\",\"@id\":\"https:\/\/radiolifefm.com.br\/noticias\/#organization\",\"name\":\"R\u00e1dio Life FM\",\"alternateName\":\"Life FM\",\"url\":\"https:\/\/radiolifefm.com.br\/noticias\/\",\"logo\":{\"@type\":\"ImageObject\",\"inLanguage\":\"pt-BR\",\"@id\":\"https:\/\/radiolifefm.com.br\/noticias\/#\/schema\/logo\/image\/\",\"url\":\"https:\/\/static.radiolifefm.com.br\/noticias\/wp-content\/uploads\/2019\/10\/logo-lifefm.png\",\"contentUrl\":\"https:\/\/static.radiolifefm.com.br\/noticias\/wp-content\/uploads\/2019\/10\/logo-lifefm.png\",\"width\":196,\"height\":47,\"caption\":\"R\u00e1dio Life FM\"},\"image\":{\"@id\":\"https:\/\/radiolifefm.com.br\/noticias\/#\/schema\/logo\/image\/\"},\"sameAs\":[\"https:\/\/www.facebook.com\/radiolifefm\/\",\"https:\/\/www.instagram.com\/life1079fm\/\"]},{\"@type\":\"Person\",\"@id\":\"https:\/\/radiolifefm.com.br\/noticias\/#\/schema\/person\/6876e1240feffe6e1b63fd5cb85abf28\",\"name\":\"joaograndao\",\"image\":{\"@type\":\"ImageObject\",\"inLanguage\":\"pt-BR\",\"@id\":\"https:\/\/secure.gravatar.com\/avatar\/d5b1a3cf357ed9c50404e256a1294083aa8ab5d2a994001567302786016cb32c?s=96&d=mm&r=g\",\"url\":\"https:\/\/secure.gravatar.com\/avatar\/d5b1a3cf357ed9c50404e256a1294083aa8ab5d2a994001567302786016cb32c?s=96&d=mm&r=g\",\"contentUrl\":\"https:\/\/secure.gravatar.com\/avatar\/d5b1a3cf357ed9c50404e256a1294083aa8ab5d2a994001567302786016cb32c?s=96&d=mm&r=g\",\"caption\":\"joaograndao\"}}]}<\/script>\n<!-- \/ Yoast SEO plugin. -->","yoast_head_json":{"title":"Vereador Bigode da Capoeira \u00e9 transferido para o CDP de Caiu\u00e1 - R\u00e1dio Life FM %","description":"Poder Legislativo ainda n\u00e3o adotou nenhuma provid\u00eancia sobre a situa\u00e7\u00e3o de Ant\u00f4nio Le\u00f4ncio da Silva (PODE), de 55 anos, conhecido popularmente como 'Bigode da Capoeira'.","robots":{"index":"index","follow":"follow","max-snippet":"max-snippet:-1","max-image-preview":"max-image-preview:large","max-video-preview":"max-video-preview:-1"},"canonical":"https:\/\/radiolifefm.com.br\/noticias\/vereador-bigode-da-capoeira-e-transferido-para-o-cdp-de-caiua\/","og_locale":"pt_BR","og_type":"article","og_title":"Vereador Bigode \u00e9 transferido para o CDP de Caiu\u00e1","og_description":"Vereador adamantinense Ant\u00f4nio Le\u00f4ncio da Silva (PODE), foi levado na tarde desta quinta-feira (19) para o CDP de Caiu\u00e1 (SP)","og_url":"https:\/\/radiolifefm.com.br\/noticias\/vereador-bigode-da-capoeira-e-transferido-para-o-cdp-de-caiua\/","og_site_name":"R\u00e1dio Life FM","article_publisher":"https:\/\/www.facebook.com\/radiolifefm\/","article_published_time":"2022-05-20T00:16:50+00:00","article_modified_time":"2026-04-08T15:48:45+00:00","og_image":[{"width":1000,"height":557,"url":"https:\/\/radiolifefm.com.br\/noticias\/wp-content\/uploads\/2022\/05\/t272fl6284c803327b9.png","type":"image\/png"}],"author":"joaograndao","twitter_card":"summary_large_image","twitter_misc":{"Escrito por":"joaograndao","Est. tempo de leitura":"1 minuto"},"schema":{"@context":"https:\/\/schema.org","@graph":[{"@type":"Article","@id":"https:\/\/radiolifefm.com.br\/noticias\/vereador-bigode-da-capoeira-e-transferido-para-o-cdp-de-caiua\/#article","isPartOf":{"@id":"https:\/\/radiolifefm.com.br\/noticias\/vereador-bigode-da-capoeira-e-transferido-para-o-cdp-de-caiua\/"},"author":{"name":"joaograndao","@id":"https:\/\/radiolifefm.com.br\/noticias\/#\/schema\/person\/6876e1240feffe6e1b63fd5cb85abf28"},"headline":"Vereador Bigode da Capoeira \u00e9 transferido para o CDP de Caiu\u00e1","datePublished":"2022-05-20T00:16:50+00:00","dateModified":"2026-04-08T15:48:45+00:00","mainEntityOfPage":{"@id":"https:\/\/radiolifefm.com.br\/noticias\/vereador-bigode-da-capoeira-e-transferido-para-o-cdp-de-caiua\/"},"wordCount":220,"publisher":{"@id":"https:\/\/radiolifefm.com.br\/noticias\/#organization"},"image":{"@id":"https:\/\/radiolifefm.com.br\/noticias\/vereador-bigode-da-capoeira-e-transferido-para-o-cdp-de-caiua\/#primaryimage"},"thumbnailUrl":"https:\/\/radiolifefm.com.br\/noticias\/wp-content\/uploads\/2022\/05\/Sem-titulo.png","articleSection":["Adamantina"],"inLanguage":"pt-BR"},{"@type":"WebPage","@id":"https:\/\/radiolifefm.com.br\/noticias\/vereador-bigode-da-capoeira-e-transferido-para-o-cdp-de-caiua\/","url":"https:\/\/radiolifefm.com.br\/noticias\/vereador-bigode-da-capoeira-e-transferido-para-o-cdp-de-caiua\/","name":"Vereador Bigode da Capoeira \u00e9 transferido para o CDP de Caiu\u00e1 - R\u00e1dio Life FM %","isPartOf":{"@id":"https:\/\/radiolifefm.com.br\/noticias\/#website"},"primaryImageOfPage":{"@id":"https:\/\/radiolifefm.com.br\/noticias\/vereador-bigode-da-capoeira-e-transferido-para-o-cdp-de-caiua\/#primaryimage"},"image":{"@id":"https:\/\/radiolifefm.com.br\/noticias\/vereador-bigode-da-capoeira-e-transferido-para-o-cdp-de-caiua\/#primaryimage"},"thumbnailUrl":"https:\/\/radiolifefm.com.br\/noticias\/wp-content\/uploads\/2022\/05\/Sem-titulo.png","datePublished":"2022-05-20T00:16:50+00:00","dateModified":"2026-04-08T15:48:45+00:00","description":"Poder Legislativo ainda n\u00e3o adotou nenhuma provid\u00eancia sobre a situa\u00e7\u00e3o de Ant\u00f4nio Le\u00f4ncio da Silva (PODE), de 55 anos, conhecido popularmente como 'Bigode da Capoeira'.","breadcrumb":{"@id":"https:\/\/radiolifefm.com.br\/noticias\/vereador-bigode-da-capoeira-e-transferido-para-o-cdp-de-caiua\/#breadcrumb"},"inLanguage":"pt-BR","potentialAction":[{"@type":"ReadAction","target":["https:\/\/radiolifefm.com.br\/noticias\/vereador-bigode-da-capoeira-e-transferido-para-o-cdp-de-caiua\/"]}]},{"@type":"ImageObject","inLanguage":"pt-BR","@id":"https:\/\/radiolifefm.com.br\/noticias\/vereador-bigode-da-capoeira-e-transferido-para-o-cdp-de-caiua\/#primaryimage","url":"https:\/\/radiolifefm.com.br\/noticias\/wp-content\/uploads\/2022\/05\/Sem-titulo.png","contentUrl":"https:\/\/radiolifefm.com.br\/noticias\/wp-content\/uploads\/2022\/05\/Sem-titulo.png","width":1534,"height":837,"caption":"Medida foi obtida pela defesa, na Justi\u00e7a, e garantiu a soltura do vereador adamantinense."},{"@type":"BreadcrumbList","@id":"https:\/\/radiolifefm.com.br\/noticias\/vereador-bigode-da-capoeira-e-transferido-para-o-cdp-de-caiua\/#breadcrumb","itemListElement":[{"@type":"ListItem","position":1,"name":"In\u00edcio","item":"https:\/\/radiolifefm.com.br\/noticias\/"},{"@type":"ListItem","position":2,"name":"Vereador Bigode da Capoeira \u00e9 transferido para o CDP de Caiu\u00e1"}]},{"@type":"WebSite","@id":"https:\/\/radiolifefm.com.br\/noticias\/#website","url":"https:\/\/radiolifefm.com.br\/noticias\/","name":"R\u00e1dio Life FM","description":"O Portal de Not\u00edcias de Adamantina","publisher":{"@id":"https:\/\/radiolifefm.com.br\/noticias\/#organization"},"alternateName":"Life FM","potentialAction":[{"@type":"SearchAction","target":{"@type":"EntryPoint","urlTemplate":"https:\/\/radiolifefm.com.br\/noticias\/?s={search_term_string}"},"query-input":{"@type":"PropertyValueSpecification","valueRequired":true,"valueName":"search_term_string"}}],"inLanguage":"pt-BR"},{"@type":"Organization","@id":"https:\/\/radiolifefm.com.br\/noticias\/#organization","name":"R\u00e1dio Life FM","alternateName":"Life FM","url":"https:\/\/radiolifefm.com.br\/noticias\/","logo":{"@type":"ImageObject","inLanguage":"pt-BR","@id":"https:\/\/radiolifefm.com.br\/noticias\/#\/schema\/logo\/image\/","url":"https:\/\/static.radiolifefm.com.br\/noticias\/wp-content\/uploads\/2019\/10\/logo-lifefm.png","contentUrl":"https:\/\/static.radiolifefm.com.br\/noticias\/wp-content\/uploads\/2019\/10\/logo-lifefm.png","width":196,"height":47,"caption":"R\u00e1dio Life FM"},"image":{"@id":"https:\/\/radiolifefm.com.br\/noticias\/#\/schema\/logo\/image\/"},"sameAs":["https:\/\/www.facebook.com\/radiolifefm\/","https:\/\/www.instagram.com\/life1079fm\/"]},{"@type":"Person","@id":"https:\/\/radiolifefm.com.br\/noticias\/#\/schema\/person\/6876e1240feffe6e1b63fd5cb85abf28","name":"joaograndao","image":{"@type":"ImageObject","inLanguage":"pt-BR","@id":"https:\/\/secure.gravatar.com\/avatar\/d5b1a3cf357ed9c50404e256a1294083aa8ab5d2a994001567302786016cb32c?s=96&d=mm&r=g","url":"https:\/\/secure.gravatar.com\/avatar\/d5b1a3cf357ed9c50404e256a1294083aa8ab5d2a994001567302786016cb32c?s=96&d=mm&r=g","contentUrl":"https:\/\/secure.gravatar.com\/avatar\/d5b1a3cf357ed9c50404e256a1294083aa8ab5d2a994001567302786016cb32c?s=96&d=mm&r=g","caption":"joaograndao"}}]}},"amp_enabled":true,"_links":{"self":[{"href":"https:\/\/radiolifefm.com.br\/noticias\/wp-json\/wp\/v2\/posts\/53703","targetHints":{"allow":["GET"]}}],"collection":[{"href":"https:\/\/radiolifefm.com.br\/noticias\/wp-json\/wp\/v2\/posts"}],"about":[{"href":"https:\/\/radiolifefm.com.br\/noticias\/wp-json\/wp\/v2\/types\/post"}],"author":[{"embeddable":true,"href":"https:\/\/radiolifefm.com.br\/noticias\/wp-json\/wp\/v2\/users\/8"}],"replies":[{"embeddable":true,"href":"https:\/\/radiolifefm.com.br\/noticias\/wp-json\/wp\/v2\/comments?post=53703"}],"version-history":[{"count":7,"href":"https:\/\/radiolifefm.com.br\/noticias\/wp-json\/wp\/v2\/posts\/53703\/revisions"}],"predecessor-version":[{"id":53713,"href":"https:\/\/radiolifefm.com.br\/noticias\/wp-json\/wp\/v2\/posts\/53703\/revisions\/53713"}],"wp:featuredmedia":[{"embeddable":true,"href":"https:\/\/radiolifefm.com.br\/noticias\/wp-json\/wp\/v2\/media\/53708"}],"wp:attachment":[{"href":"https:\/\/radiolifefm.com.br\/noticias\/wp-json\/wp\/v2\/media?parent=53703"}],"wp:term":[{"taxonomy":"category","embeddable":true,"href":"https:\/\/radiolifefm.com.br\/noticias\/wp-json\/wp\/v2\/categories?post=53703"},{"taxonomy":"post_tag","embeddable":true,"href":"https:\/\/radiolifefm.com.br\/noticias\/wp-json\/wp\/v2\/tags?post=53703"}],"curies":[{"name":"wp","href":"https:\/\/api.w.org\/{rel}","templated":true}]}}